{"id":9916,"date":"2018-12-20T18:12:56","date_gmt":"2018-12-20T20:12:56","guid":{"rendered":"http:\/\/ubanews.com\/site\/?p=9916"},"modified":"2019-02-11T11:16:06","modified_gmt":"2019-02-11T13:16:06","slug":"finalizada-a-operacao-piratas-do-coroado-com-prisao-de-18-pessoas-em-uba-e-regiao","status":"publish","type":"post","link":"https:\/\/ubanews.com\/site\/2018\/12\/20\/finalizada-a-operacao-piratas-do-coroado-com-prisao-de-18-pessoas-em-uba-e-regiao\/","title":{"rendered":"FINALIZADA A OPERA\u00c7\u00c3O \u201cPIRATAS DO COROADO\u201d COM PRIS\u00c3O DE 18 PESSOAS EM UB\u00c1 E REGI\u00c3O"},"content":{"rendered":"<p><a href=\"https:\/\/ubanews.com\/site\/wp-content\/uploads\/2018\/12\/WhatsApp-Image-2018-12-20-at-17.56.40-1.jpg\"><img decoding=\"async\" class=\"alignnone wp-image-9917 size-full lazyload\" data-src=\"https:\/\/ubanews.com\/site\/wp-content\/uploads\/2018\/12\/WhatsApp-Image-2018-12-20-at-17.56.40-1.jpg\" alt=\"\" width=\"800\" height=\"457\" data-srcset=\"https:\/\/ubanews.com\/site\/wp-content\/uploads\/2018\/12\/WhatsApp-Image-2018-12-20-at-17.56.40-1.jpg 800w, https:\/\/ubanews.com\/site\/wp-content\/uploads\/2018\/12\/WhatsApp-Image-2018-12-20-at-17.56.40-1-300x171.jpg 300w, https:\/\/ubanews.com\/site\/wp-content\/uploads\/2018\/12\/WhatsApp-Image-2018-12-20-at-17.56.40-1-768x439.jpg 768w\" data-sizes=\"(max-width: 800px) 100vw, 800px\" src=\"data:image\/svg+xml;base64,PHN2ZyB3aWR0aD0iMSIgaGVpZ2h0PSIxIiB4bWxucz0iaHR0cDovL3d3dy53My5vcmcvMjAwMC9zdmciPjwvc3ZnPg==\" style=\"--smush-placeholder-width: 800px; --smush-placeholder-aspect-ratio: 800\/457;\" \/><\/a> <a href=\"https:\/\/ubanews.com\/site\/wp-content\/uploads\/2018\/12\/WhatsApp-Image-2018-12-20-at-17.56.41.jpg\"><img decoding=\"async\" class=\"alignnone wp-image-9919 size-full lazyload\" data-src=\"https:\/\/ubanews.com\/site\/wp-content\/uploads\/2018\/12\/WhatsApp-Image-2018-12-20-at-17.56.41.jpg\" alt=\"\" width=\"800\" height=\"457\" data-srcset=\"https:\/\/ubanews.com\/site\/wp-content\/uploads\/2018\/12\/WhatsApp-Image-2018-12-20-at-17.56.41.jpg 800w, https:\/\/ubanews.com\/site\/wp-content\/uploads\/2018\/12\/WhatsApp-Image-2018-12-20-at-17.56.41-300x171.jpg 300w, https:\/\/ubanews.com\/site\/wp-content\/uploads\/2018\/12\/WhatsApp-Image-2018-12-20-at-17.56.41-768x439.jpg 768w\" data-sizes=\"(max-width: 800px) 100vw, 800px\" src=\"data:image\/svg+xml;base64,PHN2ZyB3aWR0aD0iMSIgaGVpZ2h0PSIxIiB4bWxucz0iaHR0cDovL3d3dy53My5vcmcvMjAwMC9zdmciPjwvc3ZnPg==\" style=\"--smush-placeholder-width: 800px; --smush-placeholder-aspect-ratio: 800\/457;\" \/><\/a> <a href=\"https:\/\/ubanews.com\/site\/wp-content\/uploads\/2018\/12\/WhatsApp-Image-2018-12-20-at-17.56.42.jpg\"><img decoding=\"async\" class=\"alignnone wp-image-9920 size-full lazyload\" data-src=\"https:\/\/ubanews.com\/site\/wp-content\/uploads\/2018\/12\/WhatsApp-Image-2018-12-20-at-17.56.42.jpg\" alt=\"\" width=\"800\" height=\"457\" data-srcset=\"https:\/\/ubanews.com\/site\/wp-content\/uploads\/2018\/12\/WhatsApp-Image-2018-12-20-at-17.56.42.jpg 800w, https:\/\/ubanews.com\/site\/wp-content\/uploads\/2018\/12\/WhatsApp-Image-2018-12-20-at-17.56.42-300x171.jpg 300w, https:\/\/ubanews.com\/site\/wp-content\/uploads\/2018\/12\/WhatsApp-Image-2018-12-20-at-17.56.42-768x439.jpg 768w\" data-sizes=\"(max-width: 800px) 100vw, 800px\" src=\"data:image\/svg+xml;base64,PHN2ZyB3aWR0aD0iMSIgaGVpZ2h0PSIxIiB4bWxucz0iaHR0cDovL3d3dy53My5vcmcvMjAwMC9zdmciPjwvc3ZnPg==\" style=\"--smush-placeholder-width: 800px; --smush-placeholder-aspect-ratio: 800\/457;\" \/><\/a><\/p>\n<p>Pela madrugada de quinta-feira (20), por volta<!--more--> de 5 horas, a Pol\u00edcia Civil de Minas Gerais, em uma a\u00e7\u00e3o integrada com a Pol\u00edcia Militar, deflagrou a opera\u00e7\u00e3o \u201cPiratas do Coroado\u201d, visando o cumprimento de 33 mandados de busca e apreens\u00e3o em Ub\u00e1, Visconde do Rio Branco, Guidoval, Senador Firmino e Divin\u00e9sia. Al\u00e9m disso, foram cumpridos 11 mandados de pris\u00e3o em desfavor de suspeitos de homic\u00eddio, roubo e tentativa de latroc\u00ednio. Tamb\u00e9m foi cumprido um mandado de interna\u00e7\u00e3o em desfavor de uma jovem de 17 anos por ter cometido ato infracional an\u00e1logo ao crime de roubo. \u201cO nome da opera\u00e7\u00e3o faz alus\u00e3o aos piratas, tendo em vista que s\u00e3o assaltantes, e coroado, por conta da primeira tribo ind\u00edgena de Ub\u00e1\u201d, informou o Delegado Regional de Ub\u00e1 (2\u00aa DRPC), Dr. Di\u00eago Candian Alves.<\/p>\n<p>Conforme informa\u00e7\u00f5es da autoridade policial, a manobra resultou na pris\u00e3o de 18 pessoas, entre elas, por cumprimento dos mandados de pris\u00e3o, cinco suspeitos em flagrante por tr\u00e1fico, um preso por posse ilegal de arma de fogo e outro por recepta\u00e7\u00e3o de ve\u00edculo. Tamb\u00e9m foram apreendidos duas armas de fogo, um coldre de arma de fogo, 150g de coca\u00edna, 62 pinos da mesma droga, 68 buchas de maconha, tr\u00eas grandes tabletes de maconha, duas pedras de crack, uma balan\u00e7a de precis\u00e3o, cerca de R$4 mil, um ve\u00edculo clonado e capacetes, bon\u00e9s e celulares (possivelmente utilizados por suspeitos de roubos na cidade).<\/p>\n<p>A a\u00e7\u00e3o foi deflagrada por 44 policiais civis da 2\u00aa DRPC de Ub\u00e1 e regionadas, com apoio de policiais civis da Delegacia Regional de Vi\u00e7osa, bem como por 82 policiais militares, com apoio do canil da Pol\u00edcia Militar de Juiz de Fora, e do helic\u00f3ptero da PCMG.<\/p>\n<p><iframe data-src=\"https:\/\/www.youtube.com\/embed\/tzr9Bge8qAc\" width=\"560\" height=\"315\" frameborder=\"0\" allowfullscreen=\"allowfullscreen\" src=\"data:image\/svg+xml;base64,PHN2ZyB3aWR0aD0iMSIgaGVpZ2h0PSIxIiB4bWxucz0iaHR0cDovL3d3dy53My5vcmcvMjAwMC9zdmciPjwvc3ZnPg==\" class=\"lazyload\" data-load-mode=\"1\"><\/iframe>&nbsp;<\/p>\n<p>Chefe do 4\u00ba Departamento: Dr\u00aa Patr\u00edcia Ribeiro de Souza Oliveira<br \/>\nDelegado Regional \/ 2\u00aa DRPC UB\u00c1: Dr. Diego Candian Alves<br \/>\nDelegados: Dr. Alexandrino Rosa de Souza, Dr. Bruno Salles Mattos e Dr. Gabriel Hillen Albernaz Andrade<br \/>\nJuiz de Direito: Dr. Nilo Marques<br \/>\nEquipes: 2\u00aa DRPC de Ub\u00e1 e regionadas, policiais civis da Delegacia Regional Vi\u00e7osa e policiais militares<br \/>\nApoio: Aeronave da PCMG e do canil da Pol\u00edcia Militar de Juiz de Fora<\/p>\n","protected":false},"excerpt":{"rendered":"<p>Pela madrugada de quinta-feira (20), por volta<\/p>\n","protected":false},"author":2,"featured_media":9918,"comment_status":"open","ping_status":"open","sticky":false,"template":"","format":"standard","meta":{"footnotes":""},"categories":[1],"tags":[],"class_list":["post-9916","post","type-post","status-publish","format-standard","has-post-thumbnail","hentry","category-sem-categoria"],"yoast_head":"<!-- This site is optimized with the Yoast SEO plugin v27.2 - https:\/\/yoast.com\/product\/yoast-seo-wordpress\/ -->\n<title>FINALIZADA A OPERA\u00c7\u00c3O \u201cPIRATAS DO COROADO\u201d COM PRIS\u00c3O DE 18 PESSOAS EM UB\u00c1 E REGI\u00c3O - Ub\u00e1 News<\/title>\n<meta name=\"robots\" content=\"index, follow, max-snippet:-1, max-image-preview:large, max-video-preview:-1\" \/>\n<link rel=\"canonical\" href=\"https:\/\/ubanews.com\/site\/2018\/12\/20\/finalizada-a-operacao-piratas-do-coroado-com-prisao-de-18-pessoas-em-uba-e-regiao\/\" \/>\n<meta property=\"og:locale\" content=\"pt_BR\" \/>\n<meta property=\"og:type\" content=\"article\" \/>\n<meta property=\"og:title\" content=\"FINALIZADA A OPERA\u00c7\u00c3O \u201cPIRATAS DO COROADO\u201d COM PRIS\u00c3O DE 18 PESSOAS EM UB\u00c1 E REGI\u00c3O - Ub\u00e1 News\" \/>\n<meta property=\"og:description\" content=\"Pela madrugada de quinta-feira (20), por volta\" \/>\n<meta property=\"og:url\" content=\"https:\/\/ubanews.com\/site\/2018\/12\/20\/finalizada-a-operacao-piratas-do-coroado-com-prisao-de-18-pessoas-em-uba-e-regiao\/\" \/>\n<meta property=\"og:site_name\" content=\"Ub\u00e1 News\" \/>\n<meta property=\"article:publisher\" content=\"https:\/\/www.facebook.com\/Ub%c3%a1News-Carlos-Roberto-Sodr%c3%a9-418778301977370\" \/>\n<meta property=\"article:author\" content=\"https:\/\/www.facebook.com\/carosroberto.sodre.5\/\" \/>\n<meta property=\"article:published_time\" content=\"2018-12-20T20:12:56+00:00\" \/>\n<meta property=\"article:modified_time\" content=\"2019-02-11T13:16:06+00:00\" \/>\n<meta property=\"og:image\" content=\"https:\/\/ubanews.com\/site\/wp-content\/uploads\/2018\/12\/WhatsApp-Image-2018-12-20-at-17.56.40-2.jpg\" \/>\n\t<meta property=\"og:image:width\" content=\"800\" \/>\n\t<meta property=\"og:image:height\" content=\"389\" \/>\n\t<meta property=\"og:image:type\" content=\"image\/jpeg\" \/>\n<meta name=\"author\" content=\"Sodr\u00e9\" \/>\n<meta name=\"twitter:card\" content=\"summary_large_image\" \/>\n<meta name=\"twitter:label1\" content=\"Escrito por\" \/>\n\t<meta name=\"twitter:data1\" content=\"Sodr\u00e9\" \/>\n\t<meta name=\"twitter:label2\" content=\"Est. tempo de leitura\" \/>\n\t<meta name=\"twitter:data2\" content=\"2 minutos\" \/>\n<script type=\"application\/ld+json\" class=\"yoast-schema-graph\">{\"@context\":\"https:\/\/schema.org\",\"@graph\":[{\"@type\":\"Article\",\"@id\":\"https:\/\/ubanews.com\/site\/2018\/12\/20\/finalizada-a-operacao-piratas-do-coroado-com-prisao-de-18-pessoas-em-uba-e-regiao\/#article\",\"isPartOf\":{\"@id\":\"https:\/\/ubanews.com\/site\/2018\/12\/20\/finalizada-a-operacao-piratas-do-coroado-com-prisao-de-18-pessoas-em-uba-e-regiao\/\"},\"author\":{\"name\":\"Sodr\u00e9\",\"@id\":\"https:\/\/ubanews.com\/site\/#\/schema\/person\/d90c9e47252fbb63dcc969fe4c8b9d10\"},\"headline\":\"FINALIZADA A OPERA\u00c7\u00c3O \u201cPIRATAS DO COROADO\u201d COM PRIS\u00c3O DE 18 PESSOAS EM UB\u00c1 E REGI\u00c3O\",\"datePublished\":\"2018-12-20T20:12:56+00:00\",\"dateModified\":\"2019-02-11T13:16:06+00:00\",\"mainEntityOfPage\":{\"@id\":\"https:\/\/ubanews.com\/site\/2018\/12\/20\/finalizada-a-operacao-piratas-do-coroado-com-prisao-de-18-pessoas-em-uba-e-regiao\/\"},\"wordCount\":390,\"commentCount\":6,\"publisher\":{\"@id\":\"https:\/\/ubanews.com\/site\/#organization\"},\"image\":{\"@id\":\"https:\/\/ubanews.com\/site\/2018\/12\/20\/finalizada-a-operacao-piratas-do-coroado-com-prisao-de-18-pessoas-em-uba-e-regiao\/#primaryimage\"},\"thumbnailUrl\":\"https:\/\/ubanews.com\/site\/wp-content\/uploads\/2018\/12\/WhatsApp-Image-2018-12-20-at-17.56.40-2.jpg\",\"articleSection\":[\"Geral\"],\"inLanguage\":\"pt-BR\",\"potentialAction\":[{\"@type\":\"CommentAction\",\"name\":\"Comment\",\"target\":[\"https:\/\/ubanews.com\/site\/2018\/12\/20\/finalizada-a-operacao-piratas-do-coroado-com-prisao-de-18-pessoas-em-uba-e-regiao\/#respond\"]}]},{\"@type\":\"WebPage\",\"@id\":\"https:\/\/ubanews.com\/site\/2018\/12\/20\/finalizada-a-operacao-piratas-do-coroado-com-prisao-de-18-pessoas-em-uba-e-regiao\/\",\"url\":\"https:\/\/ubanews.com\/site\/2018\/12\/20\/finalizada-a-operacao-piratas-do-coroado-com-prisao-de-18-pessoas-em-uba-e-regiao\/\",\"name\":\"FINALIZADA A OPERA\u00c7\u00c3O \u201cPIRATAS DO COROADO\u201d COM PRIS\u00c3O DE 18 PESSOAS EM UB\u00c1 E REGI\u00c3O - Ub\u00e1 News\",\"isPartOf\":{\"@id\":\"https:\/\/ubanews.com\/site\/#website\"},\"primaryImageOfPage\":{\"@id\":\"https:\/\/ubanews.com\/site\/2018\/12\/20\/finalizada-a-operacao-piratas-do-coroado-com-prisao-de-18-pessoas-em-uba-e-regiao\/#primaryimage\"},\"image\":{\"@id\":\"https:\/\/ubanews.com\/site\/2018\/12\/20\/finalizada-a-operacao-piratas-do-coroado-com-prisao-de-18-pessoas-em-uba-e-regiao\/#primaryimage\"},\"thumbnailUrl\":\"https:\/\/ubanews.com\/site\/wp-content\/uploads\/2018\/12\/WhatsApp-Image-2018-12-20-at-17.56.40-2.jpg\",\"datePublished\":\"2018-12-20T20:12:56+00:00\",\"dateModified\":\"2019-02-11T13:16:06+00:00\",\"breadcrumb\":{\"@id\":\"https:\/\/ubanews.com\/site\/2018\/12\/20\/finalizada-a-operacao-piratas-do-coroado-com-prisao-de-18-pessoas-em-uba-e-regiao\/#breadcrumb\"},\"inLanguage\":\"pt-BR\",\"potentialAction\":[{\"@type\":\"ReadAction\",\"target\":[\"https:\/\/ubanews.com\/site\/2018\/12\/20\/finalizada-a-operacao-piratas-do-coroado-com-prisao-de-18-pessoas-em-uba-e-regiao\/\"]}]},{\"@type\":\"ImageObject\",\"inLanguage\":\"pt-BR\",\"@id\":\"https:\/\/ubanews.com\/site\/2018\/12\/20\/finalizada-a-operacao-piratas-do-coroado-com-prisao-de-18-pessoas-em-uba-e-regiao\/#primaryimage\",\"url\":\"https:\/\/ubanews.com\/site\/wp-content\/uploads\/2018\/12\/WhatsApp-Image-2018-12-20-at-17.56.40-2.jpg\",\"contentUrl\":\"https:\/\/ubanews.com\/site\/wp-content\/uploads\/2018\/12\/WhatsApp-Image-2018-12-20-at-17.56.40-2.jpg\",\"width\":800,\"height\":389},{\"@type\":\"BreadcrumbList\",\"@id\":\"https:\/\/ubanews.com\/site\/2018\/12\/20\/finalizada-a-operacao-piratas-do-coroado-com-prisao-de-18-pessoas-em-uba-e-regiao\/#breadcrumb\",\"itemListElement\":[{\"@type\":\"ListItem\",\"position\":1,\"name\":\"Home\",\"item\":\"https:\/\/ubanews.com\/site\/\"},{\"@type\":\"ListItem\",\"position\":2,\"name\":\"FINALIZADA A OPERA\u00c7\u00c3O \u201cPIRATAS DO COROADO\u201d COM PRIS\u00c3O DE 18 PESSOAS EM UB\u00c1 E REGI\u00c3O\"}]},{\"@type\":\"WebSite\",\"@id\":\"https:\/\/ubanews.com\/site\/#website\",\"url\":\"https:\/\/ubanews.com\/site\/\",\"name\":\"Ub\u00e1 News\",\"description\":\"\",\"publisher\":{\"@id\":\"https:\/\/ubanews.com\/site\/#organization\"},\"potentialAction\":[{\"@type\":\"SearchAction\",\"target\":{\"@type\":\"EntryPoint\",\"urlTemplate\":\"https:\/\/ubanews.com\/site\/?s={search_term_string}\"},\"query-input\":{\"@type\":\"PropertyValueSpecification\",\"valueRequired\":true,\"valueName\":\"search_term_string\"}}],\"inLanguage\":\"pt-BR\"},{\"@type\":\"Organization\",\"@id\":\"https:\/\/ubanews.com\/site\/#organization\",\"name\":\"Ub\u00e1 News\",\"url\":\"https:\/\/ubanews.com\/site\/\",\"logo\":{\"@type\":\"ImageObject\",\"inLanguage\":\"pt-BR\",\"@id\":\"https:\/\/ubanews.com\/site\/#\/schema\/logo\/image\/\",\"url\":\"https:\/\/ubanews.com\/site\/wp-content\/uploads\/2018\/01\/logoubanews.png\",\"contentUrl\":\"https:\/\/ubanews.com\/site\/wp-content\/uploads\/2018\/01\/logoubanews.png\",\"width\":261,\"height\":99,\"caption\":\"Ub\u00e1 News\"},\"image\":{\"@id\":\"https:\/\/ubanews.com\/site\/#\/schema\/logo\/image\/\"},\"sameAs\":[\"https:\/\/www.facebook.com\/Ub\u00e1News-Carlos-Roberto-Sodr\u00e9-418778301977370\"]},{\"@type\":\"Person\",\"@id\":\"https:\/\/ubanews.com\/site\/#\/schema\/person\/d90c9e47252fbb63dcc969fe4c8b9d10\",\"name\":\"Sodr\u00e9\",\"image\":{\"@type\":\"ImageObject\",\"inLanguage\":\"pt-BR\",\"@id\":\"https:\/\/secure.gravatar.com\/avatar\/5ba2793f0590b9dbfad3fdec4ee714485b3eef211c9b32ee53d414060454a56c?s=96&d=mm&r=g\",\"url\":\"https:\/\/secure.gravatar.com\/avatar\/5ba2793f0590b9dbfad3fdec4ee714485b3eef211c9b32ee53d414060454a56c?s=96&d=mm&r=g\",\"contentUrl\":\"https:\/\/secure.gravatar.com\/avatar\/5ba2793f0590b9dbfad3fdec4ee714485b3eef211c9b32ee53d414060454a56c?s=96&d=mm&r=g\",\"caption\":\"Sodr\u00e9\"},\"sameAs\":[\"https:\/\/www.facebook.com\/carosroberto.sodre.5\/\"],\"url\":\"https:\/\/ubanews.com\/site\/author\/felipe\/\"}]}<\/script>\n<!-- \/ Yoast SEO plugin. -->","yoast_head_json":{"title":"FINALIZADA A OPERA\u00c7\u00c3O \u201cPIRATAS DO COROADO\u201d COM PRIS\u00c3O DE 18 PESSOAS EM UB\u00c1 E REGI\u00c3O - Ub\u00e1 News","robots":{"index":"index","follow":"follow","max-snippet":"max-snippet:-1","max-image-preview":"max-image-preview:large","max-video-preview":"max-video-preview:-1"},"canonical":"https:\/\/ubanews.com\/site\/2018\/12\/20\/finalizada-a-operacao-piratas-do-coroado-com-prisao-de-18-pessoas-em-uba-e-regiao\/","og_locale":"pt_BR","og_type":"article","og_title":"FINALIZADA A OPERA\u00c7\u00c3O \u201cPIRATAS DO COROADO\u201d COM PRIS\u00c3O DE 18 PESSOAS EM UB\u00c1 E REGI\u00c3O - Ub\u00e1 News","og_description":"Pela madrugada de quinta-feira (20), por volta","og_url":"https:\/\/ubanews.com\/site\/2018\/12\/20\/finalizada-a-operacao-piratas-do-coroado-com-prisao-de-18-pessoas-em-uba-e-regiao\/","og_site_name":"Ub\u00e1 News","article_publisher":"https:\/\/www.facebook.com\/Ub%c3%a1News-Carlos-Roberto-Sodr%c3%a9-418778301977370","article_author":"https:\/\/www.facebook.com\/carosroberto.sodre.5\/","article_published_time":"2018-12-20T20:12:56+00:00","article_modified_time":"2019-02-11T13:16:06+00:00","og_image":[{"width":800,"height":389,"url":"https:\/\/ubanews.com\/site\/wp-content\/uploads\/2018\/12\/WhatsApp-Image-2018-12-20-at-17.56.40-2.jpg","type":"image\/jpeg"}],"author":"Sodr\u00e9","twitter_card":"summary_large_image","twitter_misc":{"Escrito por":"Sodr\u00e9","Est. tempo de leitura":"2 minutos"},"schema":{"@context":"https:\/\/schema.org","@graph":[{"@type":"Article","@id":"https:\/\/ubanews.com\/site\/2018\/12\/20\/finalizada-a-operacao-piratas-do-coroado-com-prisao-de-18-pessoas-em-uba-e-regiao\/#article","isPartOf":{"@id":"https:\/\/ubanews.com\/site\/2018\/12\/20\/finalizada-a-operacao-piratas-do-coroado-com-prisao-de-18-pessoas-em-uba-e-regiao\/"},"author":{"name":"Sodr\u00e9","@id":"https:\/\/ubanews.com\/site\/#\/schema\/person\/d90c9e47252fbb63dcc969fe4c8b9d10"},"headline":"FINALIZADA A OPERA\u00c7\u00c3O \u201cPIRATAS DO COROADO\u201d COM PRIS\u00c3O DE 18 PESSOAS EM UB\u00c1 E REGI\u00c3O","datePublished":"2018-12-20T20:12:56+00:00","dateModified":"2019-02-11T13:16:06+00:00","mainEntityOfPage":{"@id":"https:\/\/ubanews.com\/site\/2018\/12\/20\/finalizada-a-operacao-piratas-do-coroado-com-prisao-de-18-pessoas-em-uba-e-regiao\/"},"wordCount":390,"commentCount":6,"publisher":{"@id":"https:\/\/ubanews.com\/site\/#organization"},"image":{"@id":"https:\/\/ubanews.com\/site\/2018\/12\/20\/finalizada-a-operacao-piratas-do-coroado-com-prisao-de-18-pessoas-em-uba-e-regiao\/#primaryimage"},"thumbnailUrl":"https:\/\/ubanews.com\/site\/wp-content\/uploads\/2018\/12\/WhatsApp-Image-2018-12-20-at-17.56.40-2.jpg","articleSection":["Geral"],"inLanguage":"pt-BR","potentialAction":[{"@type":"CommentAction","name":"Comment","target":["https:\/\/ubanews.com\/site\/2018\/12\/20\/finalizada-a-operacao-piratas-do-coroado-com-prisao-de-18-pessoas-em-uba-e-regiao\/#respond"]}]},{"@type":"WebPage","@id":"https:\/\/ubanews.com\/site\/2018\/12\/20\/finalizada-a-operacao-piratas-do-coroado-com-prisao-de-18-pessoas-em-uba-e-regiao\/","url":"https:\/\/ubanews.com\/site\/2018\/12\/20\/finalizada-a-operacao-piratas-do-coroado-com-prisao-de-18-pessoas-em-uba-e-regiao\/","name":"FINALIZADA A OPERA\u00c7\u00c3O \u201cPIRATAS DO COROADO\u201d COM PRIS\u00c3O DE 18 PESSOAS EM UB\u00c1 E REGI\u00c3O - Ub\u00e1 News","isPartOf":{"@id":"https:\/\/ubanews.com\/site\/#website"},"primaryImageOfPage":{"@id":"https:\/\/ubanews.com\/site\/2018\/12\/20\/finalizada-a-operacao-piratas-do-coroado-com-prisao-de-18-pessoas-em-uba-e-regiao\/#primaryimage"},"image":{"@id":"https:\/\/ubanews.com\/site\/2018\/12\/20\/finalizada-a-operacao-piratas-do-coroado-com-prisao-de-18-pessoas-em-uba-e-regiao\/#primaryimage"},"thumbnailUrl":"https:\/\/ubanews.com\/site\/wp-content\/uploads\/2018\/12\/WhatsApp-Image-2018-12-20-at-17.56.40-2.jpg","datePublished":"2018-12-20T20:12:56+00:00","dateModified":"2019-02-11T13:16:06+00:00","breadcrumb":{"@id":"https:\/\/ubanews.com\/site\/2018\/12\/20\/finalizada-a-operacao-piratas-do-coroado-com-prisao-de-18-pessoas-em-uba-e-regiao\/#breadcrumb"},"inLanguage":"pt-BR","potentialAction":[{"@type":"ReadAction","target":["https:\/\/ubanews.com\/site\/2018\/12\/20\/finalizada-a-operacao-piratas-do-coroado-com-prisao-de-18-pessoas-em-uba-e-regiao\/"]}]},{"@type":"ImageObject","inLanguage":"pt-BR","@id":"https:\/\/ubanews.com\/site\/2018\/12\/20\/finalizada-a-operacao-piratas-do-coroado-com-prisao-de-18-pessoas-em-uba-e-regiao\/#primaryimage","url":"https:\/\/ubanews.com\/site\/wp-content\/uploads\/2018\/12\/WhatsApp-Image-2018-12-20-at-17.56.40-2.jpg","contentUrl":"https:\/\/ubanews.com\/site\/wp-content\/uploads\/2018\/12\/WhatsApp-Image-2018-12-20-at-17.56.40-2.jpg","width":800,"height":389},{"@type":"BreadcrumbList","@id":"https:\/\/ubanews.com\/site\/2018\/12\/20\/finalizada-a-operacao-piratas-do-coroado-com-prisao-de-18-pessoas-em-uba-e-regiao\/#breadcrumb","itemListElement":[{"@type":"ListItem","position":1,"name":"Home","item":"https:\/\/ubanews.com\/site\/"},{"@type":"ListItem","position":2,"name":"FINALIZADA A OPERA\u00c7\u00c3O \u201cPIRATAS DO COROADO\u201d COM PRIS\u00c3O DE 18 PESSOAS EM UB\u00c1 E REGI\u00c3O"}]},{"@type":"WebSite","@id":"https:\/\/ubanews.com\/site\/#website","url":"https:\/\/ubanews.com\/site\/","name":"Ub\u00e1 News","description":"","publisher":{"@id":"https:\/\/ubanews.com\/site\/#organization"},"potentialAction":[{"@type":"SearchAction","target":{"@type":"EntryPoint","urlTemplate":"https:\/\/ubanews.com\/site\/?s={search_term_string}"},"query-input":{"@type":"PropertyValueSpecification","valueRequired":true,"valueName":"search_term_string"}}],"inLanguage":"pt-BR"},{"@type":"Organization","@id":"https:\/\/ubanews.com\/site\/#organization","name":"Ub\u00e1 News","url":"https:\/\/ubanews.com\/site\/","logo":{"@type":"ImageObject","inLanguage":"pt-BR","@id":"https:\/\/ubanews.com\/site\/#\/schema\/logo\/image\/","url":"https:\/\/ubanews.com\/site\/wp-content\/uploads\/2018\/01\/logoubanews.png","contentUrl":"https:\/\/ubanews.com\/site\/wp-content\/uploads\/2018\/01\/logoubanews.png","width":261,"height":99,"caption":"Ub\u00e1 News"},"image":{"@id":"https:\/\/ubanews.com\/site\/#\/schema\/logo\/image\/"},"sameAs":["https:\/\/www.facebook.com\/Ub\u00e1News-Carlos-Roberto-Sodr\u00e9-418778301977370"]},{"@type":"Person","@id":"https:\/\/ubanews.com\/site\/#\/schema\/person\/d90c9e47252fbb63dcc969fe4c8b9d10","name":"Sodr\u00e9","image":{"@type":"ImageObject","inLanguage":"pt-BR","@id":"https:\/\/secure.gravatar.com\/avatar\/5ba2793f0590b9dbfad3fdec4ee714485b3eef211c9b32ee53d414060454a56c?s=96&d=mm&r=g","url":"https:\/\/secure.gravatar.com\/avatar\/5ba2793f0590b9dbfad3fdec4ee714485b3eef211c9b32ee53d414060454a56c?s=96&d=mm&r=g","contentUrl":"https:\/\/secure.gravatar.com\/avatar\/5ba2793f0590b9dbfad3fdec4ee714485b3eef211c9b32ee53d414060454a56c?s=96&d=mm&r=g","caption":"Sodr\u00e9"},"sameAs":["https:\/\/www.facebook.com\/carosroberto.sodre.5\/"],"url":"https:\/\/ubanews.com\/site\/author\/felipe\/"}]}},"_links":{"self":[{"href":"https:\/\/ubanews.com\/site\/wp-json\/wp\/v2\/posts\/9916","targetHints":{"allow":["GET"]}}],"collection":[{"href":"https:\/\/ubanews.com\/site\/wp-json\/wp\/v2\/posts"}],"about":[{"href":"https:\/\/ubanews.com\/site\/wp-json\/wp\/v2\/types\/post"}],"author":[{"embeddable":true,"href":"https:\/\/ubanews.com\/site\/wp-json\/wp\/v2\/users\/2"}],"replies":[{"embeddable":true,"href":"https:\/\/ubanews.com\/site\/wp-json\/wp\/v2\/comments?post=9916"}],"version-history":[{"count":0,"href":"https:\/\/ubanews.com\/site\/wp-json\/wp\/v2\/posts\/9916\/revisions"}],"wp:featuredmedia":[{"embeddable":true,"href":"https:\/\/ubanews.com\/site\/wp-json\/wp\/v2\/media\/9918"}],"wp:attachment":[{"href":"https:\/\/ubanews.com\/site\/wp-json\/wp\/v2\/media?parent=9916"}],"wp:term":[{"taxonomy":"category","embeddable":true,"href":"https:\/\/ubanews.com\/site\/wp-json\/wp\/v2\/categories?post=9916"},{"taxonomy":"post_tag","embeddable":true,"href":"https:\/\/ubanews.com\/site\/wp-json\/wp\/v2\/tags?post=9916"}],"curies":[{"name":"wp","href":"https:\/\/api.w.org\/{rel}","templated":true}]}}