{"id":9900,"date":"2018-12-19T18:12:32","date_gmt":"2018-12-19T20:12:32","guid":{"rendered":"http:\/\/ubanews.com\/site\/?p=9900"},"modified":"2019-02-11T11:15:53","modified_gmt":"2019-02-11T13:15:53","slug":"camara-de-tocantins-se-reune-pela-ultima-vez-antes-do-recesso-e-elege-mesa-diretora-para-o-proximo-bienio","status":"publish","type":"post","link":"https:\/\/ubanews.com\/site\/2018\/12\/19\/camara-de-tocantins-se-reune-pela-ultima-vez-antes-do-recesso-e-elege-mesa-diretora-para-o-proximo-bienio\/","title":{"rendered":"C\u00c2MARA DE TOCANTINS SE RE\u00daNE PELA \u00daLTIMA VEZ ANTES DO RECESSO E ELEGE MESA DIRETORA PARA O PR\u00d3XIMO BI\u00caNIO"},"content":{"rendered":"<p>O Poder Legislativo do Munic\u00edpio de Tocantins\/MG<!--more--> realizou a \u00faltima reuni\u00e3o ordin\u00e1ria, nesta ter\u00e7a-feira (18), antes do recesso parlamentar marcado para iniciar logo ap\u00f3s o t\u00e9rmino dessa sess\u00e3o.<br \/>\n\u00c0s 19h e 13min constatamos a chegada do prefeito Ieder Washington de Oliveira (Nem). A presen\u00e7a do mandat\u00e1rio j\u00e1 era esperada. Apesar da grande import\u00e2ncia da reuni\u00e3o do legislativo, o p\u00fablico era apenas razo\u00e1vel, haviam muitas cadeiras vazias.<br \/>\nEm vota\u00e7\u00e3o secreta, duas chapas concorreram \u00e0 elei\u00e7\u00e3o. Uma encabe\u00e7ada pelo vereador Nedson Soares de Souza Lima: \u201cCHAPA UM\u201d, e a outra pelo seu colega Claudiomir do Amaral: \u201cCHAPA DOIS\u201d. Os vereadores: Jo\u00e3o Ara\u00fajo de Andrade e Cleber da Silva Lopes foram designados pelo presidente Rafael Luiz Marques para a apura\u00e7\u00e3o dos votos.<br \/>\nCHAPA UM: \u201cLiberdade de Express\u00e3o\u201d, obtendo cinco votos!<br \/>\nCHAPA DOIS: \u201cSempre Juntos Com Humildade\u201d, obteve seis votos! A chapa vencedora para o bi\u00eanio 2019\/2020, obteve o apoio, durante a campanha, do atual presidente Rafael Luiz Marques.<br \/>\nNova mesa diretora ficou assim formada:<br \/>\nClaudiomir do Amaral, Presidente;<br \/>\n\u00c2ngelo Rodrigues Vicente, Vice-presidente;<br \/>\nRafael Luiz Marques, Primeiro Secret\u00e1rio;<br \/>\nCleber da Silva Lopes, Segundo Secret\u00e1rio;<br \/>\nNa fala do presidente eleito, Claudiomir do Amaral, ele deixou a entender que os vereadores Jo\u00e3o Ara\u00fajo de Andrade; Washington Luiz Nunes Apolin\u00e1rio; Adriano Alo\u00edsio Amaro; Ronaldo da Silva e Nedson Soares de Souza Lima foram os que votaram na Chapa Um. O novo mandat\u00e1rio do Poder Legislativo do Munic\u00edpio de Tocantins disse que quer contar com o apoio de todos os vereadores, inclusive os vereadores de oposi\u00e7\u00e3o.<br \/>\nNo final, o prefeito Ieder Washington de Oliveira (Nem) fez o uso da palavra, demonstrando todo apoio ao legislativo e principalmente \u00e0 Nova Mesa Diretora para o bi\u00eanio 2019\/2020. Tudo ocorreu de maneira tranquila, para o bem da democracia!!! O recesso parlamentar inicia a partir do dia 22 de dezembro, retornando \u00e0s atividades no dia 05 de fevereiro de 2019.<br \/>\nVereadores:<br \/>\nNedson Soares de Souza lima;<br \/>\nRonaldo da Silva;<br \/>\nEvani Tavares;<br \/>\n\u00c2ngelo Rodrigues Vicente;<br \/>\nClaudiomir do Amaral;<br \/>\nRafael Luiz Marques;<br \/>\nCleber da Silva Lopes;<br \/>\nJos\u00e9 Ant\u00f4nio Rocha;<br \/>\nAdriano Alo\u00edsio Amaro;<br \/>\nWashington Luiz Nunes Apolin\u00e1rio;<br \/>\nJo\u00e3o Ara\u00fajo de Andrade;<br \/>\nO Portal de Not\u00edcias Ub\u00e1 News acompanhou toda a movimenta\u00e7\u00e3o do Poder Legislativo de Tocantins!<\/p>\n<p><iframe data-src=\"https:\/\/www.youtube.com\/embed\/kv1M2T7XIdE\" width=\"560\" height=\"315\" frameborder=\"0\" allowfullscreen=\"allowfullscreen\" src=\"data:image\/svg+xml;base64,PHN2ZyB3aWR0aD0iMSIgaGVpZ2h0PSIxIiB4bWxucz0iaHR0cDovL3d3dy53My5vcmcvMjAwMC9zdmciPjwvc3ZnPg==\" class=\"lazyload\" data-load-mode=\"1\"><\/iframe><br \/>\n<iframe data-src=\"https:\/\/www.youtube.com\/embed\/TTOiIOTELno\" width=\"560\" height=\"315\" frameborder=\"0\" allowfullscreen=\"allowfullscreen\" src=\"data:image\/svg+xml;base64,PHN2ZyB3aWR0aD0iMSIgaGVpZ2h0PSIxIiB4bWxucz0iaHR0cDovL3d3dy53My5vcmcvMjAwMC9zdmciPjwvc3ZnPg==\" class=\"lazyload\" data-load-mode=\"1\"><\/iframe><br \/>\n<iframe data-src=\"https:\/\/www.youtube.com\/embed\/FPzk9pYd3yM\" width=\"560\" height=\"315\" frameborder=\"0\" allowfullscreen=\"allowfullscreen\" src=\"data:image\/svg+xml;base64,PHN2ZyB3aWR0aD0iMSIgaGVpZ2h0PSIxIiB4bWxucz0iaHR0cDovL3d3dy53My5vcmcvMjAwMC9zdmciPjwvc3ZnPg==\" class=\"lazyload\" data-load-mode=\"1\"><\/iframe><br \/>\n<iframe data-src=\"https:\/\/www.youtube.com\/embed\/izLBai7qCQU\" width=\"560\" height=\"315\" frameborder=\"0\" allowfullscreen=\"allowfullscreen\" src=\"data:image\/svg+xml;base64,PHN2ZyB3aWR0aD0iMSIgaGVpZ2h0PSIxIiB4bWxucz0iaHR0cDovL3d3dy53My5vcmcvMjAwMC9zdmciPjwvc3ZnPg==\" class=\"lazyload\" data-load-mode=\"1\"><\/iframe><br \/>\n<iframe data-src=\"https:\/\/www.youtube.com\/embed\/6u7ZOyHqlZY\" width=\"560\" height=\"315\" frameborder=\"0\" allowfullscreen=\"allowfullscreen\" src=\"data:image\/svg+xml;base64,PHN2ZyB3aWR0aD0iMSIgaGVpZ2h0PSIxIiB4bWxucz0iaHR0cDovL3d3dy53My5vcmcvMjAwMC9zdmciPjwvc3ZnPg==\" class=\"lazyload\" data-load-mode=\"1\"><\/iframe><br \/>\n&nbsp;<\/p>\n","protected":false},"excerpt":{"rendered":"<p>O Poder Legislativo do Munic\u00edpio de Tocantins\/MG<\/p>\n","protected":false},"author":2,"featured_media":9901,"comment_status":"open","ping_status":"open","sticky":false,"template":"","format":"standard","meta":{"footnotes":""},"categories":[16,1],"tags":[],"class_list":["post-9900","post","type-post","status-publish","format-standard","has-post-thumbnail","hentry","category-camara-municipal","category-sem-categoria"],"yoast_head":"<!-- This site is optimized with the Yoast SEO plugin v27.2 - https:\/\/yoast.com\/product\/yoast-seo-wordpress\/ -->\n<title>C\u00c2MARA DE TOCANTINS SE RE\u00daNE PELA \u00daLTIMA VEZ ANTES DO RECESSO E ELEGE MESA DIRETORA PARA O PR\u00d3XIMO BI\u00caNIO - Ub\u00e1 News<\/title>\n<meta name=\"robots\" content=\"index, follow, max-snippet:-1, max-image-preview:large, max-video-preview:-1\" \/>\n<link rel=\"canonical\" href=\"https:\/\/ubanews.com\/site\/2018\/12\/19\/camara-de-tocantins-se-reune-pela-ultima-vez-antes-do-recesso-e-elege-mesa-diretora-para-o-proximo-bienio\/\" \/>\n<meta property=\"og:locale\" content=\"pt_BR\" \/>\n<meta property=\"og:type\" content=\"article\" \/>\n<meta property=\"og:title\" content=\"C\u00c2MARA DE TOCANTINS SE RE\u00daNE PELA \u00daLTIMA VEZ ANTES DO RECESSO E ELEGE MESA DIRETORA PARA O PR\u00d3XIMO BI\u00caNIO - Ub\u00e1 News\" \/>\n<meta property=\"og:description\" content=\"O Poder Legislativo do Munic\u00edpio de Tocantins\/MG\" \/>\n<meta property=\"og:url\" content=\"https:\/\/ubanews.com\/site\/2018\/12\/19\/camara-de-tocantins-se-reune-pela-ultima-vez-antes-do-recesso-e-elege-mesa-diretora-para-o-proximo-bienio\/\" \/>\n<meta property=\"og:site_name\" content=\"Ub\u00e1 News\" \/>\n<meta property=\"article:publisher\" content=\"https:\/\/www.facebook.com\/Ub%c3%a1News-Carlos-Roberto-Sodr%c3%a9-418778301977370\" \/>\n<meta property=\"article:author\" content=\"https:\/\/www.facebook.com\/carosroberto.sodre.5\/\" \/>\n<meta property=\"article:published_time\" content=\"2018-12-19T20:12:32+00:00\" \/>\n<meta property=\"article:modified_time\" content=\"2019-02-11T13:15:53+00:00\" \/>\n<meta property=\"og:image\" content=\"https:\/\/ubanews.com\/site\/wp-content\/uploads\/2018\/12\/20181218_195944.jpg\" \/>\n\t<meta property=\"og:image:width\" content=\"800\" \/>\n\t<meta property=\"og:image:height\" content=\"389\" \/>\n\t<meta property=\"og:image:type\" content=\"image\/jpeg\" \/>\n<meta name=\"author\" content=\"Sodr\u00e9\" \/>\n<meta name=\"twitter:card\" content=\"summary_large_image\" \/>\n<meta name=\"twitter:label1\" content=\"Escrito por\" \/>\n\t<meta name=\"twitter:data1\" content=\"Sodr\u00e9\" \/>\n\t<meta name=\"twitter:label2\" content=\"Est. tempo de leitura\" \/>\n\t<meta name=\"twitter:data2\" content=\"2 minutos\" \/>\n<script type=\"application\/ld+json\" class=\"yoast-schema-graph\">{\"@context\":\"https:\/\/schema.org\",\"@graph\":[{\"@type\":\"Article\",\"@id\":\"https:\/\/ubanews.com\/site\/2018\/12\/19\/camara-de-tocantins-se-reune-pela-ultima-vez-antes-do-recesso-e-elege-mesa-diretora-para-o-proximo-bienio\/#article\",\"isPartOf\":{\"@id\":\"https:\/\/ubanews.com\/site\/2018\/12\/19\/camara-de-tocantins-se-reune-pela-ultima-vez-antes-do-recesso-e-elege-mesa-diretora-para-o-proximo-bienio\/\"},\"author\":{\"name\":\"Sodr\u00e9\",\"@id\":\"https:\/\/ubanews.com\/site\/#\/schema\/person\/d90c9e47252fbb63dcc969fe4c8b9d10\"},\"headline\":\"C\u00c2MARA DE TOCANTINS SE RE\u00daNE PELA \u00daLTIMA VEZ ANTES DO RECESSO E ELEGE MESA DIRETORA PARA O PR\u00d3XIMO BI\u00caNIO\",\"datePublished\":\"2018-12-19T20:12:32+00:00\",\"dateModified\":\"2019-02-11T13:15:53+00:00\",\"mainEntityOfPage\":{\"@id\":\"https:\/\/ubanews.com\/site\/2018\/12\/19\/camara-de-tocantins-se-reune-pela-ultima-vez-antes-do-recesso-e-elege-mesa-diretora-para-o-proximo-bienio\/\"},\"wordCount\":416,\"commentCount\":0,\"publisher\":{\"@id\":\"https:\/\/ubanews.com\/site\/#organization\"},\"image\":{\"@id\":\"https:\/\/ubanews.com\/site\/2018\/12\/19\/camara-de-tocantins-se-reune-pela-ultima-vez-antes-do-recesso-e-elege-mesa-diretora-para-o-proximo-bienio\/#primaryimage\"},\"thumbnailUrl\":\"https:\/\/ubanews.com\/site\/wp-content\/uploads\/2018\/12\/20181218_195944.jpg\",\"articleSection\":[\"C\u00e2mara Municipal\",\"Geral\"],\"inLanguage\":\"pt-BR\",\"potentialAction\":[{\"@type\":\"CommentAction\",\"name\":\"Comment\",\"target\":[\"https:\/\/ubanews.com\/site\/2018\/12\/19\/camara-de-tocantins-se-reune-pela-ultima-vez-antes-do-recesso-e-elege-mesa-diretora-para-o-proximo-bienio\/#respond\"]}]},{\"@type\":\"WebPage\",\"@id\":\"https:\/\/ubanews.com\/site\/2018\/12\/19\/camara-de-tocantins-se-reune-pela-ultima-vez-antes-do-recesso-e-elege-mesa-diretora-para-o-proximo-bienio\/\",\"url\":\"https:\/\/ubanews.com\/site\/2018\/12\/19\/camara-de-tocantins-se-reune-pela-ultima-vez-antes-do-recesso-e-elege-mesa-diretora-para-o-proximo-bienio\/\",\"name\":\"C\u00c2MARA DE TOCANTINS SE RE\u00daNE PELA \u00daLTIMA VEZ ANTES DO RECESSO E ELEGE MESA DIRETORA PARA O PR\u00d3XIMO BI\u00caNIO - Ub\u00e1 News\",\"isPartOf\":{\"@id\":\"https:\/\/ubanews.com\/site\/#website\"},\"primaryImageOfPage\":{\"@id\":\"https:\/\/ubanews.com\/site\/2018\/12\/19\/camara-de-tocantins-se-reune-pela-ultima-vez-antes-do-recesso-e-elege-mesa-diretora-para-o-proximo-bienio\/#primaryimage\"},\"image\":{\"@id\":\"https:\/\/ubanews.com\/site\/2018\/12\/19\/camara-de-tocantins-se-reune-pela-ultima-vez-antes-do-recesso-e-elege-mesa-diretora-para-o-proximo-bienio\/#primaryimage\"},\"thumbnailUrl\":\"https:\/\/ubanews.com\/site\/wp-content\/uploads\/2018\/12\/20181218_195944.jpg\",\"datePublished\":\"2018-12-19T20:12:32+00:00\",\"dateModified\":\"2019-02-11T13:15:53+00:00\",\"breadcrumb\":{\"@id\":\"https:\/\/ubanews.com\/site\/2018\/12\/19\/camara-de-tocantins-se-reune-pela-ultima-vez-antes-do-recesso-e-elege-mesa-diretora-para-o-proximo-bienio\/#breadcrumb\"},\"inLanguage\":\"pt-BR\",\"potentialAction\":[{\"@type\":\"ReadAction\",\"target\":[\"https:\/\/ubanews.com\/site\/2018\/12\/19\/camara-de-tocantins-se-reune-pela-ultima-vez-antes-do-recesso-e-elege-mesa-diretora-para-o-proximo-bienio\/\"]}]},{\"@type\":\"ImageObject\",\"inLanguage\":\"pt-BR\",\"@id\":\"https:\/\/ubanews.com\/site\/2018\/12\/19\/camara-de-tocantins-se-reune-pela-ultima-vez-antes-do-recesso-e-elege-mesa-diretora-para-o-proximo-bienio\/#primaryimage\",\"url\":\"https:\/\/ubanews.com\/site\/wp-content\/uploads\/2018\/12\/20181218_195944.jpg\",\"contentUrl\":\"https:\/\/ubanews.com\/site\/wp-content\/uploads\/2018\/12\/20181218_195944.jpg\",\"width\":800,\"height\":389},{\"@type\":\"BreadcrumbList\",\"@id\":\"https:\/\/ubanews.com\/site\/2018\/12\/19\/camara-de-tocantins-se-reune-pela-ultima-vez-antes-do-recesso-e-elege-mesa-diretora-para-o-proximo-bienio\/#breadcrumb\",\"itemListElement\":[{\"@type\":\"ListItem\",\"position\":1,\"name\":\"Home\",\"item\":\"https:\/\/ubanews.com\/site\/\"},{\"@type\":\"ListItem\",\"position\":2,\"name\":\"C\u00c2MARA DE TOCANTINS SE RE\u00daNE PELA \u00daLTIMA VEZ ANTES DO RECESSO E ELEGE MESA DIRETORA PARA O PR\u00d3XIMO BI\u00caNIO\"}]},{\"@type\":\"WebSite\",\"@id\":\"https:\/\/ubanews.com\/site\/#website\",\"url\":\"https:\/\/ubanews.com\/site\/\",\"name\":\"Ub\u00e1 News\",\"description\":\"\",\"publisher\":{\"@id\":\"https:\/\/ubanews.com\/site\/#organization\"},\"potentialAction\":[{\"@type\":\"SearchAction\",\"target\":{\"@type\":\"EntryPoint\",\"urlTemplate\":\"https:\/\/ubanews.com\/site\/?s={search_term_string}\"},\"query-input\":{\"@type\":\"PropertyValueSpecification\",\"valueRequired\":true,\"valueName\":\"search_term_string\"}}],\"inLanguage\":\"pt-BR\"},{\"@type\":\"Organization\",\"@id\":\"https:\/\/ubanews.com\/site\/#organization\",\"name\":\"Ub\u00e1 News\",\"url\":\"https:\/\/ubanews.com\/site\/\",\"logo\":{\"@type\":\"ImageObject\",\"inLanguage\":\"pt-BR\",\"@id\":\"https:\/\/ubanews.com\/site\/#\/schema\/logo\/image\/\",\"url\":\"https:\/\/ubanews.com\/site\/wp-content\/uploads\/2018\/01\/logoubanews.png\",\"contentUrl\":\"https:\/\/ubanews.com\/site\/wp-content\/uploads\/2018\/01\/logoubanews.png\",\"width\":261,\"height\":99,\"caption\":\"Ub\u00e1 News\"},\"image\":{\"@id\":\"https:\/\/ubanews.com\/site\/#\/schema\/logo\/image\/\"},\"sameAs\":[\"https:\/\/www.facebook.com\/Ub\u00e1News-Carlos-Roberto-Sodr\u00e9-418778301977370\"]},{\"@type\":\"Person\",\"@id\":\"https:\/\/ubanews.com\/site\/#\/schema\/person\/d90c9e47252fbb63dcc969fe4c8b9d10\",\"name\":\"Sodr\u00e9\",\"image\":{\"@type\":\"ImageObject\",\"inLanguage\":\"pt-BR\",\"@id\":\"https:\/\/secure.gravatar.com\/avatar\/5ba2793f0590b9dbfad3fdec4ee714485b3eef211c9b32ee53d414060454a56c?s=96&d=mm&r=g\",\"url\":\"https:\/\/secure.gravatar.com\/avatar\/5ba2793f0590b9dbfad3fdec4ee714485b3eef211c9b32ee53d414060454a56c?s=96&d=mm&r=g\",\"contentUrl\":\"https:\/\/secure.gravatar.com\/avatar\/5ba2793f0590b9dbfad3fdec4ee714485b3eef211c9b32ee53d414060454a56c?s=96&d=mm&r=g\",\"caption\":\"Sodr\u00e9\"},\"sameAs\":[\"https:\/\/www.facebook.com\/carosroberto.sodre.5\/\"],\"url\":\"https:\/\/ubanews.com\/site\/author\/felipe\/\"}]}<\/script>\n<!-- \/ Yoast SEO plugin. -->","yoast_head_json":{"title":"C\u00c2MARA DE TOCANTINS SE RE\u00daNE PELA \u00daLTIMA VEZ ANTES DO RECESSO E ELEGE MESA DIRETORA PARA O PR\u00d3XIMO BI\u00caNIO - Ub\u00e1 News","robots":{"index":"index","follow":"follow","max-snippet":"max-snippet:-1","max-image-preview":"max-image-preview:large","max-video-preview":"max-video-preview:-1"},"canonical":"https:\/\/ubanews.com\/site\/2018\/12\/19\/camara-de-tocantins-se-reune-pela-ultima-vez-antes-do-recesso-e-elege-mesa-diretora-para-o-proximo-bienio\/","og_locale":"pt_BR","og_type":"article","og_title":"C\u00c2MARA DE TOCANTINS SE RE\u00daNE PELA \u00daLTIMA VEZ ANTES DO RECESSO E ELEGE MESA DIRETORA PARA O PR\u00d3XIMO BI\u00caNIO - Ub\u00e1 News","og_description":"O Poder Legislativo do Munic\u00edpio de Tocantins\/MG","og_url":"https:\/\/ubanews.com\/site\/2018\/12\/19\/camara-de-tocantins-se-reune-pela-ultima-vez-antes-do-recesso-e-elege-mesa-diretora-para-o-proximo-bienio\/","og_site_name":"Ub\u00e1 News","article_publisher":"https:\/\/www.facebook.com\/Ub%c3%a1News-Carlos-Roberto-Sodr%c3%a9-418778301977370","article_author":"https:\/\/www.facebook.com\/carosroberto.sodre.5\/","article_published_time":"2018-12-19T20:12:32+00:00","article_modified_time":"2019-02-11T13:15:53+00:00","og_image":[{"width":800,"height":389,"url":"https:\/\/ubanews.com\/site\/wp-content\/uploads\/2018\/12\/20181218_195944.jpg","type":"image\/jpeg"}],"author":"Sodr\u00e9","twitter_card":"summary_large_image","twitter_misc":{"Escrito por":"Sodr\u00e9","Est. tempo de leitura":"2 minutos"},"schema":{"@context":"https:\/\/schema.org","@graph":[{"@type":"Article","@id":"https:\/\/ubanews.com\/site\/2018\/12\/19\/camara-de-tocantins-se-reune-pela-ultima-vez-antes-do-recesso-e-elege-mesa-diretora-para-o-proximo-bienio\/#article","isPartOf":{"@id":"https:\/\/ubanews.com\/site\/2018\/12\/19\/camara-de-tocantins-se-reune-pela-ultima-vez-antes-do-recesso-e-elege-mesa-diretora-para-o-proximo-bienio\/"},"author":{"name":"Sodr\u00e9","@id":"https:\/\/ubanews.com\/site\/#\/schema\/person\/d90c9e47252fbb63dcc969fe4c8b9d10"},"headline":"C\u00c2MARA DE TOCANTINS SE RE\u00daNE PELA \u00daLTIMA VEZ ANTES DO RECESSO E ELEGE MESA DIRETORA PARA O PR\u00d3XIMO BI\u00caNIO","datePublished":"2018-12-19T20:12:32+00:00","dateModified":"2019-02-11T13:15:53+00:00","mainEntityOfPage":{"@id":"https:\/\/ubanews.com\/site\/2018\/12\/19\/camara-de-tocantins-se-reune-pela-ultima-vez-antes-do-recesso-e-elege-mesa-diretora-para-o-proximo-bienio\/"},"wordCount":416,"commentCount":0,"publisher":{"@id":"https:\/\/ubanews.com\/site\/#organization"},"image":{"@id":"https:\/\/ubanews.com\/site\/2018\/12\/19\/camara-de-tocantins-se-reune-pela-ultima-vez-antes-do-recesso-e-elege-mesa-diretora-para-o-proximo-bienio\/#primaryimage"},"thumbnailUrl":"https:\/\/ubanews.com\/site\/wp-content\/uploads\/2018\/12\/20181218_195944.jpg","articleSection":["C\u00e2mara Municipal","Geral"],"inLanguage":"pt-BR","potentialAction":[{"@type":"CommentAction","name":"Comment","target":["https:\/\/ubanews.com\/site\/2018\/12\/19\/camara-de-tocantins-se-reune-pela-ultima-vez-antes-do-recesso-e-elege-mesa-diretora-para-o-proximo-bienio\/#respond"]}]},{"@type":"WebPage","@id":"https:\/\/ubanews.com\/site\/2018\/12\/19\/camara-de-tocantins-se-reune-pela-ultima-vez-antes-do-recesso-e-elege-mesa-diretora-para-o-proximo-bienio\/","url":"https:\/\/ubanews.com\/site\/2018\/12\/19\/camara-de-tocantins-se-reune-pela-ultima-vez-antes-do-recesso-e-elege-mesa-diretora-para-o-proximo-bienio\/","name":"C\u00c2MARA DE TOCANTINS SE RE\u00daNE PELA \u00daLTIMA VEZ ANTES DO RECESSO E ELEGE MESA DIRETORA PARA O PR\u00d3XIMO BI\u00caNIO - Ub\u00e1 News","isPartOf":{"@id":"https:\/\/ubanews.com\/site\/#website"},"primaryImageOfPage":{"@id":"https:\/\/ubanews.com\/site\/2018\/12\/19\/camara-de-tocantins-se-reune-pela-ultima-vez-antes-do-recesso-e-elege-mesa-diretora-para-o-proximo-bienio\/#primaryimage"},"image":{"@id":"https:\/\/ubanews.com\/site\/2018\/12\/19\/camara-de-tocantins-se-reune-pela-ultima-vez-antes-do-recesso-e-elege-mesa-diretora-para-o-proximo-bienio\/#primaryimage"},"thumbnailUrl":"https:\/\/ubanews.com\/site\/wp-content\/uploads\/2018\/12\/20181218_195944.jpg","datePublished":"2018-12-19T20:12:32+00:00","dateModified":"2019-02-11T13:15:53+00:00","breadcrumb":{"@id":"https:\/\/ubanews.com\/site\/2018\/12\/19\/camara-de-tocantins-se-reune-pela-ultima-vez-antes-do-recesso-e-elege-mesa-diretora-para-o-proximo-bienio\/#breadcrumb"},"inLanguage":"pt-BR","potentialAction":[{"@type":"ReadAction","target":["https:\/\/ubanews.com\/site\/2018\/12\/19\/camara-de-tocantins-se-reune-pela-ultima-vez-antes-do-recesso-e-elege-mesa-diretora-para-o-proximo-bienio\/"]}]},{"@type":"ImageObject","inLanguage":"pt-BR","@id":"https:\/\/ubanews.com\/site\/2018\/12\/19\/camara-de-tocantins-se-reune-pela-ultima-vez-antes-do-recesso-e-elege-mesa-diretora-para-o-proximo-bienio\/#primaryimage","url":"https:\/\/ubanews.com\/site\/wp-content\/uploads\/2018\/12\/20181218_195944.jpg","contentUrl":"https:\/\/ubanews.com\/site\/wp-content\/uploads\/2018\/12\/20181218_195944.jpg","width":800,"height":389},{"@type":"BreadcrumbList","@id":"https:\/\/ubanews.com\/site\/2018\/12\/19\/camara-de-tocantins-se-reune-pela-ultima-vez-antes-do-recesso-e-elege-mesa-diretora-para-o-proximo-bienio\/#breadcrumb","itemListElement":[{"@type":"ListItem","position":1,"name":"Home","item":"https:\/\/ubanews.com\/site\/"},{"@type":"ListItem","position":2,"name":"C\u00c2MARA DE TOCANTINS SE RE\u00daNE PELA \u00daLTIMA VEZ ANTES DO RECESSO E ELEGE MESA DIRETORA PARA O PR\u00d3XIMO BI\u00caNIO"}]},{"@type":"WebSite","@id":"https:\/\/ubanews.com\/site\/#website","url":"https:\/\/ubanews.com\/site\/","name":"Ub\u00e1 News","description":"","publisher":{"@id":"https:\/\/ubanews.com\/site\/#organization"},"potentialAction":[{"@type":"SearchAction","target":{"@type":"EntryPoint","urlTemplate":"https:\/\/ubanews.com\/site\/?s={search_term_string}"},"query-input":{"@type":"PropertyValueSpecification","valueRequired":true,"valueName":"search_term_string"}}],"inLanguage":"pt-BR"},{"@type":"Organization","@id":"https:\/\/ubanews.com\/site\/#organization","name":"Ub\u00e1 News","url":"https:\/\/ubanews.com\/site\/","logo":{"@type":"ImageObject","inLanguage":"pt-BR","@id":"https:\/\/ubanews.com\/site\/#\/schema\/logo\/image\/","url":"https:\/\/ubanews.com\/site\/wp-content\/uploads\/2018\/01\/logoubanews.png","contentUrl":"https:\/\/ubanews.com\/site\/wp-content\/uploads\/2018\/01\/logoubanews.png","width":261,"height":99,"caption":"Ub\u00e1 News"},"image":{"@id":"https:\/\/ubanews.com\/site\/#\/schema\/logo\/image\/"},"sameAs":["https:\/\/www.facebook.com\/Ub\u00e1News-Carlos-Roberto-Sodr\u00e9-418778301977370"]},{"@type":"Person","@id":"https:\/\/ubanews.com\/site\/#\/schema\/person\/d90c9e47252fbb63dcc969fe4c8b9d10","name":"Sodr\u00e9","image":{"@type":"ImageObject","inLanguage":"pt-BR","@id":"https:\/\/secure.gravatar.com\/avatar\/5ba2793f0590b9dbfad3fdec4ee714485b3eef211c9b32ee53d414060454a56c?s=96&d=mm&r=g","url":"https:\/\/secure.gravatar.com\/avatar\/5ba2793f0590b9dbfad3fdec4ee714485b3eef211c9b32ee53d414060454a56c?s=96&d=mm&r=g","contentUrl":"https:\/\/secure.gravatar.com\/avatar\/5ba2793f0590b9dbfad3fdec4ee714485b3eef211c9b32ee53d414060454a56c?s=96&d=mm&r=g","caption":"Sodr\u00e9"},"sameAs":["https:\/\/www.facebook.com\/carosroberto.sodre.5\/"],"url":"https:\/\/ubanews.com\/site\/author\/felipe\/"}]}},"_links":{"self":[{"href":"https:\/\/ubanews.com\/site\/wp-json\/wp\/v2\/posts\/9900","targetHints":{"allow":["GET"]}}],"collection":[{"href":"https:\/\/ubanews.com\/site\/wp-json\/wp\/v2\/posts"}],"about":[{"href":"https:\/\/ubanews.com\/site\/wp-json\/wp\/v2\/types\/post"}],"author":[{"embeddable":true,"href":"https:\/\/ubanews.com\/site\/wp-json\/wp\/v2\/users\/2"}],"replies":[{"embeddable":true,"href":"https:\/\/ubanews.com\/site\/wp-json\/wp\/v2\/comments?post=9900"}],"version-history":[{"count":0,"href":"https:\/\/ubanews.com\/site\/wp-json\/wp\/v2\/posts\/9900\/revisions"}],"wp:featuredmedia":[{"embeddable":true,"href":"https:\/\/ubanews.com\/site\/wp-json\/wp\/v2\/media\/9901"}],"wp:attachment":[{"href":"https:\/\/ubanews.com\/site\/wp-json\/wp\/v2\/media?parent=9900"}],"wp:term":[{"taxonomy":"category","embeddable":true,"href":"https:\/\/ubanews.com\/site\/wp-json\/wp\/v2\/categories?post=9900"},{"taxonomy":"post_tag","embeddable":true,"href":"https:\/\/ubanews.com\/site\/wp-json\/wp\/v2\/tags?post=9900"}],"curies":[{"name":"wp","href":"https:\/\/api.w.org\/{rel}","templated":true}]}}