{"id":9870,"date":"2018-12-18T09:57:15","date_gmt":"2018-12-18T11:57:15","guid":{"rendered":"http:\/\/ubanews.com\/site\/?p=9870"},"modified":"2018-12-18T09:57:15","modified_gmt":"2018-12-18T11:57:15","slug":"policia-procura-autores-de-roubo-na-cidade-de-merces","status":"publish","type":"post","link":"https:\/\/ubanews.com\/site\/2018\/12\/18\/policia-procura-autores-de-roubo-na-cidade-de-merces\/","title":{"rendered":"POL\u00cdCIA PROCURA AUTORES DE ROUBO NA CIDADE DE MERC\u00caS"},"content":{"rendered":"<p>No dia 17 de Dezembro, 18 horas e 11 minutos no Arraial Contendas, Zona Rural de Merc\u00eas, a Pol\u00edcia Militar foi acionada pela v\u00edtima um homem de 57 anos, relatando o seguinte fato: Que tr\u00eas autores n\u00e3o identificados, um de cor clara e dois de cor negra, em um ve\u00edculo de cor preta, podendo ser um Fiat\/Uno ou gol, compareceram na casa das v\u00edtimas um homem de 57 anos e uma mulher de 60 anos, se passando por vendedores de botas, momento que sacaram da cintura armas de fogo, aparentando serem rev\u00f3lveres de cor escura, onde renderam as v\u00edtimas com utiliza\u00e7\u00e3o das armas de fogo, pegando a quantia aproximada de R$7.000,00. &nbsp;De imediato foi realizado rastreamentos, por\u00e9m sem \u00eaxito, rastreamentos prosseguem com intuito de prender os autores do crime.<\/p>\n<div><span style=\"font-family: 'Arial','sans-serif';\"><span style=\"font-size: large;\"><b>ASSESSORIA DE COMUNICA\u00c7\u00c3O ORG<\/b><strong>ANIZACIONAL<\/strong><\/span><strong><i><br \/>\n<\/i><\/strong><\/span><\/div>\n<p><strong><span style=\"font-family: 'Arial','sans-serif';\"><i>Vig\u00e9simo Primeiro Batalh\u00e3o de Pol\u00edcia Militar&nbsp;<\/i><\/span><\/strong><\/p>\n","protected":false},"excerpt":{"rendered":"<p>No dia 17 de Dezembro, 18 horas e 11 minutos<\/p>\n","protected":false},"author":2,"featured_media":9871,"comment_status":"open","ping_status":"open","sticky":false,"template":"","format":"standard","meta":{"footnotes":""},"categories":[13],"tags":[],"class_list":["post-9870","post","type-post","status-publish","format-standard","has-post-thumbnail","hentry","category-sintese-das-ocorrencias"],"yoast_head":"<!-- This site is optimized with the Yoast SEO plugin v27.2 - https:\/\/yoast.com\/product\/yoast-seo-wordpress\/ -->\n<title>POL\u00cdCIA PROCURA AUTORES DE ROUBO NA CIDADE DE MERC\u00caS - Ub\u00e1 News<\/title>\n<meta name=\"robots\" content=\"index, follow, max-snippet:-1, max-image-preview:large, max-video-preview:-1\" \/>\n<link rel=\"canonical\" href=\"https:\/\/ubanews.com\/site\/2018\/12\/18\/policia-procura-autores-de-roubo-na-cidade-de-merces\/\" \/>\n<meta property=\"og:locale\" content=\"pt_BR\" \/>\n<meta property=\"og:type\" content=\"article\" \/>\n<meta property=\"og:title\" content=\"POL\u00cdCIA PROCURA AUTORES DE ROUBO NA CIDADE DE MERC\u00caS - Ub\u00e1 News\" \/>\n<meta property=\"og:description\" content=\"No dia 17 de Dezembro, 18 horas e 11 minutos\" \/>\n<meta property=\"og:url\" content=\"https:\/\/ubanews.com\/site\/2018\/12\/18\/policia-procura-autores-de-roubo-na-cidade-de-merces\/\" \/>\n<meta property=\"og:site_name\" content=\"Ub\u00e1 News\" \/>\n<meta property=\"article:publisher\" content=\"https:\/\/www.facebook.com\/Ub%c3%a1News-Carlos-Roberto-Sodr%c3%a9-418778301977370\" \/>\n<meta property=\"article:author\" content=\"https:\/\/www.facebook.com\/carosroberto.sodre.5\/\" \/>\n<meta property=\"article:published_time\" content=\"2018-12-18T11:57:15+00:00\" \/>\n<meta property=\"og:image\" content=\"https:\/\/ubanews.com\/site\/wp-content\/uploads\/2018\/12\/Policia.jpg\" \/>\n\t<meta property=\"og:image:width\" content=\"800\" \/>\n\t<meta property=\"og:image:height\" content=\"382\" \/>\n\t<meta property=\"og:image:type\" content=\"image\/jpeg\" \/>\n<meta name=\"author\" content=\"Sodr\u00e9\" \/>\n<meta name=\"twitter:card\" content=\"summary_large_image\" \/>\n<meta name=\"twitter:label1\" content=\"Escrito por\" \/>\n\t<meta name=\"twitter:data1\" content=\"Sodr\u00e9\" \/>\n\t<meta name=\"twitter:label2\" content=\"Est. tempo de leitura\" \/>\n\t<meta name=\"twitter:data2\" content=\"1 minuto\" \/>\n<script type=\"application\/ld+json\" class=\"yoast-schema-graph\">{\"@context\":\"https:\/\/schema.org\",\"@graph\":[{\"@type\":\"Article\",\"@id\":\"https:\/\/ubanews.com\/site\/2018\/12\/18\/policia-procura-autores-de-roubo-na-cidade-de-merces\/#article\",\"isPartOf\":{\"@id\":\"https:\/\/ubanews.com\/site\/2018\/12\/18\/policia-procura-autores-de-roubo-na-cidade-de-merces\/\"},\"author\":{\"name\":\"Sodr\u00e9\",\"@id\":\"https:\/\/ubanews.com\/site\/#\/schema\/person\/d90c9e47252fbb63dcc969fe4c8b9d10\"},\"headline\":\"POL\u00cdCIA PROCURA AUTORES DE ROUBO NA CIDADE DE MERC\u00caS\",\"datePublished\":\"2018-12-18T11:57:15+00:00\",\"mainEntityOfPage\":{\"@id\":\"https:\/\/ubanews.com\/site\/2018\/12\/18\/policia-procura-autores-de-roubo-na-cidade-de-merces\/\"},\"wordCount\":163,\"commentCount\":0,\"publisher\":{\"@id\":\"https:\/\/ubanews.com\/site\/#organization\"},\"image\":{\"@id\":\"https:\/\/ubanews.com\/site\/2018\/12\/18\/policia-procura-autores-de-roubo-na-cidade-de-merces\/#primaryimage\"},\"thumbnailUrl\":\"https:\/\/ubanews.com\/site\/wp-content\/uploads\/2018\/12\/Policia.jpg\",\"articleSection\":[\"S\u00edntese das Ocorr\u00eancias\"],\"inLanguage\":\"pt-BR\",\"potentialAction\":[{\"@type\":\"CommentAction\",\"name\":\"Comment\",\"target\":[\"https:\/\/ubanews.com\/site\/2018\/12\/18\/policia-procura-autores-de-roubo-na-cidade-de-merces\/#respond\"]}]},{\"@type\":\"WebPage\",\"@id\":\"https:\/\/ubanews.com\/site\/2018\/12\/18\/policia-procura-autores-de-roubo-na-cidade-de-merces\/\",\"url\":\"https:\/\/ubanews.com\/site\/2018\/12\/18\/policia-procura-autores-de-roubo-na-cidade-de-merces\/\",\"name\":\"POL\u00cdCIA PROCURA AUTORES DE ROUBO NA CIDADE DE MERC\u00caS - Ub\u00e1 News\",\"isPartOf\":{\"@id\":\"https:\/\/ubanews.com\/site\/#website\"},\"primaryImageOfPage\":{\"@id\":\"https:\/\/ubanews.com\/site\/2018\/12\/18\/policia-procura-autores-de-roubo-na-cidade-de-merces\/#primaryimage\"},\"image\":{\"@id\":\"https:\/\/ubanews.com\/site\/2018\/12\/18\/policia-procura-autores-de-roubo-na-cidade-de-merces\/#primaryimage\"},\"thumbnailUrl\":\"https:\/\/ubanews.com\/site\/wp-content\/uploads\/2018\/12\/Policia.jpg\",\"datePublished\":\"2018-12-18T11:57:15+00:00\",\"breadcrumb\":{\"@id\":\"https:\/\/ubanews.com\/site\/2018\/12\/18\/policia-procura-autores-de-roubo-na-cidade-de-merces\/#breadcrumb\"},\"inLanguage\":\"pt-BR\",\"potentialAction\":[{\"@type\":\"ReadAction\",\"target\":[\"https:\/\/ubanews.com\/site\/2018\/12\/18\/policia-procura-autores-de-roubo-na-cidade-de-merces\/\"]}]},{\"@type\":\"ImageObject\",\"inLanguage\":\"pt-BR\",\"@id\":\"https:\/\/ubanews.com\/site\/2018\/12\/18\/policia-procura-autores-de-roubo-na-cidade-de-merces\/#primaryimage\",\"url\":\"https:\/\/ubanews.com\/site\/wp-content\/uploads\/2018\/12\/Policia.jpg\",\"contentUrl\":\"https:\/\/ubanews.com\/site\/wp-content\/uploads\/2018\/12\/Policia.jpg\",\"width\":800,\"height\":382},{\"@type\":\"BreadcrumbList\",\"@id\":\"https:\/\/ubanews.com\/site\/2018\/12\/18\/policia-procura-autores-de-roubo-na-cidade-de-merces\/#breadcrumb\",\"itemListElement\":[{\"@type\":\"ListItem\",\"position\":1,\"name\":\"Home\",\"item\":\"https:\/\/ubanews.com\/site\/\"},{\"@type\":\"ListItem\",\"position\":2,\"name\":\"POL\u00cdCIA PROCURA AUTORES DE ROUBO NA CIDADE DE MERC\u00caS\"}]},{\"@type\":\"WebSite\",\"@id\":\"https:\/\/ubanews.com\/site\/#website\",\"url\":\"https:\/\/ubanews.com\/site\/\",\"name\":\"Ub\u00e1 News\",\"description\":\"\",\"publisher\":{\"@id\":\"https:\/\/ubanews.com\/site\/#organization\"},\"potentialAction\":[{\"@type\":\"SearchAction\",\"target\":{\"@type\":\"EntryPoint\",\"urlTemplate\":\"https:\/\/ubanews.com\/site\/?s={search_term_string}\"},\"query-input\":{\"@type\":\"PropertyValueSpecification\",\"valueRequired\":true,\"valueName\":\"search_term_string\"}}],\"inLanguage\":\"pt-BR\"},{\"@type\":\"Organization\",\"@id\":\"https:\/\/ubanews.com\/site\/#organization\",\"name\":\"Ub\u00e1 News\",\"url\":\"https:\/\/ubanews.com\/site\/\",\"logo\":{\"@type\":\"ImageObject\",\"inLanguage\":\"pt-BR\",\"@id\":\"https:\/\/ubanews.com\/site\/#\/schema\/logo\/image\/\",\"url\":\"https:\/\/ubanews.com\/site\/wp-content\/uploads\/2018\/01\/logoubanews.png\",\"contentUrl\":\"https:\/\/ubanews.com\/site\/wp-content\/uploads\/2018\/01\/logoubanews.png\",\"width\":261,\"height\":99,\"caption\":\"Ub\u00e1 News\"},\"image\":{\"@id\":\"https:\/\/ubanews.com\/site\/#\/schema\/logo\/image\/\"},\"sameAs\":[\"https:\/\/www.facebook.com\/Ub\u00e1News-Carlos-Roberto-Sodr\u00e9-418778301977370\"]},{\"@type\":\"Person\",\"@id\":\"https:\/\/ubanews.com\/site\/#\/schema\/person\/d90c9e47252fbb63dcc969fe4c8b9d10\",\"name\":\"Sodr\u00e9\",\"image\":{\"@type\":\"ImageObject\",\"inLanguage\":\"pt-BR\",\"@id\":\"https:\/\/secure.gravatar.com\/avatar\/5ba2793f0590b9dbfad3fdec4ee714485b3eef211c9b32ee53d414060454a56c?s=96&d=mm&r=g\",\"url\":\"https:\/\/secure.gravatar.com\/avatar\/5ba2793f0590b9dbfad3fdec4ee714485b3eef211c9b32ee53d414060454a56c?s=96&d=mm&r=g\",\"contentUrl\":\"https:\/\/secure.gravatar.com\/avatar\/5ba2793f0590b9dbfad3fdec4ee714485b3eef211c9b32ee53d414060454a56c?s=96&d=mm&r=g\",\"caption\":\"Sodr\u00e9\"},\"sameAs\":[\"https:\/\/www.facebook.com\/carosroberto.sodre.5\/\"],\"url\":\"https:\/\/ubanews.com\/site\/author\/felipe\/\"}]}<\/script>\n<!-- \/ Yoast SEO plugin. -->","yoast_head_json":{"title":"POL\u00cdCIA PROCURA AUTORES DE ROUBO NA CIDADE DE MERC\u00caS - Ub\u00e1 News","robots":{"index":"index","follow":"follow","max-snippet":"max-snippet:-1","max-image-preview":"max-image-preview:large","max-video-preview":"max-video-preview:-1"},"canonical":"https:\/\/ubanews.com\/site\/2018\/12\/18\/policia-procura-autores-de-roubo-na-cidade-de-merces\/","og_locale":"pt_BR","og_type":"article","og_title":"POL\u00cdCIA PROCURA AUTORES DE ROUBO NA CIDADE DE MERC\u00caS - Ub\u00e1 News","og_description":"No dia 17 de Dezembro, 18 horas e 11 minutos","og_url":"https:\/\/ubanews.com\/site\/2018\/12\/18\/policia-procura-autores-de-roubo-na-cidade-de-merces\/","og_site_name":"Ub\u00e1 News","article_publisher":"https:\/\/www.facebook.com\/Ub%c3%a1News-Carlos-Roberto-Sodr%c3%a9-418778301977370","article_author":"https:\/\/www.facebook.com\/carosroberto.sodre.5\/","article_published_time":"2018-12-18T11:57:15+00:00","og_image":[{"width":800,"height":382,"url":"https:\/\/ubanews.com\/site\/wp-content\/uploads\/2018\/12\/Policia.jpg","type":"image\/jpeg"}],"author":"Sodr\u00e9","twitter_card":"summary_large_image","twitter_misc":{"Escrito por":"Sodr\u00e9","Est. tempo de leitura":"1 minuto"},"schema":{"@context":"https:\/\/schema.org","@graph":[{"@type":"Article","@id":"https:\/\/ubanews.com\/site\/2018\/12\/18\/policia-procura-autores-de-roubo-na-cidade-de-merces\/#article","isPartOf":{"@id":"https:\/\/ubanews.com\/site\/2018\/12\/18\/policia-procura-autores-de-roubo-na-cidade-de-merces\/"},"author":{"name":"Sodr\u00e9","@id":"https:\/\/ubanews.com\/site\/#\/schema\/person\/d90c9e47252fbb63dcc969fe4c8b9d10"},"headline":"POL\u00cdCIA PROCURA AUTORES DE ROUBO NA CIDADE DE MERC\u00caS","datePublished":"2018-12-18T11:57:15+00:00","mainEntityOfPage":{"@id":"https:\/\/ubanews.com\/site\/2018\/12\/18\/policia-procura-autores-de-roubo-na-cidade-de-merces\/"},"wordCount":163,"commentCount":0,"publisher":{"@id":"https:\/\/ubanews.com\/site\/#organization"},"image":{"@id":"https:\/\/ubanews.com\/site\/2018\/12\/18\/policia-procura-autores-de-roubo-na-cidade-de-merces\/#primaryimage"},"thumbnailUrl":"https:\/\/ubanews.com\/site\/wp-content\/uploads\/2018\/12\/Policia.jpg","articleSection":["S\u00edntese das Ocorr\u00eancias"],"inLanguage":"pt-BR","potentialAction":[{"@type":"CommentAction","name":"Comment","target":["https:\/\/ubanews.com\/site\/2018\/12\/18\/policia-procura-autores-de-roubo-na-cidade-de-merces\/#respond"]}]},{"@type":"WebPage","@id":"https:\/\/ubanews.com\/site\/2018\/12\/18\/policia-procura-autores-de-roubo-na-cidade-de-merces\/","url":"https:\/\/ubanews.com\/site\/2018\/12\/18\/policia-procura-autores-de-roubo-na-cidade-de-merces\/","name":"POL\u00cdCIA PROCURA AUTORES DE ROUBO NA CIDADE DE MERC\u00caS - Ub\u00e1 News","isPartOf":{"@id":"https:\/\/ubanews.com\/site\/#website"},"primaryImageOfPage":{"@id":"https:\/\/ubanews.com\/site\/2018\/12\/18\/policia-procura-autores-de-roubo-na-cidade-de-merces\/#primaryimage"},"image":{"@id":"https:\/\/ubanews.com\/site\/2018\/12\/18\/policia-procura-autores-de-roubo-na-cidade-de-merces\/#primaryimage"},"thumbnailUrl":"https:\/\/ubanews.com\/site\/wp-content\/uploads\/2018\/12\/Policia.jpg","datePublished":"2018-12-18T11:57:15+00:00","breadcrumb":{"@id":"https:\/\/ubanews.com\/site\/2018\/12\/18\/policia-procura-autores-de-roubo-na-cidade-de-merces\/#breadcrumb"},"inLanguage":"pt-BR","potentialAction":[{"@type":"ReadAction","target":["https:\/\/ubanews.com\/site\/2018\/12\/18\/policia-procura-autores-de-roubo-na-cidade-de-merces\/"]}]},{"@type":"ImageObject","inLanguage":"pt-BR","@id":"https:\/\/ubanews.com\/site\/2018\/12\/18\/policia-procura-autores-de-roubo-na-cidade-de-merces\/#primaryimage","url":"https:\/\/ubanews.com\/site\/wp-content\/uploads\/2018\/12\/Policia.jpg","contentUrl":"https:\/\/ubanews.com\/site\/wp-content\/uploads\/2018\/12\/Policia.jpg","width":800,"height":382},{"@type":"BreadcrumbList","@id":"https:\/\/ubanews.com\/site\/2018\/12\/18\/policia-procura-autores-de-roubo-na-cidade-de-merces\/#breadcrumb","itemListElement":[{"@type":"ListItem","position":1,"name":"Home","item":"https:\/\/ubanews.com\/site\/"},{"@type":"ListItem","position":2,"name":"POL\u00cdCIA PROCURA AUTORES DE ROUBO NA CIDADE DE MERC\u00caS"}]},{"@type":"WebSite","@id":"https:\/\/ubanews.com\/site\/#website","url":"https:\/\/ubanews.com\/site\/","name":"Ub\u00e1 News","description":"","publisher":{"@id":"https:\/\/ubanews.com\/site\/#organization"},"potentialAction":[{"@type":"SearchAction","target":{"@type":"EntryPoint","urlTemplate":"https:\/\/ubanews.com\/site\/?s={search_term_string}"},"query-input":{"@type":"PropertyValueSpecification","valueRequired":true,"valueName":"search_term_string"}}],"inLanguage":"pt-BR"},{"@type":"Organization","@id":"https:\/\/ubanews.com\/site\/#organization","name":"Ub\u00e1 News","url":"https:\/\/ubanews.com\/site\/","logo":{"@type":"ImageObject","inLanguage":"pt-BR","@id":"https:\/\/ubanews.com\/site\/#\/schema\/logo\/image\/","url":"https:\/\/ubanews.com\/site\/wp-content\/uploads\/2018\/01\/logoubanews.png","contentUrl":"https:\/\/ubanews.com\/site\/wp-content\/uploads\/2018\/01\/logoubanews.png","width":261,"height":99,"caption":"Ub\u00e1 News"},"image":{"@id":"https:\/\/ubanews.com\/site\/#\/schema\/logo\/image\/"},"sameAs":["https:\/\/www.facebook.com\/Ub\u00e1News-Carlos-Roberto-Sodr\u00e9-418778301977370"]},{"@type":"Person","@id":"https:\/\/ubanews.com\/site\/#\/schema\/person\/d90c9e47252fbb63dcc969fe4c8b9d10","name":"Sodr\u00e9","image":{"@type":"ImageObject","inLanguage":"pt-BR","@id":"https:\/\/secure.gravatar.com\/avatar\/5ba2793f0590b9dbfad3fdec4ee714485b3eef211c9b32ee53d414060454a56c?s=96&d=mm&r=g","url":"https:\/\/secure.gravatar.com\/avatar\/5ba2793f0590b9dbfad3fdec4ee714485b3eef211c9b32ee53d414060454a56c?s=96&d=mm&r=g","contentUrl":"https:\/\/secure.gravatar.com\/avatar\/5ba2793f0590b9dbfad3fdec4ee714485b3eef211c9b32ee53d414060454a56c?s=96&d=mm&r=g","caption":"Sodr\u00e9"},"sameAs":["https:\/\/www.facebook.com\/carosroberto.sodre.5\/"],"url":"https:\/\/ubanews.com\/site\/author\/felipe\/"}]}},"_links":{"self":[{"href":"https:\/\/ubanews.com\/site\/wp-json\/wp\/v2\/posts\/9870","targetHints":{"allow":["GET"]}}],"collection":[{"href":"https:\/\/ubanews.com\/site\/wp-json\/wp\/v2\/posts"}],"about":[{"href":"https:\/\/ubanews.com\/site\/wp-json\/wp\/v2\/types\/post"}],"author":[{"embeddable":true,"href":"https:\/\/ubanews.com\/site\/wp-json\/wp\/v2\/users\/2"}],"replies":[{"embeddable":true,"href":"https:\/\/ubanews.com\/site\/wp-json\/wp\/v2\/comments?post=9870"}],"version-history":[{"count":0,"href":"https:\/\/ubanews.com\/site\/wp-json\/wp\/v2\/posts\/9870\/revisions"}],"wp:featuredmedia":[{"embeddable":true,"href":"https:\/\/ubanews.com\/site\/wp-json\/wp\/v2\/media\/9871"}],"wp:attachment":[{"href":"https:\/\/ubanews.com\/site\/wp-json\/wp\/v2\/media?parent=9870"}],"wp:term":[{"taxonomy":"category","embeddable":true,"href":"https:\/\/ubanews.com\/site\/wp-json\/wp\/v2\/categories?post=9870"},{"taxonomy":"post_tag","embeddable":true,"href":"https:\/\/ubanews.com\/site\/wp-json\/wp\/v2\/tags?post=9870"}],"curies":[{"name":"wp","href":"https:\/\/api.w.org\/{rel}","templated":true}]}}