{"id":9851,"date":"2018-12-17T15:24:38","date_gmt":"2018-12-17T17:24:38","guid":{"rendered":"http:\/\/ubanews.com\/site\/?p=9851"},"modified":"2019-02-11T11:17:02","modified_gmt":"2019-02-11T13:17:02","slug":"secretaria-de-cultura-promove-evento-e-leva-as-familias-a-praca-guido-marliere","status":"publish","type":"post","link":"https:\/\/ubanews.com\/site\/2018\/12\/17\/secretaria-de-cultura-promove-evento-e-leva-as-familias-a-praca-guido-marliere\/","title":{"rendered":"Secretaria de Cultura promove evento e leva as fam\u00edlias \u00e0 Pra\u00e7a Guido Marli\u00e8re"},"content":{"rendered":"<p><a href=\"https:\/\/ubanews.com\/site\/wp-content\/uploads\/2018\/12\/DSC5991.jpg\"><img decoding=\"async\" class=\"alignnone size-medium wp-image-9852 lazyload\" data-src=\"https:\/\/ubanews.com\/site\/wp-content\/uploads\/2018\/12\/DSC5991-300x171.jpg\" alt=\"\" width=\"300\" height=\"171\" data-srcset=\"https:\/\/ubanews.com\/site\/wp-content\/uploads\/2018\/12\/DSC5991-300x171.jpg 300w, https:\/\/ubanews.com\/site\/wp-content\/uploads\/2018\/12\/DSC5991-768x439.jpg 768w, https:\/\/ubanews.com\/site\/wp-content\/uploads\/2018\/12\/DSC5991.jpg 800w\" data-sizes=\"(max-width: 300px) 100vw, 300px\" src=\"data:image\/svg+xml;base64,PHN2ZyB3aWR0aD0iMSIgaGVpZ2h0PSIxIiB4bWxucz0iaHR0cDovL3d3dy53My5vcmcvMjAwMC9zdmciPjwvc3ZnPg==\" style=\"--smush-placeholder-width: 300px; --smush-placeholder-aspect-ratio: 300\/171;\" \/><\/a> <a href=\"https:\/\/ubanews.com\/site\/wp-content\/uploads\/2018\/12\/DSC6011-copiar.jpg\"><img decoding=\"async\" class=\"alignnone size-medium wp-image-9854 lazyload\" data-src=\"https:\/\/ubanews.com\/site\/wp-content\/uploads\/2018\/12\/DSC6011-copiar-300x171.jpg\" alt=\"\" width=\"300\" height=\"171\" data-srcset=\"https:\/\/ubanews.com\/site\/wp-content\/uploads\/2018\/12\/DSC6011-copiar-300x171.jpg 300w, https:\/\/ubanews.com\/site\/wp-content\/uploads\/2018\/12\/DSC6011-copiar-768x439.jpg 768w, https:\/\/ubanews.com\/site\/wp-content\/uploads\/2018\/12\/DSC6011-copiar.jpg 800w\" data-sizes=\"(max-width: 300px) 100vw, 300px\" src=\"data:image\/svg+xml;base64,PHN2ZyB3aWR0aD0iMSIgaGVpZ2h0PSIxIiB4bWxucz0iaHR0cDovL3d3dy53My5vcmcvMjAwMC9zdmciPjwvc3ZnPg==\" style=\"--smush-placeholder-width: 300px; --smush-placeholder-aspect-ratio: 300\/171;\" \/><\/a><\/p>\n<p>Os alunos das Oficinas Art\u00edsticas de Teatro, Viol\u00e3o, Ballet, Dan\u00e7a \u00c1rabe, Canto Coral, Hip Hop e Acordeon, incluindo alguns de seus professores, apresentaram um bel\u00edssimo espet\u00e1culo de encerramento de ano, &#8220;O Cheiro da Flor&#8221;, todos juntinhos, na Pra\u00e7a Guido Marli\u00e8re no dia 06 de Dezembro, \u00e0s 19h. Foram mais de 100 artistas reunidos em uma s\u00f3 produ\u00e7\u00e3o.<\/p>\n<p>O p\u00fablico prestigiou o evento. Das cadeiras colocadas \u00e0 disposi\u00e7\u00e3o da plateia, todos os espa\u00e7os foram devidamente preenchidos, dando um colorido especial numa pra\u00e7a que precisa tanto de situa\u00e7\u00f5es desta natureza.<\/p>\n<p>&#8220;O Cheiro da Flor&#8221;<br \/>\nTexto:&nbsp;Lucas Menezes<br \/>\nDire\u00e7\u00e3o Art\u00edstica:&nbsp;Maykon Ray&nbsp;<br \/>\nDire\u00e7\u00e3o Musical: Wantuil Alexandre (Tatiane Alexandre Andrade),&nbsp;Criz\u00e9 Guimar\u00e3es&nbsp;e&nbsp;Jaime Amaral<br \/>\nCoordena\u00e7\u00e3o Geral:&nbsp;Aurelio Pimenta<\/p>\n<p><em><strong>SINOPSE<\/strong><\/em><\/p>\n<p><em>Eita meu Nordeste querido! O povo Sertanejo canta pela seca, pela fome, mis\u00e9ria e por um peda\u00e7o de terra. Mesmo assim, por mais sofrida que suas vidas sejam, essa gente louva as b\u00ean\u00e7\u00e3os que possuem, principalmente a Cultura enraizada. O seco sem vida renasce atrav\u00e9s das cores que o Nordeste tr\u00e1s consigo &#8211; o forr\u00f3, o frevo, o maracatu, o ch\u00e3o, o suor. Suas manifesta\u00e7\u00f5es fazem do sertanejo um ser mais feliz em meio a tantas avers\u00f5es. O anseio pela chuva e a esperan\u00e7a de ver sua terra mais f\u00e9rtil e pr\u00f3spera tornam-se uma ora\u00e7\u00e3o. E se a chuva cair&#8230; A\u00ed sim! &#8220;O CHEIRO DA FLOR&#8221; ir\u00e1 exalar e irradiar alegria para todo o povo nordestino! Salve nosso Nordeste querido, fonte de riqueza e inspira\u00e7\u00e3o, poesias, c\u00f3rdeis, muita f\u00e9 e ora\u00e7\u00e3o!<\/em><\/p>\n<p>O Portal de Not\u00edcias esteve presente, acompanhando a pe\u00e7a!<\/p>\n<p><iframe data-src=\"https:\/\/www.youtube.com\/embed\/_DUnm-lqCXU\" width=\"560\" height=\"315\" frameborder=\"0\" allowfullscreen=\"allowfullscreen\" src=\"data:image\/svg+xml;base64,PHN2ZyB3aWR0aD0iMSIgaGVpZ2h0PSIxIiB4bWxucz0iaHR0cDovL3d3dy53My5vcmcvMjAwMC9zdmciPjwvc3ZnPg==\" class=\"lazyload\" data-load-mode=\"1\"><\/iframe><br \/>\n<iframe data-src=\"https:\/\/www.youtube.com\/embed\/WNVTXufapa0\" width=\"560\" height=\"315\" frameborder=\"0\" allowfullscreen=\"allowfullscreen\" src=\"data:image\/svg+xml;base64,PHN2ZyB3aWR0aD0iMSIgaGVpZ2h0PSIxIiB4bWxucz0iaHR0cDovL3d3dy53My5vcmcvMjAwMC9zdmciPjwvc3ZnPg==\" class=\"lazyload\" data-load-mode=\"1\"><\/iframe>&nbsp;<\/p>\n","protected":false},"excerpt":{"rendered":"<p>Os alunos das Oficinas Art\u00edsticas de Teatro, Viol\u00e3o, Ballet, Dan\u00e7a<\/p>\n","protected":false},"author":2,"featured_media":9853,"comment_status":"open","ping_status":"open","sticky":false,"template":"","format":"standard","meta":{"footnotes":""},"categories":[1,15],"tags":[],"class_list":["post-9851","post","type-post","status-publish","format-standard","has-post-thumbnail","hentry","category-sem-categoria","category-prefeitura-municipal"],"yoast_head":"<!-- This site is optimized with the Yoast SEO plugin v27.2 - https:\/\/yoast.com\/product\/yoast-seo-wordpress\/ -->\n<title>Secretaria de Cultura promove evento e leva as fam\u00edlias \u00e0 Pra\u00e7a Guido Marli\u00e8re - Ub\u00e1 News<\/title>\n<meta name=\"robots\" content=\"index, follow, max-snippet:-1, max-image-preview:large, max-video-preview:-1\" \/>\n<link rel=\"canonical\" href=\"https:\/\/ubanews.com\/site\/2018\/12\/17\/secretaria-de-cultura-promove-evento-e-leva-as-familias-a-praca-guido-marliere\/\" \/>\n<meta property=\"og:locale\" content=\"pt_BR\" \/>\n<meta property=\"og:type\" content=\"article\" \/>\n<meta property=\"og:title\" content=\"Secretaria de Cultura promove evento e leva as fam\u00edlias \u00e0 Pra\u00e7a Guido Marli\u00e8re - Ub\u00e1 News\" \/>\n<meta property=\"og:description\" content=\"Os alunos das Oficinas Art\u00edsticas de Teatro, Viol\u00e3o, Ballet, Dan\u00e7a\" \/>\n<meta property=\"og:url\" content=\"https:\/\/ubanews.com\/site\/2018\/12\/17\/secretaria-de-cultura-promove-evento-e-leva-as-familias-a-praca-guido-marliere\/\" \/>\n<meta property=\"og:site_name\" content=\"Ub\u00e1 News\" \/>\n<meta property=\"article:publisher\" content=\"https:\/\/www.facebook.com\/Ub%c3%a1News-Carlos-Roberto-Sodr%c3%a9-418778301977370\" \/>\n<meta property=\"article:author\" content=\"https:\/\/www.facebook.com\/carosroberto.sodre.5\/\" \/>\n<meta property=\"article:published_time\" content=\"2018-12-17T17:24:38+00:00\" \/>\n<meta property=\"article:modified_time\" content=\"2019-02-11T13:17:02+00:00\" \/>\n<meta property=\"og:image\" content=\"https:\/\/ubanews.com\/site\/wp-content\/uploads\/2018\/12\/DSC6008-copiar.jpg\" \/>\n\t<meta property=\"og:image:width\" content=\"800\" \/>\n\t<meta property=\"og:image:height\" content=\"389\" \/>\n\t<meta property=\"og:image:type\" content=\"image\/jpeg\" \/>\n<meta name=\"author\" content=\"Sodr\u00e9\" \/>\n<meta name=\"twitter:card\" content=\"summary_large_image\" \/>\n<meta name=\"twitter:label1\" content=\"Escrito por\" \/>\n\t<meta name=\"twitter:data1\" content=\"Sodr\u00e9\" \/>\n\t<meta name=\"twitter:label2\" content=\"Est. tempo de leitura\" \/>\n\t<meta name=\"twitter:data2\" content=\"1 minuto\" \/>\n<script type=\"application\/ld+json\" class=\"yoast-schema-graph\">{\"@context\":\"https:\/\/schema.org\",\"@graph\":[{\"@type\":\"Article\",\"@id\":\"https:\/\/ubanews.com\/site\/2018\/12\/17\/secretaria-de-cultura-promove-evento-e-leva-as-familias-a-praca-guido-marliere\/#article\",\"isPartOf\":{\"@id\":\"https:\/\/ubanews.com\/site\/2018\/12\/17\/secretaria-de-cultura-promove-evento-e-leva-as-familias-a-praca-guido-marliere\/\"},\"author\":{\"name\":\"Sodr\u00e9\",\"@id\":\"https:\/\/ubanews.com\/site\/#\/schema\/person\/d90c9e47252fbb63dcc969fe4c8b9d10\"},\"headline\":\"Secretaria de Cultura promove evento e leva as fam\u00edlias \u00e0 Pra\u00e7a Guido Marli\u00e8re\",\"datePublished\":\"2018-12-17T17:24:38+00:00\",\"dateModified\":\"2019-02-11T13:17:02+00:00\",\"mainEntityOfPage\":{\"@id\":\"https:\/\/ubanews.com\/site\/2018\/12\/17\/secretaria-de-cultura-promove-evento-e-leva-as-familias-a-praca-guido-marliere\/\"},\"wordCount\":312,\"commentCount\":0,\"publisher\":{\"@id\":\"https:\/\/ubanews.com\/site\/#organization\"},\"image\":{\"@id\":\"https:\/\/ubanews.com\/site\/2018\/12\/17\/secretaria-de-cultura-promove-evento-e-leva-as-familias-a-praca-guido-marliere\/#primaryimage\"},\"thumbnailUrl\":\"https:\/\/ubanews.com\/site\/wp-content\/uploads\/2018\/12\/DSC6008-copiar.jpg\",\"articleSection\":[\"Geral\",\"Prefeitura Municipal\"],\"inLanguage\":\"pt-BR\",\"potentialAction\":[{\"@type\":\"CommentAction\",\"name\":\"Comment\",\"target\":[\"https:\/\/ubanews.com\/site\/2018\/12\/17\/secretaria-de-cultura-promove-evento-e-leva-as-familias-a-praca-guido-marliere\/#respond\"]}]},{\"@type\":\"WebPage\",\"@id\":\"https:\/\/ubanews.com\/site\/2018\/12\/17\/secretaria-de-cultura-promove-evento-e-leva-as-familias-a-praca-guido-marliere\/\",\"url\":\"https:\/\/ubanews.com\/site\/2018\/12\/17\/secretaria-de-cultura-promove-evento-e-leva-as-familias-a-praca-guido-marliere\/\",\"name\":\"Secretaria de Cultura promove evento e leva as fam\u00edlias \u00e0 Pra\u00e7a Guido Marli\u00e8re - Ub\u00e1 News\",\"isPartOf\":{\"@id\":\"https:\/\/ubanews.com\/site\/#website\"},\"primaryImageOfPage\":{\"@id\":\"https:\/\/ubanews.com\/site\/2018\/12\/17\/secretaria-de-cultura-promove-evento-e-leva-as-familias-a-praca-guido-marliere\/#primaryimage\"},\"image\":{\"@id\":\"https:\/\/ubanews.com\/site\/2018\/12\/17\/secretaria-de-cultura-promove-evento-e-leva-as-familias-a-praca-guido-marliere\/#primaryimage\"},\"thumbnailUrl\":\"https:\/\/ubanews.com\/site\/wp-content\/uploads\/2018\/12\/DSC6008-copiar.jpg\",\"datePublished\":\"2018-12-17T17:24:38+00:00\",\"dateModified\":\"2019-02-11T13:17:02+00:00\",\"breadcrumb\":{\"@id\":\"https:\/\/ubanews.com\/site\/2018\/12\/17\/secretaria-de-cultura-promove-evento-e-leva-as-familias-a-praca-guido-marliere\/#breadcrumb\"},\"inLanguage\":\"pt-BR\",\"potentialAction\":[{\"@type\":\"ReadAction\",\"target\":[\"https:\/\/ubanews.com\/site\/2018\/12\/17\/secretaria-de-cultura-promove-evento-e-leva-as-familias-a-praca-guido-marliere\/\"]}]},{\"@type\":\"ImageObject\",\"inLanguage\":\"pt-BR\",\"@id\":\"https:\/\/ubanews.com\/site\/2018\/12\/17\/secretaria-de-cultura-promove-evento-e-leva-as-familias-a-praca-guido-marliere\/#primaryimage\",\"url\":\"https:\/\/ubanews.com\/site\/wp-content\/uploads\/2018\/12\/DSC6008-copiar.jpg\",\"contentUrl\":\"https:\/\/ubanews.com\/site\/wp-content\/uploads\/2018\/12\/DSC6008-copiar.jpg\",\"width\":800,\"height\":389},{\"@type\":\"BreadcrumbList\",\"@id\":\"https:\/\/ubanews.com\/site\/2018\/12\/17\/secretaria-de-cultura-promove-evento-e-leva-as-familias-a-praca-guido-marliere\/#breadcrumb\",\"itemListElement\":[{\"@type\":\"ListItem\",\"position\":1,\"name\":\"Home\",\"item\":\"https:\/\/ubanews.com\/site\/\"},{\"@type\":\"ListItem\",\"position\":2,\"name\":\"Secretaria de Cultura promove evento e leva as fam\u00edlias \u00e0 Pra\u00e7a Guido Marli\u00e8re\"}]},{\"@type\":\"WebSite\",\"@id\":\"https:\/\/ubanews.com\/site\/#website\",\"url\":\"https:\/\/ubanews.com\/site\/\",\"name\":\"Ub\u00e1 News\",\"description\":\"\",\"publisher\":{\"@id\":\"https:\/\/ubanews.com\/site\/#organization\"},\"potentialAction\":[{\"@type\":\"SearchAction\",\"target\":{\"@type\":\"EntryPoint\",\"urlTemplate\":\"https:\/\/ubanews.com\/site\/?s={search_term_string}\"},\"query-input\":{\"@type\":\"PropertyValueSpecification\",\"valueRequired\":true,\"valueName\":\"search_term_string\"}}],\"inLanguage\":\"pt-BR\"},{\"@type\":\"Organization\",\"@id\":\"https:\/\/ubanews.com\/site\/#organization\",\"name\":\"Ub\u00e1 News\",\"url\":\"https:\/\/ubanews.com\/site\/\",\"logo\":{\"@type\":\"ImageObject\",\"inLanguage\":\"pt-BR\",\"@id\":\"https:\/\/ubanews.com\/site\/#\/schema\/logo\/image\/\",\"url\":\"https:\/\/ubanews.com\/site\/wp-content\/uploads\/2018\/01\/logoubanews.png\",\"contentUrl\":\"https:\/\/ubanews.com\/site\/wp-content\/uploads\/2018\/01\/logoubanews.png\",\"width\":261,\"height\":99,\"caption\":\"Ub\u00e1 News\"},\"image\":{\"@id\":\"https:\/\/ubanews.com\/site\/#\/schema\/logo\/image\/\"},\"sameAs\":[\"https:\/\/www.facebook.com\/Ub\u00e1News-Carlos-Roberto-Sodr\u00e9-418778301977370\"]},{\"@type\":\"Person\",\"@id\":\"https:\/\/ubanews.com\/site\/#\/schema\/person\/d90c9e47252fbb63dcc969fe4c8b9d10\",\"name\":\"Sodr\u00e9\",\"image\":{\"@type\":\"ImageObject\",\"inLanguage\":\"pt-BR\",\"@id\":\"https:\/\/secure.gravatar.com\/avatar\/5ba2793f0590b9dbfad3fdec4ee714485b3eef211c9b32ee53d414060454a56c?s=96&d=mm&r=g\",\"url\":\"https:\/\/secure.gravatar.com\/avatar\/5ba2793f0590b9dbfad3fdec4ee714485b3eef211c9b32ee53d414060454a56c?s=96&d=mm&r=g\",\"contentUrl\":\"https:\/\/secure.gravatar.com\/avatar\/5ba2793f0590b9dbfad3fdec4ee714485b3eef211c9b32ee53d414060454a56c?s=96&d=mm&r=g\",\"caption\":\"Sodr\u00e9\"},\"sameAs\":[\"https:\/\/www.facebook.com\/carosroberto.sodre.5\/\"],\"url\":\"https:\/\/ubanews.com\/site\/author\/felipe\/\"}]}<\/script>\n<!-- \/ Yoast SEO plugin. -->","yoast_head_json":{"title":"Secretaria de Cultura promove evento e leva as fam\u00edlias \u00e0 Pra\u00e7a Guido Marli\u00e8re - Ub\u00e1 News","robots":{"index":"index","follow":"follow","max-snippet":"max-snippet:-1","max-image-preview":"max-image-preview:large","max-video-preview":"max-video-preview:-1"},"canonical":"https:\/\/ubanews.com\/site\/2018\/12\/17\/secretaria-de-cultura-promove-evento-e-leva-as-familias-a-praca-guido-marliere\/","og_locale":"pt_BR","og_type":"article","og_title":"Secretaria de Cultura promove evento e leva as fam\u00edlias \u00e0 Pra\u00e7a Guido Marli\u00e8re - Ub\u00e1 News","og_description":"Os alunos das Oficinas Art\u00edsticas de Teatro, Viol\u00e3o, Ballet, Dan\u00e7a","og_url":"https:\/\/ubanews.com\/site\/2018\/12\/17\/secretaria-de-cultura-promove-evento-e-leva-as-familias-a-praca-guido-marliere\/","og_site_name":"Ub\u00e1 News","article_publisher":"https:\/\/www.facebook.com\/Ub%c3%a1News-Carlos-Roberto-Sodr%c3%a9-418778301977370","article_author":"https:\/\/www.facebook.com\/carosroberto.sodre.5\/","article_published_time":"2018-12-17T17:24:38+00:00","article_modified_time":"2019-02-11T13:17:02+00:00","og_image":[{"width":800,"height":389,"url":"https:\/\/ubanews.com\/site\/wp-content\/uploads\/2018\/12\/DSC6008-copiar.jpg","type":"image\/jpeg"}],"author":"Sodr\u00e9","twitter_card":"summary_large_image","twitter_misc":{"Escrito por":"Sodr\u00e9","Est. tempo de leitura":"1 minuto"},"schema":{"@context":"https:\/\/schema.org","@graph":[{"@type":"Article","@id":"https:\/\/ubanews.com\/site\/2018\/12\/17\/secretaria-de-cultura-promove-evento-e-leva-as-familias-a-praca-guido-marliere\/#article","isPartOf":{"@id":"https:\/\/ubanews.com\/site\/2018\/12\/17\/secretaria-de-cultura-promove-evento-e-leva-as-familias-a-praca-guido-marliere\/"},"author":{"name":"Sodr\u00e9","@id":"https:\/\/ubanews.com\/site\/#\/schema\/person\/d90c9e47252fbb63dcc969fe4c8b9d10"},"headline":"Secretaria de Cultura promove evento e leva as fam\u00edlias \u00e0 Pra\u00e7a Guido Marli\u00e8re","datePublished":"2018-12-17T17:24:38+00:00","dateModified":"2019-02-11T13:17:02+00:00","mainEntityOfPage":{"@id":"https:\/\/ubanews.com\/site\/2018\/12\/17\/secretaria-de-cultura-promove-evento-e-leva-as-familias-a-praca-guido-marliere\/"},"wordCount":312,"commentCount":0,"publisher":{"@id":"https:\/\/ubanews.com\/site\/#organization"},"image":{"@id":"https:\/\/ubanews.com\/site\/2018\/12\/17\/secretaria-de-cultura-promove-evento-e-leva-as-familias-a-praca-guido-marliere\/#primaryimage"},"thumbnailUrl":"https:\/\/ubanews.com\/site\/wp-content\/uploads\/2018\/12\/DSC6008-copiar.jpg","articleSection":["Geral","Prefeitura Municipal"],"inLanguage":"pt-BR","potentialAction":[{"@type":"CommentAction","name":"Comment","target":["https:\/\/ubanews.com\/site\/2018\/12\/17\/secretaria-de-cultura-promove-evento-e-leva-as-familias-a-praca-guido-marliere\/#respond"]}]},{"@type":"WebPage","@id":"https:\/\/ubanews.com\/site\/2018\/12\/17\/secretaria-de-cultura-promove-evento-e-leva-as-familias-a-praca-guido-marliere\/","url":"https:\/\/ubanews.com\/site\/2018\/12\/17\/secretaria-de-cultura-promove-evento-e-leva-as-familias-a-praca-guido-marliere\/","name":"Secretaria de Cultura promove evento e leva as fam\u00edlias \u00e0 Pra\u00e7a Guido Marli\u00e8re - Ub\u00e1 News","isPartOf":{"@id":"https:\/\/ubanews.com\/site\/#website"},"primaryImageOfPage":{"@id":"https:\/\/ubanews.com\/site\/2018\/12\/17\/secretaria-de-cultura-promove-evento-e-leva-as-familias-a-praca-guido-marliere\/#primaryimage"},"image":{"@id":"https:\/\/ubanews.com\/site\/2018\/12\/17\/secretaria-de-cultura-promove-evento-e-leva-as-familias-a-praca-guido-marliere\/#primaryimage"},"thumbnailUrl":"https:\/\/ubanews.com\/site\/wp-content\/uploads\/2018\/12\/DSC6008-copiar.jpg","datePublished":"2018-12-17T17:24:38+00:00","dateModified":"2019-02-11T13:17:02+00:00","breadcrumb":{"@id":"https:\/\/ubanews.com\/site\/2018\/12\/17\/secretaria-de-cultura-promove-evento-e-leva-as-familias-a-praca-guido-marliere\/#breadcrumb"},"inLanguage":"pt-BR","potentialAction":[{"@type":"ReadAction","target":["https:\/\/ubanews.com\/site\/2018\/12\/17\/secretaria-de-cultura-promove-evento-e-leva-as-familias-a-praca-guido-marliere\/"]}]},{"@type":"ImageObject","inLanguage":"pt-BR","@id":"https:\/\/ubanews.com\/site\/2018\/12\/17\/secretaria-de-cultura-promove-evento-e-leva-as-familias-a-praca-guido-marliere\/#primaryimage","url":"https:\/\/ubanews.com\/site\/wp-content\/uploads\/2018\/12\/DSC6008-copiar.jpg","contentUrl":"https:\/\/ubanews.com\/site\/wp-content\/uploads\/2018\/12\/DSC6008-copiar.jpg","width":800,"height":389},{"@type":"BreadcrumbList","@id":"https:\/\/ubanews.com\/site\/2018\/12\/17\/secretaria-de-cultura-promove-evento-e-leva-as-familias-a-praca-guido-marliere\/#breadcrumb","itemListElement":[{"@type":"ListItem","position":1,"name":"Home","item":"https:\/\/ubanews.com\/site\/"},{"@type":"ListItem","position":2,"name":"Secretaria de Cultura promove evento e leva as fam\u00edlias \u00e0 Pra\u00e7a Guido Marli\u00e8re"}]},{"@type":"WebSite","@id":"https:\/\/ubanews.com\/site\/#website","url":"https:\/\/ubanews.com\/site\/","name":"Ub\u00e1 News","description":"","publisher":{"@id":"https:\/\/ubanews.com\/site\/#organization"},"potentialAction":[{"@type":"SearchAction","target":{"@type":"EntryPoint","urlTemplate":"https:\/\/ubanews.com\/site\/?s={search_term_string}"},"query-input":{"@type":"PropertyValueSpecification","valueRequired":true,"valueName":"search_term_string"}}],"inLanguage":"pt-BR"},{"@type":"Organization","@id":"https:\/\/ubanews.com\/site\/#organization","name":"Ub\u00e1 News","url":"https:\/\/ubanews.com\/site\/","logo":{"@type":"ImageObject","inLanguage":"pt-BR","@id":"https:\/\/ubanews.com\/site\/#\/schema\/logo\/image\/","url":"https:\/\/ubanews.com\/site\/wp-content\/uploads\/2018\/01\/logoubanews.png","contentUrl":"https:\/\/ubanews.com\/site\/wp-content\/uploads\/2018\/01\/logoubanews.png","width":261,"height":99,"caption":"Ub\u00e1 News"},"image":{"@id":"https:\/\/ubanews.com\/site\/#\/schema\/logo\/image\/"},"sameAs":["https:\/\/www.facebook.com\/Ub\u00e1News-Carlos-Roberto-Sodr\u00e9-418778301977370"]},{"@type":"Person","@id":"https:\/\/ubanews.com\/site\/#\/schema\/person\/d90c9e47252fbb63dcc969fe4c8b9d10","name":"Sodr\u00e9","image":{"@type":"ImageObject","inLanguage":"pt-BR","@id":"https:\/\/secure.gravatar.com\/avatar\/5ba2793f0590b9dbfad3fdec4ee714485b3eef211c9b32ee53d414060454a56c?s=96&d=mm&r=g","url":"https:\/\/secure.gravatar.com\/avatar\/5ba2793f0590b9dbfad3fdec4ee714485b3eef211c9b32ee53d414060454a56c?s=96&d=mm&r=g","contentUrl":"https:\/\/secure.gravatar.com\/avatar\/5ba2793f0590b9dbfad3fdec4ee714485b3eef211c9b32ee53d414060454a56c?s=96&d=mm&r=g","caption":"Sodr\u00e9"},"sameAs":["https:\/\/www.facebook.com\/carosroberto.sodre.5\/"],"url":"https:\/\/ubanews.com\/site\/author\/felipe\/"}]}},"_links":{"self":[{"href":"https:\/\/ubanews.com\/site\/wp-json\/wp\/v2\/posts\/9851","targetHints":{"allow":["GET"]}}],"collection":[{"href":"https:\/\/ubanews.com\/site\/wp-json\/wp\/v2\/posts"}],"about":[{"href":"https:\/\/ubanews.com\/site\/wp-json\/wp\/v2\/types\/post"}],"author":[{"embeddable":true,"href":"https:\/\/ubanews.com\/site\/wp-json\/wp\/v2\/users\/2"}],"replies":[{"embeddable":true,"href":"https:\/\/ubanews.com\/site\/wp-json\/wp\/v2\/comments?post=9851"}],"version-history":[{"count":0,"href":"https:\/\/ubanews.com\/site\/wp-json\/wp\/v2\/posts\/9851\/revisions"}],"wp:featuredmedia":[{"embeddable":true,"href":"https:\/\/ubanews.com\/site\/wp-json\/wp\/v2\/media\/9853"}],"wp:attachment":[{"href":"https:\/\/ubanews.com\/site\/wp-json\/wp\/v2\/media?parent=9851"}],"wp:term":[{"taxonomy":"category","embeddable":true,"href":"https:\/\/ubanews.com\/site\/wp-json\/wp\/v2\/categories?post=9851"},{"taxonomy":"post_tag","embeddable":true,"href":"https:\/\/ubanews.com\/site\/wp-json\/wp\/v2\/tags?post=9851"}],"curies":[{"name":"wp","href":"https:\/\/api.w.org\/{rel}","templated":true}]}}