{"id":9796,"date":"2018-12-14T10:46:57","date_gmt":"2018-12-14T12:46:57","guid":{"rendered":"http:\/\/ubanews.com\/site\/?p=9796"},"modified":"2018-12-14T10:46:57","modified_gmt":"2018-12-14T12:46:57","slug":"realizado-formatura-de-685-criancas-do-proerd-programa-educacional-de-resistencia-as-drogas","status":"publish","type":"post","link":"https:\/\/ubanews.com\/site\/2018\/12\/14\/realizado-formatura-de-685-criancas-do-proerd-programa-educacional-de-resistencia-as-drogas\/","title":{"rendered":"REALIZADO FORMATURA DE 685 CRIAN\u00c7AS DO PROERD (PROGRAMA EDUCACIONAL DE RESIST\u00caNCIA \u00c0S DROGAS)"},"content":{"rendered":"<p><a href=\"https:\/\/ubanews.com\/site\/wp-content\/uploads\/2018\/12\/195-1.jpg\"><img decoding=\"async\" class=\"alignnone size-medium wp-image-9798 lazyload\" data-src=\"https:\/\/ubanews.com\/site\/wp-content\/uploads\/2018\/12\/195-1-300x146.jpg\" alt=\"\" width=\"300\" height=\"146\" data-srcset=\"https:\/\/ubanews.com\/site\/wp-content\/uploads\/2018\/12\/195-1-300x146.jpg 300w, https:\/\/ubanews.com\/site\/wp-content\/uploads\/2018\/12\/195-1-768x373.jpg 768w, https:\/\/ubanews.com\/site\/wp-content\/uploads\/2018\/12\/195-1.jpg 800w\" data-sizes=\"(max-width: 300px) 100vw, 300px\" src=\"data:image\/svg+xml;base64,PHN2ZyB3aWR0aD0iMSIgaGVpZ2h0PSIxIiB4bWxucz0iaHR0cDovL3d3dy53My5vcmcvMjAwMC9zdmciPjwvc3ZnPg==\" style=\"--smush-placeholder-width: 300px; --smush-placeholder-aspect-ratio: 300\/146;\" \/><\/a> <a href=\"https:\/\/ubanews.com\/site\/wp-content\/uploads\/2018\/12\/197.jpg\"><img decoding=\"async\" class=\"alignnone size-medium wp-image-9799 lazyload\" data-src=\"https:\/\/ubanews.com\/site\/wp-content\/uploads\/2018\/12\/197-300x146.jpg\" alt=\"\" width=\"300\" height=\"146\" data-srcset=\"https:\/\/ubanews.com\/site\/wp-content\/uploads\/2018\/12\/197-300x146.jpg 300w, https:\/\/ubanews.com\/site\/wp-content\/uploads\/2018\/12\/197-768x373.jpg 768w, https:\/\/ubanews.com\/site\/wp-content\/uploads\/2018\/12\/197.jpg 800w\" data-sizes=\"(max-width: 300px) 100vw, 300px\" src=\"data:image\/svg+xml;base64,PHN2ZyB3aWR0aD0iMSIgaGVpZ2h0PSIxIiB4bWxucz0iaHR0cDovL3d3dy53My5vcmcvMjAwMC9zdmciPjwvc3ZnPg==\" style=\"--smush-placeholder-width: 300px; --smush-placeholder-aspect-ratio: 300\/146;\" \/><\/a><\/p>\n<p>Na noite de quinta-feira (13), no Clube Pra\u00e7a de Esportes, aconteceu a solenidade de formatura do PROERD, Programa Educacional de Resist\u00eancia \u00e0s Drogas e \u00e0 Viol\u00eancia, realizado pela Policia Militar em parceria com as Escolas Estaduais e Municipais. Foram formados 685 crian\u00e7as com a participa\u00e7\u00e3o dos seguintes educand\u00e1rios: Escola Estadual Ces\u00e1rio Alvim; Escola Estadual Professor Francisco Arthidoro da Costa; Escola Estadual Dr Jos\u00e9 Janu\u00e1rio Carneiro; Escola Estadual Dr Levindo Coelho; Escola Municipal Dr Heitor Peixoto de Toledo; Escola Municipal Professor Manoel Artidoro de Castro; Escola Estadual Governador Valadares; Escola Estadual Prof.Maria Luiza Antunes Cal\u00e7ado; Escola Municipal Dr Tanus Feres de Andrade (Curumim II); Escola Municipal Pedro Peron; Escola Municipal Dr Jos\u00e9 Campomizzi Filho \u2013 CAIC; Col\u00e9gio Tiradentes da Pol\u00edcia Militar \u2013 C\u00e2ndido Martins de Oliveira; Projeto Vida Irm\u00e3 Maria de Aquino.<\/p>\n<p>Estiveram presentes todas as diretoras, a Secret\u00e1ria Municipal de Educa\u00e7\u00e3o e o Sub Comandante do 21\u00baBPM, Maj PM Clayton Pereira de S\u00e1.<\/p>\n<p>Durante a cerim\u00f4nia, os estudantes que mais se destacaram durante as aulas do programa receberam trof\u00e9us de honra ao m\u00e9rito, bem como os, autores das duas melhores reda\u00e7\u00f5es sobre o que foi aprendido com o Proerd foram premiados .<\/p>\n<p>O Proerd consiste no esfor\u00e7o cooperativo da <strong>Pol\u00edcia Militar, Escola e Fam\u00edlia<\/strong> para oferecer atividades educacionais em sala de aula com a finalidade de prevenir que crian\u00e7as e adolescentes em fase escolar incidam no uso das diversas drogas existentes em nosso meio, despertando-lhes a consci\u00eancia para este problema e, tamb\u00e9m, para a quest\u00e3o da viol\u00eancia.Ao final os alunos ,fizeram um juramento, cujos dizeres s\u00e3o: Prometo aos meus pais, \u00e0 escola e \u00e0 comunidade, ser respeitosos e respons\u00e1veis, tomar decis\u00f5es seguras e ter uma vida saud\u00e1vel. Viva o PROERD! E entoaram a can\u00e7\u00e3o do PROERD, juntamente com o Le\u00e3o DARE Mascote do PROERD.<\/p>\n<div><span style=\"font-family: 'Arial','sans-serif';\"><span style=\"font-size: large;\"><b>ASSESSORIA DE COMUNICA\u00c7\u00c3O ORGANIZACIONAL<\/b><\/span><i><b><br \/>\n<\/b><\/i><\/span><\/div>\n<p><strong><span style=\"font-family: 'Arial','sans-serif';\"><i>Vig\u00e9simo Primeiro Batalh\u00e3o de Pol\u00edcia Militar<\/i><\/span><\/strong><\/p>\n","protected":false},"excerpt":{"rendered":"<p>Na noite de quinta-feira (13), no Clube Pra\u00e7a de Esportes,<\/p>\n","protected":false},"author":2,"featured_media":9800,"comment_status":"open","ping_status":"open","sticky":false,"template":"","format":"standard","meta":{"footnotes":""},"categories":[13],"tags":[],"class_list":["post-9796","post","type-post","status-publish","format-standard","has-post-thumbnail","hentry","category-sintese-das-ocorrencias"],"yoast_head":"<!-- This site is optimized with the Yoast SEO plugin v27.2 - https:\/\/yoast.com\/product\/yoast-seo-wordpress\/ -->\n<title>REALIZADO FORMATURA DE 685 CRIAN\u00c7AS DO PROERD (PROGRAMA EDUCACIONAL DE RESIST\u00caNCIA \u00c0S DROGAS) - Ub\u00e1 News<\/title>\n<meta name=\"robots\" content=\"index, follow, max-snippet:-1, max-image-preview:large, max-video-preview:-1\" \/>\n<link rel=\"canonical\" href=\"https:\/\/ubanews.com\/site\/2018\/12\/14\/realizado-formatura-de-685-criancas-do-proerd-programa-educacional-de-resistencia-as-drogas\/\" \/>\n<meta property=\"og:locale\" content=\"pt_BR\" \/>\n<meta property=\"og:type\" content=\"article\" \/>\n<meta property=\"og:title\" content=\"REALIZADO FORMATURA DE 685 CRIAN\u00c7AS DO PROERD (PROGRAMA EDUCACIONAL DE RESIST\u00caNCIA \u00c0S DROGAS) - Ub\u00e1 News\" \/>\n<meta property=\"og:description\" content=\"Na noite de quinta-feira (13), no Clube Pra\u00e7a de Esportes,\" \/>\n<meta property=\"og:url\" content=\"https:\/\/ubanews.com\/site\/2018\/12\/14\/realizado-formatura-de-685-criancas-do-proerd-programa-educacional-de-resistencia-as-drogas\/\" \/>\n<meta property=\"og:site_name\" content=\"Ub\u00e1 News\" \/>\n<meta property=\"article:publisher\" content=\"https:\/\/www.facebook.com\/Ub%c3%a1News-Carlos-Roberto-Sodr%c3%a9-418778301977370\" \/>\n<meta property=\"article:author\" content=\"https:\/\/www.facebook.com\/carosroberto.sodre.5\/\" \/>\n<meta property=\"article:published_time\" content=\"2018-12-14T12:46:57+00:00\" \/>\n<meta property=\"og:image\" content=\"https:\/\/ubanews.com\/site\/wp-content\/uploads\/2018\/12\/196-1.jpg\" \/>\n\t<meta property=\"og:image:width\" content=\"800\" \/>\n\t<meta property=\"og:image:height\" content=\"389\" \/>\n\t<meta property=\"og:image:type\" content=\"image\/jpeg\" \/>\n<meta name=\"author\" content=\"Sodr\u00e9\" \/>\n<meta name=\"twitter:card\" content=\"summary_large_image\" \/>\n<meta name=\"twitter:label1\" content=\"Escrito por\" \/>\n\t<meta name=\"twitter:data1\" content=\"Sodr\u00e9\" \/>\n\t<meta name=\"twitter:label2\" content=\"Est. tempo de leitura\" \/>\n\t<meta name=\"twitter:data2\" content=\"2 minutos\" \/>\n<script type=\"application\/ld+json\" class=\"yoast-schema-graph\">{\"@context\":\"https:\/\/schema.org\",\"@graph\":[{\"@type\":\"Article\",\"@id\":\"https:\/\/ubanews.com\/site\/2018\/12\/14\/realizado-formatura-de-685-criancas-do-proerd-programa-educacional-de-resistencia-as-drogas\/#article\",\"isPartOf\":{\"@id\":\"https:\/\/ubanews.com\/site\/2018\/12\/14\/realizado-formatura-de-685-criancas-do-proerd-programa-educacional-de-resistencia-as-drogas\/\"},\"author\":{\"name\":\"Sodr\u00e9\",\"@id\":\"https:\/\/ubanews.com\/site\/#\/schema\/person\/d90c9e47252fbb63dcc969fe4c8b9d10\"},\"headline\":\"REALIZADO FORMATURA DE 685 CRIAN\u00c7AS DO PROERD (PROGRAMA EDUCACIONAL DE RESIST\u00caNCIA \u00c0S DROGAS)\",\"datePublished\":\"2018-12-14T12:46:57+00:00\",\"mainEntityOfPage\":{\"@id\":\"https:\/\/ubanews.com\/site\/2018\/12\/14\/realizado-formatura-de-685-criancas-do-proerd-programa-educacional-de-resistencia-as-drogas\/\"},\"wordCount\":348,\"commentCount\":0,\"publisher\":{\"@id\":\"https:\/\/ubanews.com\/site\/#organization\"},\"image\":{\"@id\":\"https:\/\/ubanews.com\/site\/2018\/12\/14\/realizado-formatura-de-685-criancas-do-proerd-programa-educacional-de-resistencia-as-drogas\/#primaryimage\"},\"thumbnailUrl\":\"https:\/\/ubanews.com\/site\/wp-content\/uploads\/2018\/12\/196-1.jpg\",\"articleSection\":[\"S\u00edntese das Ocorr\u00eancias\"],\"inLanguage\":\"pt-BR\",\"potentialAction\":[{\"@type\":\"CommentAction\",\"name\":\"Comment\",\"target\":[\"https:\/\/ubanews.com\/site\/2018\/12\/14\/realizado-formatura-de-685-criancas-do-proerd-programa-educacional-de-resistencia-as-drogas\/#respond\"]}]},{\"@type\":\"WebPage\",\"@id\":\"https:\/\/ubanews.com\/site\/2018\/12\/14\/realizado-formatura-de-685-criancas-do-proerd-programa-educacional-de-resistencia-as-drogas\/\",\"url\":\"https:\/\/ubanews.com\/site\/2018\/12\/14\/realizado-formatura-de-685-criancas-do-proerd-programa-educacional-de-resistencia-as-drogas\/\",\"name\":\"REALIZADO FORMATURA DE 685 CRIAN\u00c7AS DO PROERD (PROGRAMA EDUCACIONAL DE RESIST\u00caNCIA \u00c0S DROGAS) - Ub\u00e1 News\",\"isPartOf\":{\"@id\":\"https:\/\/ubanews.com\/site\/#website\"},\"primaryImageOfPage\":{\"@id\":\"https:\/\/ubanews.com\/site\/2018\/12\/14\/realizado-formatura-de-685-criancas-do-proerd-programa-educacional-de-resistencia-as-drogas\/#primaryimage\"},\"image\":{\"@id\":\"https:\/\/ubanews.com\/site\/2018\/12\/14\/realizado-formatura-de-685-criancas-do-proerd-programa-educacional-de-resistencia-as-drogas\/#primaryimage\"},\"thumbnailUrl\":\"https:\/\/ubanews.com\/site\/wp-content\/uploads\/2018\/12\/196-1.jpg\",\"datePublished\":\"2018-12-14T12:46:57+00:00\",\"breadcrumb\":{\"@id\":\"https:\/\/ubanews.com\/site\/2018\/12\/14\/realizado-formatura-de-685-criancas-do-proerd-programa-educacional-de-resistencia-as-drogas\/#breadcrumb\"},\"inLanguage\":\"pt-BR\",\"potentialAction\":[{\"@type\":\"ReadAction\",\"target\":[\"https:\/\/ubanews.com\/site\/2018\/12\/14\/realizado-formatura-de-685-criancas-do-proerd-programa-educacional-de-resistencia-as-drogas\/\"]}]},{\"@type\":\"ImageObject\",\"inLanguage\":\"pt-BR\",\"@id\":\"https:\/\/ubanews.com\/site\/2018\/12\/14\/realizado-formatura-de-685-criancas-do-proerd-programa-educacional-de-resistencia-as-drogas\/#primaryimage\",\"url\":\"https:\/\/ubanews.com\/site\/wp-content\/uploads\/2018\/12\/196-1.jpg\",\"contentUrl\":\"https:\/\/ubanews.com\/site\/wp-content\/uploads\/2018\/12\/196-1.jpg\",\"width\":800,\"height\":389},{\"@type\":\"BreadcrumbList\",\"@id\":\"https:\/\/ubanews.com\/site\/2018\/12\/14\/realizado-formatura-de-685-criancas-do-proerd-programa-educacional-de-resistencia-as-drogas\/#breadcrumb\",\"itemListElement\":[{\"@type\":\"ListItem\",\"position\":1,\"name\":\"Home\",\"item\":\"https:\/\/ubanews.com\/site\/\"},{\"@type\":\"ListItem\",\"position\":2,\"name\":\"REALIZADO FORMATURA DE 685 CRIAN\u00c7AS DO PROERD (PROGRAMA EDUCACIONAL DE RESIST\u00caNCIA \u00c0S DROGAS)\"}]},{\"@type\":\"WebSite\",\"@id\":\"https:\/\/ubanews.com\/site\/#website\",\"url\":\"https:\/\/ubanews.com\/site\/\",\"name\":\"Ub\u00e1 News\",\"description\":\"\",\"publisher\":{\"@id\":\"https:\/\/ubanews.com\/site\/#organization\"},\"potentialAction\":[{\"@type\":\"SearchAction\",\"target\":{\"@type\":\"EntryPoint\",\"urlTemplate\":\"https:\/\/ubanews.com\/site\/?s={search_term_string}\"},\"query-input\":{\"@type\":\"PropertyValueSpecification\",\"valueRequired\":true,\"valueName\":\"search_term_string\"}}],\"inLanguage\":\"pt-BR\"},{\"@type\":\"Organization\",\"@id\":\"https:\/\/ubanews.com\/site\/#organization\",\"name\":\"Ub\u00e1 News\",\"url\":\"https:\/\/ubanews.com\/site\/\",\"logo\":{\"@type\":\"ImageObject\",\"inLanguage\":\"pt-BR\",\"@id\":\"https:\/\/ubanews.com\/site\/#\/schema\/logo\/image\/\",\"url\":\"https:\/\/ubanews.com\/site\/wp-content\/uploads\/2018\/01\/logoubanews.png\",\"contentUrl\":\"https:\/\/ubanews.com\/site\/wp-content\/uploads\/2018\/01\/logoubanews.png\",\"width\":261,\"height\":99,\"caption\":\"Ub\u00e1 News\"},\"image\":{\"@id\":\"https:\/\/ubanews.com\/site\/#\/schema\/logo\/image\/\"},\"sameAs\":[\"https:\/\/www.facebook.com\/Ub\u00e1News-Carlos-Roberto-Sodr\u00e9-418778301977370\"]},{\"@type\":\"Person\",\"@id\":\"https:\/\/ubanews.com\/site\/#\/schema\/person\/d90c9e47252fbb63dcc969fe4c8b9d10\",\"name\":\"Sodr\u00e9\",\"image\":{\"@type\":\"ImageObject\",\"inLanguage\":\"pt-BR\",\"@id\":\"https:\/\/secure.gravatar.com\/avatar\/5ba2793f0590b9dbfad3fdec4ee714485b3eef211c9b32ee53d414060454a56c?s=96&d=mm&r=g\",\"url\":\"https:\/\/secure.gravatar.com\/avatar\/5ba2793f0590b9dbfad3fdec4ee714485b3eef211c9b32ee53d414060454a56c?s=96&d=mm&r=g\",\"contentUrl\":\"https:\/\/secure.gravatar.com\/avatar\/5ba2793f0590b9dbfad3fdec4ee714485b3eef211c9b32ee53d414060454a56c?s=96&d=mm&r=g\",\"caption\":\"Sodr\u00e9\"},\"sameAs\":[\"https:\/\/www.facebook.com\/carosroberto.sodre.5\/\"],\"url\":\"https:\/\/ubanews.com\/site\/author\/felipe\/\"}]}<\/script>\n<!-- \/ Yoast SEO plugin. -->","yoast_head_json":{"title":"REALIZADO FORMATURA DE 685 CRIAN\u00c7AS DO PROERD (PROGRAMA EDUCACIONAL DE RESIST\u00caNCIA \u00c0S DROGAS) - Ub\u00e1 News","robots":{"index":"index","follow":"follow","max-snippet":"max-snippet:-1","max-image-preview":"max-image-preview:large","max-video-preview":"max-video-preview:-1"},"canonical":"https:\/\/ubanews.com\/site\/2018\/12\/14\/realizado-formatura-de-685-criancas-do-proerd-programa-educacional-de-resistencia-as-drogas\/","og_locale":"pt_BR","og_type":"article","og_title":"REALIZADO FORMATURA DE 685 CRIAN\u00c7AS DO PROERD (PROGRAMA EDUCACIONAL DE RESIST\u00caNCIA \u00c0S DROGAS) - Ub\u00e1 News","og_description":"Na noite de quinta-feira (13), no Clube Pra\u00e7a de Esportes,","og_url":"https:\/\/ubanews.com\/site\/2018\/12\/14\/realizado-formatura-de-685-criancas-do-proerd-programa-educacional-de-resistencia-as-drogas\/","og_site_name":"Ub\u00e1 News","article_publisher":"https:\/\/www.facebook.com\/Ub%c3%a1News-Carlos-Roberto-Sodr%c3%a9-418778301977370","article_author":"https:\/\/www.facebook.com\/carosroberto.sodre.5\/","article_published_time":"2018-12-14T12:46:57+00:00","og_image":[{"width":800,"height":389,"url":"https:\/\/ubanews.com\/site\/wp-content\/uploads\/2018\/12\/196-1.jpg","type":"image\/jpeg"}],"author":"Sodr\u00e9","twitter_card":"summary_large_image","twitter_misc":{"Escrito por":"Sodr\u00e9","Est. tempo de leitura":"2 minutos"},"schema":{"@context":"https:\/\/schema.org","@graph":[{"@type":"Article","@id":"https:\/\/ubanews.com\/site\/2018\/12\/14\/realizado-formatura-de-685-criancas-do-proerd-programa-educacional-de-resistencia-as-drogas\/#article","isPartOf":{"@id":"https:\/\/ubanews.com\/site\/2018\/12\/14\/realizado-formatura-de-685-criancas-do-proerd-programa-educacional-de-resistencia-as-drogas\/"},"author":{"name":"Sodr\u00e9","@id":"https:\/\/ubanews.com\/site\/#\/schema\/person\/d90c9e47252fbb63dcc969fe4c8b9d10"},"headline":"REALIZADO FORMATURA DE 685 CRIAN\u00c7AS DO PROERD (PROGRAMA EDUCACIONAL DE RESIST\u00caNCIA \u00c0S DROGAS)","datePublished":"2018-12-14T12:46:57+00:00","mainEntityOfPage":{"@id":"https:\/\/ubanews.com\/site\/2018\/12\/14\/realizado-formatura-de-685-criancas-do-proerd-programa-educacional-de-resistencia-as-drogas\/"},"wordCount":348,"commentCount":0,"publisher":{"@id":"https:\/\/ubanews.com\/site\/#organization"},"image":{"@id":"https:\/\/ubanews.com\/site\/2018\/12\/14\/realizado-formatura-de-685-criancas-do-proerd-programa-educacional-de-resistencia-as-drogas\/#primaryimage"},"thumbnailUrl":"https:\/\/ubanews.com\/site\/wp-content\/uploads\/2018\/12\/196-1.jpg","articleSection":["S\u00edntese das Ocorr\u00eancias"],"inLanguage":"pt-BR","potentialAction":[{"@type":"CommentAction","name":"Comment","target":["https:\/\/ubanews.com\/site\/2018\/12\/14\/realizado-formatura-de-685-criancas-do-proerd-programa-educacional-de-resistencia-as-drogas\/#respond"]}]},{"@type":"WebPage","@id":"https:\/\/ubanews.com\/site\/2018\/12\/14\/realizado-formatura-de-685-criancas-do-proerd-programa-educacional-de-resistencia-as-drogas\/","url":"https:\/\/ubanews.com\/site\/2018\/12\/14\/realizado-formatura-de-685-criancas-do-proerd-programa-educacional-de-resistencia-as-drogas\/","name":"REALIZADO FORMATURA DE 685 CRIAN\u00c7AS DO PROERD (PROGRAMA EDUCACIONAL DE RESIST\u00caNCIA \u00c0S DROGAS) - Ub\u00e1 News","isPartOf":{"@id":"https:\/\/ubanews.com\/site\/#website"},"primaryImageOfPage":{"@id":"https:\/\/ubanews.com\/site\/2018\/12\/14\/realizado-formatura-de-685-criancas-do-proerd-programa-educacional-de-resistencia-as-drogas\/#primaryimage"},"image":{"@id":"https:\/\/ubanews.com\/site\/2018\/12\/14\/realizado-formatura-de-685-criancas-do-proerd-programa-educacional-de-resistencia-as-drogas\/#primaryimage"},"thumbnailUrl":"https:\/\/ubanews.com\/site\/wp-content\/uploads\/2018\/12\/196-1.jpg","datePublished":"2018-12-14T12:46:57+00:00","breadcrumb":{"@id":"https:\/\/ubanews.com\/site\/2018\/12\/14\/realizado-formatura-de-685-criancas-do-proerd-programa-educacional-de-resistencia-as-drogas\/#breadcrumb"},"inLanguage":"pt-BR","potentialAction":[{"@type":"ReadAction","target":["https:\/\/ubanews.com\/site\/2018\/12\/14\/realizado-formatura-de-685-criancas-do-proerd-programa-educacional-de-resistencia-as-drogas\/"]}]},{"@type":"ImageObject","inLanguage":"pt-BR","@id":"https:\/\/ubanews.com\/site\/2018\/12\/14\/realizado-formatura-de-685-criancas-do-proerd-programa-educacional-de-resistencia-as-drogas\/#primaryimage","url":"https:\/\/ubanews.com\/site\/wp-content\/uploads\/2018\/12\/196-1.jpg","contentUrl":"https:\/\/ubanews.com\/site\/wp-content\/uploads\/2018\/12\/196-1.jpg","width":800,"height":389},{"@type":"BreadcrumbList","@id":"https:\/\/ubanews.com\/site\/2018\/12\/14\/realizado-formatura-de-685-criancas-do-proerd-programa-educacional-de-resistencia-as-drogas\/#breadcrumb","itemListElement":[{"@type":"ListItem","position":1,"name":"Home","item":"https:\/\/ubanews.com\/site\/"},{"@type":"ListItem","position":2,"name":"REALIZADO FORMATURA DE 685 CRIAN\u00c7AS DO PROERD (PROGRAMA EDUCACIONAL DE RESIST\u00caNCIA \u00c0S DROGAS)"}]},{"@type":"WebSite","@id":"https:\/\/ubanews.com\/site\/#website","url":"https:\/\/ubanews.com\/site\/","name":"Ub\u00e1 News","description":"","publisher":{"@id":"https:\/\/ubanews.com\/site\/#organization"},"potentialAction":[{"@type":"SearchAction","target":{"@type":"EntryPoint","urlTemplate":"https:\/\/ubanews.com\/site\/?s={search_term_string}"},"query-input":{"@type":"PropertyValueSpecification","valueRequired":true,"valueName":"search_term_string"}}],"inLanguage":"pt-BR"},{"@type":"Organization","@id":"https:\/\/ubanews.com\/site\/#organization","name":"Ub\u00e1 News","url":"https:\/\/ubanews.com\/site\/","logo":{"@type":"ImageObject","inLanguage":"pt-BR","@id":"https:\/\/ubanews.com\/site\/#\/schema\/logo\/image\/","url":"https:\/\/ubanews.com\/site\/wp-content\/uploads\/2018\/01\/logoubanews.png","contentUrl":"https:\/\/ubanews.com\/site\/wp-content\/uploads\/2018\/01\/logoubanews.png","width":261,"height":99,"caption":"Ub\u00e1 News"},"image":{"@id":"https:\/\/ubanews.com\/site\/#\/schema\/logo\/image\/"},"sameAs":["https:\/\/www.facebook.com\/Ub\u00e1News-Carlos-Roberto-Sodr\u00e9-418778301977370"]},{"@type":"Person","@id":"https:\/\/ubanews.com\/site\/#\/schema\/person\/d90c9e47252fbb63dcc969fe4c8b9d10","name":"Sodr\u00e9","image":{"@type":"ImageObject","inLanguage":"pt-BR","@id":"https:\/\/secure.gravatar.com\/avatar\/5ba2793f0590b9dbfad3fdec4ee714485b3eef211c9b32ee53d414060454a56c?s=96&d=mm&r=g","url":"https:\/\/secure.gravatar.com\/avatar\/5ba2793f0590b9dbfad3fdec4ee714485b3eef211c9b32ee53d414060454a56c?s=96&d=mm&r=g","contentUrl":"https:\/\/secure.gravatar.com\/avatar\/5ba2793f0590b9dbfad3fdec4ee714485b3eef211c9b32ee53d414060454a56c?s=96&d=mm&r=g","caption":"Sodr\u00e9"},"sameAs":["https:\/\/www.facebook.com\/carosroberto.sodre.5\/"],"url":"https:\/\/ubanews.com\/site\/author\/felipe\/"}]}},"_links":{"self":[{"href":"https:\/\/ubanews.com\/site\/wp-json\/wp\/v2\/posts\/9796","targetHints":{"allow":["GET"]}}],"collection":[{"href":"https:\/\/ubanews.com\/site\/wp-json\/wp\/v2\/posts"}],"about":[{"href":"https:\/\/ubanews.com\/site\/wp-json\/wp\/v2\/types\/post"}],"author":[{"embeddable":true,"href":"https:\/\/ubanews.com\/site\/wp-json\/wp\/v2\/users\/2"}],"replies":[{"embeddable":true,"href":"https:\/\/ubanews.com\/site\/wp-json\/wp\/v2\/comments?post=9796"}],"version-history":[{"count":0,"href":"https:\/\/ubanews.com\/site\/wp-json\/wp\/v2\/posts\/9796\/revisions"}],"wp:featuredmedia":[{"embeddable":true,"href":"https:\/\/ubanews.com\/site\/wp-json\/wp\/v2\/media\/9800"}],"wp:attachment":[{"href":"https:\/\/ubanews.com\/site\/wp-json\/wp\/v2\/media?parent=9796"}],"wp:term":[{"taxonomy":"category","embeddable":true,"href":"https:\/\/ubanews.com\/site\/wp-json\/wp\/v2\/categories?post=9796"},{"taxonomy":"post_tag","embeddable":true,"href":"https:\/\/ubanews.com\/site\/wp-json\/wp\/v2\/tags?post=9796"}],"curies":[{"name":"wp","href":"https:\/\/api.w.org\/{rel}","templated":true}]}}