{"id":9738,"date":"2018-12-11T19:39:51","date_gmt":"2018-12-11T21:39:51","guid":{"rendered":"http:\/\/ubanews.com\/site\/?p=9738"},"modified":"2018-12-17T15:36:56","modified_gmt":"2018-12-17T17:36:56","slug":"a-ponte-da-avenida-cristiano-rocas-ficara-interditada-por-tempo-indeterminado","status":"publish","type":"post","link":"https:\/\/ubanews.com\/site\/2018\/12\/11\/a-ponte-da-avenida-cristiano-rocas-ficara-interditada-por-tempo-indeterminado\/","title":{"rendered":"A PONTE DA AVENIDA CRISTIANO RO\u00c7AS FICAR\u00c1 INTERDITADA POR TEMPO INDETERMINADO"},"content":{"rendered":"<p><iframe data-src=\"https:\/\/www.youtube.com\/embed\/NmtV90Skcb4\" width=\"560\" height=\"315\" frameborder=\"0\" allowfullscreen=\"allowfullscreen\" src=\"data:image\/svg+xml;base64,PHN2ZyB3aWR0aD0iMSIgaGVpZ2h0PSIxIiB4bWxucz0iaHR0cDovL3d3dy53My5vcmcvMjAwMC9zdmciPjwvc3ZnPg==\" class=\"lazyload\" data-load-mode=\"1\"><\/iframe><br \/>\n<iframe data-src=\"https:\/\/www.youtube.com\/embed\/UZTrQcw2qUI\" width=\"560\" height=\"315\" frameborder=\"0\" allowfullscreen=\"allowfullscreen\" src=\"data:image\/svg+xml;base64,PHN2ZyB3aWR0aD0iMSIgaGVpZ2h0PSIxIiB4bWxucz0iaHR0cDovL3d3dy53My5vcmcvMjAwMC9zdmciPjwvc3ZnPg==\" class=\"lazyload\" data-load-mode=\"1\"><\/iframe><br \/>\n<iframe data-src=\"https:\/\/www.youtube.com\/embed\/NwG8CxVNMIQ\" width=\"560\" height=\"315\" frameborder=\"0\" allowfullscreen=\"allowfullscreen\" src=\"data:image\/svg+xml;base64,PHN2ZyB3aWR0aD0iMSIgaGVpZ2h0PSIxIiB4bWxucz0iaHR0cDovL3d3dy53My5vcmcvMjAwMC9zdmciPjwvc3ZnPg==\" class=\"lazyload\" data-load-mode=\"1\"><\/iframe><br \/>\n<iframe data-src=\"https:\/\/www.youtube.com\/embed\/bcCeInfbFPA\" width=\"560\" height=\"315\" frameborder=\"0\" allowfullscreen=\"allowfullscreen\" src=\"data:image\/svg+xml;base64,PHN2ZyB3aWR0aD0iMSIgaGVpZ2h0PSIxIiB4bWxucz0iaHR0cDovL3d3dy53My5vcmcvMjAwMC9zdmciPjwvc3ZnPg==\" class=\"lazyload\" data-load-mode=\"1\"><\/iframe>&nbsp;<\/p>\n<p>A Prefeitura Municipal de Ub\u00e1 informou ainda na parte da manh\u00e3 desta ter\u00e7a-feira (11) que o tr\u00e2nsito na ponte da Avenida Cristiano Ro\u00e7as (pr\u00f3ximo \u00e0s Casas Bahia) ficar\u00e1 interrompido, a partir desta data, para o tr\u00e1fego de carros e motos, podendo passar apenas os pedestres.<\/p>\n<p>A interdi\u00e7\u00e3o \u00e9 devido ao solapamento (afundamento\/eros\u00e3o) da margem abaixo da estrutura da ponte.<\/p>\n<p>A Divis\u00e3o de Tr\u00e2nsito, Secret\u00e1rios de Obras, uma equipe de engenheiros, o coordenador da Defesa Civil, estiveram no local, na parte da manh\u00e3 e \u00e0 tarde, orientando os motoristas quanto \u00e0s rotas alternativas para os ve\u00edculos e interditando o local. Seis fam\u00edlias, por orienta\u00e7\u00e3o da Defesa Civil, ter\u00e3o que deixar suas respectivas resid\u00eancias, pelo menos enquanto estiver em obras: \u201c\u00e9 prematuro dizer por quanto tempo essa ponte ficar\u00e1 interditada\u201d. Todos foram un\u00e2nimes em afirmar.<\/p>\n<p>Alternativas para ve\u00edculos leves que estiverem circulando pela Cristiano Ro\u00e7as, convergindo pela rua \u00c2ngelo Porto, ganhando a Antenor Machado, seguindo em frente, podendo seguir \u00e0 esquerda, pela Ant\u00f4nio Batista, \u00e0 direita na \u00c2ngelo Porto, ou ainda, podendo seguir em frente pela Oleg\u00e1rio Maciel.<\/p>\n<p>A Prefeitura j\u00e1 iniciou o processo de contrata\u00e7\u00e3o emergencial de empresa para a execu\u00e7\u00e3o dos reparos necess\u00e1rios no local. O Portal de Not\u00edcias Ub\u00e1 News conversou com os representantes da Administra\u00e7\u00e3o Municipal.<\/p>\n<p><a href=\"https:\/\/ubanews.com\/site\/wp-content\/uploads\/2018\/12\/DSC6643-copiar.jpg\"><img decoding=\"async\" class=\"alignnone size-medium wp-image-9735 lazyload\" data-src=\"https:\/\/ubanews.com\/site\/wp-content\/uploads\/2018\/12\/DSC6643-copiar-300x171.jpg\" alt=\"\" width=\"300\" height=\"171\" data-srcset=\"https:\/\/ubanews.com\/site\/wp-content\/uploads\/2018\/12\/DSC6643-copiar-300x171.jpg 300w, https:\/\/ubanews.com\/site\/wp-content\/uploads\/2018\/12\/DSC6643-copiar-768x439.jpg 768w, https:\/\/ubanews.com\/site\/wp-content\/uploads\/2018\/12\/DSC6643-copiar.jpg 800w\" data-sizes=\"(max-width: 300px) 100vw, 300px\" src=\"data:image\/svg+xml;base64,PHN2ZyB3aWR0aD0iMSIgaGVpZ2h0PSIxIiB4bWxucz0iaHR0cDovL3d3dy53My5vcmcvMjAwMC9zdmciPjwvc3ZnPg==\" style=\"--smush-placeholder-width: 300px; --smush-placeholder-aspect-ratio: 300\/171;\" \/><\/a> <a href=\"https:\/\/ubanews.com\/site\/wp-content\/uploads\/2018\/12\/DSC6639-copiar.jpg\"><img decoding=\"async\" class=\"alignnone size-medium wp-image-9734 lazyload\" data-src=\"https:\/\/ubanews.com\/site\/wp-content\/uploads\/2018\/12\/DSC6639-copiar-300x171.jpg\" alt=\"\" width=\"300\" height=\"171\" data-srcset=\"https:\/\/ubanews.com\/site\/wp-content\/uploads\/2018\/12\/DSC6639-copiar-300x171.jpg 300w, https:\/\/ubanews.com\/site\/wp-content\/uploads\/2018\/12\/DSC6639-copiar-768x439.jpg 768w, https:\/\/ubanews.com\/site\/wp-content\/uploads\/2018\/12\/DSC6639-copiar.jpg 800w\" data-sizes=\"(max-width: 300px) 100vw, 300px\" src=\"data:image\/svg+xml;base64,PHN2ZyB3aWR0aD0iMSIgaGVpZ2h0PSIxIiB4bWxucz0iaHR0cDovL3d3dy53My5vcmcvMjAwMC9zdmciPjwvc3ZnPg==\" style=\"--smush-placeholder-width: 300px; --smush-placeholder-aspect-ratio: 300\/171;\" \/><\/a> <a href=\"https:\/\/ubanews.com\/site\/wp-content\/uploads\/2018\/12\/DSC6635-copiar.jpg\"><img decoding=\"async\" class=\"alignnone size-medium wp-image-9732 lazyload\" data-src=\"https:\/\/ubanews.com\/site\/wp-content\/uploads\/2018\/12\/DSC6635-copiar-300x171.jpg\" alt=\"\" width=\"300\" height=\"171\" data-srcset=\"https:\/\/ubanews.com\/site\/wp-content\/uploads\/2018\/12\/DSC6635-copiar-300x171.jpg 300w, https:\/\/ubanews.com\/site\/wp-content\/uploads\/2018\/12\/DSC6635-copiar-768x439.jpg 768w, https:\/\/ubanews.com\/site\/wp-content\/uploads\/2018\/12\/DSC6635-copiar.jpg 800w\" data-sizes=\"(max-width: 300px) 100vw, 300px\" src=\"data:image\/svg+xml;base64,PHN2ZyB3aWR0aD0iMSIgaGVpZ2h0PSIxIiB4bWxucz0iaHR0cDovL3d3dy53My5vcmcvMjAwMC9zdmciPjwvc3ZnPg==\" style=\"--smush-placeholder-width: 300px; --smush-placeholder-aspect-ratio: 300\/171;\" \/><\/a> <a href=\"https:\/\/ubanews.com\/site\/wp-content\/uploads\/2018\/12\/DSC6634-copiar.jpg\"><img decoding=\"async\" class=\"alignnone size-medium wp-image-9731 lazyload\" data-src=\"https:\/\/ubanews.com\/site\/wp-content\/uploads\/2018\/12\/DSC6634-copiar-300x171.jpg\" alt=\"\" width=\"300\" height=\"171\" data-srcset=\"https:\/\/ubanews.com\/site\/wp-content\/uploads\/2018\/12\/DSC6634-copiar-300x171.jpg 300w, https:\/\/ubanews.com\/site\/wp-content\/uploads\/2018\/12\/DSC6634-copiar-768x439.jpg 768w, https:\/\/ubanews.com\/site\/wp-content\/uploads\/2018\/12\/DSC6634-copiar.jpg 800w\" data-sizes=\"(max-width: 300px) 100vw, 300px\" src=\"data:image\/svg+xml;base64,PHN2ZyB3aWR0aD0iMSIgaGVpZ2h0PSIxIiB4bWxucz0iaHR0cDovL3d3dy53My5vcmcvMjAwMC9zdmciPjwvc3ZnPg==\" style=\"--smush-placeholder-width: 300px; --smush-placeholder-aspect-ratio: 300\/171;\" \/><\/a><\/p>\n","protected":false},"excerpt":{"rendered":"<p>&nbsp; A Prefeitura Municipal de Ub\u00e1 informou ainda na parte<\/p>\n","protected":false},"author":2,"featured_media":9733,"comment_status":"open","ping_status":"open","sticky":false,"template":"","format":"standard","meta":{"footnotes":""},"categories":[1],"tags":[],"class_list":["post-9738","post","type-post","status-publish","format-standard","has-post-thumbnail","hentry","category-sem-categoria"],"yoast_head":"<!-- This site is optimized with the Yoast SEO plugin v27.2 - https:\/\/yoast.com\/product\/yoast-seo-wordpress\/ -->\n<title>A PONTE DA AVENIDA CRISTIANO RO\u00c7AS FICAR\u00c1 INTERDITADA POR TEMPO INDETERMINADO - Ub\u00e1 News<\/title>\n<meta name=\"robots\" content=\"index, follow, max-snippet:-1, max-image-preview:large, max-video-preview:-1\" \/>\n<link rel=\"canonical\" href=\"https:\/\/ubanews.com\/site\/2018\/12\/11\/a-ponte-da-avenida-cristiano-rocas-ficara-interditada-por-tempo-indeterminado\/\" \/>\n<meta property=\"og:locale\" content=\"pt_BR\" \/>\n<meta property=\"og:type\" content=\"article\" \/>\n<meta property=\"og:title\" content=\"A PONTE DA AVENIDA CRISTIANO RO\u00c7AS FICAR\u00c1 INTERDITADA POR TEMPO INDETERMINADO - Ub\u00e1 News\" \/>\n<meta property=\"og:description\" content=\"&nbsp; A Prefeitura Municipal de Ub\u00e1 informou ainda na parte\" \/>\n<meta property=\"og:url\" content=\"https:\/\/ubanews.com\/site\/2018\/12\/11\/a-ponte-da-avenida-cristiano-rocas-ficara-interditada-por-tempo-indeterminado\/\" \/>\n<meta property=\"og:site_name\" content=\"Ub\u00e1 News\" \/>\n<meta property=\"article:publisher\" content=\"https:\/\/www.facebook.com\/Ub%c3%a1News-Carlos-Roberto-Sodr%c3%a9-418778301977370\" \/>\n<meta property=\"article:author\" content=\"https:\/\/www.facebook.com\/carosroberto.sodre.5\/\" \/>\n<meta property=\"article:published_time\" content=\"2018-12-11T21:39:51+00:00\" \/>\n<meta property=\"article:modified_time\" content=\"2018-12-17T17:36:56+00:00\" \/>\n<meta property=\"og:image\" content=\"https:\/\/ubanews.com\/site\/wp-content\/uploads\/2018\/12\/DSC6636.jpg\" \/>\n\t<meta property=\"og:image:width\" content=\"800\" \/>\n\t<meta property=\"og:image:height\" content=\"389\" \/>\n\t<meta property=\"og:image:type\" content=\"image\/jpeg\" \/>\n<meta name=\"author\" content=\"Sodr\u00e9\" \/>\n<meta name=\"twitter:card\" content=\"summary_large_image\" \/>\n<meta name=\"twitter:label1\" content=\"Escrito por\" \/>\n\t<meta name=\"twitter:data1\" content=\"Sodr\u00e9\" \/>\n\t<meta name=\"twitter:label2\" content=\"Est. tempo de leitura\" \/>\n\t<meta name=\"twitter:data2\" content=\"1 minuto\" \/>\n<script type=\"application\/ld+json\" class=\"yoast-schema-graph\">{\"@context\":\"https:\/\/schema.org\",\"@graph\":[{\"@type\":\"Article\",\"@id\":\"https:\/\/ubanews.com\/site\/2018\/12\/11\/a-ponte-da-avenida-cristiano-rocas-ficara-interditada-por-tempo-indeterminado\/#article\",\"isPartOf\":{\"@id\":\"https:\/\/ubanews.com\/site\/2018\/12\/11\/a-ponte-da-avenida-cristiano-rocas-ficara-interditada-por-tempo-indeterminado\/\"},\"author\":{\"name\":\"Sodr\u00e9\",\"@id\":\"https:\/\/ubanews.com\/site\/#\/schema\/person\/d90c9e47252fbb63dcc969fe4c8b9d10\"},\"headline\":\"A PONTE DA AVENIDA CRISTIANO RO\u00c7AS FICAR\u00c1 INTERDITADA POR TEMPO INDETERMINADO\",\"datePublished\":\"2018-12-11T21:39:51+00:00\",\"dateModified\":\"2018-12-17T17:36:56+00:00\",\"mainEntityOfPage\":{\"@id\":\"https:\/\/ubanews.com\/site\/2018\/12\/11\/a-ponte-da-avenida-cristiano-rocas-ficara-interditada-por-tempo-indeterminado\/\"},\"wordCount\":241,\"commentCount\":0,\"publisher\":{\"@id\":\"https:\/\/ubanews.com\/site\/#organization\"},\"image\":{\"@id\":\"https:\/\/ubanews.com\/site\/2018\/12\/11\/a-ponte-da-avenida-cristiano-rocas-ficara-interditada-por-tempo-indeterminado\/#primaryimage\"},\"thumbnailUrl\":\"https:\/\/ubanews.com\/site\/wp-content\/uploads\/2018\/12\/DSC6636.jpg\",\"articleSection\":[\"Geral\"],\"inLanguage\":\"pt-BR\",\"potentialAction\":[{\"@type\":\"CommentAction\",\"name\":\"Comment\",\"target\":[\"https:\/\/ubanews.com\/site\/2018\/12\/11\/a-ponte-da-avenida-cristiano-rocas-ficara-interditada-por-tempo-indeterminado\/#respond\"]}]},{\"@type\":\"WebPage\",\"@id\":\"https:\/\/ubanews.com\/site\/2018\/12\/11\/a-ponte-da-avenida-cristiano-rocas-ficara-interditada-por-tempo-indeterminado\/\",\"url\":\"https:\/\/ubanews.com\/site\/2018\/12\/11\/a-ponte-da-avenida-cristiano-rocas-ficara-interditada-por-tempo-indeterminado\/\",\"name\":\"A PONTE DA AVENIDA CRISTIANO RO\u00c7AS FICAR\u00c1 INTERDITADA POR TEMPO INDETERMINADO - Ub\u00e1 News\",\"isPartOf\":{\"@id\":\"https:\/\/ubanews.com\/site\/#website\"},\"primaryImageOfPage\":{\"@id\":\"https:\/\/ubanews.com\/site\/2018\/12\/11\/a-ponte-da-avenida-cristiano-rocas-ficara-interditada-por-tempo-indeterminado\/#primaryimage\"},\"image\":{\"@id\":\"https:\/\/ubanews.com\/site\/2018\/12\/11\/a-ponte-da-avenida-cristiano-rocas-ficara-interditada-por-tempo-indeterminado\/#primaryimage\"},\"thumbnailUrl\":\"https:\/\/ubanews.com\/site\/wp-content\/uploads\/2018\/12\/DSC6636.jpg\",\"datePublished\":\"2018-12-11T21:39:51+00:00\",\"dateModified\":\"2018-12-17T17:36:56+00:00\",\"breadcrumb\":{\"@id\":\"https:\/\/ubanews.com\/site\/2018\/12\/11\/a-ponte-da-avenida-cristiano-rocas-ficara-interditada-por-tempo-indeterminado\/#breadcrumb\"},\"inLanguage\":\"pt-BR\",\"potentialAction\":[{\"@type\":\"ReadAction\",\"target\":[\"https:\/\/ubanews.com\/site\/2018\/12\/11\/a-ponte-da-avenida-cristiano-rocas-ficara-interditada-por-tempo-indeterminado\/\"]}]},{\"@type\":\"ImageObject\",\"inLanguage\":\"pt-BR\",\"@id\":\"https:\/\/ubanews.com\/site\/2018\/12\/11\/a-ponte-da-avenida-cristiano-rocas-ficara-interditada-por-tempo-indeterminado\/#primaryimage\",\"url\":\"https:\/\/ubanews.com\/site\/wp-content\/uploads\/2018\/12\/DSC6636.jpg\",\"contentUrl\":\"https:\/\/ubanews.com\/site\/wp-content\/uploads\/2018\/12\/DSC6636.jpg\",\"width\":800,\"height\":389},{\"@type\":\"BreadcrumbList\",\"@id\":\"https:\/\/ubanews.com\/site\/2018\/12\/11\/a-ponte-da-avenida-cristiano-rocas-ficara-interditada-por-tempo-indeterminado\/#breadcrumb\",\"itemListElement\":[{\"@type\":\"ListItem\",\"position\":1,\"name\":\"Home\",\"item\":\"https:\/\/ubanews.com\/site\/\"},{\"@type\":\"ListItem\",\"position\":2,\"name\":\"A PONTE DA AVENIDA CRISTIANO RO\u00c7AS FICAR\u00c1 INTERDITADA POR TEMPO INDETERMINADO\"}]},{\"@type\":\"WebSite\",\"@id\":\"https:\/\/ubanews.com\/site\/#website\",\"url\":\"https:\/\/ubanews.com\/site\/\",\"name\":\"Ub\u00e1 News\",\"description\":\"\",\"publisher\":{\"@id\":\"https:\/\/ubanews.com\/site\/#organization\"},\"potentialAction\":[{\"@type\":\"SearchAction\",\"target\":{\"@type\":\"EntryPoint\",\"urlTemplate\":\"https:\/\/ubanews.com\/site\/?s={search_term_string}\"},\"query-input\":{\"@type\":\"PropertyValueSpecification\",\"valueRequired\":true,\"valueName\":\"search_term_string\"}}],\"inLanguage\":\"pt-BR\"},{\"@type\":\"Organization\",\"@id\":\"https:\/\/ubanews.com\/site\/#organization\",\"name\":\"Ub\u00e1 News\",\"url\":\"https:\/\/ubanews.com\/site\/\",\"logo\":{\"@type\":\"ImageObject\",\"inLanguage\":\"pt-BR\",\"@id\":\"https:\/\/ubanews.com\/site\/#\/schema\/logo\/image\/\",\"url\":\"https:\/\/ubanews.com\/site\/wp-content\/uploads\/2018\/01\/logoubanews.png\",\"contentUrl\":\"https:\/\/ubanews.com\/site\/wp-content\/uploads\/2018\/01\/logoubanews.png\",\"width\":261,\"height\":99,\"caption\":\"Ub\u00e1 News\"},\"image\":{\"@id\":\"https:\/\/ubanews.com\/site\/#\/schema\/logo\/image\/\"},\"sameAs\":[\"https:\/\/www.facebook.com\/Ub\u00e1News-Carlos-Roberto-Sodr\u00e9-418778301977370\"]},{\"@type\":\"Person\",\"@id\":\"https:\/\/ubanews.com\/site\/#\/schema\/person\/d90c9e47252fbb63dcc969fe4c8b9d10\",\"name\":\"Sodr\u00e9\",\"image\":{\"@type\":\"ImageObject\",\"inLanguage\":\"pt-BR\",\"@id\":\"https:\/\/secure.gravatar.com\/avatar\/5ba2793f0590b9dbfad3fdec4ee714485b3eef211c9b32ee53d414060454a56c?s=96&d=mm&r=g\",\"url\":\"https:\/\/secure.gravatar.com\/avatar\/5ba2793f0590b9dbfad3fdec4ee714485b3eef211c9b32ee53d414060454a56c?s=96&d=mm&r=g\",\"contentUrl\":\"https:\/\/secure.gravatar.com\/avatar\/5ba2793f0590b9dbfad3fdec4ee714485b3eef211c9b32ee53d414060454a56c?s=96&d=mm&r=g\",\"caption\":\"Sodr\u00e9\"},\"sameAs\":[\"https:\/\/www.facebook.com\/carosroberto.sodre.5\/\"],\"url\":\"https:\/\/ubanews.com\/site\/author\/felipe\/\"}]}<\/script>\n<!-- \/ Yoast SEO plugin. -->","yoast_head_json":{"title":"A PONTE DA AVENIDA CRISTIANO RO\u00c7AS FICAR\u00c1 INTERDITADA POR TEMPO INDETERMINADO - Ub\u00e1 News","robots":{"index":"index","follow":"follow","max-snippet":"max-snippet:-1","max-image-preview":"max-image-preview:large","max-video-preview":"max-video-preview:-1"},"canonical":"https:\/\/ubanews.com\/site\/2018\/12\/11\/a-ponte-da-avenida-cristiano-rocas-ficara-interditada-por-tempo-indeterminado\/","og_locale":"pt_BR","og_type":"article","og_title":"A PONTE DA AVENIDA CRISTIANO RO\u00c7AS FICAR\u00c1 INTERDITADA POR TEMPO INDETERMINADO - Ub\u00e1 News","og_description":"&nbsp; A Prefeitura Municipal de Ub\u00e1 informou ainda na parte","og_url":"https:\/\/ubanews.com\/site\/2018\/12\/11\/a-ponte-da-avenida-cristiano-rocas-ficara-interditada-por-tempo-indeterminado\/","og_site_name":"Ub\u00e1 News","article_publisher":"https:\/\/www.facebook.com\/Ub%c3%a1News-Carlos-Roberto-Sodr%c3%a9-418778301977370","article_author":"https:\/\/www.facebook.com\/carosroberto.sodre.5\/","article_published_time":"2018-12-11T21:39:51+00:00","article_modified_time":"2018-12-17T17:36:56+00:00","og_image":[{"width":800,"height":389,"url":"https:\/\/ubanews.com\/site\/wp-content\/uploads\/2018\/12\/DSC6636.jpg","type":"image\/jpeg"}],"author":"Sodr\u00e9","twitter_card":"summary_large_image","twitter_misc":{"Escrito por":"Sodr\u00e9","Est. tempo de leitura":"1 minuto"},"schema":{"@context":"https:\/\/schema.org","@graph":[{"@type":"Article","@id":"https:\/\/ubanews.com\/site\/2018\/12\/11\/a-ponte-da-avenida-cristiano-rocas-ficara-interditada-por-tempo-indeterminado\/#article","isPartOf":{"@id":"https:\/\/ubanews.com\/site\/2018\/12\/11\/a-ponte-da-avenida-cristiano-rocas-ficara-interditada-por-tempo-indeterminado\/"},"author":{"name":"Sodr\u00e9","@id":"https:\/\/ubanews.com\/site\/#\/schema\/person\/d90c9e47252fbb63dcc969fe4c8b9d10"},"headline":"A PONTE DA AVENIDA CRISTIANO RO\u00c7AS FICAR\u00c1 INTERDITADA POR TEMPO INDETERMINADO","datePublished":"2018-12-11T21:39:51+00:00","dateModified":"2018-12-17T17:36:56+00:00","mainEntityOfPage":{"@id":"https:\/\/ubanews.com\/site\/2018\/12\/11\/a-ponte-da-avenida-cristiano-rocas-ficara-interditada-por-tempo-indeterminado\/"},"wordCount":241,"commentCount":0,"publisher":{"@id":"https:\/\/ubanews.com\/site\/#organization"},"image":{"@id":"https:\/\/ubanews.com\/site\/2018\/12\/11\/a-ponte-da-avenida-cristiano-rocas-ficara-interditada-por-tempo-indeterminado\/#primaryimage"},"thumbnailUrl":"https:\/\/ubanews.com\/site\/wp-content\/uploads\/2018\/12\/DSC6636.jpg","articleSection":["Geral"],"inLanguage":"pt-BR","potentialAction":[{"@type":"CommentAction","name":"Comment","target":["https:\/\/ubanews.com\/site\/2018\/12\/11\/a-ponte-da-avenida-cristiano-rocas-ficara-interditada-por-tempo-indeterminado\/#respond"]}]},{"@type":"WebPage","@id":"https:\/\/ubanews.com\/site\/2018\/12\/11\/a-ponte-da-avenida-cristiano-rocas-ficara-interditada-por-tempo-indeterminado\/","url":"https:\/\/ubanews.com\/site\/2018\/12\/11\/a-ponte-da-avenida-cristiano-rocas-ficara-interditada-por-tempo-indeterminado\/","name":"A PONTE DA AVENIDA CRISTIANO RO\u00c7AS FICAR\u00c1 INTERDITADA POR TEMPO INDETERMINADO - Ub\u00e1 News","isPartOf":{"@id":"https:\/\/ubanews.com\/site\/#website"},"primaryImageOfPage":{"@id":"https:\/\/ubanews.com\/site\/2018\/12\/11\/a-ponte-da-avenida-cristiano-rocas-ficara-interditada-por-tempo-indeterminado\/#primaryimage"},"image":{"@id":"https:\/\/ubanews.com\/site\/2018\/12\/11\/a-ponte-da-avenida-cristiano-rocas-ficara-interditada-por-tempo-indeterminado\/#primaryimage"},"thumbnailUrl":"https:\/\/ubanews.com\/site\/wp-content\/uploads\/2018\/12\/DSC6636.jpg","datePublished":"2018-12-11T21:39:51+00:00","dateModified":"2018-12-17T17:36:56+00:00","breadcrumb":{"@id":"https:\/\/ubanews.com\/site\/2018\/12\/11\/a-ponte-da-avenida-cristiano-rocas-ficara-interditada-por-tempo-indeterminado\/#breadcrumb"},"inLanguage":"pt-BR","potentialAction":[{"@type":"ReadAction","target":["https:\/\/ubanews.com\/site\/2018\/12\/11\/a-ponte-da-avenida-cristiano-rocas-ficara-interditada-por-tempo-indeterminado\/"]}]},{"@type":"ImageObject","inLanguage":"pt-BR","@id":"https:\/\/ubanews.com\/site\/2018\/12\/11\/a-ponte-da-avenida-cristiano-rocas-ficara-interditada-por-tempo-indeterminado\/#primaryimage","url":"https:\/\/ubanews.com\/site\/wp-content\/uploads\/2018\/12\/DSC6636.jpg","contentUrl":"https:\/\/ubanews.com\/site\/wp-content\/uploads\/2018\/12\/DSC6636.jpg","width":800,"height":389},{"@type":"BreadcrumbList","@id":"https:\/\/ubanews.com\/site\/2018\/12\/11\/a-ponte-da-avenida-cristiano-rocas-ficara-interditada-por-tempo-indeterminado\/#breadcrumb","itemListElement":[{"@type":"ListItem","position":1,"name":"Home","item":"https:\/\/ubanews.com\/site\/"},{"@type":"ListItem","position":2,"name":"A PONTE DA AVENIDA CRISTIANO RO\u00c7AS FICAR\u00c1 INTERDITADA POR TEMPO INDETERMINADO"}]},{"@type":"WebSite","@id":"https:\/\/ubanews.com\/site\/#website","url":"https:\/\/ubanews.com\/site\/","name":"Ub\u00e1 News","description":"","publisher":{"@id":"https:\/\/ubanews.com\/site\/#organization"},"potentialAction":[{"@type":"SearchAction","target":{"@type":"EntryPoint","urlTemplate":"https:\/\/ubanews.com\/site\/?s={search_term_string}"},"query-input":{"@type":"PropertyValueSpecification","valueRequired":true,"valueName":"search_term_string"}}],"inLanguage":"pt-BR"},{"@type":"Organization","@id":"https:\/\/ubanews.com\/site\/#organization","name":"Ub\u00e1 News","url":"https:\/\/ubanews.com\/site\/","logo":{"@type":"ImageObject","inLanguage":"pt-BR","@id":"https:\/\/ubanews.com\/site\/#\/schema\/logo\/image\/","url":"https:\/\/ubanews.com\/site\/wp-content\/uploads\/2018\/01\/logoubanews.png","contentUrl":"https:\/\/ubanews.com\/site\/wp-content\/uploads\/2018\/01\/logoubanews.png","width":261,"height":99,"caption":"Ub\u00e1 News"},"image":{"@id":"https:\/\/ubanews.com\/site\/#\/schema\/logo\/image\/"},"sameAs":["https:\/\/www.facebook.com\/Ub\u00e1News-Carlos-Roberto-Sodr\u00e9-418778301977370"]},{"@type":"Person","@id":"https:\/\/ubanews.com\/site\/#\/schema\/person\/d90c9e47252fbb63dcc969fe4c8b9d10","name":"Sodr\u00e9","image":{"@type":"ImageObject","inLanguage":"pt-BR","@id":"https:\/\/secure.gravatar.com\/avatar\/5ba2793f0590b9dbfad3fdec4ee714485b3eef211c9b32ee53d414060454a56c?s=96&d=mm&r=g","url":"https:\/\/secure.gravatar.com\/avatar\/5ba2793f0590b9dbfad3fdec4ee714485b3eef211c9b32ee53d414060454a56c?s=96&d=mm&r=g","contentUrl":"https:\/\/secure.gravatar.com\/avatar\/5ba2793f0590b9dbfad3fdec4ee714485b3eef211c9b32ee53d414060454a56c?s=96&d=mm&r=g","caption":"Sodr\u00e9"},"sameAs":["https:\/\/www.facebook.com\/carosroberto.sodre.5\/"],"url":"https:\/\/ubanews.com\/site\/author\/felipe\/"}]}},"_links":{"self":[{"href":"https:\/\/ubanews.com\/site\/wp-json\/wp\/v2\/posts\/9738","targetHints":{"allow":["GET"]}}],"collection":[{"href":"https:\/\/ubanews.com\/site\/wp-json\/wp\/v2\/posts"}],"about":[{"href":"https:\/\/ubanews.com\/site\/wp-json\/wp\/v2\/types\/post"}],"author":[{"embeddable":true,"href":"https:\/\/ubanews.com\/site\/wp-json\/wp\/v2\/users\/2"}],"replies":[{"embeddable":true,"href":"https:\/\/ubanews.com\/site\/wp-json\/wp\/v2\/comments?post=9738"}],"version-history":[{"count":0,"href":"https:\/\/ubanews.com\/site\/wp-json\/wp\/v2\/posts\/9738\/revisions"}],"wp:featuredmedia":[{"embeddable":true,"href":"https:\/\/ubanews.com\/site\/wp-json\/wp\/v2\/media\/9733"}],"wp:attachment":[{"href":"https:\/\/ubanews.com\/site\/wp-json\/wp\/v2\/media?parent=9738"}],"wp:term":[{"taxonomy":"category","embeddable":true,"href":"https:\/\/ubanews.com\/site\/wp-json\/wp\/v2\/categories?post=9738"},{"taxonomy":"post_tag","embeddable":true,"href":"https:\/\/ubanews.com\/site\/wp-json\/wp\/v2\/tags?post=9738"}],"curies":[{"name":"wp","href":"https:\/\/api.w.org\/{rel}","templated":true}]}}