{"id":9718,"date":"2018-12-11T09:59:51","date_gmt":"2018-12-11T11:59:51","guid":{"rendered":"http:\/\/ubanews.com\/site\/?p=9718"},"modified":"2018-12-11T10:51:10","modified_gmt":"2018-12-11T12:51:10","slug":"motorista-e-surpreendido-por-assaltantes-quando-chegava-no-bairro-palmeiras-e-tem-sua-carga-roubada","status":"publish","type":"post","link":"https:\/\/ubanews.com\/site\/2018\/12\/11\/motorista-e-surpreendido-por-assaltantes-quando-chegava-no-bairro-palmeiras-e-tem-sua-carga-roubada\/","title":{"rendered":"Motorista \u00e9 surpreendido por assaltantes quando chegava no bairro Palmeiras e tem sua carga roubada"},"content":{"rendered":"<p>No dia 10 de Dezembro \u00e0s 15 horas e 50 minutos, na Rua Francisco Teixeira de Abreu, no Bairro Palmeiras, Ub\u00e1, um homem de 31 anos relatou que trafegava com seu ve\u00edculo Renault, cor branca, placa FNP-3692 SP, e que ao chegar no bairro Palmeiras foi abordado por um indiv\u00edduo com touca ninja, que pediu que abrisse o vidro do carro, colocando a m\u00e3o na cintura parecendo estar armado, sendo que em dado momento seu ve\u00edculo foi fechado por um Fox de cor azul ou verde met\u00e1lico de Belo Horizonte, com tr\u00eas ocupantes armados com pistolas de cor preta. O autor que o abordou adentrou no seu ve\u00edculo e mandou que a v\u00edtima seguisse o ve\u00edculo Fox, pegando o seus aparelhos celulares para que n\u00e3o obtivesse comunica\u00e7\u00f5es.<\/p>\n<p>Ao chegarem pr\u00f3ximo a um loteamento na localidade de Peixoto Filho, Zona Rural de Ub\u00e1, ordenaram para que a v\u00edtima descesse do seu ve\u00edculo e ajudasse no transbordo da carga de ma\u00e7os de cigarro, aproximadamente 80 caixas, para um outro ve\u00edculo que aguardava no local, sendo um caminh\u00e3o HR KIA, ba\u00fa, cor branca, com mais tr\u00eas ocupantes, ap\u00f3s o transbordo da carga, colocaram a v\u00edtima no veiculo Fox e o liberaram pr\u00f3ximo \u00e0 Lagoa de Campestre, este de imediato pediu ajuda \u00e0 Pol\u00edcia Militar de Pira\u00faba.<\/p>\n<p>Foram enviadas mensagens entre as cidades vizinhas e montado uma opera\u00e7\u00e3o de cerco e bloqueio para localiza\u00e7\u00e3o dos autores do roubo, com \u00eaxito na localiza\u00e7\u00e3o do ve\u00edculo da v\u00edtima, por\u00e9m os autores do crime n\u00e3o foram localizados, rastreamentos prosseguem com intuito de localizar os autores do crime.<\/p>\n<div><span style=\"font-family: 'Arial','sans-serif';\"><span style=\"font-size: large;\"><b>ASSESSORIA DE COMUNICA\u00c7\u00c3O ORG<\/b><strong>ANIZACIONAL<\/strong><\/span><strong><i><br \/>\n<\/i><\/strong><\/span><\/div>\n<p><strong><span style=\"font-family: 'Arial','sans-serif';\"><i>Vig\u00e9simo Primeiro Batalh\u00e3o de Pol\u00edcia Militar.<\/i><\/span><\/strong><\/p>\n","protected":false},"excerpt":{"rendered":"<p>No dia 10 de Dezembro \u00e0s 15 horas e 50<\/p>\n","protected":false},"author":2,"featured_media":5820,"comment_status":"open","ping_status":"open","sticky":false,"template":"","format":"standard","meta":{"footnotes":""},"categories":[13],"tags":[],"class_list":["post-9718","post","type-post","status-publish","format-standard","has-post-thumbnail","hentry","category-sintese-das-ocorrencias"],"yoast_head":"<!-- This site is optimized with the Yoast SEO plugin v27.2 - https:\/\/yoast.com\/product\/yoast-seo-wordpress\/ -->\n<title>Motorista \u00e9 surpreendido por assaltantes quando chegava no bairro Palmeiras e tem sua carga roubada - Ub\u00e1 News<\/title>\n<meta name=\"robots\" content=\"index, follow, max-snippet:-1, max-image-preview:large, max-video-preview:-1\" \/>\n<link rel=\"canonical\" href=\"https:\/\/ubanews.com\/site\/2018\/12\/11\/motorista-e-surpreendido-por-assaltantes-quando-chegava-no-bairro-palmeiras-e-tem-sua-carga-roubada\/\" \/>\n<meta property=\"og:locale\" content=\"pt_BR\" \/>\n<meta property=\"og:type\" content=\"article\" \/>\n<meta property=\"og:title\" content=\"Motorista \u00e9 surpreendido por assaltantes quando chegava no bairro Palmeiras e tem sua carga roubada - Ub\u00e1 News\" \/>\n<meta property=\"og:description\" content=\"No dia 10 de Dezembro \u00e0s 15 horas e 50\" \/>\n<meta property=\"og:url\" content=\"https:\/\/ubanews.com\/site\/2018\/12\/11\/motorista-e-surpreendido-por-assaltantes-quando-chegava-no-bairro-palmeiras-e-tem-sua-carga-roubada\/\" \/>\n<meta property=\"og:site_name\" content=\"Ub\u00e1 News\" \/>\n<meta property=\"article:publisher\" content=\"https:\/\/www.facebook.com\/Ub%c3%a1News-Carlos-Roberto-Sodr%c3%a9-418778301977370\" \/>\n<meta property=\"article:author\" content=\"https:\/\/www.facebook.com\/carosroberto.sodre.5\/\" \/>\n<meta property=\"article:published_time\" content=\"2018-12-11T11:59:51+00:00\" \/>\n<meta property=\"article:modified_time\" content=\"2018-12-11T12:51:10+00:00\" \/>\n<meta property=\"og:image\" content=\"https:\/\/ubanews.com\/site\/wp-content\/uploads\/2018\/07\/roubo-1.jpg\" \/>\n\t<meta property=\"og:image:width\" content=\"800\" \/>\n\t<meta property=\"og:image:height\" content=\"389\" \/>\n\t<meta property=\"og:image:type\" content=\"image\/jpeg\" \/>\n<meta name=\"author\" content=\"Sodr\u00e9\" \/>\n<meta name=\"twitter:card\" content=\"summary_large_image\" \/>\n<meta name=\"twitter:label1\" content=\"Escrito por\" \/>\n\t<meta name=\"twitter:data1\" content=\"Sodr\u00e9\" \/>\n\t<meta name=\"twitter:label2\" content=\"Est. tempo de leitura\" \/>\n\t<meta name=\"twitter:data2\" content=\"1 minuto\" \/>\n<script type=\"application\/ld+json\" class=\"yoast-schema-graph\">{\"@context\":\"https:\/\/schema.org\",\"@graph\":[{\"@type\":\"Article\",\"@id\":\"https:\/\/ubanews.com\/site\/2018\/12\/11\/motorista-e-surpreendido-por-assaltantes-quando-chegava-no-bairro-palmeiras-e-tem-sua-carga-roubada\/#article\",\"isPartOf\":{\"@id\":\"https:\/\/ubanews.com\/site\/2018\/12\/11\/motorista-e-surpreendido-por-assaltantes-quando-chegava-no-bairro-palmeiras-e-tem-sua-carga-roubada\/\"},\"author\":{\"name\":\"Sodr\u00e9\",\"@id\":\"https:\/\/ubanews.com\/site\/#\/schema\/person\/d90c9e47252fbb63dcc969fe4c8b9d10\"},\"headline\":\"Motorista \u00e9 surpreendido por assaltantes quando chegava no bairro Palmeiras e tem sua carga roubada\",\"datePublished\":\"2018-12-11T11:59:51+00:00\",\"dateModified\":\"2018-12-11T12:51:10+00:00\",\"mainEntityOfPage\":{\"@id\":\"https:\/\/ubanews.com\/site\/2018\/12\/11\/motorista-e-surpreendido-por-assaltantes-quando-chegava-no-bairro-palmeiras-e-tem-sua-carga-roubada\/\"},\"wordCount\":312,\"commentCount\":0,\"publisher\":{\"@id\":\"https:\/\/ubanews.com\/site\/#organization\"},\"image\":{\"@id\":\"https:\/\/ubanews.com\/site\/2018\/12\/11\/motorista-e-surpreendido-por-assaltantes-quando-chegava-no-bairro-palmeiras-e-tem-sua-carga-roubada\/#primaryimage\"},\"thumbnailUrl\":\"https:\/\/ubanews.com\/site\/wp-content\/uploads\/2018\/07\/roubo-1.jpg\",\"articleSection\":[\"S\u00edntese das Ocorr\u00eancias\"],\"inLanguage\":\"pt-BR\",\"potentialAction\":[{\"@type\":\"CommentAction\",\"name\":\"Comment\",\"target\":[\"https:\/\/ubanews.com\/site\/2018\/12\/11\/motorista-e-surpreendido-por-assaltantes-quando-chegava-no-bairro-palmeiras-e-tem-sua-carga-roubada\/#respond\"]}]},{\"@type\":\"WebPage\",\"@id\":\"https:\/\/ubanews.com\/site\/2018\/12\/11\/motorista-e-surpreendido-por-assaltantes-quando-chegava-no-bairro-palmeiras-e-tem-sua-carga-roubada\/\",\"url\":\"https:\/\/ubanews.com\/site\/2018\/12\/11\/motorista-e-surpreendido-por-assaltantes-quando-chegava-no-bairro-palmeiras-e-tem-sua-carga-roubada\/\",\"name\":\"Motorista \u00e9 surpreendido por assaltantes quando chegava no bairro Palmeiras e tem sua carga roubada - Ub\u00e1 News\",\"isPartOf\":{\"@id\":\"https:\/\/ubanews.com\/site\/#website\"},\"primaryImageOfPage\":{\"@id\":\"https:\/\/ubanews.com\/site\/2018\/12\/11\/motorista-e-surpreendido-por-assaltantes-quando-chegava-no-bairro-palmeiras-e-tem-sua-carga-roubada\/#primaryimage\"},\"image\":{\"@id\":\"https:\/\/ubanews.com\/site\/2018\/12\/11\/motorista-e-surpreendido-por-assaltantes-quando-chegava-no-bairro-palmeiras-e-tem-sua-carga-roubada\/#primaryimage\"},\"thumbnailUrl\":\"https:\/\/ubanews.com\/site\/wp-content\/uploads\/2018\/07\/roubo-1.jpg\",\"datePublished\":\"2018-12-11T11:59:51+00:00\",\"dateModified\":\"2018-12-11T12:51:10+00:00\",\"breadcrumb\":{\"@id\":\"https:\/\/ubanews.com\/site\/2018\/12\/11\/motorista-e-surpreendido-por-assaltantes-quando-chegava-no-bairro-palmeiras-e-tem-sua-carga-roubada\/#breadcrumb\"},\"inLanguage\":\"pt-BR\",\"potentialAction\":[{\"@type\":\"ReadAction\",\"target\":[\"https:\/\/ubanews.com\/site\/2018\/12\/11\/motorista-e-surpreendido-por-assaltantes-quando-chegava-no-bairro-palmeiras-e-tem-sua-carga-roubada\/\"]}]},{\"@type\":\"ImageObject\",\"inLanguage\":\"pt-BR\",\"@id\":\"https:\/\/ubanews.com\/site\/2018\/12\/11\/motorista-e-surpreendido-por-assaltantes-quando-chegava-no-bairro-palmeiras-e-tem-sua-carga-roubada\/#primaryimage\",\"url\":\"https:\/\/ubanews.com\/site\/wp-content\/uploads\/2018\/07\/roubo-1.jpg\",\"contentUrl\":\"https:\/\/ubanews.com\/site\/wp-content\/uploads\/2018\/07\/roubo-1.jpg\",\"width\":800,\"height\":389},{\"@type\":\"BreadcrumbList\",\"@id\":\"https:\/\/ubanews.com\/site\/2018\/12\/11\/motorista-e-surpreendido-por-assaltantes-quando-chegava-no-bairro-palmeiras-e-tem-sua-carga-roubada\/#breadcrumb\",\"itemListElement\":[{\"@type\":\"ListItem\",\"position\":1,\"name\":\"Home\",\"item\":\"https:\/\/ubanews.com\/site\/\"},{\"@type\":\"ListItem\",\"position\":2,\"name\":\"Motorista \u00e9 surpreendido por assaltantes quando chegava no bairro Palmeiras e tem sua carga roubada\"}]},{\"@type\":\"WebSite\",\"@id\":\"https:\/\/ubanews.com\/site\/#website\",\"url\":\"https:\/\/ubanews.com\/site\/\",\"name\":\"Ub\u00e1 News\",\"description\":\"\",\"publisher\":{\"@id\":\"https:\/\/ubanews.com\/site\/#organization\"},\"potentialAction\":[{\"@type\":\"SearchAction\",\"target\":{\"@type\":\"EntryPoint\",\"urlTemplate\":\"https:\/\/ubanews.com\/site\/?s={search_term_string}\"},\"query-input\":{\"@type\":\"PropertyValueSpecification\",\"valueRequired\":true,\"valueName\":\"search_term_string\"}}],\"inLanguage\":\"pt-BR\"},{\"@type\":\"Organization\",\"@id\":\"https:\/\/ubanews.com\/site\/#organization\",\"name\":\"Ub\u00e1 News\",\"url\":\"https:\/\/ubanews.com\/site\/\",\"logo\":{\"@type\":\"ImageObject\",\"inLanguage\":\"pt-BR\",\"@id\":\"https:\/\/ubanews.com\/site\/#\/schema\/logo\/image\/\",\"url\":\"https:\/\/ubanews.com\/site\/wp-content\/uploads\/2018\/01\/logoubanews.png\",\"contentUrl\":\"https:\/\/ubanews.com\/site\/wp-content\/uploads\/2018\/01\/logoubanews.png\",\"width\":261,\"height\":99,\"caption\":\"Ub\u00e1 News\"},\"image\":{\"@id\":\"https:\/\/ubanews.com\/site\/#\/schema\/logo\/image\/\"},\"sameAs\":[\"https:\/\/www.facebook.com\/Ub\u00e1News-Carlos-Roberto-Sodr\u00e9-418778301977370\"]},{\"@type\":\"Person\",\"@id\":\"https:\/\/ubanews.com\/site\/#\/schema\/person\/d90c9e47252fbb63dcc969fe4c8b9d10\",\"name\":\"Sodr\u00e9\",\"image\":{\"@type\":\"ImageObject\",\"inLanguage\":\"pt-BR\",\"@id\":\"https:\/\/secure.gravatar.com\/avatar\/5ba2793f0590b9dbfad3fdec4ee714485b3eef211c9b32ee53d414060454a56c?s=96&d=mm&r=g\",\"url\":\"https:\/\/secure.gravatar.com\/avatar\/5ba2793f0590b9dbfad3fdec4ee714485b3eef211c9b32ee53d414060454a56c?s=96&d=mm&r=g\",\"contentUrl\":\"https:\/\/secure.gravatar.com\/avatar\/5ba2793f0590b9dbfad3fdec4ee714485b3eef211c9b32ee53d414060454a56c?s=96&d=mm&r=g\",\"caption\":\"Sodr\u00e9\"},\"sameAs\":[\"https:\/\/www.facebook.com\/carosroberto.sodre.5\/\"],\"url\":\"https:\/\/ubanews.com\/site\/author\/felipe\/\"}]}<\/script>\n<!-- \/ Yoast SEO plugin. -->","yoast_head_json":{"title":"Motorista \u00e9 surpreendido por assaltantes quando chegava no bairro Palmeiras e tem sua carga roubada - Ub\u00e1 News","robots":{"index":"index","follow":"follow","max-snippet":"max-snippet:-1","max-image-preview":"max-image-preview:large","max-video-preview":"max-video-preview:-1"},"canonical":"https:\/\/ubanews.com\/site\/2018\/12\/11\/motorista-e-surpreendido-por-assaltantes-quando-chegava-no-bairro-palmeiras-e-tem-sua-carga-roubada\/","og_locale":"pt_BR","og_type":"article","og_title":"Motorista \u00e9 surpreendido por assaltantes quando chegava no bairro Palmeiras e tem sua carga roubada - Ub\u00e1 News","og_description":"No dia 10 de Dezembro \u00e0s 15 horas e 50","og_url":"https:\/\/ubanews.com\/site\/2018\/12\/11\/motorista-e-surpreendido-por-assaltantes-quando-chegava-no-bairro-palmeiras-e-tem-sua-carga-roubada\/","og_site_name":"Ub\u00e1 News","article_publisher":"https:\/\/www.facebook.com\/Ub%c3%a1News-Carlos-Roberto-Sodr%c3%a9-418778301977370","article_author":"https:\/\/www.facebook.com\/carosroberto.sodre.5\/","article_published_time":"2018-12-11T11:59:51+00:00","article_modified_time":"2018-12-11T12:51:10+00:00","og_image":[{"width":800,"height":389,"url":"https:\/\/ubanews.com\/site\/wp-content\/uploads\/2018\/07\/roubo-1.jpg","type":"image\/jpeg"}],"author":"Sodr\u00e9","twitter_card":"summary_large_image","twitter_misc":{"Escrito por":"Sodr\u00e9","Est. tempo de leitura":"1 minuto"},"schema":{"@context":"https:\/\/schema.org","@graph":[{"@type":"Article","@id":"https:\/\/ubanews.com\/site\/2018\/12\/11\/motorista-e-surpreendido-por-assaltantes-quando-chegava-no-bairro-palmeiras-e-tem-sua-carga-roubada\/#article","isPartOf":{"@id":"https:\/\/ubanews.com\/site\/2018\/12\/11\/motorista-e-surpreendido-por-assaltantes-quando-chegava-no-bairro-palmeiras-e-tem-sua-carga-roubada\/"},"author":{"name":"Sodr\u00e9","@id":"https:\/\/ubanews.com\/site\/#\/schema\/person\/d90c9e47252fbb63dcc969fe4c8b9d10"},"headline":"Motorista \u00e9 surpreendido por assaltantes quando chegava no bairro Palmeiras e tem sua carga roubada","datePublished":"2018-12-11T11:59:51+00:00","dateModified":"2018-12-11T12:51:10+00:00","mainEntityOfPage":{"@id":"https:\/\/ubanews.com\/site\/2018\/12\/11\/motorista-e-surpreendido-por-assaltantes-quando-chegava-no-bairro-palmeiras-e-tem-sua-carga-roubada\/"},"wordCount":312,"commentCount":0,"publisher":{"@id":"https:\/\/ubanews.com\/site\/#organization"},"image":{"@id":"https:\/\/ubanews.com\/site\/2018\/12\/11\/motorista-e-surpreendido-por-assaltantes-quando-chegava-no-bairro-palmeiras-e-tem-sua-carga-roubada\/#primaryimage"},"thumbnailUrl":"https:\/\/ubanews.com\/site\/wp-content\/uploads\/2018\/07\/roubo-1.jpg","articleSection":["S\u00edntese das Ocorr\u00eancias"],"inLanguage":"pt-BR","potentialAction":[{"@type":"CommentAction","name":"Comment","target":["https:\/\/ubanews.com\/site\/2018\/12\/11\/motorista-e-surpreendido-por-assaltantes-quando-chegava-no-bairro-palmeiras-e-tem-sua-carga-roubada\/#respond"]}]},{"@type":"WebPage","@id":"https:\/\/ubanews.com\/site\/2018\/12\/11\/motorista-e-surpreendido-por-assaltantes-quando-chegava-no-bairro-palmeiras-e-tem-sua-carga-roubada\/","url":"https:\/\/ubanews.com\/site\/2018\/12\/11\/motorista-e-surpreendido-por-assaltantes-quando-chegava-no-bairro-palmeiras-e-tem-sua-carga-roubada\/","name":"Motorista \u00e9 surpreendido por assaltantes quando chegava no bairro Palmeiras e tem sua carga roubada - Ub\u00e1 News","isPartOf":{"@id":"https:\/\/ubanews.com\/site\/#website"},"primaryImageOfPage":{"@id":"https:\/\/ubanews.com\/site\/2018\/12\/11\/motorista-e-surpreendido-por-assaltantes-quando-chegava-no-bairro-palmeiras-e-tem-sua-carga-roubada\/#primaryimage"},"image":{"@id":"https:\/\/ubanews.com\/site\/2018\/12\/11\/motorista-e-surpreendido-por-assaltantes-quando-chegava-no-bairro-palmeiras-e-tem-sua-carga-roubada\/#primaryimage"},"thumbnailUrl":"https:\/\/ubanews.com\/site\/wp-content\/uploads\/2018\/07\/roubo-1.jpg","datePublished":"2018-12-11T11:59:51+00:00","dateModified":"2018-12-11T12:51:10+00:00","breadcrumb":{"@id":"https:\/\/ubanews.com\/site\/2018\/12\/11\/motorista-e-surpreendido-por-assaltantes-quando-chegava-no-bairro-palmeiras-e-tem-sua-carga-roubada\/#breadcrumb"},"inLanguage":"pt-BR","potentialAction":[{"@type":"ReadAction","target":["https:\/\/ubanews.com\/site\/2018\/12\/11\/motorista-e-surpreendido-por-assaltantes-quando-chegava-no-bairro-palmeiras-e-tem-sua-carga-roubada\/"]}]},{"@type":"ImageObject","inLanguage":"pt-BR","@id":"https:\/\/ubanews.com\/site\/2018\/12\/11\/motorista-e-surpreendido-por-assaltantes-quando-chegava-no-bairro-palmeiras-e-tem-sua-carga-roubada\/#primaryimage","url":"https:\/\/ubanews.com\/site\/wp-content\/uploads\/2018\/07\/roubo-1.jpg","contentUrl":"https:\/\/ubanews.com\/site\/wp-content\/uploads\/2018\/07\/roubo-1.jpg","width":800,"height":389},{"@type":"BreadcrumbList","@id":"https:\/\/ubanews.com\/site\/2018\/12\/11\/motorista-e-surpreendido-por-assaltantes-quando-chegava-no-bairro-palmeiras-e-tem-sua-carga-roubada\/#breadcrumb","itemListElement":[{"@type":"ListItem","position":1,"name":"Home","item":"https:\/\/ubanews.com\/site\/"},{"@type":"ListItem","position":2,"name":"Motorista \u00e9 surpreendido por assaltantes quando chegava no bairro Palmeiras e tem sua carga roubada"}]},{"@type":"WebSite","@id":"https:\/\/ubanews.com\/site\/#website","url":"https:\/\/ubanews.com\/site\/","name":"Ub\u00e1 News","description":"","publisher":{"@id":"https:\/\/ubanews.com\/site\/#organization"},"potentialAction":[{"@type":"SearchAction","target":{"@type":"EntryPoint","urlTemplate":"https:\/\/ubanews.com\/site\/?s={search_term_string}"},"query-input":{"@type":"PropertyValueSpecification","valueRequired":true,"valueName":"search_term_string"}}],"inLanguage":"pt-BR"},{"@type":"Organization","@id":"https:\/\/ubanews.com\/site\/#organization","name":"Ub\u00e1 News","url":"https:\/\/ubanews.com\/site\/","logo":{"@type":"ImageObject","inLanguage":"pt-BR","@id":"https:\/\/ubanews.com\/site\/#\/schema\/logo\/image\/","url":"https:\/\/ubanews.com\/site\/wp-content\/uploads\/2018\/01\/logoubanews.png","contentUrl":"https:\/\/ubanews.com\/site\/wp-content\/uploads\/2018\/01\/logoubanews.png","width":261,"height":99,"caption":"Ub\u00e1 News"},"image":{"@id":"https:\/\/ubanews.com\/site\/#\/schema\/logo\/image\/"},"sameAs":["https:\/\/www.facebook.com\/Ub\u00e1News-Carlos-Roberto-Sodr\u00e9-418778301977370"]},{"@type":"Person","@id":"https:\/\/ubanews.com\/site\/#\/schema\/person\/d90c9e47252fbb63dcc969fe4c8b9d10","name":"Sodr\u00e9","image":{"@type":"ImageObject","inLanguage":"pt-BR","@id":"https:\/\/secure.gravatar.com\/avatar\/5ba2793f0590b9dbfad3fdec4ee714485b3eef211c9b32ee53d414060454a56c?s=96&d=mm&r=g","url":"https:\/\/secure.gravatar.com\/avatar\/5ba2793f0590b9dbfad3fdec4ee714485b3eef211c9b32ee53d414060454a56c?s=96&d=mm&r=g","contentUrl":"https:\/\/secure.gravatar.com\/avatar\/5ba2793f0590b9dbfad3fdec4ee714485b3eef211c9b32ee53d414060454a56c?s=96&d=mm&r=g","caption":"Sodr\u00e9"},"sameAs":["https:\/\/www.facebook.com\/carosroberto.sodre.5\/"],"url":"https:\/\/ubanews.com\/site\/author\/felipe\/"}]}},"_links":{"self":[{"href":"https:\/\/ubanews.com\/site\/wp-json\/wp\/v2\/posts\/9718","targetHints":{"allow":["GET"]}}],"collection":[{"href":"https:\/\/ubanews.com\/site\/wp-json\/wp\/v2\/posts"}],"about":[{"href":"https:\/\/ubanews.com\/site\/wp-json\/wp\/v2\/types\/post"}],"author":[{"embeddable":true,"href":"https:\/\/ubanews.com\/site\/wp-json\/wp\/v2\/users\/2"}],"replies":[{"embeddable":true,"href":"https:\/\/ubanews.com\/site\/wp-json\/wp\/v2\/comments?post=9718"}],"version-history":[{"count":0,"href":"https:\/\/ubanews.com\/site\/wp-json\/wp\/v2\/posts\/9718\/revisions"}],"wp:featuredmedia":[{"embeddable":true,"href":"https:\/\/ubanews.com\/site\/wp-json\/wp\/v2\/media\/5820"}],"wp:attachment":[{"href":"https:\/\/ubanews.com\/site\/wp-json\/wp\/v2\/media?parent=9718"}],"wp:term":[{"taxonomy":"category","embeddable":true,"href":"https:\/\/ubanews.com\/site\/wp-json\/wp\/v2\/categories?post=9718"},{"taxonomy":"post_tag","embeddable":true,"href":"https:\/\/ubanews.com\/site\/wp-json\/wp\/v2\/tags?post=9718"}],"curies":[{"name":"wp","href":"https:\/\/api.w.org\/{rel}","templated":true}]}}