{"id":9644,"date":"2018-12-08T13:33:24","date_gmt":"2018-12-08T15:33:24","guid":{"rendered":"http:\/\/ubanews.com\/site\/?p=9644"},"modified":"2018-12-17T15:36:05","modified_gmt":"2018-12-17T17:36:05","slug":"o-poder-legislativo-promove-sessao-solene-para-a-entrega-do-diploma-de-lider-comunitario","status":"publish","type":"post","link":"https:\/\/ubanews.com\/site\/2018\/12\/08\/o-poder-legislativo-promove-sessao-solene-para-a-entrega-do-diploma-de-lider-comunitario\/","title":{"rendered":"O PODER LEGISLATIVO PROMOVE SESS\u00c3O SOLENE PARA A ENTREGA DO DIPLOMA DE L\u00cdDER COMUNIT\u00c1RIO"},"content":{"rendered":"<p><a href=\"https:\/\/ubanews.com\/site\/wp-content\/uploads\/2018\/12\/DSC6129-copiar-1.jpg\"><img decoding=\"async\" class=\"alignnone size-medium wp-image-9672 lazyload\" data-src=\"https:\/\/ubanews.com\/site\/wp-content\/uploads\/2018\/12\/DSC6129-copiar-1-300x171.jpg\" alt=\"\" width=\"300\" height=\"171\" data-srcset=\"https:\/\/ubanews.com\/site\/wp-content\/uploads\/2018\/12\/DSC6129-copiar-1-300x171.jpg 300w, https:\/\/ubanews.com\/site\/wp-content\/uploads\/2018\/12\/DSC6129-copiar-1-768x439.jpg 768w, https:\/\/ubanews.com\/site\/wp-content\/uploads\/2018\/12\/DSC6129-copiar-1.jpg 800w\" data-sizes=\"(max-width: 300px) 100vw, 300px\" src=\"data:image\/svg+xml;base64,PHN2ZyB3aWR0aD0iMSIgaGVpZ2h0PSIxIiB4bWxucz0iaHR0cDovL3d3dy53My5vcmcvMjAwMC9zdmciPjwvc3ZnPg==\" style=\"--smush-placeholder-width: 300px; --smush-placeholder-aspect-ratio: 300\/171;\" \/><\/a> <a href=\"https:\/\/ubanews.com\/site\/wp-content\/uploads\/2018\/12\/DSC612.jpg\"><img decoding=\"async\" class=\"alignnone size-medium wp-image-9671 lazyload\" data-src=\"https:\/\/ubanews.com\/site\/wp-content\/uploads\/2018\/12\/DSC612-300x171.jpg\" alt=\"\" width=\"300\" height=\"171\" data-srcset=\"https:\/\/ubanews.com\/site\/wp-content\/uploads\/2018\/12\/DSC612-300x171.jpg 300w, https:\/\/ubanews.com\/site\/wp-content\/uploads\/2018\/12\/DSC612-768x439.jpg 768w, https:\/\/ubanews.com\/site\/wp-content\/uploads\/2018\/12\/DSC612.jpg 800w\" data-sizes=\"(max-width: 300px) 100vw, 300px\" src=\"data:image\/svg+xml;base64,PHN2ZyB3aWR0aD0iMSIgaGVpZ2h0PSIxIiB4bWxucz0iaHR0cDovL3d3dy53My5vcmcvMjAwMC9zdmciPjwvc3ZnPg==\" style=\"--smush-placeholder-width: 300px; --smush-placeholder-aspect-ratio: 300\/171;\" \/><\/a> <a href=\"https:\/\/ubanews.com\/site\/wp-content\/uploads\/2018\/12\/DSC6124-copiar.jpg\"><img decoding=\"async\" class=\"alignnone size-medium wp-image-9670 lazyload\" data-src=\"https:\/\/ubanews.com\/site\/wp-content\/uploads\/2018\/12\/DSC6124-copiar-300x171.jpg\" alt=\"\" width=\"300\" height=\"171\" data-srcset=\"https:\/\/ubanews.com\/site\/wp-content\/uploads\/2018\/12\/DSC6124-copiar-300x171.jpg 300w, https:\/\/ubanews.com\/site\/wp-content\/uploads\/2018\/12\/DSC6124-copiar-768x439.jpg 768w, https:\/\/ubanews.com\/site\/wp-content\/uploads\/2018\/12\/DSC6124-copiar.jpg 800w\" data-sizes=\"(max-width: 300px) 100vw, 300px\" src=\"data:image\/svg+xml;base64,PHN2ZyB3aWR0aD0iMSIgaGVpZ2h0PSIxIiB4bWxucz0iaHR0cDovL3d3dy53My5vcmcvMjAwMC9zdmciPjwvc3ZnPg==\" style=\"--smush-placeholder-width: 300px; --smush-placeholder-aspect-ratio: 300\/171;\" \/><\/a> <a href=\"https:\/\/ubanews.com\/site\/wp-content\/uploads\/2018\/12\/DSC6123-copiar.jpg\"><img decoding=\"async\" class=\"alignnone size-medium wp-image-9669 lazyload\" data-src=\"https:\/\/ubanews.com\/site\/wp-content\/uploads\/2018\/12\/DSC6123-copiar-300x171.jpg\" alt=\"\" width=\"300\" height=\"171\" data-srcset=\"https:\/\/ubanews.com\/site\/wp-content\/uploads\/2018\/12\/DSC6123-copiar-300x171.jpg 300w, https:\/\/ubanews.com\/site\/wp-content\/uploads\/2018\/12\/DSC6123-copiar-768x439.jpg 768w, https:\/\/ubanews.com\/site\/wp-content\/uploads\/2018\/12\/DSC6123-copiar.jpg 800w\" data-sizes=\"(max-width: 300px) 100vw, 300px\" src=\"data:image\/svg+xml;base64,PHN2ZyB3aWR0aD0iMSIgaGVpZ2h0PSIxIiB4bWxucz0iaHR0cDovL3d3dy53My5vcmcvMjAwMC9zdmciPjwvc3ZnPg==\" style=\"--smush-placeholder-width: 300px; --smush-placeholder-aspect-ratio: 300\/171;\" \/><\/a> <a href=\"https:\/\/ubanews.com\/site\/wp-content\/uploads\/2018\/12\/DSC6117-copiar.jpg\"><img decoding=\"async\" class=\"alignnone size-medium wp-image-9668 lazyload\" data-src=\"https:\/\/ubanews.com\/site\/wp-content\/uploads\/2018\/12\/DSC6117-copiar-300x171.jpg\" alt=\"\" width=\"300\" height=\"171\" data-srcset=\"https:\/\/ubanews.com\/site\/wp-content\/uploads\/2018\/12\/DSC6117-copiar-300x171.jpg 300w, https:\/\/ubanews.com\/site\/wp-content\/uploads\/2018\/12\/DSC6117-copiar-768x439.jpg 768w, https:\/\/ubanews.com\/site\/wp-content\/uploads\/2018\/12\/DSC6117-copiar.jpg 800w\" data-sizes=\"(max-width: 300px) 100vw, 300px\" src=\"data:image\/svg+xml;base64,PHN2ZyB3aWR0aD0iMSIgaGVpZ2h0PSIxIiB4bWxucz0iaHR0cDovL3d3dy53My5vcmcvMjAwMC9zdmciPjwvc3ZnPg==\" style=\"--smush-placeholder-width: 300px; --smush-placeholder-aspect-ratio: 300\/171;\" \/><\/a> <a href=\"https:\/\/ubanews.com\/site\/wp-content\/uploads\/2018\/12\/DSC6113-copiar.jpg\"><img decoding=\"async\" class=\"alignnone size-medium wp-image-9667 lazyload\" data-src=\"https:\/\/ubanews.com\/site\/wp-content\/uploads\/2018\/12\/DSC6113-copiar-300x171.jpg\" alt=\"\" width=\"300\" height=\"171\" data-srcset=\"https:\/\/ubanews.com\/site\/wp-content\/uploads\/2018\/12\/DSC6113-copiar-300x171.jpg 300w, https:\/\/ubanews.com\/site\/wp-content\/uploads\/2018\/12\/DSC6113-copiar-768x439.jpg 768w, https:\/\/ubanews.com\/site\/wp-content\/uploads\/2018\/12\/DSC6113-copiar.jpg 800w\" data-sizes=\"(max-width: 300px) 100vw, 300px\" src=\"data:image\/svg+xml;base64,PHN2ZyB3aWR0aD0iMSIgaGVpZ2h0PSIxIiB4bWxucz0iaHR0cDovL3d3dy53My5vcmcvMjAwMC9zdmciPjwvc3ZnPg==\" style=\"--smush-placeholder-width: 300px; --smush-placeholder-aspect-ratio: 300\/171;\" \/><\/a> <a href=\"https:\/\/ubanews.com\/site\/wp-content\/uploads\/2018\/12\/DSC6111-copiar.jpg\"><img decoding=\"async\" class=\"alignnone size-medium wp-image-9666 lazyload\" data-src=\"https:\/\/ubanews.com\/site\/wp-content\/uploads\/2018\/12\/DSC6111-copiar-300x171.jpg\" alt=\"\" width=\"300\" height=\"171\" data-srcset=\"https:\/\/ubanews.com\/site\/wp-content\/uploads\/2018\/12\/DSC6111-copiar-300x171.jpg 300w, https:\/\/ubanews.com\/site\/wp-content\/uploads\/2018\/12\/DSC6111-copiar-768x439.jpg 768w, https:\/\/ubanews.com\/site\/wp-content\/uploads\/2018\/12\/DSC6111-copiar.jpg 800w\" data-sizes=\"(max-width: 300px) 100vw, 300px\" src=\"data:image\/svg+xml;base64,PHN2ZyB3aWR0aD0iMSIgaGVpZ2h0PSIxIiB4bWxucz0iaHR0cDovL3d3dy53My5vcmcvMjAwMC9zdmciPjwvc3ZnPg==\" style=\"--smush-placeholder-width: 300px; --smush-placeholder-aspect-ratio: 300\/171;\" \/><\/a> <a href=\"https:\/\/ubanews.com\/site\/wp-content\/uploads\/2018\/12\/DSC6107-copiar.jpg\"><img decoding=\"async\" class=\"alignnone size-medium wp-image-9665 lazyload\" data-src=\"https:\/\/ubanews.com\/site\/wp-content\/uploads\/2018\/12\/DSC6107-copiar-300x171.jpg\" alt=\"\" width=\"300\" height=\"171\" data-srcset=\"https:\/\/ubanews.com\/site\/wp-content\/uploads\/2018\/12\/DSC6107-copiar-300x171.jpg 300w, https:\/\/ubanews.com\/site\/wp-content\/uploads\/2018\/12\/DSC6107-copiar-768x439.jpg 768w, https:\/\/ubanews.com\/site\/wp-content\/uploads\/2018\/12\/DSC6107-copiar.jpg 800w\" data-sizes=\"(max-width: 300px) 100vw, 300px\" src=\"data:image\/svg+xml;base64,PHN2ZyB3aWR0aD0iMSIgaGVpZ2h0PSIxIiB4bWxucz0iaHR0cDovL3d3dy53My5vcmcvMjAwMC9zdmciPjwvc3ZnPg==\" style=\"--smush-placeholder-width: 300px; --smush-placeholder-aspect-ratio: 300\/171;\" \/><\/a> <a href=\"https:\/\/ubanews.com\/site\/wp-content\/uploads\/2018\/12\/DSC6105-copiar.jpg\"><img decoding=\"async\" class=\"alignnone size-medium wp-image-9664 lazyload\" data-src=\"https:\/\/ubanews.com\/site\/wp-content\/uploads\/2018\/12\/DSC6105-copiar-300x171.jpg\" alt=\"\" width=\"300\" height=\"171\" data-srcset=\"https:\/\/ubanews.com\/site\/wp-content\/uploads\/2018\/12\/DSC6105-copiar-300x171.jpg 300w, https:\/\/ubanews.com\/site\/wp-content\/uploads\/2018\/12\/DSC6105-copiar-768x439.jpg 768w, https:\/\/ubanews.com\/site\/wp-content\/uploads\/2018\/12\/DSC6105-copiar.jpg 800w\" data-sizes=\"(max-width: 300px) 100vw, 300px\" src=\"data:image\/svg+xml;base64,PHN2ZyB3aWR0aD0iMSIgaGVpZ2h0PSIxIiB4bWxucz0iaHR0cDovL3d3dy53My5vcmcvMjAwMC9zdmciPjwvc3ZnPg==\" style=\"--smush-placeholder-width: 300px; --smush-placeholder-aspect-ratio: 300\/171;\" \/><\/a> <a href=\"https:\/\/ubanews.com\/site\/wp-content\/uploads\/2018\/12\/DSC6103-copiar.jpg\"><img decoding=\"async\" class=\"alignnone size-medium wp-image-9663 lazyload\" data-src=\"https:\/\/ubanews.com\/site\/wp-content\/uploads\/2018\/12\/DSC6103-copiar-300x171.jpg\" alt=\"\" width=\"300\" height=\"171\" data-srcset=\"https:\/\/ubanews.com\/site\/wp-content\/uploads\/2018\/12\/DSC6103-copiar-300x171.jpg 300w, https:\/\/ubanews.com\/site\/wp-content\/uploads\/2018\/12\/DSC6103-copiar-768x439.jpg 768w, https:\/\/ubanews.com\/site\/wp-content\/uploads\/2018\/12\/DSC6103-copiar.jpg 800w\" data-sizes=\"(max-width: 300px) 100vw, 300px\" src=\"data:image\/svg+xml;base64,PHN2ZyB3aWR0aD0iMSIgaGVpZ2h0PSIxIiB4bWxucz0iaHR0cDovL3d3dy53My5vcmcvMjAwMC9zdmciPjwvc3ZnPg==\" style=\"--smush-placeholder-width: 300px; --smush-placeholder-aspect-ratio: 300\/171;\" \/><\/a> <a href=\"https:\/\/ubanews.com\/site\/wp-content\/uploads\/2018\/12\/DSC6102-copiar.jpg\"><img decoding=\"async\" class=\"alignnone size-medium wp-image-9662 lazyload\" data-src=\"https:\/\/ubanews.com\/site\/wp-content\/uploads\/2018\/12\/DSC6102-copiar-300x171.jpg\" alt=\"\" width=\"300\" height=\"171\" data-srcset=\"https:\/\/ubanews.com\/site\/wp-content\/uploads\/2018\/12\/DSC6102-copiar-300x171.jpg 300w, https:\/\/ubanews.com\/site\/wp-content\/uploads\/2018\/12\/DSC6102-copiar-768x439.jpg 768w, https:\/\/ubanews.com\/site\/wp-content\/uploads\/2018\/12\/DSC6102-copiar.jpg 800w\" data-sizes=\"(max-width: 300px) 100vw, 300px\" src=\"data:image\/svg+xml;base64,PHN2ZyB3aWR0aD0iMSIgaGVpZ2h0PSIxIiB4bWxucz0iaHR0cDovL3d3dy53My5vcmcvMjAwMC9zdmciPjwvc3ZnPg==\" style=\"--smush-placeholder-width: 300px; --smush-placeholder-aspect-ratio: 300\/171;\" \/><\/a> <a href=\"https:\/\/ubanews.com\/site\/wp-content\/uploads\/2018\/12\/DSC6100-copiar.jpg\"><img decoding=\"async\" class=\"alignnone size-medium wp-image-9661 lazyload\" data-src=\"https:\/\/ubanews.com\/site\/wp-content\/uploads\/2018\/12\/DSC6100-copiar-300x171.jpg\" alt=\"\" width=\"300\" height=\"171\" data-srcset=\"https:\/\/ubanews.com\/site\/wp-content\/uploads\/2018\/12\/DSC6100-copiar-300x171.jpg 300w, https:\/\/ubanews.com\/site\/wp-content\/uploads\/2018\/12\/DSC6100-copiar-768x439.jpg 768w, https:\/\/ubanews.com\/site\/wp-content\/uploads\/2018\/12\/DSC6100-copiar.jpg 800w\" data-sizes=\"(max-width: 300px) 100vw, 300px\" src=\"data:image\/svg+xml;base64,PHN2ZyB3aWR0aD0iMSIgaGVpZ2h0PSIxIiB4bWxucz0iaHR0cDovL3d3dy53My5vcmcvMjAwMC9zdmciPjwvc3ZnPg==\" style=\"--smush-placeholder-width: 300px; --smush-placeholder-aspect-ratio: 300\/171;\" \/><\/a> <a href=\"https:\/\/ubanews.com\/site\/wp-content\/uploads\/2018\/12\/DSC6096-copiar.jpg\"><img decoding=\"async\" class=\"alignnone size-medium wp-image-9660 lazyload\" data-src=\"https:\/\/ubanews.com\/site\/wp-content\/uploads\/2018\/12\/DSC6096-copiar-300x171.jpg\" alt=\"\" width=\"300\" height=\"171\" data-srcset=\"https:\/\/ubanews.com\/site\/wp-content\/uploads\/2018\/12\/DSC6096-copiar-300x171.jpg 300w, https:\/\/ubanews.com\/site\/wp-content\/uploads\/2018\/12\/DSC6096-copiar-768x439.jpg 768w, https:\/\/ubanews.com\/site\/wp-content\/uploads\/2018\/12\/DSC6096-copiar.jpg 800w\" data-sizes=\"(max-width: 300px) 100vw, 300px\" src=\"data:image\/svg+xml;base64,PHN2ZyB3aWR0aD0iMSIgaGVpZ2h0PSIxIiB4bWxucz0iaHR0cDovL3d3dy53My5vcmcvMjAwMC9zdmciPjwvc3ZnPg==\" style=\"--smush-placeholder-width: 300px; --smush-placeholder-aspect-ratio: 300\/171;\" \/><\/a> <a href=\"https:\/\/ubanews.com\/site\/wp-content\/uploads\/2018\/12\/DSC6095-copiar.jpg\"><img decoding=\"async\" class=\"alignnone size-medium wp-image-9659 lazyload\" data-src=\"https:\/\/ubanews.com\/site\/wp-content\/uploads\/2018\/12\/DSC6095-copiar-300x171.jpg\" alt=\"\" width=\"300\" height=\"171\" data-srcset=\"https:\/\/ubanews.com\/site\/wp-content\/uploads\/2018\/12\/DSC6095-copiar-300x171.jpg 300w, https:\/\/ubanews.com\/site\/wp-content\/uploads\/2018\/12\/DSC6095-copiar-768x439.jpg 768w, https:\/\/ubanews.com\/site\/wp-content\/uploads\/2018\/12\/DSC6095-copiar.jpg 800w\" data-sizes=\"(max-width: 300px) 100vw, 300px\" src=\"data:image\/svg+xml;base64,PHN2ZyB3aWR0aD0iMSIgaGVpZ2h0PSIxIiB4bWxucz0iaHR0cDovL3d3dy53My5vcmcvMjAwMC9zdmciPjwvc3ZnPg==\" style=\"--smush-placeholder-width: 300px; --smush-placeholder-aspect-ratio: 300\/171;\" \/><\/a> <a href=\"https:\/\/ubanews.com\/site\/wp-content\/uploads\/2018\/12\/DSC6093-copiar.jpg\"><img decoding=\"async\" class=\"alignnone size-medium wp-image-9658 lazyload\" data-src=\"https:\/\/ubanews.com\/site\/wp-content\/uploads\/2018\/12\/DSC6093-copiar-300x171.jpg\" alt=\"\" width=\"300\" height=\"171\" data-srcset=\"https:\/\/ubanews.com\/site\/wp-content\/uploads\/2018\/12\/DSC6093-copiar-300x171.jpg 300w, https:\/\/ubanews.com\/site\/wp-content\/uploads\/2018\/12\/DSC6093-copiar-768x439.jpg 768w, https:\/\/ubanews.com\/site\/wp-content\/uploads\/2018\/12\/DSC6093-copiar.jpg 800w\" data-sizes=\"(max-width: 300px) 100vw, 300px\" src=\"data:image\/svg+xml;base64,PHN2ZyB3aWR0aD0iMSIgaGVpZ2h0PSIxIiB4bWxucz0iaHR0cDovL3d3dy53My5vcmcvMjAwMC9zdmciPjwvc3ZnPg==\" style=\"--smush-placeholder-width: 300px; --smush-placeholder-aspect-ratio: 300\/171;\" \/><\/a> <a href=\"https:\/\/ubanews.com\/site\/wp-content\/uploads\/2018\/12\/DSC6091-copiar.jpg\"><img decoding=\"async\" class=\"alignnone size-medium wp-image-9657 lazyload\" data-src=\"https:\/\/ubanews.com\/site\/wp-content\/uploads\/2018\/12\/DSC6091-copiar-300x171.jpg\" alt=\"\" width=\"300\" height=\"171\" data-srcset=\"https:\/\/ubanews.com\/site\/wp-content\/uploads\/2018\/12\/DSC6091-copiar-300x171.jpg 300w, https:\/\/ubanews.com\/site\/wp-content\/uploads\/2018\/12\/DSC6091-copiar-768x439.jpg 768w, https:\/\/ubanews.com\/site\/wp-content\/uploads\/2018\/12\/DSC6091-copiar.jpg 800w\" data-sizes=\"(max-width: 300px) 100vw, 300px\" src=\"data:image\/svg+xml;base64,PHN2ZyB3aWR0aD0iMSIgaGVpZ2h0PSIxIiB4bWxucz0iaHR0cDovL3d3dy53My5vcmcvMjAwMC9zdmciPjwvc3ZnPg==\" style=\"--smush-placeholder-width: 300px; --smush-placeholder-aspect-ratio: 300\/171;\" \/><\/a> <a href=\"https:\/\/ubanews.com\/site\/wp-content\/uploads\/2018\/12\/DSC6089-copiar.jpg\"><img decoding=\"async\" class=\"alignnone size-medium wp-image-9656 lazyload\" data-src=\"https:\/\/ubanews.com\/site\/wp-content\/uploads\/2018\/12\/DSC6089-copiar-300x171.jpg\" alt=\"\" width=\"300\" height=\"171\" data-srcset=\"https:\/\/ubanews.com\/site\/wp-content\/uploads\/2018\/12\/DSC6089-copiar-300x171.jpg 300w, https:\/\/ubanews.com\/site\/wp-content\/uploads\/2018\/12\/DSC6089-copiar-768x439.jpg 768w, https:\/\/ubanews.com\/site\/wp-content\/uploads\/2018\/12\/DSC6089-copiar.jpg 800w\" data-sizes=\"(max-width: 300px) 100vw, 300px\" src=\"data:image\/svg+xml;base64,PHN2ZyB3aWR0aD0iMSIgaGVpZ2h0PSIxIiB4bWxucz0iaHR0cDovL3d3dy53My5vcmcvMjAwMC9zdmciPjwvc3ZnPg==\" style=\"--smush-placeholder-width: 300px; --smush-placeholder-aspect-ratio: 300\/171;\" \/><\/a> <a href=\"https:\/\/ubanews.com\/site\/wp-content\/uploads\/2018\/12\/DSC6087-copiar.jpg\"><img decoding=\"async\" class=\"alignnone size-medium wp-image-9655 lazyload\" data-src=\"https:\/\/ubanews.com\/site\/wp-content\/uploads\/2018\/12\/DSC6087-copiar-300x171.jpg\" alt=\"\" width=\"300\" height=\"171\" data-srcset=\"https:\/\/ubanews.com\/site\/wp-content\/uploads\/2018\/12\/DSC6087-copiar-300x171.jpg 300w, https:\/\/ubanews.com\/site\/wp-content\/uploads\/2018\/12\/DSC6087-copiar-768x439.jpg 768w, https:\/\/ubanews.com\/site\/wp-content\/uploads\/2018\/12\/DSC6087-copiar.jpg 800w\" data-sizes=\"(max-width: 300px) 100vw, 300px\" src=\"data:image\/svg+xml;base64,PHN2ZyB3aWR0aD0iMSIgaGVpZ2h0PSIxIiB4bWxucz0iaHR0cDovL3d3dy53My5vcmcvMjAwMC9zdmciPjwvc3ZnPg==\" style=\"--smush-placeholder-width: 300px; --smush-placeholder-aspect-ratio: 300\/171;\" \/><\/a> <a href=\"https:\/\/ubanews.com\/site\/wp-content\/uploads\/2018\/12\/DSC6085-copiar.jpg\"><img decoding=\"async\" class=\"alignnone size-medium wp-image-9654 lazyload\" data-src=\"https:\/\/ubanews.com\/site\/wp-content\/uploads\/2018\/12\/DSC6085-copiar-300x171.jpg\" alt=\"\" width=\"300\" height=\"171\" data-srcset=\"https:\/\/ubanews.com\/site\/wp-content\/uploads\/2018\/12\/DSC6085-copiar-300x171.jpg 300w, https:\/\/ubanews.com\/site\/wp-content\/uploads\/2018\/12\/DSC6085-copiar-768x439.jpg 768w, https:\/\/ubanews.com\/site\/wp-content\/uploads\/2018\/12\/DSC6085-copiar.jpg 800w\" data-sizes=\"(max-width: 300px) 100vw, 300px\" src=\"data:image\/svg+xml;base64,PHN2ZyB3aWR0aD0iMSIgaGVpZ2h0PSIxIiB4bWxucz0iaHR0cDovL3d3dy53My5vcmcvMjAwMC9zdmciPjwvc3ZnPg==\" style=\"--smush-placeholder-width: 300px; --smush-placeholder-aspect-ratio: 300\/171;\" \/><\/a> <a href=\"https:\/\/ubanews.com\/site\/wp-content\/uploads\/2018\/12\/DSC6082-copiar.jpg\"><img decoding=\"async\" class=\"alignnone size-medium wp-image-9653 lazyload\" data-src=\"https:\/\/ubanews.com\/site\/wp-content\/uploads\/2018\/12\/DSC6082-copiar-300x171.jpg\" alt=\"\" width=\"300\" height=\"171\" data-srcset=\"https:\/\/ubanews.com\/site\/wp-content\/uploads\/2018\/12\/DSC6082-copiar-300x171.jpg 300w, https:\/\/ubanews.com\/site\/wp-content\/uploads\/2018\/12\/DSC6082-copiar-768x439.jpg 768w, https:\/\/ubanews.com\/site\/wp-content\/uploads\/2018\/12\/DSC6082-copiar.jpg 800w\" data-sizes=\"(max-width: 300px) 100vw, 300px\" src=\"data:image\/svg+xml;base64,PHN2ZyB3aWR0aD0iMSIgaGVpZ2h0PSIxIiB4bWxucz0iaHR0cDovL3d3dy53My5vcmcvMjAwMC9zdmciPjwvc3ZnPg==\" style=\"--smush-placeholder-width: 300px; --smush-placeholder-aspect-ratio: 300\/171;\" \/><\/a> <a href=\"https:\/\/ubanews.com\/site\/wp-content\/uploads\/2018\/12\/DSC6067-copiar.jpg\"><img decoding=\"async\" class=\"alignnone size-medium wp-image-9651 lazyload\" data-src=\"https:\/\/ubanews.com\/site\/wp-content\/uploads\/2018\/12\/DSC6067-copiar-300x171.jpg\" alt=\"\" width=\"300\" height=\"171\" data-srcset=\"https:\/\/ubanews.com\/site\/wp-content\/uploads\/2018\/12\/DSC6067-copiar-300x171.jpg 300w, https:\/\/ubanews.com\/site\/wp-content\/uploads\/2018\/12\/DSC6067-copiar-768x439.jpg 768w, https:\/\/ubanews.com\/site\/wp-content\/uploads\/2018\/12\/DSC6067-copiar.jpg 800w\" data-sizes=\"(max-width: 300px) 100vw, 300px\" src=\"data:image\/svg+xml;base64,PHN2ZyB3aWR0aD0iMSIgaGVpZ2h0PSIxIiB4bWxucz0iaHR0cDovL3d3dy53My5vcmcvMjAwMC9zdmciPjwvc3ZnPg==\" style=\"--smush-placeholder-width: 300px; --smush-placeholder-aspect-ratio: 300\/171;\" \/><\/a> <a href=\"https:\/\/ubanews.com\/site\/wp-content\/uploads\/2018\/12\/DSC6057-copiar.jpg\"><img decoding=\"async\" class=\"alignnone size-medium wp-image-9650 lazyload\" data-src=\"https:\/\/ubanews.com\/site\/wp-content\/uploads\/2018\/12\/DSC6057-copiar-300x171.jpg\" alt=\"\" width=\"300\" height=\"171\" data-srcset=\"https:\/\/ubanews.com\/site\/wp-content\/uploads\/2018\/12\/DSC6057-copiar-300x171.jpg 300w, https:\/\/ubanews.com\/site\/wp-content\/uploads\/2018\/12\/DSC6057-copiar-768x439.jpg 768w, https:\/\/ubanews.com\/site\/wp-content\/uploads\/2018\/12\/DSC6057-copiar.jpg 800w\" data-sizes=\"(max-width: 300px) 100vw, 300px\" src=\"data:image\/svg+xml;base64,PHN2ZyB3aWR0aD0iMSIgaGVpZ2h0PSIxIiB4bWxucz0iaHR0cDovL3d3dy53My5vcmcvMjAwMC9zdmciPjwvc3ZnPg==\" style=\"--smush-placeholder-width: 300px; --smush-placeholder-aspect-ratio: 300\/171;\" \/><\/a> <a href=\"https:\/\/ubanews.com\/site\/wp-content\/uploads\/2018\/12\/DSC6136-copiar.jpg\"><img decoding=\"async\" class=\"alignnone size-medium wp-image-9649 lazyload\" data-src=\"https:\/\/ubanews.com\/site\/wp-content\/uploads\/2018\/12\/DSC6136-copiar-300x171.jpg\" alt=\"\" width=\"300\" height=\"171\" data-srcset=\"https:\/\/ubanews.com\/site\/wp-content\/uploads\/2018\/12\/DSC6136-copiar-300x171.jpg 300w, https:\/\/ubanews.com\/site\/wp-content\/uploads\/2018\/12\/DSC6136-copiar-768x439.jpg 768w, https:\/\/ubanews.com\/site\/wp-content\/uploads\/2018\/12\/DSC6136-copiar.jpg 800w\" data-sizes=\"(max-width: 300px) 100vw, 300px\" src=\"data:image\/svg+xml;base64,PHN2ZyB3aWR0aD0iMSIgaGVpZ2h0PSIxIiB4bWxucz0iaHR0cDovL3d3dy53My5vcmcvMjAwMC9zdmciPjwvc3ZnPg==\" style=\"--smush-placeholder-width: 300px; --smush-placeholder-aspect-ratio: 300\/171;\" \/><\/a> <a href=\"https:\/\/ubanews.com\/site\/wp-content\/uploads\/2018\/12\/DSC6133.jpg\"><img decoding=\"async\" class=\"alignnone size-medium wp-image-9648 lazyload\" data-src=\"https:\/\/ubanews.com\/site\/wp-content\/uploads\/2018\/12\/DSC6133-300x171.jpg\" alt=\"\" width=\"300\" height=\"171\" data-srcset=\"https:\/\/ubanews.com\/site\/wp-content\/uploads\/2018\/12\/DSC6133-300x171.jpg 300w, https:\/\/ubanews.com\/site\/wp-content\/uploads\/2018\/12\/DSC6133-768x439.jpg 768w, https:\/\/ubanews.com\/site\/wp-content\/uploads\/2018\/12\/DSC6133.jpg 800w\" data-sizes=\"(max-width: 300px) 100vw, 300px\" src=\"data:image\/svg+xml;base64,PHN2ZyB3aWR0aD0iMSIgaGVpZ2h0PSIxIiB4bWxucz0iaHR0cDovL3d3dy53My5vcmcvMjAwMC9zdmciPjwvc3ZnPg==\" style=\"--smush-placeholder-width: 300px; --smush-placeholder-aspect-ratio: 300\/171;\" \/><\/a> <a href=\"https:\/\/ubanews.com\/site\/wp-content\/uploads\/2018\/12\/DSC6131-copiar.jpg\"><img decoding=\"async\" class=\"alignnone size-medium wp-image-9647 lazyload\" data-src=\"https:\/\/ubanews.com\/site\/wp-content\/uploads\/2018\/12\/DSC6131-copiar-300x171.jpg\" alt=\"\" width=\"300\" height=\"171\" data-srcset=\"https:\/\/ubanews.com\/site\/wp-content\/uploads\/2018\/12\/DSC6131-copiar-300x171.jpg 300w, https:\/\/ubanews.com\/site\/wp-content\/uploads\/2018\/12\/DSC6131-copiar-768x439.jpg 768w, https:\/\/ubanews.com\/site\/wp-content\/uploads\/2018\/12\/DSC6131-copiar.jpg 800w\" data-sizes=\"(max-width: 300px) 100vw, 300px\" src=\"data:image\/svg+xml;base64,PHN2ZyB3aWR0aD0iMSIgaGVpZ2h0PSIxIiB4bWxucz0iaHR0cDovL3d3dy53My5vcmcvMjAwMC9zdmciPjwvc3ZnPg==\" style=\"--smush-placeholder-width: 300px; --smush-placeholder-aspect-ratio: 300\/171;\" \/><\/a> <a href=\"https:\/\/ubanews.com\/site\/wp-content\/uploads\/2018\/12\/DSC6126-copiar.jpg\"><img decoding=\"async\" class=\"alignnone size-medium wp-image-9645 lazyload\" data-src=\"https:\/\/ubanews.com\/site\/wp-content\/uploads\/2018\/12\/DSC6126-copiar-300x171.jpg\" alt=\"\" width=\"300\" height=\"171\" data-srcset=\"https:\/\/ubanews.com\/site\/wp-content\/uploads\/2018\/12\/DSC6126-copiar-300x171.jpg 300w, https:\/\/ubanews.com\/site\/wp-content\/uploads\/2018\/12\/DSC6126-copiar-768x439.jpg 768w, https:\/\/ubanews.com\/site\/wp-content\/uploads\/2018\/12\/DSC6126-copiar.jpg 800w\" data-sizes=\"(max-width: 300px) 100vw, 300px\" src=\"data:image\/svg+xml;base64,PHN2ZyB3aWR0aD0iMSIgaGVpZ2h0PSIxIiB4bWxucz0iaHR0cDovL3d3dy53My5vcmcvMjAwMC9zdmciPjwvc3ZnPg==\" style=\"--smush-placeholder-width: 300px; --smush-placeholder-aspect-ratio: 300\/171;\" \/><\/a><\/p>\n<p>O Poder Legislativo do Munic\u00edpio de Ub\u00e1 em parceria com a Femac<!--more--> (Federa\u00e7\u00e3o Municipal das Associa\u00e7\u00f5es Comunit\u00e1rias dos Bairros, Distritos e Zona Rural de Ub\u00e1\/MG) promoveu na noite desta quinta-feira (06) uma sess\u00e3o solene, no Plen\u00e1rio Lincoln Rodrigues Costa, rua Santa Cruz, 301, para a entrega do diploma L\u00edder Comunit\u00e1rio 2018 aos seguintes agraciados:<\/p>\n<p><em>Alexandre Pereira Lima \u2013 Boa vista;<\/em><\/p>\n<p><em>Aline Aparecida Canedo \u2013 S\u00e3o Mateus;<\/em><\/p>\n<p><em>Carla Silveira Rufato Bressan \u2013 Santa Bernadete;<\/em><\/p>\n<p><em>Elaine Aparecida da Costa Batista \u2013 Ant\u00f4nio Maranh\u00e3o (Cibraci);<\/em><\/p>\n<p><em>Ervane Jos\u00e9 de Almeida \u2013 Ubari;<\/em><\/p>\n<p><em>Francisco da Silva \u2013 Vila Casal;<\/em><\/p>\n<p><em>Jair de Oliveira Teixeira \u2013 Ub\u00e1 pequeno;<\/em><\/p>\n<p><em>Janduir Martins \u2013 Augusta Silva de Freitas;<\/em><\/p>\n<p><em>Jean Carlo Santos Marques \u2013 Meu Sonho;<\/em><\/p>\n<p><em>Jo\u00e3o Batista Gualberto \u2013 Jardim Esperan\u00e7a;<\/em><\/p>\n<p><em>Jos\u00e9 de Deus da Silva \u2013 Distrito de Miragaia;<\/em><\/p>\n<p><em>Jos\u00e9 Fl\u00e1vio Expedito \u2013 Chiquito Gazolla;<\/em><\/p>\n<p><em>Jos\u00e9 L\u00facio Eul\u00e1lio \u2013 Xangril\u00e1;<\/em><\/p>\n<p><em>Jos\u00e9 Marques Neto \u2013 Santa Edwiges;<\/em><\/p>\n<p><em>Jos\u00e9 William da Silva \u2013 Paulino Fernandes;<\/em><\/p>\n<p><em>Marcos Aparecido de Almeida \u2013 Centro;<\/em><\/p>\n<p><em>Maria do Carmo Nascimento Silva \u2013 jos\u00e9 Pires da Luz;<\/em><\/p>\n<p><em>Nilcea Martins do Nascimento \u2013 Cristo Redentor;<\/em><\/p>\n<p><em>Paulo Moreira da Silva \u2013 Povoado Boa Vista;<\/em><\/p>\n<p><em>Rhouglas Rocha de Oliveira \u2013 primavera;<\/em><\/p>\n<p><em>Rosimar Honorato da Silva \u2013 Nova Olinda;<\/em><\/p>\n<p><em>Vandelice Amaro Nalon \u2013 Schiavon;<\/em><\/p>\n<p><em>Z\u00e9lia Aparecida Pinto \u2013 C\u00f3rrego Santo Anast\u00e1cio, C\u00f3rrego Fundo e <\/em><em>Fazenda Boa Vista.<\/em><\/p>\n<p>A corpora\u00e7\u00e3o Musical 22 de Maio realizou diversas apresenta\u00e7\u00f5es durante a sess\u00e3o, executando o Hino Nacional Brasileiro; Aquarela do Brasil, de autoria do compositor ubaense Ary Barroso. O evento contou com excelente participa\u00e7\u00e3o das comunidades, prestigiando aos homenageados. A cerim\u00f4nia foi presidida pela presidente da C\u00e2mara Ros\u00e2ngela Maria Alfenas de Andrade.<\/p>\n<p>O prefeito de Ub\u00e1, Edson Teixeira Filho; o Secret\u00e1rio de Desenvolvimento Social, Fl\u00e1vio Monteze; o presidente da Femac, M\u00e1rio \u00c2ngelo No\u00e9; Sargento Segr\u00e9gio, representando o Comandante do Corpo de Bombeiros Militar, Capit\u00e3o BM Patrick Tavares Gomes; Tenente PM Ariane Aparecida Chagas Ramos, representando o Comandante do Vig\u00e9simo Primeiro Batalh\u00e3o de Pol\u00edcia Militar, Tenente Coronel PM Giovani do Carmo Ramos; representando a Trig\u00e9sima Sub-se\u00e7\u00e3o de Ub\u00e1 da Ordem dos Advogados do Brasil, doutora Dayana Luz, representando o seu presidente Miguel Poggiali Gasparoni.<\/p>\n<div style=\"position: relative; height: 0; padding-bottom: 56.25%;\"><iframe style=\"position: absolute; width: 100%; height: 100%; left: 0;\" data-src=\"https:\/\/www.youtube.com\/embed\/aYhymLdijic?ecver=2\" width=\"640\" height=\"360\" frameborder=\"0\" allowfullscreen=\"allowfullscreen\" src=\"data:image\/svg+xml;base64,PHN2ZyB3aWR0aD0iMSIgaGVpZ2h0PSIxIiB4bWxucz0iaHR0cDovL3d3dy53My5vcmcvMjAwMC9zdmciPjwvc3ZnPg==\" class=\"lazyload\" data-load-mode=\"1\"><\/iframe><\/div>\n<div>&nbsp;<\/div>\n<div style=\"position: relative; height: 0; padding-bottom: 56.25%;\"><iframe style=\"position: absolute; width: 100%; height: 100%; left: 0;\" data-src=\"https:\/\/www.youtube.com\/embed\/QhLoi9mZihc?ecver=2\" width=\"640\" height=\"360\" frameborder=\"0\" allowfullscreen=\"allowfullscreen\" src=\"data:image\/svg+xml;base64,PHN2ZyB3aWR0aD0iMSIgaGVpZ2h0PSIxIiB4bWxucz0iaHR0cDovL3d3dy53My5vcmcvMjAwMC9zdmciPjwvc3ZnPg==\" class=\"lazyload\" data-load-mode=\"1\"><\/iframe><\/div>\n<div>&nbsp;<\/div>\n<div style=\"position: relative; height: 0; padding-bottom: 56.25%;\"><iframe style=\"position: absolute; width: 100%; height: 100%; left: 0;\" data-src=\"https:\/\/www.youtube.com\/embed\/rFxrITT-w8Y?ecver=2\" width=\"640\" height=\"360\" frameborder=\"0\" allowfullscreen=\"allowfullscreen\" src=\"data:image\/svg+xml;base64,PHN2ZyB3aWR0aD0iMSIgaGVpZ2h0PSIxIiB4bWxucz0iaHR0cDovL3d3dy53My5vcmcvMjAwMC9zdmciPjwvc3ZnPg==\" class=\"lazyload\" data-load-mode=\"1\"><\/iframe><\/div>\n<div>&nbsp;<\/div>\n<div style=\"position: relative; height: 0; padding-bottom: 56.25%;\"><iframe style=\"position: absolute; width: 100%; height: 100%; left: 0;\" data-src=\"https:\/\/www.youtube.com\/embed\/5yw39ii1Ky8?ecver=2\" width=\"640\" height=\"360\" frameborder=\"0\" allowfullscreen=\"allowfullscreen\" src=\"data:image\/svg+xml;base64,PHN2ZyB3aWR0aD0iMSIgaGVpZ2h0PSIxIiB4bWxucz0iaHR0cDovL3d3dy53My5vcmcvMjAwMC9zdmciPjwvc3ZnPg==\" class=\"lazyload\" data-load-mode=\"1\"><\/iframe><\/div>\n<p>&nbsp;<\/p>\n","protected":false},"excerpt":{"rendered":"<p>O Poder Legislativo do Munic\u00edpio de Ub\u00e1 em parceria com<\/p>\n","protected":false},"author":2,"featured_media":9652,"comment_status":"open","ping_status":"open","sticky":false,"template":"","format":"standard","meta":{"footnotes":""},"categories":[1],"tags":[],"class_list":["post-9644","post","type-post","status-publish","format-standard","has-post-thumbnail","hentry","category-sem-categoria"],"yoast_head":"<!-- This site is optimized with the Yoast SEO plugin v27.2 - https:\/\/yoast.com\/product\/yoast-seo-wordpress\/ -->\n<title>O PODER LEGISLATIVO PROMOVE SESS\u00c3O SOLENE PARA A ENTREGA DO DIPLOMA DE L\u00cdDER COMUNIT\u00c1RIO - Ub\u00e1 News<\/title>\n<meta name=\"robots\" content=\"index, follow, max-snippet:-1, max-image-preview:large, max-video-preview:-1\" \/>\n<link rel=\"canonical\" href=\"https:\/\/ubanews.com\/site\/2018\/12\/08\/o-poder-legislativo-promove-sessao-solene-para-a-entrega-do-diploma-de-lider-comunitario\/\" \/>\n<meta property=\"og:locale\" content=\"pt_BR\" \/>\n<meta property=\"og:type\" content=\"article\" \/>\n<meta property=\"og:title\" content=\"O PODER LEGISLATIVO PROMOVE SESS\u00c3O SOLENE PARA A ENTREGA DO DIPLOMA DE L\u00cdDER COMUNIT\u00c1RIO - Ub\u00e1 News\" \/>\n<meta property=\"og:description\" content=\"O Poder Legislativo do Munic\u00edpio de Ub\u00e1 em parceria com\" \/>\n<meta property=\"og:url\" content=\"https:\/\/ubanews.com\/site\/2018\/12\/08\/o-poder-legislativo-promove-sessao-solene-para-a-entrega-do-diploma-de-lider-comunitario\/\" \/>\n<meta property=\"og:site_name\" content=\"Ub\u00e1 News\" \/>\n<meta property=\"article:publisher\" content=\"https:\/\/www.facebook.com\/Ub%c3%a1News-Carlos-Roberto-Sodr%c3%a9-418778301977370\" \/>\n<meta property=\"article:author\" content=\"https:\/\/www.facebook.com\/carosroberto.sodre.5\/\" \/>\n<meta property=\"article:published_time\" content=\"2018-12-08T15:33:24+00:00\" \/>\n<meta property=\"article:modified_time\" content=\"2018-12-17T17:36:05+00:00\" \/>\n<meta property=\"og:image\" content=\"https:\/\/ubanews.com\/site\/wp-content\/uploads\/2018\/12\/DSC6080-copiar.jpg\" \/>\n\t<meta property=\"og:image:width\" content=\"800\" \/>\n\t<meta property=\"og:image:height\" content=\"389\" \/>\n\t<meta property=\"og:image:type\" content=\"image\/jpeg\" \/>\n<meta name=\"author\" content=\"Sodr\u00e9\" \/>\n<meta name=\"twitter:card\" content=\"summary_large_image\" \/>\n<meta name=\"twitter:label1\" content=\"Escrito por\" \/>\n\t<meta name=\"twitter:data1\" content=\"Sodr\u00e9\" \/>\n\t<meta name=\"twitter:label2\" content=\"Est. tempo de leitura\" \/>\n\t<meta name=\"twitter:data2\" content=\"2 minutos\" \/>\n<script type=\"application\/ld+json\" class=\"yoast-schema-graph\">{\"@context\":\"https:\/\/schema.org\",\"@graph\":[{\"@type\":\"Article\",\"@id\":\"https:\/\/ubanews.com\/site\/2018\/12\/08\/o-poder-legislativo-promove-sessao-solene-para-a-entrega-do-diploma-de-lider-comunitario\/#article\",\"isPartOf\":{\"@id\":\"https:\/\/ubanews.com\/site\/2018\/12\/08\/o-poder-legislativo-promove-sessao-solene-para-a-entrega-do-diploma-de-lider-comunitario\/\"},\"author\":{\"name\":\"Sodr\u00e9\",\"@id\":\"https:\/\/ubanews.com\/site\/#\/schema\/person\/d90c9e47252fbb63dcc969fe4c8b9d10\"},\"headline\":\"O PODER LEGISLATIVO PROMOVE SESS\u00c3O SOLENE PARA A ENTREGA DO DIPLOMA DE L\u00cdDER COMUNIT\u00c1RIO\",\"datePublished\":\"2018-12-08T15:33:24+00:00\",\"dateModified\":\"2018-12-17T17:36:05+00:00\",\"mainEntityOfPage\":{\"@id\":\"https:\/\/ubanews.com\/site\/2018\/12\/08\/o-poder-legislativo-promove-sessao-solene-para-a-entrega-do-diploma-de-lider-comunitario\/\"},\"wordCount\":380,\"commentCount\":0,\"publisher\":{\"@id\":\"https:\/\/ubanews.com\/site\/#organization\"},\"image\":{\"@id\":\"https:\/\/ubanews.com\/site\/2018\/12\/08\/o-poder-legislativo-promove-sessao-solene-para-a-entrega-do-diploma-de-lider-comunitario\/#primaryimage\"},\"thumbnailUrl\":\"https:\/\/ubanews.com\/site\/wp-content\/uploads\/2018\/12\/DSC6080-copiar.jpg\",\"articleSection\":[\"Geral\"],\"inLanguage\":\"pt-BR\",\"potentialAction\":[{\"@type\":\"CommentAction\",\"name\":\"Comment\",\"target\":[\"https:\/\/ubanews.com\/site\/2018\/12\/08\/o-poder-legislativo-promove-sessao-solene-para-a-entrega-do-diploma-de-lider-comunitario\/#respond\"]}]},{\"@type\":\"WebPage\",\"@id\":\"https:\/\/ubanews.com\/site\/2018\/12\/08\/o-poder-legislativo-promove-sessao-solene-para-a-entrega-do-diploma-de-lider-comunitario\/\",\"url\":\"https:\/\/ubanews.com\/site\/2018\/12\/08\/o-poder-legislativo-promove-sessao-solene-para-a-entrega-do-diploma-de-lider-comunitario\/\",\"name\":\"O PODER LEGISLATIVO PROMOVE SESS\u00c3O SOLENE PARA A ENTREGA DO DIPLOMA DE L\u00cdDER COMUNIT\u00c1RIO - Ub\u00e1 News\",\"isPartOf\":{\"@id\":\"https:\/\/ubanews.com\/site\/#website\"},\"primaryImageOfPage\":{\"@id\":\"https:\/\/ubanews.com\/site\/2018\/12\/08\/o-poder-legislativo-promove-sessao-solene-para-a-entrega-do-diploma-de-lider-comunitario\/#primaryimage\"},\"image\":{\"@id\":\"https:\/\/ubanews.com\/site\/2018\/12\/08\/o-poder-legislativo-promove-sessao-solene-para-a-entrega-do-diploma-de-lider-comunitario\/#primaryimage\"},\"thumbnailUrl\":\"https:\/\/ubanews.com\/site\/wp-content\/uploads\/2018\/12\/DSC6080-copiar.jpg\",\"datePublished\":\"2018-12-08T15:33:24+00:00\",\"dateModified\":\"2018-12-17T17:36:05+00:00\",\"breadcrumb\":{\"@id\":\"https:\/\/ubanews.com\/site\/2018\/12\/08\/o-poder-legislativo-promove-sessao-solene-para-a-entrega-do-diploma-de-lider-comunitario\/#breadcrumb\"},\"inLanguage\":\"pt-BR\",\"potentialAction\":[{\"@type\":\"ReadAction\",\"target\":[\"https:\/\/ubanews.com\/site\/2018\/12\/08\/o-poder-legislativo-promove-sessao-solene-para-a-entrega-do-diploma-de-lider-comunitario\/\"]}]},{\"@type\":\"ImageObject\",\"inLanguage\":\"pt-BR\",\"@id\":\"https:\/\/ubanews.com\/site\/2018\/12\/08\/o-poder-legislativo-promove-sessao-solene-para-a-entrega-do-diploma-de-lider-comunitario\/#primaryimage\",\"url\":\"https:\/\/ubanews.com\/site\/wp-content\/uploads\/2018\/12\/DSC6080-copiar.jpg\",\"contentUrl\":\"https:\/\/ubanews.com\/site\/wp-content\/uploads\/2018\/12\/DSC6080-copiar.jpg\",\"width\":800,\"height\":389},{\"@type\":\"BreadcrumbList\",\"@id\":\"https:\/\/ubanews.com\/site\/2018\/12\/08\/o-poder-legislativo-promove-sessao-solene-para-a-entrega-do-diploma-de-lider-comunitario\/#breadcrumb\",\"itemListElement\":[{\"@type\":\"ListItem\",\"position\":1,\"name\":\"Home\",\"item\":\"https:\/\/ubanews.com\/site\/\"},{\"@type\":\"ListItem\",\"position\":2,\"name\":\"O PODER LEGISLATIVO PROMOVE SESS\u00c3O SOLENE PARA A ENTREGA DO DIPLOMA DE L\u00cdDER COMUNIT\u00c1RIO\"}]},{\"@type\":\"WebSite\",\"@id\":\"https:\/\/ubanews.com\/site\/#website\",\"url\":\"https:\/\/ubanews.com\/site\/\",\"name\":\"Ub\u00e1 News\",\"description\":\"\",\"publisher\":{\"@id\":\"https:\/\/ubanews.com\/site\/#organization\"},\"potentialAction\":[{\"@type\":\"SearchAction\",\"target\":{\"@type\":\"EntryPoint\",\"urlTemplate\":\"https:\/\/ubanews.com\/site\/?s={search_term_string}\"},\"query-input\":{\"@type\":\"PropertyValueSpecification\",\"valueRequired\":true,\"valueName\":\"search_term_string\"}}],\"inLanguage\":\"pt-BR\"},{\"@type\":\"Organization\",\"@id\":\"https:\/\/ubanews.com\/site\/#organization\",\"name\":\"Ub\u00e1 News\",\"url\":\"https:\/\/ubanews.com\/site\/\",\"logo\":{\"@type\":\"ImageObject\",\"inLanguage\":\"pt-BR\",\"@id\":\"https:\/\/ubanews.com\/site\/#\/schema\/logo\/image\/\",\"url\":\"https:\/\/ubanews.com\/site\/wp-content\/uploads\/2018\/01\/logoubanews.png\",\"contentUrl\":\"https:\/\/ubanews.com\/site\/wp-content\/uploads\/2018\/01\/logoubanews.png\",\"width\":261,\"height\":99,\"caption\":\"Ub\u00e1 News\"},\"image\":{\"@id\":\"https:\/\/ubanews.com\/site\/#\/schema\/logo\/image\/\"},\"sameAs\":[\"https:\/\/www.facebook.com\/Ub\u00e1News-Carlos-Roberto-Sodr\u00e9-418778301977370\"]},{\"@type\":\"Person\",\"@id\":\"https:\/\/ubanews.com\/site\/#\/schema\/person\/d90c9e47252fbb63dcc969fe4c8b9d10\",\"name\":\"Sodr\u00e9\",\"image\":{\"@type\":\"ImageObject\",\"inLanguage\":\"pt-BR\",\"@id\":\"https:\/\/secure.gravatar.com\/avatar\/5ba2793f0590b9dbfad3fdec4ee714485b3eef211c9b32ee53d414060454a56c?s=96&d=mm&r=g\",\"url\":\"https:\/\/secure.gravatar.com\/avatar\/5ba2793f0590b9dbfad3fdec4ee714485b3eef211c9b32ee53d414060454a56c?s=96&d=mm&r=g\",\"contentUrl\":\"https:\/\/secure.gravatar.com\/avatar\/5ba2793f0590b9dbfad3fdec4ee714485b3eef211c9b32ee53d414060454a56c?s=96&d=mm&r=g\",\"caption\":\"Sodr\u00e9\"},\"sameAs\":[\"https:\/\/www.facebook.com\/carosroberto.sodre.5\/\"],\"url\":\"https:\/\/ubanews.com\/site\/author\/felipe\/\"}]}<\/script>\n<!-- \/ Yoast SEO plugin. -->","yoast_head_json":{"title":"O PODER LEGISLATIVO PROMOVE SESS\u00c3O SOLENE PARA A ENTREGA DO DIPLOMA DE L\u00cdDER COMUNIT\u00c1RIO - Ub\u00e1 News","robots":{"index":"index","follow":"follow","max-snippet":"max-snippet:-1","max-image-preview":"max-image-preview:large","max-video-preview":"max-video-preview:-1"},"canonical":"https:\/\/ubanews.com\/site\/2018\/12\/08\/o-poder-legislativo-promove-sessao-solene-para-a-entrega-do-diploma-de-lider-comunitario\/","og_locale":"pt_BR","og_type":"article","og_title":"O PODER LEGISLATIVO PROMOVE SESS\u00c3O SOLENE PARA A ENTREGA DO DIPLOMA DE L\u00cdDER COMUNIT\u00c1RIO - Ub\u00e1 News","og_description":"O Poder Legislativo do Munic\u00edpio de Ub\u00e1 em parceria com","og_url":"https:\/\/ubanews.com\/site\/2018\/12\/08\/o-poder-legislativo-promove-sessao-solene-para-a-entrega-do-diploma-de-lider-comunitario\/","og_site_name":"Ub\u00e1 News","article_publisher":"https:\/\/www.facebook.com\/Ub%c3%a1News-Carlos-Roberto-Sodr%c3%a9-418778301977370","article_author":"https:\/\/www.facebook.com\/carosroberto.sodre.5\/","article_published_time":"2018-12-08T15:33:24+00:00","article_modified_time":"2018-12-17T17:36:05+00:00","og_image":[{"width":800,"height":389,"url":"https:\/\/ubanews.com\/site\/wp-content\/uploads\/2018\/12\/DSC6080-copiar.jpg","type":"image\/jpeg"}],"author":"Sodr\u00e9","twitter_card":"summary_large_image","twitter_misc":{"Escrito por":"Sodr\u00e9","Est. tempo de leitura":"2 minutos"},"schema":{"@context":"https:\/\/schema.org","@graph":[{"@type":"Article","@id":"https:\/\/ubanews.com\/site\/2018\/12\/08\/o-poder-legislativo-promove-sessao-solene-para-a-entrega-do-diploma-de-lider-comunitario\/#article","isPartOf":{"@id":"https:\/\/ubanews.com\/site\/2018\/12\/08\/o-poder-legislativo-promove-sessao-solene-para-a-entrega-do-diploma-de-lider-comunitario\/"},"author":{"name":"Sodr\u00e9","@id":"https:\/\/ubanews.com\/site\/#\/schema\/person\/d90c9e47252fbb63dcc969fe4c8b9d10"},"headline":"O PODER LEGISLATIVO PROMOVE SESS\u00c3O SOLENE PARA A ENTREGA DO DIPLOMA DE L\u00cdDER COMUNIT\u00c1RIO","datePublished":"2018-12-08T15:33:24+00:00","dateModified":"2018-12-17T17:36:05+00:00","mainEntityOfPage":{"@id":"https:\/\/ubanews.com\/site\/2018\/12\/08\/o-poder-legislativo-promove-sessao-solene-para-a-entrega-do-diploma-de-lider-comunitario\/"},"wordCount":380,"commentCount":0,"publisher":{"@id":"https:\/\/ubanews.com\/site\/#organization"},"image":{"@id":"https:\/\/ubanews.com\/site\/2018\/12\/08\/o-poder-legislativo-promove-sessao-solene-para-a-entrega-do-diploma-de-lider-comunitario\/#primaryimage"},"thumbnailUrl":"https:\/\/ubanews.com\/site\/wp-content\/uploads\/2018\/12\/DSC6080-copiar.jpg","articleSection":["Geral"],"inLanguage":"pt-BR","potentialAction":[{"@type":"CommentAction","name":"Comment","target":["https:\/\/ubanews.com\/site\/2018\/12\/08\/o-poder-legislativo-promove-sessao-solene-para-a-entrega-do-diploma-de-lider-comunitario\/#respond"]}]},{"@type":"WebPage","@id":"https:\/\/ubanews.com\/site\/2018\/12\/08\/o-poder-legislativo-promove-sessao-solene-para-a-entrega-do-diploma-de-lider-comunitario\/","url":"https:\/\/ubanews.com\/site\/2018\/12\/08\/o-poder-legislativo-promove-sessao-solene-para-a-entrega-do-diploma-de-lider-comunitario\/","name":"O PODER LEGISLATIVO PROMOVE SESS\u00c3O SOLENE PARA A ENTREGA DO DIPLOMA DE L\u00cdDER COMUNIT\u00c1RIO - Ub\u00e1 News","isPartOf":{"@id":"https:\/\/ubanews.com\/site\/#website"},"primaryImageOfPage":{"@id":"https:\/\/ubanews.com\/site\/2018\/12\/08\/o-poder-legislativo-promove-sessao-solene-para-a-entrega-do-diploma-de-lider-comunitario\/#primaryimage"},"image":{"@id":"https:\/\/ubanews.com\/site\/2018\/12\/08\/o-poder-legislativo-promove-sessao-solene-para-a-entrega-do-diploma-de-lider-comunitario\/#primaryimage"},"thumbnailUrl":"https:\/\/ubanews.com\/site\/wp-content\/uploads\/2018\/12\/DSC6080-copiar.jpg","datePublished":"2018-12-08T15:33:24+00:00","dateModified":"2018-12-17T17:36:05+00:00","breadcrumb":{"@id":"https:\/\/ubanews.com\/site\/2018\/12\/08\/o-poder-legislativo-promove-sessao-solene-para-a-entrega-do-diploma-de-lider-comunitario\/#breadcrumb"},"inLanguage":"pt-BR","potentialAction":[{"@type":"ReadAction","target":["https:\/\/ubanews.com\/site\/2018\/12\/08\/o-poder-legislativo-promove-sessao-solene-para-a-entrega-do-diploma-de-lider-comunitario\/"]}]},{"@type":"ImageObject","inLanguage":"pt-BR","@id":"https:\/\/ubanews.com\/site\/2018\/12\/08\/o-poder-legislativo-promove-sessao-solene-para-a-entrega-do-diploma-de-lider-comunitario\/#primaryimage","url":"https:\/\/ubanews.com\/site\/wp-content\/uploads\/2018\/12\/DSC6080-copiar.jpg","contentUrl":"https:\/\/ubanews.com\/site\/wp-content\/uploads\/2018\/12\/DSC6080-copiar.jpg","width":800,"height":389},{"@type":"BreadcrumbList","@id":"https:\/\/ubanews.com\/site\/2018\/12\/08\/o-poder-legislativo-promove-sessao-solene-para-a-entrega-do-diploma-de-lider-comunitario\/#breadcrumb","itemListElement":[{"@type":"ListItem","position":1,"name":"Home","item":"https:\/\/ubanews.com\/site\/"},{"@type":"ListItem","position":2,"name":"O PODER LEGISLATIVO PROMOVE SESS\u00c3O SOLENE PARA A ENTREGA DO DIPLOMA DE L\u00cdDER COMUNIT\u00c1RIO"}]},{"@type":"WebSite","@id":"https:\/\/ubanews.com\/site\/#website","url":"https:\/\/ubanews.com\/site\/","name":"Ub\u00e1 News","description":"","publisher":{"@id":"https:\/\/ubanews.com\/site\/#organization"},"potentialAction":[{"@type":"SearchAction","target":{"@type":"EntryPoint","urlTemplate":"https:\/\/ubanews.com\/site\/?s={search_term_string}"},"query-input":{"@type":"PropertyValueSpecification","valueRequired":true,"valueName":"search_term_string"}}],"inLanguage":"pt-BR"},{"@type":"Organization","@id":"https:\/\/ubanews.com\/site\/#organization","name":"Ub\u00e1 News","url":"https:\/\/ubanews.com\/site\/","logo":{"@type":"ImageObject","inLanguage":"pt-BR","@id":"https:\/\/ubanews.com\/site\/#\/schema\/logo\/image\/","url":"https:\/\/ubanews.com\/site\/wp-content\/uploads\/2018\/01\/logoubanews.png","contentUrl":"https:\/\/ubanews.com\/site\/wp-content\/uploads\/2018\/01\/logoubanews.png","width":261,"height":99,"caption":"Ub\u00e1 News"},"image":{"@id":"https:\/\/ubanews.com\/site\/#\/schema\/logo\/image\/"},"sameAs":["https:\/\/www.facebook.com\/Ub\u00e1News-Carlos-Roberto-Sodr\u00e9-418778301977370"]},{"@type":"Person","@id":"https:\/\/ubanews.com\/site\/#\/schema\/person\/d90c9e47252fbb63dcc969fe4c8b9d10","name":"Sodr\u00e9","image":{"@type":"ImageObject","inLanguage":"pt-BR","@id":"https:\/\/secure.gravatar.com\/avatar\/5ba2793f0590b9dbfad3fdec4ee714485b3eef211c9b32ee53d414060454a56c?s=96&d=mm&r=g","url":"https:\/\/secure.gravatar.com\/avatar\/5ba2793f0590b9dbfad3fdec4ee714485b3eef211c9b32ee53d414060454a56c?s=96&d=mm&r=g","contentUrl":"https:\/\/secure.gravatar.com\/avatar\/5ba2793f0590b9dbfad3fdec4ee714485b3eef211c9b32ee53d414060454a56c?s=96&d=mm&r=g","caption":"Sodr\u00e9"},"sameAs":["https:\/\/www.facebook.com\/carosroberto.sodre.5\/"],"url":"https:\/\/ubanews.com\/site\/author\/felipe\/"}]}},"_links":{"self":[{"href":"https:\/\/ubanews.com\/site\/wp-json\/wp\/v2\/posts\/9644","targetHints":{"allow":["GET"]}}],"collection":[{"href":"https:\/\/ubanews.com\/site\/wp-json\/wp\/v2\/posts"}],"about":[{"href":"https:\/\/ubanews.com\/site\/wp-json\/wp\/v2\/types\/post"}],"author":[{"embeddable":true,"href":"https:\/\/ubanews.com\/site\/wp-json\/wp\/v2\/users\/2"}],"replies":[{"embeddable":true,"href":"https:\/\/ubanews.com\/site\/wp-json\/wp\/v2\/comments?post=9644"}],"version-history":[{"count":0,"href":"https:\/\/ubanews.com\/site\/wp-json\/wp\/v2\/posts\/9644\/revisions"}],"wp:featuredmedia":[{"embeddable":true,"href":"https:\/\/ubanews.com\/site\/wp-json\/wp\/v2\/media\/9652"}],"wp:attachment":[{"href":"https:\/\/ubanews.com\/site\/wp-json\/wp\/v2\/media?parent=9644"}],"wp:term":[{"taxonomy":"category","embeddable":true,"href":"https:\/\/ubanews.com\/site\/wp-json\/wp\/v2\/categories?post=9644"},{"taxonomy":"post_tag","embeddable":true,"href":"https:\/\/ubanews.com\/site\/wp-json\/wp\/v2\/tags?post=9644"}],"curies":[{"name":"wp","href":"https:\/\/api.w.org\/{rel}","templated":true}]}}