{"id":9620,"date":"2018-12-06T17:08:39","date_gmt":"2018-12-06T19:08:39","guid":{"rendered":"http:\/\/ubanews.com\/site\/?p=9620"},"modified":"2018-12-17T15:35:06","modified_gmt":"2018-12-17T17:35:06","slug":"intersind-promove-a-segunda-mostra-de-moveis-e-entra-na-contagem-regressiva-para-o-evento-em-janeiro","status":"publish","type":"post","link":"https:\/\/ubanews.com\/site\/2018\/12\/06\/intersind-promove-a-segunda-mostra-de-moveis-e-entra-na-contagem-regressiva-para-o-evento-em-janeiro\/","title":{"rendered":"INTERSIND PROMOVE A SEGUNDA MOSTRA DE M\u00d3VEIS E ENTRA NA CONTAGEM REGRESSIVA PARA O EVENTO EM JANEIRO"},"content":{"rendered":"<p><a href=\"https:\/\/ubanews.com\/site\/wp-content\/uploads\/2018\/12\/Email-MKT-2\u00aa-MOSTRA-DE-M\u00d3VEIS-DE-UB\u00c11.jpg\"><img decoding=\"async\" class=\"aligncenter wp-image-9625 lazyload\" data-src=\"https:\/\/ubanews.com\/site\/wp-content\/uploads\/2018\/12\/Email-MKT-2\u00aa-MOSTRA-DE-M\u00d3VEIS-DE-UB\u00c11-212x300.jpg\" alt=\"\" width=\"732\" height=\"1036\" data-srcset=\"https:\/\/ubanews.com\/site\/wp-content\/uploads\/2018\/12\/Email-MKT-2\u00aa-MOSTRA-DE-M\u00d3VEIS-DE-UB\u00c11-212x300.jpg 212w, https:\/\/ubanews.com\/site\/wp-content\/uploads\/2018\/12\/Email-MKT-2\u00aa-MOSTRA-DE-M\u00d3VEIS-DE-UB\u00c11.jpg 424w\" data-sizes=\"(max-width: 732px) 100vw, 732px\" src=\"data:image\/svg+xml;base64,PHN2ZyB3aWR0aD0iMSIgaGVpZ2h0PSIxIiB4bWxucz0iaHR0cDovL3d3dy53My5vcmcvMjAwMC9zdmciPjwvc3ZnPg==\" style=\"--smush-placeholder-width: 732px; --smush-placeholder-aspect-ratio: 732\/1036;\" \/><\/a><\/p>\n<p>O Intersind (Sindicato Intermunicipal das Ind\u00fastrias do Mobili\u00e1rio de Ub\u00e1)<!--more--> promoveu em sua sede, a Rodovia MGT 265, KM 83, anexo ao Horto Florestal, Ub\u00e1, MG CEP: 36 500-970 &#8211; Caixa Postal 121, um encontro com a imprensa local e de algumas regi\u00f5es do pa\u00ed<strong>s, <\/strong>da regi\u00e3o Sul, por exemplo, onde o presidente \u00c1ureo Cal\u00e7ado Barbosa apresentou a todos a Segunda Mostra de Ub\u00e1 que acontece em janeiro de 2019.<\/p>\n<p><iframe data-src=\"https:\/\/www.youtube.com\/embed\/96ZMs-2Z5F4\" width=\"560\" height=\"315\" frameborder=\"0\" allowfullscreen=\"allowfullscreen\" src=\"data:image\/svg+xml;base64,PHN2ZyB3aWR0aD0iMSIgaGVpZ2h0PSIxIiB4bWxucz0iaHR0cDovL3d3dy53My5vcmcvMjAwMC9zdmciPjwvc3ZnPg==\" class=\"lazyload\" data-load-mode=\"1\"><\/iframe><\/p>\n<p>Segundo Aurinho, os espa\u00e7os est\u00e3o todos comercializados. O evento promovido pelo Intersind ir\u00e1 reunir 64 empresas do Polo Moveleiro de Ub\u00e1, com espa\u00e7os padronizados. &nbsp;Entre os dias 29 e 31 de janeiro de 2019. O evento, que \u00e9 exclusivo para lojista e com entrada proibida para menores de 16 anos, ir\u00e1 acontecer no Pavilh\u00e3o de Exposi\u00e7\u00f5es do Horto Florestal, das 15h \u00e0s 21h. O Portal de Not\u00edcias Ub\u00e1 News ouviu o presidente do Intersind.<\/p>\n<p><a href=\"https:\/\/ubanews.com\/site\/wp-content\/uploads\/2018\/12\/Save-the-date-2\u00aa-MOSTRA-DE-M\u00d3VEIS-DE-UB\u00c1-1.jpg\"><img decoding=\"async\" class=\"aligncenter wp-image-9630 lazyload\" data-src=\"https:\/\/ubanews.com\/site\/wp-content\/uploads\/2018\/12\/Save-the-date-2\u00aa-MOSTRA-DE-M\u00d3VEIS-DE-UB\u00c1-1-276x300.jpg\" alt=\"\" width=\"783\" height=\"851\" data-srcset=\"https:\/\/ubanews.com\/site\/wp-content\/uploads\/2018\/12\/Save-the-date-2\u00aa-MOSTRA-DE-M\u00d3VEIS-DE-UB\u00c1-1-276x300.jpg 276w, https:\/\/ubanews.com\/site\/wp-content\/uploads\/2018\/12\/Save-the-date-2\u00aa-MOSTRA-DE-M\u00d3VEIS-DE-UB\u00c1-1.jpg 551w\" data-sizes=\"(max-width: 783px) 100vw, 783px\" src=\"data:image\/svg+xml;base64,PHN2ZyB3aWR0aD0iMSIgaGVpZ2h0PSIxIiB4bWxucz0iaHR0cDovL3d3dy53My5vcmcvMjAwMC9zdmciPjwvc3ZnPg==\" style=\"--smush-placeholder-width: 783px; --smush-placeholder-aspect-ratio: 783\/851;\" \/><\/a><\/p>\n","protected":false},"excerpt":{"rendered":"<p>O Intersind (Sindicato Intermunicipal das Ind\u00fastrias do Mobili\u00e1rio de Ub\u00e1)<\/p>\n","protected":false},"author":2,"featured_media":9621,"comment_status":"open","ping_status":"open","sticky":false,"template":"","format":"standard","meta":{"footnotes":""},"categories":[1],"tags":[],"class_list":["post-9620","post","type-post","status-publish","format-standard","has-post-thumbnail","hentry","category-sem-categoria"],"yoast_head":"<!-- This site is optimized with the Yoast SEO plugin v27.2 - https:\/\/yoast.com\/product\/yoast-seo-wordpress\/ -->\n<title>INTERSIND PROMOVE A SEGUNDA MOSTRA DE M\u00d3VEIS E ENTRA NA CONTAGEM REGRESSIVA PARA O EVENTO EM JANEIRO - Ub\u00e1 News<\/title>\n<meta name=\"robots\" content=\"index, follow, max-snippet:-1, max-image-preview:large, max-video-preview:-1\" \/>\n<link rel=\"canonical\" href=\"https:\/\/ubanews.com\/site\/2018\/12\/06\/intersind-promove-a-segunda-mostra-de-moveis-e-entra-na-contagem-regressiva-para-o-evento-em-janeiro\/\" \/>\n<meta property=\"og:locale\" content=\"pt_BR\" \/>\n<meta property=\"og:type\" content=\"article\" \/>\n<meta property=\"og:title\" content=\"INTERSIND PROMOVE A SEGUNDA MOSTRA DE M\u00d3VEIS E ENTRA NA CONTAGEM REGRESSIVA PARA O EVENTO EM JANEIRO - Ub\u00e1 News\" \/>\n<meta property=\"og:description\" content=\"O Intersind (Sindicato Intermunicipal das Ind\u00fastrias do Mobili\u00e1rio de Ub\u00e1)\" \/>\n<meta property=\"og:url\" content=\"https:\/\/ubanews.com\/site\/2018\/12\/06\/intersind-promove-a-segunda-mostra-de-moveis-e-entra-na-contagem-regressiva-para-o-evento-em-janeiro\/\" \/>\n<meta property=\"og:site_name\" content=\"Ub\u00e1 News\" \/>\n<meta property=\"article:publisher\" content=\"https:\/\/www.facebook.com\/Ub%c3%a1News-Carlos-Roberto-Sodr%c3%a9-418778301977370\" \/>\n<meta property=\"article:author\" content=\"https:\/\/www.facebook.com\/carosroberto.sodre.5\/\" \/>\n<meta property=\"article:published_time\" content=\"2018-12-06T19:08:39+00:00\" \/>\n<meta property=\"article:modified_time\" content=\"2018-12-17T17:35:06+00:00\" \/>\n<meta property=\"og:image\" content=\"https:\/\/ubanews.com\/site\/wp-content\/uploads\/2018\/12\/Save-the-date-2\u00aa-MOSTRA-DE-M\u00d3VEIS-DE-UB\u00c1.jpg\" \/>\n\t<meta property=\"og:image:width\" content=\"800\" \/>\n\t<meta property=\"og:image:height\" content=\"389\" \/>\n\t<meta property=\"og:image:type\" content=\"image\/jpeg\" \/>\n<meta name=\"author\" content=\"Sodr\u00e9\" \/>\n<meta name=\"twitter:card\" content=\"summary_large_image\" \/>\n<meta name=\"twitter:label1\" content=\"Escrito por\" \/>\n\t<meta name=\"twitter:data1\" content=\"Sodr\u00e9\" \/>\n\t<meta name=\"twitter:label2\" content=\"Est. tempo de leitura\" \/>\n\t<meta name=\"twitter:data2\" content=\"1 minuto\" \/>\n<script type=\"application\/ld+json\" class=\"yoast-schema-graph\">{\"@context\":\"https:\/\/schema.org\",\"@graph\":[{\"@type\":\"Article\",\"@id\":\"https:\/\/ubanews.com\/site\/2018\/12\/06\/intersind-promove-a-segunda-mostra-de-moveis-e-entra-na-contagem-regressiva-para-o-evento-em-janeiro\/#article\",\"isPartOf\":{\"@id\":\"https:\/\/ubanews.com\/site\/2018\/12\/06\/intersind-promove-a-segunda-mostra-de-moveis-e-entra-na-contagem-regressiva-para-o-evento-em-janeiro\/\"},\"author\":{\"name\":\"Sodr\u00e9\",\"@id\":\"https:\/\/ubanews.com\/site\/#\/schema\/person\/d90c9e47252fbb63dcc969fe4c8b9d10\"},\"headline\":\"INTERSIND PROMOVE A SEGUNDA MOSTRA DE M\u00d3VEIS E ENTRA NA CONTAGEM REGRESSIVA PARA O EVENTO EM JANEIRO\",\"datePublished\":\"2018-12-06T19:08:39+00:00\",\"dateModified\":\"2018-12-17T17:35:06+00:00\",\"mainEntityOfPage\":{\"@id\":\"https:\/\/ubanews.com\/site\/2018\/12\/06\/intersind-promove-a-segunda-mostra-de-moveis-e-entra-na-contagem-regressiva-para-o-evento-em-janeiro\/\"},\"wordCount\":164,\"commentCount\":3,\"publisher\":{\"@id\":\"https:\/\/ubanews.com\/site\/#organization\"},\"image\":{\"@id\":\"https:\/\/ubanews.com\/site\/2018\/12\/06\/intersind-promove-a-segunda-mostra-de-moveis-e-entra-na-contagem-regressiva-para-o-evento-em-janeiro\/#primaryimage\"},\"thumbnailUrl\":\"https:\/\/ubanews.com\/site\/wp-content\/uploads\/2018\/12\/Save-the-date-2\u00aa-MOSTRA-DE-M\u00d3VEIS-DE-UB\u00c1.jpg\",\"articleSection\":[\"Geral\"],\"inLanguage\":\"pt-BR\",\"potentialAction\":[{\"@type\":\"CommentAction\",\"name\":\"Comment\",\"target\":[\"https:\/\/ubanews.com\/site\/2018\/12\/06\/intersind-promove-a-segunda-mostra-de-moveis-e-entra-na-contagem-regressiva-para-o-evento-em-janeiro\/#respond\"]}]},{\"@type\":\"WebPage\",\"@id\":\"https:\/\/ubanews.com\/site\/2018\/12\/06\/intersind-promove-a-segunda-mostra-de-moveis-e-entra-na-contagem-regressiva-para-o-evento-em-janeiro\/\",\"url\":\"https:\/\/ubanews.com\/site\/2018\/12\/06\/intersind-promove-a-segunda-mostra-de-moveis-e-entra-na-contagem-regressiva-para-o-evento-em-janeiro\/\",\"name\":\"INTERSIND PROMOVE A SEGUNDA MOSTRA DE M\u00d3VEIS E ENTRA NA CONTAGEM REGRESSIVA PARA O EVENTO EM JANEIRO - Ub\u00e1 News\",\"isPartOf\":{\"@id\":\"https:\/\/ubanews.com\/site\/#website\"},\"primaryImageOfPage\":{\"@id\":\"https:\/\/ubanews.com\/site\/2018\/12\/06\/intersind-promove-a-segunda-mostra-de-moveis-e-entra-na-contagem-regressiva-para-o-evento-em-janeiro\/#primaryimage\"},\"image\":{\"@id\":\"https:\/\/ubanews.com\/site\/2018\/12\/06\/intersind-promove-a-segunda-mostra-de-moveis-e-entra-na-contagem-regressiva-para-o-evento-em-janeiro\/#primaryimage\"},\"thumbnailUrl\":\"https:\/\/ubanews.com\/site\/wp-content\/uploads\/2018\/12\/Save-the-date-2\u00aa-MOSTRA-DE-M\u00d3VEIS-DE-UB\u00c1.jpg\",\"datePublished\":\"2018-12-06T19:08:39+00:00\",\"dateModified\":\"2018-12-17T17:35:06+00:00\",\"breadcrumb\":{\"@id\":\"https:\/\/ubanews.com\/site\/2018\/12\/06\/intersind-promove-a-segunda-mostra-de-moveis-e-entra-na-contagem-regressiva-para-o-evento-em-janeiro\/#breadcrumb\"},\"inLanguage\":\"pt-BR\",\"potentialAction\":[{\"@type\":\"ReadAction\",\"target\":[\"https:\/\/ubanews.com\/site\/2018\/12\/06\/intersind-promove-a-segunda-mostra-de-moveis-e-entra-na-contagem-regressiva-para-o-evento-em-janeiro\/\"]}]},{\"@type\":\"ImageObject\",\"inLanguage\":\"pt-BR\",\"@id\":\"https:\/\/ubanews.com\/site\/2018\/12\/06\/intersind-promove-a-segunda-mostra-de-moveis-e-entra-na-contagem-regressiva-para-o-evento-em-janeiro\/#primaryimage\",\"url\":\"https:\/\/ubanews.com\/site\/wp-content\/uploads\/2018\/12\/Save-the-date-2\u00aa-MOSTRA-DE-M\u00d3VEIS-DE-UB\u00c1.jpg\",\"contentUrl\":\"https:\/\/ubanews.com\/site\/wp-content\/uploads\/2018\/12\/Save-the-date-2\u00aa-MOSTRA-DE-M\u00d3VEIS-DE-UB\u00c1.jpg\",\"width\":800,\"height\":389},{\"@type\":\"BreadcrumbList\",\"@id\":\"https:\/\/ubanews.com\/site\/2018\/12\/06\/intersind-promove-a-segunda-mostra-de-moveis-e-entra-na-contagem-regressiva-para-o-evento-em-janeiro\/#breadcrumb\",\"itemListElement\":[{\"@type\":\"ListItem\",\"position\":1,\"name\":\"Home\",\"item\":\"https:\/\/ubanews.com\/site\/\"},{\"@type\":\"ListItem\",\"position\":2,\"name\":\"INTERSIND PROMOVE A SEGUNDA MOSTRA DE M\u00d3VEIS E ENTRA NA CONTAGEM REGRESSIVA PARA O EVENTO EM JANEIRO\"}]},{\"@type\":\"WebSite\",\"@id\":\"https:\/\/ubanews.com\/site\/#website\",\"url\":\"https:\/\/ubanews.com\/site\/\",\"name\":\"Ub\u00e1 News\",\"description\":\"\",\"publisher\":{\"@id\":\"https:\/\/ubanews.com\/site\/#organization\"},\"potentialAction\":[{\"@type\":\"SearchAction\",\"target\":{\"@type\":\"EntryPoint\",\"urlTemplate\":\"https:\/\/ubanews.com\/site\/?s={search_term_string}\"},\"query-input\":{\"@type\":\"PropertyValueSpecification\",\"valueRequired\":true,\"valueName\":\"search_term_string\"}}],\"inLanguage\":\"pt-BR\"},{\"@type\":\"Organization\",\"@id\":\"https:\/\/ubanews.com\/site\/#organization\",\"name\":\"Ub\u00e1 News\",\"url\":\"https:\/\/ubanews.com\/site\/\",\"logo\":{\"@type\":\"ImageObject\",\"inLanguage\":\"pt-BR\",\"@id\":\"https:\/\/ubanews.com\/site\/#\/schema\/logo\/image\/\",\"url\":\"https:\/\/ubanews.com\/site\/wp-content\/uploads\/2018\/01\/logoubanews.png\",\"contentUrl\":\"https:\/\/ubanews.com\/site\/wp-content\/uploads\/2018\/01\/logoubanews.png\",\"width\":261,\"height\":99,\"caption\":\"Ub\u00e1 News\"},\"image\":{\"@id\":\"https:\/\/ubanews.com\/site\/#\/schema\/logo\/image\/\"},\"sameAs\":[\"https:\/\/www.facebook.com\/Ub\u00e1News-Carlos-Roberto-Sodr\u00e9-418778301977370\"]},{\"@type\":\"Person\",\"@id\":\"https:\/\/ubanews.com\/site\/#\/schema\/person\/d90c9e47252fbb63dcc969fe4c8b9d10\",\"name\":\"Sodr\u00e9\",\"image\":{\"@type\":\"ImageObject\",\"inLanguage\":\"pt-BR\",\"@id\":\"https:\/\/secure.gravatar.com\/avatar\/5ba2793f0590b9dbfad3fdec4ee714485b3eef211c9b32ee53d414060454a56c?s=96&d=mm&r=g\",\"url\":\"https:\/\/secure.gravatar.com\/avatar\/5ba2793f0590b9dbfad3fdec4ee714485b3eef211c9b32ee53d414060454a56c?s=96&d=mm&r=g\",\"contentUrl\":\"https:\/\/secure.gravatar.com\/avatar\/5ba2793f0590b9dbfad3fdec4ee714485b3eef211c9b32ee53d414060454a56c?s=96&d=mm&r=g\",\"caption\":\"Sodr\u00e9\"},\"sameAs\":[\"https:\/\/www.facebook.com\/carosroberto.sodre.5\/\"],\"url\":\"https:\/\/ubanews.com\/site\/author\/felipe\/\"}]}<\/script>\n<!-- \/ Yoast SEO plugin. -->","yoast_head_json":{"title":"INTERSIND PROMOVE A SEGUNDA MOSTRA DE M\u00d3VEIS E ENTRA NA CONTAGEM REGRESSIVA PARA O EVENTO EM JANEIRO - Ub\u00e1 News","robots":{"index":"index","follow":"follow","max-snippet":"max-snippet:-1","max-image-preview":"max-image-preview:large","max-video-preview":"max-video-preview:-1"},"canonical":"https:\/\/ubanews.com\/site\/2018\/12\/06\/intersind-promove-a-segunda-mostra-de-moveis-e-entra-na-contagem-regressiva-para-o-evento-em-janeiro\/","og_locale":"pt_BR","og_type":"article","og_title":"INTERSIND PROMOVE A SEGUNDA MOSTRA DE M\u00d3VEIS E ENTRA NA CONTAGEM REGRESSIVA PARA O EVENTO EM JANEIRO - Ub\u00e1 News","og_description":"O Intersind (Sindicato Intermunicipal das Ind\u00fastrias do Mobili\u00e1rio de Ub\u00e1)","og_url":"https:\/\/ubanews.com\/site\/2018\/12\/06\/intersind-promove-a-segunda-mostra-de-moveis-e-entra-na-contagem-regressiva-para-o-evento-em-janeiro\/","og_site_name":"Ub\u00e1 News","article_publisher":"https:\/\/www.facebook.com\/Ub%c3%a1News-Carlos-Roberto-Sodr%c3%a9-418778301977370","article_author":"https:\/\/www.facebook.com\/carosroberto.sodre.5\/","article_published_time":"2018-12-06T19:08:39+00:00","article_modified_time":"2018-12-17T17:35:06+00:00","og_image":[{"width":800,"height":389,"url":"https:\/\/ubanews.com\/site\/wp-content\/uploads\/2018\/12\/Save-the-date-2\u00aa-MOSTRA-DE-M\u00d3VEIS-DE-UB\u00c1.jpg","type":"image\/jpeg"}],"author":"Sodr\u00e9","twitter_card":"summary_large_image","twitter_misc":{"Escrito por":"Sodr\u00e9","Est. tempo de leitura":"1 minuto"},"schema":{"@context":"https:\/\/schema.org","@graph":[{"@type":"Article","@id":"https:\/\/ubanews.com\/site\/2018\/12\/06\/intersind-promove-a-segunda-mostra-de-moveis-e-entra-na-contagem-regressiva-para-o-evento-em-janeiro\/#article","isPartOf":{"@id":"https:\/\/ubanews.com\/site\/2018\/12\/06\/intersind-promove-a-segunda-mostra-de-moveis-e-entra-na-contagem-regressiva-para-o-evento-em-janeiro\/"},"author":{"name":"Sodr\u00e9","@id":"https:\/\/ubanews.com\/site\/#\/schema\/person\/d90c9e47252fbb63dcc969fe4c8b9d10"},"headline":"INTERSIND PROMOVE A SEGUNDA MOSTRA DE M\u00d3VEIS E ENTRA NA CONTAGEM REGRESSIVA PARA O EVENTO EM JANEIRO","datePublished":"2018-12-06T19:08:39+00:00","dateModified":"2018-12-17T17:35:06+00:00","mainEntityOfPage":{"@id":"https:\/\/ubanews.com\/site\/2018\/12\/06\/intersind-promove-a-segunda-mostra-de-moveis-e-entra-na-contagem-regressiva-para-o-evento-em-janeiro\/"},"wordCount":164,"commentCount":3,"publisher":{"@id":"https:\/\/ubanews.com\/site\/#organization"},"image":{"@id":"https:\/\/ubanews.com\/site\/2018\/12\/06\/intersind-promove-a-segunda-mostra-de-moveis-e-entra-na-contagem-regressiva-para-o-evento-em-janeiro\/#primaryimage"},"thumbnailUrl":"https:\/\/ubanews.com\/site\/wp-content\/uploads\/2018\/12\/Save-the-date-2\u00aa-MOSTRA-DE-M\u00d3VEIS-DE-UB\u00c1.jpg","articleSection":["Geral"],"inLanguage":"pt-BR","potentialAction":[{"@type":"CommentAction","name":"Comment","target":["https:\/\/ubanews.com\/site\/2018\/12\/06\/intersind-promove-a-segunda-mostra-de-moveis-e-entra-na-contagem-regressiva-para-o-evento-em-janeiro\/#respond"]}]},{"@type":"WebPage","@id":"https:\/\/ubanews.com\/site\/2018\/12\/06\/intersind-promove-a-segunda-mostra-de-moveis-e-entra-na-contagem-regressiva-para-o-evento-em-janeiro\/","url":"https:\/\/ubanews.com\/site\/2018\/12\/06\/intersind-promove-a-segunda-mostra-de-moveis-e-entra-na-contagem-regressiva-para-o-evento-em-janeiro\/","name":"INTERSIND PROMOVE A SEGUNDA MOSTRA DE M\u00d3VEIS E ENTRA NA CONTAGEM REGRESSIVA PARA O EVENTO EM JANEIRO - Ub\u00e1 News","isPartOf":{"@id":"https:\/\/ubanews.com\/site\/#website"},"primaryImageOfPage":{"@id":"https:\/\/ubanews.com\/site\/2018\/12\/06\/intersind-promove-a-segunda-mostra-de-moveis-e-entra-na-contagem-regressiva-para-o-evento-em-janeiro\/#primaryimage"},"image":{"@id":"https:\/\/ubanews.com\/site\/2018\/12\/06\/intersind-promove-a-segunda-mostra-de-moveis-e-entra-na-contagem-regressiva-para-o-evento-em-janeiro\/#primaryimage"},"thumbnailUrl":"https:\/\/ubanews.com\/site\/wp-content\/uploads\/2018\/12\/Save-the-date-2\u00aa-MOSTRA-DE-M\u00d3VEIS-DE-UB\u00c1.jpg","datePublished":"2018-12-06T19:08:39+00:00","dateModified":"2018-12-17T17:35:06+00:00","breadcrumb":{"@id":"https:\/\/ubanews.com\/site\/2018\/12\/06\/intersind-promove-a-segunda-mostra-de-moveis-e-entra-na-contagem-regressiva-para-o-evento-em-janeiro\/#breadcrumb"},"inLanguage":"pt-BR","potentialAction":[{"@type":"ReadAction","target":["https:\/\/ubanews.com\/site\/2018\/12\/06\/intersind-promove-a-segunda-mostra-de-moveis-e-entra-na-contagem-regressiva-para-o-evento-em-janeiro\/"]}]},{"@type":"ImageObject","inLanguage":"pt-BR","@id":"https:\/\/ubanews.com\/site\/2018\/12\/06\/intersind-promove-a-segunda-mostra-de-moveis-e-entra-na-contagem-regressiva-para-o-evento-em-janeiro\/#primaryimage","url":"https:\/\/ubanews.com\/site\/wp-content\/uploads\/2018\/12\/Save-the-date-2\u00aa-MOSTRA-DE-M\u00d3VEIS-DE-UB\u00c1.jpg","contentUrl":"https:\/\/ubanews.com\/site\/wp-content\/uploads\/2018\/12\/Save-the-date-2\u00aa-MOSTRA-DE-M\u00d3VEIS-DE-UB\u00c1.jpg","width":800,"height":389},{"@type":"BreadcrumbList","@id":"https:\/\/ubanews.com\/site\/2018\/12\/06\/intersind-promove-a-segunda-mostra-de-moveis-e-entra-na-contagem-regressiva-para-o-evento-em-janeiro\/#breadcrumb","itemListElement":[{"@type":"ListItem","position":1,"name":"Home","item":"https:\/\/ubanews.com\/site\/"},{"@type":"ListItem","position":2,"name":"INTERSIND PROMOVE A SEGUNDA MOSTRA DE M\u00d3VEIS E ENTRA NA CONTAGEM REGRESSIVA PARA O EVENTO EM JANEIRO"}]},{"@type":"WebSite","@id":"https:\/\/ubanews.com\/site\/#website","url":"https:\/\/ubanews.com\/site\/","name":"Ub\u00e1 News","description":"","publisher":{"@id":"https:\/\/ubanews.com\/site\/#organization"},"potentialAction":[{"@type":"SearchAction","target":{"@type":"EntryPoint","urlTemplate":"https:\/\/ubanews.com\/site\/?s={search_term_string}"},"query-input":{"@type":"PropertyValueSpecification","valueRequired":true,"valueName":"search_term_string"}}],"inLanguage":"pt-BR"},{"@type":"Organization","@id":"https:\/\/ubanews.com\/site\/#organization","name":"Ub\u00e1 News","url":"https:\/\/ubanews.com\/site\/","logo":{"@type":"ImageObject","inLanguage":"pt-BR","@id":"https:\/\/ubanews.com\/site\/#\/schema\/logo\/image\/","url":"https:\/\/ubanews.com\/site\/wp-content\/uploads\/2018\/01\/logoubanews.png","contentUrl":"https:\/\/ubanews.com\/site\/wp-content\/uploads\/2018\/01\/logoubanews.png","width":261,"height":99,"caption":"Ub\u00e1 News"},"image":{"@id":"https:\/\/ubanews.com\/site\/#\/schema\/logo\/image\/"},"sameAs":["https:\/\/www.facebook.com\/Ub\u00e1News-Carlos-Roberto-Sodr\u00e9-418778301977370"]},{"@type":"Person","@id":"https:\/\/ubanews.com\/site\/#\/schema\/person\/d90c9e47252fbb63dcc969fe4c8b9d10","name":"Sodr\u00e9","image":{"@type":"ImageObject","inLanguage":"pt-BR","@id":"https:\/\/secure.gravatar.com\/avatar\/5ba2793f0590b9dbfad3fdec4ee714485b3eef211c9b32ee53d414060454a56c?s=96&d=mm&r=g","url":"https:\/\/secure.gravatar.com\/avatar\/5ba2793f0590b9dbfad3fdec4ee714485b3eef211c9b32ee53d414060454a56c?s=96&d=mm&r=g","contentUrl":"https:\/\/secure.gravatar.com\/avatar\/5ba2793f0590b9dbfad3fdec4ee714485b3eef211c9b32ee53d414060454a56c?s=96&d=mm&r=g","caption":"Sodr\u00e9"},"sameAs":["https:\/\/www.facebook.com\/carosroberto.sodre.5\/"],"url":"https:\/\/ubanews.com\/site\/author\/felipe\/"}]}},"_links":{"self":[{"href":"https:\/\/ubanews.com\/site\/wp-json\/wp\/v2\/posts\/9620","targetHints":{"allow":["GET"]}}],"collection":[{"href":"https:\/\/ubanews.com\/site\/wp-json\/wp\/v2\/posts"}],"about":[{"href":"https:\/\/ubanews.com\/site\/wp-json\/wp\/v2\/types\/post"}],"author":[{"embeddable":true,"href":"https:\/\/ubanews.com\/site\/wp-json\/wp\/v2\/users\/2"}],"replies":[{"embeddable":true,"href":"https:\/\/ubanews.com\/site\/wp-json\/wp\/v2\/comments?post=9620"}],"version-history":[{"count":0,"href":"https:\/\/ubanews.com\/site\/wp-json\/wp\/v2\/posts\/9620\/revisions"}],"wp:featuredmedia":[{"embeddable":true,"href":"https:\/\/ubanews.com\/site\/wp-json\/wp\/v2\/media\/9621"}],"wp:attachment":[{"href":"https:\/\/ubanews.com\/site\/wp-json\/wp\/v2\/media?parent=9620"}],"wp:term":[{"taxonomy":"category","embeddable":true,"href":"https:\/\/ubanews.com\/site\/wp-json\/wp\/v2\/categories?post=9620"},{"taxonomy":"post_tag","embeddable":true,"href":"https:\/\/ubanews.com\/site\/wp-json\/wp\/v2\/tags?post=9620"}],"curies":[{"name":"wp","href":"https:\/\/api.w.org\/{rel}","templated":true}]}}