{"id":9568,"date":"2018-12-04T11:51:16","date_gmt":"2018-12-04T13:51:16","guid":{"rendered":"http:\/\/ubanews.com\/site\/?p=9568"},"modified":"2018-12-04T11:51:16","modified_gmt":"2018-12-04T13:51:16","slug":"conselho-municipal-de-esportes-de-uba-reuni-e-em-pauta-a-prestacao-de-contas-da-secretaria-municipal-de-cultura","status":"publish","type":"post","link":"https:\/\/ubanews.com\/site\/2018\/12\/04\/conselho-municipal-de-esportes-de-uba-reuni-e-em-pauta-a-prestacao-de-contas-da-secretaria-municipal-de-cultura\/","title":{"rendered":"CONSELHO MUNICIPAL DE ESPORTES DE UB\u00c1 REUNI E EM PAUTA A PRESTA\u00c7\u00c3O DE CONTAS DA SECRETARIA MUNICIPAL DE CULTURA"},"content":{"rendered":"<p>A Reuni\u00e3o desta ter\u00e7a-feira, em pauta a presta\u00e7\u00e3o de contas da Secretaria Municipal de Cultura, referente a Divis\u00e3o de Esportes e Juventude.<br \/>\nO Gerente da Divis\u00e3o de Esportes e Juventude,&nbsp;Beto Silva, realizou a entrega do relat\u00f3rio da presta\u00e7\u00e3o de contas referente ao ano de 2018 das atividades desenvolvidas pela pasta ao Conselho Municipal de Esportes de Ub\u00e1, onde abordamos tamb\u00e9m sobre diversos assuntos referentes ao desenvolvimento do e<span class=\"text_exposed_show\">sporte em nosso munic\u00edpio, em destaque o grande avan\u00e7o na pontua\u00e7\u00e3o do ICMS esportivo, obtendo o melhor resultado nos \u00faltimos quatro anos.<br \/>\nAgradecemos a presen\u00e7a do Gerente da Divis\u00e3o de Esportes e Juventude, Paulo Roberto (Beto); conselheiros e demais presentes, que formam o elo dessa forte corrente em prol do desenvolvimento do esporte em nosso munic\u00edpio.<\/span><\/p>\n<div class=\"text_exposed_show\">\n<p>&#8220;O esporte tem suma import\u00e2ncia na sa\u00fade e no bem estar das pessoas, proporcionando benef\u00edcios incr\u00edveis para o corpo e para a mente, mas indo al\u00e9m disso, o esporte pode e deve ser uma ferramenta de desenvolvimento humano, contribuindo para a forma\u00e7\u00e3o do cidad\u00e3o, mostrando novos horizontes a nossos jovens e revelando campe\u00f5es para a vida, essa \u00e9 nossa vis\u00e3o.&#8221;<\/p>\n<p><strong>Texto: <a href=\"https:\/\/www.facebook.com\/RafaelToledoSouza\">Rafael Toledo<\/a><\/strong><\/p>\n<\/div>\n","protected":false},"excerpt":{"rendered":"<p>A Reuni\u00e3o desta ter\u00e7a-feira, em pauta a presta\u00e7\u00e3o de contas<\/p>\n","protected":false},"author":2,"featured_media":9570,"comment_status":"open","ping_status":"open","sticky":false,"template":"","format":"standard","meta":{"footnotes":""},"categories":[1],"tags":[],"class_list":["post-9568","post","type-post","status-publish","format-standard","has-post-thumbnail","hentry","category-sem-categoria"],"yoast_head":"<!-- This site is optimized with the Yoast SEO plugin v27.2 - https:\/\/yoast.com\/product\/yoast-seo-wordpress\/ -->\n<title>CONSELHO MUNICIPAL DE ESPORTES DE UB\u00c1 REUNI E EM PAUTA A PRESTA\u00c7\u00c3O DE CONTAS DA SECRETARIA MUNICIPAL DE CULTURA - Ub\u00e1 News<\/title>\n<meta name=\"robots\" content=\"index, follow, max-snippet:-1, max-image-preview:large, max-video-preview:-1\" \/>\n<link rel=\"canonical\" href=\"https:\/\/ubanews.com\/site\/2018\/12\/04\/conselho-municipal-de-esportes-de-uba-reuni-e-em-pauta-a-prestacao-de-contas-da-secretaria-municipal-de-cultura\/\" \/>\n<meta property=\"og:locale\" content=\"pt_BR\" \/>\n<meta property=\"og:type\" content=\"article\" \/>\n<meta property=\"og:title\" content=\"CONSELHO MUNICIPAL DE ESPORTES DE UB\u00c1 REUNI E EM PAUTA A PRESTA\u00c7\u00c3O DE CONTAS DA SECRETARIA MUNICIPAL DE CULTURA - Ub\u00e1 News\" \/>\n<meta property=\"og:description\" content=\"A Reuni\u00e3o desta ter\u00e7a-feira, em pauta a presta\u00e7\u00e3o de contas\" \/>\n<meta property=\"og:url\" content=\"https:\/\/ubanews.com\/site\/2018\/12\/04\/conselho-municipal-de-esportes-de-uba-reuni-e-em-pauta-a-prestacao-de-contas-da-secretaria-municipal-de-cultura\/\" \/>\n<meta property=\"og:site_name\" content=\"Ub\u00e1 News\" \/>\n<meta property=\"article:publisher\" content=\"https:\/\/www.facebook.com\/Ub%c3%a1News-Carlos-Roberto-Sodr%c3%a9-418778301977370\" \/>\n<meta property=\"article:author\" content=\"https:\/\/www.facebook.com\/carosroberto.sodre.5\/\" \/>\n<meta property=\"article:published_time\" content=\"2018-12-04T13:51:16+00:00\" \/>\n<meta property=\"og:image\" content=\"https:\/\/ubanews.com\/site\/wp-content\/uploads\/2018\/12\/47324570_1910639495715255_6126571711585320960_o-1.jpg\" \/>\n\t<meta property=\"og:image:width\" content=\"800\" \/>\n\t<meta property=\"og:image:height\" content=\"389\" \/>\n\t<meta property=\"og:image:type\" content=\"image\/jpeg\" \/>\n<meta name=\"author\" content=\"Sodr\u00e9\" \/>\n<meta name=\"twitter:card\" content=\"summary_large_image\" \/>\n<meta name=\"twitter:label1\" content=\"Escrito por\" \/>\n\t<meta name=\"twitter:data1\" content=\"Sodr\u00e9\" \/>\n\t<meta name=\"twitter:label2\" content=\"Est. tempo de leitura\" \/>\n\t<meta name=\"twitter:data2\" content=\"1 minuto\" \/>\n<script type=\"application\/ld+json\" class=\"yoast-schema-graph\">{\"@context\":\"https:\/\/schema.org\",\"@graph\":[{\"@type\":\"Article\",\"@id\":\"https:\/\/ubanews.com\/site\/2018\/12\/04\/conselho-municipal-de-esportes-de-uba-reuni-e-em-pauta-a-prestacao-de-contas-da-secretaria-municipal-de-cultura\/#article\",\"isPartOf\":{\"@id\":\"https:\/\/ubanews.com\/site\/2018\/12\/04\/conselho-municipal-de-esportes-de-uba-reuni-e-em-pauta-a-prestacao-de-contas-da-secretaria-municipal-de-cultura\/\"},\"author\":{\"name\":\"Sodr\u00e9\",\"@id\":\"https:\/\/ubanews.com\/site\/#\/schema\/person\/d90c9e47252fbb63dcc969fe4c8b9d10\"},\"headline\":\"CONSELHO MUNICIPAL DE ESPORTES DE UB\u00c1 REUNI E EM PAUTA A PRESTA\u00c7\u00c3O DE CONTAS DA SECRETARIA MUNICIPAL DE CULTURA\",\"datePublished\":\"2018-12-04T13:51:16+00:00\",\"mainEntityOfPage\":{\"@id\":\"https:\/\/ubanews.com\/site\/2018\/12\/04\/conselho-municipal-de-esportes-de-uba-reuni-e-em-pauta-a-prestacao-de-contas-da-secretaria-municipal-de-cultura\/\"},\"wordCount\":229,\"commentCount\":0,\"publisher\":{\"@id\":\"https:\/\/ubanews.com\/site\/#organization\"},\"image\":{\"@id\":\"https:\/\/ubanews.com\/site\/2018\/12\/04\/conselho-municipal-de-esportes-de-uba-reuni-e-em-pauta-a-prestacao-de-contas-da-secretaria-municipal-de-cultura\/#primaryimage\"},\"thumbnailUrl\":\"https:\/\/ubanews.com\/site\/wp-content\/uploads\/2018\/12\/47324570_1910639495715255_6126571711585320960_o-1.jpg\",\"articleSection\":[\"Geral\"],\"inLanguage\":\"pt-BR\",\"potentialAction\":[{\"@type\":\"CommentAction\",\"name\":\"Comment\",\"target\":[\"https:\/\/ubanews.com\/site\/2018\/12\/04\/conselho-municipal-de-esportes-de-uba-reuni-e-em-pauta-a-prestacao-de-contas-da-secretaria-municipal-de-cultura\/#respond\"]}]},{\"@type\":\"WebPage\",\"@id\":\"https:\/\/ubanews.com\/site\/2018\/12\/04\/conselho-municipal-de-esportes-de-uba-reuni-e-em-pauta-a-prestacao-de-contas-da-secretaria-municipal-de-cultura\/\",\"url\":\"https:\/\/ubanews.com\/site\/2018\/12\/04\/conselho-municipal-de-esportes-de-uba-reuni-e-em-pauta-a-prestacao-de-contas-da-secretaria-municipal-de-cultura\/\",\"name\":\"CONSELHO MUNICIPAL DE ESPORTES DE UB\u00c1 REUNI E EM PAUTA A PRESTA\u00c7\u00c3O DE CONTAS DA SECRETARIA MUNICIPAL DE CULTURA - Ub\u00e1 News\",\"isPartOf\":{\"@id\":\"https:\/\/ubanews.com\/site\/#website\"},\"primaryImageOfPage\":{\"@id\":\"https:\/\/ubanews.com\/site\/2018\/12\/04\/conselho-municipal-de-esportes-de-uba-reuni-e-em-pauta-a-prestacao-de-contas-da-secretaria-municipal-de-cultura\/#primaryimage\"},\"image\":{\"@id\":\"https:\/\/ubanews.com\/site\/2018\/12\/04\/conselho-municipal-de-esportes-de-uba-reuni-e-em-pauta-a-prestacao-de-contas-da-secretaria-municipal-de-cultura\/#primaryimage\"},\"thumbnailUrl\":\"https:\/\/ubanews.com\/site\/wp-content\/uploads\/2018\/12\/47324570_1910639495715255_6126571711585320960_o-1.jpg\",\"datePublished\":\"2018-12-04T13:51:16+00:00\",\"breadcrumb\":{\"@id\":\"https:\/\/ubanews.com\/site\/2018\/12\/04\/conselho-municipal-de-esportes-de-uba-reuni-e-em-pauta-a-prestacao-de-contas-da-secretaria-municipal-de-cultura\/#breadcrumb\"},\"inLanguage\":\"pt-BR\",\"potentialAction\":[{\"@type\":\"ReadAction\",\"target\":[\"https:\/\/ubanews.com\/site\/2018\/12\/04\/conselho-municipal-de-esportes-de-uba-reuni-e-em-pauta-a-prestacao-de-contas-da-secretaria-municipal-de-cultura\/\"]}]},{\"@type\":\"ImageObject\",\"inLanguage\":\"pt-BR\",\"@id\":\"https:\/\/ubanews.com\/site\/2018\/12\/04\/conselho-municipal-de-esportes-de-uba-reuni-e-em-pauta-a-prestacao-de-contas-da-secretaria-municipal-de-cultura\/#primaryimage\",\"url\":\"https:\/\/ubanews.com\/site\/wp-content\/uploads\/2018\/12\/47324570_1910639495715255_6126571711585320960_o-1.jpg\",\"contentUrl\":\"https:\/\/ubanews.com\/site\/wp-content\/uploads\/2018\/12\/47324570_1910639495715255_6126571711585320960_o-1.jpg\",\"width\":800,\"height\":389},{\"@type\":\"BreadcrumbList\",\"@id\":\"https:\/\/ubanews.com\/site\/2018\/12\/04\/conselho-municipal-de-esportes-de-uba-reuni-e-em-pauta-a-prestacao-de-contas-da-secretaria-municipal-de-cultura\/#breadcrumb\",\"itemListElement\":[{\"@type\":\"ListItem\",\"position\":1,\"name\":\"Home\",\"item\":\"https:\/\/ubanews.com\/site\/\"},{\"@type\":\"ListItem\",\"position\":2,\"name\":\"CONSELHO MUNICIPAL DE ESPORTES DE UB\u00c1 REUNI E EM PAUTA A PRESTA\u00c7\u00c3O DE CONTAS DA SECRETARIA MUNICIPAL DE CULTURA\"}]},{\"@type\":\"WebSite\",\"@id\":\"https:\/\/ubanews.com\/site\/#website\",\"url\":\"https:\/\/ubanews.com\/site\/\",\"name\":\"Ub\u00e1 News\",\"description\":\"\",\"publisher\":{\"@id\":\"https:\/\/ubanews.com\/site\/#organization\"},\"potentialAction\":[{\"@type\":\"SearchAction\",\"target\":{\"@type\":\"EntryPoint\",\"urlTemplate\":\"https:\/\/ubanews.com\/site\/?s={search_term_string}\"},\"query-input\":{\"@type\":\"PropertyValueSpecification\",\"valueRequired\":true,\"valueName\":\"search_term_string\"}}],\"inLanguage\":\"pt-BR\"},{\"@type\":\"Organization\",\"@id\":\"https:\/\/ubanews.com\/site\/#organization\",\"name\":\"Ub\u00e1 News\",\"url\":\"https:\/\/ubanews.com\/site\/\",\"logo\":{\"@type\":\"ImageObject\",\"inLanguage\":\"pt-BR\",\"@id\":\"https:\/\/ubanews.com\/site\/#\/schema\/logo\/image\/\",\"url\":\"https:\/\/ubanews.com\/site\/wp-content\/uploads\/2018\/01\/logoubanews.png\",\"contentUrl\":\"https:\/\/ubanews.com\/site\/wp-content\/uploads\/2018\/01\/logoubanews.png\",\"width\":261,\"height\":99,\"caption\":\"Ub\u00e1 News\"},\"image\":{\"@id\":\"https:\/\/ubanews.com\/site\/#\/schema\/logo\/image\/\"},\"sameAs\":[\"https:\/\/www.facebook.com\/Ub\u00e1News-Carlos-Roberto-Sodr\u00e9-418778301977370\"]},{\"@type\":\"Person\",\"@id\":\"https:\/\/ubanews.com\/site\/#\/schema\/person\/d90c9e47252fbb63dcc969fe4c8b9d10\",\"name\":\"Sodr\u00e9\",\"image\":{\"@type\":\"ImageObject\",\"inLanguage\":\"pt-BR\",\"@id\":\"https:\/\/secure.gravatar.com\/avatar\/5ba2793f0590b9dbfad3fdec4ee714485b3eef211c9b32ee53d414060454a56c?s=96&d=mm&r=g\",\"url\":\"https:\/\/secure.gravatar.com\/avatar\/5ba2793f0590b9dbfad3fdec4ee714485b3eef211c9b32ee53d414060454a56c?s=96&d=mm&r=g\",\"contentUrl\":\"https:\/\/secure.gravatar.com\/avatar\/5ba2793f0590b9dbfad3fdec4ee714485b3eef211c9b32ee53d414060454a56c?s=96&d=mm&r=g\",\"caption\":\"Sodr\u00e9\"},\"sameAs\":[\"https:\/\/www.facebook.com\/carosroberto.sodre.5\/\"],\"url\":\"https:\/\/ubanews.com\/site\/author\/felipe\/\"}]}<\/script>\n<!-- \/ Yoast SEO plugin. -->","yoast_head_json":{"title":"CONSELHO MUNICIPAL DE ESPORTES DE UB\u00c1 REUNI E EM PAUTA A PRESTA\u00c7\u00c3O DE CONTAS DA SECRETARIA MUNICIPAL DE CULTURA - Ub\u00e1 News","robots":{"index":"index","follow":"follow","max-snippet":"max-snippet:-1","max-image-preview":"max-image-preview:large","max-video-preview":"max-video-preview:-1"},"canonical":"https:\/\/ubanews.com\/site\/2018\/12\/04\/conselho-municipal-de-esportes-de-uba-reuni-e-em-pauta-a-prestacao-de-contas-da-secretaria-municipal-de-cultura\/","og_locale":"pt_BR","og_type":"article","og_title":"CONSELHO MUNICIPAL DE ESPORTES DE UB\u00c1 REUNI E EM PAUTA A PRESTA\u00c7\u00c3O DE CONTAS DA SECRETARIA MUNICIPAL DE CULTURA - Ub\u00e1 News","og_description":"A Reuni\u00e3o desta ter\u00e7a-feira, em pauta a presta\u00e7\u00e3o de contas","og_url":"https:\/\/ubanews.com\/site\/2018\/12\/04\/conselho-municipal-de-esportes-de-uba-reuni-e-em-pauta-a-prestacao-de-contas-da-secretaria-municipal-de-cultura\/","og_site_name":"Ub\u00e1 News","article_publisher":"https:\/\/www.facebook.com\/Ub%c3%a1News-Carlos-Roberto-Sodr%c3%a9-418778301977370","article_author":"https:\/\/www.facebook.com\/carosroberto.sodre.5\/","article_published_time":"2018-12-04T13:51:16+00:00","og_image":[{"width":800,"height":389,"url":"https:\/\/ubanews.com\/site\/wp-content\/uploads\/2018\/12\/47324570_1910639495715255_6126571711585320960_o-1.jpg","type":"image\/jpeg"}],"author":"Sodr\u00e9","twitter_card":"summary_large_image","twitter_misc":{"Escrito por":"Sodr\u00e9","Est. tempo de leitura":"1 minuto"},"schema":{"@context":"https:\/\/schema.org","@graph":[{"@type":"Article","@id":"https:\/\/ubanews.com\/site\/2018\/12\/04\/conselho-municipal-de-esportes-de-uba-reuni-e-em-pauta-a-prestacao-de-contas-da-secretaria-municipal-de-cultura\/#article","isPartOf":{"@id":"https:\/\/ubanews.com\/site\/2018\/12\/04\/conselho-municipal-de-esportes-de-uba-reuni-e-em-pauta-a-prestacao-de-contas-da-secretaria-municipal-de-cultura\/"},"author":{"name":"Sodr\u00e9","@id":"https:\/\/ubanews.com\/site\/#\/schema\/person\/d90c9e47252fbb63dcc969fe4c8b9d10"},"headline":"CONSELHO MUNICIPAL DE ESPORTES DE UB\u00c1 REUNI E EM PAUTA A PRESTA\u00c7\u00c3O DE CONTAS DA SECRETARIA MUNICIPAL DE CULTURA","datePublished":"2018-12-04T13:51:16+00:00","mainEntityOfPage":{"@id":"https:\/\/ubanews.com\/site\/2018\/12\/04\/conselho-municipal-de-esportes-de-uba-reuni-e-em-pauta-a-prestacao-de-contas-da-secretaria-municipal-de-cultura\/"},"wordCount":229,"commentCount":0,"publisher":{"@id":"https:\/\/ubanews.com\/site\/#organization"},"image":{"@id":"https:\/\/ubanews.com\/site\/2018\/12\/04\/conselho-municipal-de-esportes-de-uba-reuni-e-em-pauta-a-prestacao-de-contas-da-secretaria-municipal-de-cultura\/#primaryimage"},"thumbnailUrl":"https:\/\/ubanews.com\/site\/wp-content\/uploads\/2018\/12\/47324570_1910639495715255_6126571711585320960_o-1.jpg","articleSection":["Geral"],"inLanguage":"pt-BR","potentialAction":[{"@type":"CommentAction","name":"Comment","target":["https:\/\/ubanews.com\/site\/2018\/12\/04\/conselho-municipal-de-esportes-de-uba-reuni-e-em-pauta-a-prestacao-de-contas-da-secretaria-municipal-de-cultura\/#respond"]}]},{"@type":"WebPage","@id":"https:\/\/ubanews.com\/site\/2018\/12\/04\/conselho-municipal-de-esportes-de-uba-reuni-e-em-pauta-a-prestacao-de-contas-da-secretaria-municipal-de-cultura\/","url":"https:\/\/ubanews.com\/site\/2018\/12\/04\/conselho-municipal-de-esportes-de-uba-reuni-e-em-pauta-a-prestacao-de-contas-da-secretaria-municipal-de-cultura\/","name":"CONSELHO MUNICIPAL DE ESPORTES DE UB\u00c1 REUNI E EM PAUTA A PRESTA\u00c7\u00c3O DE CONTAS DA SECRETARIA MUNICIPAL DE CULTURA - Ub\u00e1 News","isPartOf":{"@id":"https:\/\/ubanews.com\/site\/#website"},"primaryImageOfPage":{"@id":"https:\/\/ubanews.com\/site\/2018\/12\/04\/conselho-municipal-de-esportes-de-uba-reuni-e-em-pauta-a-prestacao-de-contas-da-secretaria-municipal-de-cultura\/#primaryimage"},"image":{"@id":"https:\/\/ubanews.com\/site\/2018\/12\/04\/conselho-municipal-de-esportes-de-uba-reuni-e-em-pauta-a-prestacao-de-contas-da-secretaria-municipal-de-cultura\/#primaryimage"},"thumbnailUrl":"https:\/\/ubanews.com\/site\/wp-content\/uploads\/2018\/12\/47324570_1910639495715255_6126571711585320960_o-1.jpg","datePublished":"2018-12-04T13:51:16+00:00","breadcrumb":{"@id":"https:\/\/ubanews.com\/site\/2018\/12\/04\/conselho-municipal-de-esportes-de-uba-reuni-e-em-pauta-a-prestacao-de-contas-da-secretaria-municipal-de-cultura\/#breadcrumb"},"inLanguage":"pt-BR","potentialAction":[{"@type":"ReadAction","target":["https:\/\/ubanews.com\/site\/2018\/12\/04\/conselho-municipal-de-esportes-de-uba-reuni-e-em-pauta-a-prestacao-de-contas-da-secretaria-municipal-de-cultura\/"]}]},{"@type":"ImageObject","inLanguage":"pt-BR","@id":"https:\/\/ubanews.com\/site\/2018\/12\/04\/conselho-municipal-de-esportes-de-uba-reuni-e-em-pauta-a-prestacao-de-contas-da-secretaria-municipal-de-cultura\/#primaryimage","url":"https:\/\/ubanews.com\/site\/wp-content\/uploads\/2018\/12\/47324570_1910639495715255_6126571711585320960_o-1.jpg","contentUrl":"https:\/\/ubanews.com\/site\/wp-content\/uploads\/2018\/12\/47324570_1910639495715255_6126571711585320960_o-1.jpg","width":800,"height":389},{"@type":"BreadcrumbList","@id":"https:\/\/ubanews.com\/site\/2018\/12\/04\/conselho-municipal-de-esportes-de-uba-reuni-e-em-pauta-a-prestacao-de-contas-da-secretaria-municipal-de-cultura\/#breadcrumb","itemListElement":[{"@type":"ListItem","position":1,"name":"Home","item":"https:\/\/ubanews.com\/site\/"},{"@type":"ListItem","position":2,"name":"CONSELHO MUNICIPAL DE ESPORTES DE UB\u00c1 REUNI E EM PAUTA A PRESTA\u00c7\u00c3O DE CONTAS DA SECRETARIA MUNICIPAL DE CULTURA"}]},{"@type":"WebSite","@id":"https:\/\/ubanews.com\/site\/#website","url":"https:\/\/ubanews.com\/site\/","name":"Ub\u00e1 News","description":"","publisher":{"@id":"https:\/\/ubanews.com\/site\/#organization"},"potentialAction":[{"@type":"SearchAction","target":{"@type":"EntryPoint","urlTemplate":"https:\/\/ubanews.com\/site\/?s={search_term_string}"},"query-input":{"@type":"PropertyValueSpecification","valueRequired":true,"valueName":"search_term_string"}}],"inLanguage":"pt-BR"},{"@type":"Organization","@id":"https:\/\/ubanews.com\/site\/#organization","name":"Ub\u00e1 News","url":"https:\/\/ubanews.com\/site\/","logo":{"@type":"ImageObject","inLanguage":"pt-BR","@id":"https:\/\/ubanews.com\/site\/#\/schema\/logo\/image\/","url":"https:\/\/ubanews.com\/site\/wp-content\/uploads\/2018\/01\/logoubanews.png","contentUrl":"https:\/\/ubanews.com\/site\/wp-content\/uploads\/2018\/01\/logoubanews.png","width":261,"height":99,"caption":"Ub\u00e1 News"},"image":{"@id":"https:\/\/ubanews.com\/site\/#\/schema\/logo\/image\/"},"sameAs":["https:\/\/www.facebook.com\/Ub\u00e1News-Carlos-Roberto-Sodr\u00e9-418778301977370"]},{"@type":"Person","@id":"https:\/\/ubanews.com\/site\/#\/schema\/person\/d90c9e47252fbb63dcc969fe4c8b9d10","name":"Sodr\u00e9","image":{"@type":"ImageObject","inLanguage":"pt-BR","@id":"https:\/\/secure.gravatar.com\/avatar\/5ba2793f0590b9dbfad3fdec4ee714485b3eef211c9b32ee53d414060454a56c?s=96&d=mm&r=g","url":"https:\/\/secure.gravatar.com\/avatar\/5ba2793f0590b9dbfad3fdec4ee714485b3eef211c9b32ee53d414060454a56c?s=96&d=mm&r=g","contentUrl":"https:\/\/secure.gravatar.com\/avatar\/5ba2793f0590b9dbfad3fdec4ee714485b3eef211c9b32ee53d414060454a56c?s=96&d=mm&r=g","caption":"Sodr\u00e9"},"sameAs":["https:\/\/www.facebook.com\/carosroberto.sodre.5\/"],"url":"https:\/\/ubanews.com\/site\/author\/felipe\/"}]}},"_links":{"self":[{"href":"https:\/\/ubanews.com\/site\/wp-json\/wp\/v2\/posts\/9568","targetHints":{"allow":["GET"]}}],"collection":[{"href":"https:\/\/ubanews.com\/site\/wp-json\/wp\/v2\/posts"}],"about":[{"href":"https:\/\/ubanews.com\/site\/wp-json\/wp\/v2\/types\/post"}],"author":[{"embeddable":true,"href":"https:\/\/ubanews.com\/site\/wp-json\/wp\/v2\/users\/2"}],"replies":[{"embeddable":true,"href":"https:\/\/ubanews.com\/site\/wp-json\/wp\/v2\/comments?post=9568"}],"version-history":[{"count":0,"href":"https:\/\/ubanews.com\/site\/wp-json\/wp\/v2\/posts\/9568\/revisions"}],"wp:featuredmedia":[{"embeddable":true,"href":"https:\/\/ubanews.com\/site\/wp-json\/wp\/v2\/media\/9570"}],"wp:attachment":[{"href":"https:\/\/ubanews.com\/site\/wp-json\/wp\/v2\/media?parent=9568"}],"wp:term":[{"taxonomy":"category","embeddable":true,"href":"https:\/\/ubanews.com\/site\/wp-json\/wp\/v2\/categories?post=9568"},{"taxonomy":"post_tag","embeddable":true,"href":"https:\/\/ubanews.com\/site\/wp-json\/wp\/v2\/tags?post=9568"}],"curies":[{"name":"wp","href":"https:\/\/api.w.org\/{rel}","templated":true}]}}