{"id":9558,"date":"2018-12-04T10:04:30","date_gmt":"2018-12-04T12:04:30","guid":{"rendered":"http:\/\/ubanews.com\/site\/?p=9558"},"modified":"2018-12-04T10:04:30","modified_gmt":"2018-12-04T12:04:30","slug":"adolescente-de-15-anos-e-roubado-quando-esperava-o-onibus","status":"publish","type":"post","link":"https:\/\/ubanews.com\/site\/2018\/12\/04\/adolescente-de-15-anos-e-roubado-quando-esperava-o-onibus\/","title":{"rendered":"Adolescente de 15 anos \u00e9 roubado quando esperava o \u00f4nibus"},"content":{"rendered":"<p>No dia 03 de Dezembro de 2018 \u00e0s 07 horas 35minutos, na Rua Luiz Bigonha no Bairro Lourical, Ub\u00e1, a Pol\u00edcia Militar foi acionada pela v\u00edtima uma adolescente de 15 anos que relatou estar aguardando \u00f4nibus, quando observou que havia um adolescente moreno, trajando blusa de frio com capuz laranja, bermuda jeans e chinelos que, caminhou em sua dire\u00e7\u00e3o, tirando uma faca de cozinha e a apontou em sua dire\u00e7\u00e3o, ordenando-a que entregasse seu celular samsung J5 prime.<\/p>\n<p>Ap\u00f3s obter a posse do aparelho, o autor evadiu correndo, sentido a um beco que d\u00e1 acesso ao bairro Louri\u00e7al. Foi realizado rastreamento pelas equipes de servi\u00e7o, por\u00e9m, sem \u00eaxito, os rastreamentos prosseguem com intuito de prender o autor do crime e recuperar o celular roubado.<\/p>\n","protected":false},"excerpt":{"rendered":"<p>No dia 03 de Dezembro de 2018 \u00e0s 07 horas<\/p>\n","protected":false},"author":2,"featured_media":2930,"comment_status":"open","ping_status":"open","sticky":false,"template":"","format":"standard","meta":{"footnotes":""},"categories":[13],"tags":[],"class_list":["post-9558","post","type-post","status-publish","format-standard","has-post-thumbnail","hentry","category-sintese-das-ocorrencias"],"yoast_head":"<!-- This site is optimized with the Yoast SEO plugin v27.2 - https:\/\/yoast.com\/product\/yoast-seo-wordpress\/ -->\n<title>Adolescente de 15 anos \u00e9 roubado quando esperava o \u00f4nibus - Ub\u00e1 News<\/title>\n<meta name=\"robots\" content=\"index, follow, max-snippet:-1, max-image-preview:large, max-video-preview:-1\" \/>\n<link rel=\"canonical\" href=\"https:\/\/ubanews.com\/site\/2018\/12\/04\/adolescente-de-15-anos-e-roubado-quando-esperava-o-onibus\/\" \/>\n<meta property=\"og:locale\" content=\"pt_BR\" \/>\n<meta property=\"og:type\" content=\"article\" \/>\n<meta property=\"og:title\" content=\"Adolescente de 15 anos \u00e9 roubado quando esperava o \u00f4nibus - Ub\u00e1 News\" \/>\n<meta property=\"og:description\" content=\"No dia 03 de Dezembro de 2018 \u00e0s 07 horas\" \/>\n<meta property=\"og:url\" content=\"https:\/\/ubanews.com\/site\/2018\/12\/04\/adolescente-de-15-anos-e-roubado-quando-esperava-o-onibus\/\" \/>\n<meta property=\"og:site_name\" content=\"Ub\u00e1 News\" \/>\n<meta property=\"article:publisher\" content=\"https:\/\/www.facebook.com\/Ub%c3%a1News-Carlos-Roberto-Sodr%c3%a9-418778301977370\" \/>\n<meta property=\"article:author\" content=\"https:\/\/www.facebook.com\/carosroberto.sodre.5\/\" \/>\n<meta property=\"article:published_time\" content=\"2018-12-04T12:04:30+00:00\" \/>\n<meta property=\"og:image\" content=\"https:\/\/ubanews.com\/site\/wp-content\/uploads\/2018\/05\/Roubo-Palavra-1.jpg\" \/>\n\t<meta property=\"og:image:width\" content=\"840\" \/>\n\t<meta property=\"og:image:height\" content=\"408\" \/>\n\t<meta property=\"og:image:type\" content=\"image\/jpeg\" \/>\n<meta name=\"author\" content=\"Sodr\u00e9\" \/>\n<meta name=\"twitter:card\" content=\"summary_large_image\" \/>\n<meta name=\"twitter:label1\" content=\"Escrito por\" \/>\n\t<meta name=\"twitter:data1\" content=\"Sodr\u00e9\" \/>\n\t<meta name=\"twitter:label2\" content=\"Est. tempo de leitura\" \/>\n\t<meta name=\"twitter:data2\" content=\"1 minuto\" \/>\n<script type=\"application\/ld+json\" class=\"yoast-schema-graph\">{\"@context\":\"https:\/\/schema.org\",\"@graph\":[{\"@type\":\"Article\",\"@id\":\"https:\/\/ubanews.com\/site\/2018\/12\/04\/adolescente-de-15-anos-e-roubado-quando-esperava-o-onibus\/#article\",\"isPartOf\":{\"@id\":\"https:\/\/ubanews.com\/site\/2018\/12\/04\/adolescente-de-15-anos-e-roubado-quando-esperava-o-onibus\/\"},\"author\":{\"name\":\"Sodr\u00e9\",\"@id\":\"https:\/\/ubanews.com\/site\/#\/schema\/person\/d90c9e47252fbb63dcc969fe4c8b9d10\"},\"headline\":\"Adolescente de 15 anos \u00e9 roubado quando esperava o \u00f4nibus\",\"datePublished\":\"2018-12-04T12:04:30+00:00\",\"mainEntityOfPage\":{\"@id\":\"https:\/\/ubanews.com\/site\/2018\/12\/04\/adolescente-de-15-anos-e-roubado-quando-esperava-o-onibus\/\"},\"wordCount\":136,\"commentCount\":0,\"publisher\":{\"@id\":\"https:\/\/ubanews.com\/site\/#organization\"},\"image\":{\"@id\":\"https:\/\/ubanews.com\/site\/2018\/12\/04\/adolescente-de-15-anos-e-roubado-quando-esperava-o-onibus\/#primaryimage\"},\"thumbnailUrl\":\"https:\/\/ubanews.com\/site\/wp-content\/uploads\/2018\/05\/Roubo-Palavra-1.jpg\",\"articleSection\":[\"S\u00edntese das Ocorr\u00eancias\"],\"inLanguage\":\"pt-BR\",\"potentialAction\":[{\"@type\":\"CommentAction\",\"name\":\"Comment\",\"target\":[\"https:\/\/ubanews.com\/site\/2018\/12\/04\/adolescente-de-15-anos-e-roubado-quando-esperava-o-onibus\/#respond\"]}]},{\"@type\":\"WebPage\",\"@id\":\"https:\/\/ubanews.com\/site\/2018\/12\/04\/adolescente-de-15-anos-e-roubado-quando-esperava-o-onibus\/\",\"url\":\"https:\/\/ubanews.com\/site\/2018\/12\/04\/adolescente-de-15-anos-e-roubado-quando-esperava-o-onibus\/\",\"name\":\"Adolescente de 15 anos \u00e9 roubado quando esperava o \u00f4nibus - Ub\u00e1 News\",\"isPartOf\":{\"@id\":\"https:\/\/ubanews.com\/site\/#website\"},\"primaryImageOfPage\":{\"@id\":\"https:\/\/ubanews.com\/site\/2018\/12\/04\/adolescente-de-15-anos-e-roubado-quando-esperava-o-onibus\/#primaryimage\"},\"image\":{\"@id\":\"https:\/\/ubanews.com\/site\/2018\/12\/04\/adolescente-de-15-anos-e-roubado-quando-esperava-o-onibus\/#primaryimage\"},\"thumbnailUrl\":\"https:\/\/ubanews.com\/site\/wp-content\/uploads\/2018\/05\/Roubo-Palavra-1.jpg\",\"datePublished\":\"2018-12-04T12:04:30+00:00\",\"breadcrumb\":{\"@id\":\"https:\/\/ubanews.com\/site\/2018\/12\/04\/adolescente-de-15-anos-e-roubado-quando-esperava-o-onibus\/#breadcrumb\"},\"inLanguage\":\"pt-BR\",\"potentialAction\":[{\"@type\":\"ReadAction\",\"target\":[\"https:\/\/ubanews.com\/site\/2018\/12\/04\/adolescente-de-15-anos-e-roubado-quando-esperava-o-onibus\/\"]}]},{\"@type\":\"ImageObject\",\"inLanguage\":\"pt-BR\",\"@id\":\"https:\/\/ubanews.com\/site\/2018\/12\/04\/adolescente-de-15-anos-e-roubado-quando-esperava-o-onibus\/#primaryimage\",\"url\":\"https:\/\/ubanews.com\/site\/wp-content\/uploads\/2018\/05\/Roubo-Palavra-1.jpg\",\"contentUrl\":\"https:\/\/ubanews.com\/site\/wp-content\/uploads\/2018\/05\/Roubo-Palavra-1.jpg\",\"width\":840,\"height\":408},{\"@type\":\"BreadcrumbList\",\"@id\":\"https:\/\/ubanews.com\/site\/2018\/12\/04\/adolescente-de-15-anos-e-roubado-quando-esperava-o-onibus\/#breadcrumb\",\"itemListElement\":[{\"@type\":\"ListItem\",\"position\":1,\"name\":\"Home\",\"item\":\"https:\/\/ubanews.com\/site\/\"},{\"@type\":\"ListItem\",\"position\":2,\"name\":\"Adolescente de 15 anos \u00e9 roubado quando esperava o \u00f4nibus\"}]},{\"@type\":\"WebSite\",\"@id\":\"https:\/\/ubanews.com\/site\/#website\",\"url\":\"https:\/\/ubanews.com\/site\/\",\"name\":\"Ub\u00e1 News\",\"description\":\"\",\"publisher\":{\"@id\":\"https:\/\/ubanews.com\/site\/#organization\"},\"potentialAction\":[{\"@type\":\"SearchAction\",\"target\":{\"@type\":\"EntryPoint\",\"urlTemplate\":\"https:\/\/ubanews.com\/site\/?s={search_term_string}\"},\"query-input\":{\"@type\":\"PropertyValueSpecification\",\"valueRequired\":true,\"valueName\":\"search_term_string\"}}],\"inLanguage\":\"pt-BR\"},{\"@type\":\"Organization\",\"@id\":\"https:\/\/ubanews.com\/site\/#organization\",\"name\":\"Ub\u00e1 News\",\"url\":\"https:\/\/ubanews.com\/site\/\",\"logo\":{\"@type\":\"ImageObject\",\"inLanguage\":\"pt-BR\",\"@id\":\"https:\/\/ubanews.com\/site\/#\/schema\/logo\/image\/\",\"url\":\"https:\/\/ubanews.com\/site\/wp-content\/uploads\/2018\/01\/logoubanews.png\",\"contentUrl\":\"https:\/\/ubanews.com\/site\/wp-content\/uploads\/2018\/01\/logoubanews.png\",\"width\":261,\"height\":99,\"caption\":\"Ub\u00e1 News\"},\"image\":{\"@id\":\"https:\/\/ubanews.com\/site\/#\/schema\/logo\/image\/\"},\"sameAs\":[\"https:\/\/www.facebook.com\/Ub\u00e1News-Carlos-Roberto-Sodr\u00e9-418778301977370\"]},{\"@type\":\"Person\",\"@id\":\"https:\/\/ubanews.com\/site\/#\/schema\/person\/d90c9e47252fbb63dcc969fe4c8b9d10\",\"name\":\"Sodr\u00e9\",\"image\":{\"@type\":\"ImageObject\",\"inLanguage\":\"pt-BR\",\"@id\":\"https:\/\/secure.gravatar.com\/avatar\/5ba2793f0590b9dbfad3fdec4ee714485b3eef211c9b32ee53d414060454a56c?s=96&d=mm&r=g\",\"url\":\"https:\/\/secure.gravatar.com\/avatar\/5ba2793f0590b9dbfad3fdec4ee714485b3eef211c9b32ee53d414060454a56c?s=96&d=mm&r=g\",\"contentUrl\":\"https:\/\/secure.gravatar.com\/avatar\/5ba2793f0590b9dbfad3fdec4ee714485b3eef211c9b32ee53d414060454a56c?s=96&d=mm&r=g\",\"caption\":\"Sodr\u00e9\"},\"sameAs\":[\"https:\/\/www.facebook.com\/carosroberto.sodre.5\/\"],\"url\":\"https:\/\/ubanews.com\/site\/author\/felipe\/\"}]}<\/script>\n<!-- \/ Yoast SEO plugin. -->","yoast_head_json":{"title":"Adolescente de 15 anos \u00e9 roubado quando esperava o \u00f4nibus - Ub\u00e1 News","robots":{"index":"index","follow":"follow","max-snippet":"max-snippet:-1","max-image-preview":"max-image-preview:large","max-video-preview":"max-video-preview:-1"},"canonical":"https:\/\/ubanews.com\/site\/2018\/12\/04\/adolescente-de-15-anos-e-roubado-quando-esperava-o-onibus\/","og_locale":"pt_BR","og_type":"article","og_title":"Adolescente de 15 anos \u00e9 roubado quando esperava o \u00f4nibus - Ub\u00e1 News","og_description":"No dia 03 de Dezembro de 2018 \u00e0s 07 horas","og_url":"https:\/\/ubanews.com\/site\/2018\/12\/04\/adolescente-de-15-anos-e-roubado-quando-esperava-o-onibus\/","og_site_name":"Ub\u00e1 News","article_publisher":"https:\/\/www.facebook.com\/Ub%c3%a1News-Carlos-Roberto-Sodr%c3%a9-418778301977370","article_author":"https:\/\/www.facebook.com\/carosroberto.sodre.5\/","article_published_time":"2018-12-04T12:04:30+00:00","og_image":[{"width":840,"height":408,"url":"https:\/\/ubanews.com\/site\/wp-content\/uploads\/2018\/05\/Roubo-Palavra-1.jpg","type":"image\/jpeg"}],"author":"Sodr\u00e9","twitter_card":"summary_large_image","twitter_misc":{"Escrito por":"Sodr\u00e9","Est. tempo de leitura":"1 minuto"},"schema":{"@context":"https:\/\/schema.org","@graph":[{"@type":"Article","@id":"https:\/\/ubanews.com\/site\/2018\/12\/04\/adolescente-de-15-anos-e-roubado-quando-esperava-o-onibus\/#article","isPartOf":{"@id":"https:\/\/ubanews.com\/site\/2018\/12\/04\/adolescente-de-15-anos-e-roubado-quando-esperava-o-onibus\/"},"author":{"name":"Sodr\u00e9","@id":"https:\/\/ubanews.com\/site\/#\/schema\/person\/d90c9e47252fbb63dcc969fe4c8b9d10"},"headline":"Adolescente de 15 anos \u00e9 roubado quando esperava o \u00f4nibus","datePublished":"2018-12-04T12:04:30+00:00","mainEntityOfPage":{"@id":"https:\/\/ubanews.com\/site\/2018\/12\/04\/adolescente-de-15-anos-e-roubado-quando-esperava-o-onibus\/"},"wordCount":136,"commentCount":0,"publisher":{"@id":"https:\/\/ubanews.com\/site\/#organization"},"image":{"@id":"https:\/\/ubanews.com\/site\/2018\/12\/04\/adolescente-de-15-anos-e-roubado-quando-esperava-o-onibus\/#primaryimage"},"thumbnailUrl":"https:\/\/ubanews.com\/site\/wp-content\/uploads\/2018\/05\/Roubo-Palavra-1.jpg","articleSection":["S\u00edntese das Ocorr\u00eancias"],"inLanguage":"pt-BR","potentialAction":[{"@type":"CommentAction","name":"Comment","target":["https:\/\/ubanews.com\/site\/2018\/12\/04\/adolescente-de-15-anos-e-roubado-quando-esperava-o-onibus\/#respond"]}]},{"@type":"WebPage","@id":"https:\/\/ubanews.com\/site\/2018\/12\/04\/adolescente-de-15-anos-e-roubado-quando-esperava-o-onibus\/","url":"https:\/\/ubanews.com\/site\/2018\/12\/04\/adolescente-de-15-anos-e-roubado-quando-esperava-o-onibus\/","name":"Adolescente de 15 anos \u00e9 roubado quando esperava o \u00f4nibus - Ub\u00e1 News","isPartOf":{"@id":"https:\/\/ubanews.com\/site\/#website"},"primaryImageOfPage":{"@id":"https:\/\/ubanews.com\/site\/2018\/12\/04\/adolescente-de-15-anos-e-roubado-quando-esperava-o-onibus\/#primaryimage"},"image":{"@id":"https:\/\/ubanews.com\/site\/2018\/12\/04\/adolescente-de-15-anos-e-roubado-quando-esperava-o-onibus\/#primaryimage"},"thumbnailUrl":"https:\/\/ubanews.com\/site\/wp-content\/uploads\/2018\/05\/Roubo-Palavra-1.jpg","datePublished":"2018-12-04T12:04:30+00:00","breadcrumb":{"@id":"https:\/\/ubanews.com\/site\/2018\/12\/04\/adolescente-de-15-anos-e-roubado-quando-esperava-o-onibus\/#breadcrumb"},"inLanguage":"pt-BR","potentialAction":[{"@type":"ReadAction","target":["https:\/\/ubanews.com\/site\/2018\/12\/04\/adolescente-de-15-anos-e-roubado-quando-esperava-o-onibus\/"]}]},{"@type":"ImageObject","inLanguage":"pt-BR","@id":"https:\/\/ubanews.com\/site\/2018\/12\/04\/adolescente-de-15-anos-e-roubado-quando-esperava-o-onibus\/#primaryimage","url":"https:\/\/ubanews.com\/site\/wp-content\/uploads\/2018\/05\/Roubo-Palavra-1.jpg","contentUrl":"https:\/\/ubanews.com\/site\/wp-content\/uploads\/2018\/05\/Roubo-Palavra-1.jpg","width":840,"height":408},{"@type":"BreadcrumbList","@id":"https:\/\/ubanews.com\/site\/2018\/12\/04\/adolescente-de-15-anos-e-roubado-quando-esperava-o-onibus\/#breadcrumb","itemListElement":[{"@type":"ListItem","position":1,"name":"Home","item":"https:\/\/ubanews.com\/site\/"},{"@type":"ListItem","position":2,"name":"Adolescente de 15 anos \u00e9 roubado quando esperava o \u00f4nibus"}]},{"@type":"WebSite","@id":"https:\/\/ubanews.com\/site\/#website","url":"https:\/\/ubanews.com\/site\/","name":"Ub\u00e1 News","description":"","publisher":{"@id":"https:\/\/ubanews.com\/site\/#organization"},"potentialAction":[{"@type":"SearchAction","target":{"@type":"EntryPoint","urlTemplate":"https:\/\/ubanews.com\/site\/?s={search_term_string}"},"query-input":{"@type":"PropertyValueSpecification","valueRequired":true,"valueName":"search_term_string"}}],"inLanguage":"pt-BR"},{"@type":"Organization","@id":"https:\/\/ubanews.com\/site\/#organization","name":"Ub\u00e1 News","url":"https:\/\/ubanews.com\/site\/","logo":{"@type":"ImageObject","inLanguage":"pt-BR","@id":"https:\/\/ubanews.com\/site\/#\/schema\/logo\/image\/","url":"https:\/\/ubanews.com\/site\/wp-content\/uploads\/2018\/01\/logoubanews.png","contentUrl":"https:\/\/ubanews.com\/site\/wp-content\/uploads\/2018\/01\/logoubanews.png","width":261,"height":99,"caption":"Ub\u00e1 News"},"image":{"@id":"https:\/\/ubanews.com\/site\/#\/schema\/logo\/image\/"},"sameAs":["https:\/\/www.facebook.com\/Ub\u00e1News-Carlos-Roberto-Sodr\u00e9-418778301977370"]},{"@type":"Person","@id":"https:\/\/ubanews.com\/site\/#\/schema\/person\/d90c9e47252fbb63dcc969fe4c8b9d10","name":"Sodr\u00e9","image":{"@type":"ImageObject","inLanguage":"pt-BR","@id":"https:\/\/secure.gravatar.com\/avatar\/5ba2793f0590b9dbfad3fdec4ee714485b3eef211c9b32ee53d414060454a56c?s=96&d=mm&r=g","url":"https:\/\/secure.gravatar.com\/avatar\/5ba2793f0590b9dbfad3fdec4ee714485b3eef211c9b32ee53d414060454a56c?s=96&d=mm&r=g","contentUrl":"https:\/\/secure.gravatar.com\/avatar\/5ba2793f0590b9dbfad3fdec4ee714485b3eef211c9b32ee53d414060454a56c?s=96&d=mm&r=g","caption":"Sodr\u00e9"},"sameAs":["https:\/\/www.facebook.com\/carosroberto.sodre.5\/"],"url":"https:\/\/ubanews.com\/site\/author\/felipe\/"}]}},"_links":{"self":[{"href":"https:\/\/ubanews.com\/site\/wp-json\/wp\/v2\/posts\/9558","targetHints":{"allow":["GET"]}}],"collection":[{"href":"https:\/\/ubanews.com\/site\/wp-json\/wp\/v2\/posts"}],"about":[{"href":"https:\/\/ubanews.com\/site\/wp-json\/wp\/v2\/types\/post"}],"author":[{"embeddable":true,"href":"https:\/\/ubanews.com\/site\/wp-json\/wp\/v2\/users\/2"}],"replies":[{"embeddable":true,"href":"https:\/\/ubanews.com\/site\/wp-json\/wp\/v2\/comments?post=9558"}],"version-history":[{"count":0,"href":"https:\/\/ubanews.com\/site\/wp-json\/wp\/v2\/posts\/9558\/revisions"}],"wp:featuredmedia":[{"embeddable":true,"href":"https:\/\/ubanews.com\/site\/wp-json\/wp\/v2\/media\/2930"}],"wp:attachment":[{"href":"https:\/\/ubanews.com\/site\/wp-json\/wp\/v2\/media?parent=9558"}],"wp:term":[{"taxonomy":"category","embeddable":true,"href":"https:\/\/ubanews.com\/site\/wp-json\/wp\/v2\/categories?post=9558"},{"taxonomy":"post_tag","embeddable":true,"href":"https:\/\/ubanews.com\/site\/wp-json\/wp\/v2\/tags?post=9558"}],"curies":[{"name":"wp","href":"https:\/\/api.w.org\/{rel}","templated":true}]}}