{"id":9502,"date":"2018-12-03T10:33:02","date_gmt":"2018-12-03T12:33:02","guid":{"rendered":"http:\/\/ubanews.com\/site\/?p=9502"},"modified":"2018-12-03T10:33:02","modified_gmt":"2018-12-03T12:33:02","slug":"automovel-em-atitude-suspeita-policia-militar-da-ordem-de-parada-e-encontra-drogas-no-interior-do-veiculo","status":"publish","type":"post","link":"https:\/\/ubanews.com\/site\/2018\/12\/03\/automovel-em-atitude-suspeita-policia-militar-da-ordem-de-parada-e-encontra-drogas-no-interior-do-veiculo\/","title":{"rendered":"Autom\u00f3vel em atitude suspeita, Pol\u00edcia Militar d\u00e1 ordem de parada e encontra drogas no interior do ve\u00edculo"},"content":{"rendered":"<p>No dia 01 de Dezembro \u00e0s 20 horas e 38 minutos, na Rua Jos\u00e9 Bernardo Maciel, no Bairro Schiavon, Ub\u00e1, a Pol\u00edcia Militar, durante patrulhamento pelo local, deparou com o veiculo autom\u00f3vel placa KUA-1784 em atitude suspeita, que diante de tal situa\u00e7\u00e3o foi dada ordem de parada ao condutor, sendo tal ordem acatada. Ato continuo foi procedida uma busca pessoal em tais ocupantes por\u00e9m nada de il\u00edcito foi encontrado com os ocupantes que seriam: S\u00e1vio Francisco Soares de 19 anos, Michele Gomes de Silva de 21 anos e um adolescente infrator de 17 anos.<\/p>\n<p>Em seguida foi solicitado ao condutor senhor S\u00e1vio a documenta\u00e7\u00e3o de porte obrigat\u00f3rio, vindo este a relatar que n\u00e3o possui CNH e nem permiss\u00e3o para dirigir e que possui somente o CRLV referente ao ano exerc\u00edcio 2015.<\/p>\n<p>Ap\u00f3s uma breve parlamenta\u00e7\u00e3o com o senhor S\u00e1vio, este relatou que estava com uma pequena por\u00e7\u00e3o de entorpecente em sua resid\u00eancia. Ato continuo a Pol\u00edcia Militar deslocou para sua resid\u00eancia, que ap\u00f3s uma busca no interior desta foi localizado oito&nbsp; tabletes de subst\u00e2ncia an\u00e1loga a maconha e um r\u00e1dio transmissor &#8220;HT&#8221;, o qual estava na frequ\u00eancia da Policia Militar.<\/p>\n<p>Durante as dilig\u00eancias os militares deslocaram at\u00e9 a resid\u00eancia da senhora Michele (carona do ve\u00edculo abordado), onde ap\u00f3s parlamenta\u00e7\u00e3o, esta franqueou a entrada em sua resid\u00eancia e acrescentou que estava guardando alguns pinos vazios para o adolescente infrator que estava no carro, e que talvez poderia ser localizado entorpecente.&nbsp; Diante de tal situa\u00e7\u00e3o, os militares adentraram na resid\u00eancia e ap\u00f3s uma busca no referido local lograram \u00eaxito em localizar tr\u00eas tabletes de substancia an\u00e1loga a maconha e uma embalagem contendo em seu interior v\u00e1rios pinos vazios que s\u00e3o utilizados para acoplar entorpecentes.<\/p>\n<p>Diante ao exposto os envolvidos foram conduzidos presos\/apreendidos a Delegacia de Pol\u00edcia Judici\u00e1ria para demais providencias. O&nbsp; veiculo foi removido pelo auto socorro e lavrado os Auto de Infra\u00e7\u00e3o de Tr\u00e2nsito conforme as infra\u00e7\u00f5es cometidas.<\/p>\n<div><span style=\"font-family: 'Arial','sans-serif';\"><span style=\"font-size: large;\"><b>ASSESSORIA DE COMUNICA\u00c7\u00c3O ORG<\/b><strong>ANIZACIONAL<\/strong><\/span><strong><i><br \/>\n<\/i><\/strong><\/span><\/div>\n<p><strong><span style=\"font-family: 'Arial','sans-serif';\"><i>Vig\u00e9simo Primeiro Batalh\u00e3o de Pol\u00edcia Militar.<\/i><\/span><\/strong><\/p>\n","protected":false},"excerpt":{"rendered":"<p>No dia 01 de Dezembro \u00e0s 20 horas e 38<\/p>\n","protected":false},"author":2,"featured_media":9503,"comment_status":"open","ping_status":"open","sticky":false,"template":"","format":"standard","meta":{"footnotes":""},"categories":[13],"tags":[],"class_list":["post-9502","post","type-post","status-publish","format-standard","has-post-thumbnail","hentry","category-sintese-das-ocorrencias"],"yoast_head":"<!-- This site is optimized with the Yoast SEO plugin v27.2 - https:\/\/yoast.com\/product\/yoast-seo-wordpress\/ -->\n<title>Autom\u00f3vel em atitude suspeita, Pol\u00edcia Militar d\u00e1 ordem de parada e encontra drogas no interior do ve\u00edculo - Ub\u00e1 News<\/title>\n<meta name=\"robots\" content=\"index, follow, max-snippet:-1, max-image-preview:large, max-video-preview:-1\" \/>\n<link rel=\"canonical\" href=\"https:\/\/ubanews.com\/site\/2018\/12\/03\/automovel-em-atitude-suspeita-policia-militar-da-ordem-de-parada-e-encontra-drogas-no-interior-do-veiculo\/\" \/>\n<meta property=\"og:locale\" content=\"pt_BR\" \/>\n<meta property=\"og:type\" content=\"article\" \/>\n<meta property=\"og:title\" content=\"Autom\u00f3vel em atitude suspeita, Pol\u00edcia Militar d\u00e1 ordem de parada e encontra drogas no interior do ve\u00edculo - Ub\u00e1 News\" \/>\n<meta property=\"og:description\" content=\"No dia 01 de Dezembro \u00e0s 20 horas e 38\" \/>\n<meta property=\"og:url\" content=\"https:\/\/ubanews.com\/site\/2018\/12\/03\/automovel-em-atitude-suspeita-policia-militar-da-ordem-de-parada-e-encontra-drogas-no-interior-do-veiculo\/\" \/>\n<meta property=\"og:site_name\" content=\"Ub\u00e1 News\" \/>\n<meta property=\"article:publisher\" content=\"https:\/\/www.facebook.com\/Ub%c3%a1News-Carlos-Roberto-Sodr%c3%a9-418778301977370\" \/>\n<meta property=\"article:author\" content=\"https:\/\/www.facebook.com\/carosroberto.sodre.5\/\" \/>\n<meta property=\"article:published_time\" content=\"2018-12-03T12:33:02+00:00\" \/>\n<meta property=\"og:image\" content=\"https:\/\/ubanews.com\/site\/wp-content\/uploads\/2018\/12\/191.jpg\" \/>\n\t<meta property=\"og:image:width\" content=\"800\" \/>\n\t<meta property=\"og:image:height\" content=\"389\" \/>\n\t<meta property=\"og:image:type\" content=\"image\/jpeg\" \/>\n<meta name=\"author\" content=\"Sodr\u00e9\" \/>\n<meta name=\"twitter:card\" content=\"summary_large_image\" \/>\n<meta name=\"twitter:label1\" content=\"Escrito por\" \/>\n\t<meta name=\"twitter:data1\" content=\"Sodr\u00e9\" \/>\n\t<meta name=\"twitter:label2\" content=\"Est. tempo de leitura\" \/>\n\t<meta name=\"twitter:data2\" content=\"2 minutos\" \/>\n<script type=\"application\/ld+json\" class=\"yoast-schema-graph\">{\"@context\":\"https:\/\/schema.org\",\"@graph\":[{\"@type\":\"Article\",\"@id\":\"https:\/\/ubanews.com\/site\/2018\/12\/03\/automovel-em-atitude-suspeita-policia-militar-da-ordem-de-parada-e-encontra-drogas-no-interior-do-veiculo\/#article\",\"isPartOf\":{\"@id\":\"https:\/\/ubanews.com\/site\/2018\/12\/03\/automovel-em-atitude-suspeita-policia-militar-da-ordem-de-parada-e-encontra-drogas-no-interior-do-veiculo\/\"},\"author\":{\"name\":\"Sodr\u00e9\",\"@id\":\"https:\/\/ubanews.com\/site\/#\/schema\/person\/d90c9e47252fbb63dcc969fe4c8b9d10\"},\"headline\":\"Autom\u00f3vel em atitude suspeita, Pol\u00edcia Militar d\u00e1 ordem de parada e encontra drogas no interior do ve\u00edculo\",\"datePublished\":\"2018-12-03T12:33:02+00:00\",\"mainEntityOfPage\":{\"@id\":\"https:\/\/ubanews.com\/site\/2018\/12\/03\/automovel-em-atitude-suspeita-policia-militar-da-ordem-de-parada-e-encontra-drogas-no-interior-do-veiculo\/\"},\"wordCount\":391,\"commentCount\":0,\"publisher\":{\"@id\":\"https:\/\/ubanews.com\/site\/#organization\"},\"image\":{\"@id\":\"https:\/\/ubanews.com\/site\/2018\/12\/03\/automovel-em-atitude-suspeita-policia-militar-da-ordem-de-parada-e-encontra-drogas-no-interior-do-veiculo\/#primaryimage\"},\"thumbnailUrl\":\"https:\/\/ubanews.com\/site\/wp-content\/uploads\/2018\/12\/191.jpg\",\"articleSection\":[\"S\u00edntese das Ocorr\u00eancias\"],\"inLanguage\":\"pt-BR\",\"potentialAction\":[{\"@type\":\"CommentAction\",\"name\":\"Comment\",\"target\":[\"https:\/\/ubanews.com\/site\/2018\/12\/03\/automovel-em-atitude-suspeita-policia-militar-da-ordem-de-parada-e-encontra-drogas-no-interior-do-veiculo\/#respond\"]}]},{\"@type\":\"WebPage\",\"@id\":\"https:\/\/ubanews.com\/site\/2018\/12\/03\/automovel-em-atitude-suspeita-policia-militar-da-ordem-de-parada-e-encontra-drogas-no-interior-do-veiculo\/\",\"url\":\"https:\/\/ubanews.com\/site\/2018\/12\/03\/automovel-em-atitude-suspeita-policia-militar-da-ordem-de-parada-e-encontra-drogas-no-interior-do-veiculo\/\",\"name\":\"Autom\u00f3vel em atitude suspeita, Pol\u00edcia Militar d\u00e1 ordem de parada e encontra drogas no interior do ve\u00edculo - Ub\u00e1 News\",\"isPartOf\":{\"@id\":\"https:\/\/ubanews.com\/site\/#website\"},\"primaryImageOfPage\":{\"@id\":\"https:\/\/ubanews.com\/site\/2018\/12\/03\/automovel-em-atitude-suspeita-policia-militar-da-ordem-de-parada-e-encontra-drogas-no-interior-do-veiculo\/#primaryimage\"},\"image\":{\"@id\":\"https:\/\/ubanews.com\/site\/2018\/12\/03\/automovel-em-atitude-suspeita-policia-militar-da-ordem-de-parada-e-encontra-drogas-no-interior-do-veiculo\/#primaryimage\"},\"thumbnailUrl\":\"https:\/\/ubanews.com\/site\/wp-content\/uploads\/2018\/12\/191.jpg\",\"datePublished\":\"2018-12-03T12:33:02+00:00\",\"breadcrumb\":{\"@id\":\"https:\/\/ubanews.com\/site\/2018\/12\/03\/automovel-em-atitude-suspeita-policia-militar-da-ordem-de-parada-e-encontra-drogas-no-interior-do-veiculo\/#breadcrumb\"},\"inLanguage\":\"pt-BR\",\"potentialAction\":[{\"@type\":\"ReadAction\",\"target\":[\"https:\/\/ubanews.com\/site\/2018\/12\/03\/automovel-em-atitude-suspeita-policia-militar-da-ordem-de-parada-e-encontra-drogas-no-interior-do-veiculo\/\"]}]},{\"@type\":\"ImageObject\",\"inLanguage\":\"pt-BR\",\"@id\":\"https:\/\/ubanews.com\/site\/2018\/12\/03\/automovel-em-atitude-suspeita-policia-militar-da-ordem-de-parada-e-encontra-drogas-no-interior-do-veiculo\/#primaryimage\",\"url\":\"https:\/\/ubanews.com\/site\/wp-content\/uploads\/2018\/12\/191.jpg\",\"contentUrl\":\"https:\/\/ubanews.com\/site\/wp-content\/uploads\/2018\/12\/191.jpg\",\"width\":800,\"height\":389},{\"@type\":\"BreadcrumbList\",\"@id\":\"https:\/\/ubanews.com\/site\/2018\/12\/03\/automovel-em-atitude-suspeita-policia-militar-da-ordem-de-parada-e-encontra-drogas-no-interior-do-veiculo\/#breadcrumb\",\"itemListElement\":[{\"@type\":\"ListItem\",\"position\":1,\"name\":\"Home\",\"item\":\"https:\/\/ubanews.com\/site\/\"},{\"@type\":\"ListItem\",\"position\":2,\"name\":\"Autom\u00f3vel em atitude suspeita, Pol\u00edcia Militar d\u00e1 ordem de parada e encontra drogas no interior do ve\u00edculo\"}]},{\"@type\":\"WebSite\",\"@id\":\"https:\/\/ubanews.com\/site\/#website\",\"url\":\"https:\/\/ubanews.com\/site\/\",\"name\":\"Ub\u00e1 News\",\"description\":\"\",\"publisher\":{\"@id\":\"https:\/\/ubanews.com\/site\/#organization\"},\"potentialAction\":[{\"@type\":\"SearchAction\",\"target\":{\"@type\":\"EntryPoint\",\"urlTemplate\":\"https:\/\/ubanews.com\/site\/?s={search_term_string}\"},\"query-input\":{\"@type\":\"PropertyValueSpecification\",\"valueRequired\":true,\"valueName\":\"search_term_string\"}}],\"inLanguage\":\"pt-BR\"},{\"@type\":\"Organization\",\"@id\":\"https:\/\/ubanews.com\/site\/#organization\",\"name\":\"Ub\u00e1 News\",\"url\":\"https:\/\/ubanews.com\/site\/\",\"logo\":{\"@type\":\"ImageObject\",\"inLanguage\":\"pt-BR\",\"@id\":\"https:\/\/ubanews.com\/site\/#\/schema\/logo\/image\/\",\"url\":\"https:\/\/ubanews.com\/site\/wp-content\/uploads\/2018\/01\/logoubanews.png\",\"contentUrl\":\"https:\/\/ubanews.com\/site\/wp-content\/uploads\/2018\/01\/logoubanews.png\",\"width\":261,\"height\":99,\"caption\":\"Ub\u00e1 News\"},\"image\":{\"@id\":\"https:\/\/ubanews.com\/site\/#\/schema\/logo\/image\/\"},\"sameAs\":[\"https:\/\/www.facebook.com\/Ub\u00e1News-Carlos-Roberto-Sodr\u00e9-418778301977370\"]},{\"@type\":\"Person\",\"@id\":\"https:\/\/ubanews.com\/site\/#\/schema\/person\/d90c9e47252fbb63dcc969fe4c8b9d10\",\"name\":\"Sodr\u00e9\",\"image\":{\"@type\":\"ImageObject\",\"inLanguage\":\"pt-BR\",\"@id\":\"https:\/\/secure.gravatar.com\/avatar\/5ba2793f0590b9dbfad3fdec4ee714485b3eef211c9b32ee53d414060454a56c?s=96&d=mm&r=g\",\"url\":\"https:\/\/secure.gravatar.com\/avatar\/5ba2793f0590b9dbfad3fdec4ee714485b3eef211c9b32ee53d414060454a56c?s=96&d=mm&r=g\",\"contentUrl\":\"https:\/\/secure.gravatar.com\/avatar\/5ba2793f0590b9dbfad3fdec4ee714485b3eef211c9b32ee53d414060454a56c?s=96&d=mm&r=g\",\"caption\":\"Sodr\u00e9\"},\"sameAs\":[\"https:\/\/www.facebook.com\/carosroberto.sodre.5\/\"],\"url\":\"https:\/\/ubanews.com\/site\/author\/felipe\/\"}]}<\/script>\n<!-- \/ Yoast SEO plugin. -->","yoast_head_json":{"title":"Autom\u00f3vel em atitude suspeita, Pol\u00edcia Militar d\u00e1 ordem de parada e encontra drogas no interior do ve\u00edculo - Ub\u00e1 News","robots":{"index":"index","follow":"follow","max-snippet":"max-snippet:-1","max-image-preview":"max-image-preview:large","max-video-preview":"max-video-preview:-1"},"canonical":"https:\/\/ubanews.com\/site\/2018\/12\/03\/automovel-em-atitude-suspeita-policia-militar-da-ordem-de-parada-e-encontra-drogas-no-interior-do-veiculo\/","og_locale":"pt_BR","og_type":"article","og_title":"Autom\u00f3vel em atitude suspeita, Pol\u00edcia Militar d\u00e1 ordem de parada e encontra drogas no interior do ve\u00edculo - Ub\u00e1 News","og_description":"No dia 01 de Dezembro \u00e0s 20 horas e 38","og_url":"https:\/\/ubanews.com\/site\/2018\/12\/03\/automovel-em-atitude-suspeita-policia-militar-da-ordem-de-parada-e-encontra-drogas-no-interior-do-veiculo\/","og_site_name":"Ub\u00e1 News","article_publisher":"https:\/\/www.facebook.com\/Ub%c3%a1News-Carlos-Roberto-Sodr%c3%a9-418778301977370","article_author":"https:\/\/www.facebook.com\/carosroberto.sodre.5\/","article_published_time":"2018-12-03T12:33:02+00:00","og_image":[{"width":800,"height":389,"url":"https:\/\/ubanews.com\/site\/wp-content\/uploads\/2018\/12\/191.jpg","type":"image\/jpeg"}],"author":"Sodr\u00e9","twitter_card":"summary_large_image","twitter_misc":{"Escrito por":"Sodr\u00e9","Est. tempo de leitura":"2 minutos"},"schema":{"@context":"https:\/\/schema.org","@graph":[{"@type":"Article","@id":"https:\/\/ubanews.com\/site\/2018\/12\/03\/automovel-em-atitude-suspeita-policia-militar-da-ordem-de-parada-e-encontra-drogas-no-interior-do-veiculo\/#article","isPartOf":{"@id":"https:\/\/ubanews.com\/site\/2018\/12\/03\/automovel-em-atitude-suspeita-policia-militar-da-ordem-de-parada-e-encontra-drogas-no-interior-do-veiculo\/"},"author":{"name":"Sodr\u00e9","@id":"https:\/\/ubanews.com\/site\/#\/schema\/person\/d90c9e47252fbb63dcc969fe4c8b9d10"},"headline":"Autom\u00f3vel em atitude suspeita, Pol\u00edcia Militar d\u00e1 ordem de parada e encontra drogas no interior do ve\u00edculo","datePublished":"2018-12-03T12:33:02+00:00","mainEntityOfPage":{"@id":"https:\/\/ubanews.com\/site\/2018\/12\/03\/automovel-em-atitude-suspeita-policia-militar-da-ordem-de-parada-e-encontra-drogas-no-interior-do-veiculo\/"},"wordCount":391,"commentCount":0,"publisher":{"@id":"https:\/\/ubanews.com\/site\/#organization"},"image":{"@id":"https:\/\/ubanews.com\/site\/2018\/12\/03\/automovel-em-atitude-suspeita-policia-militar-da-ordem-de-parada-e-encontra-drogas-no-interior-do-veiculo\/#primaryimage"},"thumbnailUrl":"https:\/\/ubanews.com\/site\/wp-content\/uploads\/2018\/12\/191.jpg","articleSection":["S\u00edntese das Ocorr\u00eancias"],"inLanguage":"pt-BR","potentialAction":[{"@type":"CommentAction","name":"Comment","target":["https:\/\/ubanews.com\/site\/2018\/12\/03\/automovel-em-atitude-suspeita-policia-militar-da-ordem-de-parada-e-encontra-drogas-no-interior-do-veiculo\/#respond"]}]},{"@type":"WebPage","@id":"https:\/\/ubanews.com\/site\/2018\/12\/03\/automovel-em-atitude-suspeita-policia-militar-da-ordem-de-parada-e-encontra-drogas-no-interior-do-veiculo\/","url":"https:\/\/ubanews.com\/site\/2018\/12\/03\/automovel-em-atitude-suspeita-policia-militar-da-ordem-de-parada-e-encontra-drogas-no-interior-do-veiculo\/","name":"Autom\u00f3vel em atitude suspeita, Pol\u00edcia Militar d\u00e1 ordem de parada e encontra drogas no interior do ve\u00edculo - Ub\u00e1 News","isPartOf":{"@id":"https:\/\/ubanews.com\/site\/#website"},"primaryImageOfPage":{"@id":"https:\/\/ubanews.com\/site\/2018\/12\/03\/automovel-em-atitude-suspeita-policia-militar-da-ordem-de-parada-e-encontra-drogas-no-interior-do-veiculo\/#primaryimage"},"image":{"@id":"https:\/\/ubanews.com\/site\/2018\/12\/03\/automovel-em-atitude-suspeita-policia-militar-da-ordem-de-parada-e-encontra-drogas-no-interior-do-veiculo\/#primaryimage"},"thumbnailUrl":"https:\/\/ubanews.com\/site\/wp-content\/uploads\/2018\/12\/191.jpg","datePublished":"2018-12-03T12:33:02+00:00","breadcrumb":{"@id":"https:\/\/ubanews.com\/site\/2018\/12\/03\/automovel-em-atitude-suspeita-policia-militar-da-ordem-de-parada-e-encontra-drogas-no-interior-do-veiculo\/#breadcrumb"},"inLanguage":"pt-BR","potentialAction":[{"@type":"ReadAction","target":["https:\/\/ubanews.com\/site\/2018\/12\/03\/automovel-em-atitude-suspeita-policia-militar-da-ordem-de-parada-e-encontra-drogas-no-interior-do-veiculo\/"]}]},{"@type":"ImageObject","inLanguage":"pt-BR","@id":"https:\/\/ubanews.com\/site\/2018\/12\/03\/automovel-em-atitude-suspeita-policia-militar-da-ordem-de-parada-e-encontra-drogas-no-interior-do-veiculo\/#primaryimage","url":"https:\/\/ubanews.com\/site\/wp-content\/uploads\/2018\/12\/191.jpg","contentUrl":"https:\/\/ubanews.com\/site\/wp-content\/uploads\/2018\/12\/191.jpg","width":800,"height":389},{"@type":"BreadcrumbList","@id":"https:\/\/ubanews.com\/site\/2018\/12\/03\/automovel-em-atitude-suspeita-policia-militar-da-ordem-de-parada-e-encontra-drogas-no-interior-do-veiculo\/#breadcrumb","itemListElement":[{"@type":"ListItem","position":1,"name":"Home","item":"https:\/\/ubanews.com\/site\/"},{"@type":"ListItem","position":2,"name":"Autom\u00f3vel em atitude suspeita, Pol\u00edcia Militar d\u00e1 ordem de parada e encontra drogas no interior do ve\u00edculo"}]},{"@type":"WebSite","@id":"https:\/\/ubanews.com\/site\/#website","url":"https:\/\/ubanews.com\/site\/","name":"Ub\u00e1 News","description":"","publisher":{"@id":"https:\/\/ubanews.com\/site\/#organization"},"potentialAction":[{"@type":"SearchAction","target":{"@type":"EntryPoint","urlTemplate":"https:\/\/ubanews.com\/site\/?s={search_term_string}"},"query-input":{"@type":"PropertyValueSpecification","valueRequired":true,"valueName":"search_term_string"}}],"inLanguage":"pt-BR"},{"@type":"Organization","@id":"https:\/\/ubanews.com\/site\/#organization","name":"Ub\u00e1 News","url":"https:\/\/ubanews.com\/site\/","logo":{"@type":"ImageObject","inLanguage":"pt-BR","@id":"https:\/\/ubanews.com\/site\/#\/schema\/logo\/image\/","url":"https:\/\/ubanews.com\/site\/wp-content\/uploads\/2018\/01\/logoubanews.png","contentUrl":"https:\/\/ubanews.com\/site\/wp-content\/uploads\/2018\/01\/logoubanews.png","width":261,"height":99,"caption":"Ub\u00e1 News"},"image":{"@id":"https:\/\/ubanews.com\/site\/#\/schema\/logo\/image\/"},"sameAs":["https:\/\/www.facebook.com\/Ub\u00e1News-Carlos-Roberto-Sodr\u00e9-418778301977370"]},{"@type":"Person","@id":"https:\/\/ubanews.com\/site\/#\/schema\/person\/d90c9e47252fbb63dcc969fe4c8b9d10","name":"Sodr\u00e9","image":{"@type":"ImageObject","inLanguage":"pt-BR","@id":"https:\/\/secure.gravatar.com\/avatar\/5ba2793f0590b9dbfad3fdec4ee714485b3eef211c9b32ee53d414060454a56c?s=96&d=mm&r=g","url":"https:\/\/secure.gravatar.com\/avatar\/5ba2793f0590b9dbfad3fdec4ee714485b3eef211c9b32ee53d414060454a56c?s=96&d=mm&r=g","contentUrl":"https:\/\/secure.gravatar.com\/avatar\/5ba2793f0590b9dbfad3fdec4ee714485b3eef211c9b32ee53d414060454a56c?s=96&d=mm&r=g","caption":"Sodr\u00e9"},"sameAs":["https:\/\/www.facebook.com\/carosroberto.sodre.5\/"],"url":"https:\/\/ubanews.com\/site\/author\/felipe\/"}]}},"_links":{"self":[{"href":"https:\/\/ubanews.com\/site\/wp-json\/wp\/v2\/posts\/9502","targetHints":{"allow":["GET"]}}],"collection":[{"href":"https:\/\/ubanews.com\/site\/wp-json\/wp\/v2\/posts"}],"about":[{"href":"https:\/\/ubanews.com\/site\/wp-json\/wp\/v2\/types\/post"}],"author":[{"embeddable":true,"href":"https:\/\/ubanews.com\/site\/wp-json\/wp\/v2\/users\/2"}],"replies":[{"embeddable":true,"href":"https:\/\/ubanews.com\/site\/wp-json\/wp\/v2\/comments?post=9502"}],"version-history":[{"count":0,"href":"https:\/\/ubanews.com\/site\/wp-json\/wp\/v2\/posts\/9502\/revisions"}],"wp:featuredmedia":[{"embeddable":true,"href":"https:\/\/ubanews.com\/site\/wp-json\/wp\/v2\/media\/9503"}],"wp:attachment":[{"href":"https:\/\/ubanews.com\/site\/wp-json\/wp\/v2\/media?parent=9502"}],"wp:term":[{"taxonomy":"category","embeddable":true,"href":"https:\/\/ubanews.com\/site\/wp-json\/wp\/v2\/categories?post=9502"},{"taxonomy":"post_tag","embeddable":true,"href":"https:\/\/ubanews.com\/site\/wp-json\/wp\/v2\/tags?post=9502"}],"curies":[{"name":"wp","href":"https:\/\/api.w.org\/{rel}","templated":true}]}}