{"id":9368,"date":"2018-11-28T19:19:56","date_gmt":"2018-11-28T21:19:56","guid":{"rendered":"http:\/\/ubanews.com\/site\/?p=9368"},"modified":"2018-11-29T10:07:58","modified_gmt":"2018-11-29T12:07:58","slug":"policia-civil-desvenda-latrocinio-e-cumpre-mandados-de-prisao-em-sao-geraldo","status":"publish","type":"post","link":"https:\/\/ubanews.com\/site\/2018\/11\/28\/policia-civil-desvenda-latrocinio-e-cumpre-mandados-de-prisao-em-sao-geraldo\/","title":{"rendered":"Pol\u00edcia Civil desvenda latroc\u00ednio e cumpre mandados de pris\u00e3o em S\u00e3o Geraldo"},"content":{"rendered":"<p>A Pol\u00edcia Civil de Minas Gerais desvendou o latroc\u00ednio, roubo seguido de morte, ocorrido no dia 10 de setembro, na cidade de S\u00e3o Geraldo, que vitimou Geralda Tereza Franklin, de 71 anos. Ap\u00f3s investiga\u00e7\u00f5es, policiais civis de Visconde do Rio Branco e Piranga cumpriram, nesta quarta -feira (28), mandados de pris\u00e3o tempor\u00e1ria, expedidos em desfavor de quatro suspeitos, entre 21 e 26 anos.<\/p>\n<p>Conforme informa\u00e7\u00f5es do Delegado de Visconde do Rio Branco, Dr\u00ba&nbsp;Aldrey Toledo Ribeiro, ap\u00f3s dilig\u00eancias, o homem de 26 anos se apresentou hoje na Delegacia, acompanhado de um advogado. Os outros dois investigados, de 21 e 22 anos, tamb\u00e9m foram presos na cidade de Porto Firme e confessaram a pr\u00e1tica do crime. J\u00e1 o suspeito de 25 anos j\u00e1 se encontrava preso na cidade de Visconde do Rio Branco pela pr\u00e1tica de outro delito. \u201cNa oportunidade, foi dado cumprimento ainda a mandados de busca e apreens\u00e3o na resid\u00eancia dos autores, na cidade de Porto Firme, sendo apreendidos os celulares dos mesmos. Ap\u00f3s as cautelas de praxe, os autores foram encaminhados ao pres\u00eddio local, onde permanecem \u00e0 disposi\u00e7\u00e3o da Justi\u00e7a\u201d, informou.<\/p>\n<p>Ainda conforme a autoridade policial, o homem de 25 anos permaneceu em sil\u00eancio, j\u00e1 o suspeito de 26 anos negou envolvimento, mas as investiga\u00e7\u00f5es apontam que ele teria passado a informa\u00e7\u00e3o de que a v\u00edtima teria dinheiro em casa. \u201cO Inqu\u00e9rito Policial est\u00e1 em fase final de investiga\u00e7\u00e3o na Delegacia de Visconde do Rio Branco, aguardando o cumprimento de algumas dilig\u00eancias e juntada de laudos periciais\u201d, concluiu.<\/p>\n<p>Chefe do 4\u00ba Departamento de Juiz de Fora: Dr\u00ba Carlos Roberto da Silveira Costa<br \/>\nChefe do 13\u00ba Departamento de Barbacena: Dr\u00ba Alexandre Frederico<br \/>\nDelegado Regional \/ 2\u00aa DRPC UB\u00c1: Dr\u00ba Di\u00eago Candian Alve<br \/>\nDelegada Regional de Conselheiro Lafaiete: Dr\u00aa Patricia Teresinha Bianchete Leite<br \/>\nDelegado de VRB: Dr\u00ba Aldrey Toledo Ribeiro<br \/>\nDelegado de Piranga: Dr\u00aa Aline Cristine Gon\u00e7alves Costa<br \/>\nEquipe de VRB: Weslley Ribeiro de Oliveira Sales; Rafael Neves Silva; Jo\u00e3o Geraldo dos Santos; Marcos Vinicius Rodrigues Moreira; Gustavo Galv\u00e3o Martins de Deus; Hugo Elias de Lima Diniz; Andre Luiz Sabntos Dalpra e Jorge Chaves Miranda Junio<br \/>\nEscriv\u00e3 ad Hoc: Taynara Silva Antonucci<br \/>\nEquipe de Piranga: Felipe Fassheber Coelho; Thiago Ant\u00f4nio Marques; Joarley Marques de Almeida; Rafael Resende Cassimiro; Wagner Rezende Costa; Bernardo Milagres Brand\u00e3o de Oliveira<\/p>\n","protected":false},"excerpt":{"rendered":"<p>A Pol\u00edcia Civil de Minas Gerais desvendou o latroc\u00ednio, roubo<\/p>\n","protected":false},"author":2,"featured_media":9369,"comment_status":"open","ping_status":"open","sticky":false,"template":"","format":"standard","meta":{"footnotes":""},"categories":[13],"tags":[],"class_list":["post-9368","post","type-post","status-publish","format-standard","has-post-thumbnail","hentry","category-sintese-das-ocorrencias"],"yoast_head":"<!-- This site is optimized with the Yoast SEO plugin v27.2 - https:\/\/yoast.com\/product\/yoast-seo-wordpress\/ -->\n<title>Pol\u00edcia Civil desvenda latroc\u00ednio e cumpre mandados de pris\u00e3o em S\u00e3o Geraldo - Ub\u00e1 News<\/title>\n<meta name=\"robots\" content=\"index, follow, max-snippet:-1, max-image-preview:large, max-video-preview:-1\" \/>\n<link rel=\"canonical\" href=\"https:\/\/ubanews.com\/site\/2018\/11\/28\/policia-civil-desvenda-latrocinio-e-cumpre-mandados-de-prisao-em-sao-geraldo\/\" \/>\n<meta property=\"og:locale\" content=\"pt_BR\" \/>\n<meta property=\"og:type\" content=\"article\" \/>\n<meta property=\"og:title\" content=\"Pol\u00edcia Civil desvenda latroc\u00ednio e cumpre mandados de pris\u00e3o em S\u00e3o Geraldo - Ub\u00e1 News\" \/>\n<meta property=\"og:description\" content=\"A Pol\u00edcia Civil de Minas Gerais desvendou o latroc\u00ednio, roubo\" \/>\n<meta property=\"og:url\" content=\"https:\/\/ubanews.com\/site\/2018\/11\/28\/policia-civil-desvenda-latrocinio-e-cumpre-mandados-de-prisao-em-sao-geraldo\/\" \/>\n<meta property=\"og:site_name\" content=\"Ub\u00e1 News\" \/>\n<meta property=\"article:publisher\" content=\"https:\/\/www.facebook.com\/Ub%c3%a1News-Carlos-Roberto-Sodr%c3%a9-418778301977370\" \/>\n<meta property=\"article:author\" content=\"https:\/\/www.facebook.com\/carosroberto.sodre.5\/\" \/>\n<meta property=\"article:published_time\" content=\"2018-11-28T21:19:56+00:00\" \/>\n<meta property=\"article:modified_time\" content=\"2018-11-29T12:07:58+00:00\" \/>\n<meta property=\"og:image\" content=\"https:\/\/ubanews.com\/site\/wp-content\/uploads\/2018\/11\/WhatsApp-Image-2018-11-28-at-19.06.40.jpg\" \/>\n\t<meta property=\"og:image:width\" content=\"800\" \/>\n\t<meta property=\"og:image:height\" content=\"389\" \/>\n\t<meta property=\"og:image:type\" content=\"image\/jpeg\" \/>\n<meta name=\"author\" content=\"Sodr\u00e9\" \/>\n<meta name=\"twitter:card\" content=\"summary_large_image\" \/>\n<meta name=\"twitter:label1\" content=\"Escrito por\" \/>\n\t<meta name=\"twitter:data1\" content=\"Sodr\u00e9\" \/>\n\t<meta name=\"twitter:label2\" content=\"Est. tempo de leitura\" \/>\n\t<meta name=\"twitter:data2\" content=\"2 minutos\" \/>\n<script type=\"application\/ld+json\" class=\"yoast-schema-graph\">{\"@context\":\"https:\/\/schema.org\",\"@graph\":[{\"@type\":\"Article\",\"@id\":\"https:\/\/ubanews.com\/site\/2018\/11\/28\/policia-civil-desvenda-latrocinio-e-cumpre-mandados-de-prisao-em-sao-geraldo\/#article\",\"isPartOf\":{\"@id\":\"https:\/\/ubanews.com\/site\/2018\/11\/28\/policia-civil-desvenda-latrocinio-e-cumpre-mandados-de-prisao-em-sao-geraldo\/\"},\"author\":{\"name\":\"Sodr\u00e9\",\"@id\":\"https:\/\/ubanews.com\/site\/#\/schema\/person\/d90c9e47252fbb63dcc969fe4c8b9d10\"},\"headline\":\"Pol\u00edcia Civil desvenda latroc\u00ednio e cumpre mandados de pris\u00e3o em S\u00e3o Geraldo\",\"datePublished\":\"2018-11-28T21:19:56+00:00\",\"dateModified\":\"2018-11-29T12:07:58+00:00\",\"mainEntityOfPage\":{\"@id\":\"https:\/\/ubanews.com\/site\/2018\/11\/28\/policia-civil-desvenda-latrocinio-e-cumpre-mandados-de-prisao-em-sao-geraldo\/\"},\"wordCount\":409,\"commentCount\":0,\"publisher\":{\"@id\":\"https:\/\/ubanews.com\/site\/#organization\"},\"image\":{\"@id\":\"https:\/\/ubanews.com\/site\/2018\/11\/28\/policia-civil-desvenda-latrocinio-e-cumpre-mandados-de-prisao-em-sao-geraldo\/#primaryimage\"},\"thumbnailUrl\":\"https:\/\/ubanews.com\/site\/wp-content\/uploads\/2018\/11\/WhatsApp-Image-2018-11-28-at-19.06.40.jpg\",\"articleSection\":[\"S\u00edntese das Ocorr\u00eancias\"],\"inLanguage\":\"pt-BR\",\"potentialAction\":[{\"@type\":\"CommentAction\",\"name\":\"Comment\",\"target\":[\"https:\/\/ubanews.com\/site\/2018\/11\/28\/policia-civil-desvenda-latrocinio-e-cumpre-mandados-de-prisao-em-sao-geraldo\/#respond\"]}]},{\"@type\":\"WebPage\",\"@id\":\"https:\/\/ubanews.com\/site\/2018\/11\/28\/policia-civil-desvenda-latrocinio-e-cumpre-mandados-de-prisao-em-sao-geraldo\/\",\"url\":\"https:\/\/ubanews.com\/site\/2018\/11\/28\/policia-civil-desvenda-latrocinio-e-cumpre-mandados-de-prisao-em-sao-geraldo\/\",\"name\":\"Pol\u00edcia Civil desvenda latroc\u00ednio e cumpre mandados de pris\u00e3o em S\u00e3o Geraldo - Ub\u00e1 News\",\"isPartOf\":{\"@id\":\"https:\/\/ubanews.com\/site\/#website\"},\"primaryImageOfPage\":{\"@id\":\"https:\/\/ubanews.com\/site\/2018\/11\/28\/policia-civil-desvenda-latrocinio-e-cumpre-mandados-de-prisao-em-sao-geraldo\/#primaryimage\"},\"image\":{\"@id\":\"https:\/\/ubanews.com\/site\/2018\/11\/28\/policia-civil-desvenda-latrocinio-e-cumpre-mandados-de-prisao-em-sao-geraldo\/#primaryimage\"},\"thumbnailUrl\":\"https:\/\/ubanews.com\/site\/wp-content\/uploads\/2018\/11\/WhatsApp-Image-2018-11-28-at-19.06.40.jpg\",\"datePublished\":\"2018-11-28T21:19:56+00:00\",\"dateModified\":\"2018-11-29T12:07:58+00:00\",\"breadcrumb\":{\"@id\":\"https:\/\/ubanews.com\/site\/2018\/11\/28\/policia-civil-desvenda-latrocinio-e-cumpre-mandados-de-prisao-em-sao-geraldo\/#breadcrumb\"},\"inLanguage\":\"pt-BR\",\"potentialAction\":[{\"@type\":\"ReadAction\",\"target\":[\"https:\/\/ubanews.com\/site\/2018\/11\/28\/policia-civil-desvenda-latrocinio-e-cumpre-mandados-de-prisao-em-sao-geraldo\/\"]}]},{\"@type\":\"ImageObject\",\"inLanguage\":\"pt-BR\",\"@id\":\"https:\/\/ubanews.com\/site\/2018\/11\/28\/policia-civil-desvenda-latrocinio-e-cumpre-mandados-de-prisao-em-sao-geraldo\/#primaryimage\",\"url\":\"https:\/\/ubanews.com\/site\/wp-content\/uploads\/2018\/11\/WhatsApp-Image-2018-11-28-at-19.06.40.jpg\",\"contentUrl\":\"https:\/\/ubanews.com\/site\/wp-content\/uploads\/2018\/11\/WhatsApp-Image-2018-11-28-at-19.06.40.jpg\",\"width\":800,\"height\":389},{\"@type\":\"BreadcrumbList\",\"@id\":\"https:\/\/ubanews.com\/site\/2018\/11\/28\/policia-civil-desvenda-latrocinio-e-cumpre-mandados-de-prisao-em-sao-geraldo\/#breadcrumb\",\"itemListElement\":[{\"@type\":\"ListItem\",\"position\":1,\"name\":\"Home\",\"item\":\"https:\/\/ubanews.com\/site\/\"},{\"@type\":\"ListItem\",\"position\":2,\"name\":\"Pol\u00edcia Civil desvenda latroc\u00ednio e cumpre mandados de pris\u00e3o em S\u00e3o Geraldo\"}]},{\"@type\":\"WebSite\",\"@id\":\"https:\/\/ubanews.com\/site\/#website\",\"url\":\"https:\/\/ubanews.com\/site\/\",\"name\":\"Ub\u00e1 News\",\"description\":\"\",\"publisher\":{\"@id\":\"https:\/\/ubanews.com\/site\/#organization\"},\"potentialAction\":[{\"@type\":\"SearchAction\",\"target\":{\"@type\":\"EntryPoint\",\"urlTemplate\":\"https:\/\/ubanews.com\/site\/?s={search_term_string}\"},\"query-input\":{\"@type\":\"PropertyValueSpecification\",\"valueRequired\":true,\"valueName\":\"search_term_string\"}}],\"inLanguage\":\"pt-BR\"},{\"@type\":\"Organization\",\"@id\":\"https:\/\/ubanews.com\/site\/#organization\",\"name\":\"Ub\u00e1 News\",\"url\":\"https:\/\/ubanews.com\/site\/\",\"logo\":{\"@type\":\"ImageObject\",\"inLanguage\":\"pt-BR\",\"@id\":\"https:\/\/ubanews.com\/site\/#\/schema\/logo\/image\/\",\"url\":\"https:\/\/ubanews.com\/site\/wp-content\/uploads\/2018\/01\/logoubanews.png\",\"contentUrl\":\"https:\/\/ubanews.com\/site\/wp-content\/uploads\/2018\/01\/logoubanews.png\",\"width\":261,\"height\":99,\"caption\":\"Ub\u00e1 News\"},\"image\":{\"@id\":\"https:\/\/ubanews.com\/site\/#\/schema\/logo\/image\/\"},\"sameAs\":[\"https:\/\/www.facebook.com\/Ub\u00e1News-Carlos-Roberto-Sodr\u00e9-418778301977370\"]},{\"@type\":\"Person\",\"@id\":\"https:\/\/ubanews.com\/site\/#\/schema\/person\/d90c9e47252fbb63dcc969fe4c8b9d10\",\"name\":\"Sodr\u00e9\",\"image\":{\"@type\":\"ImageObject\",\"inLanguage\":\"pt-BR\",\"@id\":\"https:\/\/secure.gravatar.com\/avatar\/5ba2793f0590b9dbfad3fdec4ee714485b3eef211c9b32ee53d414060454a56c?s=96&d=mm&r=g\",\"url\":\"https:\/\/secure.gravatar.com\/avatar\/5ba2793f0590b9dbfad3fdec4ee714485b3eef211c9b32ee53d414060454a56c?s=96&d=mm&r=g\",\"contentUrl\":\"https:\/\/secure.gravatar.com\/avatar\/5ba2793f0590b9dbfad3fdec4ee714485b3eef211c9b32ee53d414060454a56c?s=96&d=mm&r=g\",\"caption\":\"Sodr\u00e9\"},\"sameAs\":[\"https:\/\/www.facebook.com\/carosroberto.sodre.5\/\"],\"url\":\"https:\/\/ubanews.com\/site\/author\/felipe\/\"}]}<\/script>\n<!-- \/ Yoast SEO plugin. -->","yoast_head_json":{"title":"Pol\u00edcia Civil desvenda latroc\u00ednio e cumpre mandados de pris\u00e3o em S\u00e3o Geraldo - Ub\u00e1 News","robots":{"index":"index","follow":"follow","max-snippet":"max-snippet:-1","max-image-preview":"max-image-preview:large","max-video-preview":"max-video-preview:-1"},"canonical":"https:\/\/ubanews.com\/site\/2018\/11\/28\/policia-civil-desvenda-latrocinio-e-cumpre-mandados-de-prisao-em-sao-geraldo\/","og_locale":"pt_BR","og_type":"article","og_title":"Pol\u00edcia Civil desvenda latroc\u00ednio e cumpre mandados de pris\u00e3o em S\u00e3o Geraldo - Ub\u00e1 News","og_description":"A Pol\u00edcia Civil de Minas Gerais desvendou o latroc\u00ednio, roubo","og_url":"https:\/\/ubanews.com\/site\/2018\/11\/28\/policia-civil-desvenda-latrocinio-e-cumpre-mandados-de-prisao-em-sao-geraldo\/","og_site_name":"Ub\u00e1 News","article_publisher":"https:\/\/www.facebook.com\/Ub%c3%a1News-Carlos-Roberto-Sodr%c3%a9-418778301977370","article_author":"https:\/\/www.facebook.com\/carosroberto.sodre.5\/","article_published_time":"2018-11-28T21:19:56+00:00","article_modified_time":"2018-11-29T12:07:58+00:00","og_image":[{"width":800,"height":389,"url":"https:\/\/ubanews.com\/site\/wp-content\/uploads\/2018\/11\/WhatsApp-Image-2018-11-28-at-19.06.40.jpg","type":"image\/jpeg"}],"author":"Sodr\u00e9","twitter_card":"summary_large_image","twitter_misc":{"Escrito por":"Sodr\u00e9","Est. tempo de leitura":"2 minutos"},"schema":{"@context":"https:\/\/schema.org","@graph":[{"@type":"Article","@id":"https:\/\/ubanews.com\/site\/2018\/11\/28\/policia-civil-desvenda-latrocinio-e-cumpre-mandados-de-prisao-em-sao-geraldo\/#article","isPartOf":{"@id":"https:\/\/ubanews.com\/site\/2018\/11\/28\/policia-civil-desvenda-latrocinio-e-cumpre-mandados-de-prisao-em-sao-geraldo\/"},"author":{"name":"Sodr\u00e9","@id":"https:\/\/ubanews.com\/site\/#\/schema\/person\/d90c9e47252fbb63dcc969fe4c8b9d10"},"headline":"Pol\u00edcia Civil desvenda latroc\u00ednio e cumpre mandados de pris\u00e3o em S\u00e3o Geraldo","datePublished":"2018-11-28T21:19:56+00:00","dateModified":"2018-11-29T12:07:58+00:00","mainEntityOfPage":{"@id":"https:\/\/ubanews.com\/site\/2018\/11\/28\/policia-civil-desvenda-latrocinio-e-cumpre-mandados-de-prisao-em-sao-geraldo\/"},"wordCount":409,"commentCount":0,"publisher":{"@id":"https:\/\/ubanews.com\/site\/#organization"},"image":{"@id":"https:\/\/ubanews.com\/site\/2018\/11\/28\/policia-civil-desvenda-latrocinio-e-cumpre-mandados-de-prisao-em-sao-geraldo\/#primaryimage"},"thumbnailUrl":"https:\/\/ubanews.com\/site\/wp-content\/uploads\/2018\/11\/WhatsApp-Image-2018-11-28-at-19.06.40.jpg","articleSection":["S\u00edntese das Ocorr\u00eancias"],"inLanguage":"pt-BR","potentialAction":[{"@type":"CommentAction","name":"Comment","target":["https:\/\/ubanews.com\/site\/2018\/11\/28\/policia-civil-desvenda-latrocinio-e-cumpre-mandados-de-prisao-em-sao-geraldo\/#respond"]}]},{"@type":"WebPage","@id":"https:\/\/ubanews.com\/site\/2018\/11\/28\/policia-civil-desvenda-latrocinio-e-cumpre-mandados-de-prisao-em-sao-geraldo\/","url":"https:\/\/ubanews.com\/site\/2018\/11\/28\/policia-civil-desvenda-latrocinio-e-cumpre-mandados-de-prisao-em-sao-geraldo\/","name":"Pol\u00edcia Civil desvenda latroc\u00ednio e cumpre mandados de pris\u00e3o em S\u00e3o Geraldo - Ub\u00e1 News","isPartOf":{"@id":"https:\/\/ubanews.com\/site\/#website"},"primaryImageOfPage":{"@id":"https:\/\/ubanews.com\/site\/2018\/11\/28\/policia-civil-desvenda-latrocinio-e-cumpre-mandados-de-prisao-em-sao-geraldo\/#primaryimage"},"image":{"@id":"https:\/\/ubanews.com\/site\/2018\/11\/28\/policia-civil-desvenda-latrocinio-e-cumpre-mandados-de-prisao-em-sao-geraldo\/#primaryimage"},"thumbnailUrl":"https:\/\/ubanews.com\/site\/wp-content\/uploads\/2018\/11\/WhatsApp-Image-2018-11-28-at-19.06.40.jpg","datePublished":"2018-11-28T21:19:56+00:00","dateModified":"2018-11-29T12:07:58+00:00","breadcrumb":{"@id":"https:\/\/ubanews.com\/site\/2018\/11\/28\/policia-civil-desvenda-latrocinio-e-cumpre-mandados-de-prisao-em-sao-geraldo\/#breadcrumb"},"inLanguage":"pt-BR","potentialAction":[{"@type":"ReadAction","target":["https:\/\/ubanews.com\/site\/2018\/11\/28\/policia-civil-desvenda-latrocinio-e-cumpre-mandados-de-prisao-em-sao-geraldo\/"]}]},{"@type":"ImageObject","inLanguage":"pt-BR","@id":"https:\/\/ubanews.com\/site\/2018\/11\/28\/policia-civil-desvenda-latrocinio-e-cumpre-mandados-de-prisao-em-sao-geraldo\/#primaryimage","url":"https:\/\/ubanews.com\/site\/wp-content\/uploads\/2018\/11\/WhatsApp-Image-2018-11-28-at-19.06.40.jpg","contentUrl":"https:\/\/ubanews.com\/site\/wp-content\/uploads\/2018\/11\/WhatsApp-Image-2018-11-28-at-19.06.40.jpg","width":800,"height":389},{"@type":"BreadcrumbList","@id":"https:\/\/ubanews.com\/site\/2018\/11\/28\/policia-civil-desvenda-latrocinio-e-cumpre-mandados-de-prisao-em-sao-geraldo\/#breadcrumb","itemListElement":[{"@type":"ListItem","position":1,"name":"Home","item":"https:\/\/ubanews.com\/site\/"},{"@type":"ListItem","position":2,"name":"Pol\u00edcia Civil desvenda latroc\u00ednio e cumpre mandados de pris\u00e3o em S\u00e3o Geraldo"}]},{"@type":"WebSite","@id":"https:\/\/ubanews.com\/site\/#website","url":"https:\/\/ubanews.com\/site\/","name":"Ub\u00e1 News","description":"","publisher":{"@id":"https:\/\/ubanews.com\/site\/#organization"},"potentialAction":[{"@type":"SearchAction","target":{"@type":"EntryPoint","urlTemplate":"https:\/\/ubanews.com\/site\/?s={search_term_string}"},"query-input":{"@type":"PropertyValueSpecification","valueRequired":true,"valueName":"search_term_string"}}],"inLanguage":"pt-BR"},{"@type":"Organization","@id":"https:\/\/ubanews.com\/site\/#organization","name":"Ub\u00e1 News","url":"https:\/\/ubanews.com\/site\/","logo":{"@type":"ImageObject","inLanguage":"pt-BR","@id":"https:\/\/ubanews.com\/site\/#\/schema\/logo\/image\/","url":"https:\/\/ubanews.com\/site\/wp-content\/uploads\/2018\/01\/logoubanews.png","contentUrl":"https:\/\/ubanews.com\/site\/wp-content\/uploads\/2018\/01\/logoubanews.png","width":261,"height":99,"caption":"Ub\u00e1 News"},"image":{"@id":"https:\/\/ubanews.com\/site\/#\/schema\/logo\/image\/"},"sameAs":["https:\/\/www.facebook.com\/Ub\u00e1News-Carlos-Roberto-Sodr\u00e9-418778301977370"]},{"@type":"Person","@id":"https:\/\/ubanews.com\/site\/#\/schema\/person\/d90c9e47252fbb63dcc969fe4c8b9d10","name":"Sodr\u00e9","image":{"@type":"ImageObject","inLanguage":"pt-BR","@id":"https:\/\/secure.gravatar.com\/avatar\/5ba2793f0590b9dbfad3fdec4ee714485b3eef211c9b32ee53d414060454a56c?s=96&d=mm&r=g","url":"https:\/\/secure.gravatar.com\/avatar\/5ba2793f0590b9dbfad3fdec4ee714485b3eef211c9b32ee53d414060454a56c?s=96&d=mm&r=g","contentUrl":"https:\/\/secure.gravatar.com\/avatar\/5ba2793f0590b9dbfad3fdec4ee714485b3eef211c9b32ee53d414060454a56c?s=96&d=mm&r=g","caption":"Sodr\u00e9"},"sameAs":["https:\/\/www.facebook.com\/carosroberto.sodre.5\/"],"url":"https:\/\/ubanews.com\/site\/author\/felipe\/"}]}},"_links":{"self":[{"href":"https:\/\/ubanews.com\/site\/wp-json\/wp\/v2\/posts\/9368","targetHints":{"allow":["GET"]}}],"collection":[{"href":"https:\/\/ubanews.com\/site\/wp-json\/wp\/v2\/posts"}],"about":[{"href":"https:\/\/ubanews.com\/site\/wp-json\/wp\/v2\/types\/post"}],"author":[{"embeddable":true,"href":"https:\/\/ubanews.com\/site\/wp-json\/wp\/v2\/users\/2"}],"replies":[{"embeddable":true,"href":"https:\/\/ubanews.com\/site\/wp-json\/wp\/v2\/comments?post=9368"}],"version-history":[{"count":0,"href":"https:\/\/ubanews.com\/site\/wp-json\/wp\/v2\/posts\/9368\/revisions"}],"wp:featuredmedia":[{"embeddable":true,"href":"https:\/\/ubanews.com\/site\/wp-json\/wp\/v2\/media\/9369"}],"wp:attachment":[{"href":"https:\/\/ubanews.com\/site\/wp-json\/wp\/v2\/media?parent=9368"}],"wp:term":[{"taxonomy":"category","embeddable":true,"href":"https:\/\/ubanews.com\/site\/wp-json\/wp\/v2\/categories?post=9368"},{"taxonomy":"post_tag","embeddable":true,"href":"https:\/\/ubanews.com\/site\/wp-json\/wp\/v2\/tags?post=9368"}],"curies":[{"name":"wp","href":"https:\/\/api.w.org\/{rel}","templated":true}]}}