{"id":9315,"date":"2018-11-26T11:45:27","date_gmt":"2018-11-26T13:45:27","guid":{"rendered":"http:\/\/ubanews.com\/site\/?p=9315"},"modified":"2018-11-26T11:45:27","modified_gmt":"2018-11-26T13:45:27","slug":"policia-militar-registra-varios-furtos-e-roubos-na-regiao","status":"publish","type":"post","link":"https:\/\/ubanews.com\/site\/2018\/11\/26\/policia-militar-registra-varios-furtos-e-roubos-na-regiao\/","title":{"rendered":"Pol\u00edcia Militar registra v\u00e1rios furtos e roubos na regi\u00e3o"},"content":{"rendered":"<p><strong>VISCONDE DO RIO BRANCO<\/strong><\/p>\n<p>No dia 23 de Novembro \u00e0s 09 horas e 30 minutos, na Rua D, s\/n Bairro Rancho Verde 3, &nbsp;a Pol\u00edcia Militar foi procurada pela v\u00edtima um homem de 26 anos, este que relatou o seguinte fato: Que deixou sua motocicleta estacionada na porta de sua resid\u00eancia com a chave na igni\u00e7\u00e3o e com capacete no retrovisor, ao retornar o ve\u00edculo n\u00e3o se encontrava mais no local.<\/p>\n<p>Ve\u00edculo furtado: Honda CG Titan 160 EX, 2017, preta, PZT-2062, Visconde do Rio Branco \/ MG.<\/p>\n<p>Foi realizado rastreamentos pela Pol\u00edcia Militar, por\u00e9m sem \u00eaxito , rastreamento continuam no sentido de prender os autores do furto e recuperar o bem do propriet\u00e1rio.<strong>&nbsp; &nbsp; &nbsp; &nbsp;<\/strong><\/p>\n<p><strong>VISCONDE DO RIO BRANCO<\/strong><\/p>\n<p>No dia 23 \u00e0s 16 horas e 02 minutos na&nbsp; Rua Avelino Cardoso, Bairro Piedade, a v\u00edtima, um homem de 49 anos relatou que foi assaltado em seu estabelecimento comercial. Relatou que dois indiv\u00edduos chegaram em uma motocicleta preta um deles desembarcou, de posse de uma arma de fogo anunciou o assalto. Foram levados R$280,00 e o celular do propriet\u00e1rio. Autor evadiu, tomando rumo ignorado.<\/p>\n<p>Foi realizado rastreamentos com intuito de localizar os autores do crime, por\u00e9m n\u00e3o foram localizados, rastreamentos continuam no sentido de prender os autores do crime<\/p>\n<p><strong>UB\u00c1<\/strong><\/p>\n<p>No dia 23 \u00e0s 23 horas e 21 minutos, na Rua Quinze de Novembro, s\/n, no Bairro Centro, a Pol\u00edcia Militar foi acionada pela v\u00edtima, um homem de 21 anos, relatou que transitava pelo local quando foi abordado por dois indiv\u00edduos negros, magros, de aproximadamente 1,76cm de altura, ambos trajando bermuda preta e blusa de frio preta, sendo que um deles estava com um capacete branco e o outro com uma touca, ambos armados com arma de fogo, mediante viol\u00eancia e graves amea\u00e7as, subtra\u00edram da v\u00edtima uma motocicleta HONDA CG 125, COR PRETA, PLACA GRU 6945, ano 1988, um aparelho celular moto G3, dois capacetes e logo em seguida evadiram rumo centro da cidade.<\/p>\n<p>Foi feito o rastreamento, porem at\u00e9 o presente momento sem mais informa\u00e7\u00f5es, rastreamento continuam com objetivo de prender os autores do crime e recuperar o bem do propriet\u00e1rio.<\/p>\n<p><strong>RODEIRO<\/strong><\/p>\n<p>No dia 24 \u00e0s 17 horas e 49 minutos na Rua Sebasti\u00e3o Contin no Bairro Novo Horizonte, &nbsp;a Pol\u00edcia Militar foi acionada pela v\u00edtima que relatou que estacionou seu ve\u00edculo Yamaha XTZ 125K, azul, 2088, placa GZZ-9806 de Cataguases\/MG, e ao chegar no local n\u00e3o mais a encontrou.<\/p>\n<p>Rastreamentos foram realizados contudo n\u00e3o obteve \u00eaxito, rastreamentos continuam no sentido de recuperar o bem e prender os autores do crime.<\/p>\n<p><strong>UB\u00c1<\/strong><\/p>\n<p>No dia 25 \u00e0s 23 horas e 08 minutos, na Av. Cristiano Ro\u00e7\u00e2s, no Centro, a v\u00edtima um homem de 59 anos, relatou \u00e0 Pol\u00edcia Militar, que por volta das 21hrs, deixou seu ve\u00edculo motocicleta marca Yamaha, modelo Fazer YS 250, cor vermelha, ano 2010, placa HLD-1831 Visconde do Rio Branco MG, estacionado.<\/p>\n<p>Ao retornar, notou que ela havia sido furtada. Rastreamentos foram realizados por\u00e9m sem \u00eaxito at\u00e9 o momento, rastreamentos continuam no sentido de recuperar o ve\u00edculo<strong>.<\/strong><\/p>\n<p><strong>VISCONDE DO RIO BRANCO <\/strong><strong>ROUBO<\/strong><\/p>\n<p>No dia 25 \u00e0s 20 horas e 31 minutos, na Rua Dr. Joao Batista no Centro , a v\u00edtima um homem de 22 anos procurou a Pol\u00edcia Militar e relatou que que ao chegar em sua casa parou sua motocicleta Honda Broz 160, de cor preta, placa kwl-5042, ocasi\u00e3o que dois indiv\u00edduos lhe abordou e um deles de revolver em punho anunciou o roubo, um deles estava de blusa comprida de cor preta e um bon\u00e9 de cor azul.<\/p>\n<p>A Pol\u00edcia Militar realizou rastreamento, o veiculo foi localizado pr\u00f3ximo ao local vez que o alarme disparou, no entanto os autores levaram seu capacete e a chave da motocicleta. Os autores n\u00e3o foram localizados, rastreamentos continuam no sentido de prender os autores do crime.<\/p>\n<p><strong>ASTOLFO DUTRA<\/strong><\/p>\n<p>No dia 25 \u00e0s 23 horas e 20 minutos, na Rodovia LMG 850, KM 20, a Pol\u00edcia Militar foi acionada pela v\u00edtima um homem de 35 anos, que relatou o seguinte fato: Ao passar pelo viaduto do distrito de Sobral Pinto,na MG-285 com LMg-850, na condu\u00e7\u00e3o do ve\u00edculo Fiat UNO,PLACA,OPF.6657, Distrito de Sobral Pinto, foi abordado por dois indiv\u00edduos a p\u00e9, que estavam escondidos na vegeta\u00e7\u00e3o, ao parar para retirar uma pe\u00e7a de madeira sobre a pista de rolamento, foi surpreendido pelos autores apontado uma arma, tipo rev\u00f3lver, lhe ordenando que entregasse o ve\u00edculo. Os autores tomou rumo ignorado.<\/p>\n<p>Rastreamento realizado e at\u00e9 o momento sem \u00eaxito.<\/p>\n<p>Os rastreamentos continuam com objetivo de prender os autores do crime e recuperar o bem do cidad\u00e3o.<\/p>\n<div><span style=\"font-family: 'Arial','sans-serif';\"><span style=\"font-size: large;\"><b>ASSESSORIA DE COMUNICA\u00c7\u00c3O ORGANIZACIONAL<\/b><\/span><i><b><br \/>\n<\/b><\/i><\/span><\/div>\n<p><strong><span style=\"font-family: 'Arial','sans-serif';\"><i>Vig\u00e9simo Primeiro Batalh\u00e3o de Pol\u00edcia Militar.<\/i><\/span><\/strong><\/p>\n","protected":false},"excerpt":{"rendered":"<p>VISCONDE DO RIO BRANCO No dia 23 de Novembro \u00e0s<\/p>\n","protected":false},"author":2,"featured_media":5764,"comment_status":"open","ping_status":"open","sticky":false,"template":"","format":"standard","meta":{"footnotes":""},"categories":[13],"tags":[],"class_list":["post-9315","post","type-post","status-publish","format-standard","has-post-thumbnail","hentry","category-sintese-das-ocorrencias"],"yoast_head":"<!-- This site is optimized with the Yoast SEO plugin v27.2 - https:\/\/yoast.com\/product\/yoast-seo-wordpress\/ -->\n<title>Pol\u00edcia Militar registra v\u00e1rios furtos e roubos na regi\u00e3o - Ub\u00e1 News<\/title>\n<meta name=\"robots\" content=\"index, follow, max-snippet:-1, max-image-preview:large, max-video-preview:-1\" \/>\n<link rel=\"canonical\" href=\"https:\/\/ubanews.com\/site\/2018\/11\/26\/policia-militar-registra-varios-furtos-e-roubos-na-regiao\/\" \/>\n<meta property=\"og:locale\" content=\"pt_BR\" \/>\n<meta property=\"og:type\" content=\"article\" \/>\n<meta property=\"og:title\" content=\"Pol\u00edcia Militar registra v\u00e1rios furtos e roubos na regi\u00e3o - Ub\u00e1 News\" \/>\n<meta property=\"og:description\" content=\"VISCONDE DO RIO BRANCO No dia 23 de Novembro \u00e0s\" \/>\n<meta property=\"og:url\" content=\"https:\/\/ubanews.com\/site\/2018\/11\/26\/policia-militar-registra-varios-furtos-e-roubos-na-regiao\/\" \/>\n<meta property=\"og:site_name\" content=\"Ub\u00e1 News\" \/>\n<meta property=\"article:publisher\" content=\"https:\/\/www.facebook.com\/Ub%c3%a1News-Carlos-Roberto-Sodr%c3%a9-418778301977370\" \/>\n<meta property=\"article:author\" content=\"https:\/\/www.facebook.com\/carosroberto.sodre.5\/\" \/>\n<meta property=\"article:published_time\" content=\"2018-11-26T13:45:27+00:00\" \/>\n<meta property=\"og:image\" content=\"https:\/\/ubanews.com\/site\/wp-content\/uploads\/2018\/07\/giroflex-policia.jpg\" \/>\n\t<meta property=\"og:image:width\" content=\"800\" \/>\n\t<meta property=\"og:image:height\" content=\"389\" \/>\n\t<meta property=\"og:image:type\" content=\"image\/jpeg\" \/>\n<meta name=\"author\" content=\"Sodr\u00e9\" \/>\n<meta name=\"twitter:card\" content=\"summary_large_image\" \/>\n<meta name=\"twitter:label1\" content=\"Escrito por\" \/>\n\t<meta name=\"twitter:data1\" content=\"Sodr\u00e9\" \/>\n\t<meta name=\"twitter:label2\" content=\"Est. tempo de leitura\" \/>\n\t<meta name=\"twitter:data2\" content=\"4 minutos\" \/>\n<script type=\"application\/ld+json\" class=\"yoast-schema-graph\">{\"@context\":\"https:\/\/schema.org\",\"@graph\":[{\"@type\":\"Article\",\"@id\":\"https:\/\/ubanews.com\/site\/2018\/11\/26\/policia-militar-registra-varios-furtos-e-roubos-na-regiao\/#article\",\"isPartOf\":{\"@id\":\"https:\/\/ubanews.com\/site\/2018\/11\/26\/policia-militar-registra-varios-furtos-e-roubos-na-regiao\/\"},\"author\":{\"name\":\"Sodr\u00e9\",\"@id\":\"https:\/\/ubanews.com\/site\/#\/schema\/person\/d90c9e47252fbb63dcc969fe4c8b9d10\"},\"headline\":\"Pol\u00edcia Militar registra v\u00e1rios furtos e roubos na regi\u00e3o\",\"datePublished\":\"2018-11-26T13:45:27+00:00\",\"mainEntityOfPage\":{\"@id\":\"https:\/\/ubanews.com\/site\/2018\/11\/26\/policia-militar-registra-varios-furtos-e-roubos-na-regiao\/\"},\"wordCount\":802,\"commentCount\":0,\"publisher\":{\"@id\":\"https:\/\/ubanews.com\/site\/#organization\"},\"image\":{\"@id\":\"https:\/\/ubanews.com\/site\/2018\/11\/26\/policia-militar-registra-varios-furtos-e-roubos-na-regiao\/#primaryimage\"},\"thumbnailUrl\":\"https:\/\/ubanews.com\/site\/wp-content\/uploads\/2018\/07\/giroflex-policia.jpg\",\"articleSection\":[\"S\u00edntese das Ocorr\u00eancias\"],\"inLanguage\":\"pt-BR\",\"potentialAction\":[{\"@type\":\"CommentAction\",\"name\":\"Comment\",\"target\":[\"https:\/\/ubanews.com\/site\/2018\/11\/26\/policia-militar-registra-varios-furtos-e-roubos-na-regiao\/#respond\"]}]},{\"@type\":\"WebPage\",\"@id\":\"https:\/\/ubanews.com\/site\/2018\/11\/26\/policia-militar-registra-varios-furtos-e-roubos-na-regiao\/\",\"url\":\"https:\/\/ubanews.com\/site\/2018\/11\/26\/policia-militar-registra-varios-furtos-e-roubos-na-regiao\/\",\"name\":\"Pol\u00edcia Militar registra v\u00e1rios furtos e roubos na regi\u00e3o - Ub\u00e1 News\",\"isPartOf\":{\"@id\":\"https:\/\/ubanews.com\/site\/#website\"},\"primaryImageOfPage\":{\"@id\":\"https:\/\/ubanews.com\/site\/2018\/11\/26\/policia-militar-registra-varios-furtos-e-roubos-na-regiao\/#primaryimage\"},\"image\":{\"@id\":\"https:\/\/ubanews.com\/site\/2018\/11\/26\/policia-militar-registra-varios-furtos-e-roubos-na-regiao\/#primaryimage\"},\"thumbnailUrl\":\"https:\/\/ubanews.com\/site\/wp-content\/uploads\/2018\/07\/giroflex-policia.jpg\",\"datePublished\":\"2018-11-26T13:45:27+00:00\",\"breadcrumb\":{\"@id\":\"https:\/\/ubanews.com\/site\/2018\/11\/26\/policia-militar-registra-varios-furtos-e-roubos-na-regiao\/#breadcrumb\"},\"inLanguage\":\"pt-BR\",\"potentialAction\":[{\"@type\":\"ReadAction\",\"target\":[\"https:\/\/ubanews.com\/site\/2018\/11\/26\/policia-militar-registra-varios-furtos-e-roubos-na-regiao\/\"]}]},{\"@type\":\"ImageObject\",\"inLanguage\":\"pt-BR\",\"@id\":\"https:\/\/ubanews.com\/site\/2018\/11\/26\/policia-militar-registra-varios-furtos-e-roubos-na-regiao\/#primaryimage\",\"url\":\"https:\/\/ubanews.com\/site\/wp-content\/uploads\/2018\/07\/giroflex-policia.jpg\",\"contentUrl\":\"https:\/\/ubanews.com\/site\/wp-content\/uploads\/2018\/07\/giroflex-policia.jpg\",\"width\":800,\"height\":389},{\"@type\":\"BreadcrumbList\",\"@id\":\"https:\/\/ubanews.com\/site\/2018\/11\/26\/policia-militar-registra-varios-furtos-e-roubos-na-regiao\/#breadcrumb\",\"itemListElement\":[{\"@type\":\"ListItem\",\"position\":1,\"name\":\"Home\",\"item\":\"https:\/\/ubanews.com\/site\/\"},{\"@type\":\"ListItem\",\"position\":2,\"name\":\"Pol\u00edcia Militar registra v\u00e1rios furtos e roubos na regi\u00e3o\"}]},{\"@type\":\"WebSite\",\"@id\":\"https:\/\/ubanews.com\/site\/#website\",\"url\":\"https:\/\/ubanews.com\/site\/\",\"name\":\"Ub\u00e1 News\",\"description\":\"\",\"publisher\":{\"@id\":\"https:\/\/ubanews.com\/site\/#organization\"},\"potentialAction\":[{\"@type\":\"SearchAction\",\"target\":{\"@type\":\"EntryPoint\",\"urlTemplate\":\"https:\/\/ubanews.com\/site\/?s={search_term_string}\"},\"query-input\":{\"@type\":\"PropertyValueSpecification\",\"valueRequired\":true,\"valueName\":\"search_term_string\"}}],\"inLanguage\":\"pt-BR\"},{\"@type\":\"Organization\",\"@id\":\"https:\/\/ubanews.com\/site\/#organization\",\"name\":\"Ub\u00e1 News\",\"url\":\"https:\/\/ubanews.com\/site\/\",\"logo\":{\"@type\":\"ImageObject\",\"inLanguage\":\"pt-BR\",\"@id\":\"https:\/\/ubanews.com\/site\/#\/schema\/logo\/image\/\",\"url\":\"https:\/\/ubanews.com\/site\/wp-content\/uploads\/2018\/01\/logoubanews.png\",\"contentUrl\":\"https:\/\/ubanews.com\/site\/wp-content\/uploads\/2018\/01\/logoubanews.png\",\"width\":261,\"height\":99,\"caption\":\"Ub\u00e1 News\"},\"image\":{\"@id\":\"https:\/\/ubanews.com\/site\/#\/schema\/logo\/image\/\"},\"sameAs\":[\"https:\/\/www.facebook.com\/Ub\u00e1News-Carlos-Roberto-Sodr\u00e9-418778301977370\"]},{\"@type\":\"Person\",\"@id\":\"https:\/\/ubanews.com\/site\/#\/schema\/person\/d90c9e47252fbb63dcc969fe4c8b9d10\",\"name\":\"Sodr\u00e9\",\"image\":{\"@type\":\"ImageObject\",\"inLanguage\":\"pt-BR\",\"@id\":\"https:\/\/secure.gravatar.com\/avatar\/5ba2793f0590b9dbfad3fdec4ee714485b3eef211c9b32ee53d414060454a56c?s=96&d=mm&r=g\",\"url\":\"https:\/\/secure.gravatar.com\/avatar\/5ba2793f0590b9dbfad3fdec4ee714485b3eef211c9b32ee53d414060454a56c?s=96&d=mm&r=g\",\"contentUrl\":\"https:\/\/secure.gravatar.com\/avatar\/5ba2793f0590b9dbfad3fdec4ee714485b3eef211c9b32ee53d414060454a56c?s=96&d=mm&r=g\",\"caption\":\"Sodr\u00e9\"},\"sameAs\":[\"https:\/\/www.facebook.com\/carosroberto.sodre.5\/\"],\"url\":\"https:\/\/ubanews.com\/site\/author\/felipe\/\"}]}<\/script>\n<!-- \/ Yoast SEO plugin. -->","yoast_head_json":{"title":"Pol\u00edcia Militar registra v\u00e1rios furtos e roubos na regi\u00e3o - Ub\u00e1 News","robots":{"index":"index","follow":"follow","max-snippet":"max-snippet:-1","max-image-preview":"max-image-preview:large","max-video-preview":"max-video-preview:-1"},"canonical":"https:\/\/ubanews.com\/site\/2018\/11\/26\/policia-militar-registra-varios-furtos-e-roubos-na-regiao\/","og_locale":"pt_BR","og_type":"article","og_title":"Pol\u00edcia Militar registra v\u00e1rios furtos e roubos na regi\u00e3o - Ub\u00e1 News","og_description":"VISCONDE DO RIO BRANCO No dia 23 de Novembro \u00e0s","og_url":"https:\/\/ubanews.com\/site\/2018\/11\/26\/policia-militar-registra-varios-furtos-e-roubos-na-regiao\/","og_site_name":"Ub\u00e1 News","article_publisher":"https:\/\/www.facebook.com\/Ub%c3%a1News-Carlos-Roberto-Sodr%c3%a9-418778301977370","article_author":"https:\/\/www.facebook.com\/carosroberto.sodre.5\/","article_published_time":"2018-11-26T13:45:27+00:00","og_image":[{"width":800,"height":389,"url":"https:\/\/ubanews.com\/site\/wp-content\/uploads\/2018\/07\/giroflex-policia.jpg","type":"image\/jpeg"}],"author":"Sodr\u00e9","twitter_card":"summary_large_image","twitter_misc":{"Escrito por":"Sodr\u00e9","Est. tempo de leitura":"4 minutos"},"schema":{"@context":"https:\/\/schema.org","@graph":[{"@type":"Article","@id":"https:\/\/ubanews.com\/site\/2018\/11\/26\/policia-militar-registra-varios-furtos-e-roubos-na-regiao\/#article","isPartOf":{"@id":"https:\/\/ubanews.com\/site\/2018\/11\/26\/policia-militar-registra-varios-furtos-e-roubos-na-regiao\/"},"author":{"name":"Sodr\u00e9","@id":"https:\/\/ubanews.com\/site\/#\/schema\/person\/d90c9e47252fbb63dcc969fe4c8b9d10"},"headline":"Pol\u00edcia Militar registra v\u00e1rios furtos e roubos na regi\u00e3o","datePublished":"2018-11-26T13:45:27+00:00","mainEntityOfPage":{"@id":"https:\/\/ubanews.com\/site\/2018\/11\/26\/policia-militar-registra-varios-furtos-e-roubos-na-regiao\/"},"wordCount":802,"commentCount":0,"publisher":{"@id":"https:\/\/ubanews.com\/site\/#organization"},"image":{"@id":"https:\/\/ubanews.com\/site\/2018\/11\/26\/policia-militar-registra-varios-furtos-e-roubos-na-regiao\/#primaryimage"},"thumbnailUrl":"https:\/\/ubanews.com\/site\/wp-content\/uploads\/2018\/07\/giroflex-policia.jpg","articleSection":["S\u00edntese das Ocorr\u00eancias"],"inLanguage":"pt-BR","potentialAction":[{"@type":"CommentAction","name":"Comment","target":["https:\/\/ubanews.com\/site\/2018\/11\/26\/policia-militar-registra-varios-furtos-e-roubos-na-regiao\/#respond"]}]},{"@type":"WebPage","@id":"https:\/\/ubanews.com\/site\/2018\/11\/26\/policia-militar-registra-varios-furtos-e-roubos-na-regiao\/","url":"https:\/\/ubanews.com\/site\/2018\/11\/26\/policia-militar-registra-varios-furtos-e-roubos-na-regiao\/","name":"Pol\u00edcia Militar registra v\u00e1rios furtos e roubos na regi\u00e3o - Ub\u00e1 News","isPartOf":{"@id":"https:\/\/ubanews.com\/site\/#website"},"primaryImageOfPage":{"@id":"https:\/\/ubanews.com\/site\/2018\/11\/26\/policia-militar-registra-varios-furtos-e-roubos-na-regiao\/#primaryimage"},"image":{"@id":"https:\/\/ubanews.com\/site\/2018\/11\/26\/policia-militar-registra-varios-furtos-e-roubos-na-regiao\/#primaryimage"},"thumbnailUrl":"https:\/\/ubanews.com\/site\/wp-content\/uploads\/2018\/07\/giroflex-policia.jpg","datePublished":"2018-11-26T13:45:27+00:00","breadcrumb":{"@id":"https:\/\/ubanews.com\/site\/2018\/11\/26\/policia-militar-registra-varios-furtos-e-roubos-na-regiao\/#breadcrumb"},"inLanguage":"pt-BR","potentialAction":[{"@type":"ReadAction","target":["https:\/\/ubanews.com\/site\/2018\/11\/26\/policia-militar-registra-varios-furtos-e-roubos-na-regiao\/"]}]},{"@type":"ImageObject","inLanguage":"pt-BR","@id":"https:\/\/ubanews.com\/site\/2018\/11\/26\/policia-militar-registra-varios-furtos-e-roubos-na-regiao\/#primaryimage","url":"https:\/\/ubanews.com\/site\/wp-content\/uploads\/2018\/07\/giroflex-policia.jpg","contentUrl":"https:\/\/ubanews.com\/site\/wp-content\/uploads\/2018\/07\/giroflex-policia.jpg","width":800,"height":389},{"@type":"BreadcrumbList","@id":"https:\/\/ubanews.com\/site\/2018\/11\/26\/policia-militar-registra-varios-furtos-e-roubos-na-regiao\/#breadcrumb","itemListElement":[{"@type":"ListItem","position":1,"name":"Home","item":"https:\/\/ubanews.com\/site\/"},{"@type":"ListItem","position":2,"name":"Pol\u00edcia Militar registra v\u00e1rios furtos e roubos na regi\u00e3o"}]},{"@type":"WebSite","@id":"https:\/\/ubanews.com\/site\/#website","url":"https:\/\/ubanews.com\/site\/","name":"Ub\u00e1 News","description":"","publisher":{"@id":"https:\/\/ubanews.com\/site\/#organization"},"potentialAction":[{"@type":"SearchAction","target":{"@type":"EntryPoint","urlTemplate":"https:\/\/ubanews.com\/site\/?s={search_term_string}"},"query-input":{"@type":"PropertyValueSpecification","valueRequired":true,"valueName":"search_term_string"}}],"inLanguage":"pt-BR"},{"@type":"Organization","@id":"https:\/\/ubanews.com\/site\/#organization","name":"Ub\u00e1 News","url":"https:\/\/ubanews.com\/site\/","logo":{"@type":"ImageObject","inLanguage":"pt-BR","@id":"https:\/\/ubanews.com\/site\/#\/schema\/logo\/image\/","url":"https:\/\/ubanews.com\/site\/wp-content\/uploads\/2018\/01\/logoubanews.png","contentUrl":"https:\/\/ubanews.com\/site\/wp-content\/uploads\/2018\/01\/logoubanews.png","width":261,"height":99,"caption":"Ub\u00e1 News"},"image":{"@id":"https:\/\/ubanews.com\/site\/#\/schema\/logo\/image\/"},"sameAs":["https:\/\/www.facebook.com\/Ub\u00e1News-Carlos-Roberto-Sodr\u00e9-418778301977370"]},{"@type":"Person","@id":"https:\/\/ubanews.com\/site\/#\/schema\/person\/d90c9e47252fbb63dcc969fe4c8b9d10","name":"Sodr\u00e9","image":{"@type":"ImageObject","inLanguage":"pt-BR","@id":"https:\/\/secure.gravatar.com\/avatar\/5ba2793f0590b9dbfad3fdec4ee714485b3eef211c9b32ee53d414060454a56c?s=96&d=mm&r=g","url":"https:\/\/secure.gravatar.com\/avatar\/5ba2793f0590b9dbfad3fdec4ee714485b3eef211c9b32ee53d414060454a56c?s=96&d=mm&r=g","contentUrl":"https:\/\/secure.gravatar.com\/avatar\/5ba2793f0590b9dbfad3fdec4ee714485b3eef211c9b32ee53d414060454a56c?s=96&d=mm&r=g","caption":"Sodr\u00e9"},"sameAs":["https:\/\/www.facebook.com\/carosroberto.sodre.5\/"],"url":"https:\/\/ubanews.com\/site\/author\/felipe\/"}]}},"_links":{"self":[{"href":"https:\/\/ubanews.com\/site\/wp-json\/wp\/v2\/posts\/9315","targetHints":{"allow":["GET"]}}],"collection":[{"href":"https:\/\/ubanews.com\/site\/wp-json\/wp\/v2\/posts"}],"about":[{"href":"https:\/\/ubanews.com\/site\/wp-json\/wp\/v2\/types\/post"}],"author":[{"embeddable":true,"href":"https:\/\/ubanews.com\/site\/wp-json\/wp\/v2\/users\/2"}],"replies":[{"embeddable":true,"href":"https:\/\/ubanews.com\/site\/wp-json\/wp\/v2\/comments?post=9315"}],"version-history":[{"count":0,"href":"https:\/\/ubanews.com\/site\/wp-json\/wp\/v2\/posts\/9315\/revisions"}],"wp:featuredmedia":[{"embeddable":true,"href":"https:\/\/ubanews.com\/site\/wp-json\/wp\/v2\/media\/5764"}],"wp:attachment":[{"href":"https:\/\/ubanews.com\/site\/wp-json\/wp\/v2\/media?parent=9315"}],"wp:term":[{"taxonomy":"category","embeddable":true,"href":"https:\/\/ubanews.com\/site\/wp-json\/wp\/v2\/categories?post=9315"},{"taxonomy":"post_tag","embeddable":true,"href":"https:\/\/ubanews.com\/site\/wp-json\/wp\/v2\/tags?post=9315"}],"curies":[{"name":"wp","href":"https:\/\/api.w.org\/{rel}","templated":true}]}}