{"id":9293,"date":"2018-11-24T11:39:36","date_gmt":"2018-11-24T13:39:36","guid":{"rendered":"http:\/\/ubanews.com\/site\/?p=9293"},"modified":"2018-12-06T16:51:59","modified_gmt":"2018-12-06T18:51:59","slug":"dino-savio-lanca-seu-primeiro-livro","status":"publish","type":"post","link":"https:\/\/ubanews.com\/site\/2018\/11\/24\/dino-savio-lanca-seu-primeiro-livro\/","title":{"rendered":"Dino S\u00e1vio lan\u00e7a seu primeiro livro"},"content":{"rendered":"<p>A Associa\u00e7\u00e3o Comercial e Industrial de Ub\u00e1 recebeu o jornalista e escritor Dino S\u00e1vio para o debate e o lan\u00e7amento do livro \u201cQuem \u00e9 de l\u00e1 que vem a\u00ed?\u201d (Ed. Letramento), que retrata a saga de um jovem \u00e0 procura de uma mulher por quem se apaixonou perdidamente, mas que sumiu no mundo sem deixar nome, endere\u00e7o, telefone ou qualquer informa\u00e7\u00e3o que pudesse indicar o seu paradeiro. O evento aconteceu no dia 23 de novembro, sexta-feira, \u00e0s 19h, na sede da Associa\u00e7\u00e3o (Rua Vereador Rafael Girardi, 473 \u2013 Centro).<\/p>\n<p><a href=\"https:\/\/ubanews.com\/site\/wp-content\/uploads\/2018\/11\/DSC4780.jpg\"><img decoding=\"async\" class=\"alignnone wp-image-9295 size-full lazyload\" data-src=\"https:\/\/ubanews.com\/site\/wp-content\/uploads\/2018\/11\/DSC4780.jpg\" alt=\"\" width=\"800\" height=\"389\" data-srcset=\"https:\/\/ubanews.com\/site\/wp-content\/uploads\/2018\/11\/DSC4780.jpg 800w, https:\/\/ubanews.com\/site\/wp-content\/uploads\/2018\/11\/DSC4780-300x146.jpg 300w, https:\/\/ubanews.com\/site\/wp-content\/uploads\/2018\/11\/DSC4780-768x373.jpg 768w\" data-sizes=\"(max-width: 800px) 100vw, 800px\" src=\"data:image\/svg+xml;base64,PHN2ZyB3aWR0aD0iMSIgaGVpZ2h0PSIxIiB4bWxucz0iaHR0cDovL3d3dy53My5vcmcvMjAwMC9zdmciPjwvc3ZnPg==\" style=\"--smush-placeholder-width: 800px; --smush-placeholder-aspect-ratio: 800\/389;\" \/><\/a>\u201cQuem \u00e9 de l\u00e1 que vem a\u00ed?\u201d conta a hist\u00f3ria de Ariel Campos Beliz\u00e1rio, o Biel, que seduzido pela estonteante beleza de uma mulher que nunca vira antes, permite-se ser \u201csequestrado\u201d por ela, que o leva a um lugar paradis\u00edaco. Eles vivem um dia m\u00e1gico, envolvido em mist\u00e9rios desconcertantes, mas ela se recusa a fornecer qualquer pista que pudesse identific\u00e1-la. Quem \u00e9, de onde veio, para onde foi, onde mora&#8230; Nada disso \u00e9 revelado. Tamb\u00e9m se recusa a dar seu nome ou telefone.<\/p>\n<p>Esse encontro, por sua vez, causa um terremoto na vida do protagonista. O rapaz abandona uma promissora carreira numa companhia telef\u00f4nica, a linda namorada, a fam\u00edlia e os amigos. Obcecado por rev\u00ea-la, dedica-se \u00e0 sua procura. Para isso, passa dois anos acampado em frente ao chal\u00e9 onde passaram aquele que foi o melhor dia de sua vida, at\u00e9 conseguir uma \u00fanica informa\u00e7\u00e3o que lhe oferecesse uma pista. O dono do im\u00f3vel, um holand\u00eas, estava prestando servi\u00e7os ao governo da Costa Rica. Como n\u00e3o tinha dinheiro, vende o Fusca do pai e planeja chegar, de carona, \u00e0 Am\u00e9rica Central, em dois meses. Mas o percurso leva tr\u00eas anos. A procura o leva por dez pa\u00edses, dois deles em guerra civil. Continuando a busca, embarca, clandestinamente, no Panam\u00e1, num navio de bandeira turca at\u00e9 a Holanda, de onde \u00e9 deportado. Ao chegar ao Brasil e \u00e0 sua casa, uma surpresa o aguarda.<\/p>\n<p><strong>O AUTOR<\/strong><\/p>\n<p><span style=\"font-size: 1.0625rem;\">Natural de Itaguara, Minas Gerais, Dino S\u00e1vio \u00e9 jornalista, p\u00f3s-graduado em Marketing e especialista em gerenciamento de crise de imagem. Foi redator, rep\u00f3rter, editor e apresentador em r\u00e1dio, jornal e TV. Foi assessor de imprensa em diversas empresas e diretor de Marketing do Number One e TAM-BH. Foi tamb\u00e9m fundador e primeiro presidente da Aberje Minas, al\u00e9m de vencedor do Pr\u00eamio Aberje 1985. Integrou a equipe de campanha de Jos\u00e9 Eduardo dos Santos \u00e0 presid\u00eancia de Angola, em 1992. \u00c9 o fundador e presidente da Partners Comunica\u00e7\u00e3o Integrada, ag\u00eancia de comunica\u00e7\u00e3o com 24 anos de exist\u00eancia. Com sede em Belo Horizonte e uma unidade em Bras\u00edlia, a ag\u00eancia est\u00e1 presente em nove estados do pa\u00eds, com equipes alocadas em S\u00e3o Paulo, Rio de Janeiro, Par\u00e1, Mato Grosso, Mato Grosso do Sul, Par\u00e1, Piau\u00ed, Alagoas e Maranh\u00e3o.<\/span><\/p>\n","protected":false},"excerpt":{"rendered":"<p>A Associa\u00e7\u00e3o Comercial e Industrial de Ub\u00e1 recebeu o jornalista<\/p>\n","protected":false},"author":2,"featured_media":9294,"comment_status":"open","ping_status":"open","sticky":false,"template":"","format":"standard","meta":{"footnotes":""},"categories":[1],"tags":[],"class_list":["post-9293","post","type-post","status-publish","format-standard","has-post-thumbnail","hentry","category-sem-categoria"],"yoast_head":"<!-- This site is optimized with the Yoast SEO plugin v27.2 - https:\/\/yoast.com\/product\/yoast-seo-wordpress\/ -->\n<title>Dino S\u00e1vio lan\u00e7a seu primeiro livro - Ub\u00e1 News<\/title>\n<meta name=\"robots\" content=\"index, follow, max-snippet:-1, max-image-preview:large, max-video-preview:-1\" \/>\n<link rel=\"canonical\" href=\"https:\/\/ubanews.com\/site\/2018\/11\/24\/dino-savio-lanca-seu-primeiro-livro\/\" \/>\n<meta property=\"og:locale\" content=\"pt_BR\" \/>\n<meta property=\"og:type\" content=\"article\" \/>\n<meta property=\"og:title\" content=\"Dino S\u00e1vio lan\u00e7a seu primeiro livro - Ub\u00e1 News\" \/>\n<meta property=\"og:description\" content=\"A Associa\u00e7\u00e3o Comercial e Industrial de Ub\u00e1 recebeu o jornalista\" \/>\n<meta property=\"og:url\" content=\"https:\/\/ubanews.com\/site\/2018\/11\/24\/dino-savio-lanca-seu-primeiro-livro\/\" \/>\n<meta property=\"og:site_name\" content=\"Ub\u00e1 News\" \/>\n<meta property=\"article:publisher\" content=\"https:\/\/www.facebook.com\/Ub%c3%a1News-Carlos-Roberto-Sodr%c3%a9-418778301977370\" \/>\n<meta property=\"article:author\" content=\"https:\/\/www.facebook.com\/carosroberto.sodre.5\/\" \/>\n<meta property=\"article:published_time\" content=\"2018-11-24T13:39:36+00:00\" \/>\n<meta property=\"article:modified_time\" content=\"2018-12-06T18:51:59+00:00\" \/>\n<meta property=\"og:image\" content=\"https:\/\/ubanews.com\/site\/wp-content\/uploads\/2018\/11\/DSC4777.jpg\" \/>\n\t<meta property=\"og:image:width\" content=\"800\" \/>\n\t<meta property=\"og:image:height\" content=\"389\" \/>\n\t<meta property=\"og:image:type\" content=\"image\/jpeg\" \/>\n<meta name=\"author\" content=\"Sodr\u00e9\" \/>\n<meta name=\"twitter:card\" content=\"summary_large_image\" \/>\n<meta name=\"twitter:label1\" content=\"Escrito por\" \/>\n\t<meta name=\"twitter:data1\" content=\"Sodr\u00e9\" \/>\n\t<meta name=\"twitter:label2\" content=\"Est. tempo de leitura\" \/>\n\t<meta name=\"twitter:data2\" content=\"2 minutos\" \/>\n<script type=\"application\/ld+json\" class=\"yoast-schema-graph\">{\"@context\":\"https:\/\/schema.org\",\"@graph\":[{\"@type\":\"Article\",\"@id\":\"https:\/\/ubanews.com\/site\/2018\/11\/24\/dino-savio-lanca-seu-primeiro-livro\/#article\",\"isPartOf\":{\"@id\":\"https:\/\/ubanews.com\/site\/2018\/11\/24\/dino-savio-lanca-seu-primeiro-livro\/\"},\"author\":{\"name\":\"Sodr\u00e9\",\"@id\":\"https:\/\/ubanews.com\/site\/#\/schema\/person\/d90c9e47252fbb63dcc969fe4c8b9d10\"},\"headline\":\"Dino S\u00e1vio lan\u00e7a seu primeiro livro\",\"datePublished\":\"2018-11-24T13:39:36+00:00\",\"dateModified\":\"2018-12-06T18:51:59+00:00\",\"mainEntityOfPage\":{\"@id\":\"https:\/\/ubanews.com\/site\/2018\/11\/24\/dino-savio-lanca-seu-primeiro-livro\/\"},\"wordCount\":491,\"commentCount\":0,\"publisher\":{\"@id\":\"https:\/\/ubanews.com\/site\/#organization\"},\"image\":{\"@id\":\"https:\/\/ubanews.com\/site\/2018\/11\/24\/dino-savio-lanca-seu-primeiro-livro\/#primaryimage\"},\"thumbnailUrl\":\"https:\/\/ubanews.com\/site\/wp-content\/uploads\/2018\/11\/DSC4777.jpg\",\"articleSection\":[\"Geral\"],\"inLanguage\":\"pt-BR\",\"potentialAction\":[{\"@type\":\"CommentAction\",\"name\":\"Comment\",\"target\":[\"https:\/\/ubanews.com\/site\/2018\/11\/24\/dino-savio-lanca-seu-primeiro-livro\/#respond\"]}]},{\"@type\":\"WebPage\",\"@id\":\"https:\/\/ubanews.com\/site\/2018\/11\/24\/dino-savio-lanca-seu-primeiro-livro\/\",\"url\":\"https:\/\/ubanews.com\/site\/2018\/11\/24\/dino-savio-lanca-seu-primeiro-livro\/\",\"name\":\"Dino S\u00e1vio lan\u00e7a seu primeiro livro - Ub\u00e1 News\",\"isPartOf\":{\"@id\":\"https:\/\/ubanews.com\/site\/#website\"},\"primaryImageOfPage\":{\"@id\":\"https:\/\/ubanews.com\/site\/2018\/11\/24\/dino-savio-lanca-seu-primeiro-livro\/#primaryimage\"},\"image\":{\"@id\":\"https:\/\/ubanews.com\/site\/2018\/11\/24\/dino-savio-lanca-seu-primeiro-livro\/#primaryimage\"},\"thumbnailUrl\":\"https:\/\/ubanews.com\/site\/wp-content\/uploads\/2018\/11\/DSC4777.jpg\",\"datePublished\":\"2018-11-24T13:39:36+00:00\",\"dateModified\":\"2018-12-06T18:51:59+00:00\",\"breadcrumb\":{\"@id\":\"https:\/\/ubanews.com\/site\/2018\/11\/24\/dino-savio-lanca-seu-primeiro-livro\/#breadcrumb\"},\"inLanguage\":\"pt-BR\",\"potentialAction\":[{\"@type\":\"ReadAction\",\"target\":[\"https:\/\/ubanews.com\/site\/2018\/11\/24\/dino-savio-lanca-seu-primeiro-livro\/\"]}]},{\"@type\":\"ImageObject\",\"inLanguage\":\"pt-BR\",\"@id\":\"https:\/\/ubanews.com\/site\/2018\/11\/24\/dino-savio-lanca-seu-primeiro-livro\/#primaryimage\",\"url\":\"https:\/\/ubanews.com\/site\/wp-content\/uploads\/2018\/11\/DSC4777.jpg\",\"contentUrl\":\"https:\/\/ubanews.com\/site\/wp-content\/uploads\/2018\/11\/DSC4777.jpg\",\"width\":800,\"height\":389},{\"@type\":\"BreadcrumbList\",\"@id\":\"https:\/\/ubanews.com\/site\/2018\/11\/24\/dino-savio-lanca-seu-primeiro-livro\/#breadcrumb\",\"itemListElement\":[{\"@type\":\"ListItem\",\"position\":1,\"name\":\"Home\",\"item\":\"https:\/\/ubanews.com\/site\/\"},{\"@type\":\"ListItem\",\"position\":2,\"name\":\"Dino S\u00e1vio lan\u00e7a seu primeiro livro\"}]},{\"@type\":\"WebSite\",\"@id\":\"https:\/\/ubanews.com\/site\/#website\",\"url\":\"https:\/\/ubanews.com\/site\/\",\"name\":\"Ub\u00e1 News\",\"description\":\"\",\"publisher\":{\"@id\":\"https:\/\/ubanews.com\/site\/#organization\"},\"potentialAction\":[{\"@type\":\"SearchAction\",\"target\":{\"@type\":\"EntryPoint\",\"urlTemplate\":\"https:\/\/ubanews.com\/site\/?s={search_term_string}\"},\"query-input\":{\"@type\":\"PropertyValueSpecification\",\"valueRequired\":true,\"valueName\":\"search_term_string\"}}],\"inLanguage\":\"pt-BR\"},{\"@type\":\"Organization\",\"@id\":\"https:\/\/ubanews.com\/site\/#organization\",\"name\":\"Ub\u00e1 News\",\"url\":\"https:\/\/ubanews.com\/site\/\",\"logo\":{\"@type\":\"ImageObject\",\"inLanguage\":\"pt-BR\",\"@id\":\"https:\/\/ubanews.com\/site\/#\/schema\/logo\/image\/\",\"url\":\"https:\/\/ubanews.com\/site\/wp-content\/uploads\/2018\/01\/logoubanews.png\",\"contentUrl\":\"https:\/\/ubanews.com\/site\/wp-content\/uploads\/2018\/01\/logoubanews.png\",\"width\":261,\"height\":99,\"caption\":\"Ub\u00e1 News\"},\"image\":{\"@id\":\"https:\/\/ubanews.com\/site\/#\/schema\/logo\/image\/\"},\"sameAs\":[\"https:\/\/www.facebook.com\/Ub\u00e1News-Carlos-Roberto-Sodr\u00e9-418778301977370\"]},{\"@type\":\"Person\",\"@id\":\"https:\/\/ubanews.com\/site\/#\/schema\/person\/d90c9e47252fbb63dcc969fe4c8b9d10\",\"name\":\"Sodr\u00e9\",\"image\":{\"@type\":\"ImageObject\",\"inLanguage\":\"pt-BR\",\"@id\":\"https:\/\/secure.gravatar.com\/avatar\/5ba2793f0590b9dbfad3fdec4ee714485b3eef211c9b32ee53d414060454a56c?s=96&d=mm&r=g\",\"url\":\"https:\/\/secure.gravatar.com\/avatar\/5ba2793f0590b9dbfad3fdec4ee714485b3eef211c9b32ee53d414060454a56c?s=96&d=mm&r=g\",\"contentUrl\":\"https:\/\/secure.gravatar.com\/avatar\/5ba2793f0590b9dbfad3fdec4ee714485b3eef211c9b32ee53d414060454a56c?s=96&d=mm&r=g\",\"caption\":\"Sodr\u00e9\"},\"sameAs\":[\"https:\/\/www.facebook.com\/carosroberto.sodre.5\/\"],\"url\":\"https:\/\/ubanews.com\/site\/author\/felipe\/\"}]}<\/script>\n<!-- \/ Yoast SEO plugin. -->","yoast_head_json":{"title":"Dino S\u00e1vio lan\u00e7a seu primeiro livro - Ub\u00e1 News","robots":{"index":"index","follow":"follow","max-snippet":"max-snippet:-1","max-image-preview":"max-image-preview:large","max-video-preview":"max-video-preview:-1"},"canonical":"https:\/\/ubanews.com\/site\/2018\/11\/24\/dino-savio-lanca-seu-primeiro-livro\/","og_locale":"pt_BR","og_type":"article","og_title":"Dino S\u00e1vio lan\u00e7a seu primeiro livro - Ub\u00e1 News","og_description":"A Associa\u00e7\u00e3o Comercial e Industrial de Ub\u00e1 recebeu o jornalista","og_url":"https:\/\/ubanews.com\/site\/2018\/11\/24\/dino-savio-lanca-seu-primeiro-livro\/","og_site_name":"Ub\u00e1 News","article_publisher":"https:\/\/www.facebook.com\/Ub%c3%a1News-Carlos-Roberto-Sodr%c3%a9-418778301977370","article_author":"https:\/\/www.facebook.com\/carosroberto.sodre.5\/","article_published_time":"2018-11-24T13:39:36+00:00","article_modified_time":"2018-12-06T18:51:59+00:00","og_image":[{"width":800,"height":389,"url":"https:\/\/ubanews.com\/site\/wp-content\/uploads\/2018\/11\/DSC4777.jpg","type":"image\/jpeg"}],"author":"Sodr\u00e9","twitter_card":"summary_large_image","twitter_misc":{"Escrito por":"Sodr\u00e9","Est. tempo de leitura":"2 minutos"},"schema":{"@context":"https:\/\/schema.org","@graph":[{"@type":"Article","@id":"https:\/\/ubanews.com\/site\/2018\/11\/24\/dino-savio-lanca-seu-primeiro-livro\/#article","isPartOf":{"@id":"https:\/\/ubanews.com\/site\/2018\/11\/24\/dino-savio-lanca-seu-primeiro-livro\/"},"author":{"name":"Sodr\u00e9","@id":"https:\/\/ubanews.com\/site\/#\/schema\/person\/d90c9e47252fbb63dcc969fe4c8b9d10"},"headline":"Dino S\u00e1vio lan\u00e7a seu primeiro livro","datePublished":"2018-11-24T13:39:36+00:00","dateModified":"2018-12-06T18:51:59+00:00","mainEntityOfPage":{"@id":"https:\/\/ubanews.com\/site\/2018\/11\/24\/dino-savio-lanca-seu-primeiro-livro\/"},"wordCount":491,"commentCount":0,"publisher":{"@id":"https:\/\/ubanews.com\/site\/#organization"},"image":{"@id":"https:\/\/ubanews.com\/site\/2018\/11\/24\/dino-savio-lanca-seu-primeiro-livro\/#primaryimage"},"thumbnailUrl":"https:\/\/ubanews.com\/site\/wp-content\/uploads\/2018\/11\/DSC4777.jpg","articleSection":["Geral"],"inLanguage":"pt-BR","potentialAction":[{"@type":"CommentAction","name":"Comment","target":["https:\/\/ubanews.com\/site\/2018\/11\/24\/dino-savio-lanca-seu-primeiro-livro\/#respond"]}]},{"@type":"WebPage","@id":"https:\/\/ubanews.com\/site\/2018\/11\/24\/dino-savio-lanca-seu-primeiro-livro\/","url":"https:\/\/ubanews.com\/site\/2018\/11\/24\/dino-savio-lanca-seu-primeiro-livro\/","name":"Dino S\u00e1vio lan\u00e7a seu primeiro livro - Ub\u00e1 News","isPartOf":{"@id":"https:\/\/ubanews.com\/site\/#website"},"primaryImageOfPage":{"@id":"https:\/\/ubanews.com\/site\/2018\/11\/24\/dino-savio-lanca-seu-primeiro-livro\/#primaryimage"},"image":{"@id":"https:\/\/ubanews.com\/site\/2018\/11\/24\/dino-savio-lanca-seu-primeiro-livro\/#primaryimage"},"thumbnailUrl":"https:\/\/ubanews.com\/site\/wp-content\/uploads\/2018\/11\/DSC4777.jpg","datePublished":"2018-11-24T13:39:36+00:00","dateModified":"2018-12-06T18:51:59+00:00","breadcrumb":{"@id":"https:\/\/ubanews.com\/site\/2018\/11\/24\/dino-savio-lanca-seu-primeiro-livro\/#breadcrumb"},"inLanguage":"pt-BR","potentialAction":[{"@type":"ReadAction","target":["https:\/\/ubanews.com\/site\/2018\/11\/24\/dino-savio-lanca-seu-primeiro-livro\/"]}]},{"@type":"ImageObject","inLanguage":"pt-BR","@id":"https:\/\/ubanews.com\/site\/2018\/11\/24\/dino-savio-lanca-seu-primeiro-livro\/#primaryimage","url":"https:\/\/ubanews.com\/site\/wp-content\/uploads\/2018\/11\/DSC4777.jpg","contentUrl":"https:\/\/ubanews.com\/site\/wp-content\/uploads\/2018\/11\/DSC4777.jpg","width":800,"height":389},{"@type":"BreadcrumbList","@id":"https:\/\/ubanews.com\/site\/2018\/11\/24\/dino-savio-lanca-seu-primeiro-livro\/#breadcrumb","itemListElement":[{"@type":"ListItem","position":1,"name":"Home","item":"https:\/\/ubanews.com\/site\/"},{"@type":"ListItem","position":2,"name":"Dino S\u00e1vio lan\u00e7a seu primeiro livro"}]},{"@type":"WebSite","@id":"https:\/\/ubanews.com\/site\/#website","url":"https:\/\/ubanews.com\/site\/","name":"Ub\u00e1 News","description":"","publisher":{"@id":"https:\/\/ubanews.com\/site\/#organization"},"potentialAction":[{"@type":"SearchAction","target":{"@type":"EntryPoint","urlTemplate":"https:\/\/ubanews.com\/site\/?s={search_term_string}"},"query-input":{"@type":"PropertyValueSpecification","valueRequired":true,"valueName":"search_term_string"}}],"inLanguage":"pt-BR"},{"@type":"Organization","@id":"https:\/\/ubanews.com\/site\/#organization","name":"Ub\u00e1 News","url":"https:\/\/ubanews.com\/site\/","logo":{"@type":"ImageObject","inLanguage":"pt-BR","@id":"https:\/\/ubanews.com\/site\/#\/schema\/logo\/image\/","url":"https:\/\/ubanews.com\/site\/wp-content\/uploads\/2018\/01\/logoubanews.png","contentUrl":"https:\/\/ubanews.com\/site\/wp-content\/uploads\/2018\/01\/logoubanews.png","width":261,"height":99,"caption":"Ub\u00e1 News"},"image":{"@id":"https:\/\/ubanews.com\/site\/#\/schema\/logo\/image\/"},"sameAs":["https:\/\/www.facebook.com\/Ub\u00e1News-Carlos-Roberto-Sodr\u00e9-418778301977370"]},{"@type":"Person","@id":"https:\/\/ubanews.com\/site\/#\/schema\/person\/d90c9e47252fbb63dcc969fe4c8b9d10","name":"Sodr\u00e9","image":{"@type":"ImageObject","inLanguage":"pt-BR","@id":"https:\/\/secure.gravatar.com\/avatar\/5ba2793f0590b9dbfad3fdec4ee714485b3eef211c9b32ee53d414060454a56c?s=96&d=mm&r=g","url":"https:\/\/secure.gravatar.com\/avatar\/5ba2793f0590b9dbfad3fdec4ee714485b3eef211c9b32ee53d414060454a56c?s=96&d=mm&r=g","contentUrl":"https:\/\/secure.gravatar.com\/avatar\/5ba2793f0590b9dbfad3fdec4ee714485b3eef211c9b32ee53d414060454a56c?s=96&d=mm&r=g","caption":"Sodr\u00e9"},"sameAs":["https:\/\/www.facebook.com\/carosroberto.sodre.5\/"],"url":"https:\/\/ubanews.com\/site\/author\/felipe\/"}]}},"_links":{"self":[{"href":"https:\/\/ubanews.com\/site\/wp-json\/wp\/v2\/posts\/9293","targetHints":{"allow":["GET"]}}],"collection":[{"href":"https:\/\/ubanews.com\/site\/wp-json\/wp\/v2\/posts"}],"about":[{"href":"https:\/\/ubanews.com\/site\/wp-json\/wp\/v2\/types\/post"}],"author":[{"embeddable":true,"href":"https:\/\/ubanews.com\/site\/wp-json\/wp\/v2\/users\/2"}],"replies":[{"embeddable":true,"href":"https:\/\/ubanews.com\/site\/wp-json\/wp\/v2\/comments?post=9293"}],"version-history":[{"count":0,"href":"https:\/\/ubanews.com\/site\/wp-json\/wp\/v2\/posts\/9293\/revisions"}],"wp:featuredmedia":[{"embeddable":true,"href":"https:\/\/ubanews.com\/site\/wp-json\/wp\/v2\/media\/9294"}],"wp:attachment":[{"href":"https:\/\/ubanews.com\/site\/wp-json\/wp\/v2\/media?parent=9293"}],"wp:term":[{"taxonomy":"category","embeddable":true,"href":"https:\/\/ubanews.com\/site\/wp-json\/wp\/v2\/categories?post=9293"},{"taxonomy":"post_tag","embeddable":true,"href":"https:\/\/ubanews.com\/site\/wp-json\/wp\/v2\/tags?post=9293"}],"curies":[{"name":"wp","href":"https:\/\/api.w.org\/{rel}","templated":true}]}}