{"id":9279,"date":"2018-11-22T10:43:37","date_gmt":"2018-11-22T12:43:37","guid":{"rendered":"http:\/\/ubanews.com\/site\/?p=9279"},"modified":"2018-11-22T10:43:37","modified_gmt":"2018-11-22T12:43:37","slug":"casa-e-invadida-por-saqueadores-e-trocam-tiros-com-policiais","status":"publish","type":"post","link":"https:\/\/ubanews.com\/site\/2018\/11\/22\/casa-e-invadida-por-saqueadores-e-trocam-tiros-com-policiais\/","title":{"rendered":"Casa \u00e9 invadida por saqueadores e trocam tiros com policiais"},"content":{"rendered":"<p>No dia 21 \u00e0s 21h e 18min, na Av. Governador Valadares, no Bairro Santa Cruz, durante patrulhamento, Policiais Militares foram solicitados pela vitima um homem de 67 anos, a qual relatou que havia ligado para o 190, uma vez que estava escutando alguns barulhos no terra\u00e7o de sua resid\u00eancia.<\/p>\n<p>Os militares adentraram na referida resid\u00eancia pr\u00f3ximo a porta da cozinha, que d\u00e1 acesso ao lado de fora, avistaram, um indiv\u00edduo subindo uma escada que d\u00e1 acesso aos fundos da resid\u00eancia, quando os militares sa\u00edram para ir em dire\u00e7\u00e3o ao indiv\u00edduo, um segundo individuo, ainda n\u00e3o identificado, passou a efetuar disparos de arma de fogo em dire\u00e7\u00e3o aos policiais, pelo que imediatamente recuaram taticamente e acionaram refor\u00e7os para que se fizesse o adentramento com seguran\u00e7a no local.<\/p>\n<p>Com a chegada das equipes foi feito o cerco e realizado a varredura na resid\u00eancia. No local, a vitima deu por falta de uma TV 40&#8243; Polegadas de cor preta, n\u00e3o sabendo informar a marca certa do aparelho. Foi verificado pela Guarni\u00e7\u00e3o que do lado de fora havia dois projeteis, aparentando ser de cal. 38 e estes foram recolhidos pela Per\u00edcia que se fez presente no local, tamb\u00e9m foi constatado que os autores tentaram arrombar a porta da cozinha e da lavanderia do terra\u00e7o. Os autores evadiram pelo muro que d\u00e1 acesso ao Bairro S\u00e3o Jo\u00e3o.<\/p>\n<p>Os militares apreenderam no local, um p\u00e9 de cabra e um p\u00e9 de chinelo, os quais foram encaminhados para a Delegacia de Pol\u00edcia Judici\u00e1ria. Segue o rastreamento ininterrupto pelas demais equipes do turno com objetivo de prender os autores do crime.<\/p>\n<div><span style=\"font-family: 'Arial','sans-serif';\"><span style=\"font-size: large;\"><b>ASSESSORIA DE COMUNICA\u00c7\u00c3O ORG<\/b><strong>ANIZACIONAL<\/strong><\/span><strong><i><br \/>\n<\/i><\/strong><\/span><\/div>\n<p><strong><span style=\"font-family: 'Arial','sans-serif';\"><i>Vig\u00e9simo Primeiro Batalh\u00e3o de Pol\u00edcia Militar.<\/i><\/span><\/strong><\/p>\n","protected":false},"excerpt":{"rendered":"<p>No dia 21 \u00e0s 21h e 18min, na Av. Governador<\/p>\n","protected":false},"author":2,"featured_media":9280,"comment_status":"open","ping_status":"open","sticky":false,"template":"","format":"standard","meta":{"footnotes":""},"categories":[13],"tags":[],"class_list":["post-9279","post","type-post","status-publish","format-standard","has-post-thumbnail","hentry","category-sintese-das-ocorrencias"],"yoast_head":"<!-- This site is optimized with the Yoast SEO plugin v27.2 - https:\/\/yoast.com\/product\/yoast-seo-wordpress\/ -->\n<title>Casa \u00e9 invadida por saqueadores e trocam tiros com policiais - Ub\u00e1 News<\/title>\n<meta name=\"robots\" content=\"index, follow, max-snippet:-1, max-image-preview:large, max-video-preview:-1\" \/>\n<link rel=\"canonical\" href=\"https:\/\/ubanews.com\/site\/2018\/11\/22\/casa-e-invadida-por-saqueadores-e-trocam-tiros-com-policiais\/\" \/>\n<meta property=\"og:locale\" content=\"pt_BR\" \/>\n<meta property=\"og:type\" content=\"article\" \/>\n<meta property=\"og:title\" content=\"Casa \u00e9 invadida por saqueadores e trocam tiros com policiais - Ub\u00e1 News\" \/>\n<meta property=\"og:description\" content=\"No dia 21 \u00e0s 21h e 18min, na Av. Governador\" \/>\n<meta property=\"og:url\" content=\"https:\/\/ubanews.com\/site\/2018\/11\/22\/casa-e-invadida-por-saqueadores-e-trocam-tiros-com-policiais\/\" \/>\n<meta property=\"og:site_name\" content=\"Ub\u00e1 News\" \/>\n<meta property=\"article:publisher\" content=\"https:\/\/www.facebook.com\/Ub%c3%a1News-Carlos-Roberto-Sodr%c3%a9-418778301977370\" \/>\n<meta property=\"article:author\" content=\"https:\/\/www.facebook.com\/carosroberto.sodre.5\/\" \/>\n<meta property=\"article:published_time\" content=\"2018-11-22T12:43:37+00:00\" \/>\n<meta property=\"og:image\" content=\"https:\/\/ubanews.com\/site\/wp-content\/uploads\/2018\/11\/casa.jpg\" \/>\n\t<meta property=\"og:image:width\" content=\"800\" \/>\n\t<meta property=\"og:image:height\" content=\"389\" \/>\n\t<meta property=\"og:image:type\" content=\"image\/jpeg\" \/>\n<meta name=\"author\" content=\"Sodr\u00e9\" \/>\n<meta name=\"twitter:card\" content=\"summary_large_image\" \/>\n<meta name=\"twitter:label1\" content=\"Escrito por\" \/>\n\t<meta name=\"twitter:data1\" content=\"Sodr\u00e9\" \/>\n\t<meta name=\"twitter:label2\" content=\"Est. tempo de leitura\" \/>\n\t<meta name=\"twitter:data2\" content=\"1 minuto\" \/>\n<script type=\"application\/ld+json\" class=\"yoast-schema-graph\">{\"@context\":\"https:\/\/schema.org\",\"@graph\":[{\"@type\":\"Article\",\"@id\":\"https:\/\/ubanews.com\/site\/2018\/11\/22\/casa-e-invadida-por-saqueadores-e-trocam-tiros-com-policiais\/#article\",\"isPartOf\":{\"@id\":\"https:\/\/ubanews.com\/site\/2018\/11\/22\/casa-e-invadida-por-saqueadores-e-trocam-tiros-com-policiais\/\"},\"author\":{\"name\":\"Sodr\u00e9\",\"@id\":\"https:\/\/ubanews.com\/site\/#\/schema\/person\/d90c9e47252fbb63dcc969fe4c8b9d10\"},\"headline\":\"Casa \u00e9 invadida por saqueadores e trocam tiros com policiais\",\"datePublished\":\"2018-11-22T12:43:37+00:00\",\"mainEntityOfPage\":{\"@id\":\"https:\/\/ubanews.com\/site\/2018\/11\/22\/casa-e-invadida-por-saqueadores-e-trocam-tiros-com-policiais\/\"},\"wordCount\":305,\"commentCount\":1,\"publisher\":{\"@id\":\"https:\/\/ubanews.com\/site\/#organization\"},\"image\":{\"@id\":\"https:\/\/ubanews.com\/site\/2018\/11\/22\/casa-e-invadida-por-saqueadores-e-trocam-tiros-com-policiais\/#primaryimage\"},\"thumbnailUrl\":\"https:\/\/ubanews.com\/site\/wp-content\/uploads\/2018\/11\/casa.jpg\",\"articleSection\":[\"S\u00edntese das Ocorr\u00eancias\"],\"inLanguage\":\"pt-BR\",\"potentialAction\":[{\"@type\":\"CommentAction\",\"name\":\"Comment\",\"target\":[\"https:\/\/ubanews.com\/site\/2018\/11\/22\/casa-e-invadida-por-saqueadores-e-trocam-tiros-com-policiais\/#respond\"]}]},{\"@type\":\"WebPage\",\"@id\":\"https:\/\/ubanews.com\/site\/2018\/11\/22\/casa-e-invadida-por-saqueadores-e-trocam-tiros-com-policiais\/\",\"url\":\"https:\/\/ubanews.com\/site\/2018\/11\/22\/casa-e-invadida-por-saqueadores-e-trocam-tiros-com-policiais\/\",\"name\":\"Casa \u00e9 invadida por saqueadores e trocam tiros com policiais - Ub\u00e1 News\",\"isPartOf\":{\"@id\":\"https:\/\/ubanews.com\/site\/#website\"},\"primaryImageOfPage\":{\"@id\":\"https:\/\/ubanews.com\/site\/2018\/11\/22\/casa-e-invadida-por-saqueadores-e-trocam-tiros-com-policiais\/#primaryimage\"},\"image\":{\"@id\":\"https:\/\/ubanews.com\/site\/2018\/11\/22\/casa-e-invadida-por-saqueadores-e-trocam-tiros-com-policiais\/#primaryimage\"},\"thumbnailUrl\":\"https:\/\/ubanews.com\/site\/wp-content\/uploads\/2018\/11\/casa.jpg\",\"datePublished\":\"2018-11-22T12:43:37+00:00\",\"breadcrumb\":{\"@id\":\"https:\/\/ubanews.com\/site\/2018\/11\/22\/casa-e-invadida-por-saqueadores-e-trocam-tiros-com-policiais\/#breadcrumb\"},\"inLanguage\":\"pt-BR\",\"potentialAction\":[{\"@type\":\"ReadAction\",\"target\":[\"https:\/\/ubanews.com\/site\/2018\/11\/22\/casa-e-invadida-por-saqueadores-e-trocam-tiros-com-policiais\/\"]}]},{\"@type\":\"ImageObject\",\"inLanguage\":\"pt-BR\",\"@id\":\"https:\/\/ubanews.com\/site\/2018\/11\/22\/casa-e-invadida-por-saqueadores-e-trocam-tiros-com-policiais\/#primaryimage\",\"url\":\"https:\/\/ubanews.com\/site\/wp-content\/uploads\/2018\/11\/casa.jpg\",\"contentUrl\":\"https:\/\/ubanews.com\/site\/wp-content\/uploads\/2018\/11\/casa.jpg\",\"width\":800,\"height\":389},{\"@type\":\"BreadcrumbList\",\"@id\":\"https:\/\/ubanews.com\/site\/2018\/11\/22\/casa-e-invadida-por-saqueadores-e-trocam-tiros-com-policiais\/#breadcrumb\",\"itemListElement\":[{\"@type\":\"ListItem\",\"position\":1,\"name\":\"Home\",\"item\":\"https:\/\/ubanews.com\/site\/\"},{\"@type\":\"ListItem\",\"position\":2,\"name\":\"Casa \u00e9 invadida por saqueadores e trocam tiros com policiais\"}]},{\"@type\":\"WebSite\",\"@id\":\"https:\/\/ubanews.com\/site\/#website\",\"url\":\"https:\/\/ubanews.com\/site\/\",\"name\":\"Ub\u00e1 News\",\"description\":\"\",\"publisher\":{\"@id\":\"https:\/\/ubanews.com\/site\/#organization\"},\"potentialAction\":[{\"@type\":\"SearchAction\",\"target\":{\"@type\":\"EntryPoint\",\"urlTemplate\":\"https:\/\/ubanews.com\/site\/?s={search_term_string}\"},\"query-input\":{\"@type\":\"PropertyValueSpecification\",\"valueRequired\":true,\"valueName\":\"search_term_string\"}}],\"inLanguage\":\"pt-BR\"},{\"@type\":\"Organization\",\"@id\":\"https:\/\/ubanews.com\/site\/#organization\",\"name\":\"Ub\u00e1 News\",\"url\":\"https:\/\/ubanews.com\/site\/\",\"logo\":{\"@type\":\"ImageObject\",\"inLanguage\":\"pt-BR\",\"@id\":\"https:\/\/ubanews.com\/site\/#\/schema\/logo\/image\/\",\"url\":\"https:\/\/ubanews.com\/site\/wp-content\/uploads\/2018\/01\/logoubanews.png\",\"contentUrl\":\"https:\/\/ubanews.com\/site\/wp-content\/uploads\/2018\/01\/logoubanews.png\",\"width\":261,\"height\":99,\"caption\":\"Ub\u00e1 News\"},\"image\":{\"@id\":\"https:\/\/ubanews.com\/site\/#\/schema\/logo\/image\/\"},\"sameAs\":[\"https:\/\/www.facebook.com\/Ub\u00e1News-Carlos-Roberto-Sodr\u00e9-418778301977370\"]},{\"@type\":\"Person\",\"@id\":\"https:\/\/ubanews.com\/site\/#\/schema\/person\/d90c9e47252fbb63dcc969fe4c8b9d10\",\"name\":\"Sodr\u00e9\",\"image\":{\"@type\":\"ImageObject\",\"inLanguage\":\"pt-BR\",\"@id\":\"https:\/\/secure.gravatar.com\/avatar\/5ba2793f0590b9dbfad3fdec4ee714485b3eef211c9b32ee53d414060454a56c?s=96&d=mm&r=g\",\"url\":\"https:\/\/secure.gravatar.com\/avatar\/5ba2793f0590b9dbfad3fdec4ee714485b3eef211c9b32ee53d414060454a56c?s=96&d=mm&r=g\",\"contentUrl\":\"https:\/\/secure.gravatar.com\/avatar\/5ba2793f0590b9dbfad3fdec4ee714485b3eef211c9b32ee53d414060454a56c?s=96&d=mm&r=g\",\"caption\":\"Sodr\u00e9\"},\"sameAs\":[\"https:\/\/www.facebook.com\/carosroberto.sodre.5\/\"],\"url\":\"https:\/\/ubanews.com\/site\/author\/felipe\/\"}]}<\/script>\n<!-- \/ Yoast SEO plugin. -->","yoast_head_json":{"title":"Casa \u00e9 invadida por saqueadores e trocam tiros com policiais - Ub\u00e1 News","robots":{"index":"index","follow":"follow","max-snippet":"max-snippet:-1","max-image-preview":"max-image-preview:large","max-video-preview":"max-video-preview:-1"},"canonical":"https:\/\/ubanews.com\/site\/2018\/11\/22\/casa-e-invadida-por-saqueadores-e-trocam-tiros-com-policiais\/","og_locale":"pt_BR","og_type":"article","og_title":"Casa \u00e9 invadida por saqueadores e trocam tiros com policiais - Ub\u00e1 News","og_description":"No dia 21 \u00e0s 21h e 18min, na Av. Governador","og_url":"https:\/\/ubanews.com\/site\/2018\/11\/22\/casa-e-invadida-por-saqueadores-e-trocam-tiros-com-policiais\/","og_site_name":"Ub\u00e1 News","article_publisher":"https:\/\/www.facebook.com\/Ub%c3%a1News-Carlos-Roberto-Sodr%c3%a9-418778301977370","article_author":"https:\/\/www.facebook.com\/carosroberto.sodre.5\/","article_published_time":"2018-11-22T12:43:37+00:00","og_image":[{"width":800,"height":389,"url":"https:\/\/ubanews.com\/site\/wp-content\/uploads\/2018\/11\/casa.jpg","type":"image\/jpeg"}],"author":"Sodr\u00e9","twitter_card":"summary_large_image","twitter_misc":{"Escrito por":"Sodr\u00e9","Est. tempo de leitura":"1 minuto"},"schema":{"@context":"https:\/\/schema.org","@graph":[{"@type":"Article","@id":"https:\/\/ubanews.com\/site\/2018\/11\/22\/casa-e-invadida-por-saqueadores-e-trocam-tiros-com-policiais\/#article","isPartOf":{"@id":"https:\/\/ubanews.com\/site\/2018\/11\/22\/casa-e-invadida-por-saqueadores-e-trocam-tiros-com-policiais\/"},"author":{"name":"Sodr\u00e9","@id":"https:\/\/ubanews.com\/site\/#\/schema\/person\/d90c9e47252fbb63dcc969fe4c8b9d10"},"headline":"Casa \u00e9 invadida por saqueadores e trocam tiros com policiais","datePublished":"2018-11-22T12:43:37+00:00","mainEntityOfPage":{"@id":"https:\/\/ubanews.com\/site\/2018\/11\/22\/casa-e-invadida-por-saqueadores-e-trocam-tiros-com-policiais\/"},"wordCount":305,"commentCount":1,"publisher":{"@id":"https:\/\/ubanews.com\/site\/#organization"},"image":{"@id":"https:\/\/ubanews.com\/site\/2018\/11\/22\/casa-e-invadida-por-saqueadores-e-trocam-tiros-com-policiais\/#primaryimage"},"thumbnailUrl":"https:\/\/ubanews.com\/site\/wp-content\/uploads\/2018\/11\/casa.jpg","articleSection":["S\u00edntese das Ocorr\u00eancias"],"inLanguage":"pt-BR","potentialAction":[{"@type":"CommentAction","name":"Comment","target":["https:\/\/ubanews.com\/site\/2018\/11\/22\/casa-e-invadida-por-saqueadores-e-trocam-tiros-com-policiais\/#respond"]}]},{"@type":"WebPage","@id":"https:\/\/ubanews.com\/site\/2018\/11\/22\/casa-e-invadida-por-saqueadores-e-trocam-tiros-com-policiais\/","url":"https:\/\/ubanews.com\/site\/2018\/11\/22\/casa-e-invadida-por-saqueadores-e-trocam-tiros-com-policiais\/","name":"Casa \u00e9 invadida por saqueadores e trocam tiros com policiais - Ub\u00e1 News","isPartOf":{"@id":"https:\/\/ubanews.com\/site\/#website"},"primaryImageOfPage":{"@id":"https:\/\/ubanews.com\/site\/2018\/11\/22\/casa-e-invadida-por-saqueadores-e-trocam-tiros-com-policiais\/#primaryimage"},"image":{"@id":"https:\/\/ubanews.com\/site\/2018\/11\/22\/casa-e-invadida-por-saqueadores-e-trocam-tiros-com-policiais\/#primaryimage"},"thumbnailUrl":"https:\/\/ubanews.com\/site\/wp-content\/uploads\/2018\/11\/casa.jpg","datePublished":"2018-11-22T12:43:37+00:00","breadcrumb":{"@id":"https:\/\/ubanews.com\/site\/2018\/11\/22\/casa-e-invadida-por-saqueadores-e-trocam-tiros-com-policiais\/#breadcrumb"},"inLanguage":"pt-BR","potentialAction":[{"@type":"ReadAction","target":["https:\/\/ubanews.com\/site\/2018\/11\/22\/casa-e-invadida-por-saqueadores-e-trocam-tiros-com-policiais\/"]}]},{"@type":"ImageObject","inLanguage":"pt-BR","@id":"https:\/\/ubanews.com\/site\/2018\/11\/22\/casa-e-invadida-por-saqueadores-e-trocam-tiros-com-policiais\/#primaryimage","url":"https:\/\/ubanews.com\/site\/wp-content\/uploads\/2018\/11\/casa.jpg","contentUrl":"https:\/\/ubanews.com\/site\/wp-content\/uploads\/2018\/11\/casa.jpg","width":800,"height":389},{"@type":"BreadcrumbList","@id":"https:\/\/ubanews.com\/site\/2018\/11\/22\/casa-e-invadida-por-saqueadores-e-trocam-tiros-com-policiais\/#breadcrumb","itemListElement":[{"@type":"ListItem","position":1,"name":"Home","item":"https:\/\/ubanews.com\/site\/"},{"@type":"ListItem","position":2,"name":"Casa \u00e9 invadida por saqueadores e trocam tiros com policiais"}]},{"@type":"WebSite","@id":"https:\/\/ubanews.com\/site\/#website","url":"https:\/\/ubanews.com\/site\/","name":"Ub\u00e1 News","description":"","publisher":{"@id":"https:\/\/ubanews.com\/site\/#organization"},"potentialAction":[{"@type":"SearchAction","target":{"@type":"EntryPoint","urlTemplate":"https:\/\/ubanews.com\/site\/?s={search_term_string}"},"query-input":{"@type":"PropertyValueSpecification","valueRequired":true,"valueName":"search_term_string"}}],"inLanguage":"pt-BR"},{"@type":"Organization","@id":"https:\/\/ubanews.com\/site\/#organization","name":"Ub\u00e1 News","url":"https:\/\/ubanews.com\/site\/","logo":{"@type":"ImageObject","inLanguage":"pt-BR","@id":"https:\/\/ubanews.com\/site\/#\/schema\/logo\/image\/","url":"https:\/\/ubanews.com\/site\/wp-content\/uploads\/2018\/01\/logoubanews.png","contentUrl":"https:\/\/ubanews.com\/site\/wp-content\/uploads\/2018\/01\/logoubanews.png","width":261,"height":99,"caption":"Ub\u00e1 News"},"image":{"@id":"https:\/\/ubanews.com\/site\/#\/schema\/logo\/image\/"},"sameAs":["https:\/\/www.facebook.com\/Ub\u00e1News-Carlos-Roberto-Sodr\u00e9-418778301977370"]},{"@type":"Person","@id":"https:\/\/ubanews.com\/site\/#\/schema\/person\/d90c9e47252fbb63dcc969fe4c8b9d10","name":"Sodr\u00e9","image":{"@type":"ImageObject","inLanguage":"pt-BR","@id":"https:\/\/secure.gravatar.com\/avatar\/5ba2793f0590b9dbfad3fdec4ee714485b3eef211c9b32ee53d414060454a56c?s=96&d=mm&r=g","url":"https:\/\/secure.gravatar.com\/avatar\/5ba2793f0590b9dbfad3fdec4ee714485b3eef211c9b32ee53d414060454a56c?s=96&d=mm&r=g","contentUrl":"https:\/\/secure.gravatar.com\/avatar\/5ba2793f0590b9dbfad3fdec4ee714485b3eef211c9b32ee53d414060454a56c?s=96&d=mm&r=g","caption":"Sodr\u00e9"},"sameAs":["https:\/\/www.facebook.com\/carosroberto.sodre.5\/"],"url":"https:\/\/ubanews.com\/site\/author\/felipe\/"}]}},"_links":{"self":[{"href":"https:\/\/ubanews.com\/site\/wp-json\/wp\/v2\/posts\/9279","targetHints":{"allow":["GET"]}}],"collection":[{"href":"https:\/\/ubanews.com\/site\/wp-json\/wp\/v2\/posts"}],"about":[{"href":"https:\/\/ubanews.com\/site\/wp-json\/wp\/v2\/types\/post"}],"author":[{"embeddable":true,"href":"https:\/\/ubanews.com\/site\/wp-json\/wp\/v2\/users\/2"}],"replies":[{"embeddable":true,"href":"https:\/\/ubanews.com\/site\/wp-json\/wp\/v2\/comments?post=9279"}],"version-history":[{"count":0,"href":"https:\/\/ubanews.com\/site\/wp-json\/wp\/v2\/posts\/9279\/revisions"}],"wp:featuredmedia":[{"embeddable":true,"href":"https:\/\/ubanews.com\/site\/wp-json\/wp\/v2\/media\/9280"}],"wp:attachment":[{"href":"https:\/\/ubanews.com\/site\/wp-json\/wp\/v2\/media?parent=9279"}],"wp:term":[{"taxonomy":"category","embeddable":true,"href":"https:\/\/ubanews.com\/site\/wp-json\/wp\/v2\/categories?post=9279"},{"taxonomy":"post_tag","embeddable":true,"href":"https:\/\/ubanews.com\/site\/wp-json\/wp\/v2\/tags?post=9279"}],"curies":[{"name":"wp","href":"https:\/\/api.w.org\/{rel}","templated":true}]}}