{"id":9264,"date":"2018-11-21T10:09:35","date_gmt":"2018-11-21T12:09:35","guid":{"rendered":"http:\/\/ubanews.com\/site\/?p=9264"},"modified":"2018-11-21T10:09:35","modified_gmt":"2018-11-21T12:09:35","slug":"mae-entrega-duas-armas-de-fogo-para-policia-militar-depois-de-atrito-verbal-com-filha","status":"publish","type":"post","link":"https:\/\/ubanews.com\/site\/2018\/11\/21\/mae-entrega-duas-armas-de-fogo-para-policia-militar-depois-de-atrito-verbal-com-filha\/","title":{"rendered":"M\u00e3e entrega duas armas de fogo para Pol\u00edcia Militar depois de atrito verbal com filha"},"content":{"rendered":"<p>No dia 20 de Novembro \u00e0s 20h e 17min, na Rua Agenor Nunes Siqueira no Bairro Nova Rio Banco, Visconde do Rio Branco, a Pol\u00edcia Militar foi acionada atrav\u00e9s de den\u00fancia an\u00f4nima e ao chegar no local deparou com m\u00e3e e filha em atrito verbal, sendo os militares cientificados sobre armas de fogo no im\u00f3vel.&nbsp; Ap\u00f3s parlamenta\u00e7\u00e3o com a cidad\u00e3 de 59 anos, esta entregou as duas armas de fogo, as quais eram de propriedade do seu ex-marido, para evitar mal maior. As armas s\u00e3o: um revolver taurus, .38 carregado com seis cartuchos intactos e um coldre; 01 PT Taurus .57 s, calibre 7.65mm, com carregador e uma caixa (embalagem) de cartuchos calibre 7.65mm contendo em seu interior 25 cartuchos intactos.<\/p>\n<p>As armas foram apreendidas e encaminhadas \u00e0 Delegacia de Pol\u00edcia Judici\u00e1ria, tendo em vista as armas possu\u00edrem registros, e terrem sido entregues, n\u00e3o foi realizada a pris\u00e3o de sua detentora.<\/p>\n<div><span style=\"font-family: 'Arial','sans-serif';\"><span style=\"font-size: large;\"><b>ASSESSORIA DE COMUNICA\u00c7\u00c3O ORGANIZACIONAL<\/b><\/span><i><b><br \/>\n<\/b><\/i><\/span><\/div>\n<p><strong><span style=\"font-family: 'Arial','sans-serif';\"><i>Vig\u00e9simo Primeiro Batalh\u00e3o de Pol\u00edcia Militar.<\/i><\/span><\/strong><\/p>\n","protected":false},"excerpt":{"rendered":"<p>No dia 20 de Novembro \u00e0s 20h e 17min, na<\/p>\n","protected":false},"author":2,"featured_media":9265,"comment_status":"open","ping_status":"open","sticky":false,"template":"","format":"standard","meta":{"footnotes":""},"categories":[13],"tags":[],"class_list":["post-9264","post","type-post","status-publish","format-standard","has-post-thumbnail","hentry","category-sintese-das-ocorrencias"],"yoast_head":"<!-- This site is optimized with the Yoast SEO plugin v27.2 - https:\/\/yoast.com\/product\/yoast-seo-wordpress\/ -->\n<title>M\u00e3e entrega duas armas de fogo para Pol\u00edcia Militar depois de atrito verbal com filha - Ub\u00e1 News<\/title>\n<meta name=\"robots\" content=\"index, follow, max-snippet:-1, max-image-preview:large, max-video-preview:-1\" \/>\n<link rel=\"canonical\" href=\"https:\/\/ubanews.com\/site\/2018\/11\/21\/mae-entrega-duas-armas-de-fogo-para-policia-militar-depois-de-atrito-verbal-com-filha\/\" \/>\n<meta property=\"og:locale\" content=\"pt_BR\" \/>\n<meta property=\"og:type\" content=\"article\" \/>\n<meta property=\"og:title\" content=\"M\u00e3e entrega duas armas de fogo para Pol\u00edcia Militar depois de atrito verbal com filha - Ub\u00e1 News\" \/>\n<meta property=\"og:description\" content=\"No dia 20 de Novembro \u00e0s 20h e 17min, na\" \/>\n<meta property=\"og:url\" content=\"https:\/\/ubanews.com\/site\/2018\/11\/21\/mae-entrega-duas-armas-de-fogo-para-policia-militar-depois-de-atrito-verbal-com-filha\/\" \/>\n<meta property=\"og:site_name\" content=\"Ub\u00e1 News\" \/>\n<meta property=\"article:publisher\" content=\"https:\/\/www.facebook.com\/Ub%c3%a1News-Carlos-Roberto-Sodr%c3%a9-418778301977370\" \/>\n<meta property=\"article:author\" content=\"https:\/\/www.facebook.com\/carosroberto.sodre.5\/\" \/>\n<meta property=\"article:published_time\" content=\"2018-11-21T12:09:35+00:00\" \/>\n<meta property=\"og:image\" content=\"https:\/\/ubanews.com\/site\/wp-content\/uploads\/2018\/11\/arma1.jpg\" \/>\n\t<meta property=\"og:image:width\" content=\"800\" \/>\n\t<meta property=\"og:image:height\" content=\"389\" \/>\n\t<meta property=\"og:image:type\" content=\"image\/jpeg\" \/>\n<meta name=\"author\" content=\"Sodr\u00e9\" \/>\n<meta name=\"twitter:card\" content=\"summary_large_image\" \/>\n<meta name=\"twitter:label1\" content=\"Escrito por\" \/>\n\t<meta name=\"twitter:data1\" content=\"Sodr\u00e9\" \/>\n\t<meta name=\"twitter:label2\" content=\"Est. tempo de leitura\" \/>\n\t<meta name=\"twitter:data2\" content=\"1 minuto\" \/>\n<script type=\"application\/ld+json\" class=\"yoast-schema-graph\">{\"@context\":\"https:\/\/schema.org\",\"@graph\":[{\"@type\":\"Article\",\"@id\":\"https:\/\/ubanews.com\/site\/2018\/11\/21\/mae-entrega-duas-armas-de-fogo-para-policia-militar-depois-de-atrito-verbal-com-filha\/#article\",\"isPartOf\":{\"@id\":\"https:\/\/ubanews.com\/site\/2018\/11\/21\/mae-entrega-duas-armas-de-fogo-para-policia-militar-depois-de-atrito-verbal-com-filha\/\"},\"author\":{\"name\":\"Sodr\u00e9\",\"@id\":\"https:\/\/ubanews.com\/site\/#\/schema\/person\/d90c9e47252fbb63dcc969fe4c8b9d10\"},\"headline\":\"M\u00e3e entrega duas armas de fogo para Pol\u00edcia Militar depois de atrito verbal com filha\",\"datePublished\":\"2018-11-21T12:09:35+00:00\",\"mainEntityOfPage\":{\"@id\":\"https:\/\/ubanews.com\/site\/2018\/11\/21\/mae-entrega-duas-armas-de-fogo-para-policia-militar-depois-de-atrito-verbal-com-filha\/\"},\"wordCount\":190,\"commentCount\":1,\"publisher\":{\"@id\":\"https:\/\/ubanews.com\/site\/#organization\"},\"image\":{\"@id\":\"https:\/\/ubanews.com\/site\/2018\/11\/21\/mae-entrega-duas-armas-de-fogo-para-policia-militar-depois-de-atrito-verbal-com-filha\/#primaryimage\"},\"thumbnailUrl\":\"https:\/\/ubanews.com\/site\/wp-content\/uploads\/2018\/11\/arma1.jpg\",\"articleSection\":[\"S\u00edntese das Ocorr\u00eancias\"],\"inLanguage\":\"pt-BR\",\"potentialAction\":[{\"@type\":\"CommentAction\",\"name\":\"Comment\",\"target\":[\"https:\/\/ubanews.com\/site\/2018\/11\/21\/mae-entrega-duas-armas-de-fogo-para-policia-militar-depois-de-atrito-verbal-com-filha\/#respond\"]}]},{\"@type\":\"WebPage\",\"@id\":\"https:\/\/ubanews.com\/site\/2018\/11\/21\/mae-entrega-duas-armas-de-fogo-para-policia-militar-depois-de-atrito-verbal-com-filha\/\",\"url\":\"https:\/\/ubanews.com\/site\/2018\/11\/21\/mae-entrega-duas-armas-de-fogo-para-policia-militar-depois-de-atrito-verbal-com-filha\/\",\"name\":\"M\u00e3e entrega duas armas de fogo para Pol\u00edcia Militar depois de atrito verbal com filha - Ub\u00e1 News\",\"isPartOf\":{\"@id\":\"https:\/\/ubanews.com\/site\/#website\"},\"primaryImageOfPage\":{\"@id\":\"https:\/\/ubanews.com\/site\/2018\/11\/21\/mae-entrega-duas-armas-de-fogo-para-policia-militar-depois-de-atrito-verbal-com-filha\/#primaryimage\"},\"image\":{\"@id\":\"https:\/\/ubanews.com\/site\/2018\/11\/21\/mae-entrega-duas-armas-de-fogo-para-policia-militar-depois-de-atrito-verbal-com-filha\/#primaryimage\"},\"thumbnailUrl\":\"https:\/\/ubanews.com\/site\/wp-content\/uploads\/2018\/11\/arma1.jpg\",\"datePublished\":\"2018-11-21T12:09:35+00:00\",\"breadcrumb\":{\"@id\":\"https:\/\/ubanews.com\/site\/2018\/11\/21\/mae-entrega-duas-armas-de-fogo-para-policia-militar-depois-de-atrito-verbal-com-filha\/#breadcrumb\"},\"inLanguage\":\"pt-BR\",\"potentialAction\":[{\"@type\":\"ReadAction\",\"target\":[\"https:\/\/ubanews.com\/site\/2018\/11\/21\/mae-entrega-duas-armas-de-fogo-para-policia-militar-depois-de-atrito-verbal-com-filha\/\"]}]},{\"@type\":\"ImageObject\",\"inLanguage\":\"pt-BR\",\"@id\":\"https:\/\/ubanews.com\/site\/2018\/11\/21\/mae-entrega-duas-armas-de-fogo-para-policia-militar-depois-de-atrito-verbal-com-filha\/#primaryimage\",\"url\":\"https:\/\/ubanews.com\/site\/wp-content\/uploads\/2018\/11\/arma1.jpg\",\"contentUrl\":\"https:\/\/ubanews.com\/site\/wp-content\/uploads\/2018\/11\/arma1.jpg\",\"width\":800,\"height\":389},{\"@type\":\"BreadcrumbList\",\"@id\":\"https:\/\/ubanews.com\/site\/2018\/11\/21\/mae-entrega-duas-armas-de-fogo-para-policia-militar-depois-de-atrito-verbal-com-filha\/#breadcrumb\",\"itemListElement\":[{\"@type\":\"ListItem\",\"position\":1,\"name\":\"Home\",\"item\":\"https:\/\/ubanews.com\/site\/\"},{\"@type\":\"ListItem\",\"position\":2,\"name\":\"M\u00e3e entrega duas armas de fogo para Pol\u00edcia Militar depois de atrito verbal com filha\"}]},{\"@type\":\"WebSite\",\"@id\":\"https:\/\/ubanews.com\/site\/#website\",\"url\":\"https:\/\/ubanews.com\/site\/\",\"name\":\"Ub\u00e1 News\",\"description\":\"\",\"publisher\":{\"@id\":\"https:\/\/ubanews.com\/site\/#organization\"},\"potentialAction\":[{\"@type\":\"SearchAction\",\"target\":{\"@type\":\"EntryPoint\",\"urlTemplate\":\"https:\/\/ubanews.com\/site\/?s={search_term_string}\"},\"query-input\":{\"@type\":\"PropertyValueSpecification\",\"valueRequired\":true,\"valueName\":\"search_term_string\"}}],\"inLanguage\":\"pt-BR\"},{\"@type\":\"Organization\",\"@id\":\"https:\/\/ubanews.com\/site\/#organization\",\"name\":\"Ub\u00e1 News\",\"url\":\"https:\/\/ubanews.com\/site\/\",\"logo\":{\"@type\":\"ImageObject\",\"inLanguage\":\"pt-BR\",\"@id\":\"https:\/\/ubanews.com\/site\/#\/schema\/logo\/image\/\",\"url\":\"https:\/\/ubanews.com\/site\/wp-content\/uploads\/2018\/01\/logoubanews.png\",\"contentUrl\":\"https:\/\/ubanews.com\/site\/wp-content\/uploads\/2018\/01\/logoubanews.png\",\"width\":261,\"height\":99,\"caption\":\"Ub\u00e1 News\"},\"image\":{\"@id\":\"https:\/\/ubanews.com\/site\/#\/schema\/logo\/image\/\"},\"sameAs\":[\"https:\/\/www.facebook.com\/Ub\u00e1News-Carlos-Roberto-Sodr\u00e9-418778301977370\"]},{\"@type\":\"Person\",\"@id\":\"https:\/\/ubanews.com\/site\/#\/schema\/person\/d90c9e47252fbb63dcc969fe4c8b9d10\",\"name\":\"Sodr\u00e9\",\"image\":{\"@type\":\"ImageObject\",\"inLanguage\":\"pt-BR\",\"@id\":\"https:\/\/secure.gravatar.com\/avatar\/5ba2793f0590b9dbfad3fdec4ee714485b3eef211c9b32ee53d414060454a56c?s=96&d=mm&r=g\",\"url\":\"https:\/\/secure.gravatar.com\/avatar\/5ba2793f0590b9dbfad3fdec4ee714485b3eef211c9b32ee53d414060454a56c?s=96&d=mm&r=g\",\"contentUrl\":\"https:\/\/secure.gravatar.com\/avatar\/5ba2793f0590b9dbfad3fdec4ee714485b3eef211c9b32ee53d414060454a56c?s=96&d=mm&r=g\",\"caption\":\"Sodr\u00e9\"},\"sameAs\":[\"https:\/\/www.facebook.com\/carosroberto.sodre.5\/\"],\"url\":\"https:\/\/ubanews.com\/site\/author\/felipe\/\"}]}<\/script>\n<!-- \/ Yoast SEO plugin. -->","yoast_head_json":{"title":"M\u00e3e entrega duas armas de fogo para Pol\u00edcia Militar depois de atrito verbal com filha - Ub\u00e1 News","robots":{"index":"index","follow":"follow","max-snippet":"max-snippet:-1","max-image-preview":"max-image-preview:large","max-video-preview":"max-video-preview:-1"},"canonical":"https:\/\/ubanews.com\/site\/2018\/11\/21\/mae-entrega-duas-armas-de-fogo-para-policia-militar-depois-de-atrito-verbal-com-filha\/","og_locale":"pt_BR","og_type":"article","og_title":"M\u00e3e entrega duas armas de fogo para Pol\u00edcia Militar depois de atrito verbal com filha - Ub\u00e1 News","og_description":"No dia 20 de Novembro \u00e0s 20h e 17min, na","og_url":"https:\/\/ubanews.com\/site\/2018\/11\/21\/mae-entrega-duas-armas-de-fogo-para-policia-militar-depois-de-atrito-verbal-com-filha\/","og_site_name":"Ub\u00e1 News","article_publisher":"https:\/\/www.facebook.com\/Ub%c3%a1News-Carlos-Roberto-Sodr%c3%a9-418778301977370","article_author":"https:\/\/www.facebook.com\/carosroberto.sodre.5\/","article_published_time":"2018-11-21T12:09:35+00:00","og_image":[{"width":800,"height":389,"url":"https:\/\/ubanews.com\/site\/wp-content\/uploads\/2018\/11\/arma1.jpg","type":"image\/jpeg"}],"author":"Sodr\u00e9","twitter_card":"summary_large_image","twitter_misc":{"Escrito por":"Sodr\u00e9","Est. tempo de leitura":"1 minuto"},"schema":{"@context":"https:\/\/schema.org","@graph":[{"@type":"Article","@id":"https:\/\/ubanews.com\/site\/2018\/11\/21\/mae-entrega-duas-armas-de-fogo-para-policia-militar-depois-de-atrito-verbal-com-filha\/#article","isPartOf":{"@id":"https:\/\/ubanews.com\/site\/2018\/11\/21\/mae-entrega-duas-armas-de-fogo-para-policia-militar-depois-de-atrito-verbal-com-filha\/"},"author":{"name":"Sodr\u00e9","@id":"https:\/\/ubanews.com\/site\/#\/schema\/person\/d90c9e47252fbb63dcc969fe4c8b9d10"},"headline":"M\u00e3e entrega duas armas de fogo para Pol\u00edcia Militar depois de atrito verbal com filha","datePublished":"2018-11-21T12:09:35+00:00","mainEntityOfPage":{"@id":"https:\/\/ubanews.com\/site\/2018\/11\/21\/mae-entrega-duas-armas-de-fogo-para-policia-militar-depois-de-atrito-verbal-com-filha\/"},"wordCount":190,"commentCount":1,"publisher":{"@id":"https:\/\/ubanews.com\/site\/#organization"},"image":{"@id":"https:\/\/ubanews.com\/site\/2018\/11\/21\/mae-entrega-duas-armas-de-fogo-para-policia-militar-depois-de-atrito-verbal-com-filha\/#primaryimage"},"thumbnailUrl":"https:\/\/ubanews.com\/site\/wp-content\/uploads\/2018\/11\/arma1.jpg","articleSection":["S\u00edntese das Ocorr\u00eancias"],"inLanguage":"pt-BR","potentialAction":[{"@type":"CommentAction","name":"Comment","target":["https:\/\/ubanews.com\/site\/2018\/11\/21\/mae-entrega-duas-armas-de-fogo-para-policia-militar-depois-de-atrito-verbal-com-filha\/#respond"]}]},{"@type":"WebPage","@id":"https:\/\/ubanews.com\/site\/2018\/11\/21\/mae-entrega-duas-armas-de-fogo-para-policia-militar-depois-de-atrito-verbal-com-filha\/","url":"https:\/\/ubanews.com\/site\/2018\/11\/21\/mae-entrega-duas-armas-de-fogo-para-policia-militar-depois-de-atrito-verbal-com-filha\/","name":"M\u00e3e entrega duas armas de fogo para Pol\u00edcia Militar depois de atrito verbal com filha - Ub\u00e1 News","isPartOf":{"@id":"https:\/\/ubanews.com\/site\/#website"},"primaryImageOfPage":{"@id":"https:\/\/ubanews.com\/site\/2018\/11\/21\/mae-entrega-duas-armas-de-fogo-para-policia-militar-depois-de-atrito-verbal-com-filha\/#primaryimage"},"image":{"@id":"https:\/\/ubanews.com\/site\/2018\/11\/21\/mae-entrega-duas-armas-de-fogo-para-policia-militar-depois-de-atrito-verbal-com-filha\/#primaryimage"},"thumbnailUrl":"https:\/\/ubanews.com\/site\/wp-content\/uploads\/2018\/11\/arma1.jpg","datePublished":"2018-11-21T12:09:35+00:00","breadcrumb":{"@id":"https:\/\/ubanews.com\/site\/2018\/11\/21\/mae-entrega-duas-armas-de-fogo-para-policia-militar-depois-de-atrito-verbal-com-filha\/#breadcrumb"},"inLanguage":"pt-BR","potentialAction":[{"@type":"ReadAction","target":["https:\/\/ubanews.com\/site\/2018\/11\/21\/mae-entrega-duas-armas-de-fogo-para-policia-militar-depois-de-atrito-verbal-com-filha\/"]}]},{"@type":"ImageObject","inLanguage":"pt-BR","@id":"https:\/\/ubanews.com\/site\/2018\/11\/21\/mae-entrega-duas-armas-de-fogo-para-policia-militar-depois-de-atrito-verbal-com-filha\/#primaryimage","url":"https:\/\/ubanews.com\/site\/wp-content\/uploads\/2018\/11\/arma1.jpg","contentUrl":"https:\/\/ubanews.com\/site\/wp-content\/uploads\/2018\/11\/arma1.jpg","width":800,"height":389},{"@type":"BreadcrumbList","@id":"https:\/\/ubanews.com\/site\/2018\/11\/21\/mae-entrega-duas-armas-de-fogo-para-policia-militar-depois-de-atrito-verbal-com-filha\/#breadcrumb","itemListElement":[{"@type":"ListItem","position":1,"name":"Home","item":"https:\/\/ubanews.com\/site\/"},{"@type":"ListItem","position":2,"name":"M\u00e3e entrega duas armas de fogo para Pol\u00edcia Militar depois de atrito verbal com filha"}]},{"@type":"WebSite","@id":"https:\/\/ubanews.com\/site\/#website","url":"https:\/\/ubanews.com\/site\/","name":"Ub\u00e1 News","description":"","publisher":{"@id":"https:\/\/ubanews.com\/site\/#organization"},"potentialAction":[{"@type":"SearchAction","target":{"@type":"EntryPoint","urlTemplate":"https:\/\/ubanews.com\/site\/?s={search_term_string}"},"query-input":{"@type":"PropertyValueSpecification","valueRequired":true,"valueName":"search_term_string"}}],"inLanguage":"pt-BR"},{"@type":"Organization","@id":"https:\/\/ubanews.com\/site\/#organization","name":"Ub\u00e1 News","url":"https:\/\/ubanews.com\/site\/","logo":{"@type":"ImageObject","inLanguage":"pt-BR","@id":"https:\/\/ubanews.com\/site\/#\/schema\/logo\/image\/","url":"https:\/\/ubanews.com\/site\/wp-content\/uploads\/2018\/01\/logoubanews.png","contentUrl":"https:\/\/ubanews.com\/site\/wp-content\/uploads\/2018\/01\/logoubanews.png","width":261,"height":99,"caption":"Ub\u00e1 News"},"image":{"@id":"https:\/\/ubanews.com\/site\/#\/schema\/logo\/image\/"},"sameAs":["https:\/\/www.facebook.com\/Ub\u00e1News-Carlos-Roberto-Sodr\u00e9-418778301977370"]},{"@type":"Person","@id":"https:\/\/ubanews.com\/site\/#\/schema\/person\/d90c9e47252fbb63dcc969fe4c8b9d10","name":"Sodr\u00e9","image":{"@type":"ImageObject","inLanguage":"pt-BR","@id":"https:\/\/secure.gravatar.com\/avatar\/5ba2793f0590b9dbfad3fdec4ee714485b3eef211c9b32ee53d414060454a56c?s=96&d=mm&r=g","url":"https:\/\/secure.gravatar.com\/avatar\/5ba2793f0590b9dbfad3fdec4ee714485b3eef211c9b32ee53d414060454a56c?s=96&d=mm&r=g","contentUrl":"https:\/\/secure.gravatar.com\/avatar\/5ba2793f0590b9dbfad3fdec4ee714485b3eef211c9b32ee53d414060454a56c?s=96&d=mm&r=g","caption":"Sodr\u00e9"},"sameAs":["https:\/\/www.facebook.com\/carosroberto.sodre.5\/"],"url":"https:\/\/ubanews.com\/site\/author\/felipe\/"}]}},"_links":{"self":[{"href":"https:\/\/ubanews.com\/site\/wp-json\/wp\/v2\/posts\/9264","targetHints":{"allow":["GET"]}}],"collection":[{"href":"https:\/\/ubanews.com\/site\/wp-json\/wp\/v2\/posts"}],"about":[{"href":"https:\/\/ubanews.com\/site\/wp-json\/wp\/v2\/types\/post"}],"author":[{"embeddable":true,"href":"https:\/\/ubanews.com\/site\/wp-json\/wp\/v2\/users\/2"}],"replies":[{"embeddable":true,"href":"https:\/\/ubanews.com\/site\/wp-json\/wp\/v2\/comments?post=9264"}],"version-history":[{"count":0,"href":"https:\/\/ubanews.com\/site\/wp-json\/wp\/v2\/posts\/9264\/revisions"}],"wp:featuredmedia":[{"embeddable":true,"href":"https:\/\/ubanews.com\/site\/wp-json\/wp\/v2\/media\/9265"}],"wp:attachment":[{"href":"https:\/\/ubanews.com\/site\/wp-json\/wp\/v2\/media?parent=9264"}],"wp:term":[{"taxonomy":"category","embeddable":true,"href":"https:\/\/ubanews.com\/site\/wp-json\/wp\/v2\/categories?post=9264"},{"taxonomy":"post_tag","embeddable":true,"href":"https:\/\/ubanews.com\/site\/wp-json\/wp\/v2\/tags?post=9264"}],"curies":[{"name":"wp","href":"https:\/\/api.w.org\/{rel}","templated":true}]}}