{"id":9198,"date":"2018-11-14T12:09:25","date_gmt":"2018-11-14T14:09:25","guid":{"rendered":"http:\/\/ubanews.com\/site\/?p=9198"},"modified":"2018-11-14T12:13:03","modified_gmt":"2018-11-14T14:13:03","slug":"leilao-de-animais-apreendidos-sera-realizado-no-dia-18-de-novembro","status":"publish","type":"post","link":"https:\/\/ubanews.com\/site\/2018\/11\/14\/leilao-de-animais-apreendidos-sera-realizado-no-dia-18-de-novembro\/","title":{"rendered":"LEIL\u00c3O DE ANIMAIS APREENDIDOS SER\u00c1 REALIZADO NO DIA 18 DE NOVEMBRO"},"content":{"rendered":"<p style=\"font-weight: 400;\">A Prefeitura de Ub\u00e1, atrav\u00e9s da Secretaria Municipal de<strong>&nbsp;<\/strong>Ambiente e Mobilidade Urbana comunica a realiza\u00e7\u00e3o de Leil\u00e3o, do tipo melhor lance ou oferta, objetivando a venda de animais apreendidos em vias p\u00fablicas e n\u00e3o resgatados por seus propriet\u00e1rios.<\/p>\n<p style=\"font-weight: 400;\">O Leil\u00e3o 01\/2018 ser\u00e1 realizado no dia&nbsp;<strong>18 de novembro (domingo), \u00e0s 10h<\/strong>, no S\u00edtio S\u00e3o Francisco, situado na Rodovia Ub\u00e1-Guidoval &#8211; km 3 (com entrada ao lado da Oficina do Jos\u00e9 Carlos).<\/p>\n<p style=\"font-weight: 400;\">Os interessados poder\u00e3o examinar os animais at\u00e9 o dia 18, em hor\u00e1rio comercial, no local do leil\u00e3o.<\/p>\n<p style=\"font-weight: 400;\">Para participa\u00e7\u00e3o no leil\u00e3o o interessado dever\u00e1 comparecer no dia e local portando, obrigatoriamente, documentos de identidade e CPF originais e\/ou CNPJ.<\/p>\n<p><a href=\"https:\/\/ubanews.com\/site\/wp-content\/uploads\/2018\/11\/LEIL\u00c3O-DE-AMBIENTES.jpg\"><img decoding=\"async\" class=\"alignnone wp-image-9199 size-full lazyload\" data-src=\"https:\/\/ubanews.com\/site\/wp-content\/uploads\/2018\/11\/LEIL\u00c3O-DE-AMBIENTES.jpg\" alt=\"\" width=\"800\" height=\"389\" data-srcset=\"https:\/\/ubanews.com\/site\/wp-content\/uploads\/2018\/11\/LEIL\u00c3O-DE-AMBIENTES.jpg 800w, https:\/\/ubanews.com\/site\/wp-content\/uploads\/2018\/11\/LEIL\u00c3O-DE-AMBIENTES-300x146.jpg 300w, https:\/\/ubanews.com\/site\/wp-content\/uploads\/2018\/11\/LEIL\u00c3O-DE-AMBIENTES-768x373.jpg 768w\" data-sizes=\"(max-width: 800px) 100vw, 800px\" src=\"data:image\/svg+xml;base64,PHN2ZyB3aWR0aD0iMSIgaGVpZ2h0PSIxIiB4bWxucz0iaHR0cDovL3d3dy53My5vcmcvMjAwMC9zdmciPjwvc3ZnPg==\" style=\"--smush-placeholder-width: 800px; --smush-placeholder-aspect-ratio: 800\/389;\" \/><\/a><\/p>\n<p><strong>EDITAL DE LEIL\u00c3O DE ANIMAIS APREENDIDOS N\u00ba 01\/2018<\/strong><\/p>\n<p>&nbsp;&nbsp;&nbsp;&nbsp;&nbsp;&nbsp;&nbsp;&nbsp;&nbsp;&nbsp;&nbsp;&nbsp; O Munic\u00edpio de Ub\u00e1-MG, por interm\u00e9dio de sua Secretaria Municipal do Ambiente e Mobilidade Urbana, torna p\u00fablico que realizar\u00e1 LEIL\u00c3O, do tipo melhor lance ou oferta, objetivando a venda de animal(is) apreendido(s) solto(s) em via(s) p\u00fablica(s), e n\u00e3o resgatados por seus propriet\u00e1rios, nos termos da Lei Federal 8.666\/93 e do C\u00f3digo de Posturas do Munic\u00edpio de Ub\u00e1 (art. 94) e das normas constantes deste edital.<\/p>\n<p>&nbsp;<\/p>\n<p>&nbsp;&nbsp;&nbsp;&nbsp;&nbsp;&nbsp;&nbsp;&nbsp;&nbsp;&nbsp;&nbsp;&nbsp; I \u2013 DATA, HOR\u00c1RIO E LOCAL DO LEIL\u00c3O:<\/p>\n<p>&nbsp;&nbsp;&nbsp;&nbsp;&nbsp;&nbsp;&nbsp;&nbsp;&nbsp;&nbsp;&nbsp;&nbsp; <strong>Dia 18\/11\/2018, \u00e0s 10:00 horas<\/strong>, no S\u00edtio S\u00e3o Francisco (de propriedade do Sr. Luiz Tarc\u00edsio Peixoto Guimar\u00e3es \u2013 Tarc\u00edsio Salgado), situado na Rodovia Ub\u00e1-Guidoval, km 3, com entrada ao lado da Oficina do Jos\u00e9 Carlos.<\/p>\n<p>&nbsp;<\/p>\n<p>&nbsp;&nbsp;&nbsp;&nbsp;&nbsp;&nbsp;&nbsp;&nbsp;&nbsp;&nbsp;&nbsp;&nbsp; II \u2013 DO OBJETO:<\/p>\n<p>&nbsp;&nbsp;&nbsp;&nbsp;&nbsp;&nbsp;&nbsp;&nbsp;&nbsp;&nbsp;&nbsp;&nbsp; Constitui objeto do presente leil\u00e3o a venda do(s) seguinte(s) animal(is) apreendido(s) em via p\u00fablica, recolhido(s) a curral designado pelo Munic\u00edpio e n\u00e3o recuperados por seu propriet\u00e1rio no prazo legal:<\/p>\n<table width=\"1077\">\n<tbody>\n<tr>\n<td width=\"319\">Data apreens\u00e3o<\/td>\n<td width=\"120\">BOS<\/td>\n<td width=\"168\">Animal<\/td>\n<td width=\"471\">Caracter\u00edsticas<\/td>\n<\/tr>\n<tr>\n<td width=\"319\">29\/08\/2018<\/td>\n<td width=\"120\">2152<\/td>\n<td width=\"168\">Cavalo<\/td>\n<td width=\"471\">Pelagem preta<\/td>\n<\/tr>\n<tr>\n<td width=\"319\">29\/08\/2018<\/td>\n<td width=\"120\">2152<\/td>\n<td width=\"168\">\u00c9gua<\/td>\n<td width=\"471\">Pelagem branca<\/td>\n<\/tr>\n<tr>\n<td width=\"319\">22\/10\/2018<\/td>\n<td width=\"120\">2570<\/td>\n<td width=\"168\">\u00c9gua<\/td>\n<td width=\"471\">Pelagem castanha<\/td>\n<\/tr>\n<tr>\n<td width=\"319\">23\/10\/2018<\/td>\n<td width=\"120\">2579<\/td>\n<td width=\"168\">\u00c9gua<\/td>\n<td width=\"471\">Pelagem branca<\/td>\n<\/tr>\n<tr>\n<td width=\"319\">23\/10\/2018<\/td>\n<td width=\"120\">2579<\/td>\n<td width=\"168\">\u00c9gua<\/td>\n<td width=\"471\">Pelagem baia<\/td>\n<\/tr>\n<tr>\n<td width=\"319\">02\/11\/2018<\/td>\n<td width=\"120\">2653<\/td>\n<td width=\"168\">Cavalo<\/td>\n<td width=\"471\">Pelagem castanha<\/td>\n<\/tr>\n<tr>\n<td width=\"319\">07\/11\/2018<\/td>\n<td width=\"120\">2692<\/td>\n<td width=\"168\">Cavalo<\/td>\n<td width=\"471\">Pelagem pedr\u00eas<\/td>\n<\/tr>\n<tr>\n<td width=\"319\">07\/11\/2018<\/td>\n<td width=\"120\">2692<\/td>\n<td width=\"168\">Cavalo<\/td>\n<td width=\"471\">Pelagem branca<\/td>\n<\/tr>\n<tr>\n<td width=\"319\">07\/11\/2018<\/td>\n<td width=\"120\">2692<\/td>\n<td width=\"168\">Burro<\/td>\n<td width=\"471\">Pelagem \u201cpelo de rato\u201d<\/td>\n<\/tr>\n<tr>\n<td width=\"319\">07\/11\/2018<\/td>\n<td width=\"120\">2692<\/td>\n<td width=\"168\">\u00c9gua<\/td>\n<td width=\"471\">Pelagem branca<\/td>\n<\/tr>\n<\/tbody>\n<\/table>\n<p>&nbsp;<\/p>\n<p>&nbsp;&nbsp;&nbsp;&nbsp;&nbsp;&nbsp;&nbsp;&nbsp;&nbsp;&nbsp;&nbsp;&nbsp; III \u2013 DA VISITA\u00c7\u00c3O:<\/p>\n<p>&nbsp;&nbsp;&nbsp;&nbsp;&nbsp;&nbsp;&nbsp;&nbsp;&nbsp;&nbsp;&nbsp;&nbsp; O(s) animal(is) pode(m) ser visitado(s) at\u00e9 o dia e hor\u00e1rio do leil\u00e3o, em hor\u00e1rio comercial, no local indicado no item I. Durante a visita, \u00e9 terminantemente proibida a retirada do animal do local onde se encontra.<\/p>\n<p>&nbsp;<\/p>\n<p>&nbsp;&nbsp;&nbsp;&nbsp;&nbsp;&nbsp;&nbsp;&nbsp;&nbsp;&nbsp;&nbsp;&nbsp; IV \u2013 DAS CONDI\u00c7\u00d5ES DE PARTICIPA\u00c7\u00c3O:<\/p>\n<p>&nbsp;&nbsp;&nbsp;&nbsp;&nbsp;&nbsp;&nbsp;&nbsp;&nbsp;&nbsp;&nbsp;&nbsp; \u00c9 facultada a participa\u00e7\u00e3o de toda e qualquer pessoa f\u00edsica e jur\u00eddica independentemente de qualquer formalidade, fazendo-se identificar atrav\u00e9s de documento de identidade (RG, CPF ou CNPJ), vedada a participa\u00e7\u00e3o de Agente Pol\u00edtico e Servidores do Munic\u00edpio de Ub\u00e1, seus c\u00f4njuges ou companheiros, assim como empresas da qual aqueles sejam propriet\u00e1rios ou s\u00f3cios.<\/p>\n<p>&nbsp;<\/p>\n<p>&nbsp;&nbsp;&nbsp;&nbsp;&nbsp;&nbsp;&nbsp;&nbsp;&nbsp;&nbsp;&nbsp;&nbsp; V \u2013 DO LEIL\u00c3O:<\/p>\n<p>&nbsp;&nbsp;&nbsp;&nbsp;&nbsp;&nbsp;&nbsp;&nbsp;&nbsp;&nbsp;&nbsp;&nbsp; 5.1 \u2013 O animal arrematado ser\u00e1 entregue no estado em que se encontra, livre e desembara\u00e7ado de qualquer \u00f4nus, n\u00e3o respondendo o Munic\u00edpio pela qualidade, defici\u00eancia ou aproveitamento do animal. Para tanto, o interessado deve realizar a visita pr\u00e9via, nos termos do item III;<\/p>\n<p>&nbsp;&nbsp;&nbsp;&nbsp;&nbsp;&nbsp;&nbsp;&nbsp;&nbsp;&nbsp;&nbsp;&nbsp; 5.2 \u2013 N\u00e3o cabe retirada de lance e nem tampouco desist\u00eancia da arremata\u00e7\u00e3o. N\u00e3o haver\u00e1 devolu\u00e7\u00e3o de valores pagos.<\/p>\n<p>&nbsp;&nbsp;&nbsp;&nbsp;&nbsp;&nbsp;&nbsp;&nbsp;&nbsp;&nbsp;&nbsp;&nbsp; 5.3 \u2013 A remo\u00e7\u00e3o do animal arrematado \u00e9 de inteira responsabilidade e sob custos do arrematante;<\/p>\n<p>&nbsp;&nbsp;&nbsp;&nbsp;&nbsp;&nbsp;&nbsp;&nbsp;&nbsp;&nbsp;&nbsp;&nbsp; 5.4 \u2013 O arrematante ter\u00e1 o prazo de at\u00e9 12 (doze) horas para retirar o animal da Fazenda da APAE Rural, sob pena de assumir os custos da manten\u00e7a do animal at\u00e9 a sua retirada.<\/p>\n<p>&nbsp;<\/p>\n<p>&nbsp;&nbsp;&nbsp;&nbsp;&nbsp;&nbsp;&nbsp;&nbsp;&nbsp;&nbsp;&nbsp;&nbsp; VI \u2013 DO PAGAMENTO:<\/p>\n<p>&nbsp;&nbsp;&nbsp;&nbsp;&nbsp;&nbsp;&nbsp;&nbsp;&nbsp;&nbsp;&nbsp;&nbsp; 6.1 \u2013 O animal somente ser\u00e1 liberado mediante comprova\u00e7\u00e3o do pagamento do valor da arremata\u00e7\u00e3o, que deve ser recolhido diretamente no guich\u00ea da Prefeitura Municipal de Ub\u00e1 ou pago, em dinheiro, ao leiloeiro, mediante recibo;<\/p>\n<p>6.6.1 \u2013 O leiloeiro, na hip\u00f3tese do item 6.1, parte final, ter\u00e1 at\u00e9 o dia \u00fatil seguinte para recolher o valor recebido junto \u00e0 Tesouraria da Prefeitura Municipal de Ub\u00e1, sob responsabilidade, anexando c\u00f3pia do comprovante aos autos do leil\u00e3o;<\/p>\n<p>&nbsp;&nbsp;&nbsp;&nbsp;&nbsp;&nbsp;&nbsp;&nbsp;&nbsp;&nbsp;&nbsp;&nbsp; 6.2 \u2013 O pagamento ser\u00e1 integral e sem desconto;<\/p>\n<p>&nbsp;&nbsp;&nbsp;&nbsp;&nbsp;&nbsp;&nbsp;&nbsp;&nbsp;&nbsp;&nbsp;&nbsp; 6.3 \u2013 No ato do pagamento o arrematante apresentar\u00e1 RG e CPF, se pessoa f\u00edsica ou CNPJ e RG do representante, se pessoa jur\u00eddica;<\/p>\n<p>&nbsp;&nbsp;&nbsp;&nbsp;&nbsp;&nbsp;&nbsp;&nbsp;&nbsp;&nbsp;&nbsp;&nbsp;<\/p>\n<p>&nbsp;&nbsp;&nbsp;&nbsp;&nbsp;&nbsp;&nbsp;&nbsp;&nbsp;&nbsp;&nbsp;&nbsp; VII \u2013 DISPOSI\u00c7\u00d5ES GERAIS:<\/p>\n<p>&nbsp;&nbsp;&nbsp;&nbsp;&nbsp;&nbsp;&nbsp;&nbsp;&nbsp;&nbsp;&nbsp;&nbsp; 7.1 \u2013 A Nota de Arremata\u00e7\u00e3o expedida pelo leiloeiro \u00e9 documento indispens\u00e1vel para recolhimento do pagamento junto \u00e0 Fazenda Municipal, assim como para a retirada do animal;<\/p>\n<p>&nbsp;&nbsp;&nbsp;&nbsp;&nbsp;&nbsp;&nbsp;&nbsp;&nbsp;&nbsp;&nbsp;&nbsp; 7.2 \u2013 Os participantes do leil\u00e3o n\u00e3o poder\u00e3o alegar desconhecimento das condi\u00e7\u00f5es estabelecidas neste edital, vez que a sua participa\u00e7\u00e3o no leil\u00e3o pressup\u00f5e a aceita\u00e7\u00e3o das normas aqui estabelecidas;<\/p>\n<p>&nbsp;&nbsp;&nbsp;&nbsp;&nbsp;&nbsp;&nbsp;&nbsp;&nbsp;&nbsp;&nbsp;&nbsp; 7.3 &#8211; Outros esclarecimentos e informa\u00e7\u00f5es podem ser obtidos junto \u00e0 Secretaria Municipal do Ambiente e Mobilidade Urbana, telefone 32 3301-6146, nos dias \u00fateis, em hor\u00e1rio comercial.<\/p>\n<p>Ub\u00e1,12 de novembro de 2018<\/p>\n<p><strong>VICENTE DE PAULO PINTO<\/strong><\/p>\n<p><strong>Secret\u00e1rio Municipal do Ambiente e Mobilidade Urbana<\/strong><\/p>\n<p><strong>ASSESSORIA DE COMUNICA\u00c7\u00c3O PREFEITURA MUNICIPAL DE UB\u00c1<\/strong><\/p>\n","protected":false},"excerpt":{"rendered":"<p>A Prefeitura de Ub\u00e1, atrav\u00e9s da Secretaria Municipal de&nbsp;Ambiente e<\/p>\n","protected":false},"author":2,"featured_media":9201,"comment_status":"open","ping_status":"open","sticky":false,"template":"","format":"standard","meta":{"footnotes":""},"categories":[1],"tags":[],"class_list":["post-9198","post","type-post","status-publish","format-standard","has-post-thumbnail","hentry","category-sem-categoria"],"yoast_head":"<!-- This site is optimized with the Yoast SEO plugin v27.2 - https:\/\/yoast.com\/product\/yoast-seo-wordpress\/ -->\n<title>LEIL\u00c3O DE ANIMAIS APREENDIDOS SER\u00c1 REALIZADO NO DIA 18 DE NOVEMBRO - Ub\u00e1 News<\/title>\n<meta name=\"robots\" content=\"index, follow, max-snippet:-1, max-image-preview:large, max-video-preview:-1\" \/>\n<link rel=\"canonical\" href=\"https:\/\/ubanews.com\/site\/2018\/11\/14\/leilao-de-animais-apreendidos-sera-realizado-no-dia-18-de-novembro\/\" \/>\n<meta property=\"og:locale\" content=\"pt_BR\" \/>\n<meta property=\"og:type\" content=\"article\" \/>\n<meta property=\"og:title\" content=\"LEIL\u00c3O DE ANIMAIS APREENDIDOS SER\u00c1 REALIZADO NO DIA 18 DE NOVEMBRO - Ub\u00e1 News\" \/>\n<meta property=\"og:description\" content=\"A Prefeitura de Ub\u00e1, atrav\u00e9s da Secretaria Municipal de&nbsp;Ambiente e\" \/>\n<meta property=\"og:url\" content=\"https:\/\/ubanews.com\/site\/2018\/11\/14\/leilao-de-animais-apreendidos-sera-realizado-no-dia-18-de-novembro\/\" \/>\n<meta property=\"og:site_name\" content=\"Ub\u00e1 News\" \/>\n<meta property=\"article:publisher\" content=\"https:\/\/www.facebook.com\/Ub%c3%a1News-Carlos-Roberto-Sodr%c3%a9-418778301977370\" \/>\n<meta property=\"article:author\" content=\"https:\/\/www.facebook.com\/carosroberto.sodre.5\/\" \/>\n<meta property=\"article:published_time\" content=\"2018-11-14T14:09:25+00:00\" \/>\n<meta property=\"article:modified_time\" content=\"2018-11-14T14:13:03+00:00\" \/>\n<meta property=\"og:image\" content=\"https:\/\/ubanews.com\/site\/wp-content\/uploads\/2018\/11\/182.jpg\" \/>\n\t<meta property=\"og:image:width\" content=\"800\" \/>\n\t<meta property=\"og:image:height\" content=\"527\" \/>\n\t<meta property=\"og:image:type\" content=\"image\/jpeg\" \/>\n<meta name=\"author\" content=\"Sodr\u00e9\" \/>\n<meta name=\"twitter:card\" content=\"summary_large_image\" \/>\n<meta name=\"twitter:label1\" content=\"Escrito por\" \/>\n\t<meta name=\"twitter:data1\" content=\"Sodr\u00e9\" \/>\n\t<meta name=\"twitter:label2\" content=\"Est. tempo de leitura\" \/>\n\t<meta name=\"twitter:data2\" content=\"5 minutos\" \/>\n<script type=\"application\/ld+json\" class=\"yoast-schema-graph\">{\"@context\":\"https:\/\/schema.org\",\"@graph\":[{\"@type\":\"Article\",\"@id\":\"https:\/\/ubanews.com\/site\/2018\/11\/14\/leilao-de-animais-apreendidos-sera-realizado-no-dia-18-de-novembro\/#article\",\"isPartOf\":{\"@id\":\"https:\/\/ubanews.com\/site\/2018\/11\/14\/leilao-de-animais-apreendidos-sera-realizado-no-dia-18-de-novembro\/\"},\"author\":{\"name\":\"Sodr\u00e9\",\"@id\":\"https:\/\/ubanews.com\/site\/#\/schema\/person\/d90c9e47252fbb63dcc969fe4c8b9d10\"},\"headline\":\"LEIL\u00c3O DE ANIMAIS APREENDIDOS SER\u00c1 REALIZADO NO DIA 18 DE NOVEMBRO\",\"datePublished\":\"2018-11-14T14:09:25+00:00\",\"dateModified\":\"2018-11-14T14:13:03+00:00\",\"mainEntityOfPage\":{\"@id\":\"https:\/\/ubanews.com\/site\/2018\/11\/14\/leilao-de-animais-apreendidos-sera-realizado-no-dia-18-de-novembro\/\"},\"wordCount\":1089,\"commentCount\":0,\"publisher\":{\"@id\":\"https:\/\/ubanews.com\/site\/#organization\"},\"image\":{\"@id\":\"https:\/\/ubanews.com\/site\/2018\/11\/14\/leilao-de-animais-apreendidos-sera-realizado-no-dia-18-de-novembro\/#primaryimage\"},\"thumbnailUrl\":\"https:\/\/ubanews.com\/site\/wp-content\/uploads\/2018\/11\/182.jpg\",\"articleSection\":[\"Geral\"],\"inLanguage\":\"pt-BR\",\"potentialAction\":[{\"@type\":\"CommentAction\",\"name\":\"Comment\",\"target\":[\"https:\/\/ubanews.com\/site\/2018\/11\/14\/leilao-de-animais-apreendidos-sera-realizado-no-dia-18-de-novembro\/#respond\"]}]},{\"@type\":\"WebPage\",\"@id\":\"https:\/\/ubanews.com\/site\/2018\/11\/14\/leilao-de-animais-apreendidos-sera-realizado-no-dia-18-de-novembro\/\",\"url\":\"https:\/\/ubanews.com\/site\/2018\/11\/14\/leilao-de-animais-apreendidos-sera-realizado-no-dia-18-de-novembro\/\",\"name\":\"LEIL\u00c3O DE ANIMAIS APREENDIDOS SER\u00c1 REALIZADO NO DIA 18 DE NOVEMBRO - Ub\u00e1 News\",\"isPartOf\":{\"@id\":\"https:\/\/ubanews.com\/site\/#website\"},\"primaryImageOfPage\":{\"@id\":\"https:\/\/ubanews.com\/site\/2018\/11\/14\/leilao-de-animais-apreendidos-sera-realizado-no-dia-18-de-novembro\/#primaryimage\"},\"image\":{\"@id\":\"https:\/\/ubanews.com\/site\/2018\/11\/14\/leilao-de-animais-apreendidos-sera-realizado-no-dia-18-de-novembro\/#primaryimage\"},\"thumbnailUrl\":\"https:\/\/ubanews.com\/site\/wp-content\/uploads\/2018\/11\/182.jpg\",\"datePublished\":\"2018-11-14T14:09:25+00:00\",\"dateModified\":\"2018-11-14T14:13:03+00:00\",\"breadcrumb\":{\"@id\":\"https:\/\/ubanews.com\/site\/2018\/11\/14\/leilao-de-animais-apreendidos-sera-realizado-no-dia-18-de-novembro\/#breadcrumb\"},\"inLanguage\":\"pt-BR\",\"potentialAction\":[{\"@type\":\"ReadAction\",\"target\":[\"https:\/\/ubanews.com\/site\/2018\/11\/14\/leilao-de-animais-apreendidos-sera-realizado-no-dia-18-de-novembro\/\"]}]},{\"@type\":\"ImageObject\",\"inLanguage\":\"pt-BR\",\"@id\":\"https:\/\/ubanews.com\/site\/2018\/11\/14\/leilao-de-animais-apreendidos-sera-realizado-no-dia-18-de-novembro\/#primaryimage\",\"url\":\"https:\/\/ubanews.com\/site\/wp-content\/uploads\/2018\/11\/182.jpg\",\"contentUrl\":\"https:\/\/ubanews.com\/site\/wp-content\/uploads\/2018\/11\/182.jpg\",\"width\":800,\"height\":527},{\"@type\":\"BreadcrumbList\",\"@id\":\"https:\/\/ubanews.com\/site\/2018\/11\/14\/leilao-de-animais-apreendidos-sera-realizado-no-dia-18-de-novembro\/#breadcrumb\",\"itemListElement\":[{\"@type\":\"ListItem\",\"position\":1,\"name\":\"Home\",\"item\":\"https:\/\/ubanews.com\/site\/\"},{\"@type\":\"ListItem\",\"position\":2,\"name\":\"LEIL\u00c3O DE ANIMAIS APREENDIDOS SER\u00c1 REALIZADO NO DIA 18 DE NOVEMBRO\"}]},{\"@type\":\"WebSite\",\"@id\":\"https:\/\/ubanews.com\/site\/#website\",\"url\":\"https:\/\/ubanews.com\/site\/\",\"name\":\"Ub\u00e1 News\",\"description\":\"\",\"publisher\":{\"@id\":\"https:\/\/ubanews.com\/site\/#organization\"},\"potentialAction\":[{\"@type\":\"SearchAction\",\"target\":{\"@type\":\"EntryPoint\",\"urlTemplate\":\"https:\/\/ubanews.com\/site\/?s={search_term_string}\"},\"query-input\":{\"@type\":\"PropertyValueSpecification\",\"valueRequired\":true,\"valueName\":\"search_term_string\"}}],\"inLanguage\":\"pt-BR\"},{\"@type\":\"Organization\",\"@id\":\"https:\/\/ubanews.com\/site\/#organization\",\"name\":\"Ub\u00e1 News\",\"url\":\"https:\/\/ubanews.com\/site\/\",\"logo\":{\"@type\":\"ImageObject\",\"inLanguage\":\"pt-BR\",\"@id\":\"https:\/\/ubanews.com\/site\/#\/schema\/logo\/image\/\",\"url\":\"https:\/\/ubanews.com\/site\/wp-content\/uploads\/2018\/01\/logoubanews.png\",\"contentUrl\":\"https:\/\/ubanews.com\/site\/wp-content\/uploads\/2018\/01\/logoubanews.png\",\"width\":261,\"height\":99,\"caption\":\"Ub\u00e1 News\"},\"image\":{\"@id\":\"https:\/\/ubanews.com\/site\/#\/schema\/logo\/image\/\"},\"sameAs\":[\"https:\/\/www.facebook.com\/Ub\u00e1News-Carlos-Roberto-Sodr\u00e9-418778301977370\"]},{\"@type\":\"Person\",\"@id\":\"https:\/\/ubanews.com\/site\/#\/schema\/person\/d90c9e47252fbb63dcc969fe4c8b9d10\",\"name\":\"Sodr\u00e9\",\"image\":{\"@type\":\"ImageObject\",\"inLanguage\":\"pt-BR\",\"@id\":\"https:\/\/secure.gravatar.com\/avatar\/5ba2793f0590b9dbfad3fdec4ee714485b3eef211c9b32ee53d414060454a56c?s=96&d=mm&r=g\",\"url\":\"https:\/\/secure.gravatar.com\/avatar\/5ba2793f0590b9dbfad3fdec4ee714485b3eef211c9b32ee53d414060454a56c?s=96&d=mm&r=g\",\"contentUrl\":\"https:\/\/secure.gravatar.com\/avatar\/5ba2793f0590b9dbfad3fdec4ee714485b3eef211c9b32ee53d414060454a56c?s=96&d=mm&r=g\",\"caption\":\"Sodr\u00e9\"},\"sameAs\":[\"https:\/\/www.facebook.com\/carosroberto.sodre.5\/\"],\"url\":\"https:\/\/ubanews.com\/site\/author\/felipe\/\"}]}<\/script>\n<!-- \/ Yoast SEO plugin. -->","yoast_head_json":{"title":"LEIL\u00c3O DE ANIMAIS APREENDIDOS SER\u00c1 REALIZADO NO DIA 18 DE NOVEMBRO - Ub\u00e1 News","robots":{"index":"index","follow":"follow","max-snippet":"max-snippet:-1","max-image-preview":"max-image-preview:large","max-video-preview":"max-video-preview:-1"},"canonical":"https:\/\/ubanews.com\/site\/2018\/11\/14\/leilao-de-animais-apreendidos-sera-realizado-no-dia-18-de-novembro\/","og_locale":"pt_BR","og_type":"article","og_title":"LEIL\u00c3O DE ANIMAIS APREENDIDOS SER\u00c1 REALIZADO NO DIA 18 DE NOVEMBRO - Ub\u00e1 News","og_description":"A Prefeitura de Ub\u00e1, atrav\u00e9s da Secretaria Municipal de&nbsp;Ambiente e","og_url":"https:\/\/ubanews.com\/site\/2018\/11\/14\/leilao-de-animais-apreendidos-sera-realizado-no-dia-18-de-novembro\/","og_site_name":"Ub\u00e1 News","article_publisher":"https:\/\/www.facebook.com\/Ub%c3%a1News-Carlos-Roberto-Sodr%c3%a9-418778301977370","article_author":"https:\/\/www.facebook.com\/carosroberto.sodre.5\/","article_published_time":"2018-11-14T14:09:25+00:00","article_modified_time":"2018-11-14T14:13:03+00:00","og_image":[{"width":800,"height":527,"url":"https:\/\/ubanews.com\/site\/wp-content\/uploads\/2018\/11\/182.jpg","type":"image\/jpeg"}],"author":"Sodr\u00e9","twitter_card":"summary_large_image","twitter_misc":{"Escrito por":"Sodr\u00e9","Est. tempo de leitura":"5 minutos"},"schema":{"@context":"https:\/\/schema.org","@graph":[{"@type":"Article","@id":"https:\/\/ubanews.com\/site\/2018\/11\/14\/leilao-de-animais-apreendidos-sera-realizado-no-dia-18-de-novembro\/#article","isPartOf":{"@id":"https:\/\/ubanews.com\/site\/2018\/11\/14\/leilao-de-animais-apreendidos-sera-realizado-no-dia-18-de-novembro\/"},"author":{"name":"Sodr\u00e9","@id":"https:\/\/ubanews.com\/site\/#\/schema\/person\/d90c9e47252fbb63dcc969fe4c8b9d10"},"headline":"LEIL\u00c3O DE ANIMAIS APREENDIDOS SER\u00c1 REALIZADO NO DIA 18 DE NOVEMBRO","datePublished":"2018-11-14T14:09:25+00:00","dateModified":"2018-11-14T14:13:03+00:00","mainEntityOfPage":{"@id":"https:\/\/ubanews.com\/site\/2018\/11\/14\/leilao-de-animais-apreendidos-sera-realizado-no-dia-18-de-novembro\/"},"wordCount":1089,"commentCount":0,"publisher":{"@id":"https:\/\/ubanews.com\/site\/#organization"},"image":{"@id":"https:\/\/ubanews.com\/site\/2018\/11\/14\/leilao-de-animais-apreendidos-sera-realizado-no-dia-18-de-novembro\/#primaryimage"},"thumbnailUrl":"https:\/\/ubanews.com\/site\/wp-content\/uploads\/2018\/11\/182.jpg","articleSection":["Geral"],"inLanguage":"pt-BR","potentialAction":[{"@type":"CommentAction","name":"Comment","target":["https:\/\/ubanews.com\/site\/2018\/11\/14\/leilao-de-animais-apreendidos-sera-realizado-no-dia-18-de-novembro\/#respond"]}]},{"@type":"WebPage","@id":"https:\/\/ubanews.com\/site\/2018\/11\/14\/leilao-de-animais-apreendidos-sera-realizado-no-dia-18-de-novembro\/","url":"https:\/\/ubanews.com\/site\/2018\/11\/14\/leilao-de-animais-apreendidos-sera-realizado-no-dia-18-de-novembro\/","name":"LEIL\u00c3O DE ANIMAIS APREENDIDOS SER\u00c1 REALIZADO NO DIA 18 DE NOVEMBRO - Ub\u00e1 News","isPartOf":{"@id":"https:\/\/ubanews.com\/site\/#website"},"primaryImageOfPage":{"@id":"https:\/\/ubanews.com\/site\/2018\/11\/14\/leilao-de-animais-apreendidos-sera-realizado-no-dia-18-de-novembro\/#primaryimage"},"image":{"@id":"https:\/\/ubanews.com\/site\/2018\/11\/14\/leilao-de-animais-apreendidos-sera-realizado-no-dia-18-de-novembro\/#primaryimage"},"thumbnailUrl":"https:\/\/ubanews.com\/site\/wp-content\/uploads\/2018\/11\/182.jpg","datePublished":"2018-11-14T14:09:25+00:00","dateModified":"2018-11-14T14:13:03+00:00","breadcrumb":{"@id":"https:\/\/ubanews.com\/site\/2018\/11\/14\/leilao-de-animais-apreendidos-sera-realizado-no-dia-18-de-novembro\/#breadcrumb"},"inLanguage":"pt-BR","potentialAction":[{"@type":"ReadAction","target":["https:\/\/ubanews.com\/site\/2018\/11\/14\/leilao-de-animais-apreendidos-sera-realizado-no-dia-18-de-novembro\/"]}]},{"@type":"ImageObject","inLanguage":"pt-BR","@id":"https:\/\/ubanews.com\/site\/2018\/11\/14\/leilao-de-animais-apreendidos-sera-realizado-no-dia-18-de-novembro\/#primaryimage","url":"https:\/\/ubanews.com\/site\/wp-content\/uploads\/2018\/11\/182.jpg","contentUrl":"https:\/\/ubanews.com\/site\/wp-content\/uploads\/2018\/11\/182.jpg","width":800,"height":527},{"@type":"BreadcrumbList","@id":"https:\/\/ubanews.com\/site\/2018\/11\/14\/leilao-de-animais-apreendidos-sera-realizado-no-dia-18-de-novembro\/#breadcrumb","itemListElement":[{"@type":"ListItem","position":1,"name":"Home","item":"https:\/\/ubanews.com\/site\/"},{"@type":"ListItem","position":2,"name":"LEIL\u00c3O DE ANIMAIS APREENDIDOS SER\u00c1 REALIZADO NO DIA 18 DE NOVEMBRO"}]},{"@type":"WebSite","@id":"https:\/\/ubanews.com\/site\/#website","url":"https:\/\/ubanews.com\/site\/","name":"Ub\u00e1 News","description":"","publisher":{"@id":"https:\/\/ubanews.com\/site\/#organization"},"potentialAction":[{"@type":"SearchAction","target":{"@type":"EntryPoint","urlTemplate":"https:\/\/ubanews.com\/site\/?s={search_term_string}"},"query-input":{"@type":"PropertyValueSpecification","valueRequired":true,"valueName":"search_term_string"}}],"inLanguage":"pt-BR"},{"@type":"Organization","@id":"https:\/\/ubanews.com\/site\/#organization","name":"Ub\u00e1 News","url":"https:\/\/ubanews.com\/site\/","logo":{"@type":"ImageObject","inLanguage":"pt-BR","@id":"https:\/\/ubanews.com\/site\/#\/schema\/logo\/image\/","url":"https:\/\/ubanews.com\/site\/wp-content\/uploads\/2018\/01\/logoubanews.png","contentUrl":"https:\/\/ubanews.com\/site\/wp-content\/uploads\/2018\/01\/logoubanews.png","width":261,"height":99,"caption":"Ub\u00e1 News"},"image":{"@id":"https:\/\/ubanews.com\/site\/#\/schema\/logo\/image\/"},"sameAs":["https:\/\/www.facebook.com\/Ub\u00e1News-Carlos-Roberto-Sodr\u00e9-418778301977370"]},{"@type":"Person","@id":"https:\/\/ubanews.com\/site\/#\/schema\/person\/d90c9e47252fbb63dcc969fe4c8b9d10","name":"Sodr\u00e9","image":{"@type":"ImageObject","inLanguage":"pt-BR","@id":"https:\/\/secure.gravatar.com\/avatar\/5ba2793f0590b9dbfad3fdec4ee714485b3eef211c9b32ee53d414060454a56c?s=96&d=mm&r=g","url":"https:\/\/secure.gravatar.com\/avatar\/5ba2793f0590b9dbfad3fdec4ee714485b3eef211c9b32ee53d414060454a56c?s=96&d=mm&r=g","contentUrl":"https:\/\/secure.gravatar.com\/avatar\/5ba2793f0590b9dbfad3fdec4ee714485b3eef211c9b32ee53d414060454a56c?s=96&d=mm&r=g","caption":"Sodr\u00e9"},"sameAs":["https:\/\/www.facebook.com\/carosroberto.sodre.5\/"],"url":"https:\/\/ubanews.com\/site\/author\/felipe\/"}]}},"_links":{"self":[{"href":"https:\/\/ubanews.com\/site\/wp-json\/wp\/v2\/posts\/9198","targetHints":{"allow":["GET"]}}],"collection":[{"href":"https:\/\/ubanews.com\/site\/wp-json\/wp\/v2\/posts"}],"about":[{"href":"https:\/\/ubanews.com\/site\/wp-json\/wp\/v2\/types\/post"}],"author":[{"embeddable":true,"href":"https:\/\/ubanews.com\/site\/wp-json\/wp\/v2\/users\/2"}],"replies":[{"embeddable":true,"href":"https:\/\/ubanews.com\/site\/wp-json\/wp\/v2\/comments?post=9198"}],"version-history":[{"count":0,"href":"https:\/\/ubanews.com\/site\/wp-json\/wp\/v2\/posts\/9198\/revisions"}],"wp:featuredmedia":[{"embeddable":true,"href":"https:\/\/ubanews.com\/site\/wp-json\/wp\/v2\/media\/9201"}],"wp:attachment":[{"href":"https:\/\/ubanews.com\/site\/wp-json\/wp\/v2\/media?parent=9198"}],"wp:term":[{"taxonomy":"category","embeddable":true,"href":"https:\/\/ubanews.com\/site\/wp-json\/wp\/v2\/categories?post=9198"},{"taxonomy":"post_tag","embeddable":true,"href":"https:\/\/ubanews.com\/site\/wp-json\/wp\/v2\/tags?post=9198"}],"curies":[{"name":"wp","href":"https:\/\/api.w.org\/{rel}","templated":true}]}}