{"id":9181,"date":"2018-11-13T20:07:19","date_gmt":"2018-11-13T22:07:19","guid":{"rendered":"http:\/\/ubanews.com\/site\/?p=9181"},"modified":"2018-11-13T20:08:54","modified_gmt":"2018-11-13T22:08:54","slug":"prefeitura-publica-decreto-de-calamidade-financeira","status":"publish","type":"post","link":"https:\/\/ubanews.com\/site\/2018\/11\/13\/prefeitura-publica-decreto-de-calamidade-financeira\/","title":{"rendered":"PREFEITURA PUBLICA DECRETO DE CALAMIDADE FINANCEIRA"},"content":{"rendered":"<div class=\"upper\">\n<div id=\"topnav\">\n<div class=\"container\">\n<form class=\"searchform\" action=\"http:\/\/www.viscondedoriobranco.mg.gov.br\/\" method=\"get\"><span style=\"font-size: 1.0625rem;\">CONFISCO DE RECURSOS PELO GOVERNO DO ESTADO GERA CRISE FINANCEIRA NOS COFRES MUNICIPAIS<\/span><\/form>\n<\/div>\n<\/div>\n<div class=\"wrapper\">\n<div class=\"container\">\n<div class=\"blogger postbar postbarRight\">\n<div id=\"content\" class=\"eightcol first ghost blogger\">\n<div class=\"item normal tranz ghost post-22389 post type-post status-publish format-standard has-post-thumbnail hentry category-administracao category-destaques category-noticias\">\n<div class=\"item_inn tranz p-border\">\n<div class=\"entry\">\n<p>Na \u00faltima ter\u00e7a-feira (13), a Prefeitura de Visconde do Rio Branco publicou o<a href=\"http:\/\/www.viscondedoriobranco.mg.gov.br\/wp-content\/uploads\/2018\/11\/DECRETO-N%C2%BA-229-2018-calamidade-financeira.pdf\">&nbsp;Decreto N\u00ba 229\/2018<\/a>&nbsp;que adota medidas administrativas para a limita\u00e7\u00e3o de despesas e conten\u00e7\u00e3o de gastos no munic\u00edpio. A reda\u00e7\u00e3o assinada pelo Prefeito Iran Silva Couri evidencia que as provid\u00eancias ser\u00e3o adotadas diante da acentuada diminui\u00e7\u00e3o de receitas provocada pela queda nos repasses do Governo Estadual, o que prejudica o or\u00e7amento municipal, expondo \u00e0 dificuldades para manter os compromissos com fornecedores e com a folha de pagamento do funcionalismo. Segundo relat\u00f3rio da Associa\u00e7\u00e3o Mineira de Munic\u00edpios (AMM), a d\u00edvida do Estado com a Prefeitura de VRB j\u00e1 est\u00e1 pr\u00f3xima de 12 milh\u00f5es de reais.<\/p>\n<p>Entre os tributos que s\u00e3o de direito das Prefeituras receberem e o Estado de Minas Gerais reteve est\u00e3o o ICMS, IPVA, e o FUNDEB, principal fonte para o pagamento dos professores. \u201cEstou no meu 4\u00ba mandato e nunca deixei de pagar os servidores e fornecedores. Mas devido a este confisco do Estado, a Prefeitura precisou se reorganizar e, infelizmente, est\u00e1 em falta com importantes prestadores de servi\u00e7os e produtos. Diante disso, publicamos este Decreto de Calamidade Financeira com diminui\u00e7\u00e3o dos sal\u00e1rios de cargos comissionados e de confian\u00e7a, demiss\u00e3o de contratados e consider\u00e1vel redu\u00e7\u00e3o de fun\u00e7\u00f5es gratificadas\u201d, explicou o Prefeito Iran.<\/p>\n<p><strong>PREFEITURA J\u00c1 TINHA PUBLICADO DECRETO DE DIMINUI\u00c7\u00c3O DE DESPESAS<\/strong><\/p>\n<p>Em agosto, foi publicado o Decreto N\u00ba 115\/2018 com uma s\u00e9rie de medidas de conten\u00e7\u00e3o de despesas, preservando os programas sociais, o pagamento de fornecedores e os sal\u00e1rios do funcionalismo, que inclusive receberam o adiantamento da primeira parcela do 13\u00ba em julho. \u201cChegamos a um ponto de precisarmos fazer novos cortes, porque &nbsp;cada vez mais recursos est\u00e3o sendo retidos. Ainda assim, conseguimos pagar em dia o funcionalismo em novembro, quando achamos que n\u00e3o seria poss\u00edvel e j\u00e1 t\u00ednhamos inclusive anunciado um atraso. Nossa prioridade total agora \u00e9 o sal\u00e1rio dos servidores, porque al\u00e9m de fortalecer a economia da cidade, \u00e9 importante para a sobreviv\u00eancia das fam\u00edlias, finalizou Iran.<\/p>\n<p><strong>Clique aqui e leia o Decreto&nbsp;<a href=\"http:\/\/www.viscondedoriobranco.mg.gov.br\/wp-content\/uploads\/2018\/11\/DECRETO-N%C2%BA-229-2018-calamidade-financeira.pdf\">N\u00ba 229\/2018<\/a>&nbsp;por completo.<\/strong><\/p>\n<\/div>\n<\/div>\n<\/div>\n<\/div>\n<div id=\"sidebar\" class=\"fourcol woocommerce ghost\">\n<div class=\"widgetable p-border\">\n<div class=\"menu-menu-lateral-container\">Assessoria de comunica\u00e7\u00e3o Prefeitura Municipal de Visconde do Rio Branco.<\/div>\n<\/div>\n<div class=\"widgetable widgetable_sticky ghost\">&nbsp;<\/div>\n<\/div>\n<\/div>\n<\/div>\n<\/div>\n<\/div>\n","protected":false},"excerpt":{"rendered":"<p>CONFISCO DE RECURSOS PELO GOVERNO DO ESTADO GERA CRISE FINANCEIRA<\/p>\n","protected":false},"author":2,"featured_media":9183,"comment_status":"open","ping_status":"open","sticky":false,"template":"","format":"standard","meta":{"footnotes":""},"categories":[1],"tags":[],"class_list":["post-9181","post","type-post","status-publish","format-standard","has-post-thumbnail","hentry","category-sem-categoria"],"yoast_head":"<!-- This site is optimized with the Yoast SEO plugin v27.2 - https:\/\/yoast.com\/product\/yoast-seo-wordpress\/ -->\n<title>PREFEITURA PUBLICA DECRETO DE CALAMIDADE FINANCEIRA - Ub\u00e1 News<\/title>\n<meta name=\"robots\" content=\"index, follow, max-snippet:-1, max-image-preview:large, max-video-preview:-1\" \/>\n<link rel=\"canonical\" href=\"https:\/\/ubanews.com\/site\/2018\/11\/13\/prefeitura-publica-decreto-de-calamidade-financeira\/\" \/>\n<meta property=\"og:locale\" content=\"pt_BR\" \/>\n<meta property=\"og:type\" content=\"article\" \/>\n<meta property=\"og:title\" content=\"PREFEITURA PUBLICA DECRETO DE CALAMIDADE FINANCEIRA - Ub\u00e1 News\" \/>\n<meta property=\"og:description\" content=\"CONFISCO DE RECURSOS PELO GOVERNO DO ESTADO GERA CRISE FINANCEIRA\" \/>\n<meta property=\"og:url\" content=\"https:\/\/ubanews.com\/site\/2018\/11\/13\/prefeitura-publica-decreto-de-calamidade-financeira\/\" \/>\n<meta property=\"og:site_name\" content=\"Ub\u00e1 News\" \/>\n<meta property=\"article:publisher\" content=\"https:\/\/www.facebook.com\/Ub%c3%a1News-Carlos-Roberto-Sodr%c3%a9-418778301977370\" \/>\n<meta property=\"article:author\" content=\"https:\/\/www.facebook.com\/carosroberto.sodre.5\/\" \/>\n<meta property=\"article:published_time\" content=\"2018-11-13T22:07:19+00:00\" \/>\n<meta property=\"article:modified_time\" content=\"2018-11-13T22:08:54+00:00\" \/>\n<meta property=\"og:image\" content=\"https:\/\/ubanews.com\/site\/wp-content\/uploads\/2018\/11\/logo-vrb.png\" \/>\n\t<meta property=\"og:image:width\" content=\"371\" \/>\n\t<meta property=\"og:image:height\" content=\"142\" \/>\n\t<meta property=\"og:image:type\" content=\"image\/png\" \/>\n<meta name=\"author\" content=\"Sodr\u00e9\" \/>\n<meta name=\"twitter:card\" content=\"summary_large_image\" \/>\n<meta name=\"twitter:label1\" content=\"Escrito por\" \/>\n\t<meta name=\"twitter:data1\" content=\"Sodr\u00e9\" \/>\n\t<meta name=\"twitter:label2\" content=\"Est. tempo de leitura\" \/>\n\t<meta name=\"twitter:data2\" content=\"2 minutos\" \/>\n<script type=\"application\/ld+json\" class=\"yoast-schema-graph\">{\"@context\":\"https:\/\/schema.org\",\"@graph\":[{\"@type\":\"Article\",\"@id\":\"https:\/\/ubanews.com\/site\/2018\/11\/13\/prefeitura-publica-decreto-de-calamidade-financeira\/#article\",\"isPartOf\":{\"@id\":\"https:\/\/ubanews.com\/site\/2018\/11\/13\/prefeitura-publica-decreto-de-calamidade-financeira\/\"},\"author\":{\"name\":\"Sodr\u00e9\",\"@id\":\"https:\/\/ubanews.com\/site\/#\/schema\/person\/d90c9e47252fbb63dcc969fe4c8b9d10\"},\"headline\":\"PREFEITURA PUBLICA DECRETO DE CALAMIDADE FINANCEIRA\",\"datePublished\":\"2018-11-13T22:07:19+00:00\",\"dateModified\":\"2018-11-13T22:08:54+00:00\",\"mainEntityOfPage\":{\"@id\":\"https:\/\/ubanews.com\/site\/2018\/11\/13\/prefeitura-publica-decreto-de-calamidade-financeira\/\"},\"wordCount\":397,\"commentCount\":0,\"publisher\":{\"@id\":\"https:\/\/ubanews.com\/site\/#organization\"},\"image\":{\"@id\":\"https:\/\/ubanews.com\/site\/2018\/11\/13\/prefeitura-publica-decreto-de-calamidade-financeira\/#primaryimage\"},\"thumbnailUrl\":\"https:\/\/ubanews.com\/site\/wp-content\/uploads\/2018\/11\/logo-vrb.png\",\"articleSection\":[\"Geral\"],\"inLanguage\":\"pt-BR\",\"potentialAction\":[{\"@type\":\"CommentAction\",\"name\":\"Comment\",\"target\":[\"https:\/\/ubanews.com\/site\/2018\/11\/13\/prefeitura-publica-decreto-de-calamidade-financeira\/#respond\"]}]},{\"@type\":\"WebPage\",\"@id\":\"https:\/\/ubanews.com\/site\/2018\/11\/13\/prefeitura-publica-decreto-de-calamidade-financeira\/\",\"url\":\"https:\/\/ubanews.com\/site\/2018\/11\/13\/prefeitura-publica-decreto-de-calamidade-financeira\/\",\"name\":\"PREFEITURA PUBLICA DECRETO DE CALAMIDADE FINANCEIRA - Ub\u00e1 News\",\"isPartOf\":{\"@id\":\"https:\/\/ubanews.com\/site\/#website\"},\"primaryImageOfPage\":{\"@id\":\"https:\/\/ubanews.com\/site\/2018\/11\/13\/prefeitura-publica-decreto-de-calamidade-financeira\/#primaryimage\"},\"image\":{\"@id\":\"https:\/\/ubanews.com\/site\/2018\/11\/13\/prefeitura-publica-decreto-de-calamidade-financeira\/#primaryimage\"},\"thumbnailUrl\":\"https:\/\/ubanews.com\/site\/wp-content\/uploads\/2018\/11\/logo-vrb.png\",\"datePublished\":\"2018-11-13T22:07:19+00:00\",\"dateModified\":\"2018-11-13T22:08:54+00:00\",\"breadcrumb\":{\"@id\":\"https:\/\/ubanews.com\/site\/2018\/11\/13\/prefeitura-publica-decreto-de-calamidade-financeira\/#breadcrumb\"},\"inLanguage\":\"pt-BR\",\"potentialAction\":[{\"@type\":\"ReadAction\",\"target\":[\"https:\/\/ubanews.com\/site\/2018\/11\/13\/prefeitura-publica-decreto-de-calamidade-financeira\/\"]}]},{\"@type\":\"ImageObject\",\"inLanguage\":\"pt-BR\",\"@id\":\"https:\/\/ubanews.com\/site\/2018\/11\/13\/prefeitura-publica-decreto-de-calamidade-financeira\/#primaryimage\",\"url\":\"https:\/\/ubanews.com\/site\/wp-content\/uploads\/2018\/11\/logo-vrb.png\",\"contentUrl\":\"https:\/\/ubanews.com\/site\/wp-content\/uploads\/2018\/11\/logo-vrb.png\",\"width\":371,\"height\":142},{\"@type\":\"BreadcrumbList\",\"@id\":\"https:\/\/ubanews.com\/site\/2018\/11\/13\/prefeitura-publica-decreto-de-calamidade-financeira\/#breadcrumb\",\"itemListElement\":[{\"@type\":\"ListItem\",\"position\":1,\"name\":\"Home\",\"item\":\"https:\/\/ubanews.com\/site\/\"},{\"@type\":\"ListItem\",\"position\":2,\"name\":\"PREFEITURA PUBLICA DECRETO DE CALAMIDADE FINANCEIRA\"}]},{\"@type\":\"WebSite\",\"@id\":\"https:\/\/ubanews.com\/site\/#website\",\"url\":\"https:\/\/ubanews.com\/site\/\",\"name\":\"Ub\u00e1 News\",\"description\":\"\",\"publisher\":{\"@id\":\"https:\/\/ubanews.com\/site\/#organization\"},\"potentialAction\":[{\"@type\":\"SearchAction\",\"target\":{\"@type\":\"EntryPoint\",\"urlTemplate\":\"https:\/\/ubanews.com\/site\/?s={search_term_string}\"},\"query-input\":{\"@type\":\"PropertyValueSpecification\",\"valueRequired\":true,\"valueName\":\"search_term_string\"}}],\"inLanguage\":\"pt-BR\"},{\"@type\":\"Organization\",\"@id\":\"https:\/\/ubanews.com\/site\/#organization\",\"name\":\"Ub\u00e1 News\",\"url\":\"https:\/\/ubanews.com\/site\/\",\"logo\":{\"@type\":\"ImageObject\",\"inLanguage\":\"pt-BR\",\"@id\":\"https:\/\/ubanews.com\/site\/#\/schema\/logo\/image\/\",\"url\":\"https:\/\/ubanews.com\/site\/wp-content\/uploads\/2018\/01\/logoubanews.png\",\"contentUrl\":\"https:\/\/ubanews.com\/site\/wp-content\/uploads\/2018\/01\/logoubanews.png\",\"width\":261,\"height\":99,\"caption\":\"Ub\u00e1 News\"},\"image\":{\"@id\":\"https:\/\/ubanews.com\/site\/#\/schema\/logo\/image\/\"},\"sameAs\":[\"https:\/\/www.facebook.com\/Ub\u00e1News-Carlos-Roberto-Sodr\u00e9-418778301977370\"]},{\"@type\":\"Person\",\"@id\":\"https:\/\/ubanews.com\/site\/#\/schema\/person\/d90c9e47252fbb63dcc969fe4c8b9d10\",\"name\":\"Sodr\u00e9\",\"image\":{\"@type\":\"ImageObject\",\"inLanguage\":\"pt-BR\",\"@id\":\"https:\/\/secure.gravatar.com\/avatar\/5ba2793f0590b9dbfad3fdec4ee714485b3eef211c9b32ee53d414060454a56c?s=96&d=mm&r=g\",\"url\":\"https:\/\/secure.gravatar.com\/avatar\/5ba2793f0590b9dbfad3fdec4ee714485b3eef211c9b32ee53d414060454a56c?s=96&d=mm&r=g\",\"contentUrl\":\"https:\/\/secure.gravatar.com\/avatar\/5ba2793f0590b9dbfad3fdec4ee714485b3eef211c9b32ee53d414060454a56c?s=96&d=mm&r=g\",\"caption\":\"Sodr\u00e9\"},\"sameAs\":[\"https:\/\/www.facebook.com\/carosroberto.sodre.5\/\"],\"url\":\"https:\/\/ubanews.com\/site\/author\/felipe\/\"}]}<\/script>\n<!-- \/ Yoast SEO plugin. -->","yoast_head_json":{"title":"PREFEITURA PUBLICA DECRETO DE CALAMIDADE FINANCEIRA - Ub\u00e1 News","robots":{"index":"index","follow":"follow","max-snippet":"max-snippet:-1","max-image-preview":"max-image-preview:large","max-video-preview":"max-video-preview:-1"},"canonical":"https:\/\/ubanews.com\/site\/2018\/11\/13\/prefeitura-publica-decreto-de-calamidade-financeira\/","og_locale":"pt_BR","og_type":"article","og_title":"PREFEITURA PUBLICA DECRETO DE CALAMIDADE FINANCEIRA - Ub\u00e1 News","og_description":"CONFISCO DE RECURSOS PELO GOVERNO DO ESTADO GERA CRISE FINANCEIRA","og_url":"https:\/\/ubanews.com\/site\/2018\/11\/13\/prefeitura-publica-decreto-de-calamidade-financeira\/","og_site_name":"Ub\u00e1 News","article_publisher":"https:\/\/www.facebook.com\/Ub%c3%a1News-Carlos-Roberto-Sodr%c3%a9-418778301977370","article_author":"https:\/\/www.facebook.com\/carosroberto.sodre.5\/","article_published_time":"2018-11-13T22:07:19+00:00","article_modified_time":"2018-11-13T22:08:54+00:00","og_image":[{"width":371,"height":142,"url":"https:\/\/ubanews.com\/site\/wp-content\/uploads\/2018\/11\/logo-vrb.png","type":"image\/png"}],"author":"Sodr\u00e9","twitter_card":"summary_large_image","twitter_misc":{"Escrito por":"Sodr\u00e9","Est. tempo de leitura":"2 minutos"},"schema":{"@context":"https:\/\/schema.org","@graph":[{"@type":"Article","@id":"https:\/\/ubanews.com\/site\/2018\/11\/13\/prefeitura-publica-decreto-de-calamidade-financeira\/#article","isPartOf":{"@id":"https:\/\/ubanews.com\/site\/2018\/11\/13\/prefeitura-publica-decreto-de-calamidade-financeira\/"},"author":{"name":"Sodr\u00e9","@id":"https:\/\/ubanews.com\/site\/#\/schema\/person\/d90c9e47252fbb63dcc969fe4c8b9d10"},"headline":"PREFEITURA PUBLICA DECRETO DE CALAMIDADE FINANCEIRA","datePublished":"2018-11-13T22:07:19+00:00","dateModified":"2018-11-13T22:08:54+00:00","mainEntityOfPage":{"@id":"https:\/\/ubanews.com\/site\/2018\/11\/13\/prefeitura-publica-decreto-de-calamidade-financeira\/"},"wordCount":397,"commentCount":0,"publisher":{"@id":"https:\/\/ubanews.com\/site\/#organization"},"image":{"@id":"https:\/\/ubanews.com\/site\/2018\/11\/13\/prefeitura-publica-decreto-de-calamidade-financeira\/#primaryimage"},"thumbnailUrl":"https:\/\/ubanews.com\/site\/wp-content\/uploads\/2018\/11\/logo-vrb.png","articleSection":["Geral"],"inLanguage":"pt-BR","potentialAction":[{"@type":"CommentAction","name":"Comment","target":["https:\/\/ubanews.com\/site\/2018\/11\/13\/prefeitura-publica-decreto-de-calamidade-financeira\/#respond"]}]},{"@type":"WebPage","@id":"https:\/\/ubanews.com\/site\/2018\/11\/13\/prefeitura-publica-decreto-de-calamidade-financeira\/","url":"https:\/\/ubanews.com\/site\/2018\/11\/13\/prefeitura-publica-decreto-de-calamidade-financeira\/","name":"PREFEITURA PUBLICA DECRETO DE CALAMIDADE FINANCEIRA - Ub\u00e1 News","isPartOf":{"@id":"https:\/\/ubanews.com\/site\/#website"},"primaryImageOfPage":{"@id":"https:\/\/ubanews.com\/site\/2018\/11\/13\/prefeitura-publica-decreto-de-calamidade-financeira\/#primaryimage"},"image":{"@id":"https:\/\/ubanews.com\/site\/2018\/11\/13\/prefeitura-publica-decreto-de-calamidade-financeira\/#primaryimage"},"thumbnailUrl":"https:\/\/ubanews.com\/site\/wp-content\/uploads\/2018\/11\/logo-vrb.png","datePublished":"2018-11-13T22:07:19+00:00","dateModified":"2018-11-13T22:08:54+00:00","breadcrumb":{"@id":"https:\/\/ubanews.com\/site\/2018\/11\/13\/prefeitura-publica-decreto-de-calamidade-financeira\/#breadcrumb"},"inLanguage":"pt-BR","potentialAction":[{"@type":"ReadAction","target":["https:\/\/ubanews.com\/site\/2018\/11\/13\/prefeitura-publica-decreto-de-calamidade-financeira\/"]}]},{"@type":"ImageObject","inLanguage":"pt-BR","@id":"https:\/\/ubanews.com\/site\/2018\/11\/13\/prefeitura-publica-decreto-de-calamidade-financeira\/#primaryimage","url":"https:\/\/ubanews.com\/site\/wp-content\/uploads\/2018\/11\/logo-vrb.png","contentUrl":"https:\/\/ubanews.com\/site\/wp-content\/uploads\/2018\/11\/logo-vrb.png","width":371,"height":142},{"@type":"BreadcrumbList","@id":"https:\/\/ubanews.com\/site\/2018\/11\/13\/prefeitura-publica-decreto-de-calamidade-financeira\/#breadcrumb","itemListElement":[{"@type":"ListItem","position":1,"name":"Home","item":"https:\/\/ubanews.com\/site\/"},{"@type":"ListItem","position":2,"name":"PREFEITURA PUBLICA DECRETO DE CALAMIDADE FINANCEIRA"}]},{"@type":"WebSite","@id":"https:\/\/ubanews.com\/site\/#website","url":"https:\/\/ubanews.com\/site\/","name":"Ub\u00e1 News","description":"","publisher":{"@id":"https:\/\/ubanews.com\/site\/#organization"},"potentialAction":[{"@type":"SearchAction","target":{"@type":"EntryPoint","urlTemplate":"https:\/\/ubanews.com\/site\/?s={search_term_string}"},"query-input":{"@type":"PropertyValueSpecification","valueRequired":true,"valueName":"search_term_string"}}],"inLanguage":"pt-BR"},{"@type":"Organization","@id":"https:\/\/ubanews.com\/site\/#organization","name":"Ub\u00e1 News","url":"https:\/\/ubanews.com\/site\/","logo":{"@type":"ImageObject","inLanguage":"pt-BR","@id":"https:\/\/ubanews.com\/site\/#\/schema\/logo\/image\/","url":"https:\/\/ubanews.com\/site\/wp-content\/uploads\/2018\/01\/logoubanews.png","contentUrl":"https:\/\/ubanews.com\/site\/wp-content\/uploads\/2018\/01\/logoubanews.png","width":261,"height":99,"caption":"Ub\u00e1 News"},"image":{"@id":"https:\/\/ubanews.com\/site\/#\/schema\/logo\/image\/"},"sameAs":["https:\/\/www.facebook.com\/Ub\u00e1News-Carlos-Roberto-Sodr\u00e9-418778301977370"]},{"@type":"Person","@id":"https:\/\/ubanews.com\/site\/#\/schema\/person\/d90c9e47252fbb63dcc969fe4c8b9d10","name":"Sodr\u00e9","image":{"@type":"ImageObject","inLanguage":"pt-BR","@id":"https:\/\/secure.gravatar.com\/avatar\/5ba2793f0590b9dbfad3fdec4ee714485b3eef211c9b32ee53d414060454a56c?s=96&d=mm&r=g","url":"https:\/\/secure.gravatar.com\/avatar\/5ba2793f0590b9dbfad3fdec4ee714485b3eef211c9b32ee53d414060454a56c?s=96&d=mm&r=g","contentUrl":"https:\/\/secure.gravatar.com\/avatar\/5ba2793f0590b9dbfad3fdec4ee714485b3eef211c9b32ee53d414060454a56c?s=96&d=mm&r=g","caption":"Sodr\u00e9"},"sameAs":["https:\/\/www.facebook.com\/carosroberto.sodre.5\/"],"url":"https:\/\/ubanews.com\/site\/author\/felipe\/"}]}},"_links":{"self":[{"href":"https:\/\/ubanews.com\/site\/wp-json\/wp\/v2\/posts\/9181","targetHints":{"allow":["GET"]}}],"collection":[{"href":"https:\/\/ubanews.com\/site\/wp-json\/wp\/v2\/posts"}],"about":[{"href":"https:\/\/ubanews.com\/site\/wp-json\/wp\/v2\/types\/post"}],"author":[{"embeddable":true,"href":"https:\/\/ubanews.com\/site\/wp-json\/wp\/v2\/users\/2"}],"replies":[{"embeddable":true,"href":"https:\/\/ubanews.com\/site\/wp-json\/wp\/v2\/comments?post=9181"}],"version-history":[{"count":0,"href":"https:\/\/ubanews.com\/site\/wp-json\/wp\/v2\/posts\/9181\/revisions"}],"wp:featuredmedia":[{"embeddable":true,"href":"https:\/\/ubanews.com\/site\/wp-json\/wp\/v2\/media\/9183"}],"wp:attachment":[{"href":"https:\/\/ubanews.com\/site\/wp-json\/wp\/v2\/media?parent=9181"}],"wp:term":[{"taxonomy":"category","embeddable":true,"href":"https:\/\/ubanews.com\/site\/wp-json\/wp\/v2\/categories?post=9181"},{"taxonomy":"post_tag","embeddable":true,"href":"https:\/\/ubanews.com\/site\/wp-json\/wp\/v2\/tags?post=9181"}],"curies":[{"name":"wp","href":"https:\/\/api.w.org\/{rel}","templated":true}]}}