{"id":9173,"date":"2018-11-13T10:41:57","date_gmt":"2018-11-13T12:41:57","guid":{"rendered":"http:\/\/ubanews.com\/site\/?p=9173"},"modified":"2018-12-06T16:52:17","modified_gmt":"2018-12-06T18:52:17","slug":"uba-sera-sede-do-encontro-tecnico-tce-mg","status":"publish","type":"post","link":"https:\/\/ubanews.com\/site\/2018\/11\/13\/uba-sera-sede-do-encontro-tecnico-tce-mg\/","title":{"rendered":"Ub\u00e1 ser\u00e1 sede do Encontro T\u00e9cnico  TCE\/MG"},"content":{"rendered":"<p>Ub\u00e1 ser\u00e1 sede do Encontro T\u00e9cnico TCE\/MG e os Munic\u00edpios.<\/p>\n<p>O Tribunal de Contas do Estado TEC\/MG realiza nos dias 22 e 23 de novembro de 2018, a partir das 8h, no audit\u00f3rio da Faculdade Governador Ozanam Coelho (FAGOC), em Ub\u00e1, o \u201cEncontro T\u00e9cnico TCE\/MG e os Munic\u00edpios\u201d.<\/p>\n<p>Com o apoio da C\u00e2mara Municipal de Ub\u00e1, Prefeitura e Superintend\u00eancia Regional de Ensino o evento abordar\u00e1 o tema: Educa\u00e7\u00e3o, Transpar\u00eancia e Sustentabilidade da Receita P\u00fablica. E tem como principal meta a capacita\u00e7\u00e3o continuada dos agentes p\u00fablicos municipais e estaduais.<\/p>\n<p>Segundo o TCEMG, em 2017, cerca de 3.500 pessoas est\u00e3o sendo capacitadas nas sete cidades mineiras escolhidas para sediar o evento este ano. A tem\u00e1tica da gest\u00e3o das pol\u00edticas p\u00fablicas de educa\u00e7\u00e3o continuar\u00e1 sendo tratada, juntamente com a transpar\u00eancia e a efici\u00eancia na arrecada\u00e7\u00e3o das fontes de receitas municipais. Os encontros t\u00e9cnicos 2018 j\u00e1 ocorreram nas cidades-sedes de Belo Horizonte e Pouso Alegre (abril), Caratinga e Te\u00f3filo Otoni (maio), Pirapora (junho) e Patos de Minas (08 e 09 de novembro).<\/p>\n<p>O p\u00fablico-alvo \u00e9 prefeitos; presidentes de C\u00e2mara Municipal; vereadores; secret\u00e1rios municipais; servidores das \u00e1reas de educa\u00e7\u00e3o, licita\u00e7\u00f5es e contratos; contadores; controladores internos; procuradores; e chefes de Gabinete.<\/p>\n<p>Nos dois dias de encontro ser\u00e3o realizadas palestras sobre os projetos: Na Ponta do L\u00e1pis, Controle da Oferta da Educa\u00e7\u00e3o Infantil, Educa\u00e7\u00e3o Empreendedora, Gest\u00e3o Financeira das Caixas Escolares, Transpar\u00eancia na Gest\u00e3o, dentre outros.<\/p>\n<p>Ainda, aos participantes do evento ser\u00e1 disponibilizado certificado com 12 hora\/aula de capacita\u00e7\u00e3o.<\/p>\n<p>As inscri\u00e7\u00f5es s\u00e3o gratuitas e dever\u00e3o ser processadas no seguinte endere\u00e7o eletr\u00f4nico:&nbsp;<a href=\"https:\/\/libano.tce.mg.gov.br\/eeventos\/encontrotecnico2018\" target=\"_blank\" rel=\"noopener\" data-saferedirecturl=\"https:\/\/www.google.com\/url?q=https:\/\/libano.tce.mg.gov.br\/eeventos\/encontrotecnico2018&amp;source=gmail&amp;ust=1542198773125000&amp;usg=AFQjCNGLVwzQlFF2BLGr4zbOZp0j-6-UJA\">https:\/\/libano.tce.mg.gov.br\/<wbr>eeventos\/encontrotecnico2018<\/a>&nbsp;(programa\u00e7\u00e3o e outras informa\u00e7\u00f5es)<\/p>\n<p>Tamb\u00e9m acess\u00edvel pelos sites:&nbsp;<a href=\"http:\/\/www.tce.mg.gov.br\/\" target=\"_blank\" rel=\"noopener\" data-saferedirecturl=\"https:\/\/www.google.com\/url?q=http:\/\/www.tce.mg.gov.br\/&amp;source=gmail&amp;ust=1542198773125000&amp;usg=AFQjCNET_sjpCeTouuLNQ8kCvEpkvXRI-A\">http:\/\/www.tce.mg.gov.br\/<\/a>&nbsp;(campo \u201cEventos\u201d) e&nbsp;<a href=\"http:\/\/escoladecontas.tce.mg.gov.br\/\" target=\"_blank\" rel=\"noopener\" data-saferedirecturl=\"https:\/\/www.google.com\/url?q=http:\/\/escoladecontas.tce.mg.gov.br\/&amp;source=gmail&amp;ust=1542198773125000&amp;usg=AFQjCNGSZWx87pZnlSJpKugdR04PMKHvEQ\">http:\/\/escoladecontas.tce.mg.<wbr>gov.br\/<\/a><\/p>\n<p><a href=\"https:\/\/ubanews.com\/site\/wp-content\/uploads\/2018\/11\/Cartaz.jpg\"><img decoding=\"async\" class=\"alignnone wp-image-9175 lazyload\" data-src=\"https:\/\/ubanews.com\/site\/wp-content\/uploads\/2018\/11\/Cartaz.jpg\" alt=\"\" width=\"705\" height=\"998\" data-srcset=\"https:\/\/ubanews.com\/site\/wp-content\/uploads\/2018\/11\/Cartaz.jpg 424w, https:\/\/ubanews.com\/site\/wp-content\/uploads\/2018\/11\/Cartaz-212x300.jpg 212w\" data-sizes=\"(max-width: 705px) 100vw, 705px\" src=\"data:image\/svg+xml;base64,PHN2ZyB3aWR0aD0iMSIgaGVpZ2h0PSIxIiB4bWxucz0iaHR0cDovL3d3dy53My5vcmcvMjAwMC9zdmciPjwvc3ZnPg==\" style=\"--smush-placeholder-width: 705px; --smush-placeholder-aspect-ratio: 705\/998;\" \/><\/a><\/p>\n<p>Dan\u00fabia Mota, Assessora de Comunica\u00e7\u00e3o<br \/>\nC\u00e2mara Municipal de Ub\u00e1.<\/p>\n","protected":false},"excerpt":{"rendered":"<p>Ub\u00e1 ser\u00e1 sede do Encontro T\u00e9cnico TCE\/MG e os Munic\u00edpios.<\/p>\n","protected":false},"author":2,"featured_media":9174,"comment_status":"open","ping_status":"open","sticky":false,"template":"","format":"standard","meta":{"footnotes":""},"categories":[16],"tags":[],"class_list":["post-9173","post","type-post","status-publish","format-standard","has-post-thumbnail","hentry","category-camara-municipal"],"yoast_head":"<!-- This site is optimized with the Yoast SEO plugin v27.2 - https:\/\/yoast.com\/product\/yoast-seo-wordpress\/ -->\n<title>Ub\u00e1 ser\u00e1 sede do Encontro T\u00e9cnico TCE\/MG - Ub\u00e1 News<\/title>\n<meta name=\"robots\" content=\"index, follow, max-snippet:-1, max-image-preview:large, max-video-preview:-1\" \/>\n<link rel=\"canonical\" href=\"https:\/\/ubanews.com\/site\/2018\/11\/13\/uba-sera-sede-do-encontro-tecnico-tce-mg\/\" \/>\n<meta property=\"og:locale\" content=\"pt_BR\" \/>\n<meta property=\"og:type\" content=\"article\" \/>\n<meta property=\"og:title\" content=\"Ub\u00e1 ser\u00e1 sede do Encontro T\u00e9cnico TCE\/MG - Ub\u00e1 News\" \/>\n<meta property=\"og:description\" content=\"Ub\u00e1 ser\u00e1 sede do Encontro T\u00e9cnico TCE\/MG e os Munic\u00edpios.\" \/>\n<meta property=\"og:url\" content=\"https:\/\/ubanews.com\/site\/2018\/11\/13\/uba-sera-sede-do-encontro-tecnico-tce-mg\/\" \/>\n<meta property=\"og:site_name\" content=\"Ub\u00e1 News\" \/>\n<meta property=\"article:publisher\" content=\"https:\/\/www.facebook.com\/Ub%c3%a1News-Carlos-Roberto-Sodr%c3%a9-418778301977370\" \/>\n<meta property=\"article:author\" content=\"https:\/\/www.facebook.com\/carosroberto.sodre.5\/\" \/>\n<meta property=\"article:published_time\" content=\"2018-11-13T12:41:57+00:00\" \/>\n<meta property=\"article:modified_time\" content=\"2018-12-06T18:52:17+00:00\" \/>\n<meta property=\"og:image\" content=\"https:\/\/ubanews.com\/site\/wp-content\/uploads\/2018\/11\/180.jpg\" \/>\n\t<meta property=\"og:image:width\" content=\"800\" \/>\n\t<meta property=\"og:image:height\" content=\"389\" \/>\n\t<meta property=\"og:image:type\" content=\"image\/jpeg\" \/>\n<meta name=\"author\" content=\"Sodr\u00e9\" \/>\n<meta name=\"twitter:card\" content=\"summary_large_image\" \/>\n<meta name=\"twitter:label1\" content=\"Escrito por\" \/>\n\t<meta name=\"twitter:data1\" content=\"Sodr\u00e9\" \/>\n\t<meta name=\"twitter:label2\" content=\"Est. tempo de leitura\" \/>\n\t<meta name=\"twitter:data2\" content=\"2 minutos\" \/>\n<script type=\"application\/ld+json\" class=\"yoast-schema-graph\">{\"@context\":\"https:\/\/schema.org\",\"@graph\":[{\"@type\":\"Article\",\"@id\":\"https:\/\/ubanews.com\/site\/2018\/11\/13\/uba-sera-sede-do-encontro-tecnico-tce-mg\/#article\",\"isPartOf\":{\"@id\":\"https:\/\/ubanews.com\/site\/2018\/11\/13\/uba-sera-sede-do-encontro-tecnico-tce-mg\/\"},\"author\":{\"name\":\"Sodr\u00e9\",\"@id\":\"https:\/\/ubanews.com\/site\/#\/schema\/person\/d90c9e47252fbb63dcc969fe4c8b9d10\"},\"headline\":\"Ub\u00e1 ser\u00e1 sede do Encontro T\u00e9cnico TCE\/MG\",\"datePublished\":\"2018-11-13T12:41:57+00:00\",\"dateModified\":\"2018-12-06T18:52:17+00:00\",\"mainEntityOfPage\":{\"@id\":\"https:\/\/ubanews.com\/site\/2018\/11\/13\/uba-sera-sede-do-encontro-tecnico-tce-mg\/\"},\"wordCount\":349,\"commentCount\":0,\"publisher\":{\"@id\":\"https:\/\/ubanews.com\/site\/#organization\"},\"image\":{\"@id\":\"https:\/\/ubanews.com\/site\/2018\/11\/13\/uba-sera-sede-do-encontro-tecnico-tce-mg\/#primaryimage\"},\"thumbnailUrl\":\"https:\/\/ubanews.com\/site\/wp-content\/uploads\/2018\/11\/180.jpg\",\"articleSection\":[\"C\u00e2mara Municipal\"],\"inLanguage\":\"pt-BR\",\"potentialAction\":[{\"@type\":\"CommentAction\",\"name\":\"Comment\",\"target\":[\"https:\/\/ubanews.com\/site\/2018\/11\/13\/uba-sera-sede-do-encontro-tecnico-tce-mg\/#respond\"]}]},{\"@type\":\"WebPage\",\"@id\":\"https:\/\/ubanews.com\/site\/2018\/11\/13\/uba-sera-sede-do-encontro-tecnico-tce-mg\/\",\"url\":\"https:\/\/ubanews.com\/site\/2018\/11\/13\/uba-sera-sede-do-encontro-tecnico-tce-mg\/\",\"name\":\"Ub\u00e1 ser\u00e1 sede do Encontro T\u00e9cnico TCE\/MG - Ub\u00e1 News\",\"isPartOf\":{\"@id\":\"https:\/\/ubanews.com\/site\/#website\"},\"primaryImageOfPage\":{\"@id\":\"https:\/\/ubanews.com\/site\/2018\/11\/13\/uba-sera-sede-do-encontro-tecnico-tce-mg\/#primaryimage\"},\"image\":{\"@id\":\"https:\/\/ubanews.com\/site\/2018\/11\/13\/uba-sera-sede-do-encontro-tecnico-tce-mg\/#primaryimage\"},\"thumbnailUrl\":\"https:\/\/ubanews.com\/site\/wp-content\/uploads\/2018\/11\/180.jpg\",\"datePublished\":\"2018-11-13T12:41:57+00:00\",\"dateModified\":\"2018-12-06T18:52:17+00:00\",\"breadcrumb\":{\"@id\":\"https:\/\/ubanews.com\/site\/2018\/11\/13\/uba-sera-sede-do-encontro-tecnico-tce-mg\/#breadcrumb\"},\"inLanguage\":\"pt-BR\",\"potentialAction\":[{\"@type\":\"ReadAction\",\"target\":[\"https:\/\/ubanews.com\/site\/2018\/11\/13\/uba-sera-sede-do-encontro-tecnico-tce-mg\/\"]}]},{\"@type\":\"ImageObject\",\"inLanguage\":\"pt-BR\",\"@id\":\"https:\/\/ubanews.com\/site\/2018\/11\/13\/uba-sera-sede-do-encontro-tecnico-tce-mg\/#primaryimage\",\"url\":\"https:\/\/ubanews.com\/site\/wp-content\/uploads\/2018\/11\/180.jpg\",\"contentUrl\":\"https:\/\/ubanews.com\/site\/wp-content\/uploads\/2018\/11\/180.jpg\",\"width\":800,\"height\":389},{\"@type\":\"BreadcrumbList\",\"@id\":\"https:\/\/ubanews.com\/site\/2018\/11\/13\/uba-sera-sede-do-encontro-tecnico-tce-mg\/#breadcrumb\",\"itemListElement\":[{\"@type\":\"ListItem\",\"position\":1,\"name\":\"Home\",\"item\":\"https:\/\/ubanews.com\/site\/\"},{\"@type\":\"ListItem\",\"position\":2,\"name\":\"Ub\u00e1 ser\u00e1 sede do Encontro T\u00e9cnico TCE\/MG\"}]},{\"@type\":\"WebSite\",\"@id\":\"https:\/\/ubanews.com\/site\/#website\",\"url\":\"https:\/\/ubanews.com\/site\/\",\"name\":\"Ub\u00e1 News\",\"description\":\"\",\"publisher\":{\"@id\":\"https:\/\/ubanews.com\/site\/#organization\"},\"potentialAction\":[{\"@type\":\"SearchAction\",\"target\":{\"@type\":\"EntryPoint\",\"urlTemplate\":\"https:\/\/ubanews.com\/site\/?s={search_term_string}\"},\"query-input\":{\"@type\":\"PropertyValueSpecification\",\"valueRequired\":true,\"valueName\":\"search_term_string\"}}],\"inLanguage\":\"pt-BR\"},{\"@type\":\"Organization\",\"@id\":\"https:\/\/ubanews.com\/site\/#organization\",\"name\":\"Ub\u00e1 News\",\"url\":\"https:\/\/ubanews.com\/site\/\",\"logo\":{\"@type\":\"ImageObject\",\"inLanguage\":\"pt-BR\",\"@id\":\"https:\/\/ubanews.com\/site\/#\/schema\/logo\/image\/\",\"url\":\"https:\/\/ubanews.com\/site\/wp-content\/uploads\/2018\/01\/logoubanews.png\",\"contentUrl\":\"https:\/\/ubanews.com\/site\/wp-content\/uploads\/2018\/01\/logoubanews.png\",\"width\":261,\"height\":99,\"caption\":\"Ub\u00e1 News\"},\"image\":{\"@id\":\"https:\/\/ubanews.com\/site\/#\/schema\/logo\/image\/\"},\"sameAs\":[\"https:\/\/www.facebook.com\/Ub\u00e1News-Carlos-Roberto-Sodr\u00e9-418778301977370\"]},{\"@type\":\"Person\",\"@id\":\"https:\/\/ubanews.com\/site\/#\/schema\/person\/d90c9e47252fbb63dcc969fe4c8b9d10\",\"name\":\"Sodr\u00e9\",\"image\":{\"@type\":\"ImageObject\",\"inLanguage\":\"pt-BR\",\"@id\":\"https:\/\/secure.gravatar.com\/avatar\/5ba2793f0590b9dbfad3fdec4ee714485b3eef211c9b32ee53d414060454a56c?s=96&d=mm&r=g\",\"url\":\"https:\/\/secure.gravatar.com\/avatar\/5ba2793f0590b9dbfad3fdec4ee714485b3eef211c9b32ee53d414060454a56c?s=96&d=mm&r=g\",\"contentUrl\":\"https:\/\/secure.gravatar.com\/avatar\/5ba2793f0590b9dbfad3fdec4ee714485b3eef211c9b32ee53d414060454a56c?s=96&d=mm&r=g\",\"caption\":\"Sodr\u00e9\"},\"sameAs\":[\"https:\/\/www.facebook.com\/carosroberto.sodre.5\/\"],\"url\":\"https:\/\/ubanews.com\/site\/author\/felipe\/\"}]}<\/script>\n<!-- \/ Yoast SEO plugin. -->","yoast_head_json":{"title":"Ub\u00e1 ser\u00e1 sede do Encontro T\u00e9cnico TCE\/MG - Ub\u00e1 News","robots":{"index":"index","follow":"follow","max-snippet":"max-snippet:-1","max-image-preview":"max-image-preview:large","max-video-preview":"max-video-preview:-1"},"canonical":"https:\/\/ubanews.com\/site\/2018\/11\/13\/uba-sera-sede-do-encontro-tecnico-tce-mg\/","og_locale":"pt_BR","og_type":"article","og_title":"Ub\u00e1 ser\u00e1 sede do Encontro T\u00e9cnico TCE\/MG - Ub\u00e1 News","og_description":"Ub\u00e1 ser\u00e1 sede do Encontro T\u00e9cnico TCE\/MG e os Munic\u00edpios.","og_url":"https:\/\/ubanews.com\/site\/2018\/11\/13\/uba-sera-sede-do-encontro-tecnico-tce-mg\/","og_site_name":"Ub\u00e1 News","article_publisher":"https:\/\/www.facebook.com\/Ub%c3%a1News-Carlos-Roberto-Sodr%c3%a9-418778301977370","article_author":"https:\/\/www.facebook.com\/carosroberto.sodre.5\/","article_published_time":"2018-11-13T12:41:57+00:00","article_modified_time":"2018-12-06T18:52:17+00:00","og_image":[{"width":800,"height":389,"url":"https:\/\/ubanews.com\/site\/wp-content\/uploads\/2018\/11\/180.jpg","type":"image\/jpeg"}],"author":"Sodr\u00e9","twitter_card":"summary_large_image","twitter_misc":{"Escrito por":"Sodr\u00e9","Est. tempo de leitura":"2 minutos"},"schema":{"@context":"https:\/\/schema.org","@graph":[{"@type":"Article","@id":"https:\/\/ubanews.com\/site\/2018\/11\/13\/uba-sera-sede-do-encontro-tecnico-tce-mg\/#article","isPartOf":{"@id":"https:\/\/ubanews.com\/site\/2018\/11\/13\/uba-sera-sede-do-encontro-tecnico-tce-mg\/"},"author":{"name":"Sodr\u00e9","@id":"https:\/\/ubanews.com\/site\/#\/schema\/person\/d90c9e47252fbb63dcc969fe4c8b9d10"},"headline":"Ub\u00e1 ser\u00e1 sede do Encontro T\u00e9cnico TCE\/MG","datePublished":"2018-11-13T12:41:57+00:00","dateModified":"2018-12-06T18:52:17+00:00","mainEntityOfPage":{"@id":"https:\/\/ubanews.com\/site\/2018\/11\/13\/uba-sera-sede-do-encontro-tecnico-tce-mg\/"},"wordCount":349,"commentCount":0,"publisher":{"@id":"https:\/\/ubanews.com\/site\/#organization"},"image":{"@id":"https:\/\/ubanews.com\/site\/2018\/11\/13\/uba-sera-sede-do-encontro-tecnico-tce-mg\/#primaryimage"},"thumbnailUrl":"https:\/\/ubanews.com\/site\/wp-content\/uploads\/2018\/11\/180.jpg","articleSection":["C\u00e2mara Municipal"],"inLanguage":"pt-BR","potentialAction":[{"@type":"CommentAction","name":"Comment","target":["https:\/\/ubanews.com\/site\/2018\/11\/13\/uba-sera-sede-do-encontro-tecnico-tce-mg\/#respond"]}]},{"@type":"WebPage","@id":"https:\/\/ubanews.com\/site\/2018\/11\/13\/uba-sera-sede-do-encontro-tecnico-tce-mg\/","url":"https:\/\/ubanews.com\/site\/2018\/11\/13\/uba-sera-sede-do-encontro-tecnico-tce-mg\/","name":"Ub\u00e1 ser\u00e1 sede do Encontro T\u00e9cnico TCE\/MG - Ub\u00e1 News","isPartOf":{"@id":"https:\/\/ubanews.com\/site\/#website"},"primaryImageOfPage":{"@id":"https:\/\/ubanews.com\/site\/2018\/11\/13\/uba-sera-sede-do-encontro-tecnico-tce-mg\/#primaryimage"},"image":{"@id":"https:\/\/ubanews.com\/site\/2018\/11\/13\/uba-sera-sede-do-encontro-tecnico-tce-mg\/#primaryimage"},"thumbnailUrl":"https:\/\/ubanews.com\/site\/wp-content\/uploads\/2018\/11\/180.jpg","datePublished":"2018-11-13T12:41:57+00:00","dateModified":"2018-12-06T18:52:17+00:00","breadcrumb":{"@id":"https:\/\/ubanews.com\/site\/2018\/11\/13\/uba-sera-sede-do-encontro-tecnico-tce-mg\/#breadcrumb"},"inLanguage":"pt-BR","potentialAction":[{"@type":"ReadAction","target":["https:\/\/ubanews.com\/site\/2018\/11\/13\/uba-sera-sede-do-encontro-tecnico-tce-mg\/"]}]},{"@type":"ImageObject","inLanguage":"pt-BR","@id":"https:\/\/ubanews.com\/site\/2018\/11\/13\/uba-sera-sede-do-encontro-tecnico-tce-mg\/#primaryimage","url":"https:\/\/ubanews.com\/site\/wp-content\/uploads\/2018\/11\/180.jpg","contentUrl":"https:\/\/ubanews.com\/site\/wp-content\/uploads\/2018\/11\/180.jpg","width":800,"height":389},{"@type":"BreadcrumbList","@id":"https:\/\/ubanews.com\/site\/2018\/11\/13\/uba-sera-sede-do-encontro-tecnico-tce-mg\/#breadcrumb","itemListElement":[{"@type":"ListItem","position":1,"name":"Home","item":"https:\/\/ubanews.com\/site\/"},{"@type":"ListItem","position":2,"name":"Ub\u00e1 ser\u00e1 sede do Encontro T\u00e9cnico TCE\/MG"}]},{"@type":"WebSite","@id":"https:\/\/ubanews.com\/site\/#website","url":"https:\/\/ubanews.com\/site\/","name":"Ub\u00e1 News","description":"","publisher":{"@id":"https:\/\/ubanews.com\/site\/#organization"},"potentialAction":[{"@type":"SearchAction","target":{"@type":"EntryPoint","urlTemplate":"https:\/\/ubanews.com\/site\/?s={search_term_string}"},"query-input":{"@type":"PropertyValueSpecification","valueRequired":true,"valueName":"search_term_string"}}],"inLanguage":"pt-BR"},{"@type":"Organization","@id":"https:\/\/ubanews.com\/site\/#organization","name":"Ub\u00e1 News","url":"https:\/\/ubanews.com\/site\/","logo":{"@type":"ImageObject","inLanguage":"pt-BR","@id":"https:\/\/ubanews.com\/site\/#\/schema\/logo\/image\/","url":"https:\/\/ubanews.com\/site\/wp-content\/uploads\/2018\/01\/logoubanews.png","contentUrl":"https:\/\/ubanews.com\/site\/wp-content\/uploads\/2018\/01\/logoubanews.png","width":261,"height":99,"caption":"Ub\u00e1 News"},"image":{"@id":"https:\/\/ubanews.com\/site\/#\/schema\/logo\/image\/"},"sameAs":["https:\/\/www.facebook.com\/Ub\u00e1News-Carlos-Roberto-Sodr\u00e9-418778301977370"]},{"@type":"Person","@id":"https:\/\/ubanews.com\/site\/#\/schema\/person\/d90c9e47252fbb63dcc969fe4c8b9d10","name":"Sodr\u00e9","image":{"@type":"ImageObject","inLanguage":"pt-BR","@id":"https:\/\/secure.gravatar.com\/avatar\/5ba2793f0590b9dbfad3fdec4ee714485b3eef211c9b32ee53d414060454a56c?s=96&d=mm&r=g","url":"https:\/\/secure.gravatar.com\/avatar\/5ba2793f0590b9dbfad3fdec4ee714485b3eef211c9b32ee53d414060454a56c?s=96&d=mm&r=g","contentUrl":"https:\/\/secure.gravatar.com\/avatar\/5ba2793f0590b9dbfad3fdec4ee714485b3eef211c9b32ee53d414060454a56c?s=96&d=mm&r=g","caption":"Sodr\u00e9"},"sameAs":["https:\/\/www.facebook.com\/carosroberto.sodre.5\/"],"url":"https:\/\/ubanews.com\/site\/author\/felipe\/"}]}},"_links":{"self":[{"href":"https:\/\/ubanews.com\/site\/wp-json\/wp\/v2\/posts\/9173","targetHints":{"allow":["GET"]}}],"collection":[{"href":"https:\/\/ubanews.com\/site\/wp-json\/wp\/v2\/posts"}],"about":[{"href":"https:\/\/ubanews.com\/site\/wp-json\/wp\/v2\/types\/post"}],"author":[{"embeddable":true,"href":"https:\/\/ubanews.com\/site\/wp-json\/wp\/v2\/users\/2"}],"replies":[{"embeddable":true,"href":"https:\/\/ubanews.com\/site\/wp-json\/wp\/v2\/comments?post=9173"}],"version-history":[{"count":0,"href":"https:\/\/ubanews.com\/site\/wp-json\/wp\/v2\/posts\/9173\/revisions"}],"wp:featuredmedia":[{"embeddable":true,"href":"https:\/\/ubanews.com\/site\/wp-json\/wp\/v2\/media\/9174"}],"wp:attachment":[{"href":"https:\/\/ubanews.com\/site\/wp-json\/wp\/v2\/media?parent=9173"}],"wp:term":[{"taxonomy":"category","embeddable":true,"href":"https:\/\/ubanews.com\/site\/wp-json\/wp\/v2\/categories?post=9173"},{"taxonomy":"post_tag","embeddable":true,"href":"https:\/\/ubanews.com\/site\/wp-json\/wp\/v2\/tags?post=9173"}],"curies":[{"name":"wp","href":"https:\/\/api.w.org\/{rel}","templated":true}]}}