{"id":9169,"date":"2018-11-13T10:22:33","date_gmt":"2018-11-13T12:22:33","guid":{"rendered":"http:\/\/ubanews.com\/site\/?p=9169"},"modified":"2018-11-13T10:32:48","modified_gmt":"2018-11-13T12:32:48","slug":"apos-roubo-criminosos-evadem-do-local-montados-a-cavalos","status":"publish","type":"post","link":"https:\/\/ubanews.com\/site\/2018\/11\/13\/apos-roubo-criminosos-evadem-do-local-montados-a-cavalos\/","title":{"rendered":"AP\u00d3S ROUBO CRIMINOSOS EVADEM DO LOCAL MONTADOS A CAVALOS"},"content":{"rendered":"<p>No dia 12 de Novembro de 2018 \u00e0s 14 horas e 17 minutos, na Av. Senador Levindo Coelho no Bairro Chiquito Gazola, a v\u00edtima uma mulher de 40 anos, relatou que tr\u00eas autores com arma de fogo em punho adentraram no seu estabelecimento e anunciaram o roubo e que foi subtra\u00eddo do local aproximadamente R$150,00 e diversos alimentos e que os autores evadiram em dois cavalos.<\/p>\n<p>Durante rastreamento foram localizados e recolhidos dois cavalos que foram utilizados para fuga, o recolhimento ficou \u00e0 cargo da Pol\u00edcia Rodovi\u00e1ria Estadual.<\/p>\n<p>Destarte a Pol\u00edcia Militar em rastreamento recebeu informa\u00e7\u00f5es an\u00f4nimas informando que foi visualizado um veiculo Kadet na cor branco conduzido por um cidad\u00e3o que deu fuga \u00e0 dois dos supostos envolvidos.<\/p>\n<p>O veiculo Kadet de placa GRB-1078 foi abordado e o seu condutor, identificado como Ilton Carlos de 52 anos que confessou haver dado carona para os adolescentes infratores e que os deixou na rua de suas resid\u00eancias. O cidad\u00e3o Ilton n\u00e3o portava documentos de porte obrigat\u00f3rio, raz\u00e3o pela qual teve o autom\u00f3vel rebocado.<\/p>\n<p>Neste \u00ednterim a Pol\u00edcia Militar abordou dois cidad\u00e3os sendo o autor Junior Dias Orozimbo de 18 anos e um adolescente infrator de 16 anos, sendo que um empreendeu fuga. Aos ser realizada varredura pelo local da fuga foi localizado um revolver calibre .38 de fabrica\u00e7\u00e3o Argentina, na resid\u00eancia de um dos autores foi localizado a quantia de R$ 132,00 em moeda corrente. O autor Junior quando menor possu\u00eda passagens por les\u00e3o corporal e tr\u00e1fico de drogas.<\/p>\n<p>Os autores foram presos pelo crime de roubo e posse de arma de fogo e o adolescente infrator foi apreendido e conduzido \u00e0 Delegacia de Pol\u00edcia Judici\u00e1ria juntamente com os materiais.<\/p>\n<div><span style=\"font-family: 'Arial','sans-serif';\"><span style=\"font-size: large;\"><b>ASSESSORIA DE COMUNICA\u00c7\u00c3O ORGANIZACIONAL<\/b><\/span><i><b><br \/>\n<\/b><\/i><\/span><\/div>\n<p><strong><span style=\"font-family: 'Arial','sans-serif';\"><i>Vig\u00e9simo Primeiro Batalh\u00e3o de Pol\u00edcia Militar.<\/i><\/span><\/strong><\/p>\n","protected":false},"excerpt":{"rendered":"<p>No dia 12 de Novembro de 2018 \u00e0s 14 horas<\/p>\n","protected":false},"author":2,"featured_media":9038,"comment_status":"open","ping_status":"open","sticky":false,"template":"","format":"standard","meta":{"footnotes":""},"categories":[13],"tags":[],"class_list":["post-9169","post","type-post","status-publish","format-standard","has-post-thumbnail","hentry","category-sintese-das-ocorrencias"],"yoast_head":"<!-- This site is optimized with the Yoast SEO plugin v27.2 - https:\/\/yoast.com\/product\/yoast-seo-wordpress\/ -->\n<title>AP\u00d3S ROUBO CRIMINOSOS EVADEM DO LOCAL MONTADOS A CAVALOS - Ub\u00e1 News<\/title>\n<meta name=\"robots\" content=\"index, follow, max-snippet:-1, max-image-preview:large, max-video-preview:-1\" \/>\n<link rel=\"canonical\" href=\"https:\/\/ubanews.com\/site\/2018\/11\/13\/apos-roubo-criminosos-evadem-do-local-montados-a-cavalos\/\" \/>\n<meta property=\"og:locale\" content=\"pt_BR\" \/>\n<meta property=\"og:type\" content=\"article\" \/>\n<meta property=\"og:title\" content=\"AP\u00d3S ROUBO CRIMINOSOS EVADEM DO LOCAL MONTADOS A CAVALOS - Ub\u00e1 News\" \/>\n<meta property=\"og:description\" content=\"No dia 12 de Novembro de 2018 \u00e0s 14 horas\" \/>\n<meta property=\"og:url\" content=\"https:\/\/ubanews.com\/site\/2018\/11\/13\/apos-roubo-criminosos-evadem-do-local-montados-a-cavalos\/\" \/>\n<meta property=\"og:site_name\" content=\"Ub\u00e1 News\" \/>\n<meta property=\"article:publisher\" content=\"https:\/\/www.facebook.com\/Ub%c3%a1News-Carlos-Roberto-Sodr%c3%a9-418778301977370\" \/>\n<meta property=\"article:author\" content=\"https:\/\/www.facebook.com\/carosroberto.sodre.5\/\" \/>\n<meta property=\"article:published_time\" content=\"2018-11-13T12:22:33+00:00\" \/>\n<meta property=\"article:modified_time\" content=\"2018-11-13T12:32:48+00:00\" \/>\n<meta property=\"og:image\" content=\"https:\/\/ubanews.com\/site\/wp-content\/uploads\/2018\/11\/roubo-3.jpg\" \/>\n\t<meta property=\"og:image:width\" content=\"800\" \/>\n\t<meta property=\"og:image:height\" content=\"389\" \/>\n\t<meta property=\"og:image:type\" content=\"image\/jpeg\" \/>\n<meta name=\"author\" content=\"Sodr\u00e9\" \/>\n<meta name=\"twitter:card\" content=\"summary_large_image\" \/>\n<meta name=\"twitter:label1\" content=\"Escrito por\" \/>\n\t<meta name=\"twitter:data1\" content=\"Sodr\u00e9\" \/>\n\t<meta name=\"twitter:label2\" content=\"Est. tempo de leitura\" \/>\n\t<meta name=\"twitter:data2\" content=\"2 minutos\" \/>\n<script type=\"application\/ld+json\" class=\"yoast-schema-graph\">{\"@context\":\"https:\/\/schema.org\",\"@graph\":[{\"@type\":\"Article\",\"@id\":\"https:\/\/ubanews.com\/site\/2018\/11\/13\/apos-roubo-criminosos-evadem-do-local-montados-a-cavalos\/#article\",\"isPartOf\":{\"@id\":\"https:\/\/ubanews.com\/site\/2018\/11\/13\/apos-roubo-criminosos-evadem-do-local-montados-a-cavalos\/\"},\"author\":{\"name\":\"Sodr\u00e9\",\"@id\":\"https:\/\/ubanews.com\/site\/#\/schema\/person\/d90c9e47252fbb63dcc969fe4c8b9d10\"},\"headline\":\"AP\u00d3S ROUBO CRIMINOSOS EVADEM DO LOCAL MONTADOS A CAVALOS\",\"datePublished\":\"2018-11-13T12:22:33+00:00\",\"dateModified\":\"2018-11-13T12:32:48+00:00\",\"mainEntityOfPage\":{\"@id\":\"https:\/\/ubanews.com\/site\/2018\/11\/13\/apos-roubo-criminosos-evadem-do-local-montados-a-cavalos\/\"},\"wordCount\":314,\"commentCount\":0,\"publisher\":{\"@id\":\"https:\/\/ubanews.com\/site\/#organization\"},\"image\":{\"@id\":\"https:\/\/ubanews.com\/site\/2018\/11\/13\/apos-roubo-criminosos-evadem-do-local-montados-a-cavalos\/#primaryimage\"},\"thumbnailUrl\":\"https:\/\/ubanews.com\/site\/wp-content\/uploads\/2018\/11\/roubo-3.jpg\",\"articleSection\":[\"S\u00edntese das Ocorr\u00eancias\"],\"inLanguage\":\"pt-BR\",\"potentialAction\":[{\"@type\":\"CommentAction\",\"name\":\"Comment\",\"target\":[\"https:\/\/ubanews.com\/site\/2018\/11\/13\/apos-roubo-criminosos-evadem-do-local-montados-a-cavalos\/#respond\"]}]},{\"@type\":\"WebPage\",\"@id\":\"https:\/\/ubanews.com\/site\/2018\/11\/13\/apos-roubo-criminosos-evadem-do-local-montados-a-cavalos\/\",\"url\":\"https:\/\/ubanews.com\/site\/2018\/11\/13\/apos-roubo-criminosos-evadem-do-local-montados-a-cavalos\/\",\"name\":\"AP\u00d3S ROUBO CRIMINOSOS EVADEM DO LOCAL MONTADOS A CAVALOS - Ub\u00e1 News\",\"isPartOf\":{\"@id\":\"https:\/\/ubanews.com\/site\/#website\"},\"primaryImageOfPage\":{\"@id\":\"https:\/\/ubanews.com\/site\/2018\/11\/13\/apos-roubo-criminosos-evadem-do-local-montados-a-cavalos\/#primaryimage\"},\"image\":{\"@id\":\"https:\/\/ubanews.com\/site\/2018\/11\/13\/apos-roubo-criminosos-evadem-do-local-montados-a-cavalos\/#primaryimage\"},\"thumbnailUrl\":\"https:\/\/ubanews.com\/site\/wp-content\/uploads\/2018\/11\/roubo-3.jpg\",\"datePublished\":\"2018-11-13T12:22:33+00:00\",\"dateModified\":\"2018-11-13T12:32:48+00:00\",\"breadcrumb\":{\"@id\":\"https:\/\/ubanews.com\/site\/2018\/11\/13\/apos-roubo-criminosos-evadem-do-local-montados-a-cavalos\/#breadcrumb\"},\"inLanguage\":\"pt-BR\",\"potentialAction\":[{\"@type\":\"ReadAction\",\"target\":[\"https:\/\/ubanews.com\/site\/2018\/11\/13\/apos-roubo-criminosos-evadem-do-local-montados-a-cavalos\/\"]}]},{\"@type\":\"ImageObject\",\"inLanguage\":\"pt-BR\",\"@id\":\"https:\/\/ubanews.com\/site\/2018\/11\/13\/apos-roubo-criminosos-evadem-do-local-montados-a-cavalos\/#primaryimage\",\"url\":\"https:\/\/ubanews.com\/site\/wp-content\/uploads\/2018\/11\/roubo-3.jpg\",\"contentUrl\":\"https:\/\/ubanews.com\/site\/wp-content\/uploads\/2018\/11\/roubo-3.jpg\",\"width\":800,\"height\":389},{\"@type\":\"BreadcrumbList\",\"@id\":\"https:\/\/ubanews.com\/site\/2018\/11\/13\/apos-roubo-criminosos-evadem-do-local-montados-a-cavalos\/#breadcrumb\",\"itemListElement\":[{\"@type\":\"ListItem\",\"position\":1,\"name\":\"Home\",\"item\":\"https:\/\/ubanews.com\/site\/\"},{\"@type\":\"ListItem\",\"position\":2,\"name\":\"AP\u00d3S ROUBO CRIMINOSOS EVADEM DO LOCAL MONTADOS A CAVALOS\"}]},{\"@type\":\"WebSite\",\"@id\":\"https:\/\/ubanews.com\/site\/#website\",\"url\":\"https:\/\/ubanews.com\/site\/\",\"name\":\"Ub\u00e1 News\",\"description\":\"\",\"publisher\":{\"@id\":\"https:\/\/ubanews.com\/site\/#organization\"},\"potentialAction\":[{\"@type\":\"SearchAction\",\"target\":{\"@type\":\"EntryPoint\",\"urlTemplate\":\"https:\/\/ubanews.com\/site\/?s={search_term_string}\"},\"query-input\":{\"@type\":\"PropertyValueSpecification\",\"valueRequired\":true,\"valueName\":\"search_term_string\"}}],\"inLanguage\":\"pt-BR\"},{\"@type\":\"Organization\",\"@id\":\"https:\/\/ubanews.com\/site\/#organization\",\"name\":\"Ub\u00e1 News\",\"url\":\"https:\/\/ubanews.com\/site\/\",\"logo\":{\"@type\":\"ImageObject\",\"inLanguage\":\"pt-BR\",\"@id\":\"https:\/\/ubanews.com\/site\/#\/schema\/logo\/image\/\",\"url\":\"https:\/\/ubanews.com\/site\/wp-content\/uploads\/2018\/01\/logoubanews.png\",\"contentUrl\":\"https:\/\/ubanews.com\/site\/wp-content\/uploads\/2018\/01\/logoubanews.png\",\"width\":261,\"height\":99,\"caption\":\"Ub\u00e1 News\"},\"image\":{\"@id\":\"https:\/\/ubanews.com\/site\/#\/schema\/logo\/image\/\"},\"sameAs\":[\"https:\/\/www.facebook.com\/Ub\u00e1News-Carlos-Roberto-Sodr\u00e9-418778301977370\"]},{\"@type\":\"Person\",\"@id\":\"https:\/\/ubanews.com\/site\/#\/schema\/person\/d90c9e47252fbb63dcc969fe4c8b9d10\",\"name\":\"Sodr\u00e9\",\"image\":{\"@type\":\"ImageObject\",\"inLanguage\":\"pt-BR\",\"@id\":\"https:\/\/secure.gravatar.com\/avatar\/5ba2793f0590b9dbfad3fdec4ee714485b3eef211c9b32ee53d414060454a56c?s=96&d=mm&r=g\",\"url\":\"https:\/\/secure.gravatar.com\/avatar\/5ba2793f0590b9dbfad3fdec4ee714485b3eef211c9b32ee53d414060454a56c?s=96&d=mm&r=g\",\"contentUrl\":\"https:\/\/secure.gravatar.com\/avatar\/5ba2793f0590b9dbfad3fdec4ee714485b3eef211c9b32ee53d414060454a56c?s=96&d=mm&r=g\",\"caption\":\"Sodr\u00e9\"},\"sameAs\":[\"https:\/\/www.facebook.com\/carosroberto.sodre.5\/\"],\"url\":\"https:\/\/ubanews.com\/site\/author\/felipe\/\"}]}<\/script>\n<!-- \/ Yoast SEO plugin. -->","yoast_head_json":{"title":"AP\u00d3S ROUBO CRIMINOSOS EVADEM DO LOCAL MONTADOS A CAVALOS - Ub\u00e1 News","robots":{"index":"index","follow":"follow","max-snippet":"max-snippet:-1","max-image-preview":"max-image-preview:large","max-video-preview":"max-video-preview:-1"},"canonical":"https:\/\/ubanews.com\/site\/2018\/11\/13\/apos-roubo-criminosos-evadem-do-local-montados-a-cavalos\/","og_locale":"pt_BR","og_type":"article","og_title":"AP\u00d3S ROUBO CRIMINOSOS EVADEM DO LOCAL MONTADOS A CAVALOS - Ub\u00e1 News","og_description":"No dia 12 de Novembro de 2018 \u00e0s 14 horas","og_url":"https:\/\/ubanews.com\/site\/2018\/11\/13\/apos-roubo-criminosos-evadem-do-local-montados-a-cavalos\/","og_site_name":"Ub\u00e1 News","article_publisher":"https:\/\/www.facebook.com\/Ub%c3%a1News-Carlos-Roberto-Sodr%c3%a9-418778301977370","article_author":"https:\/\/www.facebook.com\/carosroberto.sodre.5\/","article_published_time":"2018-11-13T12:22:33+00:00","article_modified_time":"2018-11-13T12:32:48+00:00","og_image":[{"width":800,"height":389,"url":"https:\/\/ubanews.com\/site\/wp-content\/uploads\/2018\/11\/roubo-3.jpg","type":"image\/jpeg"}],"author":"Sodr\u00e9","twitter_card":"summary_large_image","twitter_misc":{"Escrito por":"Sodr\u00e9","Est. tempo de leitura":"2 minutos"},"schema":{"@context":"https:\/\/schema.org","@graph":[{"@type":"Article","@id":"https:\/\/ubanews.com\/site\/2018\/11\/13\/apos-roubo-criminosos-evadem-do-local-montados-a-cavalos\/#article","isPartOf":{"@id":"https:\/\/ubanews.com\/site\/2018\/11\/13\/apos-roubo-criminosos-evadem-do-local-montados-a-cavalos\/"},"author":{"name":"Sodr\u00e9","@id":"https:\/\/ubanews.com\/site\/#\/schema\/person\/d90c9e47252fbb63dcc969fe4c8b9d10"},"headline":"AP\u00d3S ROUBO CRIMINOSOS EVADEM DO LOCAL MONTADOS A CAVALOS","datePublished":"2018-11-13T12:22:33+00:00","dateModified":"2018-11-13T12:32:48+00:00","mainEntityOfPage":{"@id":"https:\/\/ubanews.com\/site\/2018\/11\/13\/apos-roubo-criminosos-evadem-do-local-montados-a-cavalos\/"},"wordCount":314,"commentCount":0,"publisher":{"@id":"https:\/\/ubanews.com\/site\/#organization"},"image":{"@id":"https:\/\/ubanews.com\/site\/2018\/11\/13\/apos-roubo-criminosos-evadem-do-local-montados-a-cavalos\/#primaryimage"},"thumbnailUrl":"https:\/\/ubanews.com\/site\/wp-content\/uploads\/2018\/11\/roubo-3.jpg","articleSection":["S\u00edntese das Ocorr\u00eancias"],"inLanguage":"pt-BR","potentialAction":[{"@type":"CommentAction","name":"Comment","target":["https:\/\/ubanews.com\/site\/2018\/11\/13\/apos-roubo-criminosos-evadem-do-local-montados-a-cavalos\/#respond"]}]},{"@type":"WebPage","@id":"https:\/\/ubanews.com\/site\/2018\/11\/13\/apos-roubo-criminosos-evadem-do-local-montados-a-cavalos\/","url":"https:\/\/ubanews.com\/site\/2018\/11\/13\/apos-roubo-criminosos-evadem-do-local-montados-a-cavalos\/","name":"AP\u00d3S ROUBO CRIMINOSOS EVADEM DO LOCAL MONTADOS A CAVALOS - Ub\u00e1 News","isPartOf":{"@id":"https:\/\/ubanews.com\/site\/#website"},"primaryImageOfPage":{"@id":"https:\/\/ubanews.com\/site\/2018\/11\/13\/apos-roubo-criminosos-evadem-do-local-montados-a-cavalos\/#primaryimage"},"image":{"@id":"https:\/\/ubanews.com\/site\/2018\/11\/13\/apos-roubo-criminosos-evadem-do-local-montados-a-cavalos\/#primaryimage"},"thumbnailUrl":"https:\/\/ubanews.com\/site\/wp-content\/uploads\/2018\/11\/roubo-3.jpg","datePublished":"2018-11-13T12:22:33+00:00","dateModified":"2018-11-13T12:32:48+00:00","breadcrumb":{"@id":"https:\/\/ubanews.com\/site\/2018\/11\/13\/apos-roubo-criminosos-evadem-do-local-montados-a-cavalos\/#breadcrumb"},"inLanguage":"pt-BR","potentialAction":[{"@type":"ReadAction","target":["https:\/\/ubanews.com\/site\/2018\/11\/13\/apos-roubo-criminosos-evadem-do-local-montados-a-cavalos\/"]}]},{"@type":"ImageObject","inLanguage":"pt-BR","@id":"https:\/\/ubanews.com\/site\/2018\/11\/13\/apos-roubo-criminosos-evadem-do-local-montados-a-cavalos\/#primaryimage","url":"https:\/\/ubanews.com\/site\/wp-content\/uploads\/2018\/11\/roubo-3.jpg","contentUrl":"https:\/\/ubanews.com\/site\/wp-content\/uploads\/2018\/11\/roubo-3.jpg","width":800,"height":389},{"@type":"BreadcrumbList","@id":"https:\/\/ubanews.com\/site\/2018\/11\/13\/apos-roubo-criminosos-evadem-do-local-montados-a-cavalos\/#breadcrumb","itemListElement":[{"@type":"ListItem","position":1,"name":"Home","item":"https:\/\/ubanews.com\/site\/"},{"@type":"ListItem","position":2,"name":"AP\u00d3S ROUBO CRIMINOSOS EVADEM DO LOCAL MONTADOS A CAVALOS"}]},{"@type":"WebSite","@id":"https:\/\/ubanews.com\/site\/#website","url":"https:\/\/ubanews.com\/site\/","name":"Ub\u00e1 News","description":"","publisher":{"@id":"https:\/\/ubanews.com\/site\/#organization"},"potentialAction":[{"@type":"SearchAction","target":{"@type":"EntryPoint","urlTemplate":"https:\/\/ubanews.com\/site\/?s={search_term_string}"},"query-input":{"@type":"PropertyValueSpecification","valueRequired":true,"valueName":"search_term_string"}}],"inLanguage":"pt-BR"},{"@type":"Organization","@id":"https:\/\/ubanews.com\/site\/#organization","name":"Ub\u00e1 News","url":"https:\/\/ubanews.com\/site\/","logo":{"@type":"ImageObject","inLanguage":"pt-BR","@id":"https:\/\/ubanews.com\/site\/#\/schema\/logo\/image\/","url":"https:\/\/ubanews.com\/site\/wp-content\/uploads\/2018\/01\/logoubanews.png","contentUrl":"https:\/\/ubanews.com\/site\/wp-content\/uploads\/2018\/01\/logoubanews.png","width":261,"height":99,"caption":"Ub\u00e1 News"},"image":{"@id":"https:\/\/ubanews.com\/site\/#\/schema\/logo\/image\/"},"sameAs":["https:\/\/www.facebook.com\/Ub\u00e1News-Carlos-Roberto-Sodr\u00e9-418778301977370"]},{"@type":"Person","@id":"https:\/\/ubanews.com\/site\/#\/schema\/person\/d90c9e47252fbb63dcc969fe4c8b9d10","name":"Sodr\u00e9","image":{"@type":"ImageObject","inLanguage":"pt-BR","@id":"https:\/\/secure.gravatar.com\/avatar\/5ba2793f0590b9dbfad3fdec4ee714485b3eef211c9b32ee53d414060454a56c?s=96&d=mm&r=g","url":"https:\/\/secure.gravatar.com\/avatar\/5ba2793f0590b9dbfad3fdec4ee714485b3eef211c9b32ee53d414060454a56c?s=96&d=mm&r=g","contentUrl":"https:\/\/secure.gravatar.com\/avatar\/5ba2793f0590b9dbfad3fdec4ee714485b3eef211c9b32ee53d414060454a56c?s=96&d=mm&r=g","caption":"Sodr\u00e9"},"sameAs":["https:\/\/www.facebook.com\/carosroberto.sodre.5\/"],"url":"https:\/\/ubanews.com\/site\/author\/felipe\/"}]}},"_links":{"self":[{"href":"https:\/\/ubanews.com\/site\/wp-json\/wp\/v2\/posts\/9169","targetHints":{"allow":["GET"]}}],"collection":[{"href":"https:\/\/ubanews.com\/site\/wp-json\/wp\/v2\/posts"}],"about":[{"href":"https:\/\/ubanews.com\/site\/wp-json\/wp\/v2\/types\/post"}],"author":[{"embeddable":true,"href":"https:\/\/ubanews.com\/site\/wp-json\/wp\/v2\/users\/2"}],"replies":[{"embeddable":true,"href":"https:\/\/ubanews.com\/site\/wp-json\/wp\/v2\/comments?post=9169"}],"version-history":[{"count":0,"href":"https:\/\/ubanews.com\/site\/wp-json\/wp\/v2\/posts\/9169\/revisions"}],"wp:featuredmedia":[{"embeddable":true,"href":"https:\/\/ubanews.com\/site\/wp-json\/wp\/v2\/media\/9038"}],"wp:attachment":[{"href":"https:\/\/ubanews.com\/site\/wp-json\/wp\/v2\/media?parent=9169"}],"wp:term":[{"taxonomy":"category","embeddable":true,"href":"https:\/\/ubanews.com\/site\/wp-json\/wp\/v2\/categories?post=9169"},{"taxonomy":"post_tag","embeddable":true,"href":"https:\/\/ubanews.com\/site\/wp-json\/wp\/v2\/tags?post=9169"}],"curies":[{"name":"wp","href":"https:\/\/api.w.org\/{rel}","templated":true}]}}