{"id":9129,"date":"2018-11-12T14:18:36","date_gmt":"2018-11-12T16:18:36","guid":{"rendered":"http:\/\/ubanews.com\/site\/?p=9129"},"modified":"2018-12-06T16:52:25","modified_gmt":"2018-12-06T18:52:25","slug":"asas-promove-show-de-premios-e-arrecada-fundos-para-manutencao-das-acoes","status":"publish","type":"post","link":"https:\/\/ubanews.com\/site\/2018\/11\/12\/asas-promove-show-de-premios-e-arrecada-fundos-para-manutencao-das-acoes\/","title":{"rendered":"ASAS PROMOVE SHOW DE PR\u00caMIOS E ARRECADA FUNDOS PARA MANUTEN\u00c7\u00c3O DAS A\u00c7\u00d5ES"},"content":{"rendered":"<div>\n<p><a href=\"https:\/\/ubanews.com\/site\/wp-content\/uploads\/2018\/11\/DSC4111-copiar.jpg\"><img decoding=\"async\" class=\"alignnone size-medium wp-image-9131 lazyload\" data-src=\"https:\/\/ubanews.com\/site\/wp-content\/uploads\/2018\/11\/DSC4111-copiar-300x171.jpg\" alt=\"\" width=\"300\" height=\"171\" data-srcset=\"https:\/\/ubanews.com\/site\/wp-content\/uploads\/2018\/11\/DSC4111-copiar-300x171.jpg 300w, https:\/\/ubanews.com\/site\/wp-content\/uploads\/2018\/11\/DSC4111-copiar-768x439.jpg 768w, https:\/\/ubanews.com\/site\/wp-content\/uploads\/2018\/11\/DSC4111-copiar.jpg 800w\" data-sizes=\"(max-width: 300px) 100vw, 300px\" src=\"data:image\/svg+xml;base64,PHN2ZyB3aWR0aD0iMSIgaGVpZ2h0PSIxIiB4bWxucz0iaHR0cDovL3d3dy53My5vcmcvMjAwMC9zdmciPjwvc3ZnPg==\" style=\"--smush-placeholder-width: 300px; --smush-placeholder-aspect-ratio: 300\/171;\" \/><\/a> <a href=\"https:\/\/ubanews.com\/site\/wp-content\/uploads\/2018\/11\/DSC4109.jpg\"><img decoding=\"async\" class=\"alignnone size-medium wp-image-9130 lazyload\" data-src=\"https:\/\/ubanews.com\/site\/wp-content\/uploads\/2018\/11\/DSC4109-300x171.jpg\" alt=\"\" width=\"300\" height=\"171\" data-srcset=\"https:\/\/ubanews.com\/site\/wp-content\/uploads\/2018\/11\/DSC4109-300x171.jpg 300w, https:\/\/ubanews.com\/site\/wp-content\/uploads\/2018\/11\/DSC4109-768x439.jpg 768w, https:\/\/ubanews.com\/site\/wp-content\/uploads\/2018\/11\/DSC4109.jpg 800w\" data-sizes=\"(max-width: 300px) 100vw, 300px\" src=\"data:image\/svg+xml;base64,PHN2ZyB3aWR0aD0iMSIgaGVpZ2h0PSIxIiB4bWxucz0iaHR0cDovL3d3dy53My5vcmcvMjAwMC9zdmciPjwvc3ZnPg==\" style=\"--smush-placeholder-width: 300px; --smush-placeholder-aspect-ratio: 300\/171;\" \/><\/a> <a href=\"https:\/\/ubanews.com\/site\/wp-content\/uploads\/2018\/11\/DSC4118-copiar.jpg\"><img decoding=\"async\" class=\"alignnone size-medium wp-image-9133 lazyload\" data-src=\"https:\/\/ubanews.com\/site\/wp-content\/uploads\/2018\/11\/DSC4118-copiar-300x171.jpg\" alt=\"\" width=\"300\" height=\"171\" data-srcset=\"https:\/\/ubanews.com\/site\/wp-content\/uploads\/2018\/11\/DSC4118-copiar-300x171.jpg 300w, https:\/\/ubanews.com\/site\/wp-content\/uploads\/2018\/11\/DSC4118-copiar-768x439.jpg 768w, https:\/\/ubanews.com\/site\/wp-content\/uploads\/2018\/11\/DSC4118-copiar.jpg 800w\" data-sizes=\"(max-width: 300px) 100vw, 300px\" src=\"data:image\/svg+xml;base64,PHN2ZyB3aWR0aD0iMSIgaGVpZ2h0PSIxIiB4bWxucz0iaHR0cDovL3d3dy53My5vcmcvMjAwMC9zdmciPjwvc3ZnPg==\" style=\"--smush-placeholder-width: 300px; --smush-placeholder-aspect-ratio: 300\/171;\" \/><\/a> <a href=\"https:\/\/ubanews.com\/site\/wp-content\/uploads\/2018\/11\/DSC4113-copiar.jpg\"><img decoding=\"async\" class=\"alignnone size-medium wp-image-9132 lazyload\" data-src=\"https:\/\/ubanews.com\/site\/wp-content\/uploads\/2018\/11\/DSC4113-copiar-300x171.jpg\" alt=\"\" width=\"300\" height=\"171\" data-srcset=\"https:\/\/ubanews.com\/site\/wp-content\/uploads\/2018\/11\/DSC4113-copiar-300x171.jpg 300w, https:\/\/ubanews.com\/site\/wp-content\/uploads\/2018\/11\/DSC4113-copiar-768x439.jpg 768w, https:\/\/ubanews.com\/site\/wp-content\/uploads\/2018\/11\/DSC4113-copiar.jpg 800w\" data-sizes=\"(max-width: 300px) 100vw, 300px\" src=\"data:image\/svg+xml;base64,PHN2ZyB3aWR0aD0iMSIgaGVpZ2h0PSIxIiB4bWxucz0iaHR0cDovL3d3dy53My5vcmcvMjAwMC9zdmciPjwvc3ZnPg==\" style=\"--smush-placeholder-width: 300px; --smush-placeholder-aspect-ratio: 300\/171;\" \/><\/a><\/p>\n<p>O Grupo Asas (amigos sempre amigos) realizou neste domingo (11), no curumim 1, bairro Louri\u00e7al, de 9h \u00e0s 13h, um show de pr\u00eamios. A finalidade do evento, segundo o seu presidente Ademir de Paula, \u00e9 para manuten\u00e7\u00e3o das atividades da institui\u00e7\u00e3o. Al\u00e9m dos pr\u00eamios sorteados em sistema de bingo, teve ainda a participa\u00e7\u00e3o de artistas, que vieram de forma volunt\u00e1ria para prestigiar. Ziriguidum e Sambas\u00f4 fizeram a festa ficar ainda mais animada.<\/p>\n<p>Eis o que o presidente do Asas, Ademir de Paula, escreveu em sua p\u00e1gina no Facebook logo ap\u00f3s o encerramento do evento: <em>\u201cagradecemos de cora\u00e7\u00e3o a todos os membros do grupo ASAS, indistintamente, aqueles que tiveram presente ou n\u00e3o; ao senhor Ivanildo Ribeiro e esposa Marcela que doaram um lindo jogo de estofado Top\u00e1zio; ao senhor Jos\u00e9 Geraldo Coelho que dou um garrote; ao senhor Jos\u00e9 Xavier Brand\u00e3o Teixeira que dou um carneiro assado; ao senhor Jos\u00e9 Carlos Reis Pereira, presidente do Sindicato dos Marceneiros de Ub\u00e1, que dou uma bicicleta; ao senhor Fl\u00e1vio Monteze, secret\u00e1rio Desenvolvimento Social de Ub\u00e1, que fez a doa\u00e7\u00e3o de um arm\u00e1rio de a\u00e7o; a Femac, ao Gr\u00eamio Recreativo Escola de Samba S\u00e3o Domingos, aos Pau D\u2019\u00e1gua, em fim, em nome de todos os membros do Asas, deixo um agradecimento especial e desejo a todos uma \u00f3tima Semana; ao nosso ASAS Show que brilhou mais uma vez; as bandas ZIRIGUIDUM, ao Sambas\u00f4; a Prefeitura Municipal, nas pessoas do senhor Edson Teixeira Filho, ao Secret\u00e1rio de Governo e de Cultura, senhor Vin\u00edcius Sam\u00f4r de Lacerda, ao senhor Fl\u00e1vio Monteze, secret\u00e1rio Desenvolvimento Social, ao senhor Beto Gerente de esportes, a senhora Roseli diretora do Curumim e funcion\u00e1rios, a Radio Educadora, a Raio L\u00edder FM nas pessoas de Badar\u00f3 e Lu\u00eds Carlos Pereira que dou o seu tempo, fazendo todo o servi\u00e7o de locu\u00e7\u00e3o do evento, a R\u00e1dio Ubaense FM nas pessoas do senhor Cesar S\u00e1, e do amigo Esterverson, e a todos os locais de vendas de cartelas, ao senhor Erivaldo que nos emprestou o globo e fez todo o sorteio dos pr\u00eamios para n\u00f3s, Ademir, J\u00falio, Zica, Jaqueline, Lurdinha e Osmar e outros\u201d.<\/em> O Portal de Not\u00edcias Ub\u00e1 News esteve l\u00e1 e conversou com o presidente do Grupo Asas Ademir de Paula.<\/p>\n<\/div>\n<div style=\"position: relative; height: 0; padding-bottom: 56.25%;\"><iframe style=\"position: absolute; width: 100%; height: 100%; left: 0;\" data-src=\"https:\/\/www.youtube.com\/embed\/xl8NUQhAZys?ecver=2\" width=\"640\" height=\"360\" frameborder=\"0\" allowfullscreen=\"allowfullscreen\" src=\"data:image\/svg+xml;base64,PHN2ZyB3aWR0aD0iMSIgaGVpZ2h0PSIxIiB4bWxucz0iaHR0cDovL3d3dy53My5vcmcvMjAwMC9zdmciPjwvc3ZnPg==\" class=\"lazyload\" data-load-mode=\"1\"><\/iframe><\/div>\n<div>&nbsp;<\/div>\n<div>&nbsp;<\/div>\n","protected":false},"excerpt":{"rendered":"<p>O Grupo Asas (amigos sempre amigos) realizou neste domingo (11),<\/p>\n","protected":false},"author":2,"featured_media":6260,"comment_status":"open","ping_status":"open","sticky":false,"template":"","format":"standard","meta":{"footnotes":""},"categories":[1],"tags":[],"class_list":["post-9129","post","type-post","status-publish","format-standard","has-post-thumbnail","hentry","category-sem-categoria"],"yoast_head":"<!-- This site is optimized with the Yoast SEO plugin v27.2 - https:\/\/yoast.com\/product\/yoast-seo-wordpress\/ -->\n<title>ASAS PROMOVE SHOW DE PR\u00caMIOS E ARRECADA FUNDOS PARA MANUTEN\u00c7\u00c3O DAS A\u00c7\u00d5ES - Ub\u00e1 News<\/title>\n<meta name=\"robots\" content=\"index, follow, max-snippet:-1, max-image-preview:large, max-video-preview:-1\" \/>\n<link rel=\"canonical\" href=\"https:\/\/ubanews.com\/site\/2018\/11\/12\/asas-promove-show-de-premios-e-arrecada-fundos-para-manutencao-das-acoes\/\" \/>\n<meta property=\"og:locale\" content=\"pt_BR\" \/>\n<meta property=\"og:type\" content=\"article\" \/>\n<meta property=\"og:title\" content=\"ASAS PROMOVE SHOW DE PR\u00caMIOS E ARRECADA FUNDOS PARA MANUTEN\u00c7\u00c3O DAS A\u00c7\u00d5ES - Ub\u00e1 News\" \/>\n<meta property=\"og:description\" content=\"O Grupo Asas (amigos sempre amigos) realizou neste domingo (11),\" \/>\n<meta property=\"og:url\" content=\"https:\/\/ubanews.com\/site\/2018\/11\/12\/asas-promove-show-de-premios-e-arrecada-fundos-para-manutencao-das-acoes\/\" \/>\n<meta property=\"og:site_name\" content=\"Ub\u00e1 News\" \/>\n<meta property=\"article:publisher\" content=\"https:\/\/www.facebook.com\/Ub%c3%a1News-Carlos-Roberto-Sodr%c3%a9-418778301977370\" \/>\n<meta property=\"article:author\" content=\"https:\/\/www.facebook.com\/carosroberto.sodre.5\/\" \/>\n<meta property=\"article:published_time\" content=\"2018-11-12T16:18:36+00:00\" \/>\n<meta property=\"article:modified_time\" content=\"2018-12-06T18:52:25+00:00\" \/>\n<meta property=\"og:image\" content=\"https:\/\/ubanews.com\/site\/wp-content\/uploads\/2018\/08\/Logo-Grupo-Asas.jpg\" \/>\n\t<meta property=\"og:image:width\" content=\"800\" \/>\n\t<meta property=\"og:image:height\" content=\"389\" \/>\n\t<meta property=\"og:image:type\" content=\"image\/jpeg\" \/>\n<meta name=\"author\" content=\"Sodr\u00e9\" \/>\n<meta name=\"twitter:card\" content=\"summary_large_image\" \/>\n<meta name=\"twitter:label1\" content=\"Escrito por\" \/>\n\t<meta name=\"twitter:data1\" content=\"Sodr\u00e9\" \/>\n\t<meta name=\"twitter:label2\" content=\"Est. tempo de leitura\" \/>\n\t<meta name=\"twitter:data2\" content=\"2 minutos\" \/>\n<script type=\"application\/ld+json\" class=\"yoast-schema-graph\">{\"@context\":\"https:\/\/schema.org\",\"@graph\":[{\"@type\":\"Article\",\"@id\":\"https:\/\/ubanews.com\/site\/2018\/11\/12\/asas-promove-show-de-premios-e-arrecada-fundos-para-manutencao-das-acoes\/#article\",\"isPartOf\":{\"@id\":\"https:\/\/ubanews.com\/site\/2018\/11\/12\/asas-promove-show-de-premios-e-arrecada-fundos-para-manutencao-das-acoes\/\"},\"author\":{\"name\":\"Sodr\u00e9\",\"@id\":\"https:\/\/ubanews.com\/site\/#\/schema\/person\/d90c9e47252fbb63dcc969fe4c8b9d10\"},\"headline\":\"ASAS PROMOVE SHOW DE PR\u00caMIOS E ARRECADA FUNDOS PARA MANUTEN\u00c7\u00c3O DAS A\u00c7\u00d5ES\",\"datePublished\":\"2018-11-12T16:18:36+00:00\",\"dateModified\":\"2018-12-06T18:52:25+00:00\",\"mainEntityOfPage\":{\"@id\":\"https:\/\/ubanews.com\/site\/2018\/11\/12\/asas-promove-show-de-premios-e-arrecada-fundos-para-manutencao-das-acoes\/\"},\"wordCount\":419,\"commentCount\":0,\"publisher\":{\"@id\":\"https:\/\/ubanews.com\/site\/#organization\"},\"image\":{\"@id\":\"https:\/\/ubanews.com\/site\/2018\/11\/12\/asas-promove-show-de-premios-e-arrecada-fundos-para-manutencao-das-acoes\/#primaryimage\"},\"thumbnailUrl\":\"https:\/\/ubanews.com\/site\/wp-content\/uploads\/2018\/08\/Logo-Grupo-Asas.jpg\",\"articleSection\":[\"Geral\"],\"inLanguage\":\"pt-BR\",\"potentialAction\":[{\"@type\":\"CommentAction\",\"name\":\"Comment\",\"target\":[\"https:\/\/ubanews.com\/site\/2018\/11\/12\/asas-promove-show-de-premios-e-arrecada-fundos-para-manutencao-das-acoes\/#respond\"]}]},{\"@type\":\"WebPage\",\"@id\":\"https:\/\/ubanews.com\/site\/2018\/11\/12\/asas-promove-show-de-premios-e-arrecada-fundos-para-manutencao-das-acoes\/\",\"url\":\"https:\/\/ubanews.com\/site\/2018\/11\/12\/asas-promove-show-de-premios-e-arrecada-fundos-para-manutencao-das-acoes\/\",\"name\":\"ASAS PROMOVE SHOW DE PR\u00caMIOS E ARRECADA FUNDOS PARA MANUTEN\u00c7\u00c3O DAS A\u00c7\u00d5ES - Ub\u00e1 News\",\"isPartOf\":{\"@id\":\"https:\/\/ubanews.com\/site\/#website\"},\"primaryImageOfPage\":{\"@id\":\"https:\/\/ubanews.com\/site\/2018\/11\/12\/asas-promove-show-de-premios-e-arrecada-fundos-para-manutencao-das-acoes\/#primaryimage\"},\"image\":{\"@id\":\"https:\/\/ubanews.com\/site\/2018\/11\/12\/asas-promove-show-de-premios-e-arrecada-fundos-para-manutencao-das-acoes\/#primaryimage\"},\"thumbnailUrl\":\"https:\/\/ubanews.com\/site\/wp-content\/uploads\/2018\/08\/Logo-Grupo-Asas.jpg\",\"datePublished\":\"2018-11-12T16:18:36+00:00\",\"dateModified\":\"2018-12-06T18:52:25+00:00\",\"breadcrumb\":{\"@id\":\"https:\/\/ubanews.com\/site\/2018\/11\/12\/asas-promove-show-de-premios-e-arrecada-fundos-para-manutencao-das-acoes\/#breadcrumb\"},\"inLanguage\":\"pt-BR\",\"potentialAction\":[{\"@type\":\"ReadAction\",\"target\":[\"https:\/\/ubanews.com\/site\/2018\/11\/12\/asas-promove-show-de-premios-e-arrecada-fundos-para-manutencao-das-acoes\/\"]}]},{\"@type\":\"ImageObject\",\"inLanguage\":\"pt-BR\",\"@id\":\"https:\/\/ubanews.com\/site\/2018\/11\/12\/asas-promove-show-de-premios-e-arrecada-fundos-para-manutencao-das-acoes\/#primaryimage\",\"url\":\"https:\/\/ubanews.com\/site\/wp-content\/uploads\/2018\/08\/Logo-Grupo-Asas.jpg\",\"contentUrl\":\"https:\/\/ubanews.com\/site\/wp-content\/uploads\/2018\/08\/Logo-Grupo-Asas.jpg\",\"width\":800,\"height\":389},{\"@type\":\"BreadcrumbList\",\"@id\":\"https:\/\/ubanews.com\/site\/2018\/11\/12\/asas-promove-show-de-premios-e-arrecada-fundos-para-manutencao-das-acoes\/#breadcrumb\",\"itemListElement\":[{\"@type\":\"ListItem\",\"position\":1,\"name\":\"Home\",\"item\":\"https:\/\/ubanews.com\/site\/\"},{\"@type\":\"ListItem\",\"position\":2,\"name\":\"ASAS PROMOVE SHOW DE PR\u00caMIOS E ARRECADA FUNDOS PARA MANUTEN\u00c7\u00c3O DAS A\u00c7\u00d5ES\"}]},{\"@type\":\"WebSite\",\"@id\":\"https:\/\/ubanews.com\/site\/#website\",\"url\":\"https:\/\/ubanews.com\/site\/\",\"name\":\"Ub\u00e1 News\",\"description\":\"\",\"publisher\":{\"@id\":\"https:\/\/ubanews.com\/site\/#organization\"},\"potentialAction\":[{\"@type\":\"SearchAction\",\"target\":{\"@type\":\"EntryPoint\",\"urlTemplate\":\"https:\/\/ubanews.com\/site\/?s={search_term_string}\"},\"query-input\":{\"@type\":\"PropertyValueSpecification\",\"valueRequired\":true,\"valueName\":\"search_term_string\"}}],\"inLanguage\":\"pt-BR\"},{\"@type\":\"Organization\",\"@id\":\"https:\/\/ubanews.com\/site\/#organization\",\"name\":\"Ub\u00e1 News\",\"url\":\"https:\/\/ubanews.com\/site\/\",\"logo\":{\"@type\":\"ImageObject\",\"inLanguage\":\"pt-BR\",\"@id\":\"https:\/\/ubanews.com\/site\/#\/schema\/logo\/image\/\",\"url\":\"https:\/\/ubanews.com\/site\/wp-content\/uploads\/2018\/01\/logoubanews.png\",\"contentUrl\":\"https:\/\/ubanews.com\/site\/wp-content\/uploads\/2018\/01\/logoubanews.png\",\"width\":261,\"height\":99,\"caption\":\"Ub\u00e1 News\"},\"image\":{\"@id\":\"https:\/\/ubanews.com\/site\/#\/schema\/logo\/image\/\"},\"sameAs\":[\"https:\/\/www.facebook.com\/Ub\u00e1News-Carlos-Roberto-Sodr\u00e9-418778301977370\"]},{\"@type\":\"Person\",\"@id\":\"https:\/\/ubanews.com\/site\/#\/schema\/person\/d90c9e47252fbb63dcc969fe4c8b9d10\",\"name\":\"Sodr\u00e9\",\"image\":{\"@type\":\"ImageObject\",\"inLanguage\":\"pt-BR\",\"@id\":\"https:\/\/secure.gravatar.com\/avatar\/5ba2793f0590b9dbfad3fdec4ee714485b3eef211c9b32ee53d414060454a56c?s=96&d=mm&r=g\",\"url\":\"https:\/\/secure.gravatar.com\/avatar\/5ba2793f0590b9dbfad3fdec4ee714485b3eef211c9b32ee53d414060454a56c?s=96&d=mm&r=g\",\"contentUrl\":\"https:\/\/secure.gravatar.com\/avatar\/5ba2793f0590b9dbfad3fdec4ee714485b3eef211c9b32ee53d414060454a56c?s=96&d=mm&r=g\",\"caption\":\"Sodr\u00e9\"},\"sameAs\":[\"https:\/\/www.facebook.com\/carosroberto.sodre.5\/\"],\"url\":\"https:\/\/ubanews.com\/site\/author\/felipe\/\"}]}<\/script>\n<!-- \/ Yoast SEO plugin. -->","yoast_head_json":{"title":"ASAS PROMOVE SHOW DE PR\u00caMIOS E ARRECADA FUNDOS PARA MANUTEN\u00c7\u00c3O DAS A\u00c7\u00d5ES - Ub\u00e1 News","robots":{"index":"index","follow":"follow","max-snippet":"max-snippet:-1","max-image-preview":"max-image-preview:large","max-video-preview":"max-video-preview:-1"},"canonical":"https:\/\/ubanews.com\/site\/2018\/11\/12\/asas-promove-show-de-premios-e-arrecada-fundos-para-manutencao-das-acoes\/","og_locale":"pt_BR","og_type":"article","og_title":"ASAS PROMOVE SHOW DE PR\u00caMIOS E ARRECADA FUNDOS PARA MANUTEN\u00c7\u00c3O DAS A\u00c7\u00d5ES - Ub\u00e1 News","og_description":"O Grupo Asas (amigos sempre amigos) realizou neste domingo (11),","og_url":"https:\/\/ubanews.com\/site\/2018\/11\/12\/asas-promove-show-de-premios-e-arrecada-fundos-para-manutencao-das-acoes\/","og_site_name":"Ub\u00e1 News","article_publisher":"https:\/\/www.facebook.com\/Ub%c3%a1News-Carlos-Roberto-Sodr%c3%a9-418778301977370","article_author":"https:\/\/www.facebook.com\/carosroberto.sodre.5\/","article_published_time":"2018-11-12T16:18:36+00:00","article_modified_time":"2018-12-06T18:52:25+00:00","og_image":[{"width":800,"height":389,"url":"https:\/\/ubanews.com\/site\/wp-content\/uploads\/2018\/08\/Logo-Grupo-Asas.jpg","type":"image\/jpeg"}],"author":"Sodr\u00e9","twitter_card":"summary_large_image","twitter_misc":{"Escrito por":"Sodr\u00e9","Est. tempo de leitura":"2 minutos"},"schema":{"@context":"https:\/\/schema.org","@graph":[{"@type":"Article","@id":"https:\/\/ubanews.com\/site\/2018\/11\/12\/asas-promove-show-de-premios-e-arrecada-fundos-para-manutencao-das-acoes\/#article","isPartOf":{"@id":"https:\/\/ubanews.com\/site\/2018\/11\/12\/asas-promove-show-de-premios-e-arrecada-fundos-para-manutencao-das-acoes\/"},"author":{"name":"Sodr\u00e9","@id":"https:\/\/ubanews.com\/site\/#\/schema\/person\/d90c9e47252fbb63dcc969fe4c8b9d10"},"headline":"ASAS PROMOVE SHOW DE PR\u00caMIOS E ARRECADA FUNDOS PARA MANUTEN\u00c7\u00c3O DAS A\u00c7\u00d5ES","datePublished":"2018-11-12T16:18:36+00:00","dateModified":"2018-12-06T18:52:25+00:00","mainEntityOfPage":{"@id":"https:\/\/ubanews.com\/site\/2018\/11\/12\/asas-promove-show-de-premios-e-arrecada-fundos-para-manutencao-das-acoes\/"},"wordCount":419,"commentCount":0,"publisher":{"@id":"https:\/\/ubanews.com\/site\/#organization"},"image":{"@id":"https:\/\/ubanews.com\/site\/2018\/11\/12\/asas-promove-show-de-premios-e-arrecada-fundos-para-manutencao-das-acoes\/#primaryimage"},"thumbnailUrl":"https:\/\/ubanews.com\/site\/wp-content\/uploads\/2018\/08\/Logo-Grupo-Asas.jpg","articleSection":["Geral"],"inLanguage":"pt-BR","potentialAction":[{"@type":"CommentAction","name":"Comment","target":["https:\/\/ubanews.com\/site\/2018\/11\/12\/asas-promove-show-de-premios-e-arrecada-fundos-para-manutencao-das-acoes\/#respond"]}]},{"@type":"WebPage","@id":"https:\/\/ubanews.com\/site\/2018\/11\/12\/asas-promove-show-de-premios-e-arrecada-fundos-para-manutencao-das-acoes\/","url":"https:\/\/ubanews.com\/site\/2018\/11\/12\/asas-promove-show-de-premios-e-arrecada-fundos-para-manutencao-das-acoes\/","name":"ASAS PROMOVE SHOW DE PR\u00caMIOS E ARRECADA FUNDOS PARA MANUTEN\u00c7\u00c3O DAS A\u00c7\u00d5ES - Ub\u00e1 News","isPartOf":{"@id":"https:\/\/ubanews.com\/site\/#website"},"primaryImageOfPage":{"@id":"https:\/\/ubanews.com\/site\/2018\/11\/12\/asas-promove-show-de-premios-e-arrecada-fundos-para-manutencao-das-acoes\/#primaryimage"},"image":{"@id":"https:\/\/ubanews.com\/site\/2018\/11\/12\/asas-promove-show-de-premios-e-arrecada-fundos-para-manutencao-das-acoes\/#primaryimage"},"thumbnailUrl":"https:\/\/ubanews.com\/site\/wp-content\/uploads\/2018\/08\/Logo-Grupo-Asas.jpg","datePublished":"2018-11-12T16:18:36+00:00","dateModified":"2018-12-06T18:52:25+00:00","breadcrumb":{"@id":"https:\/\/ubanews.com\/site\/2018\/11\/12\/asas-promove-show-de-premios-e-arrecada-fundos-para-manutencao-das-acoes\/#breadcrumb"},"inLanguage":"pt-BR","potentialAction":[{"@type":"ReadAction","target":["https:\/\/ubanews.com\/site\/2018\/11\/12\/asas-promove-show-de-premios-e-arrecada-fundos-para-manutencao-das-acoes\/"]}]},{"@type":"ImageObject","inLanguage":"pt-BR","@id":"https:\/\/ubanews.com\/site\/2018\/11\/12\/asas-promove-show-de-premios-e-arrecada-fundos-para-manutencao-das-acoes\/#primaryimage","url":"https:\/\/ubanews.com\/site\/wp-content\/uploads\/2018\/08\/Logo-Grupo-Asas.jpg","contentUrl":"https:\/\/ubanews.com\/site\/wp-content\/uploads\/2018\/08\/Logo-Grupo-Asas.jpg","width":800,"height":389},{"@type":"BreadcrumbList","@id":"https:\/\/ubanews.com\/site\/2018\/11\/12\/asas-promove-show-de-premios-e-arrecada-fundos-para-manutencao-das-acoes\/#breadcrumb","itemListElement":[{"@type":"ListItem","position":1,"name":"Home","item":"https:\/\/ubanews.com\/site\/"},{"@type":"ListItem","position":2,"name":"ASAS PROMOVE SHOW DE PR\u00caMIOS E ARRECADA FUNDOS PARA MANUTEN\u00c7\u00c3O DAS A\u00c7\u00d5ES"}]},{"@type":"WebSite","@id":"https:\/\/ubanews.com\/site\/#website","url":"https:\/\/ubanews.com\/site\/","name":"Ub\u00e1 News","description":"","publisher":{"@id":"https:\/\/ubanews.com\/site\/#organization"},"potentialAction":[{"@type":"SearchAction","target":{"@type":"EntryPoint","urlTemplate":"https:\/\/ubanews.com\/site\/?s={search_term_string}"},"query-input":{"@type":"PropertyValueSpecification","valueRequired":true,"valueName":"search_term_string"}}],"inLanguage":"pt-BR"},{"@type":"Organization","@id":"https:\/\/ubanews.com\/site\/#organization","name":"Ub\u00e1 News","url":"https:\/\/ubanews.com\/site\/","logo":{"@type":"ImageObject","inLanguage":"pt-BR","@id":"https:\/\/ubanews.com\/site\/#\/schema\/logo\/image\/","url":"https:\/\/ubanews.com\/site\/wp-content\/uploads\/2018\/01\/logoubanews.png","contentUrl":"https:\/\/ubanews.com\/site\/wp-content\/uploads\/2018\/01\/logoubanews.png","width":261,"height":99,"caption":"Ub\u00e1 News"},"image":{"@id":"https:\/\/ubanews.com\/site\/#\/schema\/logo\/image\/"},"sameAs":["https:\/\/www.facebook.com\/Ub\u00e1News-Carlos-Roberto-Sodr\u00e9-418778301977370"]},{"@type":"Person","@id":"https:\/\/ubanews.com\/site\/#\/schema\/person\/d90c9e47252fbb63dcc969fe4c8b9d10","name":"Sodr\u00e9","image":{"@type":"ImageObject","inLanguage":"pt-BR","@id":"https:\/\/secure.gravatar.com\/avatar\/5ba2793f0590b9dbfad3fdec4ee714485b3eef211c9b32ee53d414060454a56c?s=96&d=mm&r=g","url":"https:\/\/secure.gravatar.com\/avatar\/5ba2793f0590b9dbfad3fdec4ee714485b3eef211c9b32ee53d414060454a56c?s=96&d=mm&r=g","contentUrl":"https:\/\/secure.gravatar.com\/avatar\/5ba2793f0590b9dbfad3fdec4ee714485b3eef211c9b32ee53d414060454a56c?s=96&d=mm&r=g","caption":"Sodr\u00e9"},"sameAs":["https:\/\/www.facebook.com\/carosroberto.sodre.5\/"],"url":"https:\/\/ubanews.com\/site\/author\/felipe\/"}]}},"_links":{"self":[{"href":"https:\/\/ubanews.com\/site\/wp-json\/wp\/v2\/posts\/9129","targetHints":{"allow":["GET"]}}],"collection":[{"href":"https:\/\/ubanews.com\/site\/wp-json\/wp\/v2\/posts"}],"about":[{"href":"https:\/\/ubanews.com\/site\/wp-json\/wp\/v2\/types\/post"}],"author":[{"embeddable":true,"href":"https:\/\/ubanews.com\/site\/wp-json\/wp\/v2\/users\/2"}],"replies":[{"embeddable":true,"href":"https:\/\/ubanews.com\/site\/wp-json\/wp\/v2\/comments?post=9129"}],"version-history":[{"count":0,"href":"https:\/\/ubanews.com\/site\/wp-json\/wp\/v2\/posts\/9129\/revisions"}],"wp:featuredmedia":[{"embeddable":true,"href":"https:\/\/ubanews.com\/site\/wp-json\/wp\/v2\/media\/6260"}],"wp:attachment":[{"href":"https:\/\/ubanews.com\/site\/wp-json\/wp\/v2\/media?parent=9129"}],"wp:term":[{"taxonomy":"category","embeddable":true,"href":"https:\/\/ubanews.com\/site\/wp-json\/wp\/v2\/categories?post=9129"},{"taxonomy":"post_tag","embeddable":true,"href":"https:\/\/ubanews.com\/site\/wp-json\/wp\/v2\/tags?post=9129"}],"curies":[{"name":"wp","href":"https:\/\/api.w.org\/{rel}","templated":true}]}}