{"id":9113,"date":"2018-11-12T10:09:31","date_gmt":"2018-11-12T12:09:31","guid":{"rendered":"http:\/\/ubanews.com\/site\/?p=9113"},"modified":"2018-11-12T10:09:31","modified_gmt":"2018-11-12T12:09:31","slug":"policia-militar-prende-autor-de-trafico-ilicito-de-drogas-no-bairro-santa-rosa","status":"publish","type":"post","link":"https:\/\/ubanews.com\/site\/2018\/11\/12\/policia-militar-prende-autor-de-trafico-ilicito-de-drogas-no-bairro-santa-rosa\/","title":{"rendered":"POL\u00cdCIA MILITAR PRENDE AUTOR DE TR\u00c1FICO IL\u00cdCITO DE DROGAS NO BAIRRO SANTA ROSA"},"content":{"rendered":"<p>No dia 09 de Novembro de 2018 \u00e0s 06 horas no Bairro Santa Rosa, a Pol\u00edcia Militar, durante cumprimento de Mandado de Busca e Apreens\u00e3o, compareceu na resid\u00eancia do autor Carlos Eduardo Casal de 36 anos, onde foi realizada busca pessoal e localizado no bolso de suas vestes, 01 pino de subst\u00e2ncia an\u00e1loga \u00e0 coca\u00edna. O autor possui diversas passagens policiais: em 11\/08\/2010 furto; 05\/08\/2016 trafico de drogas; 28\/09\/2010 dano; 07\/03\/2016 amea\u00e7a; 10\/12\/2012 vias de fato; 30\/07\/206 amea\u00e7a.<\/p>\n<p>Durante as buscas na resid\u00eancia foram localizados, 03 por\u00e7\u00f5es com certa quantidade de subst\u00e2ncias an\u00e1logas \u00e0 coca\u00edna, 01 caderno com anota\u00e7\u00f5es, 1 pote transparente contendo certa quantidade de \u00e1cido b\u00f3rico e diversos sacos do tipo &#8216;chupchup&#8217; utilizados para embalar drogas, uma sacola contendo em seu interior 01 pote de cor verde com 39 pedras de subst\u00e2ncias an\u00e1logas \u00e0 crack, 01 pedra maior de subst\u00e2ncia an\u00e1loga \u00e0 crack, 09 papelotes de subst\u00e2ncias an\u00e1logas \u00e0 coca\u00edna.<\/p>\n<p>Diante aos fatos foi dada voz de pris\u00e3o em flagrante delito ao autor por tr\u00e1fico il\u00edcito de drogas, e encaminhado junto com as drogas apreendidas para a Delegacia de Pol\u00edcia Judici\u00e1ria.<\/p>\n<p>Foi acionado o auto socorro de plant\u00e3o, que providenciou a remo\u00e7\u00e3o da motocicleta marca Yamaha\/XT 660r, cor branca, placa PXN-1126 Ub\u00e1\/MG, pois havia informa\u00e7\u00e3oque o indiv\u00edduo utilizava o citado ve\u00edculo para distribui\u00e7\u00e3o dos entorpecentes.<\/p>\n<div><strong><span style=\"font-family: 'Arial','sans-serif';\"><span style=\"font-size: large;\">ASSESSORIA DE COMUNICA\u00c7\u00c3O ORGANIZACIONAL<\/span><i><br \/>\n<\/i><\/span><\/strong><\/div>\n<p><strong><span style=\"font-family: 'Arial','sans-serif';\"><i>Vig\u00e9simo Primeiro Batalh\u00e3o de Pol\u00edcia Militar.<\/i><\/span><\/strong><\/p>\n","protected":false},"excerpt":{"rendered":"<p>No dia 09 de Novembro de 2018 \u00e0s 06 horas<\/p>\n","protected":false},"author":2,"featured_media":5988,"comment_status":"open","ping_status":"open","sticky":false,"template":"","format":"standard","meta":{"footnotes":""},"categories":[13],"tags":[],"class_list":["post-9113","post","type-post","status-publish","format-standard","has-post-thumbnail","hentry","category-sintese-das-ocorrencias"],"yoast_head":"<!-- This site is optimized with the Yoast SEO plugin v27.2 - https:\/\/yoast.com\/product\/yoast-seo-wordpress\/ -->\n<title>POL\u00cdCIA MILITAR PRENDE AUTOR DE TR\u00c1FICO IL\u00cdCITO DE DROGAS NO BAIRRO SANTA ROSA - Ub\u00e1 News<\/title>\n<meta name=\"robots\" content=\"index, follow, max-snippet:-1, max-image-preview:large, max-video-preview:-1\" \/>\n<link rel=\"canonical\" href=\"https:\/\/ubanews.com\/site\/2018\/11\/12\/policia-militar-prende-autor-de-trafico-ilicito-de-drogas-no-bairro-santa-rosa\/\" \/>\n<meta property=\"og:locale\" content=\"pt_BR\" \/>\n<meta property=\"og:type\" content=\"article\" \/>\n<meta property=\"og:title\" content=\"POL\u00cdCIA MILITAR PRENDE AUTOR DE TR\u00c1FICO IL\u00cdCITO DE DROGAS NO BAIRRO SANTA ROSA - Ub\u00e1 News\" \/>\n<meta property=\"og:description\" content=\"No dia 09 de Novembro de 2018 \u00e0s 06 horas\" \/>\n<meta property=\"og:url\" content=\"https:\/\/ubanews.com\/site\/2018\/11\/12\/policia-militar-prende-autor-de-trafico-ilicito-de-drogas-no-bairro-santa-rosa\/\" \/>\n<meta property=\"og:site_name\" content=\"Ub\u00e1 News\" \/>\n<meta property=\"article:publisher\" content=\"https:\/\/www.facebook.com\/Ub%c3%a1News-Carlos-Roberto-Sodr%c3%a9-418778301977370\" \/>\n<meta property=\"article:author\" content=\"https:\/\/www.facebook.com\/carosroberto.sodre.5\/\" \/>\n<meta property=\"article:published_time\" content=\"2018-11-12T12:09:31+00:00\" \/>\n<meta property=\"og:image\" content=\"https:\/\/ubanews.com\/site\/wp-content\/uploads\/2018\/07\/giroflex-policia-01.jpg\" \/>\n\t<meta property=\"og:image:width\" content=\"800\" \/>\n\t<meta property=\"og:image:height\" content=\"389\" \/>\n\t<meta property=\"og:image:type\" content=\"image\/jpeg\" \/>\n<meta name=\"author\" content=\"Sodr\u00e9\" \/>\n<meta name=\"twitter:card\" content=\"summary_large_image\" \/>\n<meta name=\"twitter:label1\" content=\"Escrito por\" \/>\n\t<meta name=\"twitter:data1\" content=\"Sodr\u00e9\" \/>\n\t<meta name=\"twitter:label2\" content=\"Est. tempo de leitura\" \/>\n\t<meta name=\"twitter:data2\" content=\"1 minuto\" \/>\n<script type=\"application\/ld+json\" class=\"yoast-schema-graph\">{\"@context\":\"https:\/\/schema.org\",\"@graph\":[{\"@type\":\"Article\",\"@id\":\"https:\/\/ubanews.com\/site\/2018\/11\/12\/policia-militar-prende-autor-de-trafico-ilicito-de-drogas-no-bairro-santa-rosa\/#article\",\"isPartOf\":{\"@id\":\"https:\/\/ubanews.com\/site\/2018\/11\/12\/policia-militar-prende-autor-de-trafico-ilicito-de-drogas-no-bairro-santa-rosa\/\"},\"author\":{\"name\":\"Sodr\u00e9\",\"@id\":\"https:\/\/ubanews.com\/site\/#\/schema\/person\/d90c9e47252fbb63dcc969fe4c8b9d10\"},\"headline\":\"POL\u00cdCIA MILITAR PRENDE AUTOR DE TR\u00c1FICO IL\u00cdCITO DE DROGAS NO BAIRRO SANTA ROSA\",\"datePublished\":\"2018-11-12T12:09:31+00:00\",\"mainEntityOfPage\":{\"@id\":\"https:\/\/ubanews.com\/site\/2018\/11\/12\/policia-militar-prende-autor-de-trafico-ilicito-de-drogas-no-bairro-santa-rosa\/\"},\"wordCount\":259,\"commentCount\":0,\"publisher\":{\"@id\":\"https:\/\/ubanews.com\/site\/#organization\"},\"image\":{\"@id\":\"https:\/\/ubanews.com\/site\/2018\/11\/12\/policia-militar-prende-autor-de-trafico-ilicito-de-drogas-no-bairro-santa-rosa\/#primaryimage\"},\"thumbnailUrl\":\"https:\/\/ubanews.com\/site\/wp-content\/uploads\/2018\/07\/giroflex-policia-01.jpg\",\"articleSection\":[\"S\u00edntese das Ocorr\u00eancias\"],\"inLanguage\":\"pt-BR\",\"potentialAction\":[{\"@type\":\"CommentAction\",\"name\":\"Comment\",\"target\":[\"https:\/\/ubanews.com\/site\/2018\/11\/12\/policia-militar-prende-autor-de-trafico-ilicito-de-drogas-no-bairro-santa-rosa\/#respond\"]}]},{\"@type\":\"WebPage\",\"@id\":\"https:\/\/ubanews.com\/site\/2018\/11\/12\/policia-militar-prende-autor-de-trafico-ilicito-de-drogas-no-bairro-santa-rosa\/\",\"url\":\"https:\/\/ubanews.com\/site\/2018\/11\/12\/policia-militar-prende-autor-de-trafico-ilicito-de-drogas-no-bairro-santa-rosa\/\",\"name\":\"POL\u00cdCIA MILITAR PRENDE AUTOR DE TR\u00c1FICO IL\u00cdCITO DE DROGAS NO BAIRRO SANTA ROSA - Ub\u00e1 News\",\"isPartOf\":{\"@id\":\"https:\/\/ubanews.com\/site\/#website\"},\"primaryImageOfPage\":{\"@id\":\"https:\/\/ubanews.com\/site\/2018\/11\/12\/policia-militar-prende-autor-de-trafico-ilicito-de-drogas-no-bairro-santa-rosa\/#primaryimage\"},\"image\":{\"@id\":\"https:\/\/ubanews.com\/site\/2018\/11\/12\/policia-militar-prende-autor-de-trafico-ilicito-de-drogas-no-bairro-santa-rosa\/#primaryimage\"},\"thumbnailUrl\":\"https:\/\/ubanews.com\/site\/wp-content\/uploads\/2018\/07\/giroflex-policia-01.jpg\",\"datePublished\":\"2018-11-12T12:09:31+00:00\",\"breadcrumb\":{\"@id\":\"https:\/\/ubanews.com\/site\/2018\/11\/12\/policia-militar-prende-autor-de-trafico-ilicito-de-drogas-no-bairro-santa-rosa\/#breadcrumb\"},\"inLanguage\":\"pt-BR\",\"potentialAction\":[{\"@type\":\"ReadAction\",\"target\":[\"https:\/\/ubanews.com\/site\/2018\/11\/12\/policia-militar-prende-autor-de-trafico-ilicito-de-drogas-no-bairro-santa-rosa\/\"]}]},{\"@type\":\"ImageObject\",\"inLanguage\":\"pt-BR\",\"@id\":\"https:\/\/ubanews.com\/site\/2018\/11\/12\/policia-militar-prende-autor-de-trafico-ilicito-de-drogas-no-bairro-santa-rosa\/#primaryimage\",\"url\":\"https:\/\/ubanews.com\/site\/wp-content\/uploads\/2018\/07\/giroflex-policia-01.jpg\",\"contentUrl\":\"https:\/\/ubanews.com\/site\/wp-content\/uploads\/2018\/07\/giroflex-policia-01.jpg\",\"width\":800,\"height\":389},{\"@type\":\"BreadcrumbList\",\"@id\":\"https:\/\/ubanews.com\/site\/2018\/11\/12\/policia-militar-prende-autor-de-trafico-ilicito-de-drogas-no-bairro-santa-rosa\/#breadcrumb\",\"itemListElement\":[{\"@type\":\"ListItem\",\"position\":1,\"name\":\"Home\",\"item\":\"https:\/\/ubanews.com\/site\/\"},{\"@type\":\"ListItem\",\"position\":2,\"name\":\"POL\u00cdCIA MILITAR PRENDE AUTOR DE TR\u00c1FICO IL\u00cdCITO DE DROGAS NO BAIRRO SANTA ROSA\"}]},{\"@type\":\"WebSite\",\"@id\":\"https:\/\/ubanews.com\/site\/#website\",\"url\":\"https:\/\/ubanews.com\/site\/\",\"name\":\"Ub\u00e1 News\",\"description\":\"\",\"publisher\":{\"@id\":\"https:\/\/ubanews.com\/site\/#organization\"},\"potentialAction\":[{\"@type\":\"SearchAction\",\"target\":{\"@type\":\"EntryPoint\",\"urlTemplate\":\"https:\/\/ubanews.com\/site\/?s={search_term_string}\"},\"query-input\":{\"@type\":\"PropertyValueSpecification\",\"valueRequired\":true,\"valueName\":\"search_term_string\"}}],\"inLanguage\":\"pt-BR\"},{\"@type\":\"Organization\",\"@id\":\"https:\/\/ubanews.com\/site\/#organization\",\"name\":\"Ub\u00e1 News\",\"url\":\"https:\/\/ubanews.com\/site\/\",\"logo\":{\"@type\":\"ImageObject\",\"inLanguage\":\"pt-BR\",\"@id\":\"https:\/\/ubanews.com\/site\/#\/schema\/logo\/image\/\",\"url\":\"https:\/\/ubanews.com\/site\/wp-content\/uploads\/2018\/01\/logoubanews.png\",\"contentUrl\":\"https:\/\/ubanews.com\/site\/wp-content\/uploads\/2018\/01\/logoubanews.png\",\"width\":261,\"height\":99,\"caption\":\"Ub\u00e1 News\"},\"image\":{\"@id\":\"https:\/\/ubanews.com\/site\/#\/schema\/logo\/image\/\"},\"sameAs\":[\"https:\/\/www.facebook.com\/Ub\u00e1News-Carlos-Roberto-Sodr\u00e9-418778301977370\"]},{\"@type\":\"Person\",\"@id\":\"https:\/\/ubanews.com\/site\/#\/schema\/person\/d90c9e47252fbb63dcc969fe4c8b9d10\",\"name\":\"Sodr\u00e9\",\"image\":{\"@type\":\"ImageObject\",\"inLanguage\":\"pt-BR\",\"@id\":\"https:\/\/secure.gravatar.com\/avatar\/5ba2793f0590b9dbfad3fdec4ee714485b3eef211c9b32ee53d414060454a56c?s=96&d=mm&r=g\",\"url\":\"https:\/\/secure.gravatar.com\/avatar\/5ba2793f0590b9dbfad3fdec4ee714485b3eef211c9b32ee53d414060454a56c?s=96&d=mm&r=g\",\"contentUrl\":\"https:\/\/secure.gravatar.com\/avatar\/5ba2793f0590b9dbfad3fdec4ee714485b3eef211c9b32ee53d414060454a56c?s=96&d=mm&r=g\",\"caption\":\"Sodr\u00e9\"},\"sameAs\":[\"https:\/\/www.facebook.com\/carosroberto.sodre.5\/\"],\"url\":\"https:\/\/ubanews.com\/site\/author\/felipe\/\"}]}<\/script>\n<!-- \/ Yoast SEO plugin. -->","yoast_head_json":{"title":"POL\u00cdCIA MILITAR PRENDE AUTOR DE TR\u00c1FICO IL\u00cdCITO DE DROGAS NO BAIRRO SANTA ROSA - Ub\u00e1 News","robots":{"index":"index","follow":"follow","max-snippet":"max-snippet:-1","max-image-preview":"max-image-preview:large","max-video-preview":"max-video-preview:-1"},"canonical":"https:\/\/ubanews.com\/site\/2018\/11\/12\/policia-militar-prende-autor-de-trafico-ilicito-de-drogas-no-bairro-santa-rosa\/","og_locale":"pt_BR","og_type":"article","og_title":"POL\u00cdCIA MILITAR PRENDE AUTOR DE TR\u00c1FICO IL\u00cdCITO DE DROGAS NO BAIRRO SANTA ROSA - Ub\u00e1 News","og_description":"No dia 09 de Novembro de 2018 \u00e0s 06 horas","og_url":"https:\/\/ubanews.com\/site\/2018\/11\/12\/policia-militar-prende-autor-de-trafico-ilicito-de-drogas-no-bairro-santa-rosa\/","og_site_name":"Ub\u00e1 News","article_publisher":"https:\/\/www.facebook.com\/Ub%c3%a1News-Carlos-Roberto-Sodr%c3%a9-418778301977370","article_author":"https:\/\/www.facebook.com\/carosroberto.sodre.5\/","article_published_time":"2018-11-12T12:09:31+00:00","og_image":[{"width":800,"height":389,"url":"https:\/\/ubanews.com\/site\/wp-content\/uploads\/2018\/07\/giroflex-policia-01.jpg","type":"image\/jpeg"}],"author":"Sodr\u00e9","twitter_card":"summary_large_image","twitter_misc":{"Escrito por":"Sodr\u00e9","Est. tempo de leitura":"1 minuto"},"schema":{"@context":"https:\/\/schema.org","@graph":[{"@type":"Article","@id":"https:\/\/ubanews.com\/site\/2018\/11\/12\/policia-militar-prende-autor-de-trafico-ilicito-de-drogas-no-bairro-santa-rosa\/#article","isPartOf":{"@id":"https:\/\/ubanews.com\/site\/2018\/11\/12\/policia-militar-prende-autor-de-trafico-ilicito-de-drogas-no-bairro-santa-rosa\/"},"author":{"name":"Sodr\u00e9","@id":"https:\/\/ubanews.com\/site\/#\/schema\/person\/d90c9e47252fbb63dcc969fe4c8b9d10"},"headline":"POL\u00cdCIA MILITAR PRENDE AUTOR DE TR\u00c1FICO IL\u00cdCITO DE DROGAS NO BAIRRO SANTA ROSA","datePublished":"2018-11-12T12:09:31+00:00","mainEntityOfPage":{"@id":"https:\/\/ubanews.com\/site\/2018\/11\/12\/policia-militar-prende-autor-de-trafico-ilicito-de-drogas-no-bairro-santa-rosa\/"},"wordCount":259,"commentCount":0,"publisher":{"@id":"https:\/\/ubanews.com\/site\/#organization"},"image":{"@id":"https:\/\/ubanews.com\/site\/2018\/11\/12\/policia-militar-prende-autor-de-trafico-ilicito-de-drogas-no-bairro-santa-rosa\/#primaryimage"},"thumbnailUrl":"https:\/\/ubanews.com\/site\/wp-content\/uploads\/2018\/07\/giroflex-policia-01.jpg","articleSection":["S\u00edntese das Ocorr\u00eancias"],"inLanguage":"pt-BR","potentialAction":[{"@type":"CommentAction","name":"Comment","target":["https:\/\/ubanews.com\/site\/2018\/11\/12\/policia-militar-prende-autor-de-trafico-ilicito-de-drogas-no-bairro-santa-rosa\/#respond"]}]},{"@type":"WebPage","@id":"https:\/\/ubanews.com\/site\/2018\/11\/12\/policia-militar-prende-autor-de-trafico-ilicito-de-drogas-no-bairro-santa-rosa\/","url":"https:\/\/ubanews.com\/site\/2018\/11\/12\/policia-militar-prende-autor-de-trafico-ilicito-de-drogas-no-bairro-santa-rosa\/","name":"POL\u00cdCIA MILITAR PRENDE AUTOR DE TR\u00c1FICO IL\u00cdCITO DE DROGAS NO BAIRRO SANTA ROSA - Ub\u00e1 News","isPartOf":{"@id":"https:\/\/ubanews.com\/site\/#website"},"primaryImageOfPage":{"@id":"https:\/\/ubanews.com\/site\/2018\/11\/12\/policia-militar-prende-autor-de-trafico-ilicito-de-drogas-no-bairro-santa-rosa\/#primaryimage"},"image":{"@id":"https:\/\/ubanews.com\/site\/2018\/11\/12\/policia-militar-prende-autor-de-trafico-ilicito-de-drogas-no-bairro-santa-rosa\/#primaryimage"},"thumbnailUrl":"https:\/\/ubanews.com\/site\/wp-content\/uploads\/2018\/07\/giroflex-policia-01.jpg","datePublished":"2018-11-12T12:09:31+00:00","breadcrumb":{"@id":"https:\/\/ubanews.com\/site\/2018\/11\/12\/policia-militar-prende-autor-de-trafico-ilicito-de-drogas-no-bairro-santa-rosa\/#breadcrumb"},"inLanguage":"pt-BR","potentialAction":[{"@type":"ReadAction","target":["https:\/\/ubanews.com\/site\/2018\/11\/12\/policia-militar-prende-autor-de-trafico-ilicito-de-drogas-no-bairro-santa-rosa\/"]}]},{"@type":"ImageObject","inLanguage":"pt-BR","@id":"https:\/\/ubanews.com\/site\/2018\/11\/12\/policia-militar-prende-autor-de-trafico-ilicito-de-drogas-no-bairro-santa-rosa\/#primaryimage","url":"https:\/\/ubanews.com\/site\/wp-content\/uploads\/2018\/07\/giroflex-policia-01.jpg","contentUrl":"https:\/\/ubanews.com\/site\/wp-content\/uploads\/2018\/07\/giroflex-policia-01.jpg","width":800,"height":389},{"@type":"BreadcrumbList","@id":"https:\/\/ubanews.com\/site\/2018\/11\/12\/policia-militar-prende-autor-de-trafico-ilicito-de-drogas-no-bairro-santa-rosa\/#breadcrumb","itemListElement":[{"@type":"ListItem","position":1,"name":"Home","item":"https:\/\/ubanews.com\/site\/"},{"@type":"ListItem","position":2,"name":"POL\u00cdCIA MILITAR PRENDE AUTOR DE TR\u00c1FICO IL\u00cdCITO DE DROGAS NO BAIRRO SANTA ROSA"}]},{"@type":"WebSite","@id":"https:\/\/ubanews.com\/site\/#website","url":"https:\/\/ubanews.com\/site\/","name":"Ub\u00e1 News","description":"","publisher":{"@id":"https:\/\/ubanews.com\/site\/#organization"},"potentialAction":[{"@type":"SearchAction","target":{"@type":"EntryPoint","urlTemplate":"https:\/\/ubanews.com\/site\/?s={search_term_string}"},"query-input":{"@type":"PropertyValueSpecification","valueRequired":true,"valueName":"search_term_string"}}],"inLanguage":"pt-BR"},{"@type":"Organization","@id":"https:\/\/ubanews.com\/site\/#organization","name":"Ub\u00e1 News","url":"https:\/\/ubanews.com\/site\/","logo":{"@type":"ImageObject","inLanguage":"pt-BR","@id":"https:\/\/ubanews.com\/site\/#\/schema\/logo\/image\/","url":"https:\/\/ubanews.com\/site\/wp-content\/uploads\/2018\/01\/logoubanews.png","contentUrl":"https:\/\/ubanews.com\/site\/wp-content\/uploads\/2018\/01\/logoubanews.png","width":261,"height":99,"caption":"Ub\u00e1 News"},"image":{"@id":"https:\/\/ubanews.com\/site\/#\/schema\/logo\/image\/"},"sameAs":["https:\/\/www.facebook.com\/Ub\u00e1News-Carlos-Roberto-Sodr\u00e9-418778301977370"]},{"@type":"Person","@id":"https:\/\/ubanews.com\/site\/#\/schema\/person\/d90c9e47252fbb63dcc969fe4c8b9d10","name":"Sodr\u00e9","image":{"@type":"ImageObject","inLanguage":"pt-BR","@id":"https:\/\/secure.gravatar.com\/avatar\/5ba2793f0590b9dbfad3fdec4ee714485b3eef211c9b32ee53d414060454a56c?s=96&d=mm&r=g","url":"https:\/\/secure.gravatar.com\/avatar\/5ba2793f0590b9dbfad3fdec4ee714485b3eef211c9b32ee53d414060454a56c?s=96&d=mm&r=g","contentUrl":"https:\/\/secure.gravatar.com\/avatar\/5ba2793f0590b9dbfad3fdec4ee714485b3eef211c9b32ee53d414060454a56c?s=96&d=mm&r=g","caption":"Sodr\u00e9"},"sameAs":["https:\/\/www.facebook.com\/carosroberto.sodre.5\/"],"url":"https:\/\/ubanews.com\/site\/author\/felipe\/"}]}},"_links":{"self":[{"href":"https:\/\/ubanews.com\/site\/wp-json\/wp\/v2\/posts\/9113","targetHints":{"allow":["GET"]}}],"collection":[{"href":"https:\/\/ubanews.com\/site\/wp-json\/wp\/v2\/posts"}],"about":[{"href":"https:\/\/ubanews.com\/site\/wp-json\/wp\/v2\/types\/post"}],"author":[{"embeddable":true,"href":"https:\/\/ubanews.com\/site\/wp-json\/wp\/v2\/users\/2"}],"replies":[{"embeddable":true,"href":"https:\/\/ubanews.com\/site\/wp-json\/wp\/v2\/comments?post=9113"}],"version-history":[{"count":0,"href":"https:\/\/ubanews.com\/site\/wp-json\/wp\/v2\/posts\/9113\/revisions"}],"wp:featuredmedia":[{"embeddable":true,"href":"https:\/\/ubanews.com\/site\/wp-json\/wp\/v2\/media\/5988"}],"wp:attachment":[{"href":"https:\/\/ubanews.com\/site\/wp-json\/wp\/v2\/media?parent=9113"}],"wp:term":[{"taxonomy":"category","embeddable":true,"href":"https:\/\/ubanews.com\/site\/wp-json\/wp\/v2\/categories?post=9113"},{"taxonomy":"post_tag","embeddable":true,"href":"https:\/\/ubanews.com\/site\/wp-json\/wp\/v2\/tags?post=9113"}],"curies":[{"name":"wp","href":"https:\/\/api.w.org\/{rel}","templated":true}]}}