{"id":9092,"date":"2018-11-10T11:00:08","date_gmt":"2018-11-10T13:00:08","guid":{"rendered":"http:\/\/ubanews.com\/site\/?p=9092"},"modified":"2018-11-10T11:00:08","modified_gmt":"2018-11-10T13:00:08","slug":"bolsonaro-critica-questao-do-enem-e-diz-que-em-2019-vai-tomar-conhecimento-da-prova-antes","status":"publish","type":"post","link":"https:\/\/ubanews.com\/site\/2018\/11\/10\/bolsonaro-critica-questao-do-enem-e-diz-que-em-2019-vai-tomar-conhecimento-da-prova-antes\/","title":{"rendered":"Bolsonaro critica quest\u00e3o do Enem e diz que em 2019 vai &#8216;tomar conhecimento da prova antes"},"content":{"rendered":"<div class=\"mc-column content-text active-extra-styles active-capital-letter\" data-block-type=\"unstyled\" data-block-weight=\"33\" data-block-id=\"2\">\n<h2 class=\"content-head__subtitle\">Presidente eleito comentou quest\u00e3o do Enem deste ano sobre &#8216;dialeto secreto&#8217; de gays e travestis. Segundo ele, futuro ministro da Educa\u00e7\u00e3o deve entender que Brasil \u00e9 pa\u00eds conservador. Sobre Moro, disse que futuro ministro antes &#8216;pescava com varinha&#8217; no combate \u00e0 corrup\u00e7\u00e3o e agora vai &#8216;pescar com rede de arrast\u00e3o&#8217;.<\/h2>\n<p class=\"content-text__container theme-color-primary-first-letter\" data-track-category=\"Link no Texto\" data-track-links=\"\">O presidente eleito&nbsp;Jair Bolsonaro&nbsp;afirmou nesta sexta-feira (9) que a partir do ano que vem ele tomar\u00e1 conhecimento do conte\u00fado do Exame Nacional do Ensino M\u00e9dio (Enem) antes da aplica\u00e7\u00e3o da prova.<\/p>\n<\/div>\n<div class=\"wall protected-content\">\n<div class=\"mc-column content-text active-extra-styles \" data-block-type=\"unstyled\" data-block-weight=\"33\" data-block-id=\"3\">\n<p class=\"content-text__container \" data-track-category=\"Link no Texto\" data-track-links=\"\">Bolsonaro deu a declara\u00e7\u00e3o em uma transmiss\u00e3o ao vivo no Facebook ao falar sobre uma quest\u00e3o no Enem deste ano que abordou o pajub\u00e1,&nbsp;conjunto de express\u00f5es associadas aos gays e aos travestis.<\/p>\n<\/div>\n<div class=\"mc-column content-text active-extra-styles \" data-block-type=\"unstyled\" data-block-weight=\"68\" data-block-id=\"4\">\n<p class=\"content-text__container \" data-track-category=\"Link no Texto\" data-track-links=\"\">&#8220;Esta prova do Enem \u2013 v\u00e3o falar que eu estou implicando, pelo amor de Deus \u2013, este tema da linguagem particular daquelas pessoas, o que temos a ver com isso, meu Deus do c\u00e9u? Quando a gente vai ver a tradu\u00e7\u00e3o daquelas palavras, um absurdo, um absurdo! Vai obrigar a molecada a se interessar por isso agora para o Enem do ano que vem?&#8221;, indagou o presidente eleito.<\/p>\n<\/div>\n<div class=\"mc-column content-text active-extra-styles quote\">\n<div class=\"quote__image\">&nbsp;<\/div>\n<div class=\"quote__caption\">Podem ter certeza e ficar tranquilos. N\u00e3o vai ter quest\u00e3o desta forma ano que vem, porque n\u00f3s vamos tomar conhecimento da prova antes. N\u00e3o vai ter isso da\u00ed<\/div>\n<div class=\"quote__author\">\u2014 Jair Bolsonaro<\/div>\n<\/div>\n<div class=\"mc-column content-text active-extra-styles \" data-block-type=\"unstyled\" data-block-weight=\"40\" data-block-id=\"5\">\n<p class=\"content-text__container \" data-track-category=\"Link no Texto\" data-track-links=\"\">Segundo o presidente eleito, ele est\u00e1 &#8220;em vias&#8221; de anunciar o nome do futuro ministro da Educa\u00e7\u00e3o. O perfil do novo titular da pasta, acrescentou, ser\u00e1 de algu\u00e9m com &#8220;autoridade&#8221; e que entenda que o Brasil \u00e9 um pa\u00eds &#8220;conservador&#8221;.<\/p>\n<\/div>\n<div class=\"mc-column content-text active-extra-styles \" data-block-type=\"unstyled\" data-block-weight=\"72\" data-block-id=\"6\">\n<p class=\"content-text__container \" data-track-category=\"Link no Texto\" data-track-links=\"\">&#8220;Queremos que na escola a molecada aprenda algo que no futuro lhe d\u00ea liberdade, que ele possa ganhar o p\u00e3o com trabalho, n\u00e3o fique com essas quest\u00f5es menores que a gente v\u00ea por a\u00ed de ideologia de g\u00eanero. Qual a import\u00e2ncia disso? Vai ser feliz, cara! Se voc\u00ea quer se feliz com outro homem, vai ser feliz! Se voc\u00ea \u00e9 mulher e quer ser feliz com outra mulher, vai ser feliz&#8221;, disse.<\/p>\n<\/div>\n<div class=\"content-ads content-ads--reveal\" data-block-type=\"ads\" data-block-id=\"7\">\n<div id=\"banner_materia2\" class=\"tag-manager-publicidade-container has-reveal has-ad-lazyload tag-manager-publicidade-banner_materia2 tag-manager-publicidade-container--carregado tag-manager-publicidade-container--visivel\" data-id=\"banner_materia2\" data-google-query-id=\"CMGH5e3uyd4CFQJ6wQodH2UCAw\" data-cid=\"138249147829\" data-lid=\"4848166220\">\n<div id=\"google_ads_iframe_\/95377733\/tvg_G1\/Politica_2__container__\"><span style=\"font-size: 1.0625rem;\">&#8220;Mas n\u00e3o fiquem perturbando isso nas escolas, obrigando a crian\u00e7ada a estudar besteira que n\u00e3o vai levar a lugar nenhum. Quem ensina sexo \u00e9 papai e mam\u00e3e, pronto e acabou&#8221;, completou.<\/span><\/div>\n<div>&nbsp;<\/div>\n<div><a href=\"https:\/\/g1.globo.com\/politica\/noticia\/2018\/11\/09\/bolsonaro-critica-questao-do-enem-2018-e-diz-que-em-2019-vai-tomar-conhecimento-da-prova-antes.ghtml\"><strong>Fonte: G1<\/strong><\/a><\/div>\n<div>&nbsp;<\/div>\n<div><iframe style=\"border: none; overflow: hidden;\" data-src=\"https:\/\/www.facebook.com\/plugins\/video.php?href=https%3A%2F%2Fwww.facebook.com%2Fjairmessias.bolsonaro%2Fvideos%2F249737109031557%2F&amp;show_text=1&amp;width=560\" width=\"560\" height=\"433\" frameborder=\"0\" scrolling=\"no\" allowfullscreen=\"allowfullscreen\" src=\"data:image\/svg+xml;base64,PHN2ZyB3aWR0aD0iMSIgaGVpZ2h0PSIxIiB4bWxucz0iaHR0cDovL3d3dy53My5vcmcvMjAwMC9zdmciPjwvc3ZnPg==\" class=\"lazyload\" data-load-mode=\"1\"><\/iframe>&nbsp;<\/div>\n<\/div>\n<\/div>\n<\/div>\n","protected":false},"excerpt":{"rendered":"<p>Presidente eleito comentou quest\u00e3o do Enem deste ano sobre &#8216;dialeto<\/p>\n","protected":false},"author":2,"featured_media":9093,"comment_status":"open","ping_status":"open","sticky":false,"template":"","format":"standard","meta":{"footnotes":""},"categories":[1],"tags":[],"class_list":["post-9092","post","type-post","status-publish","format-standard","has-post-thumbnail","hentry","category-sem-categoria"],"yoast_head":"<!-- This site is optimized with the Yoast SEO plugin v27.2 - https:\/\/yoast.com\/product\/yoast-seo-wordpress\/ -->\n<title>Bolsonaro critica quest\u00e3o do Enem e diz que em 2019 vai &#039;tomar conhecimento da prova antes - Ub\u00e1 News<\/title>\n<meta name=\"robots\" content=\"index, follow, max-snippet:-1, max-image-preview:large, max-video-preview:-1\" \/>\n<link rel=\"canonical\" href=\"https:\/\/ubanews.com\/site\/2018\/11\/10\/bolsonaro-critica-questao-do-enem-e-diz-que-em-2019-vai-tomar-conhecimento-da-prova-antes\/\" \/>\n<meta property=\"og:locale\" content=\"pt_BR\" \/>\n<meta property=\"og:type\" content=\"article\" \/>\n<meta property=\"og:title\" content=\"Bolsonaro critica quest\u00e3o do Enem e diz que em 2019 vai &#039;tomar conhecimento da prova antes - Ub\u00e1 News\" \/>\n<meta property=\"og:description\" content=\"Presidente eleito comentou quest\u00e3o do Enem deste ano sobre &#8216;dialeto\" \/>\n<meta property=\"og:url\" content=\"https:\/\/ubanews.com\/site\/2018\/11\/10\/bolsonaro-critica-questao-do-enem-e-diz-que-em-2019-vai-tomar-conhecimento-da-prova-antes\/\" \/>\n<meta property=\"og:site_name\" content=\"Ub\u00e1 News\" \/>\n<meta property=\"article:publisher\" content=\"https:\/\/www.facebook.com\/Ub%c3%a1News-Carlos-Roberto-Sodr%c3%a9-418778301977370\" \/>\n<meta property=\"article:author\" content=\"https:\/\/www.facebook.com\/carosroberto.sodre.5\/\" \/>\n<meta property=\"article:published_time\" content=\"2018-11-10T13:00:08+00:00\" \/>\n<meta property=\"og:image\" content=\"https:\/\/ubanews.com\/site\/wp-content\/uploads\/2018\/11\/bolsonaro.jpg\" \/>\n\t<meta property=\"og:image:width\" content=\"800\" \/>\n\t<meta property=\"og:image:height\" content=\"389\" \/>\n\t<meta property=\"og:image:type\" content=\"image\/jpeg\" \/>\n<meta name=\"author\" content=\"Sodr\u00e9\" \/>\n<meta name=\"twitter:card\" content=\"summary_large_image\" \/>\n<meta name=\"twitter:label1\" content=\"Escrito por\" \/>\n\t<meta name=\"twitter:data1\" content=\"Sodr\u00e9\" \/>\n\t<meta name=\"twitter:label2\" content=\"Est. tempo de leitura\" \/>\n\t<meta name=\"twitter:data2\" content=\"2 minutos\" \/>\n<script type=\"application\/ld+json\" class=\"yoast-schema-graph\">{\"@context\":\"https:\/\/schema.org\",\"@graph\":[{\"@type\":\"Article\",\"@id\":\"https:\/\/ubanews.com\/site\/2018\/11\/10\/bolsonaro-critica-questao-do-enem-e-diz-que-em-2019-vai-tomar-conhecimento-da-prova-antes\/#article\",\"isPartOf\":{\"@id\":\"https:\/\/ubanews.com\/site\/2018\/11\/10\/bolsonaro-critica-questao-do-enem-e-diz-que-em-2019-vai-tomar-conhecimento-da-prova-antes\/\"},\"author\":{\"name\":\"Sodr\u00e9\",\"@id\":\"https:\/\/ubanews.com\/site\/#\/schema\/person\/d90c9e47252fbb63dcc969fe4c8b9d10\"},\"headline\":\"Bolsonaro critica quest\u00e3o do Enem e diz que em 2019 vai &#8216;tomar conhecimento da prova antes\",\"datePublished\":\"2018-11-10T13:00:08+00:00\",\"mainEntityOfPage\":{\"@id\":\"https:\/\/ubanews.com\/site\/2018\/11\/10\/bolsonaro-critica-questao-do-enem-e-diz-que-em-2019-vai-tomar-conhecimento-da-prova-antes\/\"},\"wordCount\":405,\"commentCount\":0,\"publisher\":{\"@id\":\"https:\/\/ubanews.com\/site\/#organization\"},\"image\":{\"@id\":\"https:\/\/ubanews.com\/site\/2018\/11\/10\/bolsonaro-critica-questao-do-enem-e-diz-que-em-2019-vai-tomar-conhecimento-da-prova-antes\/#primaryimage\"},\"thumbnailUrl\":\"https:\/\/ubanews.com\/site\/wp-content\/uploads\/2018\/11\/bolsonaro.jpg\",\"articleSection\":[\"Geral\"],\"inLanguage\":\"pt-BR\",\"potentialAction\":[{\"@type\":\"CommentAction\",\"name\":\"Comment\",\"target\":[\"https:\/\/ubanews.com\/site\/2018\/11\/10\/bolsonaro-critica-questao-do-enem-e-diz-que-em-2019-vai-tomar-conhecimento-da-prova-antes\/#respond\"]}]},{\"@type\":\"WebPage\",\"@id\":\"https:\/\/ubanews.com\/site\/2018\/11\/10\/bolsonaro-critica-questao-do-enem-e-diz-que-em-2019-vai-tomar-conhecimento-da-prova-antes\/\",\"url\":\"https:\/\/ubanews.com\/site\/2018\/11\/10\/bolsonaro-critica-questao-do-enem-e-diz-que-em-2019-vai-tomar-conhecimento-da-prova-antes\/\",\"name\":\"Bolsonaro critica quest\u00e3o do Enem e diz que em 2019 vai 'tomar conhecimento da prova antes - Ub\u00e1 News\",\"isPartOf\":{\"@id\":\"https:\/\/ubanews.com\/site\/#website\"},\"primaryImageOfPage\":{\"@id\":\"https:\/\/ubanews.com\/site\/2018\/11\/10\/bolsonaro-critica-questao-do-enem-e-diz-que-em-2019-vai-tomar-conhecimento-da-prova-antes\/#primaryimage\"},\"image\":{\"@id\":\"https:\/\/ubanews.com\/site\/2018\/11\/10\/bolsonaro-critica-questao-do-enem-e-diz-que-em-2019-vai-tomar-conhecimento-da-prova-antes\/#primaryimage\"},\"thumbnailUrl\":\"https:\/\/ubanews.com\/site\/wp-content\/uploads\/2018\/11\/bolsonaro.jpg\",\"datePublished\":\"2018-11-10T13:00:08+00:00\",\"breadcrumb\":{\"@id\":\"https:\/\/ubanews.com\/site\/2018\/11\/10\/bolsonaro-critica-questao-do-enem-e-diz-que-em-2019-vai-tomar-conhecimento-da-prova-antes\/#breadcrumb\"},\"inLanguage\":\"pt-BR\",\"potentialAction\":[{\"@type\":\"ReadAction\",\"target\":[\"https:\/\/ubanews.com\/site\/2018\/11\/10\/bolsonaro-critica-questao-do-enem-e-diz-que-em-2019-vai-tomar-conhecimento-da-prova-antes\/\"]}]},{\"@type\":\"ImageObject\",\"inLanguage\":\"pt-BR\",\"@id\":\"https:\/\/ubanews.com\/site\/2018\/11\/10\/bolsonaro-critica-questao-do-enem-e-diz-que-em-2019-vai-tomar-conhecimento-da-prova-antes\/#primaryimage\",\"url\":\"https:\/\/ubanews.com\/site\/wp-content\/uploads\/2018\/11\/bolsonaro.jpg\",\"contentUrl\":\"https:\/\/ubanews.com\/site\/wp-content\/uploads\/2018\/11\/bolsonaro.jpg\",\"width\":800,\"height\":389},{\"@type\":\"BreadcrumbList\",\"@id\":\"https:\/\/ubanews.com\/site\/2018\/11\/10\/bolsonaro-critica-questao-do-enem-e-diz-que-em-2019-vai-tomar-conhecimento-da-prova-antes\/#breadcrumb\",\"itemListElement\":[{\"@type\":\"ListItem\",\"position\":1,\"name\":\"Home\",\"item\":\"https:\/\/ubanews.com\/site\/\"},{\"@type\":\"ListItem\",\"position\":2,\"name\":\"Bolsonaro critica quest\u00e3o do Enem e diz que em 2019 vai &#8216;tomar conhecimento da prova antes\"}]},{\"@type\":\"WebSite\",\"@id\":\"https:\/\/ubanews.com\/site\/#website\",\"url\":\"https:\/\/ubanews.com\/site\/\",\"name\":\"Ub\u00e1 News\",\"description\":\"\",\"publisher\":{\"@id\":\"https:\/\/ubanews.com\/site\/#organization\"},\"potentialAction\":[{\"@type\":\"SearchAction\",\"target\":{\"@type\":\"EntryPoint\",\"urlTemplate\":\"https:\/\/ubanews.com\/site\/?s={search_term_string}\"},\"query-input\":{\"@type\":\"PropertyValueSpecification\",\"valueRequired\":true,\"valueName\":\"search_term_string\"}}],\"inLanguage\":\"pt-BR\"},{\"@type\":\"Organization\",\"@id\":\"https:\/\/ubanews.com\/site\/#organization\",\"name\":\"Ub\u00e1 News\",\"url\":\"https:\/\/ubanews.com\/site\/\",\"logo\":{\"@type\":\"ImageObject\",\"inLanguage\":\"pt-BR\",\"@id\":\"https:\/\/ubanews.com\/site\/#\/schema\/logo\/image\/\",\"url\":\"https:\/\/ubanews.com\/site\/wp-content\/uploads\/2018\/01\/logoubanews.png\",\"contentUrl\":\"https:\/\/ubanews.com\/site\/wp-content\/uploads\/2018\/01\/logoubanews.png\",\"width\":261,\"height\":99,\"caption\":\"Ub\u00e1 News\"},\"image\":{\"@id\":\"https:\/\/ubanews.com\/site\/#\/schema\/logo\/image\/\"},\"sameAs\":[\"https:\/\/www.facebook.com\/Ub\u00e1News-Carlos-Roberto-Sodr\u00e9-418778301977370\"]},{\"@type\":\"Person\",\"@id\":\"https:\/\/ubanews.com\/site\/#\/schema\/person\/d90c9e47252fbb63dcc969fe4c8b9d10\",\"name\":\"Sodr\u00e9\",\"image\":{\"@type\":\"ImageObject\",\"inLanguage\":\"pt-BR\",\"@id\":\"https:\/\/secure.gravatar.com\/avatar\/5ba2793f0590b9dbfad3fdec4ee714485b3eef211c9b32ee53d414060454a56c?s=96&d=mm&r=g\",\"url\":\"https:\/\/secure.gravatar.com\/avatar\/5ba2793f0590b9dbfad3fdec4ee714485b3eef211c9b32ee53d414060454a56c?s=96&d=mm&r=g\",\"contentUrl\":\"https:\/\/secure.gravatar.com\/avatar\/5ba2793f0590b9dbfad3fdec4ee714485b3eef211c9b32ee53d414060454a56c?s=96&d=mm&r=g\",\"caption\":\"Sodr\u00e9\"},\"sameAs\":[\"https:\/\/www.facebook.com\/carosroberto.sodre.5\/\"],\"url\":\"https:\/\/ubanews.com\/site\/author\/felipe\/\"}]}<\/script>\n<!-- \/ Yoast SEO plugin. -->","yoast_head_json":{"title":"Bolsonaro critica quest\u00e3o do Enem e diz que em 2019 vai 'tomar conhecimento da prova antes - Ub\u00e1 News","robots":{"index":"index","follow":"follow","max-snippet":"max-snippet:-1","max-image-preview":"max-image-preview:large","max-video-preview":"max-video-preview:-1"},"canonical":"https:\/\/ubanews.com\/site\/2018\/11\/10\/bolsonaro-critica-questao-do-enem-e-diz-que-em-2019-vai-tomar-conhecimento-da-prova-antes\/","og_locale":"pt_BR","og_type":"article","og_title":"Bolsonaro critica quest\u00e3o do Enem e diz que em 2019 vai 'tomar conhecimento da prova antes - Ub\u00e1 News","og_description":"Presidente eleito comentou quest\u00e3o do Enem deste ano sobre &#8216;dialeto","og_url":"https:\/\/ubanews.com\/site\/2018\/11\/10\/bolsonaro-critica-questao-do-enem-e-diz-que-em-2019-vai-tomar-conhecimento-da-prova-antes\/","og_site_name":"Ub\u00e1 News","article_publisher":"https:\/\/www.facebook.com\/Ub%c3%a1News-Carlos-Roberto-Sodr%c3%a9-418778301977370","article_author":"https:\/\/www.facebook.com\/carosroberto.sodre.5\/","article_published_time":"2018-11-10T13:00:08+00:00","og_image":[{"width":800,"height":389,"url":"https:\/\/ubanews.com\/site\/wp-content\/uploads\/2018\/11\/bolsonaro.jpg","type":"image\/jpeg"}],"author":"Sodr\u00e9","twitter_card":"summary_large_image","twitter_misc":{"Escrito por":"Sodr\u00e9","Est. tempo de leitura":"2 minutos"},"schema":{"@context":"https:\/\/schema.org","@graph":[{"@type":"Article","@id":"https:\/\/ubanews.com\/site\/2018\/11\/10\/bolsonaro-critica-questao-do-enem-e-diz-que-em-2019-vai-tomar-conhecimento-da-prova-antes\/#article","isPartOf":{"@id":"https:\/\/ubanews.com\/site\/2018\/11\/10\/bolsonaro-critica-questao-do-enem-e-diz-que-em-2019-vai-tomar-conhecimento-da-prova-antes\/"},"author":{"name":"Sodr\u00e9","@id":"https:\/\/ubanews.com\/site\/#\/schema\/person\/d90c9e47252fbb63dcc969fe4c8b9d10"},"headline":"Bolsonaro critica quest\u00e3o do Enem e diz que em 2019 vai &#8216;tomar conhecimento da prova antes","datePublished":"2018-11-10T13:00:08+00:00","mainEntityOfPage":{"@id":"https:\/\/ubanews.com\/site\/2018\/11\/10\/bolsonaro-critica-questao-do-enem-e-diz-que-em-2019-vai-tomar-conhecimento-da-prova-antes\/"},"wordCount":405,"commentCount":0,"publisher":{"@id":"https:\/\/ubanews.com\/site\/#organization"},"image":{"@id":"https:\/\/ubanews.com\/site\/2018\/11\/10\/bolsonaro-critica-questao-do-enem-e-diz-que-em-2019-vai-tomar-conhecimento-da-prova-antes\/#primaryimage"},"thumbnailUrl":"https:\/\/ubanews.com\/site\/wp-content\/uploads\/2018\/11\/bolsonaro.jpg","articleSection":["Geral"],"inLanguage":"pt-BR","potentialAction":[{"@type":"CommentAction","name":"Comment","target":["https:\/\/ubanews.com\/site\/2018\/11\/10\/bolsonaro-critica-questao-do-enem-e-diz-que-em-2019-vai-tomar-conhecimento-da-prova-antes\/#respond"]}]},{"@type":"WebPage","@id":"https:\/\/ubanews.com\/site\/2018\/11\/10\/bolsonaro-critica-questao-do-enem-e-diz-que-em-2019-vai-tomar-conhecimento-da-prova-antes\/","url":"https:\/\/ubanews.com\/site\/2018\/11\/10\/bolsonaro-critica-questao-do-enem-e-diz-que-em-2019-vai-tomar-conhecimento-da-prova-antes\/","name":"Bolsonaro critica quest\u00e3o do Enem e diz que em 2019 vai 'tomar conhecimento da prova antes - Ub\u00e1 News","isPartOf":{"@id":"https:\/\/ubanews.com\/site\/#website"},"primaryImageOfPage":{"@id":"https:\/\/ubanews.com\/site\/2018\/11\/10\/bolsonaro-critica-questao-do-enem-e-diz-que-em-2019-vai-tomar-conhecimento-da-prova-antes\/#primaryimage"},"image":{"@id":"https:\/\/ubanews.com\/site\/2018\/11\/10\/bolsonaro-critica-questao-do-enem-e-diz-que-em-2019-vai-tomar-conhecimento-da-prova-antes\/#primaryimage"},"thumbnailUrl":"https:\/\/ubanews.com\/site\/wp-content\/uploads\/2018\/11\/bolsonaro.jpg","datePublished":"2018-11-10T13:00:08+00:00","breadcrumb":{"@id":"https:\/\/ubanews.com\/site\/2018\/11\/10\/bolsonaro-critica-questao-do-enem-e-diz-que-em-2019-vai-tomar-conhecimento-da-prova-antes\/#breadcrumb"},"inLanguage":"pt-BR","potentialAction":[{"@type":"ReadAction","target":["https:\/\/ubanews.com\/site\/2018\/11\/10\/bolsonaro-critica-questao-do-enem-e-diz-que-em-2019-vai-tomar-conhecimento-da-prova-antes\/"]}]},{"@type":"ImageObject","inLanguage":"pt-BR","@id":"https:\/\/ubanews.com\/site\/2018\/11\/10\/bolsonaro-critica-questao-do-enem-e-diz-que-em-2019-vai-tomar-conhecimento-da-prova-antes\/#primaryimage","url":"https:\/\/ubanews.com\/site\/wp-content\/uploads\/2018\/11\/bolsonaro.jpg","contentUrl":"https:\/\/ubanews.com\/site\/wp-content\/uploads\/2018\/11\/bolsonaro.jpg","width":800,"height":389},{"@type":"BreadcrumbList","@id":"https:\/\/ubanews.com\/site\/2018\/11\/10\/bolsonaro-critica-questao-do-enem-e-diz-que-em-2019-vai-tomar-conhecimento-da-prova-antes\/#breadcrumb","itemListElement":[{"@type":"ListItem","position":1,"name":"Home","item":"https:\/\/ubanews.com\/site\/"},{"@type":"ListItem","position":2,"name":"Bolsonaro critica quest\u00e3o do Enem e diz que em 2019 vai &#8216;tomar conhecimento da prova antes"}]},{"@type":"WebSite","@id":"https:\/\/ubanews.com\/site\/#website","url":"https:\/\/ubanews.com\/site\/","name":"Ub\u00e1 News","description":"","publisher":{"@id":"https:\/\/ubanews.com\/site\/#organization"},"potentialAction":[{"@type":"SearchAction","target":{"@type":"EntryPoint","urlTemplate":"https:\/\/ubanews.com\/site\/?s={search_term_string}"},"query-input":{"@type":"PropertyValueSpecification","valueRequired":true,"valueName":"search_term_string"}}],"inLanguage":"pt-BR"},{"@type":"Organization","@id":"https:\/\/ubanews.com\/site\/#organization","name":"Ub\u00e1 News","url":"https:\/\/ubanews.com\/site\/","logo":{"@type":"ImageObject","inLanguage":"pt-BR","@id":"https:\/\/ubanews.com\/site\/#\/schema\/logo\/image\/","url":"https:\/\/ubanews.com\/site\/wp-content\/uploads\/2018\/01\/logoubanews.png","contentUrl":"https:\/\/ubanews.com\/site\/wp-content\/uploads\/2018\/01\/logoubanews.png","width":261,"height":99,"caption":"Ub\u00e1 News"},"image":{"@id":"https:\/\/ubanews.com\/site\/#\/schema\/logo\/image\/"},"sameAs":["https:\/\/www.facebook.com\/Ub\u00e1News-Carlos-Roberto-Sodr\u00e9-418778301977370"]},{"@type":"Person","@id":"https:\/\/ubanews.com\/site\/#\/schema\/person\/d90c9e47252fbb63dcc969fe4c8b9d10","name":"Sodr\u00e9","image":{"@type":"ImageObject","inLanguage":"pt-BR","@id":"https:\/\/secure.gravatar.com\/avatar\/5ba2793f0590b9dbfad3fdec4ee714485b3eef211c9b32ee53d414060454a56c?s=96&d=mm&r=g","url":"https:\/\/secure.gravatar.com\/avatar\/5ba2793f0590b9dbfad3fdec4ee714485b3eef211c9b32ee53d414060454a56c?s=96&d=mm&r=g","contentUrl":"https:\/\/secure.gravatar.com\/avatar\/5ba2793f0590b9dbfad3fdec4ee714485b3eef211c9b32ee53d414060454a56c?s=96&d=mm&r=g","caption":"Sodr\u00e9"},"sameAs":["https:\/\/www.facebook.com\/carosroberto.sodre.5\/"],"url":"https:\/\/ubanews.com\/site\/author\/felipe\/"}]}},"_links":{"self":[{"href":"https:\/\/ubanews.com\/site\/wp-json\/wp\/v2\/posts\/9092","targetHints":{"allow":["GET"]}}],"collection":[{"href":"https:\/\/ubanews.com\/site\/wp-json\/wp\/v2\/posts"}],"about":[{"href":"https:\/\/ubanews.com\/site\/wp-json\/wp\/v2\/types\/post"}],"author":[{"embeddable":true,"href":"https:\/\/ubanews.com\/site\/wp-json\/wp\/v2\/users\/2"}],"replies":[{"embeddable":true,"href":"https:\/\/ubanews.com\/site\/wp-json\/wp\/v2\/comments?post=9092"}],"version-history":[{"count":0,"href":"https:\/\/ubanews.com\/site\/wp-json\/wp\/v2\/posts\/9092\/revisions"}],"wp:featuredmedia":[{"embeddable":true,"href":"https:\/\/ubanews.com\/site\/wp-json\/wp\/v2\/media\/9093"}],"wp:attachment":[{"href":"https:\/\/ubanews.com\/site\/wp-json\/wp\/v2\/media?parent=9092"}],"wp:term":[{"taxonomy":"category","embeddable":true,"href":"https:\/\/ubanews.com\/site\/wp-json\/wp\/v2\/categories?post=9092"},{"taxonomy":"post_tag","embeddable":true,"href":"https:\/\/ubanews.com\/site\/wp-json\/wp\/v2\/tags?post=9092"}],"curies":[{"name":"wp","href":"https:\/\/api.w.org\/{rel}","templated":true}]}}