{"id":9081,"date":"2018-11-09T19:51:32","date_gmt":"2018-11-09T21:51:32","guid":{"rendered":"http:\/\/ubanews.com\/site\/?p=9081"},"modified":"2018-12-06T16:52:38","modified_gmt":"2018-12-06T18:52:38","slug":"aciuba-promove-jantar-empresarial-para-um-publico-seleto-no-auditorio-da-fagoc","status":"publish","type":"post","link":"https:\/\/ubanews.com\/site\/2018\/11\/09\/aciuba-promove-jantar-empresarial-para-um-publico-seleto-no-auditorio-da-fagoc\/","title":{"rendered":"ACIUB\u00c1 PROMOVE JANTAR EMPRESARIAL PARA UM P\u00daBLICO SELETO NO AUDIT\u00d3RIO DA FAGOC"},"content":{"rendered":"<p><a href=\"https:\/\/ubanews.com\/site\/wp-content\/uploads\/2018\/11\/DSC3824-copiar.jpg\"><img decoding=\"async\" class=\"alignnone size-medium wp-image-9082 lazyload\" data-src=\"https:\/\/ubanews.com\/site\/wp-content\/uploads\/2018\/11\/DSC3824-copiar-300x171.jpg\" alt=\"\" width=\"300\" height=\"171\" data-srcset=\"https:\/\/ubanews.com\/site\/wp-content\/uploads\/2018\/11\/DSC3824-copiar-300x171.jpg 300w, https:\/\/ubanews.com\/site\/wp-content\/uploads\/2018\/11\/DSC3824-copiar-768x439.jpg 768w, https:\/\/ubanews.com\/site\/wp-content\/uploads\/2018\/11\/DSC3824-copiar.jpg 800w\" data-sizes=\"(max-width: 300px) 100vw, 300px\" src=\"data:image\/svg+xml;base64,PHN2ZyB3aWR0aD0iMSIgaGVpZ2h0PSIxIiB4bWxucz0iaHR0cDovL3d3dy53My5vcmcvMjAwMC9zdmciPjwvc3ZnPg==\" style=\"--smush-placeholder-width: 300px; --smush-placeholder-aspect-ratio: 300\/171;\" \/><\/a> <a href=\"https:\/\/ubanews.com\/site\/wp-content\/uploads\/2018\/11\/DSC3826-copiar.jpg\"><img decoding=\"async\" class=\"alignnone size-medium wp-image-9083 lazyload\" data-src=\"https:\/\/ubanews.com\/site\/wp-content\/uploads\/2018\/11\/DSC3826-copiar-300x171.jpg\" alt=\"\" width=\"300\" height=\"171\" data-srcset=\"https:\/\/ubanews.com\/site\/wp-content\/uploads\/2018\/11\/DSC3826-copiar-300x171.jpg 300w, https:\/\/ubanews.com\/site\/wp-content\/uploads\/2018\/11\/DSC3826-copiar-768x439.jpg 768w, https:\/\/ubanews.com\/site\/wp-content\/uploads\/2018\/11\/DSC3826-copiar.jpg 800w\" data-sizes=\"(max-width: 300px) 100vw, 300px\" src=\"data:image\/svg+xml;base64,PHN2ZyB3aWR0aD0iMSIgaGVpZ2h0PSIxIiB4bWxucz0iaHR0cDovL3d3dy53My5vcmcvMjAwMC9zdmciPjwvc3ZnPg==\" style=\"--smush-placeholder-width: 300px; --smush-placeholder-aspect-ratio: 300\/171;\" \/><\/a> <a href=\"https:\/\/ubanews.com\/site\/wp-content\/uploads\/2018\/11\/DSC3865-copiar.jpg\"><img decoding=\"async\" class=\"alignnone size-medium wp-image-9084 lazyload\" data-src=\"https:\/\/ubanews.com\/site\/wp-content\/uploads\/2018\/11\/DSC3865-copiar-300x171.jpg\" alt=\"\" width=\"300\" height=\"171\" data-srcset=\"https:\/\/ubanews.com\/site\/wp-content\/uploads\/2018\/11\/DSC3865-copiar-300x171.jpg 300w, https:\/\/ubanews.com\/site\/wp-content\/uploads\/2018\/11\/DSC3865-copiar-768x439.jpg 768w, https:\/\/ubanews.com\/site\/wp-content\/uploads\/2018\/11\/DSC3865-copiar.jpg 800w\" data-sizes=\"(max-width: 300px) 100vw, 300px\" src=\"data:image\/svg+xml;base64,PHN2ZyB3aWR0aD0iMSIgaGVpZ2h0PSIxIiB4bWxucz0iaHR0cDovL3d3dy53My5vcmcvMjAwMC9zdmciPjwvc3ZnPg==\" style=\"--smush-placeholder-width: 300px; --smush-placeholder-aspect-ratio: 300\/171;\" \/><\/a> <a href=\"https:\/\/ubanews.com\/site\/wp-content\/uploads\/2018\/11\/DSC3868-copiar.jpg\"><img decoding=\"async\" class=\"alignnone size-medium wp-image-9085 lazyload\" data-src=\"https:\/\/ubanews.com\/site\/wp-content\/uploads\/2018\/11\/DSC3868-copiar-300x171.jpg\" alt=\"\" width=\"300\" height=\"171\" data-srcset=\"https:\/\/ubanews.com\/site\/wp-content\/uploads\/2018\/11\/DSC3868-copiar-300x171.jpg 300w, https:\/\/ubanews.com\/site\/wp-content\/uploads\/2018\/11\/DSC3868-copiar-768x439.jpg 768w, https:\/\/ubanews.com\/site\/wp-content\/uploads\/2018\/11\/DSC3868-copiar.jpg 800w\" data-sizes=\"(max-width: 300px) 100vw, 300px\" src=\"data:image\/svg+xml;base64,PHN2ZyB3aWR0aD0iMSIgaGVpZ2h0PSIxIiB4bWxucz0iaHR0cDovL3d3dy53My5vcmcvMjAwMC9zdmciPjwvc3ZnPg==\" style=\"--smush-placeholder-width: 300px; --smush-placeholder-aspect-ratio: 300\/171;\" \/><\/a> <a href=\"https:\/\/ubanews.com\/site\/wp-content\/uploads\/2018\/11\/DSC3880-copiar.jpg\"><img decoding=\"async\" class=\"alignnone size-medium wp-image-9086 lazyload\" data-src=\"https:\/\/ubanews.com\/site\/wp-content\/uploads\/2018\/11\/DSC3880-copiar-300x171.jpg\" alt=\"\" width=\"300\" height=\"171\" data-srcset=\"https:\/\/ubanews.com\/site\/wp-content\/uploads\/2018\/11\/DSC3880-copiar-300x171.jpg 300w, https:\/\/ubanews.com\/site\/wp-content\/uploads\/2018\/11\/DSC3880-copiar-768x439.jpg 768w, https:\/\/ubanews.com\/site\/wp-content\/uploads\/2018\/11\/DSC3880-copiar.jpg 800w\" data-sizes=\"(max-width: 300px) 100vw, 300px\" src=\"data:image\/svg+xml;base64,PHN2ZyB3aWR0aD0iMSIgaGVpZ2h0PSIxIiB4bWxucz0iaHR0cDovL3d3dy53My5vcmcvMjAwMC9zdmciPjwvc3ZnPg==\" style=\"--smush-placeholder-width: 300px; --smush-placeholder-aspect-ratio: 300\/171;\" \/><\/a> <a href=\"https:\/\/ubanews.com\/site\/wp-content\/uploads\/2018\/11\/DSC3920-copiar.jpg\"><img decoding=\"async\" class=\"alignnone size-medium wp-image-9088 lazyload\" data-src=\"https:\/\/ubanews.com\/site\/wp-content\/uploads\/2018\/11\/DSC3920-copiar-300x171.jpg\" alt=\"\" width=\"300\" height=\"171\" data-srcset=\"https:\/\/ubanews.com\/site\/wp-content\/uploads\/2018\/11\/DSC3920-copiar-300x171.jpg 300w, https:\/\/ubanews.com\/site\/wp-content\/uploads\/2018\/11\/DSC3920-copiar-768x439.jpg 768w, https:\/\/ubanews.com\/site\/wp-content\/uploads\/2018\/11\/DSC3920-copiar.jpg 800w\" data-sizes=\"(max-width: 300px) 100vw, 300px\" src=\"data:image\/svg+xml;base64,PHN2ZyB3aWR0aD0iMSIgaGVpZ2h0PSIxIiB4bWxucz0iaHR0cDovL3d3dy53My5vcmcvMjAwMC9zdmciPjwvc3ZnPg==\" style=\"--smush-placeholder-width: 300px; --smush-placeholder-aspect-ratio: 300\/171;\" \/><\/a> <a href=\"https:\/\/ubanews.com\/site\/wp-content\/uploads\/2018\/11\/DSC3815.jpg\"><img decoding=\"async\" class=\"alignnone size-medium wp-image-9089 lazyload\" data-src=\"https:\/\/ubanews.com\/site\/wp-content\/uploads\/2018\/11\/DSC3815-300x171.jpg\" alt=\"\" width=\"300\" height=\"171\" data-srcset=\"https:\/\/ubanews.com\/site\/wp-content\/uploads\/2018\/11\/DSC3815-300x171.jpg 300w, https:\/\/ubanews.com\/site\/wp-content\/uploads\/2018\/11\/DSC3815-768x439.jpg 768w, https:\/\/ubanews.com\/site\/wp-content\/uploads\/2018\/11\/DSC3815.jpg 800w\" data-sizes=\"(max-width: 300px) 100vw, 300px\" src=\"data:image\/svg+xml;base64,PHN2ZyB3aWR0aD0iMSIgaGVpZ2h0PSIxIiB4bWxucz0iaHR0cDovL3d3dy53My5vcmcvMjAwMC9zdmciPjwvc3ZnPg==\" style=\"--smush-placeholder-width: 300px; --smush-placeholder-aspect-ratio: 300\/171;\" \/><\/a> <a href=\"https:\/\/ubanews.com\/site\/wp-content\/uploads\/2018\/11\/DSC3818-copiar.jpg\"><img decoding=\"async\" class=\"alignnone size-medium wp-image-9090 lazyload\" data-src=\"https:\/\/ubanews.com\/site\/wp-content\/uploads\/2018\/11\/DSC3818-copiar-300x171.jpg\" alt=\"\" width=\"300\" height=\"171\" data-srcset=\"https:\/\/ubanews.com\/site\/wp-content\/uploads\/2018\/11\/DSC3818-copiar-300x171.jpg 300w, https:\/\/ubanews.com\/site\/wp-content\/uploads\/2018\/11\/DSC3818-copiar-768x439.jpg 768w, https:\/\/ubanews.com\/site\/wp-content\/uploads\/2018\/11\/DSC3818-copiar.jpg 800w\" data-sizes=\"(max-width: 300px) 100vw, 300px\" src=\"data:image\/svg+xml;base64,PHN2ZyB3aWR0aD0iMSIgaGVpZ2h0PSIxIiB4bWxucz0iaHR0cDovL3d3dy53My5vcmcvMjAwMC9zdmciPjwvc3ZnPg==\" style=\"--smush-placeholder-width: 300px; --smush-placeholder-aspect-ratio: 300\/171;\" \/><\/a><\/p>\n<p>A Associa\u00e7\u00e3o Comercial e Industrial de Ub\u00e1 promoveu nesta quinta-feira (08), \u00e0s 19h e 30min, no Audit\u00f3rio Ary Barroso, na Faculdade Governador Ozanam Coelho (Fagoc), o Sexto Jantar Empresarial, trazendo como principal atra\u00e7\u00e3o, o palestrante M\u00e1rio Mateus, de Belo Horizonte, que ministrou sessenta minutos de uma boa conversa com a plateia, com o tema: \u201cA Empresa na Palma de Suas M\u00e3os\u201d. &nbsp;&nbsp;<\/p>\n<p>O Sexto Jantar Empresarial foi realizado pelas institui\u00e7\u00f5es, Aciub\u00e1, Fagoc e Federa\u00e7\u00e3o das Associa\u00e7\u00f5es Comerciais de Minas (Federaminas), com apoio do Sebrae e da Belos Sabores.<\/p>\n<p>O objetivo do Jantar Empresarial \u00e9 promover a integra\u00e7\u00e3o de empres\u00e1rios, comerciantes, gerentes, lideran\u00e7as, estudantes e autoridades, atrav\u00e9s da oportunidade de fazer contatos, assim como rever amigos, conhecer pessoas e atualizar conhecimentos.<\/p>\n<p>No Sexto Jantar Empresarial o palestrante e empres\u00e1rio de Belo Horizonte, M\u00e1rio Mateus, propriet\u00e1rio da Matur, uma das maiores organiza\u00e7\u00f5es franchising de BH, abordou o tema, \u201cA Empresa na Palma das Suas M\u00e3os\u201d, com t\u00f3picos relevantes e atuais, como: velocidade das mudan\u00e7as; as revolu\u00e7\u00f5es; empresas inovadoras; lideran\u00e7as e, quais e como ser\u00e3o as empresas vivas no futuro?<\/p>\n<p>Al\u00e9m da palestra, gastronomia e bebidas, tamb\u00e9m teve apresenta\u00e7\u00e3o e reconhecimento de empres\u00e1rios e lojistas participantes da campanha, \u201cNatal de Pr\u00eamios &#8211; Aciub\u00e1\u201d, com o certificado, \u201cM\u00e9rito de Desenvolvimento Comercial\u201d. O projeto incentiva e valoriza o com\u00e9rcio da cidade, que diariamente recebe consumidores de mais de 20 munic\u00edpios da regi\u00e3o. Com informa\u00e7\u00f5es da assessoria da Aciub\u00e1.<\/p>\n<p>O Portal de Not\u00edcias Ub\u00e1 News acompanhou todo o evento, conversando com o palestrante!<\/p>\n<div style=\"position: relative; height: 0; padding-bottom: 56.25%;\"><iframe style=\"position: absolute; width: 100%; height: 100%; left: 0;\" data-src=\"https:\/\/www.youtube.com\/embed\/jjgm3pyL9QE?ecver=2\" width=\"640\" height=\"360\" frameborder=\"0\" allowfullscreen=\"allowfullscreen\" src=\"data:image\/svg+xml;base64,PHN2ZyB3aWR0aD0iMSIgaGVpZ2h0PSIxIiB4bWxucz0iaHR0cDovL3d3dy53My5vcmcvMjAwMC9zdmciPjwvc3ZnPg==\" class=\"lazyload\" data-load-mode=\"1\"><\/iframe><\/div>\n<p>&nbsp;<\/p>\n<p>&nbsp;<\/p>\n","protected":false},"excerpt":{"rendered":"<p>A Associa\u00e7\u00e3o Comercial e Industrial de Ub\u00e1 promoveu nesta quinta-feira<\/p>\n","protected":false},"author":2,"featured_media":9087,"comment_status":"open","ping_status":"open","sticky":false,"template":"","format":"standard","meta":{"footnotes":""},"categories":[1],"tags":[],"class_list":["post-9081","post","type-post","status-publish","format-standard","has-post-thumbnail","hentry","category-sem-categoria"],"yoast_head":"<!-- This site is optimized with the Yoast SEO plugin v27.2 - https:\/\/yoast.com\/product\/yoast-seo-wordpress\/ -->\n<title>ACIUB\u00c1 PROMOVE JANTAR EMPRESARIAL PARA UM P\u00daBLICO SELETO NO AUDIT\u00d3RIO DA FAGOC - Ub\u00e1 News<\/title>\n<meta name=\"robots\" content=\"index, follow, max-snippet:-1, max-image-preview:large, max-video-preview:-1\" \/>\n<link rel=\"canonical\" href=\"https:\/\/ubanews.com\/site\/2018\/11\/09\/aciuba-promove-jantar-empresarial-para-um-publico-seleto-no-auditorio-da-fagoc\/\" \/>\n<meta property=\"og:locale\" content=\"pt_BR\" \/>\n<meta property=\"og:type\" content=\"article\" \/>\n<meta property=\"og:title\" content=\"ACIUB\u00c1 PROMOVE JANTAR EMPRESARIAL PARA UM P\u00daBLICO SELETO NO AUDIT\u00d3RIO DA FAGOC - Ub\u00e1 News\" \/>\n<meta property=\"og:description\" content=\"A Associa\u00e7\u00e3o Comercial e Industrial de Ub\u00e1 promoveu nesta quinta-feira\" \/>\n<meta property=\"og:url\" content=\"https:\/\/ubanews.com\/site\/2018\/11\/09\/aciuba-promove-jantar-empresarial-para-um-publico-seleto-no-auditorio-da-fagoc\/\" \/>\n<meta property=\"og:site_name\" content=\"Ub\u00e1 News\" \/>\n<meta property=\"article:publisher\" content=\"https:\/\/www.facebook.com\/Ub%c3%a1News-Carlos-Roberto-Sodr%c3%a9-418778301977370\" \/>\n<meta property=\"article:author\" content=\"https:\/\/www.facebook.com\/carosroberto.sodre.5\/\" \/>\n<meta property=\"article:published_time\" content=\"2018-11-09T21:51:32+00:00\" \/>\n<meta property=\"article:modified_time\" content=\"2018-12-06T18:52:38+00:00\" \/>\n<meta property=\"og:image\" content=\"https:\/\/ubanews.com\/site\/wp-content\/uploads\/2018\/11\/DSC3891-copiar.jpg\" \/>\n\t<meta property=\"og:image:width\" content=\"800\" \/>\n\t<meta property=\"og:image:height\" content=\"389\" \/>\n\t<meta property=\"og:image:type\" content=\"image\/jpeg\" \/>\n<meta name=\"author\" content=\"Sodr\u00e9\" \/>\n<meta name=\"twitter:card\" content=\"summary_large_image\" \/>\n<meta name=\"twitter:label1\" content=\"Escrito por\" \/>\n\t<meta name=\"twitter:data1\" content=\"Sodr\u00e9\" \/>\n\t<meta name=\"twitter:label2\" content=\"Est. tempo de leitura\" \/>\n\t<meta name=\"twitter:data2\" content=\"1 minuto\" \/>\n<script type=\"application\/ld+json\" class=\"yoast-schema-graph\">{\"@context\":\"https:\/\/schema.org\",\"@graph\":[{\"@type\":\"Article\",\"@id\":\"https:\/\/ubanews.com\/site\/2018\/11\/09\/aciuba-promove-jantar-empresarial-para-um-publico-seleto-no-auditorio-da-fagoc\/#article\",\"isPartOf\":{\"@id\":\"https:\/\/ubanews.com\/site\/2018\/11\/09\/aciuba-promove-jantar-empresarial-para-um-publico-seleto-no-auditorio-da-fagoc\/\"},\"author\":{\"name\":\"Sodr\u00e9\",\"@id\":\"https:\/\/ubanews.com\/site\/#\/schema\/person\/d90c9e47252fbb63dcc969fe4c8b9d10\"},\"headline\":\"ACIUB\u00c1 PROMOVE JANTAR EMPRESARIAL PARA UM P\u00daBLICO SELETO NO AUDIT\u00d3RIO DA FAGOC\",\"datePublished\":\"2018-11-09T21:51:32+00:00\",\"dateModified\":\"2018-12-06T18:52:38+00:00\",\"mainEntityOfPage\":{\"@id\":\"https:\/\/ubanews.com\/site\/2018\/11\/09\/aciuba-promove-jantar-empresarial-para-um-publico-seleto-no-auditorio-da-fagoc\/\"},\"wordCount\":294,\"commentCount\":0,\"publisher\":{\"@id\":\"https:\/\/ubanews.com\/site\/#organization\"},\"image\":{\"@id\":\"https:\/\/ubanews.com\/site\/2018\/11\/09\/aciuba-promove-jantar-empresarial-para-um-publico-seleto-no-auditorio-da-fagoc\/#primaryimage\"},\"thumbnailUrl\":\"https:\/\/ubanews.com\/site\/wp-content\/uploads\/2018\/11\/DSC3891-copiar.jpg\",\"articleSection\":[\"Geral\"],\"inLanguage\":\"pt-BR\",\"potentialAction\":[{\"@type\":\"CommentAction\",\"name\":\"Comment\",\"target\":[\"https:\/\/ubanews.com\/site\/2018\/11\/09\/aciuba-promove-jantar-empresarial-para-um-publico-seleto-no-auditorio-da-fagoc\/#respond\"]}]},{\"@type\":\"WebPage\",\"@id\":\"https:\/\/ubanews.com\/site\/2018\/11\/09\/aciuba-promove-jantar-empresarial-para-um-publico-seleto-no-auditorio-da-fagoc\/\",\"url\":\"https:\/\/ubanews.com\/site\/2018\/11\/09\/aciuba-promove-jantar-empresarial-para-um-publico-seleto-no-auditorio-da-fagoc\/\",\"name\":\"ACIUB\u00c1 PROMOVE JANTAR EMPRESARIAL PARA UM P\u00daBLICO SELETO NO AUDIT\u00d3RIO DA FAGOC - Ub\u00e1 News\",\"isPartOf\":{\"@id\":\"https:\/\/ubanews.com\/site\/#website\"},\"primaryImageOfPage\":{\"@id\":\"https:\/\/ubanews.com\/site\/2018\/11\/09\/aciuba-promove-jantar-empresarial-para-um-publico-seleto-no-auditorio-da-fagoc\/#primaryimage\"},\"image\":{\"@id\":\"https:\/\/ubanews.com\/site\/2018\/11\/09\/aciuba-promove-jantar-empresarial-para-um-publico-seleto-no-auditorio-da-fagoc\/#primaryimage\"},\"thumbnailUrl\":\"https:\/\/ubanews.com\/site\/wp-content\/uploads\/2018\/11\/DSC3891-copiar.jpg\",\"datePublished\":\"2018-11-09T21:51:32+00:00\",\"dateModified\":\"2018-12-06T18:52:38+00:00\",\"breadcrumb\":{\"@id\":\"https:\/\/ubanews.com\/site\/2018\/11\/09\/aciuba-promove-jantar-empresarial-para-um-publico-seleto-no-auditorio-da-fagoc\/#breadcrumb\"},\"inLanguage\":\"pt-BR\",\"potentialAction\":[{\"@type\":\"ReadAction\",\"target\":[\"https:\/\/ubanews.com\/site\/2018\/11\/09\/aciuba-promove-jantar-empresarial-para-um-publico-seleto-no-auditorio-da-fagoc\/\"]}]},{\"@type\":\"ImageObject\",\"inLanguage\":\"pt-BR\",\"@id\":\"https:\/\/ubanews.com\/site\/2018\/11\/09\/aciuba-promove-jantar-empresarial-para-um-publico-seleto-no-auditorio-da-fagoc\/#primaryimage\",\"url\":\"https:\/\/ubanews.com\/site\/wp-content\/uploads\/2018\/11\/DSC3891-copiar.jpg\",\"contentUrl\":\"https:\/\/ubanews.com\/site\/wp-content\/uploads\/2018\/11\/DSC3891-copiar.jpg\",\"width\":800,\"height\":389},{\"@type\":\"BreadcrumbList\",\"@id\":\"https:\/\/ubanews.com\/site\/2018\/11\/09\/aciuba-promove-jantar-empresarial-para-um-publico-seleto-no-auditorio-da-fagoc\/#breadcrumb\",\"itemListElement\":[{\"@type\":\"ListItem\",\"position\":1,\"name\":\"Home\",\"item\":\"https:\/\/ubanews.com\/site\/\"},{\"@type\":\"ListItem\",\"position\":2,\"name\":\"ACIUB\u00c1 PROMOVE JANTAR EMPRESARIAL PARA UM P\u00daBLICO SELETO NO AUDIT\u00d3RIO DA FAGOC\"}]},{\"@type\":\"WebSite\",\"@id\":\"https:\/\/ubanews.com\/site\/#website\",\"url\":\"https:\/\/ubanews.com\/site\/\",\"name\":\"Ub\u00e1 News\",\"description\":\"\",\"publisher\":{\"@id\":\"https:\/\/ubanews.com\/site\/#organization\"},\"potentialAction\":[{\"@type\":\"SearchAction\",\"target\":{\"@type\":\"EntryPoint\",\"urlTemplate\":\"https:\/\/ubanews.com\/site\/?s={search_term_string}\"},\"query-input\":{\"@type\":\"PropertyValueSpecification\",\"valueRequired\":true,\"valueName\":\"search_term_string\"}}],\"inLanguage\":\"pt-BR\"},{\"@type\":\"Organization\",\"@id\":\"https:\/\/ubanews.com\/site\/#organization\",\"name\":\"Ub\u00e1 News\",\"url\":\"https:\/\/ubanews.com\/site\/\",\"logo\":{\"@type\":\"ImageObject\",\"inLanguage\":\"pt-BR\",\"@id\":\"https:\/\/ubanews.com\/site\/#\/schema\/logo\/image\/\",\"url\":\"https:\/\/ubanews.com\/site\/wp-content\/uploads\/2018\/01\/logoubanews.png\",\"contentUrl\":\"https:\/\/ubanews.com\/site\/wp-content\/uploads\/2018\/01\/logoubanews.png\",\"width\":261,\"height\":99,\"caption\":\"Ub\u00e1 News\"},\"image\":{\"@id\":\"https:\/\/ubanews.com\/site\/#\/schema\/logo\/image\/\"},\"sameAs\":[\"https:\/\/www.facebook.com\/Ub\u00e1News-Carlos-Roberto-Sodr\u00e9-418778301977370\"]},{\"@type\":\"Person\",\"@id\":\"https:\/\/ubanews.com\/site\/#\/schema\/person\/d90c9e47252fbb63dcc969fe4c8b9d10\",\"name\":\"Sodr\u00e9\",\"image\":{\"@type\":\"ImageObject\",\"inLanguage\":\"pt-BR\",\"@id\":\"https:\/\/secure.gravatar.com\/avatar\/5ba2793f0590b9dbfad3fdec4ee714485b3eef211c9b32ee53d414060454a56c?s=96&d=mm&r=g\",\"url\":\"https:\/\/secure.gravatar.com\/avatar\/5ba2793f0590b9dbfad3fdec4ee714485b3eef211c9b32ee53d414060454a56c?s=96&d=mm&r=g\",\"contentUrl\":\"https:\/\/secure.gravatar.com\/avatar\/5ba2793f0590b9dbfad3fdec4ee714485b3eef211c9b32ee53d414060454a56c?s=96&d=mm&r=g\",\"caption\":\"Sodr\u00e9\"},\"sameAs\":[\"https:\/\/www.facebook.com\/carosroberto.sodre.5\/\"],\"url\":\"https:\/\/ubanews.com\/site\/author\/felipe\/\"}]}<\/script>\n<!-- \/ Yoast SEO plugin. -->","yoast_head_json":{"title":"ACIUB\u00c1 PROMOVE JANTAR EMPRESARIAL PARA UM P\u00daBLICO SELETO NO AUDIT\u00d3RIO DA FAGOC - Ub\u00e1 News","robots":{"index":"index","follow":"follow","max-snippet":"max-snippet:-1","max-image-preview":"max-image-preview:large","max-video-preview":"max-video-preview:-1"},"canonical":"https:\/\/ubanews.com\/site\/2018\/11\/09\/aciuba-promove-jantar-empresarial-para-um-publico-seleto-no-auditorio-da-fagoc\/","og_locale":"pt_BR","og_type":"article","og_title":"ACIUB\u00c1 PROMOVE JANTAR EMPRESARIAL PARA UM P\u00daBLICO SELETO NO AUDIT\u00d3RIO DA FAGOC - Ub\u00e1 News","og_description":"A Associa\u00e7\u00e3o Comercial e Industrial de Ub\u00e1 promoveu nesta quinta-feira","og_url":"https:\/\/ubanews.com\/site\/2018\/11\/09\/aciuba-promove-jantar-empresarial-para-um-publico-seleto-no-auditorio-da-fagoc\/","og_site_name":"Ub\u00e1 News","article_publisher":"https:\/\/www.facebook.com\/Ub%c3%a1News-Carlos-Roberto-Sodr%c3%a9-418778301977370","article_author":"https:\/\/www.facebook.com\/carosroberto.sodre.5\/","article_published_time":"2018-11-09T21:51:32+00:00","article_modified_time":"2018-12-06T18:52:38+00:00","og_image":[{"width":800,"height":389,"url":"https:\/\/ubanews.com\/site\/wp-content\/uploads\/2018\/11\/DSC3891-copiar.jpg","type":"image\/jpeg"}],"author":"Sodr\u00e9","twitter_card":"summary_large_image","twitter_misc":{"Escrito por":"Sodr\u00e9","Est. tempo de leitura":"1 minuto"},"schema":{"@context":"https:\/\/schema.org","@graph":[{"@type":"Article","@id":"https:\/\/ubanews.com\/site\/2018\/11\/09\/aciuba-promove-jantar-empresarial-para-um-publico-seleto-no-auditorio-da-fagoc\/#article","isPartOf":{"@id":"https:\/\/ubanews.com\/site\/2018\/11\/09\/aciuba-promove-jantar-empresarial-para-um-publico-seleto-no-auditorio-da-fagoc\/"},"author":{"name":"Sodr\u00e9","@id":"https:\/\/ubanews.com\/site\/#\/schema\/person\/d90c9e47252fbb63dcc969fe4c8b9d10"},"headline":"ACIUB\u00c1 PROMOVE JANTAR EMPRESARIAL PARA UM P\u00daBLICO SELETO NO AUDIT\u00d3RIO DA FAGOC","datePublished":"2018-11-09T21:51:32+00:00","dateModified":"2018-12-06T18:52:38+00:00","mainEntityOfPage":{"@id":"https:\/\/ubanews.com\/site\/2018\/11\/09\/aciuba-promove-jantar-empresarial-para-um-publico-seleto-no-auditorio-da-fagoc\/"},"wordCount":294,"commentCount":0,"publisher":{"@id":"https:\/\/ubanews.com\/site\/#organization"},"image":{"@id":"https:\/\/ubanews.com\/site\/2018\/11\/09\/aciuba-promove-jantar-empresarial-para-um-publico-seleto-no-auditorio-da-fagoc\/#primaryimage"},"thumbnailUrl":"https:\/\/ubanews.com\/site\/wp-content\/uploads\/2018\/11\/DSC3891-copiar.jpg","articleSection":["Geral"],"inLanguage":"pt-BR","potentialAction":[{"@type":"CommentAction","name":"Comment","target":["https:\/\/ubanews.com\/site\/2018\/11\/09\/aciuba-promove-jantar-empresarial-para-um-publico-seleto-no-auditorio-da-fagoc\/#respond"]}]},{"@type":"WebPage","@id":"https:\/\/ubanews.com\/site\/2018\/11\/09\/aciuba-promove-jantar-empresarial-para-um-publico-seleto-no-auditorio-da-fagoc\/","url":"https:\/\/ubanews.com\/site\/2018\/11\/09\/aciuba-promove-jantar-empresarial-para-um-publico-seleto-no-auditorio-da-fagoc\/","name":"ACIUB\u00c1 PROMOVE JANTAR EMPRESARIAL PARA UM P\u00daBLICO SELETO NO AUDIT\u00d3RIO DA FAGOC - Ub\u00e1 News","isPartOf":{"@id":"https:\/\/ubanews.com\/site\/#website"},"primaryImageOfPage":{"@id":"https:\/\/ubanews.com\/site\/2018\/11\/09\/aciuba-promove-jantar-empresarial-para-um-publico-seleto-no-auditorio-da-fagoc\/#primaryimage"},"image":{"@id":"https:\/\/ubanews.com\/site\/2018\/11\/09\/aciuba-promove-jantar-empresarial-para-um-publico-seleto-no-auditorio-da-fagoc\/#primaryimage"},"thumbnailUrl":"https:\/\/ubanews.com\/site\/wp-content\/uploads\/2018\/11\/DSC3891-copiar.jpg","datePublished":"2018-11-09T21:51:32+00:00","dateModified":"2018-12-06T18:52:38+00:00","breadcrumb":{"@id":"https:\/\/ubanews.com\/site\/2018\/11\/09\/aciuba-promove-jantar-empresarial-para-um-publico-seleto-no-auditorio-da-fagoc\/#breadcrumb"},"inLanguage":"pt-BR","potentialAction":[{"@type":"ReadAction","target":["https:\/\/ubanews.com\/site\/2018\/11\/09\/aciuba-promove-jantar-empresarial-para-um-publico-seleto-no-auditorio-da-fagoc\/"]}]},{"@type":"ImageObject","inLanguage":"pt-BR","@id":"https:\/\/ubanews.com\/site\/2018\/11\/09\/aciuba-promove-jantar-empresarial-para-um-publico-seleto-no-auditorio-da-fagoc\/#primaryimage","url":"https:\/\/ubanews.com\/site\/wp-content\/uploads\/2018\/11\/DSC3891-copiar.jpg","contentUrl":"https:\/\/ubanews.com\/site\/wp-content\/uploads\/2018\/11\/DSC3891-copiar.jpg","width":800,"height":389},{"@type":"BreadcrumbList","@id":"https:\/\/ubanews.com\/site\/2018\/11\/09\/aciuba-promove-jantar-empresarial-para-um-publico-seleto-no-auditorio-da-fagoc\/#breadcrumb","itemListElement":[{"@type":"ListItem","position":1,"name":"Home","item":"https:\/\/ubanews.com\/site\/"},{"@type":"ListItem","position":2,"name":"ACIUB\u00c1 PROMOVE JANTAR EMPRESARIAL PARA UM P\u00daBLICO SELETO NO AUDIT\u00d3RIO DA FAGOC"}]},{"@type":"WebSite","@id":"https:\/\/ubanews.com\/site\/#website","url":"https:\/\/ubanews.com\/site\/","name":"Ub\u00e1 News","description":"","publisher":{"@id":"https:\/\/ubanews.com\/site\/#organization"},"potentialAction":[{"@type":"SearchAction","target":{"@type":"EntryPoint","urlTemplate":"https:\/\/ubanews.com\/site\/?s={search_term_string}"},"query-input":{"@type":"PropertyValueSpecification","valueRequired":true,"valueName":"search_term_string"}}],"inLanguage":"pt-BR"},{"@type":"Organization","@id":"https:\/\/ubanews.com\/site\/#organization","name":"Ub\u00e1 News","url":"https:\/\/ubanews.com\/site\/","logo":{"@type":"ImageObject","inLanguage":"pt-BR","@id":"https:\/\/ubanews.com\/site\/#\/schema\/logo\/image\/","url":"https:\/\/ubanews.com\/site\/wp-content\/uploads\/2018\/01\/logoubanews.png","contentUrl":"https:\/\/ubanews.com\/site\/wp-content\/uploads\/2018\/01\/logoubanews.png","width":261,"height":99,"caption":"Ub\u00e1 News"},"image":{"@id":"https:\/\/ubanews.com\/site\/#\/schema\/logo\/image\/"},"sameAs":["https:\/\/www.facebook.com\/Ub\u00e1News-Carlos-Roberto-Sodr\u00e9-418778301977370"]},{"@type":"Person","@id":"https:\/\/ubanews.com\/site\/#\/schema\/person\/d90c9e47252fbb63dcc969fe4c8b9d10","name":"Sodr\u00e9","image":{"@type":"ImageObject","inLanguage":"pt-BR","@id":"https:\/\/secure.gravatar.com\/avatar\/5ba2793f0590b9dbfad3fdec4ee714485b3eef211c9b32ee53d414060454a56c?s=96&d=mm&r=g","url":"https:\/\/secure.gravatar.com\/avatar\/5ba2793f0590b9dbfad3fdec4ee714485b3eef211c9b32ee53d414060454a56c?s=96&d=mm&r=g","contentUrl":"https:\/\/secure.gravatar.com\/avatar\/5ba2793f0590b9dbfad3fdec4ee714485b3eef211c9b32ee53d414060454a56c?s=96&d=mm&r=g","caption":"Sodr\u00e9"},"sameAs":["https:\/\/www.facebook.com\/carosroberto.sodre.5\/"],"url":"https:\/\/ubanews.com\/site\/author\/felipe\/"}]}},"_links":{"self":[{"href":"https:\/\/ubanews.com\/site\/wp-json\/wp\/v2\/posts\/9081","targetHints":{"allow":["GET"]}}],"collection":[{"href":"https:\/\/ubanews.com\/site\/wp-json\/wp\/v2\/posts"}],"about":[{"href":"https:\/\/ubanews.com\/site\/wp-json\/wp\/v2\/types\/post"}],"author":[{"embeddable":true,"href":"https:\/\/ubanews.com\/site\/wp-json\/wp\/v2\/users\/2"}],"replies":[{"embeddable":true,"href":"https:\/\/ubanews.com\/site\/wp-json\/wp\/v2\/comments?post=9081"}],"version-history":[{"count":0,"href":"https:\/\/ubanews.com\/site\/wp-json\/wp\/v2\/posts\/9081\/revisions"}],"wp:featuredmedia":[{"embeddable":true,"href":"https:\/\/ubanews.com\/site\/wp-json\/wp\/v2\/media\/9087"}],"wp:attachment":[{"href":"https:\/\/ubanews.com\/site\/wp-json\/wp\/v2\/media?parent=9081"}],"wp:term":[{"taxonomy":"category","embeddable":true,"href":"https:\/\/ubanews.com\/site\/wp-json\/wp\/v2\/categories?post=9081"},{"taxonomy":"post_tag","embeddable":true,"href":"https:\/\/ubanews.com\/site\/wp-json\/wp\/v2\/tags?post=9081"}],"curies":[{"name":"wp","href":"https:\/\/api.w.org\/{rel}","templated":true}]}}