{"id":9071,"date":"2018-11-09T11:14:53","date_gmt":"2018-11-09T13:14:53","guid":{"rendered":"http:\/\/ubanews.com\/site\/?p=9071"},"modified":"2018-11-09T11:14:53","modified_gmt":"2018-11-09T13:14:53","slug":"camara-e-associacao-solano-trindade-realizam-sessao-solene-do-dia-municipal-da-consciencia-racial","status":"publish","type":"post","link":"https:\/\/ubanews.com\/site\/2018\/11\/09\/camara-e-associacao-solano-trindade-realizam-sessao-solene-do-dia-municipal-da-consciencia-racial\/","title":{"rendered":"C\u00c2MARA E ASSOCIA\u00c7\u00c3O SOLANO TRINDADE REALIZAM SESS\u00c3O SOLENE DO DIA MUNICIPAL DA CONSCI\u00caNCIA RACIAL"},"content":{"rendered":"<p><strong><!--more-->A C\u00e2mara Municipal de Ub\u00e1 (CMU) e a Associa\u00e7\u00e3o Cultural de Combate \u00e0 Discrimina\u00e7\u00e3o Racial Solano Trindade (AST) realizam a sess\u00e3o solene em comemora\u00e7\u00e3o ao Dia Municipal da Consci\u00eancia Racial, dia 23 de&nbsp;<\/strong>novembro de 2018, \u00e0s 18h30, na sede do Legislativo Ubaense.<\/p>\n<p>Constam na programa\u00e7\u00e3o a apresenta\u00e7\u00e3o da Bateria das Escolas de Samba S\u00e3o Domingos, Vila Casal e Unidos da Pra\u00e7a Ceus. Seguida de palestra sobre o tema: \u201cCombate ao racismo para a constru\u00e7\u00e3o da igualdade racial\u201d, a cargo da palestrante, Denise Ant\u00f4nia de Paulo, militante do Movimento Negro, do Movimento de Mulheres Negras e da Coordena\u00e7\u00e3o Nacional das Entidades Negras\/CONEN. Denise \u00e9 especialista em Administra\u00e7\u00e3o P\u00fablica; Gest\u00e3o Hospitalar; Pol\u00edticas para Juventude; foi gerente de Projetos de Pol\u00edticas de A\u00e7\u00f5es Afirmativas da Secretaria Especial de Pol\u00edticas de Promo\u00e7\u00e3o da Igualdade Racial da Presid\u00eancia da Rep\u00fablica\/SEPPIR.<\/p>\n<p>Ap\u00f3s a palestra ser\u00e3o realizadas as homenagens da noite. Os agraciados s\u00e3o:<\/p>\n<p><b>Aureliano Rocha Manoel<\/b>&nbsp;(Mestre Nanim) \u2013 Mestre de Academia de Capoeira Garra Mineira; Coordenador do Projeto Viva Mais de educa\u00e7\u00e3o, cultura e esporte junto a crian\u00e7as, jovens e adultos dos bairros diversos ubaense.<\/p>\n<p><b>Francisco da Silva<\/b>&nbsp;(Mestre Chiquinho) \u2013 Mestre de Capoeira, Introdutor da Abad\u00e1 Capoeira em Ub\u00e1 e Regi\u00e3o; Coordenador do Projeto Ginga na Comunidade, junto crian\u00e7as, jovens e adultos em situa\u00e7\u00e3o de vulnerabilidade social;<\/p>\n<p><b>Maria Luiza Marcelino<\/b>&nbsp;\u2013 Presidente da Associa\u00e7\u00e3o Quilombola Namast\u00ea;<\/p>\n<p><b>Padre Sebasti\u00e3o Jorge Corr\u00eaa&nbsp;<\/b>&#8211; Ex-p\u00e1roco da Par\u00f3quia do Divino Esp\u00edrito Santo \u2013 Apoiador do Movimento Negro e demais movimentos sociais e sindicais de Ub\u00e1; e<\/p>\n<p><b>Tarc\u00edsio Ribeiro<\/b>&nbsp;(Mestre Tarc\u00edsio) &#8211; Mestre do Grupo de Capoeira Senzala de Ub\u00e1; Mentor e coordenador do Projeto Crescer do SD (S\u00e3o Domingos).<\/p>\n<p><a href=\"https:\/\/ubanews.com\/site\/wp-content\/uploads\/2018\/11\/Consiencia-racial.jpg\"><img decoding=\"async\" class=\"aligncenter wp-image-9073 size-full lazyload\" data-src=\"https:\/\/ubanews.com\/site\/wp-content\/uploads\/2018\/11\/Consiencia-racial.jpg\" alt=\"\" width=\"424\" height=\"600\" data-srcset=\"https:\/\/ubanews.com\/site\/wp-content\/uploads\/2018\/11\/Consiencia-racial.jpg 424w, https:\/\/ubanews.com\/site\/wp-content\/uploads\/2018\/11\/Consiencia-racial-212x300.jpg 212w\" data-sizes=\"(max-width: 424px) 100vw, 424px\" src=\"data:image\/svg+xml;base64,PHN2ZyB3aWR0aD0iMSIgaGVpZ2h0PSIxIiB4bWxucz0iaHR0cDovL3d3dy53My5vcmcvMjAwMC9zdmciPjwvc3ZnPg==\" style=\"--smush-placeholder-width: 424px; --smush-placeholder-aspect-ratio: 424\/600;\" \/><\/a>Haver\u00e1 tamb\u00e9m<b>&nbsp;<\/b>entrega das medalhas e certificados aos vencedores do 4\u00ba concurso de reda\u00e7\u00e3o promovido pela Superintend\u00eancia Regional de Ensino de Ub\u00e1 com o tema: \u201cOs desafios da juventude negra nos dias atuais\u201d. O concurso foi promovido de 01\/10 a 01\/11 de 2018 com alunos das Escolas Estaduais de Ensino Fundamental (6\u00ba ao 9\u00ba ano) e M\u00e9dio Regular de Ub\u00e1. Durante o evento os convidados poder\u00e3o apreciar a mostra de arte dos alunos da oficina de pintura da Associa\u00e7\u00e3o Cultural de Combate \u00e0 Discrimina\u00e7\u00e3o Racial Solano Trindade (AST). E no encerramento, haver\u00e1 apresenta\u00e7\u00e3o do N\u00facleo Afro da Universidade do Estado de Minas Gerais (UEMG) \u2013 campus Ub\u00e1.<\/p>\n<p><strong>Dan\u00fabia Mota.<\/strong><br \/>\n<strong>Assessora de Comunica\u00e7\u00e3o C\u00e2mara Municipal de Ub\u00e1<\/strong><\/p>\n","protected":false},"excerpt":{"rendered":"","protected":false},"author":2,"featured_media":9072,"comment_status":"open","ping_status":"open","sticky":false,"template":"","format":"standard","meta":{"footnotes":""},"categories":[16],"tags":[],"class_list":["post-9071","post","type-post","status-publish","format-standard","has-post-thumbnail","hentry","category-camara-municipal"],"yoast_head":"<!-- This site is optimized with the Yoast SEO plugin v27.2 - https:\/\/yoast.com\/product\/yoast-seo-wordpress\/ -->\n<title>C\u00c2MARA E ASSOCIA\u00c7\u00c3O SOLANO TRINDADE REALIZAM SESS\u00c3O SOLENE DO DIA MUNICIPAL DA CONSCI\u00caNCIA RACIAL - Ub\u00e1 News<\/title>\n<meta name=\"robots\" content=\"index, follow, max-snippet:-1, max-image-preview:large, max-video-preview:-1\" \/>\n<link rel=\"canonical\" href=\"https:\/\/ubanews.com\/site\/2018\/11\/09\/camara-e-associacao-solano-trindade-realizam-sessao-solene-do-dia-municipal-da-consciencia-racial\/\" \/>\n<meta property=\"og:locale\" content=\"pt_BR\" \/>\n<meta property=\"og:type\" content=\"article\" \/>\n<meta property=\"og:title\" content=\"C\u00c2MARA E ASSOCIA\u00c7\u00c3O SOLANO TRINDADE REALIZAM SESS\u00c3O SOLENE DO DIA MUNICIPAL DA CONSCI\u00caNCIA RACIAL - Ub\u00e1 News\" \/>\n<meta property=\"og:url\" content=\"https:\/\/ubanews.com\/site\/2018\/11\/09\/camara-e-associacao-solano-trindade-realizam-sessao-solene-do-dia-municipal-da-consciencia-racial\/\" \/>\n<meta property=\"og:site_name\" content=\"Ub\u00e1 News\" \/>\n<meta property=\"article:publisher\" content=\"https:\/\/www.facebook.com\/Ub%c3%a1News-Carlos-Roberto-Sodr%c3%a9-418778301977370\" \/>\n<meta property=\"article:author\" content=\"https:\/\/www.facebook.com\/carosroberto.sodre.5\/\" \/>\n<meta property=\"article:published_time\" content=\"2018-11-09T13:14:53+00:00\" \/>\n<meta property=\"og:image\" content=\"https:\/\/ubanews.com\/site\/wp-content\/uploads\/2018\/11\/Consiencia-racial-Capa.jpg\" \/>\n\t<meta property=\"og:image:width\" content=\"800\" \/>\n\t<meta property=\"og:image:height\" content=\"389\" \/>\n\t<meta property=\"og:image:type\" content=\"image\/jpeg\" \/>\n<meta name=\"author\" content=\"Sodr\u00e9\" \/>\n<meta name=\"twitter:card\" content=\"summary_large_image\" \/>\n<meta name=\"twitter:label1\" content=\"Escrito por\" \/>\n\t<meta name=\"twitter:data1\" content=\"Sodr\u00e9\" \/>\n\t<meta name=\"twitter:label2\" content=\"Est. tempo de leitura\" \/>\n\t<meta name=\"twitter:data2\" content=\"2 minutos\" \/>\n<script type=\"application\/ld+json\" class=\"yoast-schema-graph\">{\"@context\":\"https:\/\/schema.org\",\"@graph\":[{\"@type\":\"Article\",\"@id\":\"https:\/\/ubanews.com\/site\/2018\/11\/09\/camara-e-associacao-solano-trindade-realizam-sessao-solene-do-dia-municipal-da-consciencia-racial\/#article\",\"isPartOf\":{\"@id\":\"https:\/\/ubanews.com\/site\/2018\/11\/09\/camara-e-associacao-solano-trindade-realizam-sessao-solene-do-dia-municipal-da-consciencia-racial\/\"},\"author\":{\"name\":\"Sodr\u00e9\",\"@id\":\"https:\/\/ubanews.com\/site\/#\/schema\/person\/d90c9e47252fbb63dcc969fe4c8b9d10\"},\"headline\":\"C\u00c2MARA E ASSOCIA\u00c7\u00c3O SOLANO TRINDADE REALIZAM SESS\u00c3O SOLENE DO DIA MUNICIPAL DA CONSCI\u00caNCIA RACIAL\",\"datePublished\":\"2018-11-09T13:14:53+00:00\",\"mainEntityOfPage\":{\"@id\":\"https:\/\/ubanews.com\/site\/2018\/11\/09\/camara-e-associacao-solano-trindade-realizam-sessao-solene-do-dia-municipal-da-consciencia-racial\/\"},\"wordCount\":451,\"commentCount\":0,\"publisher\":{\"@id\":\"https:\/\/ubanews.com\/site\/#organization\"},\"image\":{\"@id\":\"https:\/\/ubanews.com\/site\/2018\/11\/09\/camara-e-associacao-solano-trindade-realizam-sessao-solene-do-dia-municipal-da-consciencia-racial\/#primaryimage\"},\"thumbnailUrl\":\"https:\/\/ubanews.com\/site\/wp-content\/uploads\/2018\/11\/Consiencia-racial-Capa.jpg\",\"articleSection\":[\"C\u00e2mara Municipal\"],\"inLanguage\":\"pt-BR\",\"potentialAction\":[{\"@type\":\"CommentAction\",\"name\":\"Comment\",\"target\":[\"https:\/\/ubanews.com\/site\/2018\/11\/09\/camara-e-associacao-solano-trindade-realizam-sessao-solene-do-dia-municipal-da-consciencia-racial\/#respond\"]}]},{\"@type\":\"WebPage\",\"@id\":\"https:\/\/ubanews.com\/site\/2018\/11\/09\/camara-e-associacao-solano-trindade-realizam-sessao-solene-do-dia-municipal-da-consciencia-racial\/\",\"url\":\"https:\/\/ubanews.com\/site\/2018\/11\/09\/camara-e-associacao-solano-trindade-realizam-sessao-solene-do-dia-municipal-da-consciencia-racial\/\",\"name\":\"C\u00c2MARA E ASSOCIA\u00c7\u00c3O SOLANO TRINDADE REALIZAM SESS\u00c3O SOLENE DO DIA MUNICIPAL DA CONSCI\u00caNCIA RACIAL - Ub\u00e1 News\",\"isPartOf\":{\"@id\":\"https:\/\/ubanews.com\/site\/#website\"},\"primaryImageOfPage\":{\"@id\":\"https:\/\/ubanews.com\/site\/2018\/11\/09\/camara-e-associacao-solano-trindade-realizam-sessao-solene-do-dia-municipal-da-consciencia-racial\/#primaryimage\"},\"image\":{\"@id\":\"https:\/\/ubanews.com\/site\/2018\/11\/09\/camara-e-associacao-solano-trindade-realizam-sessao-solene-do-dia-municipal-da-consciencia-racial\/#primaryimage\"},\"thumbnailUrl\":\"https:\/\/ubanews.com\/site\/wp-content\/uploads\/2018\/11\/Consiencia-racial-Capa.jpg\",\"datePublished\":\"2018-11-09T13:14:53+00:00\",\"breadcrumb\":{\"@id\":\"https:\/\/ubanews.com\/site\/2018\/11\/09\/camara-e-associacao-solano-trindade-realizam-sessao-solene-do-dia-municipal-da-consciencia-racial\/#breadcrumb\"},\"inLanguage\":\"pt-BR\",\"potentialAction\":[{\"@type\":\"ReadAction\",\"target\":[\"https:\/\/ubanews.com\/site\/2018\/11\/09\/camara-e-associacao-solano-trindade-realizam-sessao-solene-do-dia-municipal-da-consciencia-racial\/\"]}]},{\"@type\":\"ImageObject\",\"inLanguage\":\"pt-BR\",\"@id\":\"https:\/\/ubanews.com\/site\/2018\/11\/09\/camara-e-associacao-solano-trindade-realizam-sessao-solene-do-dia-municipal-da-consciencia-racial\/#primaryimage\",\"url\":\"https:\/\/ubanews.com\/site\/wp-content\/uploads\/2018\/11\/Consiencia-racial-Capa.jpg\",\"contentUrl\":\"https:\/\/ubanews.com\/site\/wp-content\/uploads\/2018\/11\/Consiencia-racial-Capa.jpg\",\"width\":800,\"height\":389},{\"@type\":\"BreadcrumbList\",\"@id\":\"https:\/\/ubanews.com\/site\/2018\/11\/09\/camara-e-associacao-solano-trindade-realizam-sessao-solene-do-dia-municipal-da-consciencia-racial\/#breadcrumb\",\"itemListElement\":[{\"@type\":\"ListItem\",\"position\":1,\"name\":\"Home\",\"item\":\"https:\/\/ubanews.com\/site\/\"},{\"@type\":\"ListItem\",\"position\":2,\"name\":\"C\u00c2MARA E ASSOCIA\u00c7\u00c3O SOLANO TRINDADE REALIZAM SESS\u00c3O SOLENE DO DIA MUNICIPAL DA CONSCI\u00caNCIA RACIAL\"}]},{\"@type\":\"WebSite\",\"@id\":\"https:\/\/ubanews.com\/site\/#website\",\"url\":\"https:\/\/ubanews.com\/site\/\",\"name\":\"Ub\u00e1 News\",\"description\":\"\",\"publisher\":{\"@id\":\"https:\/\/ubanews.com\/site\/#organization\"},\"potentialAction\":[{\"@type\":\"SearchAction\",\"target\":{\"@type\":\"EntryPoint\",\"urlTemplate\":\"https:\/\/ubanews.com\/site\/?s={search_term_string}\"},\"query-input\":{\"@type\":\"PropertyValueSpecification\",\"valueRequired\":true,\"valueName\":\"search_term_string\"}}],\"inLanguage\":\"pt-BR\"},{\"@type\":\"Organization\",\"@id\":\"https:\/\/ubanews.com\/site\/#organization\",\"name\":\"Ub\u00e1 News\",\"url\":\"https:\/\/ubanews.com\/site\/\",\"logo\":{\"@type\":\"ImageObject\",\"inLanguage\":\"pt-BR\",\"@id\":\"https:\/\/ubanews.com\/site\/#\/schema\/logo\/image\/\",\"url\":\"https:\/\/ubanews.com\/site\/wp-content\/uploads\/2018\/01\/logoubanews.png\",\"contentUrl\":\"https:\/\/ubanews.com\/site\/wp-content\/uploads\/2018\/01\/logoubanews.png\",\"width\":261,\"height\":99,\"caption\":\"Ub\u00e1 News\"},\"image\":{\"@id\":\"https:\/\/ubanews.com\/site\/#\/schema\/logo\/image\/\"},\"sameAs\":[\"https:\/\/www.facebook.com\/Ub\u00e1News-Carlos-Roberto-Sodr\u00e9-418778301977370\"]},{\"@type\":\"Person\",\"@id\":\"https:\/\/ubanews.com\/site\/#\/schema\/person\/d90c9e47252fbb63dcc969fe4c8b9d10\",\"name\":\"Sodr\u00e9\",\"image\":{\"@type\":\"ImageObject\",\"inLanguage\":\"pt-BR\",\"@id\":\"https:\/\/secure.gravatar.com\/avatar\/5ba2793f0590b9dbfad3fdec4ee714485b3eef211c9b32ee53d414060454a56c?s=96&d=mm&r=g\",\"url\":\"https:\/\/secure.gravatar.com\/avatar\/5ba2793f0590b9dbfad3fdec4ee714485b3eef211c9b32ee53d414060454a56c?s=96&d=mm&r=g\",\"contentUrl\":\"https:\/\/secure.gravatar.com\/avatar\/5ba2793f0590b9dbfad3fdec4ee714485b3eef211c9b32ee53d414060454a56c?s=96&d=mm&r=g\",\"caption\":\"Sodr\u00e9\"},\"sameAs\":[\"https:\/\/www.facebook.com\/carosroberto.sodre.5\/\"],\"url\":\"https:\/\/ubanews.com\/site\/author\/felipe\/\"}]}<\/script>\n<!-- \/ Yoast SEO plugin. -->","yoast_head_json":{"title":"C\u00c2MARA E ASSOCIA\u00c7\u00c3O SOLANO TRINDADE REALIZAM SESS\u00c3O SOLENE DO DIA MUNICIPAL DA CONSCI\u00caNCIA RACIAL - Ub\u00e1 News","robots":{"index":"index","follow":"follow","max-snippet":"max-snippet:-1","max-image-preview":"max-image-preview:large","max-video-preview":"max-video-preview:-1"},"canonical":"https:\/\/ubanews.com\/site\/2018\/11\/09\/camara-e-associacao-solano-trindade-realizam-sessao-solene-do-dia-municipal-da-consciencia-racial\/","og_locale":"pt_BR","og_type":"article","og_title":"C\u00c2MARA E ASSOCIA\u00c7\u00c3O SOLANO TRINDADE REALIZAM SESS\u00c3O SOLENE DO DIA MUNICIPAL DA CONSCI\u00caNCIA RACIAL - Ub\u00e1 News","og_url":"https:\/\/ubanews.com\/site\/2018\/11\/09\/camara-e-associacao-solano-trindade-realizam-sessao-solene-do-dia-municipal-da-consciencia-racial\/","og_site_name":"Ub\u00e1 News","article_publisher":"https:\/\/www.facebook.com\/Ub%c3%a1News-Carlos-Roberto-Sodr%c3%a9-418778301977370","article_author":"https:\/\/www.facebook.com\/carosroberto.sodre.5\/","article_published_time":"2018-11-09T13:14:53+00:00","og_image":[{"width":800,"height":389,"url":"https:\/\/ubanews.com\/site\/wp-content\/uploads\/2018\/11\/Consiencia-racial-Capa.jpg","type":"image\/jpeg"}],"author":"Sodr\u00e9","twitter_card":"summary_large_image","twitter_misc":{"Escrito por":"Sodr\u00e9","Est. tempo de leitura":"2 minutos"},"schema":{"@context":"https:\/\/schema.org","@graph":[{"@type":"Article","@id":"https:\/\/ubanews.com\/site\/2018\/11\/09\/camara-e-associacao-solano-trindade-realizam-sessao-solene-do-dia-municipal-da-consciencia-racial\/#article","isPartOf":{"@id":"https:\/\/ubanews.com\/site\/2018\/11\/09\/camara-e-associacao-solano-trindade-realizam-sessao-solene-do-dia-municipal-da-consciencia-racial\/"},"author":{"name":"Sodr\u00e9","@id":"https:\/\/ubanews.com\/site\/#\/schema\/person\/d90c9e47252fbb63dcc969fe4c8b9d10"},"headline":"C\u00c2MARA E ASSOCIA\u00c7\u00c3O SOLANO TRINDADE REALIZAM SESS\u00c3O SOLENE DO DIA MUNICIPAL DA CONSCI\u00caNCIA RACIAL","datePublished":"2018-11-09T13:14:53+00:00","mainEntityOfPage":{"@id":"https:\/\/ubanews.com\/site\/2018\/11\/09\/camara-e-associacao-solano-trindade-realizam-sessao-solene-do-dia-municipal-da-consciencia-racial\/"},"wordCount":451,"commentCount":0,"publisher":{"@id":"https:\/\/ubanews.com\/site\/#organization"},"image":{"@id":"https:\/\/ubanews.com\/site\/2018\/11\/09\/camara-e-associacao-solano-trindade-realizam-sessao-solene-do-dia-municipal-da-consciencia-racial\/#primaryimage"},"thumbnailUrl":"https:\/\/ubanews.com\/site\/wp-content\/uploads\/2018\/11\/Consiencia-racial-Capa.jpg","articleSection":["C\u00e2mara Municipal"],"inLanguage":"pt-BR","potentialAction":[{"@type":"CommentAction","name":"Comment","target":["https:\/\/ubanews.com\/site\/2018\/11\/09\/camara-e-associacao-solano-trindade-realizam-sessao-solene-do-dia-municipal-da-consciencia-racial\/#respond"]}]},{"@type":"WebPage","@id":"https:\/\/ubanews.com\/site\/2018\/11\/09\/camara-e-associacao-solano-trindade-realizam-sessao-solene-do-dia-municipal-da-consciencia-racial\/","url":"https:\/\/ubanews.com\/site\/2018\/11\/09\/camara-e-associacao-solano-trindade-realizam-sessao-solene-do-dia-municipal-da-consciencia-racial\/","name":"C\u00c2MARA E ASSOCIA\u00c7\u00c3O SOLANO TRINDADE REALIZAM SESS\u00c3O SOLENE DO DIA MUNICIPAL DA CONSCI\u00caNCIA RACIAL - Ub\u00e1 News","isPartOf":{"@id":"https:\/\/ubanews.com\/site\/#website"},"primaryImageOfPage":{"@id":"https:\/\/ubanews.com\/site\/2018\/11\/09\/camara-e-associacao-solano-trindade-realizam-sessao-solene-do-dia-municipal-da-consciencia-racial\/#primaryimage"},"image":{"@id":"https:\/\/ubanews.com\/site\/2018\/11\/09\/camara-e-associacao-solano-trindade-realizam-sessao-solene-do-dia-municipal-da-consciencia-racial\/#primaryimage"},"thumbnailUrl":"https:\/\/ubanews.com\/site\/wp-content\/uploads\/2018\/11\/Consiencia-racial-Capa.jpg","datePublished":"2018-11-09T13:14:53+00:00","breadcrumb":{"@id":"https:\/\/ubanews.com\/site\/2018\/11\/09\/camara-e-associacao-solano-trindade-realizam-sessao-solene-do-dia-municipal-da-consciencia-racial\/#breadcrumb"},"inLanguage":"pt-BR","potentialAction":[{"@type":"ReadAction","target":["https:\/\/ubanews.com\/site\/2018\/11\/09\/camara-e-associacao-solano-trindade-realizam-sessao-solene-do-dia-municipal-da-consciencia-racial\/"]}]},{"@type":"ImageObject","inLanguage":"pt-BR","@id":"https:\/\/ubanews.com\/site\/2018\/11\/09\/camara-e-associacao-solano-trindade-realizam-sessao-solene-do-dia-municipal-da-consciencia-racial\/#primaryimage","url":"https:\/\/ubanews.com\/site\/wp-content\/uploads\/2018\/11\/Consiencia-racial-Capa.jpg","contentUrl":"https:\/\/ubanews.com\/site\/wp-content\/uploads\/2018\/11\/Consiencia-racial-Capa.jpg","width":800,"height":389},{"@type":"BreadcrumbList","@id":"https:\/\/ubanews.com\/site\/2018\/11\/09\/camara-e-associacao-solano-trindade-realizam-sessao-solene-do-dia-municipal-da-consciencia-racial\/#breadcrumb","itemListElement":[{"@type":"ListItem","position":1,"name":"Home","item":"https:\/\/ubanews.com\/site\/"},{"@type":"ListItem","position":2,"name":"C\u00c2MARA E ASSOCIA\u00c7\u00c3O SOLANO TRINDADE REALIZAM SESS\u00c3O SOLENE DO DIA MUNICIPAL DA CONSCI\u00caNCIA RACIAL"}]},{"@type":"WebSite","@id":"https:\/\/ubanews.com\/site\/#website","url":"https:\/\/ubanews.com\/site\/","name":"Ub\u00e1 News","description":"","publisher":{"@id":"https:\/\/ubanews.com\/site\/#organization"},"potentialAction":[{"@type":"SearchAction","target":{"@type":"EntryPoint","urlTemplate":"https:\/\/ubanews.com\/site\/?s={search_term_string}"},"query-input":{"@type":"PropertyValueSpecification","valueRequired":true,"valueName":"search_term_string"}}],"inLanguage":"pt-BR"},{"@type":"Organization","@id":"https:\/\/ubanews.com\/site\/#organization","name":"Ub\u00e1 News","url":"https:\/\/ubanews.com\/site\/","logo":{"@type":"ImageObject","inLanguage":"pt-BR","@id":"https:\/\/ubanews.com\/site\/#\/schema\/logo\/image\/","url":"https:\/\/ubanews.com\/site\/wp-content\/uploads\/2018\/01\/logoubanews.png","contentUrl":"https:\/\/ubanews.com\/site\/wp-content\/uploads\/2018\/01\/logoubanews.png","width":261,"height":99,"caption":"Ub\u00e1 News"},"image":{"@id":"https:\/\/ubanews.com\/site\/#\/schema\/logo\/image\/"},"sameAs":["https:\/\/www.facebook.com\/Ub\u00e1News-Carlos-Roberto-Sodr\u00e9-418778301977370"]},{"@type":"Person","@id":"https:\/\/ubanews.com\/site\/#\/schema\/person\/d90c9e47252fbb63dcc969fe4c8b9d10","name":"Sodr\u00e9","image":{"@type":"ImageObject","inLanguage":"pt-BR","@id":"https:\/\/secure.gravatar.com\/avatar\/5ba2793f0590b9dbfad3fdec4ee714485b3eef211c9b32ee53d414060454a56c?s=96&d=mm&r=g","url":"https:\/\/secure.gravatar.com\/avatar\/5ba2793f0590b9dbfad3fdec4ee714485b3eef211c9b32ee53d414060454a56c?s=96&d=mm&r=g","contentUrl":"https:\/\/secure.gravatar.com\/avatar\/5ba2793f0590b9dbfad3fdec4ee714485b3eef211c9b32ee53d414060454a56c?s=96&d=mm&r=g","caption":"Sodr\u00e9"},"sameAs":["https:\/\/www.facebook.com\/carosroberto.sodre.5\/"],"url":"https:\/\/ubanews.com\/site\/author\/felipe\/"}]}},"_links":{"self":[{"href":"https:\/\/ubanews.com\/site\/wp-json\/wp\/v2\/posts\/9071","targetHints":{"allow":["GET"]}}],"collection":[{"href":"https:\/\/ubanews.com\/site\/wp-json\/wp\/v2\/posts"}],"about":[{"href":"https:\/\/ubanews.com\/site\/wp-json\/wp\/v2\/types\/post"}],"author":[{"embeddable":true,"href":"https:\/\/ubanews.com\/site\/wp-json\/wp\/v2\/users\/2"}],"replies":[{"embeddable":true,"href":"https:\/\/ubanews.com\/site\/wp-json\/wp\/v2\/comments?post=9071"}],"version-history":[{"count":0,"href":"https:\/\/ubanews.com\/site\/wp-json\/wp\/v2\/posts\/9071\/revisions"}],"wp:featuredmedia":[{"embeddable":true,"href":"https:\/\/ubanews.com\/site\/wp-json\/wp\/v2\/media\/9072"}],"wp:attachment":[{"href":"https:\/\/ubanews.com\/site\/wp-json\/wp\/v2\/media?parent=9071"}],"wp:term":[{"taxonomy":"category","embeddable":true,"href":"https:\/\/ubanews.com\/site\/wp-json\/wp\/v2\/categories?post=9071"},{"taxonomy":"post_tag","embeddable":true,"href":"https:\/\/ubanews.com\/site\/wp-json\/wp\/v2\/tags?post=9071"}],"curies":[{"name":"wp","href":"https:\/\/api.w.org\/{rel}","templated":true}]}}