{"id":9056,"date":"2018-11-08T10:43:57","date_gmt":"2018-11-08T12:43:57","guid":{"rendered":"http:\/\/ubanews.com\/site\/?p=9056"},"modified":"2018-11-08T10:43:57","modified_gmt":"2018-11-08T12:43:57","slug":"policia-militar-prende-apreende-autores-de-roubo-e-trafico-ilicito-de-drogas","status":"publish","type":"post","link":"https:\/\/ubanews.com\/site\/2018\/11\/08\/policia-militar-prende-apreende-autores-de-roubo-e-trafico-ilicito-de-drogas\/","title":{"rendered":"Pol\u00edcia Militar prende\/apreende autores de roubo e tr\u00e1fico il\u00edcito de drogas"},"content":{"rendered":"<p>No dia 07 de novembro, \u00e0s 18h e 52min, na rua Maria Aparecida Castanon Bravo, 690 bairro Os\u00e9as Maranh\u00e3o, Policiais Militares durante dilig\u00eancias para identificar autores de roubo, deslocaram at\u00e9 a uma resid\u00eancia onde residem dois menores infratores j\u00e1 conhecidos no meio policial. Na resid\u00eancia, al\u00e9m dos dois menores encontrava-se tamb\u00e9m o autor Cristiano de Almeida Ferreira, 18 anos. Ato cont\u00ednuo foi procedida busca pessoal no autor Cristiano, sendo encontrada uma bucha de maconha e R$20,00 em moeda corrente. No interior da resid\u00eancia foram abordados os dois menores sendo encontrados um inv\u00f3lucro pl\u00e1stico contendo sementes de maconha, na cozinha foi encontrada uma sacola contendo dois tabletes grandes de maconha, uma balan\u00e7a de precis\u00e3o, 01 faca e 01 rolo de fita adesiva, al\u00e9m de outra balan\u00e7a de precis\u00e3o, na fruteira, 01 bucha de maconha, 01 saco pl\u00e1stico contendo 31 buchas de maconha, 01 sacola contendo v\u00e1rios pinos pl\u00e1sticos comumente utilizados para embalar drogas e mais 01 barra de maconha. Foi dada voz de pris\u00e3o\/apreens\u00e3o aos autores, sendo conduzidos \u00e0 delegacia para demais provid\u00eancias.<\/p>\n<p>Passagens Policiais do Autor<\/p>\n<p>Cristiano Almeida Ferreira \u2013 Tr\u00e1fico de Drogas(2017), Furto(2018) Amea\u00e7a(2018), Les\u00e3o Corporal (2018)<\/p>\n<div><strong><span style=\"font-family: 'Arial','sans-serif';\"><span style=\"font-size: large;\">ASSESSORIA DE COMUNICA\u00c7\u00c3O ORGANIZACIONAL<\/span><i><br \/>\n<\/i><\/span><\/strong><\/div>\n<p><strong><span style=\"font-family: 'Arial','sans-serif';\"><i>Vig\u00e9simo Primeiro Batalh\u00e3o de Pol\u00edcia Militar<\/i><\/span><\/strong><\/p>\n","protected":false},"excerpt":{"rendered":"<p>No dia 07 de novembro, \u00e0s 18h e 52min, na<\/p>\n","protected":false},"author":2,"featured_media":9057,"comment_status":"open","ping_status":"open","sticky":false,"template":"","format":"standard","meta":{"footnotes":""},"categories":[13],"tags":[],"class_list":["post-9056","post","type-post","status-publish","format-standard","has-post-thumbnail","hentry","category-sintese-das-ocorrencias"],"yoast_head":"<!-- This site is optimized with the Yoast SEO plugin v27.2 - https:\/\/yoast.com\/product\/yoast-seo-wordpress\/ -->\n<title>Pol\u00edcia Militar prende\/apreende autores de roubo e tr\u00e1fico il\u00edcito de drogas - Ub\u00e1 News<\/title>\n<meta name=\"robots\" content=\"index, follow, max-snippet:-1, max-image-preview:large, max-video-preview:-1\" \/>\n<link rel=\"canonical\" href=\"https:\/\/ubanews.com\/site\/2018\/11\/08\/policia-militar-prende-apreende-autores-de-roubo-e-trafico-ilicito-de-drogas\/\" \/>\n<meta property=\"og:locale\" content=\"pt_BR\" \/>\n<meta property=\"og:type\" content=\"article\" \/>\n<meta property=\"og:title\" content=\"Pol\u00edcia Militar prende\/apreende autores de roubo e tr\u00e1fico il\u00edcito de drogas - Ub\u00e1 News\" \/>\n<meta property=\"og:description\" content=\"No dia 07 de novembro, \u00e0s 18h e 52min, na\" \/>\n<meta property=\"og:url\" content=\"https:\/\/ubanews.com\/site\/2018\/11\/08\/policia-militar-prende-apreende-autores-de-roubo-e-trafico-ilicito-de-drogas\/\" \/>\n<meta property=\"og:site_name\" content=\"Ub\u00e1 News\" \/>\n<meta property=\"article:publisher\" content=\"https:\/\/www.facebook.com\/Ub%c3%a1News-Carlos-Roberto-Sodr%c3%a9-418778301977370\" \/>\n<meta property=\"article:author\" content=\"https:\/\/www.facebook.com\/carosroberto.sodre.5\/\" \/>\n<meta property=\"article:published_time\" content=\"2018-11-08T12:43:57+00:00\" \/>\n<meta property=\"og:image\" content=\"https:\/\/ubanews.com\/site\/wp-content\/uploads\/2018\/11\/177-1.jpg\" \/>\n\t<meta property=\"og:image:width\" content=\"800\" \/>\n\t<meta property=\"og:image:height\" content=\"389\" \/>\n\t<meta property=\"og:image:type\" content=\"image\/jpeg\" \/>\n<meta name=\"author\" content=\"Sodr\u00e9\" \/>\n<meta name=\"twitter:card\" content=\"summary_large_image\" \/>\n<meta name=\"twitter:label1\" content=\"Escrito por\" \/>\n\t<meta name=\"twitter:data1\" content=\"Sodr\u00e9\" \/>\n\t<meta name=\"twitter:label2\" content=\"Est. tempo de leitura\" \/>\n\t<meta name=\"twitter:data2\" content=\"1 minuto\" \/>\n<script type=\"application\/ld+json\" class=\"yoast-schema-graph\">{\"@context\":\"https:\/\/schema.org\",\"@graph\":[{\"@type\":\"Article\",\"@id\":\"https:\/\/ubanews.com\/site\/2018\/11\/08\/policia-militar-prende-apreende-autores-de-roubo-e-trafico-ilicito-de-drogas\/#article\",\"isPartOf\":{\"@id\":\"https:\/\/ubanews.com\/site\/2018\/11\/08\/policia-militar-prende-apreende-autores-de-roubo-e-trafico-ilicito-de-drogas\/\"},\"author\":{\"name\":\"Sodr\u00e9\",\"@id\":\"https:\/\/ubanews.com\/site\/#\/schema\/person\/d90c9e47252fbb63dcc969fe4c8b9d10\"},\"headline\":\"Pol\u00edcia Militar prende\/apreende autores de roubo e tr\u00e1fico il\u00edcito de drogas\",\"datePublished\":\"2018-11-08T12:43:57+00:00\",\"mainEntityOfPage\":{\"@id\":\"https:\/\/ubanews.com\/site\/2018\/11\/08\/policia-militar-prende-apreende-autores-de-roubo-e-trafico-ilicito-de-drogas\/\"},\"wordCount\":230,\"commentCount\":0,\"publisher\":{\"@id\":\"https:\/\/ubanews.com\/site\/#organization\"},\"image\":{\"@id\":\"https:\/\/ubanews.com\/site\/2018\/11\/08\/policia-militar-prende-apreende-autores-de-roubo-e-trafico-ilicito-de-drogas\/#primaryimage\"},\"thumbnailUrl\":\"https:\/\/ubanews.com\/site\/wp-content\/uploads\/2018\/11\/177-1.jpg\",\"articleSection\":[\"S\u00edntese das Ocorr\u00eancias\"],\"inLanguage\":\"pt-BR\",\"potentialAction\":[{\"@type\":\"CommentAction\",\"name\":\"Comment\",\"target\":[\"https:\/\/ubanews.com\/site\/2018\/11\/08\/policia-militar-prende-apreende-autores-de-roubo-e-trafico-ilicito-de-drogas\/#respond\"]}]},{\"@type\":\"WebPage\",\"@id\":\"https:\/\/ubanews.com\/site\/2018\/11\/08\/policia-militar-prende-apreende-autores-de-roubo-e-trafico-ilicito-de-drogas\/\",\"url\":\"https:\/\/ubanews.com\/site\/2018\/11\/08\/policia-militar-prende-apreende-autores-de-roubo-e-trafico-ilicito-de-drogas\/\",\"name\":\"Pol\u00edcia Militar prende\/apreende autores de roubo e tr\u00e1fico il\u00edcito de drogas - Ub\u00e1 News\",\"isPartOf\":{\"@id\":\"https:\/\/ubanews.com\/site\/#website\"},\"primaryImageOfPage\":{\"@id\":\"https:\/\/ubanews.com\/site\/2018\/11\/08\/policia-militar-prende-apreende-autores-de-roubo-e-trafico-ilicito-de-drogas\/#primaryimage\"},\"image\":{\"@id\":\"https:\/\/ubanews.com\/site\/2018\/11\/08\/policia-militar-prende-apreende-autores-de-roubo-e-trafico-ilicito-de-drogas\/#primaryimage\"},\"thumbnailUrl\":\"https:\/\/ubanews.com\/site\/wp-content\/uploads\/2018\/11\/177-1.jpg\",\"datePublished\":\"2018-11-08T12:43:57+00:00\",\"breadcrumb\":{\"@id\":\"https:\/\/ubanews.com\/site\/2018\/11\/08\/policia-militar-prende-apreende-autores-de-roubo-e-trafico-ilicito-de-drogas\/#breadcrumb\"},\"inLanguage\":\"pt-BR\",\"potentialAction\":[{\"@type\":\"ReadAction\",\"target\":[\"https:\/\/ubanews.com\/site\/2018\/11\/08\/policia-militar-prende-apreende-autores-de-roubo-e-trafico-ilicito-de-drogas\/\"]}]},{\"@type\":\"ImageObject\",\"inLanguage\":\"pt-BR\",\"@id\":\"https:\/\/ubanews.com\/site\/2018\/11\/08\/policia-militar-prende-apreende-autores-de-roubo-e-trafico-ilicito-de-drogas\/#primaryimage\",\"url\":\"https:\/\/ubanews.com\/site\/wp-content\/uploads\/2018\/11\/177-1.jpg\",\"contentUrl\":\"https:\/\/ubanews.com\/site\/wp-content\/uploads\/2018\/11\/177-1.jpg\",\"width\":800,\"height\":389},{\"@type\":\"BreadcrumbList\",\"@id\":\"https:\/\/ubanews.com\/site\/2018\/11\/08\/policia-militar-prende-apreende-autores-de-roubo-e-trafico-ilicito-de-drogas\/#breadcrumb\",\"itemListElement\":[{\"@type\":\"ListItem\",\"position\":1,\"name\":\"Home\",\"item\":\"https:\/\/ubanews.com\/site\/\"},{\"@type\":\"ListItem\",\"position\":2,\"name\":\"Pol\u00edcia Militar prende\/apreende autores de roubo e tr\u00e1fico il\u00edcito de drogas\"}]},{\"@type\":\"WebSite\",\"@id\":\"https:\/\/ubanews.com\/site\/#website\",\"url\":\"https:\/\/ubanews.com\/site\/\",\"name\":\"Ub\u00e1 News\",\"description\":\"\",\"publisher\":{\"@id\":\"https:\/\/ubanews.com\/site\/#organization\"},\"potentialAction\":[{\"@type\":\"SearchAction\",\"target\":{\"@type\":\"EntryPoint\",\"urlTemplate\":\"https:\/\/ubanews.com\/site\/?s={search_term_string}\"},\"query-input\":{\"@type\":\"PropertyValueSpecification\",\"valueRequired\":true,\"valueName\":\"search_term_string\"}}],\"inLanguage\":\"pt-BR\"},{\"@type\":\"Organization\",\"@id\":\"https:\/\/ubanews.com\/site\/#organization\",\"name\":\"Ub\u00e1 News\",\"url\":\"https:\/\/ubanews.com\/site\/\",\"logo\":{\"@type\":\"ImageObject\",\"inLanguage\":\"pt-BR\",\"@id\":\"https:\/\/ubanews.com\/site\/#\/schema\/logo\/image\/\",\"url\":\"https:\/\/ubanews.com\/site\/wp-content\/uploads\/2018\/01\/logoubanews.png\",\"contentUrl\":\"https:\/\/ubanews.com\/site\/wp-content\/uploads\/2018\/01\/logoubanews.png\",\"width\":261,\"height\":99,\"caption\":\"Ub\u00e1 News\"},\"image\":{\"@id\":\"https:\/\/ubanews.com\/site\/#\/schema\/logo\/image\/\"},\"sameAs\":[\"https:\/\/www.facebook.com\/Ub\u00e1News-Carlos-Roberto-Sodr\u00e9-418778301977370\"]},{\"@type\":\"Person\",\"@id\":\"https:\/\/ubanews.com\/site\/#\/schema\/person\/d90c9e47252fbb63dcc969fe4c8b9d10\",\"name\":\"Sodr\u00e9\",\"image\":{\"@type\":\"ImageObject\",\"inLanguage\":\"pt-BR\",\"@id\":\"https:\/\/secure.gravatar.com\/avatar\/5ba2793f0590b9dbfad3fdec4ee714485b3eef211c9b32ee53d414060454a56c?s=96&d=mm&r=g\",\"url\":\"https:\/\/secure.gravatar.com\/avatar\/5ba2793f0590b9dbfad3fdec4ee714485b3eef211c9b32ee53d414060454a56c?s=96&d=mm&r=g\",\"contentUrl\":\"https:\/\/secure.gravatar.com\/avatar\/5ba2793f0590b9dbfad3fdec4ee714485b3eef211c9b32ee53d414060454a56c?s=96&d=mm&r=g\",\"caption\":\"Sodr\u00e9\"},\"sameAs\":[\"https:\/\/www.facebook.com\/carosroberto.sodre.5\/\"],\"url\":\"https:\/\/ubanews.com\/site\/author\/felipe\/\"}]}<\/script>\n<!-- \/ Yoast SEO plugin. -->","yoast_head_json":{"title":"Pol\u00edcia Militar prende\/apreende autores de roubo e tr\u00e1fico il\u00edcito de drogas - Ub\u00e1 News","robots":{"index":"index","follow":"follow","max-snippet":"max-snippet:-1","max-image-preview":"max-image-preview:large","max-video-preview":"max-video-preview:-1"},"canonical":"https:\/\/ubanews.com\/site\/2018\/11\/08\/policia-militar-prende-apreende-autores-de-roubo-e-trafico-ilicito-de-drogas\/","og_locale":"pt_BR","og_type":"article","og_title":"Pol\u00edcia Militar prende\/apreende autores de roubo e tr\u00e1fico il\u00edcito de drogas - Ub\u00e1 News","og_description":"No dia 07 de novembro, \u00e0s 18h e 52min, na","og_url":"https:\/\/ubanews.com\/site\/2018\/11\/08\/policia-militar-prende-apreende-autores-de-roubo-e-trafico-ilicito-de-drogas\/","og_site_name":"Ub\u00e1 News","article_publisher":"https:\/\/www.facebook.com\/Ub%c3%a1News-Carlos-Roberto-Sodr%c3%a9-418778301977370","article_author":"https:\/\/www.facebook.com\/carosroberto.sodre.5\/","article_published_time":"2018-11-08T12:43:57+00:00","og_image":[{"width":800,"height":389,"url":"https:\/\/ubanews.com\/site\/wp-content\/uploads\/2018\/11\/177-1.jpg","type":"image\/jpeg"}],"author":"Sodr\u00e9","twitter_card":"summary_large_image","twitter_misc":{"Escrito por":"Sodr\u00e9","Est. tempo de leitura":"1 minuto"},"schema":{"@context":"https:\/\/schema.org","@graph":[{"@type":"Article","@id":"https:\/\/ubanews.com\/site\/2018\/11\/08\/policia-militar-prende-apreende-autores-de-roubo-e-trafico-ilicito-de-drogas\/#article","isPartOf":{"@id":"https:\/\/ubanews.com\/site\/2018\/11\/08\/policia-militar-prende-apreende-autores-de-roubo-e-trafico-ilicito-de-drogas\/"},"author":{"name":"Sodr\u00e9","@id":"https:\/\/ubanews.com\/site\/#\/schema\/person\/d90c9e47252fbb63dcc969fe4c8b9d10"},"headline":"Pol\u00edcia Militar prende\/apreende autores de roubo e tr\u00e1fico il\u00edcito de drogas","datePublished":"2018-11-08T12:43:57+00:00","mainEntityOfPage":{"@id":"https:\/\/ubanews.com\/site\/2018\/11\/08\/policia-militar-prende-apreende-autores-de-roubo-e-trafico-ilicito-de-drogas\/"},"wordCount":230,"commentCount":0,"publisher":{"@id":"https:\/\/ubanews.com\/site\/#organization"},"image":{"@id":"https:\/\/ubanews.com\/site\/2018\/11\/08\/policia-militar-prende-apreende-autores-de-roubo-e-trafico-ilicito-de-drogas\/#primaryimage"},"thumbnailUrl":"https:\/\/ubanews.com\/site\/wp-content\/uploads\/2018\/11\/177-1.jpg","articleSection":["S\u00edntese das Ocorr\u00eancias"],"inLanguage":"pt-BR","potentialAction":[{"@type":"CommentAction","name":"Comment","target":["https:\/\/ubanews.com\/site\/2018\/11\/08\/policia-militar-prende-apreende-autores-de-roubo-e-trafico-ilicito-de-drogas\/#respond"]}]},{"@type":"WebPage","@id":"https:\/\/ubanews.com\/site\/2018\/11\/08\/policia-militar-prende-apreende-autores-de-roubo-e-trafico-ilicito-de-drogas\/","url":"https:\/\/ubanews.com\/site\/2018\/11\/08\/policia-militar-prende-apreende-autores-de-roubo-e-trafico-ilicito-de-drogas\/","name":"Pol\u00edcia Militar prende\/apreende autores de roubo e tr\u00e1fico il\u00edcito de drogas - Ub\u00e1 News","isPartOf":{"@id":"https:\/\/ubanews.com\/site\/#website"},"primaryImageOfPage":{"@id":"https:\/\/ubanews.com\/site\/2018\/11\/08\/policia-militar-prende-apreende-autores-de-roubo-e-trafico-ilicito-de-drogas\/#primaryimage"},"image":{"@id":"https:\/\/ubanews.com\/site\/2018\/11\/08\/policia-militar-prende-apreende-autores-de-roubo-e-trafico-ilicito-de-drogas\/#primaryimage"},"thumbnailUrl":"https:\/\/ubanews.com\/site\/wp-content\/uploads\/2018\/11\/177-1.jpg","datePublished":"2018-11-08T12:43:57+00:00","breadcrumb":{"@id":"https:\/\/ubanews.com\/site\/2018\/11\/08\/policia-militar-prende-apreende-autores-de-roubo-e-trafico-ilicito-de-drogas\/#breadcrumb"},"inLanguage":"pt-BR","potentialAction":[{"@type":"ReadAction","target":["https:\/\/ubanews.com\/site\/2018\/11\/08\/policia-militar-prende-apreende-autores-de-roubo-e-trafico-ilicito-de-drogas\/"]}]},{"@type":"ImageObject","inLanguage":"pt-BR","@id":"https:\/\/ubanews.com\/site\/2018\/11\/08\/policia-militar-prende-apreende-autores-de-roubo-e-trafico-ilicito-de-drogas\/#primaryimage","url":"https:\/\/ubanews.com\/site\/wp-content\/uploads\/2018\/11\/177-1.jpg","contentUrl":"https:\/\/ubanews.com\/site\/wp-content\/uploads\/2018\/11\/177-1.jpg","width":800,"height":389},{"@type":"BreadcrumbList","@id":"https:\/\/ubanews.com\/site\/2018\/11\/08\/policia-militar-prende-apreende-autores-de-roubo-e-trafico-ilicito-de-drogas\/#breadcrumb","itemListElement":[{"@type":"ListItem","position":1,"name":"Home","item":"https:\/\/ubanews.com\/site\/"},{"@type":"ListItem","position":2,"name":"Pol\u00edcia Militar prende\/apreende autores de roubo e tr\u00e1fico il\u00edcito de drogas"}]},{"@type":"WebSite","@id":"https:\/\/ubanews.com\/site\/#website","url":"https:\/\/ubanews.com\/site\/","name":"Ub\u00e1 News","description":"","publisher":{"@id":"https:\/\/ubanews.com\/site\/#organization"},"potentialAction":[{"@type":"SearchAction","target":{"@type":"EntryPoint","urlTemplate":"https:\/\/ubanews.com\/site\/?s={search_term_string}"},"query-input":{"@type":"PropertyValueSpecification","valueRequired":true,"valueName":"search_term_string"}}],"inLanguage":"pt-BR"},{"@type":"Organization","@id":"https:\/\/ubanews.com\/site\/#organization","name":"Ub\u00e1 News","url":"https:\/\/ubanews.com\/site\/","logo":{"@type":"ImageObject","inLanguage":"pt-BR","@id":"https:\/\/ubanews.com\/site\/#\/schema\/logo\/image\/","url":"https:\/\/ubanews.com\/site\/wp-content\/uploads\/2018\/01\/logoubanews.png","contentUrl":"https:\/\/ubanews.com\/site\/wp-content\/uploads\/2018\/01\/logoubanews.png","width":261,"height":99,"caption":"Ub\u00e1 News"},"image":{"@id":"https:\/\/ubanews.com\/site\/#\/schema\/logo\/image\/"},"sameAs":["https:\/\/www.facebook.com\/Ub\u00e1News-Carlos-Roberto-Sodr\u00e9-418778301977370"]},{"@type":"Person","@id":"https:\/\/ubanews.com\/site\/#\/schema\/person\/d90c9e47252fbb63dcc969fe4c8b9d10","name":"Sodr\u00e9","image":{"@type":"ImageObject","inLanguage":"pt-BR","@id":"https:\/\/secure.gravatar.com\/avatar\/5ba2793f0590b9dbfad3fdec4ee714485b3eef211c9b32ee53d414060454a56c?s=96&d=mm&r=g","url":"https:\/\/secure.gravatar.com\/avatar\/5ba2793f0590b9dbfad3fdec4ee714485b3eef211c9b32ee53d414060454a56c?s=96&d=mm&r=g","contentUrl":"https:\/\/secure.gravatar.com\/avatar\/5ba2793f0590b9dbfad3fdec4ee714485b3eef211c9b32ee53d414060454a56c?s=96&d=mm&r=g","caption":"Sodr\u00e9"},"sameAs":["https:\/\/www.facebook.com\/carosroberto.sodre.5\/"],"url":"https:\/\/ubanews.com\/site\/author\/felipe\/"}]}},"_links":{"self":[{"href":"https:\/\/ubanews.com\/site\/wp-json\/wp\/v2\/posts\/9056","targetHints":{"allow":["GET"]}}],"collection":[{"href":"https:\/\/ubanews.com\/site\/wp-json\/wp\/v2\/posts"}],"about":[{"href":"https:\/\/ubanews.com\/site\/wp-json\/wp\/v2\/types\/post"}],"author":[{"embeddable":true,"href":"https:\/\/ubanews.com\/site\/wp-json\/wp\/v2\/users\/2"}],"replies":[{"embeddable":true,"href":"https:\/\/ubanews.com\/site\/wp-json\/wp\/v2\/comments?post=9056"}],"version-history":[{"count":0,"href":"https:\/\/ubanews.com\/site\/wp-json\/wp\/v2\/posts\/9056\/revisions"}],"wp:featuredmedia":[{"embeddable":true,"href":"https:\/\/ubanews.com\/site\/wp-json\/wp\/v2\/media\/9057"}],"wp:attachment":[{"href":"https:\/\/ubanews.com\/site\/wp-json\/wp\/v2\/media?parent=9056"}],"wp:term":[{"taxonomy":"category","embeddable":true,"href":"https:\/\/ubanews.com\/site\/wp-json\/wp\/v2\/categories?post=9056"},{"taxonomy":"post_tag","embeddable":true,"href":"https:\/\/ubanews.com\/site\/wp-json\/wp\/v2\/tags?post=9056"}],"curies":[{"name":"wp","href":"https:\/\/api.w.org\/{rel}","templated":true}]}}