{"id":9045,"date":"2018-11-07T16:52:39","date_gmt":"2018-11-07T18:52:39","guid":{"rendered":"http:\/\/ubanews.com\/site\/?p=9045"},"modified":"2018-11-07T16:52:39","modified_gmt":"2018-11-07T18:52:39","slug":"castramovel-esta-atendendo-ao-lado-da-escola-polivalente-nos-dias-10-e-11-de-novembro","status":"publish","type":"post","link":"https:\/\/ubanews.com\/site\/2018\/11\/07\/castramovel-esta-atendendo-ao-lado-da-escola-polivalente-nos-dias-10-e-11-de-novembro\/","title":{"rendered":"Castramovel est\u00e1 atendendo ao lado da escola Polivalente nos dias 10 e 11 de novembro"},"content":{"rendered":"<p>Numa a\u00e7\u00e3o conjunta entre a Comiss\u00e3o de Prote\u00e7\u00e3o Animal (CPA) da C\u00e2mara Municipal de Ub\u00e1 (CMU), por interm\u00e9dio de sua presidente, a vereadora Jane Lacerda, e a Associa\u00e7\u00e3o dos Munic\u00edpios da Microrregi\u00e3o do Vale Paraibuna (AMPAR), foi inaugurada, no dia 26 de junho, a Unidade B\u00e1sica de Sa\u00fade Animal (Castram\u00f3vel), que vai atender mensalmente os animais da nossa cidade.<\/p>\n<p>O castramovel ir\u00e1 atender nos dias 10 e 11 de novembro, ao lado da escola Polivalente, Av. Oleg\u00e1rio Maciel, e ir\u00e1 atender a regi\u00e3o do tri\u00e2ngulo e adjacentes. Com intuito de minimizar os c\u00e3es e gatos nas ruas e doen\u00e7as transmitidas. O hor\u00e1rio \u00e9 de 8h \u00e0s 17h e com objetivo de at\u00e9 40 castra\u00e7\u00f5es por dia. Para castrar seu animal \u00e9 necess\u00e1rio que ele esteja em jejum de 8 horas.<\/p>\n","protected":false},"excerpt":{"rendered":"<p>Numa a\u00e7\u00e3o conjunta entre a Comiss\u00e3o de Prote\u00e7\u00e3o Animal (CPA)<\/p>\n","protected":false},"author":2,"featured_media":9044,"comment_status":"open","ping_status":"open","sticky":false,"template":"","format":"standard","meta":{"footnotes":""},"categories":[1],"tags":[],"class_list":["post-9045","post","type-post","status-publish","format-standard","has-post-thumbnail","hentry","category-sem-categoria"],"yoast_head":"<!-- This site is optimized with the Yoast SEO plugin v27.2 - https:\/\/yoast.com\/product\/yoast-seo-wordpress\/ -->\n<title>Castramovel est\u00e1 atendendo ao lado da escola Polivalente nos dias 10 e 11 de novembro - Ub\u00e1 News<\/title>\n<meta name=\"robots\" content=\"index, follow, max-snippet:-1, max-image-preview:large, max-video-preview:-1\" \/>\n<link rel=\"canonical\" href=\"https:\/\/ubanews.com\/site\/2018\/11\/07\/castramovel-esta-atendendo-ao-lado-da-escola-polivalente-nos-dias-10-e-11-de-novembro\/\" \/>\n<meta property=\"og:locale\" content=\"pt_BR\" \/>\n<meta property=\"og:type\" content=\"article\" \/>\n<meta property=\"og:title\" content=\"Castramovel est\u00e1 atendendo ao lado da escola Polivalente nos dias 10 e 11 de novembro - Ub\u00e1 News\" \/>\n<meta property=\"og:description\" content=\"Numa a\u00e7\u00e3o conjunta entre a Comiss\u00e3o de Prote\u00e7\u00e3o Animal (CPA)\" \/>\n<meta property=\"og:url\" content=\"https:\/\/ubanews.com\/site\/2018\/11\/07\/castramovel-esta-atendendo-ao-lado-da-escola-polivalente-nos-dias-10-e-11-de-novembro\/\" \/>\n<meta property=\"og:site_name\" content=\"Ub\u00e1 News\" \/>\n<meta property=\"article:publisher\" content=\"https:\/\/www.facebook.com\/Ub%c3%a1News-Carlos-Roberto-Sodr%c3%a9-418778301977370\" \/>\n<meta property=\"article:author\" content=\"https:\/\/www.facebook.com\/carosroberto.sodre.5\/\" \/>\n<meta property=\"article:published_time\" content=\"2018-11-07T18:52:39+00:00\" \/>\n<meta property=\"og:image\" content=\"https:\/\/ubanews.com\/site\/wp-content\/uploads\/2018\/11\/castramovel-Polivalente.jpg\" \/>\n\t<meta property=\"og:image:width\" content=\"800\" \/>\n\t<meta property=\"og:image:height\" content=\"389\" \/>\n\t<meta property=\"og:image:type\" content=\"image\/jpeg\" \/>\n<meta name=\"author\" content=\"Sodr\u00e9\" \/>\n<meta name=\"twitter:card\" content=\"summary_large_image\" \/>\n<meta name=\"twitter:label1\" content=\"Escrito por\" \/>\n\t<meta name=\"twitter:data1\" content=\"Sodr\u00e9\" \/>\n\t<meta name=\"twitter:label2\" content=\"Est. tempo de leitura\" \/>\n\t<meta name=\"twitter:data2\" content=\"1 minuto\" \/>\n<script type=\"application\/ld+json\" class=\"yoast-schema-graph\">{\"@context\":\"https:\/\/schema.org\",\"@graph\":[{\"@type\":\"Article\",\"@id\":\"https:\/\/ubanews.com\/site\/2018\/11\/07\/castramovel-esta-atendendo-ao-lado-da-escola-polivalente-nos-dias-10-e-11-de-novembro\/#article\",\"isPartOf\":{\"@id\":\"https:\/\/ubanews.com\/site\/2018\/11\/07\/castramovel-esta-atendendo-ao-lado-da-escola-polivalente-nos-dias-10-e-11-de-novembro\/\"},\"author\":{\"name\":\"Sodr\u00e9\",\"@id\":\"https:\/\/ubanews.com\/site\/#\/schema\/person\/d90c9e47252fbb63dcc969fe4c8b9d10\"},\"headline\":\"Castramovel est\u00e1 atendendo ao lado da escola Polivalente nos dias 10 e 11 de novembro\",\"datePublished\":\"2018-11-07T18:52:39+00:00\",\"mainEntityOfPage\":{\"@id\":\"https:\/\/ubanews.com\/site\/2018\/11\/07\/castramovel-esta-atendendo-ao-lado-da-escola-polivalente-nos-dias-10-e-11-de-novembro\/\"},\"wordCount\":155,\"commentCount\":2,\"publisher\":{\"@id\":\"https:\/\/ubanews.com\/site\/#organization\"},\"image\":{\"@id\":\"https:\/\/ubanews.com\/site\/2018\/11\/07\/castramovel-esta-atendendo-ao-lado-da-escola-polivalente-nos-dias-10-e-11-de-novembro\/#primaryimage\"},\"thumbnailUrl\":\"https:\/\/ubanews.com\/site\/wp-content\/uploads\/2018\/11\/castramovel-Polivalente.jpg\",\"articleSection\":[\"Geral\"],\"inLanguage\":\"pt-BR\",\"potentialAction\":[{\"@type\":\"CommentAction\",\"name\":\"Comment\",\"target\":[\"https:\/\/ubanews.com\/site\/2018\/11\/07\/castramovel-esta-atendendo-ao-lado-da-escola-polivalente-nos-dias-10-e-11-de-novembro\/#respond\"]}]},{\"@type\":\"WebPage\",\"@id\":\"https:\/\/ubanews.com\/site\/2018\/11\/07\/castramovel-esta-atendendo-ao-lado-da-escola-polivalente-nos-dias-10-e-11-de-novembro\/\",\"url\":\"https:\/\/ubanews.com\/site\/2018\/11\/07\/castramovel-esta-atendendo-ao-lado-da-escola-polivalente-nos-dias-10-e-11-de-novembro\/\",\"name\":\"Castramovel est\u00e1 atendendo ao lado da escola Polivalente nos dias 10 e 11 de novembro - Ub\u00e1 News\",\"isPartOf\":{\"@id\":\"https:\/\/ubanews.com\/site\/#website\"},\"primaryImageOfPage\":{\"@id\":\"https:\/\/ubanews.com\/site\/2018\/11\/07\/castramovel-esta-atendendo-ao-lado-da-escola-polivalente-nos-dias-10-e-11-de-novembro\/#primaryimage\"},\"image\":{\"@id\":\"https:\/\/ubanews.com\/site\/2018\/11\/07\/castramovel-esta-atendendo-ao-lado-da-escola-polivalente-nos-dias-10-e-11-de-novembro\/#primaryimage\"},\"thumbnailUrl\":\"https:\/\/ubanews.com\/site\/wp-content\/uploads\/2018\/11\/castramovel-Polivalente.jpg\",\"datePublished\":\"2018-11-07T18:52:39+00:00\",\"breadcrumb\":{\"@id\":\"https:\/\/ubanews.com\/site\/2018\/11\/07\/castramovel-esta-atendendo-ao-lado-da-escola-polivalente-nos-dias-10-e-11-de-novembro\/#breadcrumb\"},\"inLanguage\":\"pt-BR\",\"potentialAction\":[{\"@type\":\"ReadAction\",\"target\":[\"https:\/\/ubanews.com\/site\/2018\/11\/07\/castramovel-esta-atendendo-ao-lado-da-escola-polivalente-nos-dias-10-e-11-de-novembro\/\"]}]},{\"@type\":\"ImageObject\",\"inLanguage\":\"pt-BR\",\"@id\":\"https:\/\/ubanews.com\/site\/2018\/11\/07\/castramovel-esta-atendendo-ao-lado-da-escola-polivalente-nos-dias-10-e-11-de-novembro\/#primaryimage\",\"url\":\"https:\/\/ubanews.com\/site\/wp-content\/uploads\/2018\/11\/castramovel-Polivalente.jpg\",\"contentUrl\":\"https:\/\/ubanews.com\/site\/wp-content\/uploads\/2018\/11\/castramovel-Polivalente.jpg\",\"width\":800,\"height\":389},{\"@type\":\"BreadcrumbList\",\"@id\":\"https:\/\/ubanews.com\/site\/2018\/11\/07\/castramovel-esta-atendendo-ao-lado-da-escola-polivalente-nos-dias-10-e-11-de-novembro\/#breadcrumb\",\"itemListElement\":[{\"@type\":\"ListItem\",\"position\":1,\"name\":\"Home\",\"item\":\"https:\/\/ubanews.com\/site\/\"},{\"@type\":\"ListItem\",\"position\":2,\"name\":\"Castramovel est\u00e1 atendendo ao lado da escola Polivalente nos dias 10 e 11 de novembro\"}]},{\"@type\":\"WebSite\",\"@id\":\"https:\/\/ubanews.com\/site\/#website\",\"url\":\"https:\/\/ubanews.com\/site\/\",\"name\":\"Ub\u00e1 News\",\"description\":\"\",\"publisher\":{\"@id\":\"https:\/\/ubanews.com\/site\/#organization\"},\"potentialAction\":[{\"@type\":\"SearchAction\",\"target\":{\"@type\":\"EntryPoint\",\"urlTemplate\":\"https:\/\/ubanews.com\/site\/?s={search_term_string}\"},\"query-input\":{\"@type\":\"PropertyValueSpecification\",\"valueRequired\":true,\"valueName\":\"search_term_string\"}}],\"inLanguage\":\"pt-BR\"},{\"@type\":\"Organization\",\"@id\":\"https:\/\/ubanews.com\/site\/#organization\",\"name\":\"Ub\u00e1 News\",\"url\":\"https:\/\/ubanews.com\/site\/\",\"logo\":{\"@type\":\"ImageObject\",\"inLanguage\":\"pt-BR\",\"@id\":\"https:\/\/ubanews.com\/site\/#\/schema\/logo\/image\/\",\"url\":\"https:\/\/ubanews.com\/site\/wp-content\/uploads\/2018\/01\/logoubanews.png\",\"contentUrl\":\"https:\/\/ubanews.com\/site\/wp-content\/uploads\/2018\/01\/logoubanews.png\",\"width\":261,\"height\":99,\"caption\":\"Ub\u00e1 News\"},\"image\":{\"@id\":\"https:\/\/ubanews.com\/site\/#\/schema\/logo\/image\/\"},\"sameAs\":[\"https:\/\/www.facebook.com\/Ub\u00e1News-Carlos-Roberto-Sodr\u00e9-418778301977370\"]},{\"@type\":\"Person\",\"@id\":\"https:\/\/ubanews.com\/site\/#\/schema\/person\/d90c9e47252fbb63dcc969fe4c8b9d10\",\"name\":\"Sodr\u00e9\",\"image\":{\"@type\":\"ImageObject\",\"inLanguage\":\"pt-BR\",\"@id\":\"https:\/\/secure.gravatar.com\/avatar\/5ba2793f0590b9dbfad3fdec4ee714485b3eef211c9b32ee53d414060454a56c?s=96&d=mm&r=g\",\"url\":\"https:\/\/secure.gravatar.com\/avatar\/5ba2793f0590b9dbfad3fdec4ee714485b3eef211c9b32ee53d414060454a56c?s=96&d=mm&r=g\",\"contentUrl\":\"https:\/\/secure.gravatar.com\/avatar\/5ba2793f0590b9dbfad3fdec4ee714485b3eef211c9b32ee53d414060454a56c?s=96&d=mm&r=g\",\"caption\":\"Sodr\u00e9\"},\"sameAs\":[\"https:\/\/www.facebook.com\/carosroberto.sodre.5\/\"],\"url\":\"https:\/\/ubanews.com\/site\/author\/felipe\/\"}]}<\/script>\n<!-- \/ Yoast SEO plugin. -->","yoast_head_json":{"title":"Castramovel est\u00e1 atendendo ao lado da escola Polivalente nos dias 10 e 11 de novembro - Ub\u00e1 News","robots":{"index":"index","follow":"follow","max-snippet":"max-snippet:-1","max-image-preview":"max-image-preview:large","max-video-preview":"max-video-preview:-1"},"canonical":"https:\/\/ubanews.com\/site\/2018\/11\/07\/castramovel-esta-atendendo-ao-lado-da-escola-polivalente-nos-dias-10-e-11-de-novembro\/","og_locale":"pt_BR","og_type":"article","og_title":"Castramovel est\u00e1 atendendo ao lado da escola Polivalente nos dias 10 e 11 de novembro - Ub\u00e1 News","og_description":"Numa a\u00e7\u00e3o conjunta entre a Comiss\u00e3o de Prote\u00e7\u00e3o Animal (CPA)","og_url":"https:\/\/ubanews.com\/site\/2018\/11\/07\/castramovel-esta-atendendo-ao-lado-da-escola-polivalente-nos-dias-10-e-11-de-novembro\/","og_site_name":"Ub\u00e1 News","article_publisher":"https:\/\/www.facebook.com\/Ub%c3%a1News-Carlos-Roberto-Sodr%c3%a9-418778301977370","article_author":"https:\/\/www.facebook.com\/carosroberto.sodre.5\/","article_published_time":"2018-11-07T18:52:39+00:00","og_image":[{"width":800,"height":389,"url":"https:\/\/ubanews.com\/site\/wp-content\/uploads\/2018\/11\/castramovel-Polivalente.jpg","type":"image\/jpeg"}],"author":"Sodr\u00e9","twitter_card":"summary_large_image","twitter_misc":{"Escrito por":"Sodr\u00e9","Est. tempo de leitura":"1 minuto"},"schema":{"@context":"https:\/\/schema.org","@graph":[{"@type":"Article","@id":"https:\/\/ubanews.com\/site\/2018\/11\/07\/castramovel-esta-atendendo-ao-lado-da-escola-polivalente-nos-dias-10-e-11-de-novembro\/#article","isPartOf":{"@id":"https:\/\/ubanews.com\/site\/2018\/11\/07\/castramovel-esta-atendendo-ao-lado-da-escola-polivalente-nos-dias-10-e-11-de-novembro\/"},"author":{"name":"Sodr\u00e9","@id":"https:\/\/ubanews.com\/site\/#\/schema\/person\/d90c9e47252fbb63dcc969fe4c8b9d10"},"headline":"Castramovel est\u00e1 atendendo ao lado da escola Polivalente nos dias 10 e 11 de novembro","datePublished":"2018-11-07T18:52:39+00:00","mainEntityOfPage":{"@id":"https:\/\/ubanews.com\/site\/2018\/11\/07\/castramovel-esta-atendendo-ao-lado-da-escola-polivalente-nos-dias-10-e-11-de-novembro\/"},"wordCount":155,"commentCount":2,"publisher":{"@id":"https:\/\/ubanews.com\/site\/#organization"},"image":{"@id":"https:\/\/ubanews.com\/site\/2018\/11\/07\/castramovel-esta-atendendo-ao-lado-da-escola-polivalente-nos-dias-10-e-11-de-novembro\/#primaryimage"},"thumbnailUrl":"https:\/\/ubanews.com\/site\/wp-content\/uploads\/2018\/11\/castramovel-Polivalente.jpg","articleSection":["Geral"],"inLanguage":"pt-BR","potentialAction":[{"@type":"CommentAction","name":"Comment","target":["https:\/\/ubanews.com\/site\/2018\/11\/07\/castramovel-esta-atendendo-ao-lado-da-escola-polivalente-nos-dias-10-e-11-de-novembro\/#respond"]}]},{"@type":"WebPage","@id":"https:\/\/ubanews.com\/site\/2018\/11\/07\/castramovel-esta-atendendo-ao-lado-da-escola-polivalente-nos-dias-10-e-11-de-novembro\/","url":"https:\/\/ubanews.com\/site\/2018\/11\/07\/castramovel-esta-atendendo-ao-lado-da-escola-polivalente-nos-dias-10-e-11-de-novembro\/","name":"Castramovel est\u00e1 atendendo ao lado da escola Polivalente nos dias 10 e 11 de novembro - Ub\u00e1 News","isPartOf":{"@id":"https:\/\/ubanews.com\/site\/#website"},"primaryImageOfPage":{"@id":"https:\/\/ubanews.com\/site\/2018\/11\/07\/castramovel-esta-atendendo-ao-lado-da-escola-polivalente-nos-dias-10-e-11-de-novembro\/#primaryimage"},"image":{"@id":"https:\/\/ubanews.com\/site\/2018\/11\/07\/castramovel-esta-atendendo-ao-lado-da-escola-polivalente-nos-dias-10-e-11-de-novembro\/#primaryimage"},"thumbnailUrl":"https:\/\/ubanews.com\/site\/wp-content\/uploads\/2018\/11\/castramovel-Polivalente.jpg","datePublished":"2018-11-07T18:52:39+00:00","breadcrumb":{"@id":"https:\/\/ubanews.com\/site\/2018\/11\/07\/castramovel-esta-atendendo-ao-lado-da-escola-polivalente-nos-dias-10-e-11-de-novembro\/#breadcrumb"},"inLanguage":"pt-BR","potentialAction":[{"@type":"ReadAction","target":["https:\/\/ubanews.com\/site\/2018\/11\/07\/castramovel-esta-atendendo-ao-lado-da-escola-polivalente-nos-dias-10-e-11-de-novembro\/"]}]},{"@type":"ImageObject","inLanguage":"pt-BR","@id":"https:\/\/ubanews.com\/site\/2018\/11\/07\/castramovel-esta-atendendo-ao-lado-da-escola-polivalente-nos-dias-10-e-11-de-novembro\/#primaryimage","url":"https:\/\/ubanews.com\/site\/wp-content\/uploads\/2018\/11\/castramovel-Polivalente.jpg","contentUrl":"https:\/\/ubanews.com\/site\/wp-content\/uploads\/2018\/11\/castramovel-Polivalente.jpg","width":800,"height":389},{"@type":"BreadcrumbList","@id":"https:\/\/ubanews.com\/site\/2018\/11\/07\/castramovel-esta-atendendo-ao-lado-da-escola-polivalente-nos-dias-10-e-11-de-novembro\/#breadcrumb","itemListElement":[{"@type":"ListItem","position":1,"name":"Home","item":"https:\/\/ubanews.com\/site\/"},{"@type":"ListItem","position":2,"name":"Castramovel est\u00e1 atendendo ao lado da escola Polivalente nos dias 10 e 11 de novembro"}]},{"@type":"WebSite","@id":"https:\/\/ubanews.com\/site\/#website","url":"https:\/\/ubanews.com\/site\/","name":"Ub\u00e1 News","description":"","publisher":{"@id":"https:\/\/ubanews.com\/site\/#organization"},"potentialAction":[{"@type":"SearchAction","target":{"@type":"EntryPoint","urlTemplate":"https:\/\/ubanews.com\/site\/?s={search_term_string}"},"query-input":{"@type":"PropertyValueSpecification","valueRequired":true,"valueName":"search_term_string"}}],"inLanguage":"pt-BR"},{"@type":"Organization","@id":"https:\/\/ubanews.com\/site\/#organization","name":"Ub\u00e1 News","url":"https:\/\/ubanews.com\/site\/","logo":{"@type":"ImageObject","inLanguage":"pt-BR","@id":"https:\/\/ubanews.com\/site\/#\/schema\/logo\/image\/","url":"https:\/\/ubanews.com\/site\/wp-content\/uploads\/2018\/01\/logoubanews.png","contentUrl":"https:\/\/ubanews.com\/site\/wp-content\/uploads\/2018\/01\/logoubanews.png","width":261,"height":99,"caption":"Ub\u00e1 News"},"image":{"@id":"https:\/\/ubanews.com\/site\/#\/schema\/logo\/image\/"},"sameAs":["https:\/\/www.facebook.com\/Ub\u00e1News-Carlos-Roberto-Sodr\u00e9-418778301977370"]},{"@type":"Person","@id":"https:\/\/ubanews.com\/site\/#\/schema\/person\/d90c9e47252fbb63dcc969fe4c8b9d10","name":"Sodr\u00e9","image":{"@type":"ImageObject","inLanguage":"pt-BR","@id":"https:\/\/secure.gravatar.com\/avatar\/5ba2793f0590b9dbfad3fdec4ee714485b3eef211c9b32ee53d414060454a56c?s=96&d=mm&r=g","url":"https:\/\/secure.gravatar.com\/avatar\/5ba2793f0590b9dbfad3fdec4ee714485b3eef211c9b32ee53d414060454a56c?s=96&d=mm&r=g","contentUrl":"https:\/\/secure.gravatar.com\/avatar\/5ba2793f0590b9dbfad3fdec4ee714485b3eef211c9b32ee53d414060454a56c?s=96&d=mm&r=g","caption":"Sodr\u00e9"},"sameAs":["https:\/\/www.facebook.com\/carosroberto.sodre.5\/"],"url":"https:\/\/ubanews.com\/site\/author\/felipe\/"}]}},"_links":{"self":[{"href":"https:\/\/ubanews.com\/site\/wp-json\/wp\/v2\/posts\/9045","targetHints":{"allow":["GET"]}}],"collection":[{"href":"https:\/\/ubanews.com\/site\/wp-json\/wp\/v2\/posts"}],"about":[{"href":"https:\/\/ubanews.com\/site\/wp-json\/wp\/v2\/types\/post"}],"author":[{"embeddable":true,"href":"https:\/\/ubanews.com\/site\/wp-json\/wp\/v2\/users\/2"}],"replies":[{"embeddable":true,"href":"https:\/\/ubanews.com\/site\/wp-json\/wp\/v2\/comments?post=9045"}],"version-history":[{"count":0,"href":"https:\/\/ubanews.com\/site\/wp-json\/wp\/v2\/posts\/9045\/revisions"}],"wp:featuredmedia":[{"embeddable":true,"href":"https:\/\/ubanews.com\/site\/wp-json\/wp\/v2\/media\/9044"}],"wp:attachment":[{"href":"https:\/\/ubanews.com\/site\/wp-json\/wp\/v2\/media?parent=9045"}],"wp:term":[{"taxonomy":"category","embeddable":true,"href":"https:\/\/ubanews.com\/site\/wp-json\/wp\/v2\/categories?post=9045"},{"taxonomy":"post_tag","embeddable":true,"href":"https:\/\/ubanews.com\/site\/wp-json\/wp\/v2\/tags?post=9045"}],"curies":[{"name":"wp","href":"https:\/\/api.w.org\/{rel}","templated":true}]}}