{"id":9040,"date":"2018-11-07T11:48:22","date_gmt":"2018-11-07T13:48:22","guid":{"rendered":"http:\/\/ubanews.com\/site\/?p=9040"},"modified":"2018-11-07T11:48:22","modified_gmt":"2018-11-07T13:48:22","slug":"operacao-batida-policial-pelas-equipes-tatico-movel-e-equipes-rotam-de-bh-fazem-prisao-de-autores-por-associacao-ao-trafico-ilicito-de-drogas-e-receptacao","status":"publish","type":"post","link":"https:\/\/ubanews.com\/site\/2018\/11\/07\/operacao-batida-policial-pelas-equipes-tatico-movel-e-equipes-rotam-de-bh-fazem-prisao-de-autores-por-associacao-ao-trafico-ilicito-de-drogas-e-receptacao\/","title":{"rendered":"OPERA\u00c7\u00c3O BATIDA POLICIAL PELAS EQUIPES T\u00c1TICO M\u00d3VEL E EQUIPES ROTAM DE BH, FAZEM PRIS\u00c3O DE AUTORES POR ASSOCIA\u00c7\u00c3O AO TR\u00c1FICO IL\u00cdCITO DE DROGAS E RECEPTA\u00c7\u00c3O"},"content":{"rendered":"<p>No dia 06 de Novembro \u00e0s 23h 12min, na Travessa Santana no Beco do Sapo, a Policia Militar durante patrulhamento pelo &#8220;Beco do Sapo&#8221;, deparou com um cidad\u00e3o, sendo identificado como Guilherme Fernandes Oliveira de 26 anos e que ap\u00f3s busca pessoal nenhum il\u00edcito foi encontrado.<\/p>\n<p>Na porta da resid\u00eancia estava o cidad\u00e3o, Elias Damasceno Paulino de 25 anos, que ap\u00f3s busca pessoal tamb\u00e9m nenhum il\u00edcito foi localizado.<\/p>\n<p>\u00c9 de conhecimento dos militares que a resid\u00eancia onde os cidad\u00e3os estavam na porta em que foram abordados, \u00e9 utilizada como &#8220;boca de fumo&#8221;, assim foi solicitada a entrada na resid\u00eancia e cidad\u00e3o Ant\u00f4nio Marcos Moreira de 25 anos, este franqueou a entrada dos militares, sendo que ap\u00f3s buscas foi localizado um notebook com sua fonte, que foi identificado como produto de furto, ocorrido no dia 04 de Novembro .<\/p>\n<p>Em continuidade \u00e0s buscas no interior da resid\u00eancia foi localizado entorpecentes (11 buchas de subst\u00e2ncia an\u00e1loga a maconha, 6 pedras pequenas de subst\u00e2ncia an\u00e1loga a crack, 1 por\u00e7\u00e3o de subst\u00e2ncia an\u00e1loga a crack esfarelada de tamanho consider\u00e1vel e uma por\u00e7\u00e3o esfarelada de subst\u00e2ncia an\u00e1loga a crack de tamanho pequena). &nbsp;Passagens dos autores: Elias Damasceno Paulino: Roubo em 08\/11\/2012; Mand.pris\u00e3o em 13\/10\/2014; Foragido da Justi\u00e7a em 05\/06\/2012; Recepta\u00e7\u00e3o em 15\/06\/2010; Foragido da Justi\u00e7a em 20\/06\/2017; Porte ilegal de Arma de fogo em 12\/09\/2012; Foragido da Justi\u00e7a em 08\/02\/2015 e Roubo em 23\/09\/2012. Antonio Marcos Moreira: Foragido da Justi\u00e7a em 13\/08\/2018; 20\/10\/2010 Posse ilegal de arma de fogo; 04\/04\/2017 Tr\u00e1fico de Drogas; 29\/08\/2013 Tr\u00e1fico de Drogas; 20\/09\/2013 Tr\u00e1fico de Drogas; Guilherme Fernandes de Oliveira: Roubo em 03\/02\/2015 e Pris\u00e3o em 27\/02\/2015<\/p>\n<p>Os autores receberam voz de pris\u00e3o em flagrante e foram conduzidos para a Delegacia de Pol\u00edcia Judici\u00e1ria, juntamente com todos os materiais apreendidos.<\/p>\n<p><strong>A<\/strong><strong>SSESSORIA DE COMUNICA\u00c7\u00c3O ORGANIZACIONAL<\/strong><\/p>\n<p><strong><em>Vig\u00e9simo Primeiro Batalh\u00e3o de Pol\u00edcia Militar<\/em><\/strong><\/p>\n","protected":false},"excerpt":{"rendered":"<p>No dia 06 de Novembro \u00e0s 23h 12min, na Travessa<\/p>\n","protected":false},"author":2,"featured_media":9041,"comment_status":"open","ping_status":"open","sticky":false,"template":"","format":"standard","meta":{"footnotes":""},"categories":[13],"tags":[],"class_list":["post-9040","post","type-post","status-publish","format-standard","has-post-thumbnail","hentry","category-sintese-das-ocorrencias"],"yoast_head":"<!-- This site is optimized with the Yoast SEO plugin v27.2 - https:\/\/yoast.com\/product\/yoast-seo-wordpress\/ -->\n<title>OPERA\u00c7\u00c3O BATIDA POLICIAL PELAS EQUIPES T\u00c1TICO M\u00d3VEL E EQUIPES ROTAM DE BH, FAZEM PRIS\u00c3O DE AUTORES POR ASSOCIA\u00c7\u00c3O AO TR\u00c1FICO IL\u00cdCITO DE DROGAS E RECEPTA\u00c7\u00c3O - Ub\u00e1 News<\/title>\n<meta name=\"robots\" content=\"index, follow, max-snippet:-1, max-image-preview:large, max-video-preview:-1\" \/>\n<link rel=\"canonical\" href=\"https:\/\/ubanews.com\/site\/2018\/11\/07\/operacao-batida-policial-pelas-equipes-tatico-movel-e-equipes-rotam-de-bh-fazem-prisao-de-autores-por-associacao-ao-trafico-ilicito-de-drogas-e-receptacao\/\" \/>\n<meta property=\"og:locale\" content=\"pt_BR\" \/>\n<meta property=\"og:type\" content=\"article\" \/>\n<meta property=\"og:title\" content=\"OPERA\u00c7\u00c3O BATIDA POLICIAL PELAS EQUIPES T\u00c1TICO M\u00d3VEL E EQUIPES ROTAM DE BH, FAZEM PRIS\u00c3O DE AUTORES POR ASSOCIA\u00c7\u00c3O AO TR\u00c1FICO IL\u00cdCITO DE DROGAS E RECEPTA\u00c7\u00c3O - Ub\u00e1 News\" \/>\n<meta property=\"og:description\" content=\"No dia 06 de Novembro \u00e0s 23h 12min, na Travessa\" \/>\n<meta property=\"og:url\" content=\"https:\/\/ubanews.com\/site\/2018\/11\/07\/operacao-batida-policial-pelas-equipes-tatico-movel-e-equipes-rotam-de-bh-fazem-prisao-de-autores-por-associacao-ao-trafico-ilicito-de-drogas-e-receptacao\/\" \/>\n<meta property=\"og:site_name\" content=\"Ub\u00e1 News\" \/>\n<meta property=\"article:publisher\" content=\"https:\/\/www.facebook.com\/Ub%c3%a1News-Carlos-Roberto-Sodr%c3%a9-418778301977370\" \/>\n<meta property=\"article:author\" content=\"https:\/\/www.facebook.com\/carosroberto.sodre.5\/\" \/>\n<meta property=\"article:published_time\" content=\"2018-11-07T13:48:22+00:00\" \/>\n<meta property=\"og:image\" content=\"https:\/\/ubanews.com\/site\/wp-content\/uploads\/2018\/11\/177.jpg\" \/>\n\t<meta property=\"og:image:width\" content=\"800\" \/>\n\t<meta property=\"og:image:height\" content=\"389\" \/>\n\t<meta property=\"og:image:type\" content=\"image\/jpeg\" \/>\n<meta name=\"author\" content=\"Sodr\u00e9\" \/>\n<meta name=\"twitter:card\" content=\"summary_large_image\" \/>\n<meta name=\"twitter:label1\" content=\"Escrito por\" \/>\n\t<meta name=\"twitter:data1\" content=\"Sodr\u00e9\" \/>\n\t<meta name=\"twitter:label2\" content=\"Est. tempo de leitura\" \/>\n\t<meta name=\"twitter:data2\" content=\"2 minutos\" \/>\n<script type=\"application\/ld+json\" class=\"yoast-schema-graph\">{\"@context\":\"https:\/\/schema.org\",\"@graph\":[{\"@type\":\"Article\",\"@id\":\"https:\/\/ubanews.com\/site\/2018\/11\/07\/operacao-batida-policial-pelas-equipes-tatico-movel-e-equipes-rotam-de-bh-fazem-prisao-de-autores-por-associacao-ao-trafico-ilicito-de-drogas-e-receptacao\/#article\",\"isPartOf\":{\"@id\":\"https:\/\/ubanews.com\/site\/2018\/11\/07\/operacao-batida-policial-pelas-equipes-tatico-movel-e-equipes-rotam-de-bh-fazem-prisao-de-autores-por-associacao-ao-trafico-ilicito-de-drogas-e-receptacao\/\"},\"author\":{\"name\":\"Sodr\u00e9\",\"@id\":\"https:\/\/ubanews.com\/site\/#\/schema\/person\/d90c9e47252fbb63dcc969fe4c8b9d10\"},\"headline\":\"OPERA\u00c7\u00c3O BATIDA POLICIAL PELAS EQUIPES T\u00c1TICO M\u00d3VEL E EQUIPES ROTAM DE BH, FAZEM PRIS\u00c3O DE AUTORES POR ASSOCIA\u00c7\u00c3O AO TR\u00c1FICO IL\u00cdCITO DE DROGAS E RECEPTA\u00c7\u00c3O\",\"datePublished\":\"2018-11-07T13:48:22+00:00\",\"mainEntityOfPage\":{\"@id\":\"https:\/\/ubanews.com\/site\/2018\/11\/07\/operacao-batida-policial-pelas-equipes-tatico-movel-e-equipes-rotam-de-bh-fazem-prisao-de-autores-por-associacao-ao-trafico-ilicito-de-drogas-e-receptacao\/\"},\"wordCount\":353,\"commentCount\":0,\"publisher\":{\"@id\":\"https:\/\/ubanews.com\/site\/#organization\"},\"image\":{\"@id\":\"https:\/\/ubanews.com\/site\/2018\/11\/07\/operacao-batida-policial-pelas-equipes-tatico-movel-e-equipes-rotam-de-bh-fazem-prisao-de-autores-por-associacao-ao-trafico-ilicito-de-drogas-e-receptacao\/#primaryimage\"},\"thumbnailUrl\":\"https:\/\/ubanews.com\/site\/wp-content\/uploads\/2018\/11\/177.jpg\",\"articleSection\":[\"S\u00edntese das Ocorr\u00eancias\"],\"inLanguage\":\"pt-BR\",\"potentialAction\":[{\"@type\":\"CommentAction\",\"name\":\"Comment\",\"target\":[\"https:\/\/ubanews.com\/site\/2018\/11\/07\/operacao-batida-policial-pelas-equipes-tatico-movel-e-equipes-rotam-de-bh-fazem-prisao-de-autores-por-associacao-ao-trafico-ilicito-de-drogas-e-receptacao\/#respond\"]}]},{\"@type\":\"WebPage\",\"@id\":\"https:\/\/ubanews.com\/site\/2018\/11\/07\/operacao-batida-policial-pelas-equipes-tatico-movel-e-equipes-rotam-de-bh-fazem-prisao-de-autores-por-associacao-ao-trafico-ilicito-de-drogas-e-receptacao\/\",\"url\":\"https:\/\/ubanews.com\/site\/2018\/11\/07\/operacao-batida-policial-pelas-equipes-tatico-movel-e-equipes-rotam-de-bh-fazem-prisao-de-autores-por-associacao-ao-trafico-ilicito-de-drogas-e-receptacao\/\",\"name\":\"OPERA\u00c7\u00c3O BATIDA POLICIAL PELAS EQUIPES T\u00c1TICO M\u00d3VEL E EQUIPES ROTAM DE BH, FAZEM PRIS\u00c3O DE AUTORES POR ASSOCIA\u00c7\u00c3O AO TR\u00c1FICO IL\u00cdCITO DE DROGAS E RECEPTA\u00c7\u00c3O - Ub\u00e1 News\",\"isPartOf\":{\"@id\":\"https:\/\/ubanews.com\/site\/#website\"},\"primaryImageOfPage\":{\"@id\":\"https:\/\/ubanews.com\/site\/2018\/11\/07\/operacao-batida-policial-pelas-equipes-tatico-movel-e-equipes-rotam-de-bh-fazem-prisao-de-autores-por-associacao-ao-trafico-ilicito-de-drogas-e-receptacao\/#primaryimage\"},\"image\":{\"@id\":\"https:\/\/ubanews.com\/site\/2018\/11\/07\/operacao-batida-policial-pelas-equipes-tatico-movel-e-equipes-rotam-de-bh-fazem-prisao-de-autores-por-associacao-ao-trafico-ilicito-de-drogas-e-receptacao\/#primaryimage\"},\"thumbnailUrl\":\"https:\/\/ubanews.com\/site\/wp-content\/uploads\/2018\/11\/177.jpg\",\"datePublished\":\"2018-11-07T13:48:22+00:00\",\"breadcrumb\":{\"@id\":\"https:\/\/ubanews.com\/site\/2018\/11\/07\/operacao-batida-policial-pelas-equipes-tatico-movel-e-equipes-rotam-de-bh-fazem-prisao-de-autores-por-associacao-ao-trafico-ilicito-de-drogas-e-receptacao\/#breadcrumb\"},\"inLanguage\":\"pt-BR\",\"potentialAction\":[{\"@type\":\"ReadAction\",\"target\":[\"https:\/\/ubanews.com\/site\/2018\/11\/07\/operacao-batida-policial-pelas-equipes-tatico-movel-e-equipes-rotam-de-bh-fazem-prisao-de-autores-por-associacao-ao-trafico-ilicito-de-drogas-e-receptacao\/\"]}]},{\"@type\":\"ImageObject\",\"inLanguage\":\"pt-BR\",\"@id\":\"https:\/\/ubanews.com\/site\/2018\/11\/07\/operacao-batida-policial-pelas-equipes-tatico-movel-e-equipes-rotam-de-bh-fazem-prisao-de-autores-por-associacao-ao-trafico-ilicito-de-drogas-e-receptacao\/#primaryimage\",\"url\":\"https:\/\/ubanews.com\/site\/wp-content\/uploads\/2018\/11\/177.jpg\",\"contentUrl\":\"https:\/\/ubanews.com\/site\/wp-content\/uploads\/2018\/11\/177.jpg\",\"width\":800,\"height\":389},{\"@type\":\"BreadcrumbList\",\"@id\":\"https:\/\/ubanews.com\/site\/2018\/11\/07\/operacao-batida-policial-pelas-equipes-tatico-movel-e-equipes-rotam-de-bh-fazem-prisao-de-autores-por-associacao-ao-trafico-ilicito-de-drogas-e-receptacao\/#breadcrumb\",\"itemListElement\":[{\"@type\":\"ListItem\",\"position\":1,\"name\":\"Home\",\"item\":\"https:\/\/ubanews.com\/site\/\"},{\"@type\":\"ListItem\",\"position\":2,\"name\":\"OPERA\u00c7\u00c3O BATIDA POLICIAL PELAS EQUIPES T\u00c1TICO M\u00d3VEL E EQUIPES ROTAM DE BH, FAZEM PRIS\u00c3O DE AUTORES POR ASSOCIA\u00c7\u00c3O AO TR\u00c1FICO IL\u00cdCITO DE DROGAS E RECEPTA\u00c7\u00c3O\"}]},{\"@type\":\"WebSite\",\"@id\":\"https:\/\/ubanews.com\/site\/#website\",\"url\":\"https:\/\/ubanews.com\/site\/\",\"name\":\"Ub\u00e1 News\",\"description\":\"\",\"publisher\":{\"@id\":\"https:\/\/ubanews.com\/site\/#organization\"},\"potentialAction\":[{\"@type\":\"SearchAction\",\"target\":{\"@type\":\"EntryPoint\",\"urlTemplate\":\"https:\/\/ubanews.com\/site\/?s={search_term_string}\"},\"query-input\":{\"@type\":\"PropertyValueSpecification\",\"valueRequired\":true,\"valueName\":\"search_term_string\"}}],\"inLanguage\":\"pt-BR\"},{\"@type\":\"Organization\",\"@id\":\"https:\/\/ubanews.com\/site\/#organization\",\"name\":\"Ub\u00e1 News\",\"url\":\"https:\/\/ubanews.com\/site\/\",\"logo\":{\"@type\":\"ImageObject\",\"inLanguage\":\"pt-BR\",\"@id\":\"https:\/\/ubanews.com\/site\/#\/schema\/logo\/image\/\",\"url\":\"https:\/\/ubanews.com\/site\/wp-content\/uploads\/2018\/01\/logoubanews.png\",\"contentUrl\":\"https:\/\/ubanews.com\/site\/wp-content\/uploads\/2018\/01\/logoubanews.png\",\"width\":261,\"height\":99,\"caption\":\"Ub\u00e1 News\"},\"image\":{\"@id\":\"https:\/\/ubanews.com\/site\/#\/schema\/logo\/image\/\"},\"sameAs\":[\"https:\/\/www.facebook.com\/Ub\u00e1News-Carlos-Roberto-Sodr\u00e9-418778301977370\"]},{\"@type\":\"Person\",\"@id\":\"https:\/\/ubanews.com\/site\/#\/schema\/person\/d90c9e47252fbb63dcc969fe4c8b9d10\",\"name\":\"Sodr\u00e9\",\"image\":{\"@type\":\"ImageObject\",\"inLanguage\":\"pt-BR\",\"@id\":\"https:\/\/secure.gravatar.com\/avatar\/5ba2793f0590b9dbfad3fdec4ee714485b3eef211c9b32ee53d414060454a56c?s=96&d=mm&r=g\",\"url\":\"https:\/\/secure.gravatar.com\/avatar\/5ba2793f0590b9dbfad3fdec4ee714485b3eef211c9b32ee53d414060454a56c?s=96&d=mm&r=g\",\"contentUrl\":\"https:\/\/secure.gravatar.com\/avatar\/5ba2793f0590b9dbfad3fdec4ee714485b3eef211c9b32ee53d414060454a56c?s=96&d=mm&r=g\",\"caption\":\"Sodr\u00e9\"},\"sameAs\":[\"https:\/\/www.facebook.com\/carosroberto.sodre.5\/\"],\"url\":\"https:\/\/ubanews.com\/site\/author\/felipe\/\"}]}<\/script>\n<!-- \/ Yoast SEO plugin. -->","yoast_head_json":{"title":"OPERA\u00c7\u00c3O BATIDA POLICIAL PELAS EQUIPES T\u00c1TICO M\u00d3VEL E EQUIPES ROTAM DE BH, FAZEM PRIS\u00c3O DE AUTORES POR ASSOCIA\u00c7\u00c3O AO TR\u00c1FICO IL\u00cdCITO DE DROGAS E RECEPTA\u00c7\u00c3O - Ub\u00e1 News","robots":{"index":"index","follow":"follow","max-snippet":"max-snippet:-1","max-image-preview":"max-image-preview:large","max-video-preview":"max-video-preview:-1"},"canonical":"https:\/\/ubanews.com\/site\/2018\/11\/07\/operacao-batida-policial-pelas-equipes-tatico-movel-e-equipes-rotam-de-bh-fazem-prisao-de-autores-por-associacao-ao-trafico-ilicito-de-drogas-e-receptacao\/","og_locale":"pt_BR","og_type":"article","og_title":"OPERA\u00c7\u00c3O BATIDA POLICIAL PELAS EQUIPES T\u00c1TICO M\u00d3VEL E EQUIPES ROTAM DE BH, FAZEM PRIS\u00c3O DE AUTORES POR ASSOCIA\u00c7\u00c3O AO TR\u00c1FICO IL\u00cdCITO DE DROGAS E RECEPTA\u00c7\u00c3O - Ub\u00e1 News","og_description":"No dia 06 de Novembro \u00e0s 23h 12min, na Travessa","og_url":"https:\/\/ubanews.com\/site\/2018\/11\/07\/operacao-batida-policial-pelas-equipes-tatico-movel-e-equipes-rotam-de-bh-fazem-prisao-de-autores-por-associacao-ao-trafico-ilicito-de-drogas-e-receptacao\/","og_site_name":"Ub\u00e1 News","article_publisher":"https:\/\/www.facebook.com\/Ub%c3%a1News-Carlos-Roberto-Sodr%c3%a9-418778301977370","article_author":"https:\/\/www.facebook.com\/carosroberto.sodre.5\/","article_published_time":"2018-11-07T13:48:22+00:00","og_image":[{"width":800,"height":389,"url":"https:\/\/ubanews.com\/site\/wp-content\/uploads\/2018\/11\/177.jpg","type":"image\/jpeg"}],"author":"Sodr\u00e9","twitter_card":"summary_large_image","twitter_misc":{"Escrito por":"Sodr\u00e9","Est. tempo de leitura":"2 minutos"},"schema":{"@context":"https:\/\/schema.org","@graph":[{"@type":"Article","@id":"https:\/\/ubanews.com\/site\/2018\/11\/07\/operacao-batida-policial-pelas-equipes-tatico-movel-e-equipes-rotam-de-bh-fazem-prisao-de-autores-por-associacao-ao-trafico-ilicito-de-drogas-e-receptacao\/#article","isPartOf":{"@id":"https:\/\/ubanews.com\/site\/2018\/11\/07\/operacao-batida-policial-pelas-equipes-tatico-movel-e-equipes-rotam-de-bh-fazem-prisao-de-autores-por-associacao-ao-trafico-ilicito-de-drogas-e-receptacao\/"},"author":{"name":"Sodr\u00e9","@id":"https:\/\/ubanews.com\/site\/#\/schema\/person\/d90c9e47252fbb63dcc969fe4c8b9d10"},"headline":"OPERA\u00c7\u00c3O BATIDA POLICIAL PELAS EQUIPES T\u00c1TICO M\u00d3VEL E EQUIPES ROTAM DE BH, FAZEM PRIS\u00c3O DE AUTORES POR ASSOCIA\u00c7\u00c3O AO TR\u00c1FICO IL\u00cdCITO DE DROGAS E RECEPTA\u00c7\u00c3O","datePublished":"2018-11-07T13:48:22+00:00","mainEntityOfPage":{"@id":"https:\/\/ubanews.com\/site\/2018\/11\/07\/operacao-batida-policial-pelas-equipes-tatico-movel-e-equipes-rotam-de-bh-fazem-prisao-de-autores-por-associacao-ao-trafico-ilicito-de-drogas-e-receptacao\/"},"wordCount":353,"commentCount":0,"publisher":{"@id":"https:\/\/ubanews.com\/site\/#organization"},"image":{"@id":"https:\/\/ubanews.com\/site\/2018\/11\/07\/operacao-batida-policial-pelas-equipes-tatico-movel-e-equipes-rotam-de-bh-fazem-prisao-de-autores-por-associacao-ao-trafico-ilicito-de-drogas-e-receptacao\/#primaryimage"},"thumbnailUrl":"https:\/\/ubanews.com\/site\/wp-content\/uploads\/2018\/11\/177.jpg","articleSection":["S\u00edntese das Ocorr\u00eancias"],"inLanguage":"pt-BR","potentialAction":[{"@type":"CommentAction","name":"Comment","target":["https:\/\/ubanews.com\/site\/2018\/11\/07\/operacao-batida-policial-pelas-equipes-tatico-movel-e-equipes-rotam-de-bh-fazem-prisao-de-autores-por-associacao-ao-trafico-ilicito-de-drogas-e-receptacao\/#respond"]}]},{"@type":"WebPage","@id":"https:\/\/ubanews.com\/site\/2018\/11\/07\/operacao-batida-policial-pelas-equipes-tatico-movel-e-equipes-rotam-de-bh-fazem-prisao-de-autores-por-associacao-ao-trafico-ilicito-de-drogas-e-receptacao\/","url":"https:\/\/ubanews.com\/site\/2018\/11\/07\/operacao-batida-policial-pelas-equipes-tatico-movel-e-equipes-rotam-de-bh-fazem-prisao-de-autores-por-associacao-ao-trafico-ilicito-de-drogas-e-receptacao\/","name":"OPERA\u00c7\u00c3O BATIDA POLICIAL PELAS EQUIPES T\u00c1TICO M\u00d3VEL E EQUIPES ROTAM DE BH, FAZEM PRIS\u00c3O DE AUTORES POR ASSOCIA\u00c7\u00c3O AO TR\u00c1FICO IL\u00cdCITO DE DROGAS E RECEPTA\u00c7\u00c3O - Ub\u00e1 News","isPartOf":{"@id":"https:\/\/ubanews.com\/site\/#website"},"primaryImageOfPage":{"@id":"https:\/\/ubanews.com\/site\/2018\/11\/07\/operacao-batida-policial-pelas-equipes-tatico-movel-e-equipes-rotam-de-bh-fazem-prisao-de-autores-por-associacao-ao-trafico-ilicito-de-drogas-e-receptacao\/#primaryimage"},"image":{"@id":"https:\/\/ubanews.com\/site\/2018\/11\/07\/operacao-batida-policial-pelas-equipes-tatico-movel-e-equipes-rotam-de-bh-fazem-prisao-de-autores-por-associacao-ao-trafico-ilicito-de-drogas-e-receptacao\/#primaryimage"},"thumbnailUrl":"https:\/\/ubanews.com\/site\/wp-content\/uploads\/2018\/11\/177.jpg","datePublished":"2018-11-07T13:48:22+00:00","breadcrumb":{"@id":"https:\/\/ubanews.com\/site\/2018\/11\/07\/operacao-batida-policial-pelas-equipes-tatico-movel-e-equipes-rotam-de-bh-fazem-prisao-de-autores-por-associacao-ao-trafico-ilicito-de-drogas-e-receptacao\/#breadcrumb"},"inLanguage":"pt-BR","potentialAction":[{"@type":"ReadAction","target":["https:\/\/ubanews.com\/site\/2018\/11\/07\/operacao-batida-policial-pelas-equipes-tatico-movel-e-equipes-rotam-de-bh-fazem-prisao-de-autores-por-associacao-ao-trafico-ilicito-de-drogas-e-receptacao\/"]}]},{"@type":"ImageObject","inLanguage":"pt-BR","@id":"https:\/\/ubanews.com\/site\/2018\/11\/07\/operacao-batida-policial-pelas-equipes-tatico-movel-e-equipes-rotam-de-bh-fazem-prisao-de-autores-por-associacao-ao-trafico-ilicito-de-drogas-e-receptacao\/#primaryimage","url":"https:\/\/ubanews.com\/site\/wp-content\/uploads\/2018\/11\/177.jpg","contentUrl":"https:\/\/ubanews.com\/site\/wp-content\/uploads\/2018\/11\/177.jpg","width":800,"height":389},{"@type":"BreadcrumbList","@id":"https:\/\/ubanews.com\/site\/2018\/11\/07\/operacao-batida-policial-pelas-equipes-tatico-movel-e-equipes-rotam-de-bh-fazem-prisao-de-autores-por-associacao-ao-trafico-ilicito-de-drogas-e-receptacao\/#breadcrumb","itemListElement":[{"@type":"ListItem","position":1,"name":"Home","item":"https:\/\/ubanews.com\/site\/"},{"@type":"ListItem","position":2,"name":"OPERA\u00c7\u00c3O BATIDA POLICIAL PELAS EQUIPES T\u00c1TICO M\u00d3VEL E EQUIPES ROTAM DE BH, FAZEM PRIS\u00c3O DE AUTORES POR ASSOCIA\u00c7\u00c3O AO TR\u00c1FICO IL\u00cdCITO DE DROGAS E RECEPTA\u00c7\u00c3O"}]},{"@type":"WebSite","@id":"https:\/\/ubanews.com\/site\/#website","url":"https:\/\/ubanews.com\/site\/","name":"Ub\u00e1 News","description":"","publisher":{"@id":"https:\/\/ubanews.com\/site\/#organization"},"potentialAction":[{"@type":"SearchAction","target":{"@type":"EntryPoint","urlTemplate":"https:\/\/ubanews.com\/site\/?s={search_term_string}"},"query-input":{"@type":"PropertyValueSpecification","valueRequired":true,"valueName":"search_term_string"}}],"inLanguage":"pt-BR"},{"@type":"Organization","@id":"https:\/\/ubanews.com\/site\/#organization","name":"Ub\u00e1 News","url":"https:\/\/ubanews.com\/site\/","logo":{"@type":"ImageObject","inLanguage":"pt-BR","@id":"https:\/\/ubanews.com\/site\/#\/schema\/logo\/image\/","url":"https:\/\/ubanews.com\/site\/wp-content\/uploads\/2018\/01\/logoubanews.png","contentUrl":"https:\/\/ubanews.com\/site\/wp-content\/uploads\/2018\/01\/logoubanews.png","width":261,"height":99,"caption":"Ub\u00e1 News"},"image":{"@id":"https:\/\/ubanews.com\/site\/#\/schema\/logo\/image\/"},"sameAs":["https:\/\/www.facebook.com\/Ub\u00e1News-Carlos-Roberto-Sodr\u00e9-418778301977370"]},{"@type":"Person","@id":"https:\/\/ubanews.com\/site\/#\/schema\/person\/d90c9e47252fbb63dcc969fe4c8b9d10","name":"Sodr\u00e9","image":{"@type":"ImageObject","inLanguage":"pt-BR","@id":"https:\/\/secure.gravatar.com\/avatar\/5ba2793f0590b9dbfad3fdec4ee714485b3eef211c9b32ee53d414060454a56c?s=96&d=mm&r=g","url":"https:\/\/secure.gravatar.com\/avatar\/5ba2793f0590b9dbfad3fdec4ee714485b3eef211c9b32ee53d414060454a56c?s=96&d=mm&r=g","contentUrl":"https:\/\/secure.gravatar.com\/avatar\/5ba2793f0590b9dbfad3fdec4ee714485b3eef211c9b32ee53d414060454a56c?s=96&d=mm&r=g","caption":"Sodr\u00e9"},"sameAs":["https:\/\/www.facebook.com\/carosroberto.sodre.5\/"],"url":"https:\/\/ubanews.com\/site\/author\/felipe\/"}]}},"_links":{"self":[{"href":"https:\/\/ubanews.com\/site\/wp-json\/wp\/v2\/posts\/9040","targetHints":{"allow":["GET"]}}],"collection":[{"href":"https:\/\/ubanews.com\/site\/wp-json\/wp\/v2\/posts"}],"about":[{"href":"https:\/\/ubanews.com\/site\/wp-json\/wp\/v2\/types\/post"}],"author":[{"embeddable":true,"href":"https:\/\/ubanews.com\/site\/wp-json\/wp\/v2\/users\/2"}],"replies":[{"embeddable":true,"href":"https:\/\/ubanews.com\/site\/wp-json\/wp\/v2\/comments?post=9040"}],"version-history":[{"count":0,"href":"https:\/\/ubanews.com\/site\/wp-json\/wp\/v2\/posts\/9040\/revisions"}],"wp:featuredmedia":[{"embeddable":true,"href":"https:\/\/ubanews.com\/site\/wp-json\/wp\/v2\/media\/9041"}],"wp:attachment":[{"href":"https:\/\/ubanews.com\/site\/wp-json\/wp\/v2\/media?parent=9040"}],"wp:term":[{"taxonomy":"category","embeddable":true,"href":"https:\/\/ubanews.com\/site\/wp-json\/wp\/v2\/categories?post=9040"},{"taxonomy":"post_tag","embeddable":true,"href":"https:\/\/ubanews.com\/site\/wp-json\/wp\/v2\/tags?post=9040"}],"curies":[{"name":"wp","href":"https:\/\/api.w.org\/{rel}","templated":true}]}}