{"id":9031,"date":"2018-11-07T10:56:00","date_gmt":"2018-11-07T12:56:00","guid":{"rendered":"http:\/\/ubanews.com\/site\/?p=9031"},"modified":"2018-11-07T10:56:00","modified_gmt":"2018-11-07T12:56:00","slug":"durante-operacao-batida-policial-faz-prisao-de-foragido-da-justica-em-cataguases","status":"publish","type":"post","link":"https:\/\/ubanews.com\/site\/2018\/11\/07\/durante-operacao-batida-policial-faz-prisao-de-foragido-da-justica-em-cataguases\/","title":{"rendered":"DURANTE OPERA\u00c7\u00c3O BATIDA POLICIAL FAZ PRIS\u00c3O DE FORAGIDO DA JUSTI\u00c7A EM CATAGUASES"},"content":{"rendered":"<p>No dia 06 de Novembro de 2018 \u00e0s 17h e 02min na Rua Jose Herdy Ramosno Bairro Vila Resende na cidade de Cataguases, a Pol\u00edcia Militar durante Opera\u00e7\u00e3o Batida Policial realizou abordagem ao cidad\u00e3o Sebasti\u00e3o Odair de Souza de 47 anos e durante busca pessoal, nada foi encontrado em seu poder. Ao ser pesquisado no sistema informatizado, foi constatado fuga em aberto do sistema prisional da cidade de Cataguases em desfavor do abordado.<\/p>\n<p>Face ao exposto, o autor foi recapturado e encaminhado \u00e0 Delegacia de Pol\u00edcia Judici\u00e1ria para provid\u00eancias.<\/p>\n","protected":false},"excerpt":{"rendered":"<p>No dia 06 de Novembro de 2018 \u00e0s 17h e<\/p>\n","protected":false},"author":2,"featured_media":6482,"comment_status":"open","ping_status":"open","sticky":false,"template":"","format":"standard","meta":{"footnotes":""},"categories":[13],"tags":[],"class_list":["post-9031","post","type-post","status-publish","format-standard","has-post-thumbnail","hentry","category-sintese-das-ocorrencias"],"yoast_head":"<!-- This site is optimized with the Yoast SEO plugin v27.2 - https:\/\/yoast.com\/product\/yoast-seo-wordpress\/ -->\n<title>DURANTE OPERA\u00c7\u00c3O BATIDA POLICIAL FAZ PRIS\u00c3O DE FORAGIDO DA JUSTI\u00c7A EM CATAGUASES - Ub\u00e1 News<\/title>\n<meta name=\"robots\" content=\"index, follow, max-snippet:-1, max-image-preview:large, max-video-preview:-1\" \/>\n<link rel=\"canonical\" href=\"https:\/\/ubanews.com\/site\/2018\/11\/07\/durante-operacao-batida-policial-faz-prisao-de-foragido-da-justica-em-cataguases\/\" \/>\n<meta property=\"og:locale\" content=\"pt_BR\" \/>\n<meta property=\"og:type\" content=\"article\" \/>\n<meta property=\"og:title\" content=\"DURANTE OPERA\u00c7\u00c3O BATIDA POLICIAL FAZ PRIS\u00c3O DE FORAGIDO DA JUSTI\u00c7A EM CATAGUASES - Ub\u00e1 News\" \/>\n<meta property=\"og:description\" content=\"No dia 06 de Novembro de 2018 \u00e0s 17h e\" \/>\n<meta property=\"og:url\" content=\"https:\/\/ubanews.com\/site\/2018\/11\/07\/durante-operacao-batida-policial-faz-prisao-de-foragido-da-justica-em-cataguases\/\" \/>\n<meta property=\"og:site_name\" content=\"Ub\u00e1 News\" \/>\n<meta property=\"article:publisher\" content=\"https:\/\/www.facebook.com\/Ub%c3%a1News-Carlos-Roberto-Sodr%c3%a9-418778301977370\" \/>\n<meta property=\"article:author\" content=\"https:\/\/www.facebook.com\/carosroberto.sodre.5\/\" \/>\n<meta property=\"article:published_time\" content=\"2018-11-07T12:56:00+00:00\" \/>\n<meta property=\"og:image\" content=\"https:\/\/ubanews.com\/site\/wp-content\/uploads\/2018\/08\/Preso-1.jpg\" \/>\n\t<meta property=\"og:image:width\" content=\"800\" \/>\n\t<meta property=\"og:image:height\" content=\"389\" \/>\n\t<meta property=\"og:image:type\" content=\"image\/jpeg\" \/>\n<meta name=\"author\" content=\"Sodr\u00e9\" \/>\n<meta name=\"twitter:card\" content=\"summary_large_image\" \/>\n<meta name=\"twitter:label1\" content=\"Escrito por\" \/>\n\t<meta name=\"twitter:data1\" content=\"Sodr\u00e9\" \/>\n<script type=\"application\/ld+json\" class=\"yoast-schema-graph\">{\"@context\":\"https:\/\/schema.org\",\"@graph\":[{\"@type\":\"Article\",\"@id\":\"https:\/\/ubanews.com\/site\/2018\/11\/07\/durante-operacao-batida-policial-faz-prisao-de-foragido-da-justica-em-cataguases\/#article\",\"isPartOf\":{\"@id\":\"https:\/\/ubanews.com\/site\/2018\/11\/07\/durante-operacao-batida-policial-faz-prisao-de-foragido-da-justica-em-cataguases\/\"},\"author\":{\"name\":\"Sodr\u00e9\",\"@id\":\"https:\/\/ubanews.com\/site\/#\/schema\/person\/d90c9e47252fbb63dcc969fe4c8b9d10\"},\"headline\":\"DURANTE OPERA\u00c7\u00c3O BATIDA POLICIAL FAZ PRIS\u00c3O DE FORAGIDO DA JUSTI\u00c7A EM CATAGUASES\",\"datePublished\":\"2018-11-07T12:56:00+00:00\",\"mainEntityOfPage\":{\"@id\":\"https:\/\/ubanews.com\/site\/2018\/11\/07\/durante-operacao-batida-policial-faz-prisao-de-foragido-da-justica-em-cataguases\/\"},\"wordCount\":107,\"commentCount\":0,\"publisher\":{\"@id\":\"https:\/\/ubanews.com\/site\/#organization\"},\"image\":{\"@id\":\"https:\/\/ubanews.com\/site\/2018\/11\/07\/durante-operacao-batida-policial-faz-prisao-de-foragido-da-justica-em-cataguases\/#primaryimage\"},\"thumbnailUrl\":\"https:\/\/ubanews.com\/site\/wp-content\/uploads\/2018\/08\/Preso-1.jpg\",\"articleSection\":[\"S\u00edntese das Ocorr\u00eancias\"],\"inLanguage\":\"pt-BR\",\"potentialAction\":[{\"@type\":\"CommentAction\",\"name\":\"Comment\",\"target\":[\"https:\/\/ubanews.com\/site\/2018\/11\/07\/durante-operacao-batida-policial-faz-prisao-de-foragido-da-justica-em-cataguases\/#respond\"]}]},{\"@type\":\"WebPage\",\"@id\":\"https:\/\/ubanews.com\/site\/2018\/11\/07\/durante-operacao-batida-policial-faz-prisao-de-foragido-da-justica-em-cataguases\/\",\"url\":\"https:\/\/ubanews.com\/site\/2018\/11\/07\/durante-operacao-batida-policial-faz-prisao-de-foragido-da-justica-em-cataguases\/\",\"name\":\"DURANTE OPERA\u00c7\u00c3O BATIDA POLICIAL FAZ PRIS\u00c3O DE FORAGIDO DA JUSTI\u00c7A EM CATAGUASES - Ub\u00e1 News\",\"isPartOf\":{\"@id\":\"https:\/\/ubanews.com\/site\/#website\"},\"primaryImageOfPage\":{\"@id\":\"https:\/\/ubanews.com\/site\/2018\/11\/07\/durante-operacao-batida-policial-faz-prisao-de-foragido-da-justica-em-cataguases\/#primaryimage\"},\"image\":{\"@id\":\"https:\/\/ubanews.com\/site\/2018\/11\/07\/durante-operacao-batida-policial-faz-prisao-de-foragido-da-justica-em-cataguases\/#primaryimage\"},\"thumbnailUrl\":\"https:\/\/ubanews.com\/site\/wp-content\/uploads\/2018\/08\/Preso-1.jpg\",\"datePublished\":\"2018-11-07T12:56:00+00:00\",\"breadcrumb\":{\"@id\":\"https:\/\/ubanews.com\/site\/2018\/11\/07\/durante-operacao-batida-policial-faz-prisao-de-foragido-da-justica-em-cataguases\/#breadcrumb\"},\"inLanguage\":\"pt-BR\",\"potentialAction\":[{\"@type\":\"ReadAction\",\"target\":[\"https:\/\/ubanews.com\/site\/2018\/11\/07\/durante-operacao-batida-policial-faz-prisao-de-foragido-da-justica-em-cataguases\/\"]}]},{\"@type\":\"ImageObject\",\"inLanguage\":\"pt-BR\",\"@id\":\"https:\/\/ubanews.com\/site\/2018\/11\/07\/durante-operacao-batida-policial-faz-prisao-de-foragido-da-justica-em-cataguases\/#primaryimage\",\"url\":\"https:\/\/ubanews.com\/site\/wp-content\/uploads\/2018\/08\/Preso-1.jpg\",\"contentUrl\":\"https:\/\/ubanews.com\/site\/wp-content\/uploads\/2018\/08\/Preso-1.jpg\",\"width\":800,\"height\":389},{\"@type\":\"BreadcrumbList\",\"@id\":\"https:\/\/ubanews.com\/site\/2018\/11\/07\/durante-operacao-batida-policial-faz-prisao-de-foragido-da-justica-em-cataguases\/#breadcrumb\",\"itemListElement\":[{\"@type\":\"ListItem\",\"position\":1,\"name\":\"Home\",\"item\":\"https:\/\/ubanews.com\/site\/\"},{\"@type\":\"ListItem\",\"position\":2,\"name\":\"DURANTE OPERA\u00c7\u00c3O BATIDA POLICIAL FAZ PRIS\u00c3O DE FORAGIDO DA JUSTI\u00c7A EM CATAGUASES\"}]},{\"@type\":\"WebSite\",\"@id\":\"https:\/\/ubanews.com\/site\/#website\",\"url\":\"https:\/\/ubanews.com\/site\/\",\"name\":\"Ub\u00e1 News\",\"description\":\"\",\"publisher\":{\"@id\":\"https:\/\/ubanews.com\/site\/#organization\"},\"potentialAction\":[{\"@type\":\"SearchAction\",\"target\":{\"@type\":\"EntryPoint\",\"urlTemplate\":\"https:\/\/ubanews.com\/site\/?s={search_term_string}\"},\"query-input\":{\"@type\":\"PropertyValueSpecification\",\"valueRequired\":true,\"valueName\":\"search_term_string\"}}],\"inLanguage\":\"pt-BR\"},{\"@type\":\"Organization\",\"@id\":\"https:\/\/ubanews.com\/site\/#organization\",\"name\":\"Ub\u00e1 News\",\"url\":\"https:\/\/ubanews.com\/site\/\",\"logo\":{\"@type\":\"ImageObject\",\"inLanguage\":\"pt-BR\",\"@id\":\"https:\/\/ubanews.com\/site\/#\/schema\/logo\/image\/\",\"url\":\"https:\/\/ubanews.com\/site\/wp-content\/uploads\/2018\/01\/logoubanews.png\",\"contentUrl\":\"https:\/\/ubanews.com\/site\/wp-content\/uploads\/2018\/01\/logoubanews.png\",\"width\":261,\"height\":99,\"caption\":\"Ub\u00e1 News\"},\"image\":{\"@id\":\"https:\/\/ubanews.com\/site\/#\/schema\/logo\/image\/\"},\"sameAs\":[\"https:\/\/www.facebook.com\/Ub\u00e1News-Carlos-Roberto-Sodr\u00e9-418778301977370\"]},{\"@type\":\"Person\",\"@id\":\"https:\/\/ubanews.com\/site\/#\/schema\/person\/d90c9e47252fbb63dcc969fe4c8b9d10\",\"name\":\"Sodr\u00e9\",\"image\":{\"@type\":\"ImageObject\",\"inLanguage\":\"pt-BR\",\"@id\":\"https:\/\/secure.gravatar.com\/avatar\/5ba2793f0590b9dbfad3fdec4ee714485b3eef211c9b32ee53d414060454a56c?s=96&d=mm&r=g\",\"url\":\"https:\/\/secure.gravatar.com\/avatar\/5ba2793f0590b9dbfad3fdec4ee714485b3eef211c9b32ee53d414060454a56c?s=96&d=mm&r=g\",\"contentUrl\":\"https:\/\/secure.gravatar.com\/avatar\/5ba2793f0590b9dbfad3fdec4ee714485b3eef211c9b32ee53d414060454a56c?s=96&d=mm&r=g\",\"caption\":\"Sodr\u00e9\"},\"sameAs\":[\"https:\/\/www.facebook.com\/carosroberto.sodre.5\/\"],\"url\":\"https:\/\/ubanews.com\/site\/author\/felipe\/\"}]}<\/script>\n<!-- \/ Yoast SEO plugin. -->","yoast_head_json":{"title":"DURANTE OPERA\u00c7\u00c3O BATIDA POLICIAL FAZ PRIS\u00c3O DE FORAGIDO DA JUSTI\u00c7A EM CATAGUASES - Ub\u00e1 News","robots":{"index":"index","follow":"follow","max-snippet":"max-snippet:-1","max-image-preview":"max-image-preview:large","max-video-preview":"max-video-preview:-1"},"canonical":"https:\/\/ubanews.com\/site\/2018\/11\/07\/durante-operacao-batida-policial-faz-prisao-de-foragido-da-justica-em-cataguases\/","og_locale":"pt_BR","og_type":"article","og_title":"DURANTE OPERA\u00c7\u00c3O BATIDA POLICIAL FAZ PRIS\u00c3O DE FORAGIDO DA JUSTI\u00c7A EM CATAGUASES - Ub\u00e1 News","og_description":"No dia 06 de Novembro de 2018 \u00e0s 17h e","og_url":"https:\/\/ubanews.com\/site\/2018\/11\/07\/durante-operacao-batida-policial-faz-prisao-de-foragido-da-justica-em-cataguases\/","og_site_name":"Ub\u00e1 News","article_publisher":"https:\/\/www.facebook.com\/Ub%c3%a1News-Carlos-Roberto-Sodr%c3%a9-418778301977370","article_author":"https:\/\/www.facebook.com\/carosroberto.sodre.5\/","article_published_time":"2018-11-07T12:56:00+00:00","og_image":[{"width":800,"height":389,"url":"https:\/\/ubanews.com\/site\/wp-content\/uploads\/2018\/08\/Preso-1.jpg","type":"image\/jpeg"}],"author":"Sodr\u00e9","twitter_card":"summary_large_image","twitter_misc":{"Escrito por":"Sodr\u00e9"},"schema":{"@context":"https:\/\/schema.org","@graph":[{"@type":"Article","@id":"https:\/\/ubanews.com\/site\/2018\/11\/07\/durante-operacao-batida-policial-faz-prisao-de-foragido-da-justica-em-cataguases\/#article","isPartOf":{"@id":"https:\/\/ubanews.com\/site\/2018\/11\/07\/durante-operacao-batida-policial-faz-prisao-de-foragido-da-justica-em-cataguases\/"},"author":{"name":"Sodr\u00e9","@id":"https:\/\/ubanews.com\/site\/#\/schema\/person\/d90c9e47252fbb63dcc969fe4c8b9d10"},"headline":"DURANTE OPERA\u00c7\u00c3O BATIDA POLICIAL FAZ PRIS\u00c3O DE FORAGIDO DA JUSTI\u00c7A EM CATAGUASES","datePublished":"2018-11-07T12:56:00+00:00","mainEntityOfPage":{"@id":"https:\/\/ubanews.com\/site\/2018\/11\/07\/durante-operacao-batida-policial-faz-prisao-de-foragido-da-justica-em-cataguases\/"},"wordCount":107,"commentCount":0,"publisher":{"@id":"https:\/\/ubanews.com\/site\/#organization"},"image":{"@id":"https:\/\/ubanews.com\/site\/2018\/11\/07\/durante-operacao-batida-policial-faz-prisao-de-foragido-da-justica-em-cataguases\/#primaryimage"},"thumbnailUrl":"https:\/\/ubanews.com\/site\/wp-content\/uploads\/2018\/08\/Preso-1.jpg","articleSection":["S\u00edntese das Ocorr\u00eancias"],"inLanguage":"pt-BR","potentialAction":[{"@type":"CommentAction","name":"Comment","target":["https:\/\/ubanews.com\/site\/2018\/11\/07\/durante-operacao-batida-policial-faz-prisao-de-foragido-da-justica-em-cataguases\/#respond"]}]},{"@type":"WebPage","@id":"https:\/\/ubanews.com\/site\/2018\/11\/07\/durante-operacao-batida-policial-faz-prisao-de-foragido-da-justica-em-cataguases\/","url":"https:\/\/ubanews.com\/site\/2018\/11\/07\/durante-operacao-batida-policial-faz-prisao-de-foragido-da-justica-em-cataguases\/","name":"DURANTE OPERA\u00c7\u00c3O BATIDA POLICIAL FAZ PRIS\u00c3O DE FORAGIDO DA JUSTI\u00c7A EM CATAGUASES - Ub\u00e1 News","isPartOf":{"@id":"https:\/\/ubanews.com\/site\/#website"},"primaryImageOfPage":{"@id":"https:\/\/ubanews.com\/site\/2018\/11\/07\/durante-operacao-batida-policial-faz-prisao-de-foragido-da-justica-em-cataguases\/#primaryimage"},"image":{"@id":"https:\/\/ubanews.com\/site\/2018\/11\/07\/durante-operacao-batida-policial-faz-prisao-de-foragido-da-justica-em-cataguases\/#primaryimage"},"thumbnailUrl":"https:\/\/ubanews.com\/site\/wp-content\/uploads\/2018\/08\/Preso-1.jpg","datePublished":"2018-11-07T12:56:00+00:00","breadcrumb":{"@id":"https:\/\/ubanews.com\/site\/2018\/11\/07\/durante-operacao-batida-policial-faz-prisao-de-foragido-da-justica-em-cataguases\/#breadcrumb"},"inLanguage":"pt-BR","potentialAction":[{"@type":"ReadAction","target":["https:\/\/ubanews.com\/site\/2018\/11\/07\/durante-operacao-batida-policial-faz-prisao-de-foragido-da-justica-em-cataguases\/"]}]},{"@type":"ImageObject","inLanguage":"pt-BR","@id":"https:\/\/ubanews.com\/site\/2018\/11\/07\/durante-operacao-batida-policial-faz-prisao-de-foragido-da-justica-em-cataguases\/#primaryimage","url":"https:\/\/ubanews.com\/site\/wp-content\/uploads\/2018\/08\/Preso-1.jpg","contentUrl":"https:\/\/ubanews.com\/site\/wp-content\/uploads\/2018\/08\/Preso-1.jpg","width":800,"height":389},{"@type":"BreadcrumbList","@id":"https:\/\/ubanews.com\/site\/2018\/11\/07\/durante-operacao-batida-policial-faz-prisao-de-foragido-da-justica-em-cataguases\/#breadcrumb","itemListElement":[{"@type":"ListItem","position":1,"name":"Home","item":"https:\/\/ubanews.com\/site\/"},{"@type":"ListItem","position":2,"name":"DURANTE OPERA\u00c7\u00c3O BATIDA POLICIAL FAZ PRIS\u00c3O DE FORAGIDO DA JUSTI\u00c7A EM CATAGUASES"}]},{"@type":"WebSite","@id":"https:\/\/ubanews.com\/site\/#website","url":"https:\/\/ubanews.com\/site\/","name":"Ub\u00e1 News","description":"","publisher":{"@id":"https:\/\/ubanews.com\/site\/#organization"},"potentialAction":[{"@type":"SearchAction","target":{"@type":"EntryPoint","urlTemplate":"https:\/\/ubanews.com\/site\/?s={search_term_string}"},"query-input":{"@type":"PropertyValueSpecification","valueRequired":true,"valueName":"search_term_string"}}],"inLanguage":"pt-BR"},{"@type":"Organization","@id":"https:\/\/ubanews.com\/site\/#organization","name":"Ub\u00e1 News","url":"https:\/\/ubanews.com\/site\/","logo":{"@type":"ImageObject","inLanguage":"pt-BR","@id":"https:\/\/ubanews.com\/site\/#\/schema\/logo\/image\/","url":"https:\/\/ubanews.com\/site\/wp-content\/uploads\/2018\/01\/logoubanews.png","contentUrl":"https:\/\/ubanews.com\/site\/wp-content\/uploads\/2018\/01\/logoubanews.png","width":261,"height":99,"caption":"Ub\u00e1 News"},"image":{"@id":"https:\/\/ubanews.com\/site\/#\/schema\/logo\/image\/"},"sameAs":["https:\/\/www.facebook.com\/Ub\u00e1News-Carlos-Roberto-Sodr\u00e9-418778301977370"]},{"@type":"Person","@id":"https:\/\/ubanews.com\/site\/#\/schema\/person\/d90c9e47252fbb63dcc969fe4c8b9d10","name":"Sodr\u00e9","image":{"@type":"ImageObject","inLanguage":"pt-BR","@id":"https:\/\/secure.gravatar.com\/avatar\/5ba2793f0590b9dbfad3fdec4ee714485b3eef211c9b32ee53d414060454a56c?s=96&d=mm&r=g","url":"https:\/\/secure.gravatar.com\/avatar\/5ba2793f0590b9dbfad3fdec4ee714485b3eef211c9b32ee53d414060454a56c?s=96&d=mm&r=g","contentUrl":"https:\/\/secure.gravatar.com\/avatar\/5ba2793f0590b9dbfad3fdec4ee714485b3eef211c9b32ee53d414060454a56c?s=96&d=mm&r=g","caption":"Sodr\u00e9"},"sameAs":["https:\/\/www.facebook.com\/carosroberto.sodre.5\/"],"url":"https:\/\/ubanews.com\/site\/author\/felipe\/"}]}},"_links":{"self":[{"href":"https:\/\/ubanews.com\/site\/wp-json\/wp\/v2\/posts\/9031","targetHints":{"allow":["GET"]}}],"collection":[{"href":"https:\/\/ubanews.com\/site\/wp-json\/wp\/v2\/posts"}],"about":[{"href":"https:\/\/ubanews.com\/site\/wp-json\/wp\/v2\/types\/post"}],"author":[{"embeddable":true,"href":"https:\/\/ubanews.com\/site\/wp-json\/wp\/v2\/users\/2"}],"replies":[{"embeddable":true,"href":"https:\/\/ubanews.com\/site\/wp-json\/wp\/v2\/comments?post=9031"}],"version-history":[{"count":0,"href":"https:\/\/ubanews.com\/site\/wp-json\/wp\/v2\/posts\/9031\/revisions"}],"wp:featuredmedia":[{"embeddable":true,"href":"https:\/\/ubanews.com\/site\/wp-json\/wp\/v2\/media\/6482"}],"wp:attachment":[{"href":"https:\/\/ubanews.com\/site\/wp-json\/wp\/v2\/media?parent=9031"}],"wp:term":[{"taxonomy":"category","embeddable":true,"href":"https:\/\/ubanews.com\/site\/wp-json\/wp\/v2\/categories?post=9031"},{"taxonomy":"post_tag","embeddable":true,"href":"https:\/\/ubanews.com\/site\/wp-json\/wp\/v2\/tags?post=9031"}],"curies":[{"name":"wp","href":"https:\/\/api.w.org\/{rel}","templated":true}]}}