{"id":8730,"date":"2018-10-28T17:22:23","date_gmt":"2018-10-28T20:22:23","guid":{"rendered":"http:\/\/ubanews.com\/site\/?p=8730"},"modified":"2018-11-07T17:04:13","modified_gmt":"2018-11-07T19:04:13","slug":"pre-enem-social-premia-com-certificado-os-primeiros-colocados-no-ultimo-dia-de-aula","status":"publish","type":"post","link":"https:\/\/ubanews.com\/site\/2018\/10\/28\/pre-enem-social-premia-com-certificado-os-primeiros-colocados-no-ultimo-dia-de-aula\/","title":{"rendered":"PR\u00c9-ENEM SOCIAL PREMIA COM CERTIFICADO OS PRIMEIROS COLOCADOS NO \u00daLTIMO DIA DE AULA"},"content":{"rendered":"<p>A Escola do Legislativo da C\u00e2mara Municipal de Ub\u00e1 em parceria com o IF Sudeste Campos Rio Pomba e IF Sudeste Campus Avan\u00e7ado Ub\u00e1 vem promovendo desde o dia 04 de agosto o Pr\u00e9-Enem Social. S\u00e3o aulas preparat\u00f3rias para os alunos que ir\u00e3o prestar o Exame Nacional do Ensino M\u00e9dio nos dois primeiros finais de semana de novembro. O Poder Legislativo montou uma boa estrutura e matriculou cerca de 300 alunos que disfrutaram de aulas de alt\u00edssimo n\u00edvel, com professores que se colocaram de forma volunt\u00e1ria em todos os finais de semana, em um gesto de cidadania e solidariedade. Em apenas um final de semana as aulas n\u00e3o aconteceram. No s\u00e1bado (13), em virtude do feriado no dia anterior, o bom senso falou mais alto, tornando essa data um feriad\u00e3o. Mestres de todas as disciplinas passaram pelo Plen\u00e1rio da C\u00e2mara Municipal de Ub\u00e1.<\/p>\n<div style=\"position: relative; height: 0; padding-bottom: 56.25%;\"><iframe style=\"position: absolute; width: 100%; height: 100%; left: 0;\" data-src=\"https:\/\/www.youtube.com\/embed\/dPmj_XoY-Pw?ecver=2\" width=\"640\" height=\"360\" frameborder=\"0\" allowfullscreen=\"allowfullscreen\" src=\"data:image\/svg+xml;base64,PHN2ZyB3aWR0aD0iMSIgaGVpZ2h0PSIxIiB4bWxucz0iaHR0cDovL3d3dy53My5vcmcvMjAwMC9zdmciPjwvc3ZnPg==\" class=\"lazyload\" data-load-mode=\"1\"><\/iframe><\/div>\n<p>No \u00faltimo final de semana, conforme estava previsto, foi realizado o simulado. E alunos de institui\u00e7\u00f5es p\u00fablicas e privadas foram premiados, recebendo um certificado de primeiro, segundo ou terceira coloca\u00e7\u00e3o.<\/p>\n<p><a href=\"https:\/\/ubanews.com\/site\/wp-content\/uploads\/2018\/10\/DSC2474.jpg\"><img decoding=\"async\" class=\"alignnone size-medium wp-image-8731 lazyload\" data-src=\"https:\/\/ubanews.com\/site\/wp-content\/uploads\/2018\/10\/DSC2474-300x171.jpg\" alt=\"\" width=\"300\" height=\"171\" data-srcset=\"https:\/\/ubanews.com\/site\/wp-content\/uploads\/2018\/10\/DSC2474-300x171.jpg 300w, https:\/\/ubanews.com\/site\/wp-content\/uploads\/2018\/10\/DSC2474-768x439.jpg 768w, https:\/\/ubanews.com\/site\/wp-content\/uploads\/2018\/10\/DSC2474.jpg 800w\" data-sizes=\"(max-width: 300px) 100vw, 300px\" src=\"data:image\/svg+xml;base64,PHN2ZyB3aWR0aD0iMSIgaGVpZ2h0PSIxIiB4bWxucz0iaHR0cDovL3d3dy53My5vcmcvMjAwMC9zdmciPjwvc3ZnPg==\" style=\"--smush-placeholder-width: 300px; --smush-placeholder-aspect-ratio: 300\/171;\" \/><\/a> <a href=\"https:\/\/ubanews.com\/site\/wp-content\/uploads\/2018\/10\/DSC2478-copiar.jpg\"><img decoding=\"async\" class=\"alignnone size-medium wp-image-8732 lazyload\" data-src=\"https:\/\/ubanews.com\/site\/wp-content\/uploads\/2018\/10\/DSC2478-copiar-300x171.jpg\" alt=\"\" width=\"300\" height=\"171\" data-srcset=\"https:\/\/ubanews.com\/site\/wp-content\/uploads\/2018\/10\/DSC2478-copiar-300x171.jpg 300w, https:\/\/ubanews.com\/site\/wp-content\/uploads\/2018\/10\/DSC2478-copiar-768x439.jpg 768w, https:\/\/ubanews.com\/site\/wp-content\/uploads\/2018\/10\/DSC2478-copiar.jpg 800w\" data-sizes=\"(max-width: 300px) 100vw, 300px\" src=\"data:image\/svg+xml;base64,PHN2ZyB3aWR0aD0iMSIgaGVpZ2h0PSIxIiB4bWxucz0iaHR0cDovL3d3dy53My5vcmcvMjAwMC9zdmciPjwvc3ZnPg==\" style=\"--smush-placeholder-width: 300px; --smush-placeholder-aspect-ratio: 300\/171;\" \/><\/a> <a href=\"https:\/\/ubanews.com\/site\/wp-content\/uploads\/2018\/10\/DSC2482-copiar.jpg\"><img decoding=\"async\" class=\"alignnone size-medium wp-image-8733 lazyload\" data-src=\"https:\/\/ubanews.com\/site\/wp-content\/uploads\/2018\/10\/DSC2482-copiar-300x171.jpg\" alt=\"\" width=\"300\" height=\"171\" data-srcset=\"https:\/\/ubanews.com\/site\/wp-content\/uploads\/2018\/10\/DSC2482-copiar-300x171.jpg 300w, https:\/\/ubanews.com\/site\/wp-content\/uploads\/2018\/10\/DSC2482-copiar-768x439.jpg 768w, https:\/\/ubanews.com\/site\/wp-content\/uploads\/2018\/10\/DSC2482-copiar.jpg 800w\" data-sizes=\"(max-width: 300px) 100vw, 300px\" src=\"data:image\/svg+xml;base64,PHN2ZyB3aWR0aD0iMSIgaGVpZ2h0PSIxIiB4bWxucz0iaHR0cDovL3d3dy53My5vcmcvMjAwMC9zdmciPjwvc3ZnPg==\" style=\"--smush-placeholder-width: 300px; --smush-placeholder-aspect-ratio: 300\/171;\" \/><\/a> <a href=\"https:\/\/ubanews.com\/site\/wp-content\/uploads\/2018\/10\/DSC2486-copiar.jpg\"><img decoding=\"async\" class=\"alignnone size-medium wp-image-8734 lazyload\" data-src=\"https:\/\/ubanews.com\/site\/wp-content\/uploads\/2018\/10\/DSC2486-copiar-300x171.jpg\" alt=\"\" width=\"300\" height=\"171\" data-srcset=\"https:\/\/ubanews.com\/site\/wp-content\/uploads\/2018\/10\/DSC2486-copiar-300x171.jpg 300w, https:\/\/ubanews.com\/site\/wp-content\/uploads\/2018\/10\/DSC2486-copiar-768x439.jpg 768w, https:\/\/ubanews.com\/site\/wp-content\/uploads\/2018\/10\/DSC2486-copiar.jpg 800w\" data-sizes=\"(max-width: 300px) 100vw, 300px\" src=\"data:image\/svg+xml;base64,PHN2ZyB3aWR0aD0iMSIgaGVpZ2h0PSIxIiB4bWxucz0iaHR0cDovL3d3dy53My5vcmcvMjAwMC9zdmciPjwvc3ZnPg==\" style=\"--smush-placeholder-width: 300px; --smush-placeholder-aspect-ratio: 300\/171;\" \/><\/a> <a href=\"https:\/\/ubanews.com\/site\/wp-content\/uploads\/2018\/10\/DSC2489-copiar.jpg\"><img decoding=\"async\" class=\"alignnone size-medium wp-image-8735 lazyload\" data-src=\"https:\/\/ubanews.com\/site\/wp-content\/uploads\/2018\/10\/DSC2489-copiar-300x171.jpg\" alt=\"\" width=\"300\" height=\"171\" data-srcset=\"https:\/\/ubanews.com\/site\/wp-content\/uploads\/2018\/10\/DSC2489-copiar-300x171.jpg 300w, https:\/\/ubanews.com\/site\/wp-content\/uploads\/2018\/10\/DSC2489-copiar-768x439.jpg 768w, https:\/\/ubanews.com\/site\/wp-content\/uploads\/2018\/10\/DSC2489-copiar.jpg 800w\" data-sizes=\"(max-width: 300px) 100vw, 300px\" src=\"data:image\/svg+xml;base64,PHN2ZyB3aWR0aD0iMSIgaGVpZ2h0PSIxIiB4bWxucz0iaHR0cDovL3d3dy53My5vcmcvMjAwMC9zdmciPjwvc3ZnPg==\" style=\"--smush-placeholder-width: 300px; --smush-placeholder-aspect-ratio: 300\/171;\" \/><\/a> <a href=\"https:\/\/ubanews.com\/site\/wp-content\/uploads\/2018\/10\/DSC2492-copiar.jpg\"><img decoding=\"async\" class=\"alignnone size-medium wp-image-8736 lazyload\" data-src=\"https:\/\/ubanews.com\/site\/wp-content\/uploads\/2018\/10\/DSC2492-copiar-300x171.jpg\" alt=\"\" width=\"300\" height=\"171\" data-srcset=\"https:\/\/ubanews.com\/site\/wp-content\/uploads\/2018\/10\/DSC2492-copiar-300x171.jpg 300w, https:\/\/ubanews.com\/site\/wp-content\/uploads\/2018\/10\/DSC2492-copiar-768x439.jpg 768w, https:\/\/ubanews.com\/site\/wp-content\/uploads\/2018\/10\/DSC2492-copiar.jpg 800w\" data-sizes=\"(max-width: 300px) 100vw, 300px\" src=\"data:image\/svg+xml;base64,PHN2ZyB3aWR0aD0iMSIgaGVpZ2h0PSIxIiB4bWxucz0iaHR0cDovL3d3dy53My5vcmcvMjAwMC9zdmciPjwvc3ZnPg==\" style=\"--smush-placeholder-width: 300px; --smush-placeholder-aspect-ratio: 300\/171;\" \/><\/a> <a href=\"https:\/\/ubanews.com\/site\/wp-content\/uploads\/2018\/10\/DSC2496-copiar.jpg\"><img decoding=\"async\" class=\"alignnone size-medium wp-image-8737 lazyload\" data-src=\"https:\/\/ubanews.com\/site\/wp-content\/uploads\/2018\/10\/DSC2496-copiar-300x171.jpg\" alt=\"\" width=\"300\" height=\"171\" data-srcset=\"https:\/\/ubanews.com\/site\/wp-content\/uploads\/2018\/10\/DSC2496-copiar-300x171.jpg 300w, https:\/\/ubanews.com\/site\/wp-content\/uploads\/2018\/10\/DSC2496-copiar-768x439.jpg 768w, https:\/\/ubanews.com\/site\/wp-content\/uploads\/2018\/10\/DSC2496-copiar.jpg 800w\" data-sizes=\"(max-width: 300px) 100vw, 300px\" src=\"data:image\/svg+xml;base64,PHN2ZyB3aWR0aD0iMSIgaGVpZ2h0PSIxIiB4bWxucz0iaHR0cDovL3d3dy53My5vcmcvMjAwMC9zdmciPjwvc3ZnPg==\" style=\"--smush-placeholder-width: 300px; --smush-placeholder-aspect-ratio: 300\/171;\" \/><\/a> <a href=\"https:\/\/ubanews.com\/site\/wp-content\/uploads\/2018\/10\/DSC2498-copiar.jpg\"><img decoding=\"async\" class=\"alignnone size-medium wp-image-8738 lazyload\" data-src=\"https:\/\/ubanews.com\/site\/wp-content\/uploads\/2018\/10\/DSC2498-copiar-300x171.jpg\" alt=\"\" width=\"300\" height=\"171\" data-srcset=\"https:\/\/ubanews.com\/site\/wp-content\/uploads\/2018\/10\/DSC2498-copiar-300x171.jpg 300w, https:\/\/ubanews.com\/site\/wp-content\/uploads\/2018\/10\/DSC2498-copiar-768x439.jpg 768w, https:\/\/ubanews.com\/site\/wp-content\/uploads\/2018\/10\/DSC2498-copiar.jpg 800w\" data-sizes=\"(max-width: 300px) 100vw, 300px\" src=\"data:image\/svg+xml;base64,PHN2ZyB3aWR0aD0iMSIgaGVpZ2h0PSIxIiB4bWxucz0iaHR0cDovL3d3dy53My5vcmcvMjAwMC9zdmciPjwvc3ZnPg==\" style=\"--smush-placeholder-width: 300px; --smush-placeholder-aspect-ratio: 300\/171;\" \/><\/a> <a href=\"https:\/\/ubanews.com\/site\/wp-content\/uploads\/2018\/10\/DSC2502-copiar.jpg\"><img decoding=\"async\" class=\"alignnone size-medium wp-image-8739 lazyload\" data-src=\"https:\/\/ubanews.com\/site\/wp-content\/uploads\/2018\/10\/DSC2502-copiar-300x171.jpg\" alt=\"\" width=\"300\" height=\"171\" data-srcset=\"https:\/\/ubanews.com\/site\/wp-content\/uploads\/2018\/10\/DSC2502-copiar-300x171.jpg 300w, https:\/\/ubanews.com\/site\/wp-content\/uploads\/2018\/10\/DSC2502-copiar-768x439.jpg 768w, https:\/\/ubanews.com\/site\/wp-content\/uploads\/2018\/10\/DSC2502-copiar.jpg 800w\" data-sizes=\"(max-width: 300px) 100vw, 300px\" src=\"data:image\/svg+xml;base64,PHN2ZyB3aWR0aD0iMSIgaGVpZ2h0PSIxIiB4bWxucz0iaHR0cDovL3d3dy53My5vcmcvMjAwMC9zdmciPjwvc3ZnPg==\" style=\"--smush-placeholder-width: 300px; --smush-placeholder-aspect-ratio: 300\/171;\" \/><\/a> <a href=\"https:\/\/ubanews.com\/site\/wp-content\/uploads\/2018\/10\/DSC2504-copiar.jpg\"><img decoding=\"async\" class=\"alignnone size-medium wp-image-8740 lazyload\" data-src=\"https:\/\/ubanews.com\/site\/wp-content\/uploads\/2018\/10\/DSC2504-copiar-300x171.jpg\" alt=\"\" width=\"300\" height=\"171\" data-srcset=\"https:\/\/ubanews.com\/site\/wp-content\/uploads\/2018\/10\/DSC2504-copiar-300x171.jpg 300w, https:\/\/ubanews.com\/site\/wp-content\/uploads\/2018\/10\/DSC2504-copiar-768x439.jpg 768w, https:\/\/ubanews.com\/site\/wp-content\/uploads\/2018\/10\/DSC2504-copiar.jpg 800w\" data-sizes=\"(max-width: 300px) 100vw, 300px\" src=\"data:image\/svg+xml;base64,PHN2ZyB3aWR0aD0iMSIgaGVpZ2h0PSIxIiB4bWxucz0iaHR0cDovL3d3dy53My5vcmcvMjAwMC9zdmciPjwvc3ZnPg==\" style=\"--smush-placeholder-width: 300px; --smush-placeholder-aspect-ratio: 300\/171;\" \/><\/a><\/p>\n<p><strong><em>Primeira coloca\u00e7\u00e3o: <\/em><\/strong><\/p>\n<p>Alunos da Escola Estadual Raul Soares; Diego da Silva Marques; K\u00eania Magalh\u00e3es Bicalho de Freitas;<\/p>\n<p>Col\u00e9gio Sagrado Cora\u00e7\u00e3o de Maria; Lorrayne Ohana Coelho;<\/p>\n<p>Escola Estadual Senador Levindo Coelho; V\u00edvian de Souza Ferreira;<\/p>\n<p><strong><em>Segunda Coloca\u00e7\u00e3o:<\/em><\/strong><\/p>\n<p>Escola Estadual Raul Soares; Enthony Verazani de Oliveira; Jo\u00e3o Vitor Marcondes;<\/p>\n<p><strong><em>Terceira coloca\u00e7\u00e3o: <\/em><\/strong><\/p>\n<p>Escola Estadual Senador Levindo Coelho; Gabriele Pereira Ventura;<\/p>\n<p>IF Sudeste Campus Rio Pomba; Jeniffer da Silva Gomes;<\/p>\n<p>Escola Estadual Raul Soares; La\u00eds Oliveira do Valle; Lucas Ot\u00e1vio Marques Batista;<\/p>\n<p>Col\u00e9gio Sagrado Cora\u00e7\u00e3o de Maria; Sara Rita Souza Azevedo;<\/p>\n<p>Escola Estadual Raul Soares; Wagner dos Reis Bento;<\/p>\n<p><strong>&nbsp;&nbsp;&nbsp;&nbsp;&nbsp;&nbsp;&nbsp;&nbsp;&nbsp;&nbsp;&nbsp; <\/strong>O Portal de Not\u00edcias Ub\u00e1 News esteve l\u00e1 e registrou o encerramento das aulas do Pr\u00e9-Enem Social.<\/p>\n","protected":false},"excerpt":{"rendered":"<p>A Escola do Legislativo da C\u00e2mara Municipal de Ub\u00e1 em<\/p>\n","protected":false},"author":2,"featured_media":8741,"comment_status":"open","ping_status":"open","sticky":false,"template":"","format":"standard","meta":{"footnotes":""},"categories":[16],"tags":[],"class_list":["post-8730","post","type-post","status-publish","format-standard","has-post-thumbnail","hentry","category-camara-municipal"],"yoast_head":"<!-- This site is optimized with the Yoast SEO plugin v27.2 - https:\/\/yoast.com\/product\/yoast-seo-wordpress\/ -->\n<title>PR\u00c9-ENEM SOCIAL PREMIA COM CERTIFICADO OS PRIMEIROS COLOCADOS NO \u00daLTIMO DIA DE AULA - Ub\u00e1 News<\/title>\n<meta name=\"robots\" content=\"index, follow, max-snippet:-1, max-image-preview:large, max-video-preview:-1\" \/>\n<link rel=\"canonical\" href=\"https:\/\/ubanews.com\/site\/2018\/10\/28\/pre-enem-social-premia-com-certificado-os-primeiros-colocados-no-ultimo-dia-de-aula\/\" \/>\n<meta property=\"og:locale\" content=\"pt_BR\" \/>\n<meta property=\"og:type\" content=\"article\" \/>\n<meta property=\"og:title\" content=\"PR\u00c9-ENEM SOCIAL PREMIA COM CERTIFICADO OS PRIMEIROS COLOCADOS NO \u00daLTIMO DIA DE AULA - Ub\u00e1 News\" \/>\n<meta property=\"og:description\" content=\"A Escola do Legislativo da C\u00e2mara Municipal de Ub\u00e1 em\" \/>\n<meta property=\"og:url\" content=\"https:\/\/ubanews.com\/site\/2018\/10\/28\/pre-enem-social-premia-com-certificado-os-primeiros-colocados-no-ultimo-dia-de-aula\/\" \/>\n<meta property=\"og:site_name\" content=\"Ub\u00e1 News\" \/>\n<meta property=\"article:publisher\" content=\"https:\/\/www.facebook.com\/Ub%c3%a1News-Carlos-Roberto-Sodr%c3%a9-418778301977370\" \/>\n<meta property=\"article:author\" content=\"https:\/\/www.facebook.com\/carosroberto.sodre.5\/\" \/>\n<meta property=\"article:published_time\" content=\"2018-10-28T20:22:23+00:00\" \/>\n<meta property=\"article:modified_time\" content=\"2018-11-07T19:04:13+00:00\" \/>\n<meta property=\"og:image\" content=\"https:\/\/ubanews.com\/site\/wp-content\/uploads\/2018\/10\/DSC2516-copiar.jpg\" \/>\n\t<meta property=\"og:image:width\" content=\"800\" \/>\n\t<meta property=\"og:image:height\" content=\"389\" \/>\n\t<meta property=\"og:image:type\" content=\"image\/jpeg\" \/>\n<meta name=\"author\" content=\"Sodr\u00e9\" \/>\n<meta name=\"twitter:card\" content=\"summary_large_image\" \/>\n<meta name=\"twitter:label1\" content=\"Escrito por\" \/>\n\t<meta name=\"twitter:data1\" content=\"Sodr\u00e9\" \/>\n\t<meta name=\"twitter:label2\" content=\"Est. tempo de leitura\" \/>\n\t<meta name=\"twitter:data2\" content=\"2 minutos\" \/>\n<script type=\"application\/ld+json\" class=\"yoast-schema-graph\">{\"@context\":\"https:\/\/schema.org\",\"@graph\":[{\"@type\":\"Article\",\"@id\":\"https:\/\/ubanews.com\/site\/2018\/10\/28\/pre-enem-social-premia-com-certificado-os-primeiros-colocados-no-ultimo-dia-de-aula\/#article\",\"isPartOf\":{\"@id\":\"https:\/\/ubanews.com\/site\/2018\/10\/28\/pre-enem-social-premia-com-certificado-os-primeiros-colocados-no-ultimo-dia-de-aula\/\"},\"author\":{\"name\":\"Sodr\u00e9\",\"@id\":\"https:\/\/ubanews.com\/site\/#\/schema\/person\/d90c9e47252fbb63dcc969fe4c8b9d10\"},\"headline\":\"PR\u00c9-ENEM SOCIAL PREMIA COM CERTIFICADO OS PRIMEIROS COLOCADOS NO \u00daLTIMO DIA DE AULA\",\"datePublished\":\"2018-10-28T20:22:23+00:00\",\"dateModified\":\"2018-11-07T19:04:13+00:00\",\"mainEntityOfPage\":{\"@id\":\"https:\/\/ubanews.com\/site\/2018\/10\/28\/pre-enem-social-premia-com-certificado-os-primeiros-colocados-no-ultimo-dia-de-aula\/\"},\"wordCount\":340,\"commentCount\":0,\"publisher\":{\"@id\":\"https:\/\/ubanews.com\/site\/#organization\"},\"image\":{\"@id\":\"https:\/\/ubanews.com\/site\/2018\/10\/28\/pre-enem-social-premia-com-certificado-os-primeiros-colocados-no-ultimo-dia-de-aula\/#primaryimage\"},\"thumbnailUrl\":\"https:\/\/ubanews.com\/site\/wp-content\/uploads\/2018\/10\/DSC2516-copiar.jpg\",\"articleSection\":[\"C\u00e2mara Municipal\"],\"inLanguage\":\"pt-BR\",\"potentialAction\":[{\"@type\":\"CommentAction\",\"name\":\"Comment\",\"target\":[\"https:\/\/ubanews.com\/site\/2018\/10\/28\/pre-enem-social-premia-com-certificado-os-primeiros-colocados-no-ultimo-dia-de-aula\/#respond\"]}]},{\"@type\":\"WebPage\",\"@id\":\"https:\/\/ubanews.com\/site\/2018\/10\/28\/pre-enem-social-premia-com-certificado-os-primeiros-colocados-no-ultimo-dia-de-aula\/\",\"url\":\"https:\/\/ubanews.com\/site\/2018\/10\/28\/pre-enem-social-premia-com-certificado-os-primeiros-colocados-no-ultimo-dia-de-aula\/\",\"name\":\"PR\u00c9-ENEM SOCIAL PREMIA COM CERTIFICADO OS PRIMEIROS COLOCADOS NO \u00daLTIMO DIA DE AULA - Ub\u00e1 News\",\"isPartOf\":{\"@id\":\"https:\/\/ubanews.com\/site\/#website\"},\"primaryImageOfPage\":{\"@id\":\"https:\/\/ubanews.com\/site\/2018\/10\/28\/pre-enem-social-premia-com-certificado-os-primeiros-colocados-no-ultimo-dia-de-aula\/#primaryimage\"},\"image\":{\"@id\":\"https:\/\/ubanews.com\/site\/2018\/10\/28\/pre-enem-social-premia-com-certificado-os-primeiros-colocados-no-ultimo-dia-de-aula\/#primaryimage\"},\"thumbnailUrl\":\"https:\/\/ubanews.com\/site\/wp-content\/uploads\/2018\/10\/DSC2516-copiar.jpg\",\"datePublished\":\"2018-10-28T20:22:23+00:00\",\"dateModified\":\"2018-11-07T19:04:13+00:00\",\"breadcrumb\":{\"@id\":\"https:\/\/ubanews.com\/site\/2018\/10\/28\/pre-enem-social-premia-com-certificado-os-primeiros-colocados-no-ultimo-dia-de-aula\/#breadcrumb\"},\"inLanguage\":\"pt-BR\",\"potentialAction\":[{\"@type\":\"ReadAction\",\"target\":[\"https:\/\/ubanews.com\/site\/2018\/10\/28\/pre-enem-social-premia-com-certificado-os-primeiros-colocados-no-ultimo-dia-de-aula\/\"]}]},{\"@type\":\"ImageObject\",\"inLanguage\":\"pt-BR\",\"@id\":\"https:\/\/ubanews.com\/site\/2018\/10\/28\/pre-enem-social-premia-com-certificado-os-primeiros-colocados-no-ultimo-dia-de-aula\/#primaryimage\",\"url\":\"https:\/\/ubanews.com\/site\/wp-content\/uploads\/2018\/10\/DSC2516-copiar.jpg\",\"contentUrl\":\"https:\/\/ubanews.com\/site\/wp-content\/uploads\/2018\/10\/DSC2516-copiar.jpg\",\"width\":800,\"height\":389},{\"@type\":\"BreadcrumbList\",\"@id\":\"https:\/\/ubanews.com\/site\/2018\/10\/28\/pre-enem-social-premia-com-certificado-os-primeiros-colocados-no-ultimo-dia-de-aula\/#breadcrumb\",\"itemListElement\":[{\"@type\":\"ListItem\",\"position\":1,\"name\":\"Home\",\"item\":\"https:\/\/ubanews.com\/site\/\"},{\"@type\":\"ListItem\",\"position\":2,\"name\":\"PR\u00c9-ENEM SOCIAL PREMIA COM CERTIFICADO OS PRIMEIROS COLOCADOS NO \u00daLTIMO DIA DE AULA\"}]},{\"@type\":\"WebSite\",\"@id\":\"https:\/\/ubanews.com\/site\/#website\",\"url\":\"https:\/\/ubanews.com\/site\/\",\"name\":\"Ub\u00e1 News\",\"description\":\"\",\"publisher\":{\"@id\":\"https:\/\/ubanews.com\/site\/#organization\"},\"potentialAction\":[{\"@type\":\"SearchAction\",\"target\":{\"@type\":\"EntryPoint\",\"urlTemplate\":\"https:\/\/ubanews.com\/site\/?s={search_term_string}\"},\"query-input\":{\"@type\":\"PropertyValueSpecification\",\"valueRequired\":true,\"valueName\":\"search_term_string\"}}],\"inLanguage\":\"pt-BR\"},{\"@type\":\"Organization\",\"@id\":\"https:\/\/ubanews.com\/site\/#organization\",\"name\":\"Ub\u00e1 News\",\"url\":\"https:\/\/ubanews.com\/site\/\",\"logo\":{\"@type\":\"ImageObject\",\"inLanguage\":\"pt-BR\",\"@id\":\"https:\/\/ubanews.com\/site\/#\/schema\/logo\/image\/\",\"url\":\"https:\/\/ubanews.com\/site\/wp-content\/uploads\/2018\/01\/logoubanews.png\",\"contentUrl\":\"https:\/\/ubanews.com\/site\/wp-content\/uploads\/2018\/01\/logoubanews.png\",\"width\":261,\"height\":99,\"caption\":\"Ub\u00e1 News\"},\"image\":{\"@id\":\"https:\/\/ubanews.com\/site\/#\/schema\/logo\/image\/\"},\"sameAs\":[\"https:\/\/www.facebook.com\/Ub\u00e1News-Carlos-Roberto-Sodr\u00e9-418778301977370\"]},{\"@type\":\"Person\",\"@id\":\"https:\/\/ubanews.com\/site\/#\/schema\/person\/d90c9e47252fbb63dcc969fe4c8b9d10\",\"name\":\"Sodr\u00e9\",\"image\":{\"@type\":\"ImageObject\",\"inLanguage\":\"pt-BR\",\"@id\":\"https:\/\/secure.gravatar.com\/avatar\/5ba2793f0590b9dbfad3fdec4ee714485b3eef211c9b32ee53d414060454a56c?s=96&d=mm&r=g\",\"url\":\"https:\/\/secure.gravatar.com\/avatar\/5ba2793f0590b9dbfad3fdec4ee714485b3eef211c9b32ee53d414060454a56c?s=96&d=mm&r=g\",\"contentUrl\":\"https:\/\/secure.gravatar.com\/avatar\/5ba2793f0590b9dbfad3fdec4ee714485b3eef211c9b32ee53d414060454a56c?s=96&d=mm&r=g\",\"caption\":\"Sodr\u00e9\"},\"sameAs\":[\"https:\/\/www.facebook.com\/carosroberto.sodre.5\/\"],\"url\":\"https:\/\/ubanews.com\/site\/author\/felipe\/\"}]}<\/script>\n<!-- \/ Yoast SEO plugin. -->","yoast_head_json":{"title":"PR\u00c9-ENEM SOCIAL PREMIA COM CERTIFICADO OS PRIMEIROS COLOCADOS NO \u00daLTIMO DIA DE AULA - Ub\u00e1 News","robots":{"index":"index","follow":"follow","max-snippet":"max-snippet:-1","max-image-preview":"max-image-preview:large","max-video-preview":"max-video-preview:-1"},"canonical":"https:\/\/ubanews.com\/site\/2018\/10\/28\/pre-enem-social-premia-com-certificado-os-primeiros-colocados-no-ultimo-dia-de-aula\/","og_locale":"pt_BR","og_type":"article","og_title":"PR\u00c9-ENEM SOCIAL PREMIA COM CERTIFICADO OS PRIMEIROS COLOCADOS NO \u00daLTIMO DIA DE AULA - Ub\u00e1 News","og_description":"A Escola do Legislativo da C\u00e2mara Municipal de Ub\u00e1 em","og_url":"https:\/\/ubanews.com\/site\/2018\/10\/28\/pre-enem-social-premia-com-certificado-os-primeiros-colocados-no-ultimo-dia-de-aula\/","og_site_name":"Ub\u00e1 News","article_publisher":"https:\/\/www.facebook.com\/Ub%c3%a1News-Carlos-Roberto-Sodr%c3%a9-418778301977370","article_author":"https:\/\/www.facebook.com\/carosroberto.sodre.5\/","article_published_time":"2018-10-28T20:22:23+00:00","article_modified_time":"2018-11-07T19:04:13+00:00","og_image":[{"width":800,"height":389,"url":"https:\/\/ubanews.com\/site\/wp-content\/uploads\/2018\/10\/DSC2516-copiar.jpg","type":"image\/jpeg"}],"author":"Sodr\u00e9","twitter_card":"summary_large_image","twitter_misc":{"Escrito por":"Sodr\u00e9","Est. tempo de leitura":"2 minutos"},"schema":{"@context":"https:\/\/schema.org","@graph":[{"@type":"Article","@id":"https:\/\/ubanews.com\/site\/2018\/10\/28\/pre-enem-social-premia-com-certificado-os-primeiros-colocados-no-ultimo-dia-de-aula\/#article","isPartOf":{"@id":"https:\/\/ubanews.com\/site\/2018\/10\/28\/pre-enem-social-premia-com-certificado-os-primeiros-colocados-no-ultimo-dia-de-aula\/"},"author":{"name":"Sodr\u00e9","@id":"https:\/\/ubanews.com\/site\/#\/schema\/person\/d90c9e47252fbb63dcc969fe4c8b9d10"},"headline":"PR\u00c9-ENEM SOCIAL PREMIA COM CERTIFICADO OS PRIMEIROS COLOCADOS NO \u00daLTIMO DIA DE AULA","datePublished":"2018-10-28T20:22:23+00:00","dateModified":"2018-11-07T19:04:13+00:00","mainEntityOfPage":{"@id":"https:\/\/ubanews.com\/site\/2018\/10\/28\/pre-enem-social-premia-com-certificado-os-primeiros-colocados-no-ultimo-dia-de-aula\/"},"wordCount":340,"commentCount":0,"publisher":{"@id":"https:\/\/ubanews.com\/site\/#organization"},"image":{"@id":"https:\/\/ubanews.com\/site\/2018\/10\/28\/pre-enem-social-premia-com-certificado-os-primeiros-colocados-no-ultimo-dia-de-aula\/#primaryimage"},"thumbnailUrl":"https:\/\/ubanews.com\/site\/wp-content\/uploads\/2018\/10\/DSC2516-copiar.jpg","articleSection":["C\u00e2mara Municipal"],"inLanguage":"pt-BR","potentialAction":[{"@type":"CommentAction","name":"Comment","target":["https:\/\/ubanews.com\/site\/2018\/10\/28\/pre-enem-social-premia-com-certificado-os-primeiros-colocados-no-ultimo-dia-de-aula\/#respond"]}]},{"@type":"WebPage","@id":"https:\/\/ubanews.com\/site\/2018\/10\/28\/pre-enem-social-premia-com-certificado-os-primeiros-colocados-no-ultimo-dia-de-aula\/","url":"https:\/\/ubanews.com\/site\/2018\/10\/28\/pre-enem-social-premia-com-certificado-os-primeiros-colocados-no-ultimo-dia-de-aula\/","name":"PR\u00c9-ENEM SOCIAL PREMIA COM CERTIFICADO OS PRIMEIROS COLOCADOS NO \u00daLTIMO DIA DE AULA - Ub\u00e1 News","isPartOf":{"@id":"https:\/\/ubanews.com\/site\/#website"},"primaryImageOfPage":{"@id":"https:\/\/ubanews.com\/site\/2018\/10\/28\/pre-enem-social-premia-com-certificado-os-primeiros-colocados-no-ultimo-dia-de-aula\/#primaryimage"},"image":{"@id":"https:\/\/ubanews.com\/site\/2018\/10\/28\/pre-enem-social-premia-com-certificado-os-primeiros-colocados-no-ultimo-dia-de-aula\/#primaryimage"},"thumbnailUrl":"https:\/\/ubanews.com\/site\/wp-content\/uploads\/2018\/10\/DSC2516-copiar.jpg","datePublished":"2018-10-28T20:22:23+00:00","dateModified":"2018-11-07T19:04:13+00:00","breadcrumb":{"@id":"https:\/\/ubanews.com\/site\/2018\/10\/28\/pre-enem-social-premia-com-certificado-os-primeiros-colocados-no-ultimo-dia-de-aula\/#breadcrumb"},"inLanguage":"pt-BR","potentialAction":[{"@type":"ReadAction","target":["https:\/\/ubanews.com\/site\/2018\/10\/28\/pre-enem-social-premia-com-certificado-os-primeiros-colocados-no-ultimo-dia-de-aula\/"]}]},{"@type":"ImageObject","inLanguage":"pt-BR","@id":"https:\/\/ubanews.com\/site\/2018\/10\/28\/pre-enem-social-premia-com-certificado-os-primeiros-colocados-no-ultimo-dia-de-aula\/#primaryimage","url":"https:\/\/ubanews.com\/site\/wp-content\/uploads\/2018\/10\/DSC2516-copiar.jpg","contentUrl":"https:\/\/ubanews.com\/site\/wp-content\/uploads\/2018\/10\/DSC2516-copiar.jpg","width":800,"height":389},{"@type":"BreadcrumbList","@id":"https:\/\/ubanews.com\/site\/2018\/10\/28\/pre-enem-social-premia-com-certificado-os-primeiros-colocados-no-ultimo-dia-de-aula\/#breadcrumb","itemListElement":[{"@type":"ListItem","position":1,"name":"Home","item":"https:\/\/ubanews.com\/site\/"},{"@type":"ListItem","position":2,"name":"PR\u00c9-ENEM SOCIAL PREMIA COM CERTIFICADO OS PRIMEIROS COLOCADOS NO \u00daLTIMO DIA DE AULA"}]},{"@type":"WebSite","@id":"https:\/\/ubanews.com\/site\/#website","url":"https:\/\/ubanews.com\/site\/","name":"Ub\u00e1 News","description":"","publisher":{"@id":"https:\/\/ubanews.com\/site\/#organization"},"potentialAction":[{"@type":"SearchAction","target":{"@type":"EntryPoint","urlTemplate":"https:\/\/ubanews.com\/site\/?s={search_term_string}"},"query-input":{"@type":"PropertyValueSpecification","valueRequired":true,"valueName":"search_term_string"}}],"inLanguage":"pt-BR"},{"@type":"Organization","@id":"https:\/\/ubanews.com\/site\/#organization","name":"Ub\u00e1 News","url":"https:\/\/ubanews.com\/site\/","logo":{"@type":"ImageObject","inLanguage":"pt-BR","@id":"https:\/\/ubanews.com\/site\/#\/schema\/logo\/image\/","url":"https:\/\/ubanews.com\/site\/wp-content\/uploads\/2018\/01\/logoubanews.png","contentUrl":"https:\/\/ubanews.com\/site\/wp-content\/uploads\/2018\/01\/logoubanews.png","width":261,"height":99,"caption":"Ub\u00e1 News"},"image":{"@id":"https:\/\/ubanews.com\/site\/#\/schema\/logo\/image\/"},"sameAs":["https:\/\/www.facebook.com\/Ub\u00e1News-Carlos-Roberto-Sodr\u00e9-418778301977370"]},{"@type":"Person","@id":"https:\/\/ubanews.com\/site\/#\/schema\/person\/d90c9e47252fbb63dcc969fe4c8b9d10","name":"Sodr\u00e9","image":{"@type":"ImageObject","inLanguage":"pt-BR","@id":"https:\/\/secure.gravatar.com\/avatar\/5ba2793f0590b9dbfad3fdec4ee714485b3eef211c9b32ee53d414060454a56c?s=96&d=mm&r=g","url":"https:\/\/secure.gravatar.com\/avatar\/5ba2793f0590b9dbfad3fdec4ee714485b3eef211c9b32ee53d414060454a56c?s=96&d=mm&r=g","contentUrl":"https:\/\/secure.gravatar.com\/avatar\/5ba2793f0590b9dbfad3fdec4ee714485b3eef211c9b32ee53d414060454a56c?s=96&d=mm&r=g","caption":"Sodr\u00e9"},"sameAs":["https:\/\/www.facebook.com\/carosroberto.sodre.5\/"],"url":"https:\/\/ubanews.com\/site\/author\/felipe\/"}]}},"_links":{"self":[{"href":"https:\/\/ubanews.com\/site\/wp-json\/wp\/v2\/posts\/8730","targetHints":{"allow":["GET"]}}],"collection":[{"href":"https:\/\/ubanews.com\/site\/wp-json\/wp\/v2\/posts"}],"about":[{"href":"https:\/\/ubanews.com\/site\/wp-json\/wp\/v2\/types\/post"}],"author":[{"embeddable":true,"href":"https:\/\/ubanews.com\/site\/wp-json\/wp\/v2\/users\/2"}],"replies":[{"embeddable":true,"href":"https:\/\/ubanews.com\/site\/wp-json\/wp\/v2\/comments?post=8730"}],"version-history":[{"count":0,"href":"https:\/\/ubanews.com\/site\/wp-json\/wp\/v2\/posts\/8730\/revisions"}],"wp:featuredmedia":[{"embeddable":true,"href":"https:\/\/ubanews.com\/site\/wp-json\/wp\/v2\/media\/8741"}],"wp:attachment":[{"href":"https:\/\/ubanews.com\/site\/wp-json\/wp\/v2\/media?parent=8730"}],"wp:term":[{"taxonomy":"category","embeddable":true,"href":"https:\/\/ubanews.com\/site\/wp-json\/wp\/v2\/categories?post=8730"},{"taxonomy":"post_tag","embeddable":true,"href":"https:\/\/ubanews.com\/site\/wp-json\/wp\/v2\/tags?post=8730"}],"curies":[{"name":"wp","href":"https:\/\/api.w.org\/{rel}","templated":true}]}}