{"id":8685,"date":"2018-10-26T18:38:56","date_gmt":"2018-10-26T21:38:56","guid":{"rendered":"http:\/\/ubanews.com\/site\/?p=8685"},"modified":"2018-11-05T21:28:06","modified_gmt":"2018-11-05T23:28:06","slug":"o-ex-deputado-ibrahim-jacob-foi-lembrado-por-amigos-e-familiares-no-dia-de-seu-aniversario","status":"publish","type":"post","link":"https:\/\/ubanews.com\/site\/2018\/10\/26\/o-ex-deputado-ibrahim-jacob-foi-lembrado-por-amigos-e-familiares-no-dia-de-seu-aniversario\/","title":{"rendered":"O EX-DEPUTADO IBRAHIM JACOB FOI LEMBRADO POR AMIGOS E FAMILIARES NO DIA DE SEU ANIVERS\u00c1RIO"},"content":{"rendered":"<p><a href=\"https:\/\/ubanews.com\/site\/wp-content\/uploads\/2018\/10\/DSC1690-copiar.jpg\"><img decoding=\"async\" class=\"alignnone size-medium wp-image-8691 lazyload\" data-src=\"https:\/\/ubanews.com\/site\/wp-content\/uploads\/2018\/10\/DSC1690-copiar-300x171.jpg\" alt=\"\" width=\"300\" height=\"171\" data-srcset=\"https:\/\/ubanews.com\/site\/wp-content\/uploads\/2018\/10\/DSC1690-copiar-300x171.jpg 300w, https:\/\/ubanews.com\/site\/wp-content\/uploads\/2018\/10\/DSC1690-copiar-768x439.jpg 768w, https:\/\/ubanews.com\/site\/wp-content\/uploads\/2018\/10\/DSC1690-copiar.jpg 800w\" data-sizes=\"(max-width: 300px) 100vw, 300px\" src=\"data:image\/svg+xml;base64,PHN2ZyB3aWR0aD0iMSIgaGVpZ2h0PSIxIiB4bWxucz0iaHR0cDovL3d3dy53My5vcmcvMjAwMC9zdmciPjwvc3ZnPg==\" style=\"--smush-placeholder-width: 300px; --smush-placeholder-aspect-ratio: 300\/171;\" \/><\/a> <a href=\"https:\/\/ubanews.com\/site\/wp-content\/uploads\/2018\/10\/DSC1686-copiar.jpg\"><img decoding=\"async\" class=\"alignnone size-medium wp-image-8690 lazyload\" data-src=\"https:\/\/ubanews.com\/site\/wp-content\/uploads\/2018\/10\/DSC1686-copiar-300x171.jpg\" alt=\"\" width=\"300\" height=\"171\" data-srcset=\"https:\/\/ubanews.com\/site\/wp-content\/uploads\/2018\/10\/DSC1686-copiar-300x171.jpg 300w, https:\/\/ubanews.com\/site\/wp-content\/uploads\/2018\/10\/DSC1686-copiar-768x439.jpg 768w, https:\/\/ubanews.com\/site\/wp-content\/uploads\/2018\/10\/DSC1686-copiar.jpg 800w\" data-sizes=\"(max-width: 300px) 100vw, 300px\" src=\"data:image\/svg+xml;base64,PHN2ZyB3aWR0aD0iMSIgaGVpZ2h0PSIxIiB4bWxucz0iaHR0cDovL3d3dy53My5vcmcvMjAwMC9zdmciPjwvc3ZnPg==\" style=\"--smush-placeholder-width: 300px; --smush-placeholder-aspect-ratio: 300\/171;\" \/><\/a> <a href=\"https:\/\/ubanews.com\/site\/wp-content\/uploads\/2018\/10\/DSC1670-copiar.jpg\"><img decoding=\"async\" class=\"alignnone size-medium wp-image-8689 lazyload\" data-src=\"https:\/\/ubanews.com\/site\/wp-content\/uploads\/2018\/10\/DSC1670-copiar-300x171.jpg\" alt=\"\" width=\"300\" height=\"171\" data-srcset=\"https:\/\/ubanews.com\/site\/wp-content\/uploads\/2018\/10\/DSC1670-copiar-300x171.jpg 300w, https:\/\/ubanews.com\/site\/wp-content\/uploads\/2018\/10\/DSC1670-copiar-768x439.jpg 768w, https:\/\/ubanews.com\/site\/wp-content\/uploads\/2018\/10\/DSC1670-copiar.jpg 800w\" data-sizes=\"(max-width: 300px) 100vw, 300px\" src=\"data:image\/svg+xml;base64,PHN2ZyB3aWR0aD0iMSIgaGVpZ2h0PSIxIiB4bWxucz0iaHR0cDovL3d3dy53My5vcmcvMjAwMC9zdmciPjwvc3ZnPg==\" style=\"--smush-placeholder-width: 300px; --smush-placeholder-aspect-ratio: 300\/171;\" \/><\/a> <a href=\"https:\/\/ubanews.com\/site\/wp-content\/uploads\/2018\/10\/DSC1661-copiar.jpg\"><img decoding=\"async\" class=\"alignnone size-medium wp-image-8688 lazyload\" data-src=\"https:\/\/ubanews.com\/site\/wp-content\/uploads\/2018\/10\/DSC1661-copiar-300x171.jpg\" alt=\"\" width=\"300\" height=\"171\" data-srcset=\"https:\/\/ubanews.com\/site\/wp-content\/uploads\/2018\/10\/DSC1661-copiar-300x171.jpg 300w, https:\/\/ubanews.com\/site\/wp-content\/uploads\/2018\/10\/DSC1661-copiar-768x439.jpg 768w, https:\/\/ubanews.com\/site\/wp-content\/uploads\/2018\/10\/DSC1661-copiar.jpg 800w\" data-sizes=\"(max-width: 300px) 100vw, 300px\" src=\"data:image\/svg+xml;base64,PHN2ZyB3aWR0aD0iMSIgaGVpZ2h0PSIxIiB4bWxucz0iaHR0cDovL3d3dy53My5vcmcvMjAwMC9zdmciPjwvc3ZnPg==\" style=\"--smush-placeholder-width: 300px; --smush-placeholder-aspect-ratio: 300\/171;\" \/><\/a> <a href=\"https:\/\/ubanews.com\/site\/wp-content\/uploads\/2018\/10\/DSC1660-copiar.jpg\"><img decoding=\"async\" class=\"alignnone size-medium wp-image-8687 lazyload\" data-src=\"https:\/\/ubanews.com\/site\/wp-content\/uploads\/2018\/10\/DSC1660-copiar-300x171.jpg\" alt=\"\" width=\"300\" height=\"171\" data-srcset=\"https:\/\/ubanews.com\/site\/wp-content\/uploads\/2018\/10\/DSC1660-copiar-300x171.jpg 300w, https:\/\/ubanews.com\/site\/wp-content\/uploads\/2018\/10\/DSC1660-copiar-768x439.jpg 768w, https:\/\/ubanews.com\/site\/wp-content\/uploads\/2018\/10\/DSC1660-copiar.jpg 800w\" data-sizes=\"(max-width: 300px) 100vw, 300px\" src=\"data:image\/svg+xml;base64,PHN2ZyB3aWR0aD0iMSIgaGVpZ2h0PSIxIiB4bWxucz0iaHR0cDovL3d3dy53My5vcmcvMjAwMC9zdmciPjwvc3ZnPg==\" style=\"--smush-placeholder-width: 300px; --smush-placeholder-aspect-ratio: 300\/171;\" \/><\/a> <a href=\"https:\/\/ubanews.com\/site\/wp-content\/uploads\/2018\/10\/DSC1637-copiar.jpg\"><img decoding=\"async\" class=\"alignnone size-medium wp-image-8686 lazyload\" data-src=\"https:\/\/ubanews.com\/site\/wp-content\/uploads\/2018\/10\/DSC1637-copiar-300x171.jpg\" alt=\"\" width=\"300\" height=\"171\" data-srcset=\"https:\/\/ubanews.com\/site\/wp-content\/uploads\/2018\/10\/DSC1637-copiar-300x171.jpg 300w, https:\/\/ubanews.com\/site\/wp-content\/uploads\/2018\/10\/DSC1637-copiar-768x439.jpg 768w, https:\/\/ubanews.com\/site\/wp-content\/uploads\/2018\/10\/DSC1637-copiar.jpg 800w\" data-sizes=\"(max-width: 300px) 100vw, 300px\" src=\"data:image\/svg+xml;base64,PHN2ZyB3aWR0aD0iMSIgaGVpZ2h0PSIxIiB4bWxucz0iaHR0cDovL3d3dy53My5vcmcvMjAwMC9zdmciPjwvc3ZnPg==\" style=\"--smush-placeholder-width: 300px; --smush-placeholder-aspect-ratio: 300\/171;\" \/><\/a><!--more--><\/p>\n<p>Os diretores do Dames (Departamento de Assist\u00eancia M\u00e9dico-Social) da Loja Ma\u00e7\u00f4nica Fraternidade Ubaense promoveram nesta quinta-feira (25) o sorteio de conjunto de estofados entre os colaboradores da institui\u00e7\u00e3o, onde a ganhadora foi a advogada Patr\u00edcia Carneiro Queiroz. A data n\u00e3o foi escolhida aleatoriamente, em 25 de outubro de 1920 nascia em Ub\u00e1 o grande empreendedor Ibrahim Jacob. Homem de grande valor. Foi pol\u00edtico, sendo deputado estadual em duas legislaturas, onde chegou a presid\u00eancia da Assembleia Legislativa. Como desportista, esse ilustre ubaense foi diretor do Esporte Clube Aymores e nutria uma simpatia enorme pelo Cruzeiro de Belo Horizonte e pelo Fluminense Futebol Clube do Rio de Janeiro.<\/p>\n<p>N\u00e3o faltaram motivos para esse encontro de amigos e familiares na Travessa Isa\u00edas Nazareth, 38, centro. Tr\u00eas pessoas dos mais distintos setores da sociedade ubaense foram convidadas para a realiza\u00e7\u00e3o do sorteio, s\u00e3o elas: Carlos Roberto Sodr\u00e9; L\u00e9lia Ara\u00fajo Ribeiro Poggiali Gasparoni e Miguel Arcanjo de Paula Batista. &nbsp;<\/p>\n<p>O Portal de Not\u00edcias Ub\u00e1 News cobriu o evento com exclusividade, conversando com familiares e amigos de Ibrahim Jacob.<\/p>\n<p><iframe data-src=\"https:\/\/www.youtube.com\/embed\/uv2BKlRFzDg\" width=\"560\" height=\"315\" frameborder=\"0\" allowfullscreen=\"allowfullscreen\" src=\"data:image\/svg+xml;base64,PHN2ZyB3aWR0aD0iMSIgaGVpZ2h0PSIxIiB4bWxucz0iaHR0cDovL3d3dy53My5vcmcvMjAwMC9zdmciPjwvc3ZnPg==\" class=\"lazyload\" data-load-mode=\"1\"><\/iframe><br \/>\n<iframe data-src=\"https:\/\/www.youtube.com\/embed\/2yTd0Z6zKIc\" width=\"560\" height=\"315\" frameborder=\"0\" allowfullscreen=\"allowfullscreen\" src=\"data:image\/svg+xml;base64,PHN2ZyB3aWR0aD0iMSIgaGVpZ2h0PSIxIiB4bWxucz0iaHR0cDovL3d3dy53My5vcmcvMjAwMC9zdmciPjwvc3ZnPg==\" class=\"lazyload\" data-load-mode=\"1\"><\/iframe><br \/>\n<iframe data-src=\"https:\/\/www.youtube.com\/embed\/IVyhQ-1C0KU\" width=\"560\" height=\"315\" frameborder=\"0\" allowfullscreen=\"allowfullscreen\" src=\"data:image\/svg+xml;base64,PHN2ZyB3aWR0aD0iMSIgaGVpZ2h0PSIxIiB4bWxucz0iaHR0cDovL3d3dy53My5vcmcvMjAwMC9zdmciPjwvc3ZnPg==\" class=\"lazyload\" data-load-mode=\"1\"><\/iframe><br \/>\n<iframe data-src=\"https:\/\/www.youtube.com\/embed\/PIVpvOj48ok\" width=\"560\" height=\"315\" frameborder=\"0\" allowfullscreen=\"allowfullscreen\" src=\"data:image\/svg+xml;base64,PHN2ZyB3aWR0aD0iMSIgaGVpZ2h0PSIxIiB4bWxucz0iaHR0cDovL3d3dy53My5vcmcvMjAwMC9zdmciPjwvc3ZnPg==\" class=\"lazyload\" data-load-mode=\"1\"><\/iframe><\/p>\n<p>Contribuintes com o Dames<\/p>\n<ul>\n<li>Energisa<\/li>\n<\/ul>\n<p>01 \u2013 Adriana dos Santos Miranda<\/p>\n<p>02 \u2013 Anderson Luiz da Silva<\/p>\n<p>03 \u2013 Angelina Aparecida Domingos<\/p>\n<p>04 \u2013 Ari Moraes<\/p>\n<p>05 \u2013 Bruna Peixoto Guimar\u00e3es<\/p>\n<p>06 \u2013 Eduardo Marciano<\/p>\n<p>07 \u2013 Eli Izidoro Moreira<\/p>\n<p>08 \u2013 Elvira Ferreira Messias<\/p>\n<p>09 \u2013 Ibrahim Jacob Filho<\/p>\n<p>10 \u2013 Isabel dos Santos Emiliano<\/p>\n<p>11 \u2013 Jo\u00e3o M\u00e9dice<\/p>\n<p>12 \u2013 Jos\u00e9 Cl\u00e1udio Honorato<\/p>\n<p>13 \u2013 Magno Daniel<\/p>\n<p>14 \u2013 Nacipe Jacob<\/p>\n<p>15 \u2013 Nedila de Oliveira Domingos<\/p>\n<p>16 \u2013 Regina L\u00facia dos Santos<\/p>\n<p>17 \u2013 Roberto Lopes de Resende<\/p>\n<p>18 \u2013 Waldir de Azevedo Domingos<\/p>\n<p>19 \u2013 Adriana Aparecida Oliveira Sabino<\/p>\n<ul>\n<li>Doa\u00e7\u00f5es diretas<\/li>\n<\/ul>\n<p>01 \u2013 Caio Monteiro de Barros Filho<\/p>\n<p>02 \u2013 Cl\u00e1udio Wilson Moreira Nobre<\/p>\n<p>03 \u2013 Elimar Jacob S. Rodrigues<\/p>\n<p>04 \u2013 Fl\u00e1vio Maciel do Nascimento Gon\u00e7alves<\/p>\n<p>05 \u2013 Jo\u00e3o Batista da Silva<\/p>\n<p>06 \u2013 Jorge Alves dos Santos<\/p>\n<p>07 \u2013 Jorge Luiz Gravina<\/p>\n<p>08 \u2013 Jos\u00e9 Maur\u00edcio Mota<\/p>\n<p>09 \u2013 Jos\u00e9 Ven\u00e2ncio da Rocha<\/p>\n<p>10 \u2013 Josias Xavier<\/p>\n<p>11 \u2013 M\u00e1rcio Antunes do Nascimento<\/p>\n<p>12 \u2013 Maria de Lourdes Carvalho e Silva<\/p>\n<p>13 \u2013 Munir Jacob<\/p>\n<p>14 \u2013 Ronaldo Honorato<\/p>\n<p>15 \u2013 Sandra Maria Jacob de Castro<\/p>\n<p>16 \u2013 Silair Xavier<\/p>\n<p>17 \u2013 Te\u00f3filo Pereira dos Santos<\/p>\n<p>18 \u2013 Vin\u00edcius do Vale<\/p>\n<ul>\n<li>Empresas<\/li>\n<\/ul>\n<p>01 \u2013 Cl\u00ednica S\u00e3o Jos\u00e9<\/p>\n<p>02 \u2013 De Metal Acess\u00f3rios<\/p>\n<p>03 \u2013 De Odoro<\/p>\n<p>04 \u2013 Mavaular<\/p>\n<p>05 \u2013 M\u00f3veis Novo Horizonte<\/p>\n<p>06 \u2013 Saleto<\/p>\n<p>07 \u2013 Vip Estofados<\/p>\n<p>08 \u2013 An\u00f4nimo<\/p>\n<ul>\n<li>Colaboradores<\/li>\n<\/ul>\n<p>01 \u2013 Iran Ibrahim Jacob<\/p>\n<p>02 \u2013 S\u00f4nia Maria Jacob Rodrigues<\/p>\n<p>03 \u2013 Ludmila Moreira Montezano<\/p>\n<p>04 \u2013 Maria do Carmo Couto<\/p>\n<p>05 \u2013 Vin\u00edcius Xavier<\/p>\n<ul>\n<li>M\u00e9dicos<\/li>\n<\/ul>\n<p>01 \u2013 Dr. Munir Jacob<\/p>\n<p>02 \u2013 Dr. Te\u00f3filo Pereira dos Santos<\/p>\n<p>03 \u2013 Dr. Roberto Brando Felipe J\u00fanior<\/p>\n<p>04 \u2013 Dr. Jos\u00e9 Alberto Haikal<\/p>\n<p>05 \u2013 Dr. Ricardo Furtado de Carvalho<\/p>\n<p>06 \u2013 Dr. Luiz Ant\u00f4nio Calil Jorge<\/p>\n<p>07 \u2013 Dra. Mariana Costa Jacob<\/p>\n<p>08 \u2013 Dra. Elimar Jacob Salzer Rodrigues<\/p>\n<p>09 \u2013 Dr. Ibrahim Jacob Filho<\/p>\n<ul>\n<li>Odont\u00f3logos<\/li>\n<\/ul>\n<p>01 \u2013 Dr. Jo\u00e3o de Paula dos Santos<\/p>\n<p>02 \u2013 Dra. Patr\u00edcia Soldati Moreira Cazetta<\/p>\n<ul>\n<li>Assistente Social<\/li>\n<\/ul>\n<p>01 \u2013 Dra. Ana Paula Lopes Guimar\u00e3es<\/p>\n<ul>\n<li>Advogada<\/li>\n<\/ul>\n<p>Dra. Patr\u00edcia Carneiro Queiroz<\/p>\n<ul>\n<li>Fisioterapeuta<\/li>\n<\/ul>\n<p>Dra. Renata Siqueira Marques<\/p>\n<ul>\n<li>Psic\u00f3logos<\/li>\n<\/ul>\n<p>01 &#8211; Dra. Vitalina Maria Barroso<\/p>\n<p>02 \u2013 Dr. Dilermano Gon\u00e7alves<\/p>\n<p>&nbsp;<\/p>\n","protected":false},"excerpt":{"rendered":"","protected":false},"author":2,"featured_media":8692,"comment_status":"open","ping_status":"open","sticky":false,"template":"","format":"standard","meta":{"footnotes":""},"categories":[1],"tags":[],"class_list":["post-8685","post","type-post","status-publish","format-standard","has-post-thumbnail","hentry","category-sem-categoria"],"yoast_head":"<!-- This site is optimized with the Yoast SEO plugin v27.2 - https:\/\/yoast.com\/product\/yoast-seo-wordpress\/ -->\n<title>O EX-DEPUTADO IBRAHIM JACOB FOI LEMBRADO POR AMIGOS E FAMILIARES NO DIA DE SEU ANIVERS\u00c1RIO - Ub\u00e1 News<\/title>\n<meta name=\"robots\" content=\"index, follow, max-snippet:-1, max-image-preview:large, max-video-preview:-1\" \/>\n<link rel=\"canonical\" href=\"https:\/\/ubanews.com\/site\/2018\/10\/26\/o-ex-deputado-ibrahim-jacob-foi-lembrado-por-amigos-e-familiares-no-dia-de-seu-aniversario\/\" \/>\n<meta property=\"og:locale\" content=\"pt_BR\" \/>\n<meta property=\"og:type\" content=\"article\" \/>\n<meta property=\"og:title\" content=\"O EX-DEPUTADO IBRAHIM JACOB FOI LEMBRADO POR AMIGOS E FAMILIARES NO DIA DE SEU ANIVERS\u00c1RIO - Ub\u00e1 News\" \/>\n<meta property=\"og:url\" content=\"https:\/\/ubanews.com\/site\/2018\/10\/26\/o-ex-deputado-ibrahim-jacob-foi-lembrado-por-amigos-e-familiares-no-dia-de-seu-aniversario\/\" \/>\n<meta property=\"og:site_name\" content=\"Ub\u00e1 News\" \/>\n<meta property=\"article:publisher\" content=\"https:\/\/www.facebook.com\/Ub%c3%a1News-Carlos-Roberto-Sodr%c3%a9-418778301977370\" \/>\n<meta property=\"article:author\" content=\"https:\/\/www.facebook.com\/carosroberto.sodre.5\/\" \/>\n<meta property=\"article:published_time\" content=\"2018-10-26T21:38:56+00:00\" \/>\n<meta property=\"article:modified_time\" content=\"2018-11-05T23:28:06+00:00\" \/>\n<meta property=\"og:image\" content=\"https:\/\/ubanews.com\/site\/wp-content\/uploads\/2018\/10\/DSC1708-copiar.jpg\" \/>\n\t<meta property=\"og:image:width\" content=\"800\" \/>\n\t<meta property=\"og:image:height\" content=\"389\" \/>\n\t<meta property=\"og:image:type\" content=\"image\/jpeg\" \/>\n<meta name=\"author\" content=\"Sodr\u00e9\" \/>\n<meta name=\"twitter:card\" content=\"summary_large_image\" \/>\n<meta name=\"twitter:label1\" content=\"Escrito por\" \/>\n\t<meta name=\"twitter:data1\" content=\"Sodr\u00e9\" \/>\n\t<meta name=\"twitter:label2\" content=\"Est. tempo de leitura\" \/>\n\t<meta name=\"twitter:data2\" content=\"2 minutos\" \/>\n<script type=\"application\/ld+json\" class=\"yoast-schema-graph\">{\"@context\":\"https:\/\/schema.org\",\"@graph\":[{\"@type\":\"Article\",\"@id\":\"https:\/\/ubanews.com\/site\/2018\/10\/26\/o-ex-deputado-ibrahim-jacob-foi-lembrado-por-amigos-e-familiares-no-dia-de-seu-aniversario\/#article\",\"isPartOf\":{\"@id\":\"https:\/\/ubanews.com\/site\/2018\/10\/26\/o-ex-deputado-ibrahim-jacob-foi-lembrado-por-amigos-e-familiares-no-dia-de-seu-aniversario\/\"},\"author\":{\"name\":\"Sodr\u00e9\",\"@id\":\"https:\/\/ubanews.com\/site\/#\/schema\/person\/d90c9e47252fbb63dcc969fe4c8b9d10\"},\"headline\":\"O EX-DEPUTADO IBRAHIM JACOB FOI LEMBRADO POR AMIGOS E FAMILIARES NO DIA DE SEU ANIVERS\u00c1RIO\",\"datePublished\":\"2018-10-26T21:38:56+00:00\",\"dateModified\":\"2018-11-05T23:28:06+00:00\",\"mainEntityOfPage\":{\"@id\":\"https:\/\/ubanews.com\/site\/2018\/10\/26\/o-ex-deputado-ibrahim-jacob-foi-lembrado-por-amigos-e-familiares-no-dia-de-seu-aniversario\/\"},\"wordCount\":482,\"commentCount\":0,\"publisher\":{\"@id\":\"https:\/\/ubanews.com\/site\/#organization\"},\"image\":{\"@id\":\"https:\/\/ubanews.com\/site\/2018\/10\/26\/o-ex-deputado-ibrahim-jacob-foi-lembrado-por-amigos-e-familiares-no-dia-de-seu-aniversario\/#primaryimage\"},\"thumbnailUrl\":\"https:\/\/ubanews.com\/site\/wp-content\/uploads\/2018\/10\/DSC1708-copiar.jpg\",\"articleSection\":[\"Geral\"],\"inLanguage\":\"pt-BR\",\"potentialAction\":[{\"@type\":\"CommentAction\",\"name\":\"Comment\",\"target\":[\"https:\/\/ubanews.com\/site\/2018\/10\/26\/o-ex-deputado-ibrahim-jacob-foi-lembrado-por-amigos-e-familiares-no-dia-de-seu-aniversario\/#respond\"]}]},{\"@type\":\"WebPage\",\"@id\":\"https:\/\/ubanews.com\/site\/2018\/10\/26\/o-ex-deputado-ibrahim-jacob-foi-lembrado-por-amigos-e-familiares-no-dia-de-seu-aniversario\/\",\"url\":\"https:\/\/ubanews.com\/site\/2018\/10\/26\/o-ex-deputado-ibrahim-jacob-foi-lembrado-por-amigos-e-familiares-no-dia-de-seu-aniversario\/\",\"name\":\"O EX-DEPUTADO IBRAHIM JACOB FOI LEMBRADO POR AMIGOS E FAMILIARES NO DIA DE SEU ANIVERS\u00c1RIO - Ub\u00e1 News\",\"isPartOf\":{\"@id\":\"https:\/\/ubanews.com\/site\/#website\"},\"primaryImageOfPage\":{\"@id\":\"https:\/\/ubanews.com\/site\/2018\/10\/26\/o-ex-deputado-ibrahim-jacob-foi-lembrado-por-amigos-e-familiares-no-dia-de-seu-aniversario\/#primaryimage\"},\"image\":{\"@id\":\"https:\/\/ubanews.com\/site\/2018\/10\/26\/o-ex-deputado-ibrahim-jacob-foi-lembrado-por-amigos-e-familiares-no-dia-de-seu-aniversario\/#primaryimage\"},\"thumbnailUrl\":\"https:\/\/ubanews.com\/site\/wp-content\/uploads\/2018\/10\/DSC1708-copiar.jpg\",\"datePublished\":\"2018-10-26T21:38:56+00:00\",\"dateModified\":\"2018-11-05T23:28:06+00:00\",\"breadcrumb\":{\"@id\":\"https:\/\/ubanews.com\/site\/2018\/10\/26\/o-ex-deputado-ibrahim-jacob-foi-lembrado-por-amigos-e-familiares-no-dia-de-seu-aniversario\/#breadcrumb\"},\"inLanguage\":\"pt-BR\",\"potentialAction\":[{\"@type\":\"ReadAction\",\"target\":[\"https:\/\/ubanews.com\/site\/2018\/10\/26\/o-ex-deputado-ibrahim-jacob-foi-lembrado-por-amigos-e-familiares-no-dia-de-seu-aniversario\/\"]}]},{\"@type\":\"ImageObject\",\"inLanguage\":\"pt-BR\",\"@id\":\"https:\/\/ubanews.com\/site\/2018\/10\/26\/o-ex-deputado-ibrahim-jacob-foi-lembrado-por-amigos-e-familiares-no-dia-de-seu-aniversario\/#primaryimage\",\"url\":\"https:\/\/ubanews.com\/site\/wp-content\/uploads\/2018\/10\/DSC1708-copiar.jpg\",\"contentUrl\":\"https:\/\/ubanews.com\/site\/wp-content\/uploads\/2018\/10\/DSC1708-copiar.jpg\",\"width\":800,\"height\":389},{\"@type\":\"BreadcrumbList\",\"@id\":\"https:\/\/ubanews.com\/site\/2018\/10\/26\/o-ex-deputado-ibrahim-jacob-foi-lembrado-por-amigos-e-familiares-no-dia-de-seu-aniversario\/#breadcrumb\",\"itemListElement\":[{\"@type\":\"ListItem\",\"position\":1,\"name\":\"Home\",\"item\":\"https:\/\/ubanews.com\/site\/\"},{\"@type\":\"ListItem\",\"position\":2,\"name\":\"O EX-DEPUTADO IBRAHIM JACOB FOI LEMBRADO POR AMIGOS E FAMILIARES NO DIA DE SEU ANIVERS\u00c1RIO\"}]},{\"@type\":\"WebSite\",\"@id\":\"https:\/\/ubanews.com\/site\/#website\",\"url\":\"https:\/\/ubanews.com\/site\/\",\"name\":\"Ub\u00e1 News\",\"description\":\"\",\"publisher\":{\"@id\":\"https:\/\/ubanews.com\/site\/#organization\"},\"potentialAction\":[{\"@type\":\"SearchAction\",\"target\":{\"@type\":\"EntryPoint\",\"urlTemplate\":\"https:\/\/ubanews.com\/site\/?s={search_term_string}\"},\"query-input\":{\"@type\":\"PropertyValueSpecification\",\"valueRequired\":true,\"valueName\":\"search_term_string\"}}],\"inLanguage\":\"pt-BR\"},{\"@type\":\"Organization\",\"@id\":\"https:\/\/ubanews.com\/site\/#organization\",\"name\":\"Ub\u00e1 News\",\"url\":\"https:\/\/ubanews.com\/site\/\",\"logo\":{\"@type\":\"ImageObject\",\"inLanguage\":\"pt-BR\",\"@id\":\"https:\/\/ubanews.com\/site\/#\/schema\/logo\/image\/\",\"url\":\"https:\/\/ubanews.com\/site\/wp-content\/uploads\/2018\/01\/logoubanews.png\",\"contentUrl\":\"https:\/\/ubanews.com\/site\/wp-content\/uploads\/2018\/01\/logoubanews.png\",\"width\":261,\"height\":99,\"caption\":\"Ub\u00e1 News\"},\"image\":{\"@id\":\"https:\/\/ubanews.com\/site\/#\/schema\/logo\/image\/\"},\"sameAs\":[\"https:\/\/www.facebook.com\/Ub\u00e1News-Carlos-Roberto-Sodr\u00e9-418778301977370\"]},{\"@type\":\"Person\",\"@id\":\"https:\/\/ubanews.com\/site\/#\/schema\/person\/d90c9e47252fbb63dcc969fe4c8b9d10\",\"name\":\"Sodr\u00e9\",\"image\":{\"@type\":\"ImageObject\",\"inLanguage\":\"pt-BR\",\"@id\":\"https:\/\/secure.gravatar.com\/avatar\/5ba2793f0590b9dbfad3fdec4ee714485b3eef211c9b32ee53d414060454a56c?s=96&d=mm&r=g\",\"url\":\"https:\/\/secure.gravatar.com\/avatar\/5ba2793f0590b9dbfad3fdec4ee714485b3eef211c9b32ee53d414060454a56c?s=96&d=mm&r=g\",\"contentUrl\":\"https:\/\/secure.gravatar.com\/avatar\/5ba2793f0590b9dbfad3fdec4ee714485b3eef211c9b32ee53d414060454a56c?s=96&d=mm&r=g\",\"caption\":\"Sodr\u00e9\"},\"sameAs\":[\"https:\/\/www.facebook.com\/carosroberto.sodre.5\/\"],\"url\":\"https:\/\/ubanews.com\/site\/author\/felipe\/\"}]}<\/script>\n<!-- \/ Yoast SEO plugin. -->","yoast_head_json":{"title":"O EX-DEPUTADO IBRAHIM JACOB FOI LEMBRADO POR AMIGOS E FAMILIARES NO DIA DE SEU ANIVERS\u00c1RIO - Ub\u00e1 News","robots":{"index":"index","follow":"follow","max-snippet":"max-snippet:-1","max-image-preview":"max-image-preview:large","max-video-preview":"max-video-preview:-1"},"canonical":"https:\/\/ubanews.com\/site\/2018\/10\/26\/o-ex-deputado-ibrahim-jacob-foi-lembrado-por-amigos-e-familiares-no-dia-de-seu-aniversario\/","og_locale":"pt_BR","og_type":"article","og_title":"O EX-DEPUTADO IBRAHIM JACOB FOI LEMBRADO POR AMIGOS E FAMILIARES NO DIA DE SEU ANIVERS\u00c1RIO - Ub\u00e1 News","og_url":"https:\/\/ubanews.com\/site\/2018\/10\/26\/o-ex-deputado-ibrahim-jacob-foi-lembrado-por-amigos-e-familiares-no-dia-de-seu-aniversario\/","og_site_name":"Ub\u00e1 News","article_publisher":"https:\/\/www.facebook.com\/Ub%c3%a1News-Carlos-Roberto-Sodr%c3%a9-418778301977370","article_author":"https:\/\/www.facebook.com\/carosroberto.sodre.5\/","article_published_time":"2018-10-26T21:38:56+00:00","article_modified_time":"2018-11-05T23:28:06+00:00","og_image":[{"width":800,"height":389,"url":"https:\/\/ubanews.com\/site\/wp-content\/uploads\/2018\/10\/DSC1708-copiar.jpg","type":"image\/jpeg"}],"author":"Sodr\u00e9","twitter_card":"summary_large_image","twitter_misc":{"Escrito por":"Sodr\u00e9","Est. tempo de leitura":"2 minutos"},"schema":{"@context":"https:\/\/schema.org","@graph":[{"@type":"Article","@id":"https:\/\/ubanews.com\/site\/2018\/10\/26\/o-ex-deputado-ibrahim-jacob-foi-lembrado-por-amigos-e-familiares-no-dia-de-seu-aniversario\/#article","isPartOf":{"@id":"https:\/\/ubanews.com\/site\/2018\/10\/26\/o-ex-deputado-ibrahim-jacob-foi-lembrado-por-amigos-e-familiares-no-dia-de-seu-aniversario\/"},"author":{"name":"Sodr\u00e9","@id":"https:\/\/ubanews.com\/site\/#\/schema\/person\/d90c9e47252fbb63dcc969fe4c8b9d10"},"headline":"O EX-DEPUTADO IBRAHIM JACOB FOI LEMBRADO POR AMIGOS E FAMILIARES NO DIA DE SEU ANIVERS\u00c1RIO","datePublished":"2018-10-26T21:38:56+00:00","dateModified":"2018-11-05T23:28:06+00:00","mainEntityOfPage":{"@id":"https:\/\/ubanews.com\/site\/2018\/10\/26\/o-ex-deputado-ibrahim-jacob-foi-lembrado-por-amigos-e-familiares-no-dia-de-seu-aniversario\/"},"wordCount":482,"commentCount":0,"publisher":{"@id":"https:\/\/ubanews.com\/site\/#organization"},"image":{"@id":"https:\/\/ubanews.com\/site\/2018\/10\/26\/o-ex-deputado-ibrahim-jacob-foi-lembrado-por-amigos-e-familiares-no-dia-de-seu-aniversario\/#primaryimage"},"thumbnailUrl":"https:\/\/ubanews.com\/site\/wp-content\/uploads\/2018\/10\/DSC1708-copiar.jpg","articleSection":["Geral"],"inLanguage":"pt-BR","potentialAction":[{"@type":"CommentAction","name":"Comment","target":["https:\/\/ubanews.com\/site\/2018\/10\/26\/o-ex-deputado-ibrahim-jacob-foi-lembrado-por-amigos-e-familiares-no-dia-de-seu-aniversario\/#respond"]}]},{"@type":"WebPage","@id":"https:\/\/ubanews.com\/site\/2018\/10\/26\/o-ex-deputado-ibrahim-jacob-foi-lembrado-por-amigos-e-familiares-no-dia-de-seu-aniversario\/","url":"https:\/\/ubanews.com\/site\/2018\/10\/26\/o-ex-deputado-ibrahim-jacob-foi-lembrado-por-amigos-e-familiares-no-dia-de-seu-aniversario\/","name":"O EX-DEPUTADO IBRAHIM JACOB FOI LEMBRADO POR AMIGOS E FAMILIARES NO DIA DE SEU ANIVERS\u00c1RIO - Ub\u00e1 News","isPartOf":{"@id":"https:\/\/ubanews.com\/site\/#website"},"primaryImageOfPage":{"@id":"https:\/\/ubanews.com\/site\/2018\/10\/26\/o-ex-deputado-ibrahim-jacob-foi-lembrado-por-amigos-e-familiares-no-dia-de-seu-aniversario\/#primaryimage"},"image":{"@id":"https:\/\/ubanews.com\/site\/2018\/10\/26\/o-ex-deputado-ibrahim-jacob-foi-lembrado-por-amigos-e-familiares-no-dia-de-seu-aniversario\/#primaryimage"},"thumbnailUrl":"https:\/\/ubanews.com\/site\/wp-content\/uploads\/2018\/10\/DSC1708-copiar.jpg","datePublished":"2018-10-26T21:38:56+00:00","dateModified":"2018-11-05T23:28:06+00:00","breadcrumb":{"@id":"https:\/\/ubanews.com\/site\/2018\/10\/26\/o-ex-deputado-ibrahim-jacob-foi-lembrado-por-amigos-e-familiares-no-dia-de-seu-aniversario\/#breadcrumb"},"inLanguage":"pt-BR","potentialAction":[{"@type":"ReadAction","target":["https:\/\/ubanews.com\/site\/2018\/10\/26\/o-ex-deputado-ibrahim-jacob-foi-lembrado-por-amigos-e-familiares-no-dia-de-seu-aniversario\/"]}]},{"@type":"ImageObject","inLanguage":"pt-BR","@id":"https:\/\/ubanews.com\/site\/2018\/10\/26\/o-ex-deputado-ibrahim-jacob-foi-lembrado-por-amigos-e-familiares-no-dia-de-seu-aniversario\/#primaryimage","url":"https:\/\/ubanews.com\/site\/wp-content\/uploads\/2018\/10\/DSC1708-copiar.jpg","contentUrl":"https:\/\/ubanews.com\/site\/wp-content\/uploads\/2018\/10\/DSC1708-copiar.jpg","width":800,"height":389},{"@type":"BreadcrumbList","@id":"https:\/\/ubanews.com\/site\/2018\/10\/26\/o-ex-deputado-ibrahim-jacob-foi-lembrado-por-amigos-e-familiares-no-dia-de-seu-aniversario\/#breadcrumb","itemListElement":[{"@type":"ListItem","position":1,"name":"Home","item":"https:\/\/ubanews.com\/site\/"},{"@type":"ListItem","position":2,"name":"O EX-DEPUTADO IBRAHIM JACOB FOI LEMBRADO POR AMIGOS E FAMILIARES NO DIA DE SEU ANIVERS\u00c1RIO"}]},{"@type":"WebSite","@id":"https:\/\/ubanews.com\/site\/#website","url":"https:\/\/ubanews.com\/site\/","name":"Ub\u00e1 News","description":"","publisher":{"@id":"https:\/\/ubanews.com\/site\/#organization"},"potentialAction":[{"@type":"SearchAction","target":{"@type":"EntryPoint","urlTemplate":"https:\/\/ubanews.com\/site\/?s={search_term_string}"},"query-input":{"@type":"PropertyValueSpecification","valueRequired":true,"valueName":"search_term_string"}}],"inLanguage":"pt-BR"},{"@type":"Organization","@id":"https:\/\/ubanews.com\/site\/#organization","name":"Ub\u00e1 News","url":"https:\/\/ubanews.com\/site\/","logo":{"@type":"ImageObject","inLanguage":"pt-BR","@id":"https:\/\/ubanews.com\/site\/#\/schema\/logo\/image\/","url":"https:\/\/ubanews.com\/site\/wp-content\/uploads\/2018\/01\/logoubanews.png","contentUrl":"https:\/\/ubanews.com\/site\/wp-content\/uploads\/2018\/01\/logoubanews.png","width":261,"height":99,"caption":"Ub\u00e1 News"},"image":{"@id":"https:\/\/ubanews.com\/site\/#\/schema\/logo\/image\/"},"sameAs":["https:\/\/www.facebook.com\/Ub\u00e1News-Carlos-Roberto-Sodr\u00e9-418778301977370"]},{"@type":"Person","@id":"https:\/\/ubanews.com\/site\/#\/schema\/person\/d90c9e47252fbb63dcc969fe4c8b9d10","name":"Sodr\u00e9","image":{"@type":"ImageObject","inLanguage":"pt-BR","@id":"https:\/\/secure.gravatar.com\/avatar\/5ba2793f0590b9dbfad3fdec4ee714485b3eef211c9b32ee53d414060454a56c?s=96&d=mm&r=g","url":"https:\/\/secure.gravatar.com\/avatar\/5ba2793f0590b9dbfad3fdec4ee714485b3eef211c9b32ee53d414060454a56c?s=96&d=mm&r=g","contentUrl":"https:\/\/secure.gravatar.com\/avatar\/5ba2793f0590b9dbfad3fdec4ee714485b3eef211c9b32ee53d414060454a56c?s=96&d=mm&r=g","caption":"Sodr\u00e9"},"sameAs":["https:\/\/www.facebook.com\/carosroberto.sodre.5\/"],"url":"https:\/\/ubanews.com\/site\/author\/felipe\/"}]}},"_links":{"self":[{"href":"https:\/\/ubanews.com\/site\/wp-json\/wp\/v2\/posts\/8685","targetHints":{"allow":["GET"]}}],"collection":[{"href":"https:\/\/ubanews.com\/site\/wp-json\/wp\/v2\/posts"}],"about":[{"href":"https:\/\/ubanews.com\/site\/wp-json\/wp\/v2\/types\/post"}],"author":[{"embeddable":true,"href":"https:\/\/ubanews.com\/site\/wp-json\/wp\/v2\/users\/2"}],"replies":[{"embeddable":true,"href":"https:\/\/ubanews.com\/site\/wp-json\/wp\/v2\/comments?post=8685"}],"version-history":[{"count":0,"href":"https:\/\/ubanews.com\/site\/wp-json\/wp\/v2\/posts\/8685\/revisions"}],"wp:featuredmedia":[{"embeddable":true,"href":"https:\/\/ubanews.com\/site\/wp-json\/wp\/v2\/media\/8692"}],"wp:attachment":[{"href":"https:\/\/ubanews.com\/site\/wp-json\/wp\/v2\/media?parent=8685"}],"wp:term":[{"taxonomy":"category","embeddable":true,"href":"https:\/\/ubanews.com\/site\/wp-json\/wp\/v2\/categories?post=8685"},{"taxonomy":"post_tag","embeddable":true,"href":"https:\/\/ubanews.com\/site\/wp-json\/wp\/v2\/tags?post=8685"}],"curies":[{"name":"wp","href":"https:\/\/api.w.org\/{rel}","templated":true}]}}