{"id":8666,"date":"2018-10-26T10:52:46","date_gmt":"2018-10-26T13:52:46","guid":{"rendered":"http:\/\/ubanews.com\/site\/?p=8666"},"modified":"2018-10-26T10:52:46","modified_gmt":"2018-10-26T13:52:46","slug":"policia-militar-apreende-menor-apos-varios-roubos-na-cidade","status":"publish","type":"post","link":"https:\/\/ubanews.com\/site\/2018\/10\/26\/policia-militar-apreende-menor-apos-varios-roubos-na-cidade\/","title":{"rendered":"Pol\u00edcia Militar apreende menor ap\u00f3s v\u00e1rios roubos na cidade"},"content":{"rendered":"<p>No dia 26 de outubro \u00e0s 14h57min, a Pol\u00edcia Militar acionada pelo Copom, deslocou para o local, onde em contato com a vitima, uma mulher de 16 anos que relatou estar vindo da escola com uma mochila nas costas com seu iphone 8 plus, cor prata e com fone de ouvido, quando o autor aproximou com uma arma encostou em sua barriga e disse&#8221; passa o celular&#8221; e em seguida &nbsp;o autor puxou o fone e levou seu celular, saiu correndo e montou em uma motocicleta que j\u00e1 aguardava, evadindo sentido a Avenida Olegario Maciel.<\/p>\n<p>Logo em seguida o Copom informou que havia ocorrido outro roubo na av. Francisco Teixeira de Abreu, destarte a Pol\u00edcia Militar deslocou at\u00e9 o local e em contato com a v\u00edtima uma mulher de 47 anos, relatou que estava na frente de seu comercio, quando virou, deparou com o autor alto, magro, negro, capacete preto, blusa de frio preta, levantou a blusa mostrou a arma de fogo e disse passa tudo, levando aproximadamente cem reais em notas e moedas e um celular Samsung Gran Prime. Evadindo logo em seguida em uma moto escura e mais velha.<\/p>\n<p>Novamente a Pol\u00edcia Militar foi informada pelo Copom que no bairro Schiavon na rua Joao Schiavon, em um bar, havia ocorrido um roubo possivelmente com os mesmos autores. A guarni\u00e7\u00e3o repassou para o Copom que as vitimas reconheceram atrav\u00e9s de foto, um suposto autor, sendo assim iniciado intenso rastreamento.<\/p>\n<p>Em contato com a vitima na Rua Jo\u00e3o Schiavon, um homem de 47 anos este relatou que estava sentado quando o autor aproximou e mostrou uma arma e mandou que passasse tudo que tivesse, pois era um assalto e levou aproximadamente quatrocentos reais em moedas e notas, um celular Motorola capa verde e um pacote de cigarros marca Sam Marino, com dez ma\u00e7os e evadiram em uma motocicleta tipo cg 125 cor escura mas velha, que estava aguardando pr\u00f3ximo do local.<\/p>\n<p>Diante do exposto a Pol\u00edcia Militar, deslocou para a resid\u00eancia do suposto autor &nbsp;e em contato com sua genitora a mesma franqueou a entrada dos policiais na resid\u00eancia e ao proceder buscas no interior da casa foram encontrados os seguintes materiais: dois celulares sendo um Samsung e o Motorola e as moedas, as c\u00e9dulas em cima de uma mesa e um simulacro de arma de fogo na sala pr\u00f3ximo a motocicleta e dois capacetes. Continuando as buscas, foi encontrado na parte dos fundos da resid\u00eancia, uma sacola com v\u00e1rios pinos vazios usados. As v\u00edtimas reconheceram os celulares como sendo seus.<\/p>\n<p>Os materiais foram encaminhados para a delegacia de pol\u00edcia judici\u00e1ria e a motocicleta foi tamb\u00e9m apreendida sendo removida pelo autossocorro de plant\u00e3o.<\/p>\n<p>O autor um menor de 17 anos, foi apreendido em flagrante e conduzido para a delegacia de pol\u00edcia judici\u00e1ria e o outro comparsa identificado, segue as dilig\u00eancias para localiza-lo.<strong>&nbsp;&nbsp;&nbsp;&nbsp;&nbsp;&nbsp;&nbsp;&nbsp;&nbsp; <\/strong><\/p>\n","protected":false},"excerpt":{"rendered":"<p>No dia 26 de outubro \u00e0s 14h57min, a Pol\u00edcia Militar<\/p>\n","protected":false},"author":2,"featured_media":4320,"comment_status":"open","ping_status":"open","sticky":false,"template":"","format":"standard","meta":{"footnotes":""},"categories":[13],"tags":[],"class_list":["post-8666","post","type-post","status-publish","format-standard","has-post-thumbnail","hentry","category-sintese-das-ocorrencias"],"yoast_head":"<!-- This site is optimized with the Yoast SEO plugin v27.2 - https:\/\/yoast.com\/product\/yoast-seo-wordpress\/ -->\n<title>Pol\u00edcia Militar apreende menor ap\u00f3s v\u00e1rios roubos na cidade - Ub\u00e1 News<\/title>\n<meta name=\"robots\" content=\"index, follow, max-snippet:-1, max-image-preview:large, max-video-preview:-1\" \/>\n<link rel=\"canonical\" href=\"https:\/\/ubanews.com\/site\/2018\/10\/26\/policia-militar-apreende-menor-apos-varios-roubos-na-cidade\/\" \/>\n<meta property=\"og:locale\" content=\"pt_BR\" \/>\n<meta property=\"og:type\" content=\"article\" \/>\n<meta property=\"og:title\" content=\"Pol\u00edcia Militar apreende menor ap\u00f3s v\u00e1rios roubos na cidade - Ub\u00e1 News\" \/>\n<meta property=\"og:description\" content=\"No dia 26 de outubro \u00e0s 14h57min, a Pol\u00edcia Militar\" \/>\n<meta property=\"og:url\" content=\"https:\/\/ubanews.com\/site\/2018\/10\/26\/policia-militar-apreende-menor-apos-varios-roubos-na-cidade\/\" \/>\n<meta property=\"og:site_name\" content=\"Ub\u00e1 News\" \/>\n<meta property=\"article:publisher\" content=\"https:\/\/www.facebook.com\/Ub%c3%a1News-Carlos-Roberto-Sodr%c3%a9-418778301977370\" \/>\n<meta property=\"article:author\" content=\"https:\/\/www.facebook.com\/carosroberto.sodre.5\/\" \/>\n<meta property=\"article:published_time\" content=\"2018-10-26T13:52:46+00:00\" \/>\n<meta property=\"og:image\" content=\"https:\/\/ubanews.com\/site\/wp-content\/uploads\/2018\/06\/Preso-1.jpg\" \/>\n\t<meta property=\"og:image:width\" content=\"629\" \/>\n\t<meta property=\"og:image:height\" content=\"350\" \/>\n\t<meta property=\"og:image:type\" content=\"image\/jpeg\" \/>\n<meta name=\"author\" content=\"Sodr\u00e9\" \/>\n<meta name=\"twitter:card\" content=\"summary_large_image\" \/>\n<meta name=\"twitter:label1\" content=\"Escrito por\" \/>\n\t<meta name=\"twitter:data1\" content=\"Sodr\u00e9\" \/>\n\t<meta name=\"twitter:label2\" content=\"Est. tempo de leitura\" \/>\n\t<meta name=\"twitter:data2\" content=\"3 minutos\" \/>\n<script type=\"application\/ld+json\" class=\"yoast-schema-graph\">{\"@context\":\"https:\/\/schema.org\",\"@graph\":[{\"@type\":\"Article\",\"@id\":\"https:\/\/ubanews.com\/site\/2018\/10\/26\/policia-militar-apreende-menor-apos-varios-roubos-na-cidade\/#article\",\"isPartOf\":{\"@id\":\"https:\/\/ubanews.com\/site\/2018\/10\/26\/policia-militar-apreende-menor-apos-varios-roubos-na-cidade\/\"},\"author\":{\"name\":\"Sodr\u00e9\",\"@id\":\"https:\/\/ubanews.com\/site\/#\/schema\/person\/d90c9e47252fbb63dcc969fe4c8b9d10\"},\"headline\":\"Pol\u00edcia Militar apreende menor ap\u00f3s v\u00e1rios roubos na cidade\",\"datePublished\":\"2018-10-26T13:52:46+00:00\",\"mainEntityOfPage\":{\"@id\":\"https:\/\/ubanews.com\/site\/2018\/10\/26\/policia-militar-apreende-menor-apos-varios-roubos-na-cidade\/\"},\"wordCount\":513,\"commentCount\":0,\"publisher\":{\"@id\":\"https:\/\/ubanews.com\/site\/#organization\"},\"image\":{\"@id\":\"https:\/\/ubanews.com\/site\/2018\/10\/26\/policia-militar-apreende-menor-apos-varios-roubos-na-cidade\/#primaryimage\"},\"thumbnailUrl\":\"https:\/\/ubanews.com\/site\/wp-content\/uploads\/2018\/06\/Preso-1.jpg\",\"articleSection\":[\"S\u00edntese das Ocorr\u00eancias\"],\"inLanguage\":\"pt-BR\",\"potentialAction\":[{\"@type\":\"CommentAction\",\"name\":\"Comment\",\"target\":[\"https:\/\/ubanews.com\/site\/2018\/10\/26\/policia-militar-apreende-menor-apos-varios-roubos-na-cidade\/#respond\"]}]},{\"@type\":\"WebPage\",\"@id\":\"https:\/\/ubanews.com\/site\/2018\/10\/26\/policia-militar-apreende-menor-apos-varios-roubos-na-cidade\/\",\"url\":\"https:\/\/ubanews.com\/site\/2018\/10\/26\/policia-militar-apreende-menor-apos-varios-roubos-na-cidade\/\",\"name\":\"Pol\u00edcia Militar apreende menor ap\u00f3s v\u00e1rios roubos na cidade - Ub\u00e1 News\",\"isPartOf\":{\"@id\":\"https:\/\/ubanews.com\/site\/#website\"},\"primaryImageOfPage\":{\"@id\":\"https:\/\/ubanews.com\/site\/2018\/10\/26\/policia-militar-apreende-menor-apos-varios-roubos-na-cidade\/#primaryimage\"},\"image\":{\"@id\":\"https:\/\/ubanews.com\/site\/2018\/10\/26\/policia-militar-apreende-menor-apos-varios-roubos-na-cidade\/#primaryimage\"},\"thumbnailUrl\":\"https:\/\/ubanews.com\/site\/wp-content\/uploads\/2018\/06\/Preso-1.jpg\",\"datePublished\":\"2018-10-26T13:52:46+00:00\",\"breadcrumb\":{\"@id\":\"https:\/\/ubanews.com\/site\/2018\/10\/26\/policia-militar-apreende-menor-apos-varios-roubos-na-cidade\/#breadcrumb\"},\"inLanguage\":\"pt-BR\",\"potentialAction\":[{\"@type\":\"ReadAction\",\"target\":[\"https:\/\/ubanews.com\/site\/2018\/10\/26\/policia-militar-apreende-menor-apos-varios-roubos-na-cidade\/\"]}]},{\"@type\":\"ImageObject\",\"inLanguage\":\"pt-BR\",\"@id\":\"https:\/\/ubanews.com\/site\/2018\/10\/26\/policia-militar-apreende-menor-apos-varios-roubos-na-cidade\/#primaryimage\",\"url\":\"https:\/\/ubanews.com\/site\/wp-content\/uploads\/2018\/06\/Preso-1.jpg\",\"contentUrl\":\"https:\/\/ubanews.com\/site\/wp-content\/uploads\/2018\/06\/Preso-1.jpg\",\"width\":629,\"height\":350},{\"@type\":\"BreadcrumbList\",\"@id\":\"https:\/\/ubanews.com\/site\/2018\/10\/26\/policia-militar-apreende-menor-apos-varios-roubos-na-cidade\/#breadcrumb\",\"itemListElement\":[{\"@type\":\"ListItem\",\"position\":1,\"name\":\"Home\",\"item\":\"https:\/\/ubanews.com\/site\/\"},{\"@type\":\"ListItem\",\"position\":2,\"name\":\"Pol\u00edcia Militar apreende menor ap\u00f3s v\u00e1rios roubos na cidade\"}]},{\"@type\":\"WebSite\",\"@id\":\"https:\/\/ubanews.com\/site\/#website\",\"url\":\"https:\/\/ubanews.com\/site\/\",\"name\":\"Ub\u00e1 News\",\"description\":\"\",\"publisher\":{\"@id\":\"https:\/\/ubanews.com\/site\/#organization\"},\"potentialAction\":[{\"@type\":\"SearchAction\",\"target\":{\"@type\":\"EntryPoint\",\"urlTemplate\":\"https:\/\/ubanews.com\/site\/?s={search_term_string}\"},\"query-input\":{\"@type\":\"PropertyValueSpecification\",\"valueRequired\":true,\"valueName\":\"search_term_string\"}}],\"inLanguage\":\"pt-BR\"},{\"@type\":\"Organization\",\"@id\":\"https:\/\/ubanews.com\/site\/#organization\",\"name\":\"Ub\u00e1 News\",\"url\":\"https:\/\/ubanews.com\/site\/\",\"logo\":{\"@type\":\"ImageObject\",\"inLanguage\":\"pt-BR\",\"@id\":\"https:\/\/ubanews.com\/site\/#\/schema\/logo\/image\/\",\"url\":\"https:\/\/ubanews.com\/site\/wp-content\/uploads\/2018\/01\/logoubanews.png\",\"contentUrl\":\"https:\/\/ubanews.com\/site\/wp-content\/uploads\/2018\/01\/logoubanews.png\",\"width\":261,\"height\":99,\"caption\":\"Ub\u00e1 News\"},\"image\":{\"@id\":\"https:\/\/ubanews.com\/site\/#\/schema\/logo\/image\/\"},\"sameAs\":[\"https:\/\/www.facebook.com\/Ub\u00e1News-Carlos-Roberto-Sodr\u00e9-418778301977370\"]},{\"@type\":\"Person\",\"@id\":\"https:\/\/ubanews.com\/site\/#\/schema\/person\/d90c9e47252fbb63dcc969fe4c8b9d10\",\"name\":\"Sodr\u00e9\",\"image\":{\"@type\":\"ImageObject\",\"inLanguage\":\"pt-BR\",\"@id\":\"https:\/\/secure.gravatar.com\/avatar\/5ba2793f0590b9dbfad3fdec4ee714485b3eef211c9b32ee53d414060454a56c?s=96&d=mm&r=g\",\"url\":\"https:\/\/secure.gravatar.com\/avatar\/5ba2793f0590b9dbfad3fdec4ee714485b3eef211c9b32ee53d414060454a56c?s=96&d=mm&r=g\",\"contentUrl\":\"https:\/\/secure.gravatar.com\/avatar\/5ba2793f0590b9dbfad3fdec4ee714485b3eef211c9b32ee53d414060454a56c?s=96&d=mm&r=g\",\"caption\":\"Sodr\u00e9\"},\"sameAs\":[\"https:\/\/www.facebook.com\/carosroberto.sodre.5\/\"],\"url\":\"https:\/\/ubanews.com\/site\/author\/felipe\/\"}]}<\/script>\n<!-- \/ Yoast SEO plugin. -->","yoast_head_json":{"title":"Pol\u00edcia Militar apreende menor ap\u00f3s v\u00e1rios roubos na cidade - Ub\u00e1 News","robots":{"index":"index","follow":"follow","max-snippet":"max-snippet:-1","max-image-preview":"max-image-preview:large","max-video-preview":"max-video-preview:-1"},"canonical":"https:\/\/ubanews.com\/site\/2018\/10\/26\/policia-militar-apreende-menor-apos-varios-roubos-na-cidade\/","og_locale":"pt_BR","og_type":"article","og_title":"Pol\u00edcia Militar apreende menor ap\u00f3s v\u00e1rios roubos na cidade - Ub\u00e1 News","og_description":"No dia 26 de outubro \u00e0s 14h57min, a Pol\u00edcia Militar","og_url":"https:\/\/ubanews.com\/site\/2018\/10\/26\/policia-militar-apreende-menor-apos-varios-roubos-na-cidade\/","og_site_name":"Ub\u00e1 News","article_publisher":"https:\/\/www.facebook.com\/Ub%c3%a1News-Carlos-Roberto-Sodr%c3%a9-418778301977370","article_author":"https:\/\/www.facebook.com\/carosroberto.sodre.5\/","article_published_time":"2018-10-26T13:52:46+00:00","og_image":[{"width":629,"height":350,"url":"https:\/\/ubanews.com\/site\/wp-content\/uploads\/2018\/06\/Preso-1.jpg","type":"image\/jpeg"}],"author":"Sodr\u00e9","twitter_card":"summary_large_image","twitter_misc":{"Escrito por":"Sodr\u00e9","Est. tempo de leitura":"3 minutos"},"schema":{"@context":"https:\/\/schema.org","@graph":[{"@type":"Article","@id":"https:\/\/ubanews.com\/site\/2018\/10\/26\/policia-militar-apreende-menor-apos-varios-roubos-na-cidade\/#article","isPartOf":{"@id":"https:\/\/ubanews.com\/site\/2018\/10\/26\/policia-militar-apreende-menor-apos-varios-roubos-na-cidade\/"},"author":{"name":"Sodr\u00e9","@id":"https:\/\/ubanews.com\/site\/#\/schema\/person\/d90c9e47252fbb63dcc969fe4c8b9d10"},"headline":"Pol\u00edcia Militar apreende menor ap\u00f3s v\u00e1rios roubos na cidade","datePublished":"2018-10-26T13:52:46+00:00","mainEntityOfPage":{"@id":"https:\/\/ubanews.com\/site\/2018\/10\/26\/policia-militar-apreende-menor-apos-varios-roubos-na-cidade\/"},"wordCount":513,"commentCount":0,"publisher":{"@id":"https:\/\/ubanews.com\/site\/#organization"},"image":{"@id":"https:\/\/ubanews.com\/site\/2018\/10\/26\/policia-militar-apreende-menor-apos-varios-roubos-na-cidade\/#primaryimage"},"thumbnailUrl":"https:\/\/ubanews.com\/site\/wp-content\/uploads\/2018\/06\/Preso-1.jpg","articleSection":["S\u00edntese das Ocorr\u00eancias"],"inLanguage":"pt-BR","potentialAction":[{"@type":"CommentAction","name":"Comment","target":["https:\/\/ubanews.com\/site\/2018\/10\/26\/policia-militar-apreende-menor-apos-varios-roubos-na-cidade\/#respond"]}]},{"@type":"WebPage","@id":"https:\/\/ubanews.com\/site\/2018\/10\/26\/policia-militar-apreende-menor-apos-varios-roubos-na-cidade\/","url":"https:\/\/ubanews.com\/site\/2018\/10\/26\/policia-militar-apreende-menor-apos-varios-roubos-na-cidade\/","name":"Pol\u00edcia Militar apreende menor ap\u00f3s v\u00e1rios roubos na cidade - Ub\u00e1 News","isPartOf":{"@id":"https:\/\/ubanews.com\/site\/#website"},"primaryImageOfPage":{"@id":"https:\/\/ubanews.com\/site\/2018\/10\/26\/policia-militar-apreende-menor-apos-varios-roubos-na-cidade\/#primaryimage"},"image":{"@id":"https:\/\/ubanews.com\/site\/2018\/10\/26\/policia-militar-apreende-menor-apos-varios-roubos-na-cidade\/#primaryimage"},"thumbnailUrl":"https:\/\/ubanews.com\/site\/wp-content\/uploads\/2018\/06\/Preso-1.jpg","datePublished":"2018-10-26T13:52:46+00:00","breadcrumb":{"@id":"https:\/\/ubanews.com\/site\/2018\/10\/26\/policia-militar-apreende-menor-apos-varios-roubos-na-cidade\/#breadcrumb"},"inLanguage":"pt-BR","potentialAction":[{"@type":"ReadAction","target":["https:\/\/ubanews.com\/site\/2018\/10\/26\/policia-militar-apreende-menor-apos-varios-roubos-na-cidade\/"]}]},{"@type":"ImageObject","inLanguage":"pt-BR","@id":"https:\/\/ubanews.com\/site\/2018\/10\/26\/policia-militar-apreende-menor-apos-varios-roubos-na-cidade\/#primaryimage","url":"https:\/\/ubanews.com\/site\/wp-content\/uploads\/2018\/06\/Preso-1.jpg","contentUrl":"https:\/\/ubanews.com\/site\/wp-content\/uploads\/2018\/06\/Preso-1.jpg","width":629,"height":350},{"@type":"BreadcrumbList","@id":"https:\/\/ubanews.com\/site\/2018\/10\/26\/policia-militar-apreende-menor-apos-varios-roubos-na-cidade\/#breadcrumb","itemListElement":[{"@type":"ListItem","position":1,"name":"Home","item":"https:\/\/ubanews.com\/site\/"},{"@type":"ListItem","position":2,"name":"Pol\u00edcia Militar apreende menor ap\u00f3s v\u00e1rios roubos na cidade"}]},{"@type":"WebSite","@id":"https:\/\/ubanews.com\/site\/#website","url":"https:\/\/ubanews.com\/site\/","name":"Ub\u00e1 News","description":"","publisher":{"@id":"https:\/\/ubanews.com\/site\/#organization"},"potentialAction":[{"@type":"SearchAction","target":{"@type":"EntryPoint","urlTemplate":"https:\/\/ubanews.com\/site\/?s={search_term_string}"},"query-input":{"@type":"PropertyValueSpecification","valueRequired":true,"valueName":"search_term_string"}}],"inLanguage":"pt-BR"},{"@type":"Organization","@id":"https:\/\/ubanews.com\/site\/#organization","name":"Ub\u00e1 News","url":"https:\/\/ubanews.com\/site\/","logo":{"@type":"ImageObject","inLanguage":"pt-BR","@id":"https:\/\/ubanews.com\/site\/#\/schema\/logo\/image\/","url":"https:\/\/ubanews.com\/site\/wp-content\/uploads\/2018\/01\/logoubanews.png","contentUrl":"https:\/\/ubanews.com\/site\/wp-content\/uploads\/2018\/01\/logoubanews.png","width":261,"height":99,"caption":"Ub\u00e1 News"},"image":{"@id":"https:\/\/ubanews.com\/site\/#\/schema\/logo\/image\/"},"sameAs":["https:\/\/www.facebook.com\/Ub\u00e1News-Carlos-Roberto-Sodr\u00e9-418778301977370"]},{"@type":"Person","@id":"https:\/\/ubanews.com\/site\/#\/schema\/person\/d90c9e47252fbb63dcc969fe4c8b9d10","name":"Sodr\u00e9","image":{"@type":"ImageObject","inLanguage":"pt-BR","@id":"https:\/\/secure.gravatar.com\/avatar\/5ba2793f0590b9dbfad3fdec4ee714485b3eef211c9b32ee53d414060454a56c?s=96&d=mm&r=g","url":"https:\/\/secure.gravatar.com\/avatar\/5ba2793f0590b9dbfad3fdec4ee714485b3eef211c9b32ee53d414060454a56c?s=96&d=mm&r=g","contentUrl":"https:\/\/secure.gravatar.com\/avatar\/5ba2793f0590b9dbfad3fdec4ee714485b3eef211c9b32ee53d414060454a56c?s=96&d=mm&r=g","caption":"Sodr\u00e9"},"sameAs":["https:\/\/www.facebook.com\/carosroberto.sodre.5\/"],"url":"https:\/\/ubanews.com\/site\/author\/felipe\/"}]}},"_links":{"self":[{"href":"https:\/\/ubanews.com\/site\/wp-json\/wp\/v2\/posts\/8666","targetHints":{"allow":["GET"]}}],"collection":[{"href":"https:\/\/ubanews.com\/site\/wp-json\/wp\/v2\/posts"}],"about":[{"href":"https:\/\/ubanews.com\/site\/wp-json\/wp\/v2\/types\/post"}],"author":[{"embeddable":true,"href":"https:\/\/ubanews.com\/site\/wp-json\/wp\/v2\/users\/2"}],"replies":[{"embeddable":true,"href":"https:\/\/ubanews.com\/site\/wp-json\/wp\/v2\/comments?post=8666"}],"version-history":[{"count":0,"href":"https:\/\/ubanews.com\/site\/wp-json\/wp\/v2\/posts\/8666\/revisions"}],"wp:featuredmedia":[{"embeddable":true,"href":"https:\/\/ubanews.com\/site\/wp-json\/wp\/v2\/media\/4320"}],"wp:attachment":[{"href":"https:\/\/ubanews.com\/site\/wp-json\/wp\/v2\/media?parent=8666"}],"wp:term":[{"taxonomy":"category","embeddable":true,"href":"https:\/\/ubanews.com\/site\/wp-json\/wp\/v2\/categories?post=8666"},{"taxonomy":"post_tag","embeddable":true,"href":"https:\/\/ubanews.com\/site\/wp-json\/wp\/v2\/tags?post=8666"}],"curies":[{"name":"wp","href":"https:\/\/api.w.org\/{rel}","templated":true}]}}