{"id":8640,"date":"2018-10-25T10:15:41","date_gmt":"2018-10-25T13:15:41","guid":{"rendered":"http:\/\/ubanews.com\/site\/?p=8640"},"modified":"2018-10-25T10:15:41","modified_gmt":"2018-10-25T13:15:41","slug":"mulher-de-29-anos-e-assaltada-com-arma-de-fogo-em-punho-e-fica-sem-celular","status":"publish","type":"post","link":"https:\/\/ubanews.com\/site\/2018\/10\/25\/mulher-de-29-anos-e-assaltada-com-arma-de-fogo-em-punho-e-fica-sem-celular\/","title":{"rendered":"Mulher de 29 anos \u00e9 assaltada com arma de fogo em punho e fica sem celular"},"content":{"rendered":"<p>No dia 24 de outubro \u00e0s 15h19min, a Rua Marieta Campos no bairro Santa Bernadete a v\u00edtima uma mulher de 29 anos relatou \u00e1 pol\u00edcia militar que estava trabalhando naquele local e utilizava seu aparelho celular Samsung J2 Prime, momento em que dois indiv\u00edduos em uma motocicleta CG Titan, cor azul, (modelo antigo), se aproximaram e, de arma de fogo em punho, (aparentemente um rev\u00f3lver de cor preta) anunciaram o roubo, determinando-lhe que fosse entregue o celular.<\/p>\n<p>Conforme a v\u00edtima, as caracter\u00edsticas dos autores eram: o condutor negro, magro, trajava bermuda branca e capacete preto. O carona, tamb\u00e9m era de cor negra, magro, trajava camisa de time de cor azul com listras verticais.<\/p>\n<p>Autores evadiram sentido a uma rua de terra que liga ao bairro Altair Rocha. Foi realizado rastreamento pelas equipes de servi\u00e7o, porem, sem \u00eaxito.<\/p>\n","protected":false},"excerpt":{"rendered":"<p>No dia 24 de outubro \u00e0s 15h19min, a Rua Marieta<\/p>\n","protected":false},"author":2,"featured_media":8146,"comment_status":"open","ping_status":"open","sticky":false,"template":"","format":"standard","meta":{"footnotes":""},"categories":[13],"tags":[],"class_list":["post-8640","post","type-post","status-publish","format-standard","has-post-thumbnail","hentry","category-sintese-das-ocorrencias"],"yoast_head":"<!-- This site is optimized with the Yoast SEO plugin v27.2 - https:\/\/yoast.com\/product\/yoast-seo-wordpress\/ -->\n<title>Mulher de 29 anos \u00e9 assaltada com arma de fogo em punho e fica sem celular - Ub\u00e1 News<\/title>\n<meta name=\"robots\" content=\"index, follow, max-snippet:-1, max-image-preview:large, max-video-preview:-1\" \/>\n<link rel=\"canonical\" href=\"https:\/\/ubanews.com\/site\/2018\/10\/25\/mulher-de-29-anos-e-assaltada-com-arma-de-fogo-em-punho-e-fica-sem-celular\/\" \/>\n<meta property=\"og:locale\" content=\"pt_BR\" \/>\n<meta property=\"og:type\" content=\"article\" \/>\n<meta property=\"og:title\" content=\"Mulher de 29 anos \u00e9 assaltada com arma de fogo em punho e fica sem celular - Ub\u00e1 News\" \/>\n<meta property=\"og:description\" content=\"No dia 24 de outubro \u00e0s 15h19min, a Rua Marieta\" \/>\n<meta property=\"og:url\" content=\"https:\/\/ubanews.com\/site\/2018\/10\/25\/mulher-de-29-anos-e-assaltada-com-arma-de-fogo-em-punho-e-fica-sem-celular\/\" \/>\n<meta property=\"og:site_name\" content=\"Ub\u00e1 News\" \/>\n<meta property=\"article:publisher\" content=\"https:\/\/www.facebook.com\/Ub%c3%a1News-Carlos-Roberto-Sodr%c3%a9-418778301977370\" \/>\n<meta property=\"article:author\" content=\"https:\/\/www.facebook.com\/carosroberto.sodre.5\/\" \/>\n<meta property=\"article:published_time\" content=\"2018-10-25T13:15:41+00:00\" \/>\n<meta property=\"og:image\" content=\"https:\/\/ubanews.com\/site\/wp-content\/uploads\/2018\/10\/assaltantes.jpg\" \/>\n\t<meta property=\"og:image:width\" content=\"800\" \/>\n\t<meta property=\"og:image:height\" content=\"389\" \/>\n\t<meta property=\"og:image:type\" content=\"image\/jpeg\" \/>\n<meta name=\"author\" content=\"Sodr\u00e9\" \/>\n<meta name=\"twitter:card\" content=\"summary_large_image\" \/>\n<meta name=\"twitter:label1\" content=\"Escrito por\" \/>\n\t<meta name=\"twitter:data1\" content=\"Sodr\u00e9\" \/>\n\t<meta name=\"twitter:label2\" content=\"Est. tempo de leitura\" \/>\n\t<meta name=\"twitter:data2\" content=\"1 minuto\" \/>\n<script type=\"application\/ld+json\" class=\"yoast-schema-graph\">{\"@context\":\"https:\/\/schema.org\",\"@graph\":[{\"@type\":\"Article\",\"@id\":\"https:\/\/ubanews.com\/site\/2018\/10\/25\/mulher-de-29-anos-e-assaltada-com-arma-de-fogo-em-punho-e-fica-sem-celular\/#article\",\"isPartOf\":{\"@id\":\"https:\/\/ubanews.com\/site\/2018\/10\/25\/mulher-de-29-anos-e-assaltada-com-arma-de-fogo-em-punho-e-fica-sem-celular\/\"},\"author\":{\"name\":\"Sodr\u00e9\",\"@id\":\"https:\/\/ubanews.com\/site\/#\/schema\/person\/d90c9e47252fbb63dcc969fe4c8b9d10\"},\"headline\":\"Mulher de 29 anos \u00e9 assaltada com arma de fogo em punho e fica sem celular\",\"datePublished\":\"2018-10-25T13:15:41+00:00\",\"mainEntityOfPage\":{\"@id\":\"https:\/\/ubanews.com\/site\/2018\/10\/25\/mulher-de-29-anos-e-assaltada-com-arma-de-fogo-em-punho-e-fica-sem-celular\/\"},\"wordCount\":157,\"commentCount\":0,\"publisher\":{\"@id\":\"https:\/\/ubanews.com\/site\/#organization\"},\"image\":{\"@id\":\"https:\/\/ubanews.com\/site\/2018\/10\/25\/mulher-de-29-anos-e-assaltada-com-arma-de-fogo-em-punho-e-fica-sem-celular\/#primaryimage\"},\"thumbnailUrl\":\"https:\/\/ubanews.com\/site\/wp-content\/uploads\/2018\/10\/assaltantes.jpg\",\"articleSection\":[\"S\u00edntese das Ocorr\u00eancias\"],\"inLanguage\":\"pt-BR\",\"potentialAction\":[{\"@type\":\"CommentAction\",\"name\":\"Comment\",\"target\":[\"https:\/\/ubanews.com\/site\/2018\/10\/25\/mulher-de-29-anos-e-assaltada-com-arma-de-fogo-em-punho-e-fica-sem-celular\/#respond\"]}]},{\"@type\":\"WebPage\",\"@id\":\"https:\/\/ubanews.com\/site\/2018\/10\/25\/mulher-de-29-anos-e-assaltada-com-arma-de-fogo-em-punho-e-fica-sem-celular\/\",\"url\":\"https:\/\/ubanews.com\/site\/2018\/10\/25\/mulher-de-29-anos-e-assaltada-com-arma-de-fogo-em-punho-e-fica-sem-celular\/\",\"name\":\"Mulher de 29 anos \u00e9 assaltada com arma de fogo em punho e fica sem celular - Ub\u00e1 News\",\"isPartOf\":{\"@id\":\"https:\/\/ubanews.com\/site\/#website\"},\"primaryImageOfPage\":{\"@id\":\"https:\/\/ubanews.com\/site\/2018\/10\/25\/mulher-de-29-anos-e-assaltada-com-arma-de-fogo-em-punho-e-fica-sem-celular\/#primaryimage\"},\"image\":{\"@id\":\"https:\/\/ubanews.com\/site\/2018\/10\/25\/mulher-de-29-anos-e-assaltada-com-arma-de-fogo-em-punho-e-fica-sem-celular\/#primaryimage\"},\"thumbnailUrl\":\"https:\/\/ubanews.com\/site\/wp-content\/uploads\/2018\/10\/assaltantes.jpg\",\"datePublished\":\"2018-10-25T13:15:41+00:00\",\"breadcrumb\":{\"@id\":\"https:\/\/ubanews.com\/site\/2018\/10\/25\/mulher-de-29-anos-e-assaltada-com-arma-de-fogo-em-punho-e-fica-sem-celular\/#breadcrumb\"},\"inLanguage\":\"pt-BR\",\"potentialAction\":[{\"@type\":\"ReadAction\",\"target\":[\"https:\/\/ubanews.com\/site\/2018\/10\/25\/mulher-de-29-anos-e-assaltada-com-arma-de-fogo-em-punho-e-fica-sem-celular\/\"]}]},{\"@type\":\"ImageObject\",\"inLanguage\":\"pt-BR\",\"@id\":\"https:\/\/ubanews.com\/site\/2018\/10\/25\/mulher-de-29-anos-e-assaltada-com-arma-de-fogo-em-punho-e-fica-sem-celular\/#primaryimage\",\"url\":\"https:\/\/ubanews.com\/site\/wp-content\/uploads\/2018\/10\/assaltantes.jpg\",\"contentUrl\":\"https:\/\/ubanews.com\/site\/wp-content\/uploads\/2018\/10\/assaltantes.jpg\",\"width\":800,\"height\":389},{\"@type\":\"BreadcrumbList\",\"@id\":\"https:\/\/ubanews.com\/site\/2018\/10\/25\/mulher-de-29-anos-e-assaltada-com-arma-de-fogo-em-punho-e-fica-sem-celular\/#breadcrumb\",\"itemListElement\":[{\"@type\":\"ListItem\",\"position\":1,\"name\":\"Home\",\"item\":\"https:\/\/ubanews.com\/site\/\"},{\"@type\":\"ListItem\",\"position\":2,\"name\":\"Mulher de 29 anos \u00e9 assaltada com arma de fogo em punho e fica sem celular\"}]},{\"@type\":\"WebSite\",\"@id\":\"https:\/\/ubanews.com\/site\/#website\",\"url\":\"https:\/\/ubanews.com\/site\/\",\"name\":\"Ub\u00e1 News\",\"description\":\"\",\"publisher\":{\"@id\":\"https:\/\/ubanews.com\/site\/#organization\"},\"potentialAction\":[{\"@type\":\"SearchAction\",\"target\":{\"@type\":\"EntryPoint\",\"urlTemplate\":\"https:\/\/ubanews.com\/site\/?s={search_term_string}\"},\"query-input\":{\"@type\":\"PropertyValueSpecification\",\"valueRequired\":true,\"valueName\":\"search_term_string\"}}],\"inLanguage\":\"pt-BR\"},{\"@type\":\"Organization\",\"@id\":\"https:\/\/ubanews.com\/site\/#organization\",\"name\":\"Ub\u00e1 News\",\"url\":\"https:\/\/ubanews.com\/site\/\",\"logo\":{\"@type\":\"ImageObject\",\"inLanguage\":\"pt-BR\",\"@id\":\"https:\/\/ubanews.com\/site\/#\/schema\/logo\/image\/\",\"url\":\"https:\/\/ubanews.com\/site\/wp-content\/uploads\/2018\/01\/logoubanews.png\",\"contentUrl\":\"https:\/\/ubanews.com\/site\/wp-content\/uploads\/2018\/01\/logoubanews.png\",\"width\":261,\"height\":99,\"caption\":\"Ub\u00e1 News\"},\"image\":{\"@id\":\"https:\/\/ubanews.com\/site\/#\/schema\/logo\/image\/\"},\"sameAs\":[\"https:\/\/www.facebook.com\/Ub\u00e1News-Carlos-Roberto-Sodr\u00e9-418778301977370\"]},{\"@type\":\"Person\",\"@id\":\"https:\/\/ubanews.com\/site\/#\/schema\/person\/d90c9e47252fbb63dcc969fe4c8b9d10\",\"name\":\"Sodr\u00e9\",\"image\":{\"@type\":\"ImageObject\",\"inLanguage\":\"pt-BR\",\"@id\":\"https:\/\/secure.gravatar.com\/avatar\/5ba2793f0590b9dbfad3fdec4ee714485b3eef211c9b32ee53d414060454a56c?s=96&d=mm&r=g\",\"url\":\"https:\/\/secure.gravatar.com\/avatar\/5ba2793f0590b9dbfad3fdec4ee714485b3eef211c9b32ee53d414060454a56c?s=96&d=mm&r=g\",\"contentUrl\":\"https:\/\/secure.gravatar.com\/avatar\/5ba2793f0590b9dbfad3fdec4ee714485b3eef211c9b32ee53d414060454a56c?s=96&d=mm&r=g\",\"caption\":\"Sodr\u00e9\"},\"sameAs\":[\"https:\/\/www.facebook.com\/carosroberto.sodre.5\/\"],\"url\":\"https:\/\/ubanews.com\/site\/author\/felipe\/\"}]}<\/script>\n<!-- \/ Yoast SEO plugin. -->","yoast_head_json":{"title":"Mulher de 29 anos \u00e9 assaltada com arma de fogo em punho e fica sem celular - Ub\u00e1 News","robots":{"index":"index","follow":"follow","max-snippet":"max-snippet:-1","max-image-preview":"max-image-preview:large","max-video-preview":"max-video-preview:-1"},"canonical":"https:\/\/ubanews.com\/site\/2018\/10\/25\/mulher-de-29-anos-e-assaltada-com-arma-de-fogo-em-punho-e-fica-sem-celular\/","og_locale":"pt_BR","og_type":"article","og_title":"Mulher de 29 anos \u00e9 assaltada com arma de fogo em punho e fica sem celular - Ub\u00e1 News","og_description":"No dia 24 de outubro \u00e0s 15h19min, a Rua Marieta","og_url":"https:\/\/ubanews.com\/site\/2018\/10\/25\/mulher-de-29-anos-e-assaltada-com-arma-de-fogo-em-punho-e-fica-sem-celular\/","og_site_name":"Ub\u00e1 News","article_publisher":"https:\/\/www.facebook.com\/Ub%c3%a1News-Carlos-Roberto-Sodr%c3%a9-418778301977370","article_author":"https:\/\/www.facebook.com\/carosroberto.sodre.5\/","article_published_time":"2018-10-25T13:15:41+00:00","og_image":[{"width":800,"height":389,"url":"https:\/\/ubanews.com\/site\/wp-content\/uploads\/2018\/10\/assaltantes.jpg","type":"image\/jpeg"}],"author":"Sodr\u00e9","twitter_card":"summary_large_image","twitter_misc":{"Escrito por":"Sodr\u00e9","Est. tempo de leitura":"1 minuto"},"schema":{"@context":"https:\/\/schema.org","@graph":[{"@type":"Article","@id":"https:\/\/ubanews.com\/site\/2018\/10\/25\/mulher-de-29-anos-e-assaltada-com-arma-de-fogo-em-punho-e-fica-sem-celular\/#article","isPartOf":{"@id":"https:\/\/ubanews.com\/site\/2018\/10\/25\/mulher-de-29-anos-e-assaltada-com-arma-de-fogo-em-punho-e-fica-sem-celular\/"},"author":{"name":"Sodr\u00e9","@id":"https:\/\/ubanews.com\/site\/#\/schema\/person\/d90c9e47252fbb63dcc969fe4c8b9d10"},"headline":"Mulher de 29 anos \u00e9 assaltada com arma de fogo em punho e fica sem celular","datePublished":"2018-10-25T13:15:41+00:00","mainEntityOfPage":{"@id":"https:\/\/ubanews.com\/site\/2018\/10\/25\/mulher-de-29-anos-e-assaltada-com-arma-de-fogo-em-punho-e-fica-sem-celular\/"},"wordCount":157,"commentCount":0,"publisher":{"@id":"https:\/\/ubanews.com\/site\/#organization"},"image":{"@id":"https:\/\/ubanews.com\/site\/2018\/10\/25\/mulher-de-29-anos-e-assaltada-com-arma-de-fogo-em-punho-e-fica-sem-celular\/#primaryimage"},"thumbnailUrl":"https:\/\/ubanews.com\/site\/wp-content\/uploads\/2018\/10\/assaltantes.jpg","articleSection":["S\u00edntese das Ocorr\u00eancias"],"inLanguage":"pt-BR","potentialAction":[{"@type":"CommentAction","name":"Comment","target":["https:\/\/ubanews.com\/site\/2018\/10\/25\/mulher-de-29-anos-e-assaltada-com-arma-de-fogo-em-punho-e-fica-sem-celular\/#respond"]}]},{"@type":"WebPage","@id":"https:\/\/ubanews.com\/site\/2018\/10\/25\/mulher-de-29-anos-e-assaltada-com-arma-de-fogo-em-punho-e-fica-sem-celular\/","url":"https:\/\/ubanews.com\/site\/2018\/10\/25\/mulher-de-29-anos-e-assaltada-com-arma-de-fogo-em-punho-e-fica-sem-celular\/","name":"Mulher de 29 anos \u00e9 assaltada com arma de fogo em punho e fica sem celular - Ub\u00e1 News","isPartOf":{"@id":"https:\/\/ubanews.com\/site\/#website"},"primaryImageOfPage":{"@id":"https:\/\/ubanews.com\/site\/2018\/10\/25\/mulher-de-29-anos-e-assaltada-com-arma-de-fogo-em-punho-e-fica-sem-celular\/#primaryimage"},"image":{"@id":"https:\/\/ubanews.com\/site\/2018\/10\/25\/mulher-de-29-anos-e-assaltada-com-arma-de-fogo-em-punho-e-fica-sem-celular\/#primaryimage"},"thumbnailUrl":"https:\/\/ubanews.com\/site\/wp-content\/uploads\/2018\/10\/assaltantes.jpg","datePublished":"2018-10-25T13:15:41+00:00","breadcrumb":{"@id":"https:\/\/ubanews.com\/site\/2018\/10\/25\/mulher-de-29-anos-e-assaltada-com-arma-de-fogo-em-punho-e-fica-sem-celular\/#breadcrumb"},"inLanguage":"pt-BR","potentialAction":[{"@type":"ReadAction","target":["https:\/\/ubanews.com\/site\/2018\/10\/25\/mulher-de-29-anos-e-assaltada-com-arma-de-fogo-em-punho-e-fica-sem-celular\/"]}]},{"@type":"ImageObject","inLanguage":"pt-BR","@id":"https:\/\/ubanews.com\/site\/2018\/10\/25\/mulher-de-29-anos-e-assaltada-com-arma-de-fogo-em-punho-e-fica-sem-celular\/#primaryimage","url":"https:\/\/ubanews.com\/site\/wp-content\/uploads\/2018\/10\/assaltantes.jpg","contentUrl":"https:\/\/ubanews.com\/site\/wp-content\/uploads\/2018\/10\/assaltantes.jpg","width":800,"height":389},{"@type":"BreadcrumbList","@id":"https:\/\/ubanews.com\/site\/2018\/10\/25\/mulher-de-29-anos-e-assaltada-com-arma-de-fogo-em-punho-e-fica-sem-celular\/#breadcrumb","itemListElement":[{"@type":"ListItem","position":1,"name":"Home","item":"https:\/\/ubanews.com\/site\/"},{"@type":"ListItem","position":2,"name":"Mulher de 29 anos \u00e9 assaltada com arma de fogo em punho e fica sem celular"}]},{"@type":"WebSite","@id":"https:\/\/ubanews.com\/site\/#website","url":"https:\/\/ubanews.com\/site\/","name":"Ub\u00e1 News","description":"","publisher":{"@id":"https:\/\/ubanews.com\/site\/#organization"},"potentialAction":[{"@type":"SearchAction","target":{"@type":"EntryPoint","urlTemplate":"https:\/\/ubanews.com\/site\/?s={search_term_string}"},"query-input":{"@type":"PropertyValueSpecification","valueRequired":true,"valueName":"search_term_string"}}],"inLanguage":"pt-BR"},{"@type":"Organization","@id":"https:\/\/ubanews.com\/site\/#organization","name":"Ub\u00e1 News","url":"https:\/\/ubanews.com\/site\/","logo":{"@type":"ImageObject","inLanguage":"pt-BR","@id":"https:\/\/ubanews.com\/site\/#\/schema\/logo\/image\/","url":"https:\/\/ubanews.com\/site\/wp-content\/uploads\/2018\/01\/logoubanews.png","contentUrl":"https:\/\/ubanews.com\/site\/wp-content\/uploads\/2018\/01\/logoubanews.png","width":261,"height":99,"caption":"Ub\u00e1 News"},"image":{"@id":"https:\/\/ubanews.com\/site\/#\/schema\/logo\/image\/"},"sameAs":["https:\/\/www.facebook.com\/Ub\u00e1News-Carlos-Roberto-Sodr\u00e9-418778301977370"]},{"@type":"Person","@id":"https:\/\/ubanews.com\/site\/#\/schema\/person\/d90c9e47252fbb63dcc969fe4c8b9d10","name":"Sodr\u00e9","image":{"@type":"ImageObject","inLanguage":"pt-BR","@id":"https:\/\/secure.gravatar.com\/avatar\/5ba2793f0590b9dbfad3fdec4ee714485b3eef211c9b32ee53d414060454a56c?s=96&d=mm&r=g","url":"https:\/\/secure.gravatar.com\/avatar\/5ba2793f0590b9dbfad3fdec4ee714485b3eef211c9b32ee53d414060454a56c?s=96&d=mm&r=g","contentUrl":"https:\/\/secure.gravatar.com\/avatar\/5ba2793f0590b9dbfad3fdec4ee714485b3eef211c9b32ee53d414060454a56c?s=96&d=mm&r=g","caption":"Sodr\u00e9"},"sameAs":["https:\/\/www.facebook.com\/carosroberto.sodre.5\/"],"url":"https:\/\/ubanews.com\/site\/author\/felipe\/"}]}},"_links":{"self":[{"href":"https:\/\/ubanews.com\/site\/wp-json\/wp\/v2\/posts\/8640","targetHints":{"allow":["GET"]}}],"collection":[{"href":"https:\/\/ubanews.com\/site\/wp-json\/wp\/v2\/posts"}],"about":[{"href":"https:\/\/ubanews.com\/site\/wp-json\/wp\/v2\/types\/post"}],"author":[{"embeddable":true,"href":"https:\/\/ubanews.com\/site\/wp-json\/wp\/v2\/users\/2"}],"replies":[{"embeddable":true,"href":"https:\/\/ubanews.com\/site\/wp-json\/wp\/v2\/comments?post=8640"}],"version-history":[{"count":0,"href":"https:\/\/ubanews.com\/site\/wp-json\/wp\/v2\/posts\/8640\/revisions"}],"wp:featuredmedia":[{"embeddable":true,"href":"https:\/\/ubanews.com\/site\/wp-json\/wp\/v2\/media\/8146"}],"wp:attachment":[{"href":"https:\/\/ubanews.com\/site\/wp-json\/wp\/v2\/media?parent=8640"}],"wp:term":[{"taxonomy":"category","embeddable":true,"href":"https:\/\/ubanews.com\/site\/wp-json\/wp\/v2\/categories?post=8640"},{"taxonomy":"post_tag","embeddable":true,"href":"https:\/\/ubanews.com\/site\/wp-json\/wp\/v2\/tags?post=8640"}],"curies":[{"name":"wp","href":"https:\/\/api.w.org\/{rel}","templated":true}]}}