{"id":8636,"date":"2018-10-25T10:11:11","date_gmt":"2018-10-25T13:11:11","guid":{"rendered":"http:\/\/ubanews.com\/site\/?p=8636"},"modified":"2018-10-25T10:25:10","modified_gmt":"2018-10-25T13:25:10","slug":"em-fiscalizacao-de-transito-a-policia-militar-prende-autores-por-trafico-de-drogas","status":"publish","type":"post","link":"https:\/\/ubanews.com\/site\/2018\/10\/25\/em-fiscalizacao-de-transito-a-policia-militar-prende-autores-por-trafico-de-drogas\/","title":{"rendered":"Em fiscaliza\u00e7\u00e3o de tr\u00e2nsito a Pol\u00edcia Militar prende autores por tr\u00e1fico de drogas"},"content":{"rendered":"<p>No dia 24 de outubro 17h15min a Av. Dr. T\u00e2nus Feres de Andrade s\/n no bairro Cedro do L\u00edbano na cidade de Divin\u00e9sia. A Pol\u00edcia Militar durante realiza\u00e7\u00e3o de uma fiscaliza\u00e7\u00e3o de tr\u00e2nsito, determinou que os autores Rondinei Dias David de 22 anos e Bruno Walisson Gomes da Silva, ambos condutor e passageiro da motocicleta Honda CG 150 Titan ks, de cor vermelha, placa HEN-7834\/Belo Horizonte-MG parassem mas estes ao perceberem que seriam abordados tentaram evadir, sendo contidos pelos militares.<\/p>\n<p>Ao serem submetidos a uma busca pessoal, foi encontrado no bolso do autor Bruno, quatro inv\u00f3lucros pl\u00e1sticos, de uma subst\u00e2ncia an\u00e1loga \u00e1 maconha. O condutor Rondinei relatou que a motocicleta \u00e9 do autor Bruno e que ele, era apenas &#8220;piloto&#8221; de Bruno, acrescentando que n\u00e3o possui CNH para conduzi-la. O autor Bruno n\u00e3o quis falar onde adquiriu a referida subst\u00e2ncia.<\/p>\n<p><a href=\"https:\/\/ubanews.com\/site\/wp-content\/uploads\/2018\/10\/169.jpg\"><img decoding=\"async\" class=\"alignnone wp-image-8638 size-full lazyload\" data-src=\"https:\/\/ubanews.com\/site\/wp-content\/uploads\/2018\/10\/169.jpg\" alt=\"\" width=\"800\" height=\"457\" data-srcset=\"https:\/\/ubanews.com\/site\/wp-content\/uploads\/2018\/10\/169.jpg 800w, https:\/\/ubanews.com\/site\/wp-content\/uploads\/2018\/10\/169-300x171.jpg 300w, https:\/\/ubanews.com\/site\/wp-content\/uploads\/2018\/10\/169-768x439.jpg 768w\" data-sizes=\"(max-width: 800px) 100vw, 800px\" src=\"data:image\/svg+xml;base64,PHN2ZyB3aWR0aD0iMSIgaGVpZ2h0PSIxIiB4bWxucz0iaHR0cDovL3d3dy53My5vcmcvMjAwMC9zdmciPjwvc3ZnPg==\" style=\"--smush-placeholder-width: 800px; --smush-placeholder-aspect-ratio: 800\/457;\" \/><\/a><\/p>\n<p>Passagens do autor Bruno: preso por uso e consumo de drogas em 12\/04\/2015; amea\u00e7a em 08\/03\/2015; inj\u00faria em 08\/05\/2015; vias de fato e agress\u00e3o em 09\/04\/2011; roubo em 26\/10\/2014 e recepta\u00e7\u00e3o em 22\/03\/2015.&nbsp; Passagens do Rondinei: dire\u00e7\u00e3o perigosa em 11\/03\/2018; desacato em 21\/10\/2017 e amea\u00e7a em 11\/03\/2018.<\/p>\n<p>Os autores foram presos por tr\u00e1fico il\u00edcito de drogas e foram conduzidos at\u00e9 a Delegacia de Pol\u00edcia Judici\u00e1ria, juntamente com os materiais apreendidos e a motocicleta foi apreendida e removida para o p\u00e1tio credenciado<strong>.<\/strong><\/p>\n<p><strong>A<\/strong><strong>SSESSORIA DE COMUNICA\u00c7\u00c3O ORGANIZACIONAL<\/strong><\/p>\n<p><strong><em>Vig\u00e9simo Primeiro Batalh\u00e3o de Pol\u00edcia Militar&nbsp;<\/em><\/strong><\/p>\n","protected":false},"excerpt":{"rendered":"<p>No dia 24 de outubro 17h15min a Av. Dr. T\u00e2nus<\/p>\n","protected":false},"author":2,"featured_media":8637,"comment_status":"open","ping_status":"open","sticky":false,"template":"","format":"standard","meta":{"footnotes":""},"categories":[13],"tags":[],"class_list":["post-8636","post","type-post","status-publish","format-standard","has-post-thumbnail","hentry","category-sintese-das-ocorrencias"],"yoast_head":"<!-- This site is optimized with the Yoast SEO plugin v27.2 - https:\/\/yoast.com\/product\/yoast-seo-wordpress\/ -->\n<title>Em fiscaliza\u00e7\u00e3o de tr\u00e2nsito a Pol\u00edcia Militar prende autores por tr\u00e1fico de drogas - Ub\u00e1 News<\/title>\n<meta name=\"robots\" content=\"index, follow, max-snippet:-1, max-image-preview:large, max-video-preview:-1\" \/>\n<link rel=\"canonical\" href=\"https:\/\/ubanews.com\/site\/2018\/10\/25\/em-fiscalizacao-de-transito-a-policia-militar-prende-autores-por-trafico-de-drogas\/\" \/>\n<meta property=\"og:locale\" content=\"pt_BR\" \/>\n<meta property=\"og:type\" content=\"article\" \/>\n<meta property=\"og:title\" content=\"Em fiscaliza\u00e7\u00e3o de tr\u00e2nsito a Pol\u00edcia Militar prende autores por tr\u00e1fico de drogas - Ub\u00e1 News\" \/>\n<meta property=\"og:description\" content=\"No dia 24 de outubro 17h15min a Av. Dr. T\u00e2nus\" \/>\n<meta property=\"og:url\" content=\"https:\/\/ubanews.com\/site\/2018\/10\/25\/em-fiscalizacao-de-transito-a-policia-militar-prende-autores-por-trafico-de-drogas\/\" \/>\n<meta property=\"og:site_name\" content=\"Ub\u00e1 News\" \/>\n<meta property=\"article:publisher\" content=\"https:\/\/www.facebook.com\/Ub%c3%a1News-Carlos-Roberto-Sodr%c3%a9-418778301977370\" \/>\n<meta property=\"article:author\" content=\"https:\/\/www.facebook.com\/carosroberto.sodre.5\/\" \/>\n<meta property=\"article:published_time\" content=\"2018-10-25T13:11:11+00:00\" \/>\n<meta property=\"article:modified_time\" content=\"2018-10-25T13:25:10+00:00\" \/>\n<meta property=\"og:image\" content=\"https:\/\/ubanews.com\/site\/wp-content\/uploads\/2018\/10\/168.jpg\" \/>\n\t<meta property=\"og:image:width\" content=\"800\" \/>\n\t<meta property=\"og:image:height\" content=\"389\" \/>\n\t<meta property=\"og:image:type\" content=\"image\/jpeg\" \/>\n<meta name=\"author\" content=\"Sodr\u00e9\" \/>\n<meta name=\"twitter:card\" content=\"summary_large_image\" \/>\n<meta name=\"twitter:label1\" content=\"Escrito por\" \/>\n\t<meta name=\"twitter:data1\" content=\"Sodr\u00e9\" \/>\n\t<meta name=\"twitter:label2\" content=\"Est. tempo de leitura\" \/>\n\t<meta name=\"twitter:data2\" content=\"1 minuto\" \/>\n<script type=\"application\/ld+json\" class=\"yoast-schema-graph\">{\"@context\":\"https:\/\/schema.org\",\"@graph\":[{\"@type\":\"Article\",\"@id\":\"https:\/\/ubanews.com\/site\/2018\/10\/25\/em-fiscalizacao-de-transito-a-policia-militar-prende-autores-por-trafico-de-drogas\/#article\",\"isPartOf\":{\"@id\":\"https:\/\/ubanews.com\/site\/2018\/10\/25\/em-fiscalizacao-de-transito-a-policia-militar-prende-autores-por-trafico-de-drogas\/\"},\"author\":{\"name\":\"Sodr\u00e9\",\"@id\":\"https:\/\/ubanews.com\/site\/#\/schema\/person\/d90c9e47252fbb63dcc969fe4c8b9d10\"},\"headline\":\"Em fiscaliza\u00e7\u00e3o de tr\u00e2nsito a Pol\u00edcia Militar prende autores por tr\u00e1fico de drogas\",\"datePublished\":\"2018-10-25T13:11:11+00:00\",\"dateModified\":\"2018-10-25T13:25:10+00:00\",\"mainEntityOfPage\":{\"@id\":\"https:\/\/ubanews.com\/site\/2018\/10\/25\/em-fiscalizacao-de-transito-a-policia-militar-prende-autores-por-trafico-de-drogas\/\"},\"wordCount\":269,\"commentCount\":0,\"publisher\":{\"@id\":\"https:\/\/ubanews.com\/site\/#organization\"},\"image\":{\"@id\":\"https:\/\/ubanews.com\/site\/2018\/10\/25\/em-fiscalizacao-de-transito-a-policia-militar-prende-autores-por-trafico-de-drogas\/#primaryimage\"},\"thumbnailUrl\":\"https:\/\/ubanews.com\/site\/wp-content\/uploads\/2018\/10\/168.jpg\",\"articleSection\":[\"S\u00edntese das Ocorr\u00eancias\"],\"inLanguage\":\"pt-BR\",\"potentialAction\":[{\"@type\":\"CommentAction\",\"name\":\"Comment\",\"target\":[\"https:\/\/ubanews.com\/site\/2018\/10\/25\/em-fiscalizacao-de-transito-a-policia-militar-prende-autores-por-trafico-de-drogas\/#respond\"]}]},{\"@type\":\"WebPage\",\"@id\":\"https:\/\/ubanews.com\/site\/2018\/10\/25\/em-fiscalizacao-de-transito-a-policia-militar-prende-autores-por-trafico-de-drogas\/\",\"url\":\"https:\/\/ubanews.com\/site\/2018\/10\/25\/em-fiscalizacao-de-transito-a-policia-militar-prende-autores-por-trafico-de-drogas\/\",\"name\":\"Em fiscaliza\u00e7\u00e3o de tr\u00e2nsito a Pol\u00edcia Militar prende autores por tr\u00e1fico de drogas - Ub\u00e1 News\",\"isPartOf\":{\"@id\":\"https:\/\/ubanews.com\/site\/#website\"},\"primaryImageOfPage\":{\"@id\":\"https:\/\/ubanews.com\/site\/2018\/10\/25\/em-fiscalizacao-de-transito-a-policia-militar-prende-autores-por-trafico-de-drogas\/#primaryimage\"},\"image\":{\"@id\":\"https:\/\/ubanews.com\/site\/2018\/10\/25\/em-fiscalizacao-de-transito-a-policia-militar-prende-autores-por-trafico-de-drogas\/#primaryimage\"},\"thumbnailUrl\":\"https:\/\/ubanews.com\/site\/wp-content\/uploads\/2018\/10\/168.jpg\",\"datePublished\":\"2018-10-25T13:11:11+00:00\",\"dateModified\":\"2018-10-25T13:25:10+00:00\",\"breadcrumb\":{\"@id\":\"https:\/\/ubanews.com\/site\/2018\/10\/25\/em-fiscalizacao-de-transito-a-policia-militar-prende-autores-por-trafico-de-drogas\/#breadcrumb\"},\"inLanguage\":\"pt-BR\",\"potentialAction\":[{\"@type\":\"ReadAction\",\"target\":[\"https:\/\/ubanews.com\/site\/2018\/10\/25\/em-fiscalizacao-de-transito-a-policia-militar-prende-autores-por-trafico-de-drogas\/\"]}]},{\"@type\":\"ImageObject\",\"inLanguage\":\"pt-BR\",\"@id\":\"https:\/\/ubanews.com\/site\/2018\/10\/25\/em-fiscalizacao-de-transito-a-policia-militar-prende-autores-por-trafico-de-drogas\/#primaryimage\",\"url\":\"https:\/\/ubanews.com\/site\/wp-content\/uploads\/2018\/10\/168.jpg\",\"contentUrl\":\"https:\/\/ubanews.com\/site\/wp-content\/uploads\/2018\/10\/168.jpg\",\"width\":800,\"height\":389},{\"@type\":\"BreadcrumbList\",\"@id\":\"https:\/\/ubanews.com\/site\/2018\/10\/25\/em-fiscalizacao-de-transito-a-policia-militar-prende-autores-por-trafico-de-drogas\/#breadcrumb\",\"itemListElement\":[{\"@type\":\"ListItem\",\"position\":1,\"name\":\"Home\",\"item\":\"https:\/\/ubanews.com\/site\/\"},{\"@type\":\"ListItem\",\"position\":2,\"name\":\"Em fiscaliza\u00e7\u00e3o de tr\u00e2nsito a Pol\u00edcia Militar prende autores por tr\u00e1fico de drogas\"}]},{\"@type\":\"WebSite\",\"@id\":\"https:\/\/ubanews.com\/site\/#website\",\"url\":\"https:\/\/ubanews.com\/site\/\",\"name\":\"Ub\u00e1 News\",\"description\":\"\",\"publisher\":{\"@id\":\"https:\/\/ubanews.com\/site\/#organization\"},\"potentialAction\":[{\"@type\":\"SearchAction\",\"target\":{\"@type\":\"EntryPoint\",\"urlTemplate\":\"https:\/\/ubanews.com\/site\/?s={search_term_string}\"},\"query-input\":{\"@type\":\"PropertyValueSpecification\",\"valueRequired\":true,\"valueName\":\"search_term_string\"}}],\"inLanguage\":\"pt-BR\"},{\"@type\":\"Organization\",\"@id\":\"https:\/\/ubanews.com\/site\/#organization\",\"name\":\"Ub\u00e1 News\",\"url\":\"https:\/\/ubanews.com\/site\/\",\"logo\":{\"@type\":\"ImageObject\",\"inLanguage\":\"pt-BR\",\"@id\":\"https:\/\/ubanews.com\/site\/#\/schema\/logo\/image\/\",\"url\":\"https:\/\/ubanews.com\/site\/wp-content\/uploads\/2018\/01\/logoubanews.png\",\"contentUrl\":\"https:\/\/ubanews.com\/site\/wp-content\/uploads\/2018\/01\/logoubanews.png\",\"width\":261,\"height\":99,\"caption\":\"Ub\u00e1 News\"},\"image\":{\"@id\":\"https:\/\/ubanews.com\/site\/#\/schema\/logo\/image\/\"},\"sameAs\":[\"https:\/\/www.facebook.com\/Ub\u00e1News-Carlos-Roberto-Sodr\u00e9-418778301977370\"]},{\"@type\":\"Person\",\"@id\":\"https:\/\/ubanews.com\/site\/#\/schema\/person\/d90c9e47252fbb63dcc969fe4c8b9d10\",\"name\":\"Sodr\u00e9\",\"image\":{\"@type\":\"ImageObject\",\"inLanguage\":\"pt-BR\",\"@id\":\"https:\/\/secure.gravatar.com\/avatar\/5ba2793f0590b9dbfad3fdec4ee714485b3eef211c9b32ee53d414060454a56c?s=96&d=mm&r=g\",\"url\":\"https:\/\/secure.gravatar.com\/avatar\/5ba2793f0590b9dbfad3fdec4ee714485b3eef211c9b32ee53d414060454a56c?s=96&d=mm&r=g\",\"contentUrl\":\"https:\/\/secure.gravatar.com\/avatar\/5ba2793f0590b9dbfad3fdec4ee714485b3eef211c9b32ee53d414060454a56c?s=96&d=mm&r=g\",\"caption\":\"Sodr\u00e9\"},\"sameAs\":[\"https:\/\/www.facebook.com\/carosroberto.sodre.5\/\"],\"url\":\"https:\/\/ubanews.com\/site\/author\/felipe\/\"}]}<\/script>\n<!-- \/ Yoast SEO plugin. -->","yoast_head_json":{"title":"Em fiscaliza\u00e7\u00e3o de tr\u00e2nsito a Pol\u00edcia Militar prende autores por tr\u00e1fico de drogas - Ub\u00e1 News","robots":{"index":"index","follow":"follow","max-snippet":"max-snippet:-1","max-image-preview":"max-image-preview:large","max-video-preview":"max-video-preview:-1"},"canonical":"https:\/\/ubanews.com\/site\/2018\/10\/25\/em-fiscalizacao-de-transito-a-policia-militar-prende-autores-por-trafico-de-drogas\/","og_locale":"pt_BR","og_type":"article","og_title":"Em fiscaliza\u00e7\u00e3o de tr\u00e2nsito a Pol\u00edcia Militar prende autores por tr\u00e1fico de drogas - Ub\u00e1 News","og_description":"No dia 24 de outubro 17h15min a Av. Dr. T\u00e2nus","og_url":"https:\/\/ubanews.com\/site\/2018\/10\/25\/em-fiscalizacao-de-transito-a-policia-militar-prende-autores-por-trafico-de-drogas\/","og_site_name":"Ub\u00e1 News","article_publisher":"https:\/\/www.facebook.com\/Ub%c3%a1News-Carlos-Roberto-Sodr%c3%a9-418778301977370","article_author":"https:\/\/www.facebook.com\/carosroberto.sodre.5\/","article_published_time":"2018-10-25T13:11:11+00:00","article_modified_time":"2018-10-25T13:25:10+00:00","og_image":[{"width":800,"height":389,"url":"https:\/\/ubanews.com\/site\/wp-content\/uploads\/2018\/10\/168.jpg","type":"image\/jpeg"}],"author":"Sodr\u00e9","twitter_card":"summary_large_image","twitter_misc":{"Escrito por":"Sodr\u00e9","Est. tempo de leitura":"1 minuto"},"schema":{"@context":"https:\/\/schema.org","@graph":[{"@type":"Article","@id":"https:\/\/ubanews.com\/site\/2018\/10\/25\/em-fiscalizacao-de-transito-a-policia-militar-prende-autores-por-trafico-de-drogas\/#article","isPartOf":{"@id":"https:\/\/ubanews.com\/site\/2018\/10\/25\/em-fiscalizacao-de-transito-a-policia-militar-prende-autores-por-trafico-de-drogas\/"},"author":{"name":"Sodr\u00e9","@id":"https:\/\/ubanews.com\/site\/#\/schema\/person\/d90c9e47252fbb63dcc969fe4c8b9d10"},"headline":"Em fiscaliza\u00e7\u00e3o de tr\u00e2nsito a Pol\u00edcia Militar prende autores por tr\u00e1fico de drogas","datePublished":"2018-10-25T13:11:11+00:00","dateModified":"2018-10-25T13:25:10+00:00","mainEntityOfPage":{"@id":"https:\/\/ubanews.com\/site\/2018\/10\/25\/em-fiscalizacao-de-transito-a-policia-militar-prende-autores-por-trafico-de-drogas\/"},"wordCount":269,"commentCount":0,"publisher":{"@id":"https:\/\/ubanews.com\/site\/#organization"},"image":{"@id":"https:\/\/ubanews.com\/site\/2018\/10\/25\/em-fiscalizacao-de-transito-a-policia-militar-prende-autores-por-trafico-de-drogas\/#primaryimage"},"thumbnailUrl":"https:\/\/ubanews.com\/site\/wp-content\/uploads\/2018\/10\/168.jpg","articleSection":["S\u00edntese das Ocorr\u00eancias"],"inLanguage":"pt-BR","potentialAction":[{"@type":"CommentAction","name":"Comment","target":["https:\/\/ubanews.com\/site\/2018\/10\/25\/em-fiscalizacao-de-transito-a-policia-militar-prende-autores-por-trafico-de-drogas\/#respond"]}]},{"@type":"WebPage","@id":"https:\/\/ubanews.com\/site\/2018\/10\/25\/em-fiscalizacao-de-transito-a-policia-militar-prende-autores-por-trafico-de-drogas\/","url":"https:\/\/ubanews.com\/site\/2018\/10\/25\/em-fiscalizacao-de-transito-a-policia-militar-prende-autores-por-trafico-de-drogas\/","name":"Em fiscaliza\u00e7\u00e3o de tr\u00e2nsito a Pol\u00edcia Militar prende autores por tr\u00e1fico de drogas - Ub\u00e1 News","isPartOf":{"@id":"https:\/\/ubanews.com\/site\/#website"},"primaryImageOfPage":{"@id":"https:\/\/ubanews.com\/site\/2018\/10\/25\/em-fiscalizacao-de-transito-a-policia-militar-prende-autores-por-trafico-de-drogas\/#primaryimage"},"image":{"@id":"https:\/\/ubanews.com\/site\/2018\/10\/25\/em-fiscalizacao-de-transito-a-policia-militar-prende-autores-por-trafico-de-drogas\/#primaryimage"},"thumbnailUrl":"https:\/\/ubanews.com\/site\/wp-content\/uploads\/2018\/10\/168.jpg","datePublished":"2018-10-25T13:11:11+00:00","dateModified":"2018-10-25T13:25:10+00:00","breadcrumb":{"@id":"https:\/\/ubanews.com\/site\/2018\/10\/25\/em-fiscalizacao-de-transito-a-policia-militar-prende-autores-por-trafico-de-drogas\/#breadcrumb"},"inLanguage":"pt-BR","potentialAction":[{"@type":"ReadAction","target":["https:\/\/ubanews.com\/site\/2018\/10\/25\/em-fiscalizacao-de-transito-a-policia-militar-prende-autores-por-trafico-de-drogas\/"]}]},{"@type":"ImageObject","inLanguage":"pt-BR","@id":"https:\/\/ubanews.com\/site\/2018\/10\/25\/em-fiscalizacao-de-transito-a-policia-militar-prende-autores-por-trafico-de-drogas\/#primaryimage","url":"https:\/\/ubanews.com\/site\/wp-content\/uploads\/2018\/10\/168.jpg","contentUrl":"https:\/\/ubanews.com\/site\/wp-content\/uploads\/2018\/10\/168.jpg","width":800,"height":389},{"@type":"BreadcrumbList","@id":"https:\/\/ubanews.com\/site\/2018\/10\/25\/em-fiscalizacao-de-transito-a-policia-militar-prende-autores-por-trafico-de-drogas\/#breadcrumb","itemListElement":[{"@type":"ListItem","position":1,"name":"Home","item":"https:\/\/ubanews.com\/site\/"},{"@type":"ListItem","position":2,"name":"Em fiscaliza\u00e7\u00e3o de tr\u00e2nsito a Pol\u00edcia Militar prende autores por tr\u00e1fico de drogas"}]},{"@type":"WebSite","@id":"https:\/\/ubanews.com\/site\/#website","url":"https:\/\/ubanews.com\/site\/","name":"Ub\u00e1 News","description":"","publisher":{"@id":"https:\/\/ubanews.com\/site\/#organization"},"potentialAction":[{"@type":"SearchAction","target":{"@type":"EntryPoint","urlTemplate":"https:\/\/ubanews.com\/site\/?s={search_term_string}"},"query-input":{"@type":"PropertyValueSpecification","valueRequired":true,"valueName":"search_term_string"}}],"inLanguage":"pt-BR"},{"@type":"Organization","@id":"https:\/\/ubanews.com\/site\/#organization","name":"Ub\u00e1 News","url":"https:\/\/ubanews.com\/site\/","logo":{"@type":"ImageObject","inLanguage":"pt-BR","@id":"https:\/\/ubanews.com\/site\/#\/schema\/logo\/image\/","url":"https:\/\/ubanews.com\/site\/wp-content\/uploads\/2018\/01\/logoubanews.png","contentUrl":"https:\/\/ubanews.com\/site\/wp-content\/uploads\/2018\/01\/logoubanews.png","width":261,"height":99,"caption":"Ub\u00e1 News"},"image":{"@id":"https:\/\/ubanews.com\/site\/#\/schema\/logo\/image\/"},"sameAs":["https:\/\/www.facebook.com\/Ub\u00e1News-Carlos-Roberto-Sodr\u00e9-418778301977370"]},{"@type":"Person","@id":"https:\/\/ubanews.com\/site\/#\/schema\/person\/d90c9e47252fbb63dcc969fe4c8b9d10","name":"Sodr\u00e9","image":{"@type":"ImageObject","inLanguage":"pt-BR","@id":"https:\/\/secure.gravatar.com\/avatar\/5ba2793f0590b9dbfad3fdec4ee714485b3eef211c9b32ee53d414060454a56c?s=96&d=mm&r=g","url":"https:\/\/secure.gravatar.com\/avatar\/5ba2793f0590b9dbfad3fdec4ee714485b3eef211c9b32ee53d414060454a56c?s=96&d=mm&r=g","contentUrl":"https:\/\/secure.gravatar.com\/avatar\/5ba2793f0590b9dbfad3fdec4ee714485b3eef211c9b32ee53d414060454a56c?s=96&d=mm&r=g","caption":"Sodr\u00e9"},"sameAs":["https:\/\/www.facebook.com\/carosroberto.sodre.5\/"],"url":"https:\/\/ubanews.com\/site\/author\/felipe\/"}]}},"_links":{"self":[{"href":"https:\/\/ubanews.com\/site\/wp-json\/wp\/v2\/posts\/8636","targetHints":{"allow":["GET"]}}],"collection":[{"href":"https:\/\/ubanews.com\/site\/wp-json\/wp\/v2\/posts"}],"about":[{"href":"https:\/\/ubanews.com\/site\/wp-json\/wp\/v2\/types\/post"}],"author":[{"embeddable":true,"href":"https:\/\/ubanews.com\/site\/wp-json\/wp\/v2\/users\/2"}],"replies":[{"embeddable":true,"href":"https:\/\/ubanews.com\/site\/wp-json\/wp\/v2\/comments?post=8636"}],"version-history":[{"count":0,"href":"https:\/\/ubanews.com\/site\/wp-json\/wp\/v2\/posts\/8636\/revisions"}],"wp:featuredmedia":[{"embeddable":true,"href":"https:\/\/ubanews.com\/site\/wp-json\/wp\/v2\/media\/8637"}],"wp:attachment":[{"href":"https:\/\/ubanews.com\/site\/wp-json\/wp\/v2\/media?parent=8636"}],"wp:term":[{"taxonomy":"category","embeddable":true,"href":"https:\/\/ubanews.com\/site\/wp-json\/wp\/v2\/categories?post=8636"},{"taxonomy":"post_tag","embeddable":true,"href":"https:\/\/ubanews.com\/site\/wp-json\/wp\/v2\/tags?post=8636"}],"curies":[{"name":"wp","href":"https:\/\/api.w.org\/{rel}","templated":true}]}}