{"id":8605,"date":"2018-10-23T13:14:04","date_gmt":"2018-10-23T16:14:04","guid":{"rendered":"http:\/\/ubanews.com\/site\/?p=8605"},"modified":"2018-10-25T09:31:54","modified_gmt":"2018-10-25T12:31:54","slug":"com-o-tema-um-prato-cheio-de-sabor-e-solidariedade-foi-sucesso-o-almoco-do-nrvcc","status":"publish","type":"post","link":"https:\/\/ubanews.com\/site\/2018\/10\/23\/com-o-tema-um-prato-cheio-de-sabor-e-solidariedade-foi-sucesso-o-almoco-do-nrvcc\/","title":{"rendered":"COM O TEMA \u201cUM PRATO CHEIO DE SABOR E SOLIDARIEDADE\u201d FOI SUCESSO O ALMO\u00c7O DO NRVCC"},"content":{"rendered":"<p>Um Prato Cheio de Sabor e Solidariedade. Esse foi o tema do almo\u00e7o do N\u00facleo Regional de Volunt\u00e1rios de Combate ao C\u00e2ncer de Ub\u00e1. Seiscentas pessoas participaram do evento. Al\u00e9m do ambiente agrad\u00e1vel proporcionado pelo Tabajara Esporte Clube e sua diretoria, ainda, somam-se a tudo isso, o delicioso almo\u00e7o com galinhada, macarronada, pernil, tutu \u00e0 mineira, salada e petiscos. Isso sem falar nas atra\u00e7\u00f5es musicais: Sambas\u00f4; Br\u00e1ulio Hil\u00e1rio; Serginho Mumu e as Bandas Trinity e Equalize. Tudo perfeito. A satisfa\u00e7\u00e3o era percept\u00edvel nos olhos e na face de Guilherme Guilhermino J\u00fanior e os representantes do Clube das Quintas, parceiros fundamentais na realiza\u00e7\u00e3o desse evento. O diretor presidente do N\u00facleo do C\u00e2ncer Guilherme Guilhermino J\u00fanior conversou com a equipe do Portal de Not\u00edcias Ub\u00e1 e falou do brilhantismo do evento e da import\u00e2ncia das parcerias, principalmente, do Clube das Quintas!!!<a href=\"https:\/\/ubanews.com\/site\/wp-content\/uploads\/2018\/10\/166.jpg\"><img decoding=\"async\" class=\"alignnone wp-image-8607 size-full lazyload\" data-src=\"https:\/\/ubanews.com\/site\/wp-content\/uploads\/2018\/10\/166.jpg\" alt=\"\" width=\"800\" height=\"457\" data-srcset=\"https:\/\/ubanews.com\/site\/wp-content\/uploads\/2018\/10\/166.jpg 800w, https:\/\/ubanews.com\/site\/wp-content\/uploads\/2018\/10\/166-300x171.jpg 300w, https:\/\/ubanews.com\/site\/wp-content\/uploads\/2018\/10\/166-768x439.jpg 768w\" data-sizes=\"(max-width: 800px) 100vw, 800px\" src=\"data:image\/svg+xml;base64,PHN2ZyB3aWR0aD0iMSIgaGVpZ2h0PSIxIiB4bWxucz0iaHR0cDovL3d3dy53My5vcmcvMjAwMC9zdmciPjwvc3ZnPg==\" style=\"--smush-placeholder-width: 800px; --smush-placeholder-aspect-ratio: 800\/457;\" \/><\/a><\/p>\n","protected":false},"excerpt":{"rendered":"<p>Um Prato Cheio de Sabor e Solidariedade. Esse foi o<\/p>\n","protected":false},"author":2,"featured_media":8606,"comment_status":"open","ping_status":"open","sticky":false,"template":"","format":"standard","meta":{"footnotes":""},"categories":[1],"tags":[],"class_list":["post-8605","post","type-post","status-publish","format-standard","has-post-thumbnail","hentry","category-sem-categoria"],"yoast_head":"<!-- This site is optimized with the Yoast SEO plugin v27.2 - https:\/\/yoast.com\/product\/yoast-seo-wordpress\/ -->\n<title>COM O TEMA \u201cUM PRATO CHEIO DE SABOR E SOLIDARIEDADE\u201d FOI SUCESSO O ALMO\u00c7O DO NRVCC - Ub\u00e1 News<\/title>\n<meta name=\"robots\" content=\"index, follow, max-snippet:-1, max-image-preview:large, max-video-preview:-1\" \/>\n<link rel=\"canonical\" href=\"https:\/\/ubanews.com\/site\/2018\/10\/23\/com-o-tema-um-prato-cheio-de-sabor-e-solidariedade-foi-sucesso-o-almoco-do-nrvcc\/\" \/>\n<meta property=\"og:locale\" content=\"pt_BR\" \/>\n<meta property=\"og:type\" content=\"article\" \/>\n<meta property=\"og:title\" content=\"COM O TEMA \u201cUM PRATO CHEIO DE SABOR E SOLIDARIEDADE\u201d FOI SUCESSO O ALMO\u00c7O DO NRVCC - Ub\u00e1 News\" \/>\n<meta property=\"og:description\" content=\"Um Prato Cheio de Sabor e Solidariedade. Esse foi o\" \/>\n<meta property=\"og:url\" content=\"https:\/\/ubanews.com\/site\/2018\/10\/23\/com-o-tema-um-prato-cheio-de-sabor-e-solidariedade-foi-sucesso-o-almoco-do-nrvcc\/\" \/>\n<meta property=\"og:site_name\" content=\"Ub\u00e1 News\" \/>\n<meta property=\"article:publisher\" content=\"https:\/\/www.facebook.com\/Ub%c3%a1News-Carlos-Roberto-Sodr%c3%a9-418778301977370\" \/>\n<meta property=\"article:author\" content=\"https:\/\/www.facebook.com\/carosroberto.sodre.5\/\" \/>\n<meta property=\"article:published_time\" content=\"2018-10-23T16:14:04+00:00\" \/>\n<meta property=\"article:modified_time\" content=\"2018-10-25T12:31:54+00:00\" \/>\n<meta property=\"og:image\" content=\"https:\/\/ubanews.com\/site\/wp-content\/uploads\/2018\/10\/DSC0637.jpg\" \/>\n\t<meta property=\"og:image:width\" content=\"800\" \/>\n\t<meta property=\"og:image:height\" content=\"389\" \/>\n\t<meta property=\"og:image:type\" content=\"image\/jpeg\" \/>\n<meta name=\"author\" content=\"Sodr\u00e9\" \/>\n<meta name=\"twitter:card\" content=\"summary_large_image\" \/>\n<meta name=\"twitter:label1\" content=\"Escrito por\" \/>\n\t<meta name=\"twitter:data1\" content=\"Sodr\u00e9\" \/>\n\t<meta name=\"twitter:label2\" content=\"Est. tempo de leitura\" \/>\n\t<meta name=\"twitter:data2\" content=\"1 minuto\" \/>\n<script type=\"application\/ld+json\" class=\"yoast-schema-graph\">{\"@context\":\"https:\/\/schema.org\",\"@graph\":[{\"@type\":\"Article\",\"@id\":\"https:\/\/ubanews.com\/site\/2018\/10\/23\/com-o-tema-um-prato-cheio-de-sabor-e-solidariedade-foi-sucesso-o-almoco-do-nrvcc\/#article\",\"isPartOf\":{\"@id\":\"https:\/\/ubanews.com\/site\/2018\/10\/23\/com-o-tema-um-prato-cheio-de-sabor-e-solidariedade-foi-sucesso-o-almoco-do-nrvcc\/\"},\"author\":{\"name\":\"Sodr\u00e9\",\"@id\":\"https:\/\/ubanews.com\/site\/#\/schema\/person\/d90c9e47252fbb63dcc969fe4c8b9d10\"},\"headline\":\"COM O TEMA \u201cUM PRATO CHEIO DE SABOR E SOLIDARIEDADE\u201d FOI SUCESSO O ALMO\u00c7O DO NRVCC\",\"datePublished\":\"2018-10-23T16:14:04+00:00\",\"dateModified\":\"2018-10-25T12:31:54+00:00\",\"mainEntityOfPage\":{\"@id\":\"https:\/\/ubanews.com\/site\/2018\/10\/23\/com-o-tema-um-prato-cheio-de-sabor-e-solidariedade-foi-sucesso-o-almoco-do-nrvcc\/\"},\"wordCount\":174,\"commentCount\":0,\"publisher\":{\"@id\":\"https:\/\/ubanews.com\/site\/#organization\"},\"image\":{\"@id\":\"https:\/\/ubanews.com\/site\/2018\/10\/23\/com-o-tema-um-prato-cheio-de-sabor-e-solidariedade-foi-sucesso-o-almoco-do-nrvcc\/#primaryimage\"},\"thumbnailUrl\":\"https:\/\/ubanews.com\/site\/wp-content\/uploads\/2018\/10\/DSC0637.jpg\",\"articleSection\":[\"Geral\"],\"inLanguage\":\"pt-BR\",\"potentialAction\":[{\"@type\":\"CommentAction\",\"name\":\"Comment\",\"target\":[\"https:\/\/ubanews.com\/site\/2018\/10\/23\/com-o-tema-um-prato-cheio-de-sabor-e-solidariedade-foi-sucesso-o-almoco-do-nrvcc\/#respond\"]}]},{\"@type\":\"WebPage\",\"@id\":\"https:\/\/ubanews.com\/site\/2018\/10\/23\/com-o-tema-um-prato-cheio-de-sabor-e-solidariedade-foi-sucesso-o-almoco-do-nrvcc\/\",\"url\":\"https:\/\/ubanews.com\/site\/2018\/10\/23\/com-o-tema-um-prato-cheio-de-sabor-e-solidariedade-foi-sucesso-o-almoco-do-nrvcc\/\",\"name\":\"COM O TEMA \u201cUM PRATO CHEIO DE SABOR E SOLIDARIEDADE\u201d FOI SUCESSO O ALMO\u00c7O DO NRVCC - Ub\u00e1 News\",\"isPartOf\":{\"@id\":\"https:\/\/ubanews.com\/site\/#website\"},\"primaryImageOfPage\":{\"@id\":\"https:\/\/ubanews.com\/site\/2018\/10\/23\/com-o-tema-um-prato-cheio-de-sabor-e-solidariedade-foi-sucesso-o-almoco-do-nrvcc\/#primaryimage\"},\"image\":{\"@id\":\"https:\/\/ubanews.com\/site\/2018\/10\/23\/com-o-tema-um-prato-cheio-de-sabor-e-solidariedade-foi-sucesso-o-almoco-do-nrvcc\/#primaryimage\"},\"thumbnailUrl\":\"https:\/\/ubanews.com\/site\/wp-content\/uploads\/2018\/10\/DSC0637.jpg\",\"datePublished\":\"2018-10-23T16:14:04+00:00\",\"dateModified\":\"2018-10-25T12:31:54+00:00\",\"breadcrumb\":{\"@id\":\"https:\/\/ubanews.com\/site\/2018\/10\/23\/com-o-tema-um-prato-cheio-de-sabor-e-solidariedade-foi-sucesso-o-almoco-do-nrvcc\/#breadcrumb\"},\"inLanguage\":\"pt-BR\",\"potentialAction\":[{\"@type\":\"ReadAction\",\"target\":[\"https:\/\/ubanews.com\/site\/2018\/10\/23\/com-o-tema-um-prato-cheio-de-sabor-e-solidariedade-foi-sucesso-o-almoco-do-nrvcc\/\"]}]},{\"@type\":\"ImageObject\",\"inLanguage\":\"pt-BR\",\"@id\":\"https:\/\/ubanews.com\/site\/2018\/10\/23\/com-o-tema-um-prato-cheio-de-sabor-e-solidariedade-foi-sucesso-o-almoco-do-nrvcc\/#primaryimage\",\"url\":\"https:\/\/ubanews.com\/site\/wp-content\/uploads\/2018\/10\/DSC0637.jpg\",\"contentUrl\":\"https:\/\/ubanews.com\/site\/wp-content\/uploads\/2018\/10\/DSC0637.jpg\",\"width\":800,\"height\":389},{\"@type\":\"BreadcrumbList\",\"@id\":\"https:\/\/ubanews.com\/site\/2018\/10\/23\/com-o-tema-um-prato-cheio-de-sabor-e-solidariedade-foi-sucesso-o-almoco-do-nrvcc\/#breadcrumb\",\"itemListElement\":[{\"@type\":\"ListItem\",\"position\":1,\"name\":\"Home\",\"item\":\"https:\/\/ubanews.com\/site\/\"},{\"@type\":\"ListItem\",\"position\":2,\"name\":\"COM O TEMA \u201cUM PRATO CHEIO DE SABOR E SOLIDARIEDADE\u201d FOI SUCESSO O ALMO\u00c7O DO NRVCC\"}]},{\"@type\":\"WebSite\",\"@id\":\"https:\/\/ubanews.com\/site\/#website\",\"url\":\"https:\/\/ubanews.com\/site\/\",\"name\":\"Ub\u00e1 News\",\"description\":\"\",\"publisher\":{\"@id\":\"https:\/\/ubanews.com\/site\/#organization\"},\"potentialAction\":[{\"@type\":\"SearchAction\",\"target\":{\"@type\":\"EntryPoint\",\"urlTemplate\":\"https:\/\/ubanews.com\/site\/?s={search_term_string}\"},\"query-input\":{\"@type\":\"PropertyValueSpecification\",\"valueRequired\":true,\"valueName\":\"search_term_string\"}}],\"inLanguage\":\"pt-BR\"},{\"@type\":\"Organization\",\"@id\":\"https:\/\/ubanews.com\/site\/#organization\",\"name\":\"Ub\u00e1 News\",\"url\":\"https:\/\/ubanews.com\/site\/\",\"logo\":{\"@type\":\"ImageObject\",\"inLanguage\":\"pt-BR\",\"@id\":\"https:\/\/ubanews.com\/site\/#\/schema\/logo\/image\/\",\"url\":\"https:\/\/ubanews.com\/site\/wp-content\/uploads\/2018\/01\/logoubanews.png\",\"contentUrl\":\"https:\/\/ubanews.com\/site\/wp-content\/uploads\/2018\/01\/logoubanews.png\",\"width\":261,\"height\":99,\"caption\":\"Ub\u00e1 News\"},\"image\":{\"@id\":\"https:\/\/ubanews.com\/site\/#\/schema\/logo\/image\/\"},\"sameAs\":[\"https:\/\/www.facebook.com\/Ub\u00e1News-Carlos-Roberto-Sodr\u00e9-418778301977370\"]},{\"@type\":\"Person\",\"@id\":\"https:\/\/ubanews.com\/site\/#\/schema\/person\/d90c9e47252fbb63dcc969fe4c8b9d10\",\"name\":\"Sodr\u00e9\",\"image\":{\"@type\":\"ImageObject\",\"inLanguage\":\"pt-BR\",\"@id\":\"https:\/\/secure.gravatar.com\/avatar\/5ba2793f0590b9dbfad3fdec4ee714485b3eef211c9b32ee53d414060454a56c?s=96&d=mm&r=g\",\"url\":\"https:\/\/secure.gravatar.com\/avatar\/5ba2793f0590b9dbfad3fdec4ee714485b3eef211c9b32ee53d414060454a56c?s=96&d=mm&r=g\",\"contentUrl\":\"https:\/\/secure.gravatar.com\/avatar\/5ba2793f0590b9dbfad3fdec4ee714485b3eef211c9b32ee53d414060454a56c?s=96&d=mm&r=g\",\"caption\":\"Sodr\u00e9\"},\"sameAs\":[\"https:\/\/www.facebook.com\/carosroberto.sodre.5\/\"],\"url\":\"https:\/\/ubanews.com\/site\/author\/felipe\/\"}]}<\/script>\n<!-- \/ Yoast SEO plugin. -->","yoast_head_json":{"title":"COM O TEMA \u201cUM PRATO CHEIO DE SABOR E SOLIDARIEDADE\u201d FOI SUCESSO O ALMO\u00c7O DO NRVCC - Ub\u00e1 News","robots":{"index":"index","follow":"follow","max-snippet":"max-snippet:-1","max-image-preview":"max-image-preview:large","max-video-preview":"max-video-preview:-1"},"canonical":"https:\/\/ubanews.com\/site\/2018\/10\/23\/com-o-tema-um-prato-cheio-de-sabor-e-solidariedade-foi-sucesso-o-almoco-do-nrvcc\/","og_locale":"pt_BR","og_type":"article","og_title":"COM O TEMA \u201cUM PRATO CHEIO DE SABOR E SOLIDARIEDADE\u201d FOI SUCESSO O ALMO\u00c7O DO NRVCC - Ub\u00e1 News","og_description":"Um Prato Cheio de Sabor e Solidariedade. Esse foi o","og_url":"https:\/\/ubanews.com\/site\/2018\/10\/23\/com-o-tema-um-prato-cheio-de-sabor-e-solidariedade-foi-sucesso-o-almoco-do-nrvcc\/","og_site_name":"Ub\u00e1 News","article_publisher":"https:\/\/www.facebook.com\/Ub%c3%a1News-Carlos-Roberto-Sodr%c3%a9-418778301977370","article_author":"https:\/\/www.facebook.com\/carosroberto.sodre.5\/","article_published_time":"2018-10-23T16:14:04+00:00","article_modified_time":"2018-10-25T12:31:54+00:00","og_image":[{"width":800,"height":389,"url":"https:\/\/ubanews.com\/site\/wp-content\/uploads\/2018\/10\/DSC0637.jpg","type":"image\/jpeg"}],"author":"Sodr\u00e9","twitter_card":"summary_large_image","twitter_misc":{"Escrito por":"Sodr\u00e9","Est. tempo de leitura":"1 minuto"},"schema":{"@context":"https:\/\/schema.org","@graph":[{"@type":"Article","@id":"https:\/\/ubanews.com\/site\/2018\/10\/23\/com-o-tema-um-prato-cheio-de-sabor-e-solidariedade-foi-sucesso-o-almoco-do-nrvcc\/#article","isPartOf":{"@id":"https:\/\/ubanews.com\/site\/2018\/10\/23\/com-o-tema-um-prato-cheio-de-sabor-e-solidariedade-foi-sucesso-o-almoco-do-nrvcc\/"},"author":{"name":"Sodr\u00e9","@id":"https:\/\/ubanews.com\/site\/#\/schema\/person\/d90c9e47252fbb63dcc969fe4c8b9d10"},"headline":"COM O TEMA \u201cUM PRATO CHEIO DE SABOR E SOLIDARIEDADE\u201d FOI SUCESSO O ALMO\u00c7O DO NRVCC","datePublished":"2018-10-23T16:14:04+00:00","dateModified":"2018-10-25T12:31:54+00:00","mainEntityOfPage":{"@id":"https:\/\/ubanews.com\/site\/2018\/10\/23\/com-o-tema-um-prato-cheio-de-sabor-e-solidariedade-foi-sucesso-o-almoco-do-nrvcc\/"},"wordCount":174,"commentCount":0,"publisher":{"@id":"https:\/\/ubanews.com\/site\/#organization"},"image":{"@id":"https:\/\/ubanews.com\/site\/2018\/10\/23\/com-o-tema-um-prato-cheio-de-sabor-e-solidariedade-foi-sucesso-o-almoco-do-nrvcc\/#primaryimage"},"thumbnailUrl":"https:\/\/ubanews.com\/site\/wp-content\/uploads\/2018\/10\/DSC0637.jpg","articleSection":["Geral"],"inLanguage":"pt-BR","potentialAction":[{"@type":"CommentAction","name":"Comment","target":["https:\/\/ubanews.com\/site\/2018\/10\/23\/com-o-tema-um-prato-cheio-de-sabor-e-solidariedade-foi-sucesso-o-almoco-do-nrvcc\/#respond"]}]},{"@type":"WebPage","@id":"https:\/\/ubanews.com\/site\/2018\/10\/23\/com-o-tema-um-prato-cheio-de-sabor-e-solidariedade-foi-sucesso-o-almoco-do-nrvcc\/","url":"https:\/\/ubanews.com\/site\/2018\/10\/23\/com-o-tema-um-prato-cheio-de-sabor-e-solidariedade-foi-sucesso-o-almoco-do-nrvcc\/","name":"COM O TEMA \u201cUM PRATO CHEIO DE SABOR E SOLIDARIEDADE\u201d FOI SUCESSO O ALMO\u00c7O DO NRVCC - Ub\u00e1 News","isPartOf":{"@id":"https:\/\/ubanews.com\/site\/#website"},"primaryImageOfPage":{"@id":"https:\/\/ubanews.com\/site\/2018\/10\/23\/com-o-tema-um-prato-cheio-de-sabor-e-solidariedade-foi-sucesso-o-almoco-do-nrvcc\/#primaryimage"},"image":{"@id":"https:\/\/ubanews.com\/site\/2018\/10\/23\/com-o-tema-um-prato-cheio-de-sabor-e-solidariedade-foi-sucesso-o-almoco-do-nrvcc\/#primaryimage"},"thumbnailUrl":"https:\/\/ubanews.com\/site\/wp-content\/uploads\/2018\/10\/DSC0637.jpg","datePublished":"2018-10-23T16:14:04+00:00","dateModified":"2018-10-25T12:31:54+00:00","breadcrumb":{"@id":"https:\/\/ubanews.com\/site\/2018\/10\/23\/com-o-tema-um-prato-cheio-de-sabor-e-solidariedade-foi-sucesso-o-almoco-do-nrvcc\/#breadcrumb"},"inLanguage":"pt-BR","potentialAction":[{"@type":"ReadAction","target":["https:\/\/ubanews.com\/site\/2018\/10\/23\/com-o-tema-um-prato-cheio-de-sabor-e-solidariedade-foi-sucesso-o-almoco-do-nrvcc\/"]}]},{"@type":"ImageObject","inLanguage":"pt-BR","@id":"https:\/\/ubanews.com\/site\/2018\/10\/23\/com-o-tema-um-prato-cheio-de-sabor-e-solidariedade-foi-sucesso-o-almoco-do-nrvcc\/#primaryimage","url":"https:\/\/ubanews.com\/site\/wp-content\/uploads\/2018\/10\/DSC0637.jpg","contentUrl":"https:\/\/ubanews.com\/site\/wp-content\/uploads\/2018\/10\/DSC0637.jpg","width":800,"height":389},{"@type":"BreadcrumbList","@id":"https:\/\/ubanews.com\/site\/2018\/10\/23\/com-o-tema-um-prato-cheio-de-sabor-e-solidariedade-foi-sucesso-o-almoco-do-nrvcc\/#breadcrumb","itemListElement":[{"@type":"ListItem","position":1,"name":"Home","item":"https:\/\/ubanews.com\/site\/"},{"@type":"ListItem","position":2,"name":"COM O TEMA \u201cUM PRATO CHEIO DE SABOR E SOLIDARIEDADE\u201d FOI SUCESSO O ALMO\u00c7O DO NRVCC"}]},{"@type":"WebSite","@id":"https:\/\/ubanews.com\/site\/#website","url":"https:\/\/ubanews.com\/site\/","name":"Ub\u00e1 News","description":"","publisher":{"@id":"https:\/\/ubanews.com\/site\/#organization"},"potentialAction":[{"@type":"SearchAction","target":{"@type":"EntryPoint","urlTemplate":"https:\/\/ubanews.com\/site\/?s={search_term_string}"},"query-input":{"@type":"PropertyValueSpecification","valueRequired":true,"valueName":"search_term_string"}}],"inLanguage":"pt-BR"},{"@type":"Organization","@id":"https:\/\/ubanews.com\/site\/#organization","name":"Ub\u00e1 News","url":"https:\/\/ubanews.com\/site\/","logo":{"@type":"ImageObject","inLanguage":"pt-BR","@id":"https:\/\/ubanews.com\/site\/#\/schema\/logo\/image\/","url":"https:\/\/ubanews.com\/site\/wp-content\/uploads\/2018\/01\/logoubanews.png","contentUrl":"https:\/\/ubanews.com\/site\/wp-content\/uploads\/2018\/01\/logoubanews.png","width":261,"height":99,"caption":"Ub\u00e1 News"},"image":{"@id":"https:\/\/ubanews.com\/site\/#\/schema\/logo\/image\/"},"sameAs":["https:\/\/www.facebook.com\/Ub\u00e1News-Carlos-Roberto-Sodr\u00e9-418778301977370"]},{"@type":"Person","@id":"https:\/\/ubanews.com\/site\/#\/schema\/person\/d90c9e47252fbb63dcc969fe4c8b9d10","name":"Sodr\u00e9","image":{"@type":"ImageObject","inLanguage":"pt-BR","@id":"https:\/\/secure.gravatar.com\/avatar\/5ba2793f0590b9dbfad3fdec4ee714485b3eef211c9b32ee53d414060454a56c?s=96&d=mm&r=g","url":"https:\/\/secure.gravatar.com\/avatar\/5ba2793f0590b9dbfad3fdec4ee714485b3eef211c9b32ee53d414060454a56c?s=96&d=mm&r=g","contentUrl":"https:\/\/secure.gravatar.com\/avatar\/5ba2793f0590b9dbfad3fdec4ee714485b3eef211c9b32ee53d414060454a56c?s=96&d=mm&r=g","caption":"Sodr\u00e9"},"sameAs":["https:\/\/www.facebook.com\/carosroberto.sodre.5\/"],"url":"https:\/\/ubanews.com\/site\/author\/felipe\/"}]}},"_links":{"self":[{"href":"https:\/\/ubanews.com\/site\/wp-json\/wp\/v2\/posts\/8605","targetHints":{"allow":["GET"]}}],"collection":[{"href":"https:\/\/ubanews.com\/site\/wp-json\/wp\/v2\/posts"}],"about":[{"href":"https:\/\/ubanews.com\/site\/wp-json\/wp\/v2\/types\/post"}],"author":[{"embeddable":true,"href":"https:\/\/ubanews.com\/site\/wp-json\/wp\/v2\/users\/2"}],"replies":[{"embeddable":true,"href":"https:\/\/ubanews.com\/site\/wp-json\/wp\/v2\/comments?post=8605"}],"version-history":[{"count":0,"href":"https:\/\/ubanews.com\/site\/wp-json\/wp\/v2\/posts\/8605\/revisions"}],"wp:featuredmedia":[{"embeddable":true,"href":"https:\/\/ubanews.com\/site\/wp-json\/wp\/v2\/media\/8606"}],"wp:attachment":[{"href":"https:\/\/ubanews.com\/site\/wp-json\/wp\/v2\/media?parent=8605"}],"wp:term":[{"taxonomy":"category","embeddable":true,"href":"https:\/\/ubanews.com\/site\/wp-json\/wp\/v2\/categories?post=8605"},{"taxonomy":"post_tag","embeddable":true,"href":"https:\/\/ubanews.com\/site\/wp-json\/wp\/v2\/tags?post=8605"}],"curies":[{"name":"wp","href":"https:\/\/api.w.org\/{rel}","templated":true}]}}