{"id":8577,"date":"2018-10-24T10:57:32","date_gmt":"2018-10-24T13:57:32","guid":{"rendered":"http:\/\/ubanews.com\/site\/?p=8577"},"modified":"2018-10-24T10:57:32","modified_gmt":"2018-10-24T13:57:32","slug":"prisao-de-cidadaos-por-porte-ilegal-de-arma-de-fogo-e-trafico-ilicito-de-drogas","status":"publish","type":"post","link":"https:\/\/ubanews.com\/site\/2018\/10\/24\/prisao-de-cidadaos-por-porte-ilegal-de-arma-de-fogo-e-trafico-ilicito-de-drogas\/","title":{"rendered":"PRIS\u00c3O DE CIDAD\u00c3OS POR PORTE ILEGAL DE ARMA DE FOGO E TR\u00c1FICO IL\u00cdCITO DE DROGAS"},"content":{"rendered":"<p>No dia 24 de outubro \u00e0s 22h 08min na Travessa Messias Belini no Bairro S\u00e3o Jos\u00e9&nbsp; a pol\u00edcia militar ap\u00f3s den\u00fancias an\u00f4nimas, realizou cerco \u00e0 resid\u00eancia, momento em que os autores perceberam a presen\u00e7a da Pol\u00edcia Militar e tentaram embrenhar fuga pelos fundos.<\/p>\n<p>Ap\u00f3s serem abordados os autores: Marlon Hil\u00e1rio de 21 anos e Wesley de Oliveira Gomes de 19 anos foram submetidos a busca pessoal, foram encontrados em poder destes uma arma de fogo, um pote branco contendo 14 pinos de coca\u00edna, uma pedra de crack, um r\u00e1dio transmissor HT e R$340,00 em moeda corrente.<\/p>\n<p>Posteriormente fora franqueada a entrada dos policiais na resid\u00eancia e nada de il\u00edcito foi encontrado.<\/p>\n<p>Diante do exposto os autores foram presos pelo crime de porte ilegal de arma de fogo e tr\u00e1fico de drogas e conduzido a Delegacia de Policia com os materiais apreendidos para as demais provid\u00eancias.<\/p>\n<p><strong>A<\/strong><strong>SSESSORIA DE COMUNICA\u00c7\u00c3O ORGANIZACIONAL<\/strong><\/p>\n<p><strong><em>Vig\u00e9simo Primeiro Batalh\u00e3o de Pol\u00edcia Militar <\/em><\/strong><\/p>\n","protected":false},"excerpt":{"rendered":"<p>No dia 24 de outubro \u00e0s 22h 08min na Travessa<\/p>\n","protected":false},"author":2,"featured_media":6482,"comment_status":"open","ping_status":"open","sticky":false,"template":"","format":"standard","meta":{"footnotes":""},"categories":[13],"tags":[],"class_list":["post-8577","post","type-post","status-publish","format-standard","has-post-thumbnail","hentry","category-sintese-das-ocorrencias"],"yoast_head":"<!-- This site is optimized with the Yoast SEO plugin v27.2 - https:\/\/yoast.com\/product\/yoast-seo-wordpress\/ -->\n<title>PRIS\u00c3O DE CIDAD\u00c3OS POR PORTE ILEGAL DE ARMA DE FOGO E TR\u00c1FICO IL\u00cdCITO DE DROGAS - Ub\u00e1 News<\/title>\n<meta name=\"robots\" content=\"index, follow, max-snippet:-1, max-image-preview:large, max-video-preview:-1\" \/>\n<link rel=\"canonical\" href=\"https:\/\/ubanews.com\/site\/2018\/10\/24\/prisao-de-cidadaos-por-porte-ilegal-de-arma-de-fogo-e-trafico-ilicito-de-drogas\/\" \/>\n<meta property=\"og:locale\" content=\"pt_BR\" \/>\n<meta property=\"og:type\" content=\"article\" \/>\n<meta property=\"og:title\" content=\"PRIS\u00c3O DE CIDAD\u00c3OS POR PORTE ILEGAL DE ARMA DE FOGO E TR\u00c1FICO IL\u00cdCITO DE DROGAS - Ub\u00e1 News\" \/>\n<meta property=\"og:description\" content=\"No dia 24 de outubro \u00e0s 22h 08min na Travessa\" \/>\n<meta property=\"og:url\" content=\"https:\/\/ubanews.com\/site\/2018\/10\/24\/prisao-de-cidadaos-por-porte-ilegal-de-arma-de-fogo-e-trafico-ilicito-de-drogas\/\" \/>\n<meta property=\"og:site_name\" content=\"Ub\u00e1 News\" \/>\n<meta property=\"article:publisher\" content=\"https:\/\/www.facebook.com\/Ub%c3%a1News-Carlos-Roberto-Sodr%c3%a9-418778301977370\" \/>\n<meta property=\"article:author\" content=\"https:\/\/www.facebook.com\/carosroberto.sodre.5\/\" \/>\n<meta property=\"article:published_time\" content=\"2018-10-24T13:57:32+00:00\" \/>\n<meta property=\"og:image\" content=\"https:\/\/ubanews.com\/site\/wp-content\/uploads\/2018\/08\/Preso-1.jpg\" \/>\n\t<meta property=\"og:image:width\" content=\"800\" \/>\n\t<meta property=\"og:image:height\" content=\"389\" \/>\n\t<meta property=\"og:image:type\" content=\"image\/jpeg\" \/>\n<meta name=\"author\" content=\"Sodr\u00e9\" \/>\n<meta name=\"twitter:card\" content=\"summary_large_image\" \/>\n<meta name=\"twitter:label1\" content=\"Escrito por\" \/>\n\t<meta name=\"twitter:data1\" content=\"Sodr\u00e9\" \/>\n\t<meta name=\"twitter:label2\" content=\"Est. tempo de leitura\" \/>\n\t<meta name=\"twitter:data2\" content=\"1 minuto\" \/>\n<script type=\"application\/ld+json\" class=\"yoast-schema-graph\">{\"@context\":\"https:\/\/schema.org\",\"@graph\":[{\"@type\":\"Article\",\"@id\":\"https:\/\/ubanews.com\/site\/2018\/10\/24\/prisao-de-cidadaos-por-porte-ilegal-de-arma-de-fogo-e-trafico-ilicito-de-drogas\/#article\",\"isPartOf\":{\"@id\":\"https:\/\/ubanews.com\/site\/2018\/10\/24\/prisao-de-cidadaos-por-porte-ilegal-de-arma-de-fogo-e-trafico-ilicito-de-drogas\/\"},\"author\":{\"name\":\"Sodr\u00e9\",\"@id\":\"https:\/\/ubanews.com\/site\/#\/schema\/person\/d90c9e47252fbb63dcc969fe4c8b9d10\"},\"headline\":\"PRIS\u00c3O DE CIDAD\u00c3OS POR PORTE ILEGAL DE ARMA DE FOGO E TR\u00c1FICO IL\u00cdCITO DE DROGAS\",\"datePublished\":\"2018-10-24T13:57:32+00:00\",\"mainEntityOfPage\":{\"@id\":\"https:\/\/ubanews.com\/site\/2018\/10\/24\/prisao-de-cidadaos-por-porte-ilegal-de-arma-de-fogo-e-trafico-ilicito-de-drogas\/\"},\"wordCount\":191,\"commentCount\":0,\"publisher\":{\"@id\":\"https:\/\/ubanews.com\/site\/#organization\"},\"image\":{\"@id\":\"https:\/\/ubanews.com\/site\/2018\/10\/24\/prisao-de-cidadaos-por-porte-ilegal-de-arma-de-fogo-e-trafico-ilicito-de-drogas\/#primaryimage\"},\"thumbnailUrl\":\"https:\/\/ubanews.com\/site\/wp-content\/uploads\/2018\/08\/Preso-1.jpg\",\"articleSection\":[\"S\u00edntese das Ocorr\u00eancias\"],\"inLanguage\":\"pt-BR\",\"potentialAction\":[{\"@type\":\"CommentAction\",\"name\":\"Comment\",\"target\":[\"https:\/\/ubanews.com\/site\/2018\/10\/24\/prisao-de-cidadaos-por-porte-ilegal-de-arma-de-fogo-e-trafico-ilicito-de-drogas\/#respond\"]}]},{\"@type\":\"WebPage\",\"@id\":\"https:\/\/ubanews.com\/site\/2018\/10\/24\/prisao-de-cidadaos-por-porte-ilegal-de-arma-de-fogo-e-trafico-ilicito-de-drogas\/\",\"url\":\"https:\/\/ubanews.com\/site\/2018\/10\/24\/prisao-de-cidadaos-por-porte-ilegal-de-arma-de-fogo-e-trafico-ilicito-de-drogas\/\",\"name\":\"PRIS\u00c3O DE CIDAD\u00c3OS POR PORTE ILEGAL DE ARMA DE FOGO E TR\u00c1FICO IL\u00cdCITO DE DROGAS - Ub\u00e1 News\",\"isPartOf\":{\"@id\":\"https:\/\/ubanews.com\/site\/#website\"},\"primaryImageOfPage\":{\"@id\":\"https:\/\/ubanews.com\/site\/2018\/10\/24\/prisao-de-cidadaos-por-porte-ilegal-de-arma-de-fogo-e-trafico-ilicito-de-drogas\/#primaryimage\"},\"image\":{\"@id\":\"https:\/\/ubanews.com\/site\/2018\/10\/24\/prisao-de-cidadaos-por-porte-ilegal-de-arma-de-fogo-e-trafico-ilicito-de-drogas\/#primaryimage\"},\"thumbnailUrl\":\"https:\/\/ubanews.com\/site\/wp-content\/uploads\/2018\/08\/Preso-1.jpg\",\"datePublished\":\"2018-10-24T13:57:32+00:00\",\"breadcrumb\":{\"@id\":\"https:\/\/ubanews.com\/site\/2018\/10\/24\/prisao-de-cidadaos-por-porte-ilegal-de-arma-de-fogo-e-trafico-ilicito-de-drogas\/#breadcrumb\"},\"inLanguage\":\"pt-BR\",\"potentialAction\":[{\"@type\":\"ReadAction\",\"target\":[\"https:\/\/ubanews.com\/site\/2018\/10\/24\/prisao-de-cidadaos-por-porte-ilegal-de-arma-de-fogo-e-trafico-ilicito-de-drogas\/\"]}]},{\"@type\":\"ImageObject\",\"inLanguage\":\"pt-BR\",\"@id\":\"https:\/\/ubanews.com\/site\/2018\/10\/24\/prisao-de-cidadaos-por-porte-ilegal-de-arma-de-fogo-e-trafico-ilicito-de-drogas\/#primaryimage\",\"url\":\"https:\/\/ubanews.com\/site\/wp-content\/uploads\/2018\/08\/Preso-1.jpg\",\"contentUrl\":\"https:\/\/ubanews.com\/site\/wp-content\/uploads\/2018\/08\/Preso-1.jpg\",\"width\":800,\"height\":389},{\"@type\":\"BreadcrumbList\",\"@id\":\"https:\/\/ubanews.com\/site\/2018\/10\/24\/prisao-de-cidadaos-por-porte-ilegal-de-arma-de-fogo-e-trafico-ilicito-de-drogas\/#breadcrumb\",\"itemListElement\":[{\"@type\":\"ListItem\",\"position\":1,\"name\":\"Home\",\"item\":\"https:\/\/ubanews.com\/site\/\"},{\"@type\":\"ListItem\",\"position\":2,\"name\":\"PRIS\u00c3O DE CIDAD\u00c3OS POR PORTE ILEGAL DE ARMA DE FOGO E TR\u00c1FICO IL\u00cdCITO DE DROGAS\"}]},{\"@type\":\"WebSite\",\"@id\":\"https:\/\/ubanews.com\/site\/#website\",\"url\":\"https:\/\/ubanews.com\/site\/\",\"name\":\"Ub\u00e1 News\",\"description\":\"\",\"publisher\":{\"@id\":\"https:\/\/ubanews.com\/site\/#organization\"},\"potentialAction\":[{\"@type\":\"SearchAction\",\"target\":{\"@type\":\"EntryPoint\",\"urlTemplate\":\"https:\/\/ubanews.com\/site\/?s={search_term_string}\"},\"query-input\":{\"@type\":\"PropertyValueSpecification\",\"valueRequired\":true,\"valueName\":\"search_term_string\"}}],\"inLanguage\":\"pt-BR\"},{\"@type\":\"Organization\",\"@id\":\"https:\/\/ubanews.com\/site\/#organization\",\"name\":\"Ub\u00e1 News\",\"url\":\"https:\/\/ubanews.com\/site\/\",\"logo\":{\"@type\":\"ImageObject\",\"inLanguage\":\"pt-BR\",\"@id\":\"https:\/\/ubanews.com\/site\/#\/schema\/logo\/image\/\",\"url\":\"https:\/\/ubanews.com\/site\/wp-content\/uploads\/2018\/01\/logoubanews.png\",\"contentUrl\":\"https:\/\/ubanews.com\/site\/wp-content\/uploads\/2018\/01\/logoubanews.png\",\"width\":261,\"height\":99,\"caption\":\"Ub\u00e1 News\"},\"image\":{\"@id\":\"https:\/\/ubanews.com\/site\/#\/schema\/logo\/image\/\"},\"sameAs\":[\"https:\/\/www.facebook.com\/Ub\u00e1News-Carlos-Roberto-Sodr\u00e9-418778301977370\"]},{\"@type\":\"Person\",\"@id\":\"https:\/\/ubanews.com\/site\/#\/schema\/person\/d90c9e47252fbb63dcc969fe4c8b9d10\",\"name\":\"Sodr\u00e9\",\"image\":{\"@type\":\"ImageObject\",\"inLanguage\":\"pt-BR\",\"@id\":\"https:\/\/secure.gravatar.com\/avatar\/5ba2793f0590b9dbfad3fdec4ee714485b3eef211c9b32ee53d414060454a56c?s=96&d=mm&r=g\",\"url\":\"https:\/\/secure.gravatar.com\/avatar\/5ba2793f0590b9dbfad3fdec4ee714485b3eef211c9b32ee53d414060454a56c?s=96&d=mm&r=g\",\"contentUrl\":\"https:\/\/secure.gravatar.com\/avatar\/5ba2793f0590b9dbfad3fdec4ee714485b3eef211c9b32ee53d414060454a56c?s=96&d=mm&r=g\",\"caption\":\"Sodr\u00e9\"},\"sameAs\":[\"https:\/\/www.facebook.com\/carosroberto.sodre.5\/\"],\"url\":\"https:\/\/ubanews.com\/site\/author\/felipe\/\"}]}<\/script>\n<!-- \/ Yoast SEO plugin. -->","yoast_head_json":{"title":"PRIS\u00c3O DE CIDAD\u00c3OS POR PORTE ILEGAL DE ARMA DE FOGO E TR\u00c1FICO IL\u00cdCITO DE DROGAS - Ub\u00e1 News","robots":{"index":"index","follow":"follow","max-snippet":"max-snippet:-1","max-image-preview":"max-image-preview:large","max-video-preview":"max-video-preview:-1"},"canonical":"https:\/\/ubanews.com\/site\/2018\/10\/24\/prisao-de-cidadaos-por-porte-ilegal-de-arma-de-fogo-e-trafico-ilicito-de-drogas\/","og_locale":"pt_BR","og_type":"article","og_title":"PRIS\u00c3O DE CIDAD\u00c3OS POR PORTE ILEGAL DE ARMA DE FOGO E TR\u00c1FICO IL\u00cdCITO DE DROGAS - Ub\u00e1 News","og_description":"No dia 24 de outubro \u00e0s 22h 08min na Travessa","og_url":"https:\/\/ubanews.com\/site\/2018\/10\/24\/prisao-de-cidadaos-por-porte-ilegal-de-arma-de-fogo-e-trafico-ilicito-de-drogas\/","og_site_name":"Ub\u00e1 News","article_publisher":"https:\/\/www.facebook.com\/Ub%c3%a1News-Carlos-Roberto-Sodr%c3%a9-418778301977370","article_author":"https:\/\/www.facebook.com\/carosroberto.sodre.5\/","article_published_time":"2018-10-24T13:57:32+00:00","og_image":[{"width":800,"height":389,"url":"https:\/\/ubanews.com\/site\/wp-content\/uploads\/2018\/08\/Preso-1.jpg","type":"image\/jpeg"}],"author":"Sodr\u00e9","twitter_card":"summary_large_image","twitter_misc":{"Escrito por":"Sodr\u00e9","Est. tempo de leitura":"1 minuto"},"schema":{"@context":"https:\/\/schema.org","@graph":[{"@type":"Article","@id":"https:\/\/ubanews.com\/site\/2018\/10\/24\/prisao-de-cidadaos-por-porte-ilegal-de-arma-de-fogo-e-trafico-ilicito-de-drogas\/#article","isPartOf":{"@id":"https:\/\/ubanews.com\/site\/2018\/10\/24\/prisao-de-cidadaos-por-porte-ilegal-de-arma-de-fogo-e-trafico-ilicito-de-drogas\/"},"author":{"name":"Sodr\u00e9","@id":"https:\/\/ubanews.com\/site\/#\/schema\/person\/d90c9e47252fbb63dcc969fe4c8b9d10"},"headline":"PRIS\u00c3O DE CIDAD\u00c3OS POR PORTE ILEGAL DE ARMA DE FOGO E TR\u00c1FICO IL\u00cdCITO DE DROGAS","datePublished":"2018-10-24T13:57:32+00:00","mainEntityOfPage":{"@id":"https:\/\/ubanews.com\/site\/2018\/10\/24\/prisao-de-cidadaos-por-porte-ilegal-de-arma-de-fogo-e-trafico-ilicito-de-drogas\/"},"wordCount":191,"commentCount":0,"publisher":{"@id":"https:\/\/ubanews.com\/site\/#organization"},"image":{"@id":"https:\/\/ubanews.com\/site\/2018\/10\/24\/prisao-de-cidadaos-por-porte-ilegal-de-arma-de-fogo-e-trafico-ilicito-de-drogas\/#primaryimage"},"thumbnailUrl":"https:\/\/ubanews.com\/site\/wp-content\/uploads\/2018\/08\/Preso-1.jpg","articleSection":["S\u00edntese das Ocorr\u00eancias"],"inLanguage":"pt-BR","potentialAction":[{"@type":"CommentAction","name":"Comment","target":["https:\/\/ubanews.com\/site\/2018\/10\/24\/prisao-de-cidadaos-por-porte-ilegal-de-arma-de-fogo-e-trafico-ilicito-de-drogas\/#respond"]}]},{"@type":"WebPage","@id":"https:\/\/ubanews.com\/site\/2018\/10\/24\/prisao-de-cidadaos-por-porte-ilegal-de-arma-de-fogo-e-trafico-ilicito-de-drogas\/","url":"https:\/\/ubanews.com\/site\/2018\/10\/24\/prisao-de-cidadaos-por-porte-ilegal-de-arma-de-fogo-e-trafico-ilicito-de-drogas\/","name":"PRIS\u00c3O DE CIDAD\u00c3OS POR PORTE ILEGAL DE ARMA DE FOGO E TR\u00c1FICO IL\u00cdCITO DE DROGAS - Ub\u00e1 News","isPartOf":{"@id":"https:\/\/ubanews.com\/site\/#website"},"primaryImageOfPage":{"@id":"https:\/\/ubanews.com\/site\/2018\/10\/24\/prisao-de-cidadaos-por-porte-ilegal-de-arma-de-fogo-e-trafico-ilicito-de-drogas\/#primaryimage"},"image":{"@id":"https:\/\/ubanews.com\/site\/2018\/10\/24\/prisao-de-cidadaos-por-porte-ilegal-de-arma-de-fogo-e-trafico-ilicito-de-drogas\/#primaryimage"},"thumbnailUrl":"https:\/\/ubanews.com\/site\/wp-content\/uploads\/2018\/08\/Preso-1.jpg","datePublished":"2018-10-24T13:57:32+00:00","breadcrumb":{"@id":"https:\/\/ubanews.com\/site\/2018\/10\/24\/prisao-de-cidadaos-por-porte-ilegal-de-arma-de-fogo-e-trafico-ilicito-de-drogas\/#breadcrumb"},"inLanguage":"pt-BR","potentialAction":[{"@type":"ReadAction","target":["https:\/\/ubanews.com\/site\/2018\/10\/24\/prisao-de-cidadaos-por-porte-ilegal-de-arma-de-fogo-e-trafico-ilicito-de-drogas\/"]}]},{"@type":"ImageObject","inLanguage":"pt-BR","@id":"https:\/\/ubanews.com\/site\/2018\/10\/24\/prisao-de-cidadaos-por-porte-ilegal-de-arma-de-fogo-e-trafico-ilicito-de-drogas\/#primaryimage","url":"https:\/\/ubanews.com\/site\/wp-content\/uploads\/2018\/08\/Preso-1.jpg","contentUrl":"https:\/\/ubanews.com\/site\/wp-content\/uploads\/2018\/08\/Preso-1.jpg","width":800,"height":389},{"@type":"BreadcrumbList","@id":"https:\/\/ubanews.com\/site\/2018\/10\/24\/prisao-de-cidadaos-por-porte-ilegal-de-arma-de-fogo-e-trafico-ilicito-de-drogas\/#breadcrumb","itemListElement":[{"@type":"ListItem","position":1,"name":"Home","item":"https:\/\/ubanews.com\/site\/"},{"@type":"ListItem","position":2,"name":"PRIS\u00c3O DE CIDAD\u00c3OS POR PORTE ILEGAL DE ARMA DE FOGO E TR\u00c1FICO IL\u00cdCITO DE DROGAS"}]},{"@type":"WebSite","@id":"https:\/\/ubanews.com\/site\/#website","url":"https:\/\/ubanews.com\/site\/","name":"Ub\u00e1 News","description":"","publisher":{"@id":"https:\/\/ubanews.com\/site\/#organization"},"potentialAction":[{"@type":"SearchAction","target":{"@type":"EntryPoint","urlTemplate":"https:\/\/ubanews.com\/site\/?s={search_term_string}"},"query-input":{"@type":"PropertyValueSpecification","valueRequired":true,"valueName":"search_term_string"}}],"inLanguage":"pt-BR"},{"@type":"Organization","@id":"https:\/\/ubanews.com\/site\/#organization","name":"Ub\u00e1 News","url":"https:\/\/ubanews.com\/site\/","logo":{"@type":"ImageObject","inLanguage":"pt-BR","@id":"https:\/\/ubanews.com\/site\/#\/schema\/logo\/image\/","url":"https:\/\/ubanews.com\/site\/wp-content\/uploads\/2018\/01\/logoubanews.png","contentUrl":"https:\/\/ubanews.com\/site\/wp-content\/uploads\/2018\/01\/logoubanews.png","width":261,"height":99,"caption":"Ub\u00e1 News"},"image":{"@id":"https:\/\/ubanews.com\/site\/#\/schema\/logo\/image\/"},"sameAs":["https:\/\/www.facebook.com\/Ub\u00e1News-Carlos-Roberto-Sodr\u00e9-418778301977370"]},{"@type":"Person","@id":"https:\/\/ubanews.com\/site\/#\/schema\/person\/d90c9e47252fbb63dcc969fe4c8b9d10","name":"Sodr\u00e9","image":{"@type":"ImageObject","inLanguage":"pt-BR","@id":"https:\/\/secure.gravatar.com\/avatar\/5ba2793f0590b9dbfad3fdec4ee714485b3eef211c9b32ee53d414060454a56c?s=96&d=mm&r=g","url":"https:\/\/secure.gravatar.com\/avatar\/5ba2793f0590b9dbfad3fdec4ee714485b3eef211c9b32ee53d414060454a56c?s=96&d=mm&r=g","contentUrl":"https:\/\/secure.gravatar.com\/avatar\/5ba2793f0590b9dbfad3fdec4ee714485b3eef211c9b32ee53d414060454a56c?s=96&d=mm&r=g","caption":"Sodr\u00e9"},"sameAs":["https:\/\/www.facebook.com\/carosroberto.sodre.5\/"],"url":"https:\/\/ubanews.com\/site\/author\/felipe\/"}]}},"_links":{"self":[{"href":"https:\/\/ubanews.com\/site\/wp-json\/wp\/v2\/posts\/8577","targetHints":{"allow":["GET"]}}],"collection":[{"href":"https:\/\/ubanews.com\/site\/wp-json\/wp\/v2\/posts"}],"about":[{"href":"https:\/\/ubanews.com\/site\/wp-json\/wp\/v2\/types\/post"}],"author":[{"embeddable":true,"href":"https:\/\/ubanews.com\/site\/wp-json\/wp\/v2\/users\/2"}],"replies":[{"embeddable":true,"href":"https:\/\/ubanews.com\/site\/wp-json\/wp\/v2\/comments?post=8577"}],"version-history":[{"count":0,"href":"https:\/\/ubanews.com\/site\/wp-json\/wp\/v2\/posts\/8577\/revisions"}],"wp:featuredmedia":[{"embeddable":true,"href":"https:\/\/ubanews.com\/site\/wp-json\/wp\/v2\/media\/6482"}],"wp:attachment":[{"href":"https:\/\/ubanews.com\/site\/wp-json\/wp\/v2\/media?parent=8577"}],"wp:term":[{"taxonomy":"category","embeddable":true,"href":"https:\/\/ubanews.com\/site\/wp-json\/wp\/v2\/categories?post=8577"},{"taxonomy":"post_tag","embeddable":true,"href":"https:\/\/ubanews.com\/site\/wp-json\/wp\/v2\/tags?post=8577"}],"curies":[{"name":"wp","href":"https:\/\/api.w.org\/{rel}","templated":true}]}}