{"id":8530,"date":"2018-10-22T14:48:08","date_gmt":"2018-10-22T17:48:08","guid":{"rendered":"http:\/\/ubanews.com\/site\/?p=8530"},"modified":"2018-10-22T14:48:08","modified_gmt":"2018-10-22T17:48:08","slug":"atletas-ubaenses-de-projetos-sociais-conquistam-medalhas-em-competicao-do-taekwondo","status":"publish","type":"post","link":"https:\/\/ubanews.com\/site\/2018\/10\/22\/atletas-ubaenses-de-projetos-sociais-conquistam-medalhas-em-competicao-do-taekwondo\/","title":{"rendered":"ATLETAS UBAENSES DE PROJETOS SOCIAIS CONQUISTAM MEDALHAS EM COMPETI\u00c7\u00c3O DO TAEKWONDO"},"content":{"rendered":"<p><a href=\"https:\/\/ubanews.com\/site\/wp-content\/uploads\/2018\/10\/WhatsApp-Image-2018-10-22-at-13.34.37-1.jpeg\"><img decoding=\"async\" class=\"alignnone size-medium wp-image-8532 lazyload\" data-src=\"https:\/\/ubanews.com\/site\/wp-content\/uploads\/2018\/10\/WhatsApp-Image-2018-10-22-at-13.34.37-1-300x168.jpeg\" alt=\"\" width=\"300\" height=\"168\" data-srcset=\"https:\/\/ubanews.com\/site\/wp-content\/uploads\/2018\/10\/WhatsApp-Image-2018-10-22-at-13.34.37-1-300x168.jpeg 300w, https:\/\/ubanews.com\/site\/wp-content\/uploads\/2018\/10\/WhatsApp-Image-2018-10-22-at-13.34.37-1-768x431.jpeg 768w, https:\/\/ubanews.com\/site\/wp-content\/uploads\/2018\/10\/WhatsApp-Image-2018-10-22-at-13.34.37-1-360x200.jpeg 360w, https:\/\/ubanews.com\/site\/wp-content\/uploads\/2018\/10\/WhatsApp-Image-2018-10-22-at-13.34.37-1.jpeg 800w\" data-sizes=\"(max-width: 300px) 100vw, 300px\" src=\"data:image\/svg+xml;base64,PHN2ZyB3aWR0aD0iMSIgaGVpZ2h0PSIxIiB4bWxucz0iaHR0cDovL3d3dy53My5vcmcvMjAwMC9zdmciPjwvc3ZnPg==\" style=\"--smush-placeholder-width: 300px; --smush-placeholder-aspect-ratio: 300\/168;\" \/><\/a> <a href=\"https:\/\/ubanews.com\/site\/wp-content\/uploads\/2018\/10\/WhatsApp-Image-2018-10-22-at-13.34.37-2.jpeg\"><img decoding=\"async\" class=\"alignnone size-medium wp-image-8533 lazyload\" data-src=\"https:\/\/ubanews.com\/site\/wp-content\/uploads\/2018\/10\/WhatsApp-Image-2018-10-22-at-13.34.37-2-300x168.jpeg\" alt=\"\" width=\"300\" height=\"168\" data-srcset=\"https:\/\/ubanews.com\/site\/wp-content\/uploads\/2018\/10\/WhatsApp-Image-2018-10-22-at-13.34.37-2-300x168.jpeg 300w, https:\/\/ubanews.com\/site\/wp-content\/uploads\/2018\/10\/WhatsApp-Image-2018-10-22-at-13.34.37-2-768x431.jpeg 768w, https:\/\/ubanews.com\/site\/wp-content\/uploads\/2018\/10\/WhatsApp-Image-2018-10-22-at-13.34.37-2-360x200.jpeg 360w, https:\/\/ubanews.com\/site\/wp-content\/uploads\/2018\/10\/WhatsApp-Image-2018-10-22-at-13.34.37-2.jpeg 800w\" data-sizes=\"(max-width: 300px) 100vw, 300px\" src=\"data:image\/svg+xml;base64,PHN2ZyB3aWR0aD0iMSIgaGVpZ2h0PSIxIiB4bWxucz0iaHR0cDovL3d3dy53My5vcmcvMjAwMC9zdmciPjwvc3ZnPg==\" style=\"--smush-placeholder-width: 300px; --smush-placeholder-aspect-ratio: 300\/168;\" \/><\/a> &nbsp;<a href=\"https:\/\/ubanews.com\/site\/wp-content\/uploads\/2018\/10\/WhatsApp-Image-2018-10-22-at-13.34.38-1.jpeg\"><img decoding=\"async\" class=\"alignnone size-medium wp-image-8535 lazyload\" data-src=\"https:\/\/ubanews.com\/site\/wp-content\/uploads\/2018\/10\/WhatsApp-Image-2018-10-22-at-13.34.38-1-300x168.jpeg\" alt=\"\" width=\"300\" height=\"168\" data-srcset=\"https:\/\/ubanews.com\/site\/wp-content\/uploads\/2018\/10\/WhatsApp-Image-2018-10-22-at-13.34.38-1-300x168.jpeg 300w, https:\/\/ubanews.com\/site\/wp-content\/uploads\/2018\/10\/WhatsApp-Image-2018-10-22-at-13.34.38-1-768x431.jpeg 768w, https:\/\/ubanews.com\/site\/wp-content\/uploads\/2018\/10\/WhatsApp-Image-2018-10-22-at-13.34.38-1-360x200.jpeg 360w, https:\/\/ubanews.com\/site\/wp-content\/uploads\/2018\/10\/WhatsApp-Image-2018-10-22-at-13.34.38-1.jpeg 800w\" data-sizes=\"(max-width: 300px) 100vw, 300px\" src=\"data:image\/svg+xml;base64,PHN2ZyB3aWR0aD0iMSIgaGVpZ2h0PSIxIiB4bWxucz0iaHR0cDovL3d3dy53My5vcmcvMjAwMC9zdmciPjwvc3ZnPg==\" style=\"--smush-placeholder-width: 300px; --smush-placeholder-aspect-ratio: 300\/168;\" \/><\/a> <a href=\"https:\/\/ubanews.com\/site\/wp-content\/uploads\/2018\/10\/WhatsApp-Image-2018-10-22-at-13.34.38.jpeg\"><img decoding=\"async\" class=\"alignnone size-medium wp-image-8536 lazyload\" data-src=\"https:\/\/ubanews.com\/site\/wp-content\/uploads\/2018\/10\/WhatsApp-Image-2018-10-22-at-13.34.38-300x169.jpeg\" alt=\"\" width=\"300\" height=\"169\" data-srcset=\"https:\/\/ubanews.com\/site\/wp-content\/uploads\/2018\/10\/WhatsApp-Image-2018-10-22-at-13.34.38-300x169.jpeg 300w, https:\/\/ubanews.com\/site\/wp-content\/uploads\/2018\/10\/WhatsApp-Image-2018-10-22-at-13.34.38-768x432.jpeg 768w, https:\/\/ubanews.com\/site\/wp-content\/uploads\/2018\/10\/WhatsApp-Image-2018-10-22-at-13.34.38.jpeg 800w\" data-sizes=\"(max-width: 300px) 100vw, 300px\" src=\"data:image\/svg+xml;base64,PHN2ZyB3aWR0aD0iMSIgaGVpZ2h0PSIxIiB4bWxucz0iaHR0cDovL3d3dy53My5vcmcvMjAwMC9zdmciPjwvc3ZnPg==\" style=\"--smush-placeholder-width: 300px; --smush-placeholder-aspect-ratio: 300\/169;\" \/><\/a> <a href=\"https:\/\/ubanews.com\/site\/wp-content\/uploads\/2018\/10\/WhatsApp-Image-2018-10-22-at-13.34.39-1.jpeg\"><img decoding=\"async\" class=\"alignnone size-medium wp-image-8537 lazyload\" data-src=\"https:\/\/ubanews.com\/site\/wp-content\/uploads\/2018\/10\/WhatsApp-Image-2018-10-22-at-13.34.39-1-300x168.jpeg\" alt=\"\" width=\"300\" height=\"168\" data-srcset=\"https:\/\/ubanews.com\/site\/wp-content\/uploads\/2018\/10\/WhatsApp-Image-2018-10-22-at-13.34.39-1-300x168.jpeg 300w, https:\/\/ubanews.com\/site\/wp-content\/uploads\/2018\/10\/WhatsApp-Image-2018-10-22-at-13.34.39-1-768x431.jpeg 768w, https:\/\/ubanews.com\/site\/wp-content\/uploads\/2018\/10\/WhatsApp-Image-2018-10-22-at-13.34.39-1-360x200.jpeg 360w, https:\/\/ubanews.com\/site\/wp-content\/uploads\/2018\/10\/WhatsApp-Image-2018-10-22-at-13.34.39-1.jpeg 800w\" data-sizes=\"(max-width: 300px) 100vw, 300px\" src=\"data:image\/svg+xml;base64,PHN2ZyB3aWR0aD0iMSIgaGVpZ2h0PSIxIiB4bWxucz0iaHR0cDovL3d3dy53My5vcmcvMjAwMC9zdmciPjwvc3ZnPg==\" style=\"--smush-placeholder-width: 300px; --smush-placeholder-aspect-ratio: 300\/168;\" \/><\/a> <a href=\"https:\/\/ubanews.com\/site\/wp-content\/uploads\/2018\/10\/WhatsApp-Image-2018-10-22-at-13.34.39.jpeg\"><img decoding=\"async\" class=\"alignnone size-medium wp-image-8538 lazyload\" data-src=\"https:\/\/ubanews.com\/site\/wp-content\/uploads\/2018\/10\/WhatsApp-Image-2018-10-22-at-13.34.39-300x168.jpeg\" alt=\"\" width=\"300\" height=\"168\" data-srcset=\"https:\/\/ubanews.com\/site\/wp-content\/uploads\/2018\/10\/WhatsApp-Image-2018-10-22-at-13.34.39-300x168.jpeg 300w, https:\/\/ubanews.com\/site\/wp-content\/uploads\/2018\/10\/WhatsApp-Image-2018-10-22-at-13.34.39-768x431.jpeg 768w, https:\/\/ubanews.com\/site\/wp-content\/uploads\/2018\/10\/WhatsApp-Image-2018-10-22-at-13.34.39-360x200.jpeg 360w, https:\/\/ubanews.com\/site\/wp-content\/uploads\/2018\/10\/WhatsApp-Image-2018-10-22-at-13.34.39.jpeg 800w\" data-sizes=\"(max-width: 300px) 100vw, 300px\" src=\"data:image\/svg+xml;base64,PHN2ZyB3aWR0aD0iMSIgaGVpZ2h0PSIxIiB4bWxucz0iaHR0cDovL3d3dy53My5vcmcvMjAwMC9zdmciPjwvc3ZnPg==\" style=\"--smush-placeholder-width: 300px; --smush-placeholder-aspect-ratio: 300\/168;\" \/><\/a> <a href=\"https:\/\/ubanews.com\/site\/wp-content\/uploads\/2018\/10\/WhatsApp-Image-2018-10-22-at-13.34.40-1.jpeg\"><img decoding=\"async\" class=\"alignnone size-medium wp-image-8539 lazyload\" data-src=\"https:\/\/ubanews.com\/site\/wp-content\/uploads\/2018\/10\/WhatsApp-Image-2018-10-22-at-13.34.40-1-300x168.jpeg\" alt=\"\" width=\"300\" height=\"168\" data-srcset=\"https:\/\/ubanews.com\/site\/wp-content\/uploads\/2018\/10\/WhatsApp-Image-2018-10-22-at-13.34.40-1-300x168.jpeg 300w, https:\/\/ubanews.com\/site\/wp-content\/uploads\/2018\/10\/WhatsApp-Image-2018-10-22-at-13.34.40-1-768x431.jpeg 768w, https:\/\/ubanews.com\/site\/wp-content\/uploads\/2018\/10\/WhatsApp-Image-2018-10-22-at-13.34.40-1-360x200.jpeg 360w, https:\/\/ubanews.com\/site\/wp-content\/uploads\/2018\/10\/WhatsApp-Image-2018-10-22-at-13.34.40-1.jpeg 800w\" data-sizes=\"(max-width: 300px) 100vw, 300px\" src=\"data:image\/svg+xml;base64,PHN2ZyB3aWR0aD0iMSIgaGVpZ2h0PSIxIiB4bWxucz0iaHR0cDovL3d3dy53My5vcmcvMjAwMC9zdmciPjwvc3ZnPg==\" style=\"--smush-placeholder-width: 300px; --smush-placeholder-aspect-ratio: 300\/168;\" \/><\/a> <a href=\"https:\/\/ubanews.com\/site\/wp-content\/uploads\/2018\/10\/WhatsApp-Image-2018-10-22-at-13.34.40.jpeg\"><img decoding=\"async\" class=\"alignnone size-medium wp-image-8540 lazyload\" data-src=\"https:\/\/ubanews.com\/site\/wp-content\/uploads\/2018\/10\/WhatsApp-Image-2018-10-22-at-13.34.40-300x168.jpeg\" alt=\"\" width=\"300\" height=\"168\" data-srcset=\"https:\/\/ubanews.com\/site\/wp-content\/uploads\/2018\/10\/WhatsApp-Image-2018-10-22-at-13.34.40-300x168.jpeg 300w, https:\/\/ubanews.com\/site\/wp-content\/uploads\/2018\/10\/WhatsApp-Image-2018-10-22-at-13.34.40-768x431.jpeg 768w, https:\/\/ubanews.com\/site\/wp-content\/uploads\/2018\/10\/WhatsApp-Image-2018-10-22-at-13.34.40-360x200.jpeg 360w, https:\/\/ubanews.com\/site\/wp-content\/uploads\/2018\/10\/WhatsApp-Image-2018-10-22-at-13.34.40.jpeg 800w\" data-sizes=\"(max-width: 300px) 100vw, 300px\" src=\"data:image\/svg+xml;base64,PHN2ZyB3aWR0aD0iMSIgaGVpZ2h0PSIxIiB4bWxucz0iaHR0cDovL3d3dy53My5vcmcvMjAwMC9zdmciPjwvc3ZnPg==\" style=\"--smush-placeholder-width: 300px; --smush-placeholder-aspect-ratio: 300\/168;\" \/><\/a><\/p>\n<p>Atletas ubaenses de Taekwondo conquistam medalhas nesse domingo (21) no I\u00ba Interestadual de Taekwondo em Argirita-MG, evento reuniu mestres, professores e atletas de diversos munic\u00edpios mineiros, al\u00e9m de equipes do Rio de Janeiro.<\/p>\n<p>Os medalhistas foram os alunos da E.E. Governador Valadares, Jo\u00e3o Victor Oliveira (1), Victor de Castro (2), Rodrigo de Castro (2), Cleverson Oliveira (2) e Marcos Paulo C\u00e2ndido Lopes (1), aluno da Escola Estadual Professor Francisco Arthidoro da Costa (Raulzinho).<\/p>\n<p>Atletas s\u00e3o oriundos de projetos sociais que atende as comunidades mais carentes do munic\u00edpio de Ub\u00e1 com a oficina de Taekwondo, arte marcial coreana e esporte ol\u00edmpico, atrav\u00e9s de uma iniciativa volunt\u00e1ria do Prof\u00ba Rafael Toledo, visando nossa sociedade futura, contribuindo para a forma\u00e7\u00e3o do cidad\u00e3o de bem atrav\u00e9s do poder transformador da pratica das artes marciais, promovendo a inclus\u00e3o social e educa\u00e7\u00e3o atrav\u00e9s da pr\u00e1tica de esportes, formando campe\u00f5es no tatame e vencedores para a vida!<\/p>\n<p><a href=\"https:\/\/ubanews.com\/site\/wp-content\/uploads\/2018\/10\/WhatsApp-Image-2018-10-22-at-13.34.37.jpeg\"><img decoding=\"async\" class=\"alignnone wp-image-8534 size-full lazyload\" data-src=\"https:\/\/ubanews.com\/site\/wp-content\/uploads\/2018\/10\/WhatsApp-Image-2018-10-22-at-13.34.37.jpeg\" alt=\"\" width=\"400\" height=\"600\" data-srcset=\"https:\/\/ubanews.com\/site\/wp-content\/uploads\/2018\/10\/WhatsApp-Image-2018-10-22-at-13.34.37.jpeg 400w, https:\/\/ubanews.com\/site\/wp-content\/uploads\/2018\/10\/WhatsApp-Image-2018-10-22-at-13.34.37-200x300.jpeg 200w\" data-sizes=\"(max-width: 400px) 100vw, 400px\" src=\"data:image\/svg+xml;base64,PHN2ZyB3aWR0aD0iMSIgaGVpZ2h0PSIxIiB4bWxucz0iaHR0cDovL3d3dy53My5vcmcvMjAwMC9zdmciPjwvc3ZnPg==\" style=\"--smush-placeholder-width: 400px; --smush-placeholder-aspect-ratio: 400\/600;\" \/><\/a><\/p>\n<p>Texto e fotos: <strong><a href=\"https:\/\/www.facebook.com\/RafaelToledoSouza?__tn__=%2CdlC-R-R&amp;eid=ARCJaaWmHA4iWf9vq1Sc4AysglqFhbMs3xKsHgBLYvqa6ZACJtbcSuKErNx0NwCkGz6KdSlh2nxK8jml&amp;hc_ref=ARScykuHJ3NqGyJ2E56HO_Xqml5XvokxBPmnn72ioEoCirIckt-3ucz-Lav4dKfVXiI\">Rafael Toledo<\/a><\/strong><\/p>\n<p>&nbsp;<\/p>\n","protected":false},"excerpt":{"rendered":"<p>&nbsp; Atletas ubaenses de Taekwondo conquistam medalhas nesse domingo (21)<\/p>\n","protected":false},"author":2,"featured_media":8531,"comment_status":"open","ping_status":"open","sticky":false,"template":"","format":"standard","meta":{"footnotes":""},"categories":[1],"tags":[],"class_list":["post-8530","post","type-post","status-publish","format-standard","has-post-thumbnail","hentry","category-sem-categoria"],"yoast_head":"<!-- This site is optimized with the Yoast SEO plugin v27.2 - https:\/\/yoast.com\/product\/yoast-seo-wordpress\/ -->\n<title>ATLETAS UBAENSES DE PROJETOS SOCIAIS CONQUISTAM MEDALHAS EM COMPETI\u00c7\u00c3O DO TAEKWONDO - Ub\u00e1 News<\/title>\n<meta name=\"robots\" content=\"index, follow, max-snippet:-1, max-image-preview:large, max-video-preview:-1\" \/>\n<link rel=\"canonical\" href=\"https:\/\/ubanews.com\/site\/2018\/10\/22\/atletas-ubaenses-de-projetos-sociais-conquistam-medalhas-em-competicao-do-taekwondo\/\" \/>\n<meta property=\"og:locale\" content=\"pt_BR\" \/>\n<meta property=\"og:type\" content=\"article\" \/>\n<meta property=\"og:title\" content=\"ATLETAS UBAENSES DE PROJETOS SOCIAIS CONQUISTAM MEDALHAS EM COMPETI\u00c7\u00c3O DO TAEKWONDO - Ub\u00e1 News\" \/>\n<meta property=\"og:description\" content=\"&nbsp; Atletas ubaenses de Taekwondo conquistam medalhas nesse domingo (21)\" \/>\n<meta property=\"og:url\" content=\"https:\/\/ubanews.com\/site\/2018\/10\/22\/atletas-ubaenses-de-projetos-sociais-conquistam-medalhas-em-competicao-do-taekwondo\/\" \/>\n<meta property=\"og:site_name\" content=\"Ub\u00e1 News\" \/>\n<meta property=\"article:publisher\" content=\"https:\/\/www.facebook.com\/Ub%c3%a1News-Carlos-Roberto-Sodr%c3%a9-418778301977370\" \/>\n<meta property=\"article:author\" content=\"https:\/\/www.facebook.com\/carosroberto.sodre.5\/\" \/>\n<meta property=\"article:published_time\" content=\"2018-10-22T17:48:08+00:00\" \/>\n<meta property=\"og:image\" content=\"https:\/\/ubanews.com\/site\/wp-content\/uploads\/2018\/10\/13.34.37.jpg\" \/>\n\t<meta property=\"og:image:width\" content=\"800\" \/>\n\t<meta property=\"og:image:height\" content=\"389\" \/>\n\t<meta property=\"og:image:type\" content=\"image\/jpeg\" \/>\n<meta name=\"author\" content=\"Sodr\u00e9\" \/>\n<meta name=\"twitter:card\" content=\"summary_large_image\" \/>\n<meta name=\"twitter:label1\" content=\"Escrito por\" \/>\n\t<meta name=\"twitter:data1\" content=\"Sodr\u00e9\" \/>\n\t<meta name=\"twitter:label2\" content=\"Est. tempo de leitura\" \/>\n\t<meta name=\"twitter:data2\" content=\"1 minuto\" \/>\n<script type=\"application\/ld+json\" class=\"yoast-schema-graph\">{\"@context\":\"https:\/\/schema.org\",\"@graph\":[{\"@type\":\"Article\",\"@id\":\"https:\/\/ubanews.com\/site\/2018\/10\/22\/atletas-ubaenses-de-projetos-sociais-conquistam-medalhas-em-competicao-do-taekwondo\/#article\",\"isPartOf\":{\"@id\":\"https:\/\/ubanews.com\/site\/2018\/10\/22\/atletas-ubaenses-de-projetos-sociais-conquistam-medalhas-em-competicao-do-taekwondo\/\"},\"author\":{\"name\":\"Sodr\u00e9\",\"@id\":\"https:\/\/ubanews.com\/site\/#\/schema\/person\/d90c9e47252fbb63dcc969fe4c8b9d10\"},\"headline\":\"ATLETAS UBAENSES DE PROJETOS SOCIAIS CONQUISTAM MEDALHAS EM COMPETI\u00c7\u00c3O DO TAEKWONDO\",\"datePublished\":\"2018-10-22T17:48:08+00:00\",\"mainEntityOfPage\":{\"@id\":\"https:\/\/ubanews.com\/site\/2018\/10\/22\/atletas-ubaenses-de-projetos-sociais-conquistam-medalhas-em-competicao-do-taekwondo\/\"},\"wordCount\":181,\"commentCount\":0,\"publisher\":{\"@id\":\"https:\/\/ubanews.com\/site\/#organization\"},\"image\":{\"@id\":\"https:\/\/ubanews.com\/site\/2018\/10\/22\/atletas-ubaenses-de-projetos-sociais-conquistam-medalhas-em-competicao-do-taekwondo\/#primaryimage\"},\"thumbnailUrl\":\"https:\/\/ubanews.com\/site\/wp-content\/uploads\/2018\/10\/13.34.37.jpg\",\"articleSection\":[\"Geral\"],\"inLanguage\":\"pt-BR\",\"potentialAction\":[{\"@type\":\"CommentAction\",\"name\":\"Comment\",\"target\":[\"https:\/\/ubanews.com\/site\/2018\/10\/22\/atletas-ubaenses-de-projetos-sociais-conquistam-medalhas-em-competicao-do-taekwondo\/#respond\"]}]},{\"@type\":\"WebPage\",\"@id\":\"https:\/\/ubanews.com\/site\/2018\/10\/22\/atletas-ubaenses-de-projetos-sociais-conquistam-medalhas-em-competicao-do-taekwondo\/\",\"url\":\"https:\/\/ubanews.com\/site\/2018\/10\/22\/atletas-ubaenses-de-projetos-sociais-conquistam-medalhas-em-competicao-do-taekwondo\/\",\"name\":\"ATLETAS UBAENSES DE PROJETOS SOCIAIS CONQUISTAM MEDALHAS EM COMPETI\u00c7\u00c3O DO TAEKWONDO - Ub\u00e1 News\",\"isPartOf\":{\"@id\":\"https:\/\/ubanews.com\/site\/#website\"},\"primaryImageOfPage\":{\"@id\":\"https:\/\/ubanews.com\/site\/2018\/10\/22\/atletas-ubaenses-de-projetos-sociais-conquistam-medalhas-em-competicao-do-taekwondo\/#primaryimage\"},\"image\":{\"@id\":\"https:\/\/ubanews.com\/site\/2018\/10\/22\/atletas-ubaenses-de-projetos-sociais-conquistam-medalhas-em-competicao-do-taekwondo\/#primaryimage\"},\"thumbnailUrl\":\"https:\/\/ubanews.com\/site\/wp-content\/uploads\/2018\/10\/13.34.37.jpg\",\"datePublished\":\"2018-10-22T17:48:08+00:00\",\"breadcrumb\":{\"@id\":\"https:\/\/ubanews.com\/site\/2018\/10\/22\/atletas-ubaenses-de-projetos-sociais-conquistam-medalhas-em-competicao-do-taekwondo\/#breadcrumb\"},\"inLanguage\":\"pt-BR\",\"potentialAction\":[{\"@type\":\"ReadAction\",\"target\":[\"https:\/\/ubanews.com\/site\/2018\/10\/22\/atletas-ubaenses-de-projetos-sociais-conquistam-medalhas-em-competicao-do-taekwondo\/\"]}]},{\"@type\":\"ImageObject\",\"inLanguage\":\"pt-BR\",\"@id\":\"https:\/\/ubanews.com\/site\/2018\/10\/22\/atletas-ubaenses-de-projetos-sociais-conquistam-medalhas-em-competicao-do-taekwondo\/#primaryimage\",\"url\":\"https:\/\/ubanews.com\/site\/wp-content\/uploads\/2018\/10\/13.34.37.jpg\",\"contentUrl\":\"https:\/\/ubanews.com\/site\/wp-content\/uploads\/2018\/10\/13.34.37.jpg\",\"width\":800,\"height\":389},{\"@type\":\"BreadcrumbList\",\"@id\":\"https:\/\/ubanews.com\/site\/2018\/10\/22\/atletas-ubaenses-de-projetos-sociais-conquistam-medalhas-em-competicao-do-taekwondo\/#breadcrumb\",\"itemListElement\":[{\"@type\":\"ListItem\",\"position\":1,\"name\":\"Home\",\"item\":\"https:\/\/ubanews.com\/site\/\"},{\"@type\":\"ListItem\",\"position\":2,\"name\":\"ATLETAS UBAENSES DE PROJETOS SOCIAIS CONQUISTAM MEDALHAS EM COMPETI\u00c7\u00c3O DO TAEKWONDO\"}]},{\"@type\":\"WebSite\",\"@id\":\"https:\/\/ubanews.com\/site\/#website\",\"url\":\"https:\/\/ubanews.com\/site\/\",\"name\":\"Ub\u00e1 News\",\"description\":\"\",\"publisher\":{\"@id\":\"https:\/\/ubanews.com\/site\/#organization\"},\"potentialAction\":[{\"@type\":\"SearchAction\",\"target\":{\"@type\":\"EntryPoint\",\"urlTemplate\":\"https:\/\/ubanews.com\/site\/?s={search_term_string}\"},\"query-input\":{\"@type\":\"PropertyValueSpecification\",\"valueRequired\":true,\"valueName\":\"search_term_string\"}}],\"inLanguage\":\"pt-BR\"},{\"@type\":\"Organization\",\"@id\":\"https:\/\/ubanews.com\/site\/#organization\",\"name\":\"Ub\u00e1 News\",\"url\":\"https:\/\/ubanews.com\/site\/\",\"logo\":{\"@type\":\"ImageObject\",\"inLanguage\":\"pt-BR\",\"@id\":\"https:\/\/ubanews.com\/site\/#\/schema\/logo\/image\/\",\"url\":\"https:\/\/ubanews.com\/site\/wp-content\/uploads\/2018\/01\/logoubanews.png\",\"contentUrl\":\"https:\/\/ubanews.com\/site\/wp-content\/uploads\/2018\/01\/logoubanews.png\",\"width\":261,\"height\":99,\"caption\":\"Ub\u00e1 News\"},\"image\":{\"@id\":\"https:\/\/ubanews.com\/site\/#\/schema\/logo\/image\/\"},\"sameAs\":[\"https:\/\/www.facebook.com\/Ub\u00e1News-Carlos-Roberto-Sodr\u00e9-418778301977370\"]},{\"@type\":\"Person\",\"@id\":\"https:\/\/ubanews.com\/site\/#\/schema\/person\/d90c9e47252fbb63dcc969fe4c8b9d10\",\"name\":\"Sodr\u00e9\",\"image\":{\"@type\":\"ImageObject\",\"inLanguage\":\"pt-BR\",\"@id\":\"https:\/\/secure.gravatar.com\/avatar\/5ba2793f0590b9dbfad3fdec4ee714485b3eef211c9b32ee53d414060454a56c?s=96&d=mm&r=g\",\"url\":\"https:\/\/secure.gravatar.com\/avatar\/5ba2793f0590b9dbfad3fdec4ee714485b3eef211c9b32ee53d414060454a56c?s=96&d=mm&r=g\",\"contentUrl\":\"https:\/\/secure.gravatar.com\/avatar\/5ba2793f0590b9dbfad3fdec4ee714485b3eef211c9b32ee53d414060454a56c?s=96&d=mm&r=g\",\"caption\":\"Sodr\u00e9\"},\"sameAs\":[\"https:\/\/www.facebook.com\/carosroberto.sodre.5\/\"],\"url\":\"https:\/\/ubanews.com\/site\/author\/felipe\/\"}]}<\/script>\n<!-- \/ Yoast SEO plugin. -->","yoast_head_json":{"title":"ATLETAS UBAENSES DE PROJETOS SOCIAIS CONQUISTAM MEDALHAS EM COMPETI\u00c7\u00c3O DO TAEKWONDO - Ub\u00e1 News","robots":{"index":"index","follow":"follow","max-snippet":"max-snippet:-1","max-image-preview":"max-image-preview:large","max-video-preview":"max-video-preview:-1"},"canonical":"https:\/\/ubanews.com\/site\/2018\/10\/22\/atletas-ubaenses-de-projetos-sociais-conquistam-medalhas-em-competicao-do-taekwondo\/","og_locale":"pt_BR","og_type":"article","og_title":"ATLETAS UBAENSES DE PROJETOS SOCIAIS CONQUISTAM MEDALHAS EM COMPETI\u00c7\u00c3O DO TAEKWONDO - Ub\u00e1 News","og_description":"&nbsp; Atletas ubaenses de Taekwondo conquistam medalhas nesse domingo (21)","og_url":"https:\/\/ubanews.com\/site\/2018\/10\/22\/atletas-ubaenses-de-projetos-sociais-conquistam-medalhas-em-competicao-do-taekwondo\/","og_site_name":"Ub\u00e1 News","article_publisher":"https:\/\/www.facebook.com\/Ub%c3%a1News-Carlos-Roberto-Sodr%c3%a9-418778301977370","article_author":"https:\/\/www.facebook.com\/carosroberto.sodre.5\/","article_published_time":"2018-10-22T17:48:08+00:00","og_image":[{"width":800,"height":389,"url":"https:\/\/ubanews.com\/site\/wp-content\/uploads\/2018\/10\/13.34.37.jpg","type":"image\/jpeg"}],"author":"Sodr\u00e9","twitter_card":"summary_large_image","twitter_misc":{"Escrito por":"Sodr\u00e9","Est. tempo de leitura":"1 minuto"},"schema":{"@context":"https:\/\/schema.org","@graph":[{"@type":"Article","@id":"https:\/\/ubanews.com\/site\/2018\/10\/22\/atletas-ubaenses-de-projetos-sociais-conquistam-medalhas-em-competicao-do-taekwondo\/#article","isPartOf":{"@id":"https:\/\/ubanews.com\/site\/2018\/10\/22\/atletas-ubaenses-de-projetos-sociais-conquistam-medalhas-em-competicao-do-taekwondo\/"},"author":{"name":"Sodr\u00e9","@id":"https:\/\/ubanews.com\/site\/#\/schema\/person\/d90c9e47252fbb63dcc969fe4c8b9d10"},"headline":"ATLETAS UBAENSES DE PROJETOS SOCIAIS CONQUISTAM MEDALHAS EM COMPETI\u00c7\u00c3O DO TAEKWONDO","datePublished":"2018-10-22T17:48:08+00:00","mainEntityOfPage":{"@id":"https:\/\/ubanews.com\/site\/2018\/10\/22\/atletas-ubaenses-de-projetos-sociais-conquistam-medalhas-em-competicao-do-taekwondo\/"},"wordCount":181,"commentCount":0,"publisher":{"@id":"https:\/\/ubanews.com\/site\/#organization"},"image":{"@id":"https:\/\/ubanews.com\/site\/2018\/10\/22\/atletas-ubaenses-de-projetos-sociais-conquistam-medalhas-em-competicao-do-taekwondo\/#primaryimage"},"thumbnailUrl":"https:\/\/ubanews.com\/site\/wp-content\/uploads\/2018\/10\/13.34.37.jpg","articleSection":["Geral"],"inLanguage":"pt-BR","potentialAction":[{"@type":"CommentAction","name":"Comment","target":["https:\/\/ubanews.com\/site\/2018\/10\/22\/atletas-ubaenses-de-projetos-sociais-conquistam-medalhas-em-competicao-do-taekwondo\/#respond"]}]},{"@type":"WebPage","@id":"https:\/\/ubanews.com\/site\/2018\/10\/22\/atletas-ubaenses-de-projetos-sociais-conquistam-medalhas-em-competicao-do-taekwondo\/","url":"https:\/\/ubanews.com\/site\/2018\/10\/22\/atletas-ubaenses-de-projetos-sociais-conquistam-medalhas-em-competicao-do-taekwondo\/","name":"ATLETAS UBAENSES DE PROJETOS SOCIAIS CONQUISTAM MEDALHAS EM COMPETI\u00c7\u00c3O DO TAEKWONDO - Ub\u00e1 News","isPartOf":{"@id":"https:\/\/ubanews.com\/site\/#website"},"primaryImageOfPage":{"@id":"https:\/\/ubanews.com\/site\/2018\/10\/22\/atletas-ubaenses-de-projetos-sociais-conquistam-medalhas-em-competicao-do-taekwondo\/#primaryimage"},"image":{"@id":"https:\/\/ubanews.com\/site\/2018\/10\/22\/atletas-ubaenses-de-projetos-sociais-conquistam-medalhas-em-competicao-do-taekwondo\/#primaryimage"},"thumbnailUrl":"https:\/\/ubanews.com\/site\/wp-content\/uploads\/2018\/10\/13.34.37.jpg","datePublished":"2018-10-22T17:48:08+00:00","breadcrumb":{"@id":"https:\/\/ubanews.com\/site\/2018\/10\/22\/atletas-ubaenses-de-projetos-sociais-conquistam-medalhas-em-competicao-do-taekwondo\/#breadcrumb"},"inLanguage":"pt-BR","potentialAction":[{"@type":"ReadAction","target":["https:\/\/ubanews.com\/site\/2018\/10\/22\/atletas-ubaenses-de-projetos-sociais-conquistam-medalhas-em-competicao-do-taekwondo\/"]}]},{"@type":"ImageObject","inLanguage":"pt-BR","@id":"https:\/\/ubanews.com\/site\/2018\/10\/22\/atletas-ubaenses-de-projetos-sociais-conquistam-medalhas-em-competicao-do-taekwondo\/#primaryimage","url":"https:\/\/ubanews.com\/site\/wp-content\/uploads\/2018\/10\/13.34.37.jpg","contentUrl":"https:\/\/ubanews.com\/site\/wp-content\/uploads\/2018\/10\/13.34.37.jpg","width":800,"height":389},{"@type":"BreadcrumbList","@id":"https:\/\/ubanews.com\/site\/2018\/10\/22\/atletas-ubaenses-de-projetos-sociais-conquistam-medalhas-em-competicao-do-taekwondo\/#breadcrumb","itemListElement":[{"@type":"ListItem","position":1,"name":"Home","item":"https:\/\/ubanews.com\/site\/"},{"@type":"ListItem","position":2,"name":"ATLETAS UBAENSES DE PROJETOS SOCIAIS CONQUISTAM MEDALHAS EM COMPETI\u00c7\u00c3O DO TAEKWONDO"}]},{"@type":"WebSite","@id":"https:\/\/ubanews.com\/site\/#website","url":"https:\/\/ubanews.com\/site\/","name":"Ub\u00e1 News","description":"","publisher":{"@id":"https:\/\/ubanews.com\/site\/#organization"},"potentialAction":[{"@type":"SearchAction","target":{"@type":"EntryPoint","urlTemplate":"https:\/\/ubanews.com\/site\/?s={search_term_string}"},"query-input":{"@type":"PropertyValueSpecification","valueRequired":true,"valueName":"search_term_string"}}],"inLanguage":"pt-BR"},{"@type":"Organization","@id":"https:\/\/ubanews.com\/site\/#organization","name":"Ub\u00e1 News","url":"https:\/\/ubanews.com\/site\/","logo":{"@type":"ImageObject","inLanguage":"pt-BR","@id":"https:\/\/ubanews.com\/site\/#\/schema\/logo\/image\/","url":"https:\/\/ubanews.com\/site\/wp-content\/uploads\/2018\/01\/logoubanews.png","contentUrl":"https:\/\/ubanews.com\/site\/wp-content\/uploads\/2018\/01\/logoubanews.png","width":261,"height":99,"caption":"Ub\u00e1 News"},"image":{"@id":"https:\/\/ubanews.com\/site\/#\/schema\/logo\/image\/"},"sameAs":["https:\/\/www.facebook.com\/Ub\u00e1News-Carlos-Roberto-Sodr\u00e9-418778301977370"]},{"@type":"Person","@id":"https:\/\/ubanews.com\/site\/#\/schema\/person\/d90c9e47252fbb63dcc969fe4c8b9d10","name":"Sodr\u00e9","image":{"@type":"ImageObject","inLanguage":"pt-BR","@id":"https:\/\/secure.gravatar.com\/avatar\/5ba2793f0590b9dbfad3fdec4ee714485b3eef211c9b32ee53d414060454a56c?s=96&d=mm&r=g","url":"https:\/\/secure.gravatar.com\/avatar\/5ba2793f0590b9dbfad3fdec4ee714485b3eef211c9b32ee53d414060454a56c?s=96&d=mm&r=g","contentUrl":"https:\/\/secure.gravatar.com\/avatar\/5ba2793f0590b9dbfad3fdec4ee714485b3eef211c9b32ee53d414060454a56c?s=96&d=mm&r=g","caption":"Sodr\u00e9"},"sameAs":["https:\/\/www.facebook.com\/carosroberto.sodre.5\/"],"url":"https:\/\/ubanews.com\/site\/author\/felipe\/"}]}},"_links":{"self":[{"href":"https:\/\/ubanews.com\/site\/wp-json\/wp\/v2\/posts\/8530","targetHints":{"allow":["GET"]}}],"collection":[{"href":"https:\/\/ubanews.com\/site\/wp-json\/wp\/v2\/posts"}],"about":[{"href":"https:\/\/ubanews.com\/site\/wp-json\/wp\/v2\/types\/post"}],"author":[{"embeddable":true,"href":"https:\/\/ubanews.com\/site\/wp-json\/wp\/v2\/users\/2"}],"replies":[{"embeddable":true,"href":"https:\/\/ubanews.com\/site\/wp-json\/wp\/v2\/comments?post=8530"}],"version-history":[{"count":0,"href":"https:\/\/ubanews.com\/site\/wp-json\/wp\/v2\/posts\/8530\/revisions"}],"wp:featuredmedia":[{"embeddable":true,"href":"https:\/\/ubanews.com\/site\/wp-json\/wp\/v2\/media\/8531"}],"wp:attachment":[{"href":"https:\/\/ubanews.com\/site\/wp-json\/wp\/v2\/media?parent=8530"}],"wp:term":[{"taxonomy":"category","embeddable":true,"href":"https:\/\/ubanews.com\/site\/wp-json\/wp\/v2\/categories?post=8530"},{"taxonomy":"post_tag","embeddable":true,"href":"https:\/\/ubanews.com\/site\/wp-json\/wp\/v2\/tags?post=8530"}],"curies":[{"name":"wp","href":"https:\/\/api.w.org\/{rel}","templated":true}]}}