{"id":8518,"date":"2018-10-22T14:26:12","date_gmt":"2018-10-22T17:26:12","guid":{"rendered":"http:\/\/ubanews.com\/site\/?p=8518"},"modified":"2018-11-07T17:03:55","modified_gmt":"2018-11-07T19:03:55","slug":"festa-das-criancas-foi-sucesso-mais-uma-vez-no-bairro-sao-joao","status":"publish","type":"post","link":"https:\/\/ubanews.com\/site\/2018\/10\/22\/festa-das-criancas-foi-sucesso-mais-uma-vez-no-bairro-sao-joao\/","title":{"rendered":"FESTA DAS CRIAN\u00c7AS FOI SUCESSO MAIS UMA VEZ NO BAIRRO S\u00c3O JO\u00c3O"},"content":{"rendered":"<p><a href=\"https:\/\/ubanews.com\/site\/wp-content\/uploads\/2018\/10\/DSC0568-copiar.jpg\"><img decoding=\"async\" class=\"alignnone size-medium wp-image-8519 lazyload\" data-src=\"https:\/\/ubanews.com\/site\/wp-content\/uploads\/2018\/10\/DSC0568-copiar-300x171.jpg\" alt=\"\" width=\"300\" height=\"171\" data-srcset=\"https:\/\/ubanews.com\/site\/wp-content\/uploads\/2018\/10\/DSC0568-copiar-300x171.jpg 300w, https:\/\/ubanews.com\/site\/wp-content\/uploads\/2018\/10\/DSC0568-copiar-768x439.jpg 768w, https:\/\/ubanews.com\/site\/wp-content\/uploads\/2018\/10\/DSC0568-copiar.jpg 800w\" data-sizes=\"(max-width: 300px) 100vw, 300px\" src=\"data:image\/svg+xml;base64,PHN2ZyB3aWR0aD0iMSIgaGVpZ2h0PSIxIiB4bWxucz0iaHR0cDovL3d3dy53My5vcmcvMjAwMC9zdmciPjwvc3ZnPg==\" style=\"--smush-placeholder-width: 300px; --smush-placeholder-aspect-ratio: 300\/171;\" \/><\/a> <a href=\"https:\/\/ubanews.com\/site\/wp-content\/uploads\/2018\/10\/DSC0576-copiar.jpg\"><img decoding=\"async\" class=\"alignnone size-medium wp-image-8520 lazyload\" data-src=\"https:\/\/ubanews.com\/site\/wp-content\/uploads\/2018\/10\/DSC0576-copiar-300x171.jpg\" alt=\"\" width=\"300\" height=\"171\" data-srcset=\"https:\/\/ubanews.com\/site\/wp-content\/uploads\/2018\/10\/DSC0576-copiar-300x171.jpg 300w, https:\/\/ubanews.com\/site\/wp-content\/uploads\/2018\/10\/DSC0576-copiar-768x439.jpg 768w, https:\/\/ubanews.com\/site\/wp-content\/uploads\/2018\/10\/DSC0576-copiar.jpg 800w\" data-sizes=\"(max-width: 300px) 100vw, 300px\" src=\"data:image\/svg+xml;base64,PHN2ZyB3aWR0aD0iMSIgaGVpZ2h0PSIxIiB4bWxucz0iaHR0cDovL3d3dy53My5vcmcvMjAwMC9zdmciPjwvc3ZnPg==\" style=\"--smush-placeholder-width: 300px; --smush-placeholder-aspect-ratio: 300\/171;\" \/><\/a> <a href=\"https:\/\/ubanews.com\/site\/wp-content\/uploads\/2018\/10\/DSC0587-copiar.jpg\"><img decoding=\"async\" class=\"alignnone size-medium wp-image-8521 lazyload\" data-src=\"https:\/\/ubanews.com\/site\/wp-content\/uploads\/2018\/10\/DSC0587-copiar-300x171.jpg\" alt=\"\" width=\"300\" height=\"171\" data-srcset=\"https:\/\/ubanews.com\/site\/wp-content\/uploads\/2018\/10\/DSC0587-copiar-300x171.jpg 300w, https:\/\/ubanews.com\/site\/wp-content\/uploads\/2018\/10\/DSC0587-copiar-768x439.jpg 768w, https:\/\/ubanews.com\/site\/wp-content\/uploads\/2018\/10\/DSC0587-copiar.jpg 800w\" data-sizes=\"(max-width: 300px) 100vw, 300px\" src=\"data:image\/svg+xml;base64,PHN2ZyB3aWR0aD0iMSIgaGVpZ2h0PSIxIiB4bWxucz0iaHR0cDovL3d3dy53My5vcmcvMjAwMC9zdmciPjwvc3ZnPg==\" style=\"--smush-placeholder-width: 300px; --smush-placeholder-aspect-ratio: 300\/171;\" \/><\/a> <a href=\"https:\/\/ubanews.com\/site\/wp-content\/uploads\/2018\/10\/DSC0594-copiar.jpg\"><img decoding=\"async\" class=\"alignnone size-medium wp-image-8522 lazyload\" data-src=\"https:\/\/ubanews.com\/site\/wp-content\/uploads\/2018\/10\/DSC0594-copiar-300x171.jpg\" alt=\"\" width=\"300\" height=\"171\" data-srcset=\"https:\/\/ubanews.com\/site\/wp-content\/uploads\/2018\/10\/DSC0594-copiar-300x171.jpg 300w, https:\/\/ubanews.com\/site\/wp-content\/uploads\/2018\/10\/DSC0594-copiar-768x439.jpg 768w, https:\/\/ubanews.com\/site\/wp-content\/uploads\/2018\/10\/DSC0594-copiar.jpg 800w\" data-sizes=\"(max-width: 300px) 100vw, 300px\" src=\"data:image\/svg+xml;base64,PHN2ZyB3aWR0aD0iMSIgaGVpZ2h0PSIxIiB4bWxucz0iaHR0cDovL3d3dy53My5vcmcvMjAwMC9zdmciPjwvc3ZnPg==\" style=\"--smush-placeholder-width: 300px; --smush-placeholder-aspect-ratio: 300\/171;\" \/><\/a> <a href=\"https:\/\/ubanews.com\/site\/wp-content\/uploads\/2018\/10\/DSC0609.jpg\"><img decoding=\"async\" class=\"alignnone size-medium wp-image-8524 lazyload\" data-src=\"https:\/\/ubanews.com\/site\/wp-content\/uploads\/2018\/10\/DSC0609-300x171.jpg\" alt=\"\" width=\"300\" height=\"171\" data-srcset=\"https:\/\/ubanews.com\/site\/wp-content\/uploads\/2018\/10\/DSC0609-300x171.jpg 300w, https:\/\/ubanews.com\/site\/wp-content\/uploads\/2018\/10\/DSC0609-768x439.jpg 768w, https:\/\/ubanews.com\/site\/wp-content\/uploads\/2018\/10\/DSC0609.jpg 800w\" data-sizes=\"(max-width: 300px) 100vw, 300px\" src=\"data:image\/svg+xml;base64,PHN2ZyB3aWR0aD0iMSIgaGVpZ2h0PSIxIiB4bWxucz0iaHR0cDovL3d3dy53My5vcmcvMjAwMC9zdmciPjwvc3ZnPg==\" style=\"--smush-placeholder-width: 300px; --smush-placeholder-aspect-ratio: 300\/171;\" \/><\/a> <a href=\"https:\/\/ubanews.com\/site\/wp-content\/uploads\/2018\/10\/DSC0620-copiar.jpg\"><img decoding=\"async\" class=\"alignnone size-medium wp-image-8525 lazyload\" data-src=\"https:\/\/ubanews.com\/site\/wp-content\/uploads\/2018\/10\/DSC0620-copiar-300x171.jpg\" alt=\"\" width=\"300\" height=\"171\" data-srcset=\"https:\/\/ubanews.com\/site\/wp-content\/uploads\/2018\/10\/DSC0620-copiar-300x171.jpg 300w, https:\/\/ubanews.com\/site\/wp-content\/uploads\/2018\/10\/DSC0620-copiar-768x439.jpg 768w, https:\/\/ubanews.com\/site\/wp-content\/uploads\/2018\/10\/DSC0620-copiar.jpg 800w\" data-sizes=\"(max-width: 300px) 100vw, 300px\" src=\"data:image\/svg+xml;base64,PHN2ZyB3aWR0aD0iMSIgaGVpZ2h0PSIxIiB4bWxucz0iaHR0cDovL3d3dy53My5vcmcvMjAwMC9zdmciPjwvc3ZnPg==\" style=\"--smush-placeholder-width: 300px; --smush-placeholder-aspect-ratio: 300\/171;\" \/><\/a><\/p>\n<p>H\u00e1 vinte anos a Associa\u00e7\u00e3o de Moradores e Amigos do Bairro S\u00e3o Jo\u00e3o, situada a rua Francisco da Costa Barros, promove no m\u00eas de outubro, geralmente num domingo pr\u00f3ximo do dia 12, uma festa dedicada \u00e0s crian\u00e7as. Segundo o presidente da associa\u00e7\u00e3o, Paulo Alberto de Souza (Paulinho Poeta) desde o in\u00edcio do evento apenas em um ano que ele n\u00e3o foi realizado. A festa mais uma vez teve tudo aquilo que a meninada gosta: algod\u00e3o doce, balas, bolo, refrigerantes, pula-pula, tobog\u00e3 e outras brincadeiras. Foi f\u00e1cil perceber a felicidade no rosto dos baixinhos. O prefeito de Ub\u00e1 Edson Teixeira Filho prestigiou o evento e conversou com as crian\u00e7as!<\/p>\n<p>O m\u00fasico Griz\u00e9 Guimar\u00e3es postou em sua p\u00e1gina nas Redes Sociais logo ap\u00f3s o evento:<\/p>\n<p>\u201cN\u00f3s da Associa\u00e7\u00e3o de Moradores do Bairro s\u00e3o jo\u00e3o , realizamos neste domingo a VIG\u00c9SIMA FESTA DO DIA DAS CRIAN\u00c7AS, como sempre para podermos promover essa festa em prol das fam\u00edlias do nosso bairro, contamos com a ajuda, colabora\u00e7\u00e3o , doa\u00e7\u00e3o de diversas pessoas, empresas, prefeitura e de toda comunidade. Vale ressaltar a valentia da equipe da associa\u00e7\u00e3o, Criz\u00e9 Guimar\u00e3es, Sandra Roberto, Rita de C\u00e1ssia, Terezinha Machado, Carmelito Martins Assis, Vera J\u00falio, Gabriel Pinto, Marcinha, assim como do presidente Paulinho Poeta que nunca mediu esfor\u00e7os para a realiza\u00e7\u00e3o dessa a\u00e7\u00e3o social E \u00c9 NOSSO REGENTE NESSA E EM V\u00c1RIAS EMPREITADAS SOCIAIS, al\u00e9m dos amigos Adrianinha e Luis Felipe, Sr Geraldo, Vanessa Silveira, Adrielle, Verinha, um grande agradecimento a todos que nos ajudaram a promover esse evento\u201d.<\/p>\n<p>PATROCINADORES:<\/p>\n<p>Bolos Granato, que faz o bolo gigante que \u00e9 aguardado pelas crian\u00e7as durante o ano inteiro, Fernando Alves, Geral Veiculos, Carneiro Ve\u00edculos, Barletta Schiavon Im\u00f3veis, Mercearia da Nenha, Mercearia do Fabinho, Amarildo Ragazzi, L\u00edder Pneumatica, Polimento do Tiaguinho, 174 Outlet, Agropet Gaele, Viagens e Turismo 2 Amigos, Fernando ve\u00edculos, Bar da Tia Dum, Trailler da Bell, Tecnov\u00eddeo, Sapataria do Ronaldo, Vereador Escuro, Tati Trup Encantada, A\u00e7ougue do Tantico, A\u00e7ougue do Nelson, StilosPet e Daniel Andrade.<\/p>\n<p>\u201cRegistramos a presen\u00e7a do nosso prefeito Edson Chartuni e aproveitamos para fazer um agradecimento a administra\u00e7\u00e3o e as Secretarias de Cultura e desenvolvimento pessoal nas pessoas de Vin\u00edcius Sam\u00f4r de Lacerda e Flavio Monteze que sempre nos apoiam em nossos eventos\u201d.<\/p>\n","protected":false},"excerpt":{"rendered":"<p>H\u00e1 vinte anos a Associa\u00e7\u00e3o de Moradores e Amigos do<\/p>\n","protected":false},"author":2,"featured_media":8523,"comment_status":"open","ping_status":"open","sticky":false,"template":"","format":"standard","meta":{"footnotes":""},"categories":[1],"tags":[],"class_list":["post-8518","post","type-post","status-publish","format-standard","has-post-thumbnail","hentry","category-sem-categoria"],"yoast_head":"<!-- This site is optimized with the Yoast SEO plugin v27.2 - https:\/\/yoast.com\/product\/yoast-seo-wordpress\/ -->\n<title>FESTA DAS CRIAN\u00c7AS FOI SUCESSO MAIS UMA VEZ NO BAIRRO S\u00c3O JO\u00c3O - Ub\u00e1 News<\/title>\n<meta name=\"robots\" content=\"index, follow, max-snippet:-1, max-image-preview:large, max-video-preview:-1\" \/>\n<link rel=\"canonical\" href=\"https:\/\/ubanews.com\/site\/2018\/10\/22\/festa-das-criancas-foi-sucesso-mais-uma-vez-no-bairro-sao-joao\/\" \/>\n<meta property=\"og:locale\" content=\"pt_BR\" \/>\n<meta property=\"og:type\" content=\"article\" \/>\n<meta property=\"og:title\" content=\"FESTA DAS CRIAN\u00c7AS FOI SUCESSO MAIS UMA VEZ NO BAIRRO S\u00c3O JO\u00c3O - Ub\u00e1 News\" \/>\n<meta property=\"og:description\" content=\"H\u00e1 vinte anos a Associa\u00e7\u00e3o de Moradores e Amigos do\" \/>\n<meta property=\"og:url\" content=\"https:\/\/ubanews.com\/site\/2018\/10\/22\/festa-das-criancas-foi-sucesso-mais-uma-vez-no-bairro-sao-joao\/\" \/>\n<meta property=\"og:site_name\" content=\"Ub\u00e1 News\" \/>\n<meta property=\"article:publisher\" content=\"https:\/\/www.facebook.com\/Ub%c3%a1News-Carlos-Roberto-Sodr%c3%a9-418778301977370\" \/>\n<meta property=\"article:author\" content=\"https:\/\/www.facebook.com\/carosroberto.sodre.5\/\" \/>\n<meta property=\"article:published_time\" content=\"2018-10-22T17:26:12+00:00\" \/>\n<meta property=\"article:modified_time\" content=\"2018-11-07T19:03:55+00:00\" \/>\n<meta property=\"og:image\" content=\"https:\/\/ubanews.com\/site\/wp-content\/uploads\/2018\/10\/DSC0606-copiar.jpg\" \/>\n\t<meta property=\"og:image:width\" content=\"800\" \/>\n\t<meta property=\"og:image:height\" content=\"389\" \/>\n\t<meta property=\"og:image:type\" content=\"image\/jpeg\" \/>\n<meta name=\"author\" content=\"Sodr\u00e9\" \/>\n<meta name=\"twitter:card\" content=\"summary_large_image\" \/>\n<meta name=\"twitter:label1\" content=\"Escrito por\" \/>\n\t<meta name=\"twitter:data1\" content=\"Sodr\u00e9\" \/>\n\t<meta name=\"twitter:label2\" content=\"Est. tempo de leitura\" \/>\n\t<meta name=\"twitter:data2\" content=\"2 minutos\" \/>\n<script type=\"application\/ld+json\" class=\"yoast-schema-graph\">{\"@context\":\"https:\/\/schema.org\",\"@graph\":[{\"@type\":\"Article\",\"@id\":\"https:\/\/ubanews.com\/site\/2018\/10\/22\/festa-das-criancas-foi-sucesso-mais-uma-vez-no-bairro-sao-joao\/#article\",\"isPartOf\":{\"@id\":\"https:\/\/ubanews.com\/site\/2018\/10\/22\/festa-das-criancas-foi-sucesso-mais-uma-vez-no-bairro-sao-joao\/\"},\"author\":{\"name\":\"Sodr\u00e9\",\"@id\":\"https:\/\/ubanews.com\/site\/#\/schema\/person\/d90c9e47252fbb63dcc969fe4c8b9d10\"},\"headline\":\"FESTA DAS CRIAN\u00c7AS FOI SUCESSO MAIS UMA VEZ NO BAIRRO S\u00c3O JO\u00c3O\",\"datePublished\":\"2018-10-22T17:26:12+00:00\",\"dateModified\":\"2018-11-07T19:03:55+00:00\",\"mainEntityOfPage\":{\"@id\":\"https:\/\/ubanews.com\/site\/2018\/10\/22\/festa-das-criancas-foi-sucesso-mais-uma-vez-no-bairro-sao-joao\/\"},\"wordCount\":420,\"commentCount\":0,\"publisher\":{\"@id\":\"https:\/\/ubanews.com\/site\/#organization\"},\"image\":{\"@id\":\"https:\/\/ubanews.com\/site\/2018\/10\/22\/festa-das-criancas-foi-sucesso-mais-uma-vez-no-bairro-sao-joao\/#primaryimage\"},\"thumbnailUrl\":\"https:\/\/ubanews.com\/site\/wp-content\/uploads\/2018\/10\/DSC0606-copiar.jpg\",\"articleSection\":[\"Geral\"],\"inLanguage\":\"pt-BR\",\"potentialAction\":[{\"@type\":\"CommentAction\",\"name\":\"Comment\",\"target\":[\"https:\/\/ubanews.com\/site\/2018\/10\/22\/festa-das-criancas-foi-sucesso-mais-uma-vez-no-bairro-sao-joao\/#respond\"]}]},{\"@type\":\"WebPage\",\"@id\":\"https:\/\/ubanews.com\/site\/2018\/10\/22\/festa-das-criancas-foi-sucesso-mais-uma-vez-no-bairro-sao-joao\/\",\"url\":\"https:\/\/ubanews.com\/site\/2018\/10\/22\/festa-das-criancas-foi-sucesso-mais-uma-vez-no-bairro-sao-joao\/\",\"name\":\"FESTA DAS CRIAN\u00c7AS FOI SUCESSO MAIS UMA VEZ NO BAIRRO S\u00c3O JO\u00c3O - Ub\u00e1 News\",\"isPartOf\":{\"@id\":\"https:\/\/ubanews.com\/site\/#website\"},\"primaryImageOfPage\":{\"@id\":\"https:\/\/ubanews.com\/site\/2018\/10\/22\/festa-das-criancas-foi-sucesso-mais-uma-vez-no-bairro-sao-joao\/#primaryimage\"},\"image\":{\"@id\":\"https:\/\/ubanews.com\/site\/2018\/10\/22\/festa-das-criancas-foi-sucesso-mais-uma-vez-no-bairro-sao-joao\/#primaryimage\"},\"thumbnailUrl\":\"https:\/\/ubanews.com\/site\/wp-content\/uploads\/2018\/10\/DSC0606-copiar.jpg\",\"datePublished\":\"2018-10-22T17:26:12+00:00\",\"dateModified\":\"2018-11-07T19:03:55+00:00\",\"breadcrumb\":{\"@id\":\"https:\/\/ubanews.com\/site\/2018\/10\/22\/festa-das-criancas-foi-sucesso-mais-uma-vez-no-bairro-sao-joao\/#breadcrumb\"},\"inLanguage\":\"pt-BR\",\"potentialAction\":[{\"@type\":\"ReadAction\",\"target\":[\"https:\/\/ubanews.com\/site\/2018\/10\/22\/festa-das-criancas-foi-sucesso-mais-uma-vez-no-bairro-sao-joao\/\"]}]},{\"@type\":\"ImageObject\",\"inLanguage\":\"pt-BR\",\"@id\":\"https:\/\/ubanews.com\/site\/2018\/10\/22\/festa-das-criancas-foi-sucesso-mais-uma-vez-no-bairro-sao-joao\/#primaryimage\",\"url\":\"https:\/\/ubanews.com\/site\/wp-content\/uploads\/2018\/10\/DSC0606-copiar.jpg\",\"contentUrl\":\"https:\/\/ubanews.com\/site\/wp-content\/uploads\/2018\/10\/DSC0606-copiar.jpg\",\"width\":800,\"height\":389},{\"@type\":\"BreadcrumbList\",\"@id\":\"https:\/\/ubanews.com\/site\/2018\/10\/22\/festa-das-criancas-foi-sucesso-mais-uma-vez-no-bairro-sao-joao\/#breadcrumb\",\"itemListElement\":[{\"@type\":\"ListItem\",\"position\":1,\"name\":\"Home\",\"item\":\"https:\/\/ubanews.com\/site\/\"},{\"@type\":\"ListItem\",\"position\":2,\"name\":\"FESTA DAS CRIAN\u00c7AS FOI SUCESSO MAIS UMA VEZ NO BAIRRO S\u00c3O JO\u00c3O\"}]},{\"@type\":\"WebSite\",\"@id\":\"https:\/\/ubanews.com\/site\/#website\",\"url\":\"https:\/\/ubanews.com\/site\/\",\"name\":\"Ub\u00e1 News\",\"description\":\"\",\"publisher\":{\"@id\":\"https:\/\/ubanews.com\/site\/#organization\"},\"potentialAction\":[{\"@type\":\"SearchAction\",\"target\":{\"@type\":\"EntryPoint\",\"urlTemplate\":\"https:\/\/ubanews.com\/site\/?s={search_term_string}\"},\"query-input\":{\"@type\":\"PropertyValueSpecification\",\"valueRequired\":true,\"valueName\":\"search_term_string\"}}],\"inLanguage\":\"pt-BR\"},{\"@type\":\"Organization\",\"@id\":\"https:\/\/ubanews.com\/site\/#organization\",\"name\":\"Ub\u00e1 News\",\"url\":\"https:\/\/ubanews.com\/site\/\",\"logo\":{\"@type\":\"ImageObject\",\"inLanguage\":\"pt-BR\",\"@id\":\"https:\/\/ubanews.com\/site\/#\/schema\/logo\/image\/\",\"url\":\"https:\/\/ubanews.com\/site\/wp-content\/uploads\/2018\/01\/logoubanews.png\",\"contentUrl\":\"https:\/\/ubanews.com\/site\/wp-content\/uploads\/2018\/01\/logoubanews.png\",\"width\":261,\"height\":99,\"caption\":\"Ub\u00e1 News\"},\"image\":{\"@id\":\"https:\/\/ubanews.com\/site\/#\/schema\/logo\/image\/\"},\"sameAs\":[\"https:\/\/www.facebook.com\/Ub\u00e1News-Carlos-Roberto-Sodr\u00e9-418778301977370\"]},{\"@type\":\"Person\",\"@id\":\"https:\/\/ubanews.com\/site\/#\/schema\/person\/d90c9e47252fbb63dcc969fe4c8b9d10\",\"name\":\"Sodr\u00e9\",\"image\":{\"@type\":\"ImageObject\",\"inLanguage\":\"pt-BR\",\"@id\":\"https:\/\/secure.gravatar.com\/avatar\/5ba2793f0590b9dbfad3fdec4ee714485b3eef211c9b32ee53d414060454a56c?s=96&d=mm&r=g\",\"url\":\"https:\/\/secure.gravatar.com\/avatar\/5ba2793f0590b9dbfad3fdec4ee714485b3eef211c9b32ee53d414060454a56c?s=96&d=mm&r=g\",\"contentUrl\":\"https:\/\/secure.gravatar.com\/avatar\/5ba2793f0590b9dbfad3fdec4ee714485b3eef211c9b32ee53d414060454a56c?s=96&d=mm&r=g\",\"caption\":\"Sodr\u00e9\"},\"sameAs\":[\"https:\/\/www.facebook.com\/carosroberto.sodre.5\/\"],\"url\":\"https:\/\/ubanews.com\/site\/author\/felipe\/\"}]}<\/script>\n<!-- \/ Yoast SEO plugin. -->","yoast_head_json":{"title":"FESTA DAS CRIAN\u00c7AS FOI SUCESSO MAIS UMA VEZ NO BAIRRO S\u00c3O JO\u00c3O - Ub\u00e1 News","robots":{"index":"index","follow":"follow","max-snippet":"max-snippet:-1","max-image-preview":"max-image-preview:large","max-video-preview":"max-video-preview:-1"},"canonical":"https:\/\/ubanews.com\/site\/2018\/10\/22\/festa-das-criancas-foi-sucesso-mais-uma-vez-no-bairro-sao-joao\/","og_locale":"pt_BR","og_type":"article","og_title":"FESTA DAS CRIAN\u00c7AS FOI SUCESSO MAIS UMA VEZ NO BAIRRO S\u00c3O JO\u00c3O - Ub\u00e1 News","og_description":"H\u00e1 vinte anos a Associa\u00e7\u00e3o de Moradores e Amigos do","og_url":"https:\/\/ubanews.com\/site\/2018\/10\/22\/festa-das-criancas-foi-sucesso-mais-uma-vez-no-bairro-sao-joao\/","og_site_name":"Ub\u00e1 News","article_publisher":"https:\/\/www.facebook.com\/Ub%c3%a1News-Carlos-Roberto-Sodr%c3%a9-418778301977370","article_author":"https:\/\/www.facebook.com\/carosroberto.sodre.5\/","article_published_time":"2018-10-22T17:26:12+00:00","article_modified_time":"2018-11-07T19:03:55+00:00","og_image":[{"width":800,"height":389,"url":"https:\/\/ubanews.com\/site\/wp-content\/uploads\/2018\/10\/DSC0606-copiar.jpg","type":"image\/jpeg"}],"author":"Sodr\u00e9","twitter_card":"summary_large_image","twitter_misc":{"Escrito por":"Sodr\u00e9","Est. tempo de leitura":"2 minutos"},"schema":{"@context":"https:\/\/schema.org","@graph":[{"@type":"Article","@id":"https:\/\/ubanews.com\/site\/2018\/10\/22\/festa-das-criancas-foi-sucesso-mais-uma-vez-no-bairro-sao-joao\/#article","isPartOf":{"@id":"https:\/\/ubanews.com\/site\/2018\/10\/22\/festa-das-criancas-foi-sucesso-mais-uma-vez-no-bairro-sao-joao\/"},"author":{"name":"Sodr\u00e9","@id":"https:\/\/ubanews.com\/site\/#\/schema\/person\/d90c9e47252fbb63dcc969fe4c8b9d10"},"headline":"FESTA DAS CRIAN\u00c7AS FOI SUCESSO MAIS UMA VEZ NO BAIRRO S\u00c3O JO\u00c3O","datePublished":"2018-10-22T17:26:12+00:00","dateModified":"2018-11-07T19:03:55+00:00","mainEntityOfPage":{"@id":"https:\/\/ubanews.com\/site\/2018\/10\/22\/festa-das-criancas-foi-sucesso-mais-uma-vez-no-bairro-sao-joao\/"},"wordCount":420,"commentCount":0,"publisher":{"@id":"https:\/\/ubanews.com\/site\/#organization"},"image":{"@id":"https:\/\/ubanews.com\/site\/2018\/10\/22\/festa-das-criancas-foi-sucesso-mais-uma-vez-no-bairro-sao-joao\/#primaryimage"},"thumbnailUrl":"https:\/\/ubanews.com\/site\/wp-content\/uploads\/2018\/10\/DSC0606-copiar.jpg","articleSection":["Geral"],"inLanguage":"pt-BR","potentialAction":[{"@type":"CommentAction","name":"Comment","target":["https:\/\/ubanews.com\/site\/2018\/10\/22\/festa-das-criancas-foi-sucesso-mais-uma-vez-no-bairro-sao-joao\/#respond"]}]},{"@type":"WebPage","@id":"https:\/\/ubanews.com\/site\/2018\/10\/22\/festa-das-criancas-foi-sucesso-mais-uma-vez-no-bairro-sao-joao\/","url":"https:\/\/ubanews.com\/site\/2018\/10\/22\/festa-das-criancas-foi-sucesso-mais-uma-vez-no-bairro-sao-joao\/","name":"FESTA DAS CRIAN\u00c7AS FOI SUCESSO MAIS UMA VEZ NO BAIRRO S\u00c3O JO\u00c3O - Ub\u00e1 News","isPartOf":{"@id":"https:\/\/ubanews.com\/site\/#website"},"primaryImageOfPage":{"@id":"https:\/\/ubanews.com\/site\/2018\/10\/22\/festa-das-criancas-foi-sucesso-mais-uma-vez-no-bairro-sao-joao\/#primaryimage"},"image":{"@id":"https:\/\/ubanews.com\/site\/2018\/10\/22\/festa-das-criancas-foi-sucesso-mais-uma-vez-no-bairro-sao-joao\/#primaryimage"},"thumbnailUrl":"https:\/\/ubanews.com\/site\/wp-content\/uploads\/2018\/10\/DSC0606-copiar.jpg","datePublished":"2018-10-22T17:26:12+00:00","dateModified":"2018-11-07T19:03:55+00:00","breadcrumb":{"@id":"https:\/\/ubanews.com\/site\/2018\/10\/22\/festa-das-criancas-foi-sucesso-mais-uma-vez-no-bairro-sao-joao\/#breadcrumb"},"inLanguage":"pt-BR","potentialAction":[{"@type":"ReadAction","target":["https:\/\/ubanews.com\/site\/2018\/10\/22\/festa-das-criancas-foi-sucesso-mais-uma-vez-no-bairro-sao-joao\/"]}]},{"@type":"ImageObject","inLanguage":"pt-BR","@id":"https:\/\/ubanews.com\/site\/2018\/10\/22\/festa-das-criancas-foi-sucesso-mais-uma-vez-no-bairro-sao-joao\/#primaryimage","url":"https:\/\/ubanews.com\/site\/wp-content\/uploads\/2018\/10\/DSC0606-copiar.jpg","contentUrl":"https:\/\/ubanews.com\/site\/wp-content\/uploads\/2018\/10\/DSC0606-copiar.jpg","width":800,"height":389},{"@type":"BreadcrumbList","@id":"https:\/\/ubanews.com\/site\/2018\/10\/22\/festa-das-criancas-foi-sucesso-mais-uma-vez-no-bairro-sao-joao\/#breadcrumb","itemListElement":[{"@type":"ListItem","position":1,"name":"Home","item":"https:\/\/ubanews.com\/site\/"},{"@type":"ListItem","position":2,"name":"FESTA DAS CRIAN\u00c7AS FOI SUCESSO MAIS UMA VEZ NO BAIRRO S\u00c3O JO\u00c3O"}]},{"@type":"WebSite","@id":"https:\/\/ubanews.com\/site\/#website","url":"https:\/\/ubanews.com\/site\/","name":"Ub\u00e1 News","description":"","publisher":{"@id":"https:\/\/ubanews.com\/site\/#organization"},"potentialAction":[{"@type":"SearchAction","target":{"@type":"EntryPoint","urlTemplate":"https:\/\/ubanews.com\/site\/?s={search_term_string}"},"query-input":{"@type":"PropertyValueSpecification","valueRequired":true,"valueName":"search_term_string"}}],"inLanguage":"pt-BR"},{"@type":"Organization","@id":"https:\/\/ubanews.com\/site\/#organization","name":"Ub\u00e1 News","url":"https:\/\/ubanews.com\/site\/","logo":{"@type":"ImageObject","inLanguage":"pt-BR","@id":"https:\/\/ubanews.com\/site\/#\/schema\/logo\/image\/","url":"https:\/\/ubanews.com\/site\/wp-content\/uploads\/2018\/01\/logoubanews.png","contentUrl":"https:\/\/ubanews.com\/site\/wp-content\/uploads\/2018\/01\/logoubanews.png","width":261,"height":99,"caption":"Ub\u00e1 News"},"image":{"@id":"https:\/\/ubanews.com\/site\/#\/schema\/logo\/image\/"},"sameAs":["https:\/\/www.facebook.com\/Ub\u00e1News-Carlos-Roberto-Sodr\u00e9-418778301977370"]},{"@type":"Person","@id":"https:\/\/ubanews.com\/site\/#\/schema\/person\/d90c9e47252fbb63dcc969fe4c8b9d10","name":"Sodr\u00e9","image":{"@type":"ImageObject","inLanguage":"pt-BR","@id":"https:\/\/secure.gravatar.com\/avatar\/5ba2793f0590b9dbfad3fdec4ee714485b3eef211c9b32ee53d414060454a56c?s=96&d=mm&r=g","url":"https:\/\/secure.gravatar.com\/avatar\/5ba2793f0590b9dbfad3fdec4ee714485b3eef211c9b32ee53d414060454a56c?s=96&d=mm&r=g","contentUrl":"https:\/\/secure.gravatar.com\/avatar\/5ba2793f0590b9dbfad3fdec4ee714485b3eef211c9b32ee53d414060454a56c?s=96&d=mm&r=g","caption":"Sodr\u00e9"},"sameAs":["https:\/\/www.facebook.com\/carosroberto.sodre.5\/"],"url":"https:\/\/ubanews.com\/site\/author\/felipe\/"}]}},"_links":{"self":[{"href":"https:\/\/ubanews.com\/site\/wp-json\/wp\/v2\/posts\/8518","targetHints":{"allow":["GET"]}}],"collection":[{"href":"https:\/\/ubanews.com\/site\/wp-json\/wp\/v2\/posts"}],"about":[{"href":"https:\/\/ubanews.com\/site\/wp-json\/wp\/v2\/types\/post"}],"author":[{"embeddable":true,"href":"https:\/\/ubanews.com\/site\/wp-json\/wp\/v2\/users\/2"}],"replies":[{"embeddable":true,"href":"https:\/\/ubanews.com\/site\/wp-json\/wp\/v2\/comments?post=8518"}],"version-history":[{"count":0,"href":"https:\/\/ubanews.com\/site\/wp-json\/wp\/v2\/posts\/8518\/revisions"}],"wp:featuredmedia":[{"embeddable":true,"href":"https:\/\/ubanews.com\/site\/wp-json\/wp\/v2\/media\/8523"}],"wp:attachment":[{"href":"https:\/\/ubanews.com\/site\/wp-json\/wp\/v2\/media?parent=8518"}],"wp:term":[{"taxonomy":"category","embeddable":true,"href":"https:\/\/ubanews.com\/site\/wp-json\/wp\/v2\/categories?post=8518"},{"taxonomy":"post_tag","embeddable":true,"href":"https:\/\/ubanews.com\/site\/wp-json\/wp\/v2\/tags?post=8518"}],"curies":[{"name":"wp","href":"https:\/\/api.w.org\/{rel}","templated":true}]}}