{"id":8512,"date":"2018-10-22T12:01:22","date_gmt":"2018-10-22T14:01:22","guid":{"rendered":"http:\/\/ubanews.com\/site\/?p=8512"},"modified":"2018-10-22T12:01:22","modified_gmt":"2018-10-22T14:01:22","slug":"roubo-com-prisao-e-apreensao-de-arma-de-fogo-e-droga","status":"publish","type":"post","link":"https:\/\/ubanews.com\/site\/2018\/10\/22\/roubo-com-prisao-e-apreensao-de-arma-de-fogo-e-droga\/","title":{"rendered":"ROUBO COM PRIS\u00c3O E APREENS\u00c3O DE ARMA DE FOGO E DROGA"},"content":{"rendered":"<p>No dia 20 de outubro \u00e0s 20h04min a Pol\u00edcia Militar foi acionada a comparecer \u00e0 Av. Governador Valadares, onde a v\u00edtima relatou que chegaram dois homens em uma motocicleta Honda CG Titan dourada, sendo que um rapaz moreno, alto, trajando uma blusa cinza, e cal\u00e7a jeans, usava um capacete preto, adentrou no estabelecimento, indo at\u00e9 o caixa, e anunciou o assalto apontando um rev\u00f3lver, enquanto seu comparsa permaneceu do lado de fora aguardando toda a\u00e7\u00e3o. Os assaltantes subtra\u00edram uma bolsa que estava debaixo do balc\u00e3o continha todo movimento do dia e chaves da resid\u00eancia, documentos pessoais, logo depois saiu da padaria, sentido ao bairro S\u00e3o Jo\u00e3o.<\/p>\n<p>J\u00e1 no dia 21 de outubro \u00e0s 22h a Pol\u00edcia Militar dando continuidade para identificar os assaltantes do estabelecimento quando receberam uma den\u00fancia que os autores seriam os indiv\u00edduos, moradores do bairro Vila Flanel. Ap\u00f3s v\u00e1rias dilig\u00eancias chegou novas informa\u00e7\u00f5es que os indiv\u00edduos estavam em uma casa na Rua Vereador Jos\u00e9 Albino de Souza. Os militares foram at\u00e9 o endere\u00e7o apontado e ao ser procedidas buscas no quarto de Breno e foram encontrados 2 pedras brutas de subst\u00e2ncia semelhante a crack e 01 bucha de subst\u00e2ncia semelhante a maconha, que estavam em cima de uma c\u00f4moda. Dando continuidade \u00e0 a\u00e7\u00e3o policial os militares foram at\u00e9 a casa dos fundos, resid\u00eancia de Marcelo, e ao ser procedidas buscas no im\u00f3vel foi localizado&nbsp; &nbsp;em cima de um telhado na resid\u00eancia, um rev\u00f3lver calibre .38, carregado com 05 muni\u00e7\u00f5es intactas.<\/p>\n<p>Marcelo de Souza Lima de 20 anos, apelido &#8220;Tchel\u00e3o&#8221; foi preso e conduzido at\u00e9 a Delegacia de Pol\u00edcia Civil com a arma os cartuchos e as subst\u00e2ncias entorpecentes apreendidos. Quanto a Breno Starling Marcelino Pereira n\u00e3o foi localizado, mas responder\u00e1 pelo crime de tr\u00e1fico de drogas.<\/p>\n<p><strong>A<\/strong><strong>SSESSORIA DE COMUNICA\u00c7\u00c3O ORGANIZACIONAL<\/strong><\/p>\n<p><strong><em>Vig\u00e9simo Primeiro Batalh\u00e3o de Pol\u00edcia Militar <\/em><\/strong><\/p>\n","protected":false},"excerpt":{"rendered":"<p>No dia 20 de outubro \u00e0s 20h04min a Pol\u00edcia Militar<\/p>\n","protected":false},"author":2,"featured_media":8513,"comment_status":"open","ping_status":"open","sticky":false,"template":"","format":"standard","meta":{"footnotes":""},"categories":[13],"tags":[],"class_list":["post-8512","post","type-post","status-publish","format-standard","has-post-thumbnail","hentry","category-sintese-das-ocorrencias"],"yoast_head":"<!-- This site is optimized with the Yoast SEO plugin v27.2 - https:\/\/yoast.com\/product\/yoast-seo-wordpress\/ -->\n<title>ROUBO COM PRIS\u00c3O E APREENS\u00c3O DE ARMA DE FOGO E DROGA - Ub\u00e1 News<\/title>\n<meta name=\"robots\" content=\"index, follow, max-snippet:-1, max-image-preview:large, max-video-preview:-1\" \/>\n<link rel=\"canonical\" href=\"https:\/\/ubanews.com\/site\/2018\/10\/22\/roubo-com-prisao-e-apreensao-de-arma-de-fogo-e-droga\/\" \/>\n<meta property=\"og:locale\" content=\"pt_BR\" \/>\n<meta property=\"og:type\" content=\"article\" \/>\n<meta property=\"og:title\" content=\"ROUBO COM PRIS\u00c3O E APREENS\u00c3O DE ARMA DE FOGO E DROGA - Ub\u00e1 News\" \/>\n<meta property=\"og:description\" content=\"No dia 20 de outubro \u00e0s 20h04min a Pol\u00edcia Militar\" \/>\n<meta property=\"og:url\" content=\"https:\/\/ubanews.com\/site\/2018\/10\/22\/roubo-com-prisao-e-apreensao-de-arma-de-fogo-e-droga\/\" \/>\n<meta property=\"og:site_name\" content=\"Ub\u00e1 News\" \/>\n<meta property=\"article:publisher\" content=\"https:\/\/www.facebook.com\/Ub%c3%a1News-Carlos-Roberto-Sodr%c3%a9-418778301977370\" \/>\n<meta property=\"article:author\" content=\"https:\/\/www.facebook.com\/carosroberto.sodre.5\/\" \/>\n<meta property=\"article:published_time\" content=\"2018-10-22T14:01:22+00:00\" \/>\n<meta property=\"og:image\" content=\"https:\/\/ubanews.com\/site\/wp-content\/uploads\/2018\/10\/160.jpg\" \/>\n\t<meta property=\"og:image:width\" content=\"800\" \/>\n\t<meta property=\"og:image:height\" content=\"389\" \/>\n\t<meta property=\"og:image:type\" content=\"image\/jpeg\" \/>\n<meta name=\"author\" content=\"Sodr\u00e9\" \/>\n<meta name=\"twitter:card\" content=\"summary_large_image\" \/>\n<meta name=\"twitter:label1\" content=\"Escrito por\" \/>\n\t<meta name=\"twitter:data1\" content=\"Sodr\u00e9\" \/>\n\t<meta name=\"twitter:label2\" content=\"Est. tempo de leitura\" \/>\n\t<meta name=\"twitter:data2\" content=\"2 minutos\" \/>\n<script type=\"application\/ld+json\" class=\"yoast-schema-graph\">{\"@context\":\"https:\/\/schema.org\",\"@graph\":[{\"@type\":\"Article\",\"@id\":\"https:\/\/ubanews.com\/site\/2018\/10\/22\/roubo-com-prisao-e-apreensao-de-arma-de-fogo-e-droga\/#article\",\"isPartOf\":{\"@id\":\"https:\/\/ubanews.com\/site\/2018\/10\/22\/roubo-com-prisao-e-apreensao-de-arma-de-fogo-e-droga\/\"},\"author\":{\"name\":\"Sodr\u00e9\",\"@id\":\"https:\/\/ubanews.com\/site\/#\/schema\/person\/d90c9e47252fbb63dcc969fe4c8b9d10\"},\"headline\":\"ROUBO COM PRIS\u00c3O E APREENS\u00c3O DE ARMA DE FOGO E DROGA\",\"datePublished\":\"2018-10-22T14:01:22+00:00\",\"mainEntityOfPage\":{\"@id\":\"https:\/\/ubanews.com\/site\/2018\/10\/22\/roubo-com-prisao-e-apreensao-de-arma-de-fogo-e-droga\/\"},\"wordCount\":344,\"commentCount\":0,\"publisher\":{\"@id\":\"https:\/\/ubanews.com\/site\/#organization\"},\"image\":{\"@id\":\"https:\/\/ubanews.com\/site\/2018\/10\/22\/roubo-com-prisao-e-apreensao-de-arma-de-fogo-e-droga\/#primaryimage\"},\"thumbnailUrl\":\"https:\/\/ubanews.com\/site\/wp-content\/uploads\/2018\/10\/160.jpg\",\"articleSection\":[\"S\u00edntese das Ocorr\u00eancias\"],\"inLanguage\":\"pt-BR\",\"potentialAction\":[{\"@type\":\"CommentAction\",\"name\":\"Comment\",\"target\":[\"https:\/\/ubanews.com\/site\/2018\/10\/22\/roubo-com-prisao-e-apreensao-de-arma-de-fogo-e-droga\/#respond\"]}]},{\"@type\":\"WebPage\",\"@id\":\"https:\/\/ubanews.com\/site\/2018\/10\/22\/roubo-com-prisao-e-apreensao-de-arma-de-fogo-e-droga\/\",\"url\":\"https:\/\/ubanews.com\/site\/2018\/10\/22\/roubo-com-prisao-e-apreensao-de-arma-de-fogo-e-droga\/\",\"name\":\"ROUBO COM PRIS\u00c3O E APREENS\u00c3O DE ARMA DE FOGO E DROGA - Ub\u00e1 News\",\"isPartOf\":{\"@id\":\"https:\/\/ubanews.com\/site\/#website\"},\"primaryImageOfPage\":{\"@id\":\"https:\/\/ubanews.com\/site\/2018\/10\/22\/roubo-com-prisao-e-apreensao-de-arma-de-fogo-e-droga\/#primaryimage\"},\"image\":{\"@id\":\"https:\/\/ubanews.com\/site\/2018\/10\/22\/roubo-com-prisao-e-apreensao-de-arma-de-fogo-e-droga\/#primaryimage\"},\"thumbnailUrl\":\"https:\/\/ubanews.com\/site\/wp-content\/uploads\/2018\/10\/160.jpg\",\"datePublished\":\"2018-10-22T14:01:22+00:00\",\"breadcrumb\":{\"@id\":\"https:\/\/ubanews.com\/site\/2018\/10\/22\/roubo-com-prisao-e-apreensao-de-arma-de-fogo-e-droga\/#breadcrumb\"},\"inLanguage\":\"pt-BR\",\"potentialAction\":[{\"@type\":\"ReadAction\",\"target\":[\"https:\/\/ubanews.com\/site\/2018\/10\/22\/roubo-com-prisao-e-apreensao-de-arma-de-fogo-e-droga\/\"]}]},{\"@type\":\"ImageObject\",\"inLanguage\":\"pt-BR\",\"@id\":\"https:\/\/ubanews.com\/site\/2018\/10\/22\/roubo-com-prisao-e-apreensao-de-arma-de-fogo-e-droga\/#primaryimage\",\"url\":\"https:\/\/ubanews.com\/site\/wp-content\/uploads\/2018\/10\/160.jpg\",\"contentUrl\":\"https:\/\/ubanews.com\/site\/wp-content\/uploads\/2018\/10\/160.jpg\",\"width\":800,\"height\":389},{\"@type\":\"BreadcrumbList\",\"@id\":\"https:\/\/ubanews.com\/site\/2018\/10\/22\/roubo-com-prisao-e-apreensao-de-arma-de-fogo-e-droga\/#breadcrumb\",\"itemListElement\":[{\"@type\":\"ListItem\",\"position\":1,\"name\":\"Home\",\"item\":\"https:\/\/ubanews.com\/site\/\"},{\"@type\":\"ListItem\",\"position\":2,\"name\":\"ROUBO COM PRIS\u00c3O E APREENS\u00c3O DE ARMA DE FOGO E DROGA\"}]},{\"@type\":\"WebSite\",\"@id\":\"https:\/\/ubanews.com\/site\/#website\",\"url\":\"https:\/\/ubanews.com\/site\/\",\"name\":\"Ub\u00e1 News\",\"description\":\"\",\"publisher\":{\"@id\":\"https:\/\/ubanews.com\/site\/#organization\"},\"potentialAction\":[{\"@type\":\"SearchAction\",\"target\":{\"@type\":\"EntryPoint\",\"urlTemplate\":\"https:\/\/ubanews.com\/site\/?s={search_term_string}\"},\"query-input\":{\"@type\":\"PropertyValueSpecification\",\"valueRequired\":true,\"valueName\":\"search_term_string\"}}],\"inLanguage\":\"pt-BR\"},{\"@type\":\"Organization\",\"@id\":\"https:\/\/ubanews.com\/site\/#organization\",\"name\":\"Ub\u00e1 News\",\"url\":\"https:\/\/ubanews.com\/site\/\",\"logo\":{\"@type\":\"ImageObject\",\"inLanguage\":\"pt-BR\",\"@id\":\"https:\/\/ubanews.com\/site\/#\/schema\/logo\/image\/\",\"url\":\"https:\/\/ubanews.com\/site\/wp-content\/uploads\/2018\/01\/logoubanews.png\",\"contentUrl\":\"https:\/\/ubanews.com\/site\/wp-content\/uploads\/2018\/01\/logoubanews.png\",\"width\":261,\"height\":99,\"caption\":\"Ub\u00e1 News\"},\"image\":{\"@id\":\"https:\/\/ubanews.com\/site\/#\/schema\/logo\/image\/\"},\"sameAs\":[\"https:\/\/www.facebook.com\/Ub\u00e1News-Carlos-Roberto-Sodr\u00e9-418778301977370\"]},{\"@type\":\"Person\",\"@id\":\"https:\/\/ubanews.com\/site\/#\/schema\/person\/d90c9e47252fbb63dcc969fe4c8b9d10\",\"name\":\"Sodr\u00e9\",\"image\":{\"@type\":\"ImageObject\",\"inLanguage\":\"pt-BR\",\"@id\":\"https:\/\/secure.gravatar.com\/avatar\/5ba2793f0590b9dbfad3fdec4ee714485b3eef211c9b32ee53d414060454a56c?s=96&d=mm&r=g\",\"url\":\"https:\/\/secure.gravatar.com\/avatar\/5ba2793f0590b9dbfad3fdec4ee714485b3eef211c9b32ee53d414060454a56c?s=96&d=mm&r=g\",\"contentUrl\":\"https:\/\/secure.gravatar.com\/avatar\/5ba2793f0590b9dbfad3fdec4ee714485b3eef211c9b32ee53d414060454a56c?s=96&d=mm&r=g\",\"caption\":\"Sodr\u00e9\"},\"sameAs\":[\"https:\/\/www.facebook.com\/carosroberto.sodre.5\/\"],\"url\":\"https:\/\/ubanews.com\/site\/author\/felipe\/\"}]}<\/script>\n<!-- \/ Yoast SEO plugin. -->","yoast_head_json":{"title":"ROUBO COM PRIS\u00c3O E APREENS\u00c3O DE ARMA DE FOGO E DROGA - Ub\u00e1 News","robots":{"index":"index","follow":"follow","max-snippet":"max-snippet:-1","max-image-preview":"max-image-preview:large","max-video-preview":"max-video-preview:-1"},"canonical":"https:\/\/ubanews.com\/site\/2018\/10\/22\/roubo-com-prisao-e-apreensao-de-arma-de-fogo-e-droga\/","og_locale":"pt_BR","og_type":"article","og_title":"ROUBO COM PRIS\u00c3O E APREENS\u00c3O DE ARMA DE FOGO E DROGA - Ub\u00e1 News","og_description":"No dia 20 de outubro \u00e0s 20h04min a Pol\u00edcia Militar","og_url":"https:\/\/ubanews.com\/site\/2018\/10\/22\/roubo-com-prisao-e-apreensao-de-arma-de-fogo-e-droga\/","og_site_name":"Ub\u00e1 News","article_publisher":"https:\/\/www.facebook.com\/Ub%c3%a1News-Carlos-Roberto-Sodr%c3%a9-418778301977370","article_author":"https:\/\/www.facebook.com\/carosroberto.sodre.5\/","article_published_time":"2018-10-22T14:01:22+00:00","og_image":[{"width":800,"height":389,"url":"https:\/\/ubanews.com\/site\/wp-content\/uploads\/2018\/10\/160.jpg","type":"image\/jpeg"}],"author":"Sodr\u00e9","twitter_card":"summary_large_image","twitter_misc":{"Escrito por":"Sodr\u00e9","Est. tempo de leitura":"2 minutos"},"schema":{"@context":"https:\/\/schema.org","@graph":[{"@type":"Article","@id":"https:\/\/ubanews.com\/site\/2018\/10\/22\/roubo-com-prisao-e-apreensao-de-arma-de-fogo-e-droga\/#article","isPartOf":{"@id":"https:\/\/ubanews.com\/site\/2018\/10\/22\/roubo-com-prisao-e-apreensao-de-arma-de-fogo-e-droga\/"},"author":{"name":"Sodr\u00e9","@id":"https:\/\/ubanews.com\/site\/#\/schema\/person\/d90c9e47252fbb63dcc969fe4c8b9d10"},"headline":"ROUBO COM PRIS\u00c3O E APREENS\u00c3O DE ARMA DE FOGO E DROGA","datePublished":"2018-10-22T14:01:22+00:00","mainEntityOfPage":{"@id":"https:\/\/ubanews.com\/site\/2018\/10\/22\/roubo-com-prisao-e-apreensao-de-arma-de-fogo-e-droga\/"},"wordCount":344,"commentCount":0,"publisher":{"@id":"https:\/\/ubanews.com\/site\/#organization"},"image":{"@id":"https:\/\/ubanews.com\/site\/2018\/10\/22\/roubo-com-prisao-e-apreensao-de-arma-de-fogo-e-droga\/#primaryimage"},"thumbnailUrl":"https:\/\/ubanews.com\/site\/wp-content\/uploads\/2018\/10\/160.jpg","articleSection":["S\u00edntese das Ocorr\u00eancias"],"inLanguage":"pt-BR","potentialAction":[{"@type":"CommentAction","name":"Comment","target":["https:\/\/ubanews.com\/site\/2018\/10\/22\/roubo-com-prisao-e-apreensao-de-arma-de-fogo-e-droga\/#respond"]}]},{"@type":"WebPage","@id":"https:\/\/ubanews.com\/site\/2018\/10\/22\/roubo-com-prisao-e-apreensao-de-arma-de-fogo-e-droga\/","url":"https:\/\/ubanews.com\/site\/2018\/10\/22\/roubo-com-prisao-e-apreensao-de-arma-de-fogo-e-droga\/","name":"ROUBO COM PRIS\u00c3O E APREENS\u00c3O DE ARMA DE FOGO E DROGA - Ub\u00e1 News","isPartOf":{"@id":"https:\/\/ubanews.com\/site\/#website"},"primaryImageOfPage":{"@id":"https:\/\/ubanews.com\/site\/2018\/10\/22\/roubo-com-prisao-e-apreensao-de-arma-de-fogo-e-droga\/#primaryimage"},"image":{"@id":"https:\/\/ubanews.com\/site\/2018\/10\/22\/roubo-com-prisao-e-apreensao-de-arma-de-fogo-e-droga\/#primaryimage"},"thumbnailUrl":"https:\/\/ubanews.com\/site\/wp-content\/uploads\/2018\/10\/160.jpg","datePublished":"2018-10-22T14:01:22+00:00","breadcrumb":{"@id":"https:\/\/ubanews.com\/site\/2018\/10\/22\/roubo-com-prisao-e-apreensao-de-arma-de-fogo-e-droga\/#breadcrumb"},"inLanguage":"pt-BR","potentialAction":[{"@type":"ReadAction","target":["https:\/\/ubanews.com\/site\/2018\/10\/22\/roubo-com-prisao-e-apreensao-de-arma-de-fogo-e-droga\/"]}]},{"@type":"ImageObject","inLanguage":"pt-BR","@id":"https:\/\/ubanews.com\/site\/2018\/10\/22\/roubo-com-prisao-e-apreensao-de-arma-de-fogo-e-droga\/#primaryimage","url":"https:\/\/ubanews.com\/site\/wp-content\/uploads\/2018\/10\/160.jpg","contentUrl":"https:\/\/ubanews.com\/site\/wp-content\/uploads\/2018\/10\/160.jpg","width":800,"height":389},{"@type":"BreadcrumbList","@id":"https:\/\/ubanews.com\/site\/2018\/10\/22\/roubo-com-prisao-e-apreensao-de-arma-de-fogo-e-droga\/#breadcrumb","itemListElement":[{"@type":"ListItem","position":1,"name":"Home","item":"https:\/\/ubanews.com\/site\/"},{"@type":"ListItem","position":2,"name":"ROUBO COM PRIS\u00c3O E APREENS\u00c3O DE ARMA DE FOGO E DROGA"}]},{"@type":"WebSite","@id":"https:\/\/ubanews.com\/site\/#website","url":"https:\/\/ubanews.com\/site\/","name":"Ub\u00e1 News","description":"","publisher":{"@id":"https:\/\/ubanews.com\/site\/#organization"},"potentialAction":[{"@type":"SearchAction","target":{"@type":"EntryPoint","urlTemplate":"https:\/\/ubanews.com\/site\/?s={search_term_string}"},"query-input":{"@type":"PropertyValueSpecification","valueRequired":true,"valueName":"search_term_string"}}],"inLanguage":"pt-BR"},{"@type":"Organization","@id":"https:\/\/ubanews.com\/site\/#organization","name":"Ub\u00e1 News","url":"https:\/\/ubanews.com\/site\/","logo":{"@type":"ImageObject","inLanguage":"pt-BR","@id":"https:\/\/ubanews.com\/site\/#\/schema\/logo\/image\/","url":"https:\/\/ubanews.com\/site\/wp-content\/uploads\/2018\/01\/logoubanews.png","contentUrl":"https:\/\/ubanews.com\/site\/wp-content\/uploads\/2018\/01\/logoubanews.png","width":261,"height":99,"caption":"Ub\u00e1 News"},"image":{"@id":"https:\/\/ubanews.com\/site\/#\/schema\/logo\/image\/"},"sameAs":["https:\/\/www.facebook.com\/Ub\u00e1News-Carlos-Roberto-Sodr\u00e9-418778301977370"]},{"@type":"Person","@id":"https:\/\/ubanews.com\/site\/#\/schema\/person\/d90c9e47252fbb63dcc969fe4c8b9d10","name":"Sodr\u00e9","image":{"@type":"ImageObject","inLanguage":"pt-BR","@id":"https:\/\/secure.gravatar.com\/avatar\/5ba2793f0590b9dbfad3fdec4ee714485b3eef211c9b32ee53d414060454a56c?s=96&d=mm&r=g","url":"https:\/\/secure.gravatar.com\/avatar\/5ba2793f0590b9dbfad3fdec4ee714485b3eef211c9b32ee53d414060454a56c?s=96&d=mm&r=g","contentUrl":"https:\/\/secure.gravatar.com\/avatar\/5ba2793f0590b9dbfad3fdec4ee714485b3eef211c9b32ee53d414060454a56c?s=96&d=mm&r=g","caption":"Sodr\u00e9"},"sameAs":["https:\/\/www.facebook.com\/carosroberto.sodre.5\/"],"url":"https:\/\/ubanews.com\/site\/author\/felipe\/"}]}},"_links":{"self":[{"href":"https:\/\/ubanews.com\/site\/wp-json\/wp\/v2\/posts\/8512","targetHints":{"allow":["GET"]}}],"collection":[{"href":"https:\/\/ubanews.com\/site\/wp-json\/wp\/v2\/posts"}],"about":[{"href":"https:\/\/ubanews.com\/site\/wp-json\/wp\/v2\/types\/post"}],"author":[{"embeddable":true,"href":"https:\/\/ubanews.com\/site\/wp-json\/wp\/v2\/users\/2"}],"replies":[{"embeddable":true,"href":"https:\/\/ubanews.com\/site\/wp-json\/wp\/v2\/comments?post=8512"}],"version-history":[{"count":0,"href":"https:\/\/ubanews.com\/site\/wp-json\/wp\/v2\/posts\/8512\/revisions"}],"wp:featuredmedia":[{"embeddable":true,"href":"https:\/\/ubanews.com\/site\/wp-json\/wp\/v2\/media\/8513"}],"wp:attachment":[{"href":"https:\/\/ubanews.com\/site\/wp-json\/wp\/v2\/media?parent=8512"}],"wp:term":[{"taxonomy":"category","embeddable":true,"href":"https:\/\/ubanews.com\/site\/wp-json\/wp\/v2\/categories?post=8512"},{"taxonomy":"post_tag","embeddable":true,"href":"https:\/\/ubanews.com\/site\/wp-json\/wp\/v2\/tags?post=8512"}],"curies":[{"name":"wp","href":"https:\/\/api.w.org\/{rel}","templated":true}]}}