{"id":8484,"date":"2018-10-21T12:06:46","date_gmt":"2018-10-21T14:06:46","guid":{"rendered":"http:\/\/ubanews.com\/site\/?p=8484"},"modified":"2018-10-21T12:06:46","modified_gmt":"2018-10-21T14:06:46","slug":"radialista-recebe-homenagem-personalidade-social-no-evento-fato-empresarial","status":"publish","type":"post","link":"https:\/\/ubanews.com\/site\/2018\/10\/21\/radialista-recebe-homenagem-personalidade-social-no-evento-fato-empresarial\/","title":{"rendered":"RADIALISTA RECEBE HOMENAGEM PERSONALIDADE SOCIAL NO EVENTO FATO EMPRESARIAL"},"content":{"rendered":"<p>O apresentador do Conex\u00e3o Di\u00e1ria da R\u00e1dio L\u00edder FM, Ub\u00e1\/MG, Anderson Badar\u00f3 (44) foi um dos homenageados na noite deste s\u00e1bado (20), no Buffet Parthenon, Rodovia MG 447 KM 04, Ub\u00e1\/Visconde do Rio Branco, no evento Fato Empresarial da Revista Fato, recebendo o trof\u00e9u Personalidade Social 2018. Acompanhado de sua esposa Franciane Melo Badar\u00f3, o comunicador estava muito feliz. \u201cO que vale na vida \u00e9 isso, precisamos cultivar nossas amizades, valorizar \u00e0 fam\u00edlia, aproveitar os momentos que o grande Arquiteto do Universo nos proporciona, confesso que estou muito feliz; a Juliana e o Br\u00e1ulio est\u00e3o de parab\u00e9ns pela realiza\u00e7\u00e3o do evento; tudo perfeito, a escolha do local, dos artistas, os convidados, tudo de muito bom gosto\u201d. Destacou Badar\u00f3!<\/p>\n<p>Anderson Badar\u00f3 \u00e9 exemplo de um profissional vencedor. Amante da boa m\u00fasica, principal do rock in roll, mas \u00e9 atrav\u00e9s da not\u00edcia que exerce sua profiss\u00e3o, apresentando o notici\u00e1rio Conex\u00e3o Di\u00e1ria na R\u00e1dio L\u00edder FM, de segunda \u00e0 s\u00e1bado, \u00e0s 11h e 45min. Parab\u00e9ns, Badar\u00f3, voc\u00ea continua dignificando \u00e0 nossa profiss\u00e3o! Desejamos muito mais sucesso e muitas outras conquistas!!! A equipe do Portal de Not\u00edcias Ub\u00e1 News esteve l\u00e1 para prestigiar o companheiro de profiss\u00e3o!!!<\/p>\n","protected":false},"excerpt":{"rendered":"<p>O apresentador do Conex\u00e3o Di\u00e1ria da R\u00e1dio L\u00edder FM, Ub\u00e1\/MG,<\/p>\n","protected":false},"author":2,"featured_media":8486,"comment_status":"open","ping_status":"open","sticky":false,"template":"","format":"standard","meta":{"footnotes":""},"categories":[1],"tags":[],"class_list":["post-8484","post","type-post","status-publish","format-standard","has-post-thumbnail","hentry","category-sem-categoria"],"yoast_head":"<!-- This site is optimized with the Yoast SEO plugin v27.2 - https:\/\/yoast.com\/product\/yoast-seo-wordpress\/ -->\n<title>RADIALISTA RECEBE HOMENAGEM PERSONALIDADE SOCIAL NO EVENTO FATO EMPRESARIAL - Ub\u00e1 News<\/title>\n<meta name=\"robots\" content=\"index, follow, max-snippet:-1, max-image-preview:large, max-video-preview:-1\" \/>\n<link rel=\"canonical\" href=\"https:\/\/ubanews.com\/site\/2018\/10\/21\/radialista-recebe-homenagem-personalidade-social-no-evento-fato-empresarial\/\" \/>\n<meta property=\"og:locale\" content=\"pt_BR\" \/>\n<meta property=\"og:type\" content=\"article\" \/>\n<meta property=\"og:title\" content=\"RADIALISTA RECEBE HOMENAGEM PERSONALIDADE SOCIAL NO EVENTO FATO EMPRESARIAL - Ub\u00e1 News\" \/>\n<meta property=\"og:description\" content=\"O apresentador do Conex\u00e3o Di\u00e1ria da R\u00e1dio L\u00edder FM, Ub\u00e1\/MG,\" \/>\n<meta property=\"og:url\" content=\"https:\/\/ubanews.com\/site\/2018\/10\/21\/radialista-recebe-homenagem-personalidade-social-no-evento-fato-empresarial\/\" \/>\n<meta property=\"og:site_name\" content=\"Ub\u00e1 News\" \/>\n<meta property=\"article:publisher\" content=\"https:\/\/www.facebook.com\/Ub%c3%a1News-Carlos-Roberto-Sodr%c3%a9-418778301977370\" \/>\n<meta property=\"article:author\" content=\"https:\/\/www.facebook.com\/carosroberto.sodre.5\/\" \/>\n<meta property=\"article:published_time\" content=\"2018-10-21T14:06:46+00:00\" \/>\n<meta property=\"og:image\" content=\"https:\/\/ubanews.com\/site\/wp-content\/uploads\/2018\/10\/1590.jpg\" \/>\n\t<meta property=\"og:image:width\" content=\"800\" \/>\n\t<meta property=\"og:image:height\" content=\"389\" \/>\n\t<meta property=\"og:image:type\" content=\"image\/jpeg\" \/>\n<meta name=\"author\" content=\"Sodr\u00e9\" \/>\n<meta name=\"twitter:card\" content=\"summary_large_image\" \/>\n<meta name=\"twitter:label1\" content=\"Escrito por\" \/>\n\t<meta name=\"twitter:data1\" content=\"Sodr\u00e9\" \/>\n\t<meta name=\"twitter:label2\" content=\"Est. tempo de leitura\" \/>\n\t<meta name=\"twitter:data2\" content=\"1 minuto\" \/>\n<script type=\"application\/ld+json\" class=\"yoast-schema-graph\">{\"@context\":\"https:\/\/schema.org\",\"@graph\":[{\"@type\":\"Article\",\"@id\":\"https:\/\/ubanews.com\/site\/2018\/10\/21\/radialista-recebe-homenagem-personalidade-social-no-evento-fato-empresarial\/#article\",\"isPartOf\":{\"@id\":\"https:\/\/ubanews.com\/site\/2018\/10\/21\/radialista-recebe-homenagem-personalidade-social-no-evento-fato-empresarial\/\"},\"author\":{\"name\":\"Sodr\u00e9\",\"@id\":\"https:\/\/ubanews.com\/site\/#\/schema\/person\/d90c9e47252fbb63dcc969fe4c8b9d10\"},\"headline\":\"RADIALISTA RECEBE HOMENAGEM PERSONALIDADE SOCIAL NO EVENTO FATO EMPRESARIAL\",\"datePublished\":\"2018-10-21T14:06:46+00:00\",\"mainEntityOfPage\":{\"@id\":\"https:\/\/ubanews.com\/site\/2018\/10\/21\/radialista-recebe-homenagem-personalidade-social-no-evento-fato-empresarial\/\"},\"wordCount\":218,\"commentCount\":0,\"publisher\":{\"@id\":\"https:\/\/ubanews.com\/site\/#organization\"},\"image\":{\"@id\":\"https:\/\/ubanews.com\/site\/2018\/10\/21\/radialista-recebe-homenagem-personalidade-social-no-evento-fato-empresarial\/#primaryimage\"},\"thumbnailUrl\":\"https:\/\/ubanews.com\/site\/wp-content\/uploads\/2018\/10\/1590.jpg\",\"articleSection\":[\"Geral\"],\"inLanguage\":\"pt-BR\",\"potentialAction\":[{\"@type\":\"CommentAction\",\"name\":\"Comment\",\"target\":[\"https:\/\/ubanews.com\/site\/2018\/10\/21\/radialista-recebe-homenagem-personalidade-social-no-evento-fato-empresarial\/#respond\"]}]},{\"@type\":\"WebPage\",\"@id\":\"https:\/\/ubanews.com\/site\/2018\/10\/21\/radialista-recebe-homenagem-personalidade-social-no-evento-fato-empresarial\/\",\"url\":\"https:\/\/ubanews.com\/site\/2018\/10\/21\/radialista-recebe-homenagem-personalidade-social-no-evento-fato-empresarial\/\",\"name\":\"RADIALISTA RECEBE HOMENAGEM PERSONALIDADE SOCIAL NO EVENTO FATO EMPRESARIAL - Ub\u00e1 News\",\"isPartOf\":{\"@id\":\"https:\/\/ubanews.com\/site\/#website\"},\"primaryImageOfPage\":{\"@id\":\"https:\/\/ubanews.com\/site\/2018\/10\/21\/radialista-recebe-homenagem-personalidade-social-no-evento-fato-empresarial\/#primaryimage\"},\"image\":{\"@id\":\"https:\/\/ubanews.com\/site\/2018\/10\/21\/radialista-recebe-homenagem-personalidade-social-no-evento-fato-empresarial\/#primaryimage\"},\"thumbnailUrl\":\"https:\/\/ubanews.com\/site\/wp-content\/uploads\/2018\/10\/1590.jpg\",\"datePublished\":\"2018-10-21T14:06:46+00:00\",\"breadcrumb\":{\"@id\":\"https:\/\/ubanews.com\/site\/2018\/10\/21\/radialista-recebe-homenagem-personalidade-social-no-evento-fato-empresarial\/#breadcrumb\"},\"inLanguage\":\"pt-BR\",\"potentialAction\":[{\"@type\":\"ReadAction\",\"target\":[\"https:\/\/ubanews.com\/site\/2018\/10\/21\/radialista-recebe-homenagem-personalidade-social-no-evento-fato-empresarial\/\"]}]},{\"@type\":\"ImageObject\",\"inLanguage\":\"pt-BR\",\"@id\":\"https:\/\/ubanews.com\/site\/2018\/10\/21\/radialista-recebe-homenagem-personalidade-social-no-evento-fato-empresarial\/#primaryimage\",\"url\":\"https:\/\/ubanews.com\/site\/wp-content\/uploads\/2018\/10\/1590.jpg\",\"contentUrl\":\"https:\/\/ubanews.com\/site\/wp-content\/uploads\/2018\/10\/1590.jpg\",\"width\":800,\"height\":389},{\"@type\":\"BreadcrumbList\",\"@id\":\"https:\/\/ubanews.com\/site\/2018\/10\/21\/radialista-recebe-homenagem-personalidade-social-no-evento-fato-empresarial\/#breadcrumb\",\"itemListElement\":[{\"@type\":\"ListItem\",\"position\":1,\"name\":\"Home\",\"item\":\"https:\/\/ubanews.com\/site\/\"},{\"@type\":\"ListItem\",\"position\":2,\"name\":\"RADIALISTA RECEBE HOMENAGEM PERSONALIDADE SOCIAL NO EVENTO FATO EMPRESARIAL\"}]},{\"@type\":\"WebSite\",\"@id\":\"https:\/\/ubanews.com\/site\/#website\",\"url\":\"https:\/\/ubanews.com\/site\/\",\"name\":\"Ub\u00e1 News\",\"description\":\"\",\"publisher\":{\"@id\":\"https:\/\/ubanews.com\/site\/#organization\"},\"potentialAction\":[{\"@type\":\"SearchAction\",\"target\":{\"@type\":\"EntryPoint\",\"urlTemplate\":\"https:\/\/ubanews.com\/site\/?s={search_term_string}\"},\"query-input\":{\"@type\":\"PropertyValueSpecification\",\"valueRequired\":true,\"valueName\":\"search_term_string\"}}],\"inLanguage\":\"pt-BR\"},{\"@type\":\"Organization\",\"@id\":\"https:\/\/ubanews.com\/site\/#organization\",\"name\":\"Ub\u00e1 News\",\"url\":\"https:\/\/ubanews.com\/site\/\",\"logo\":{\"@type\":\"ImageObject\",\"inLanguage\":\"pt-BR\",\"@id\":\"https:\/\/ubanews.com\/site\/#\/schema\/logo\/image\/\",\"url\":\"https:\/\/ubanews.com\/site\/wp-content\/uploads\/2018\/01\/logoubanews.png\",\"contentUrl\":\"https:\/\/ubanews.com\/site\/wp-content\/uploads\/2018\/01\/logoubanews.png\",\"width\":261,\"height\":99,\"caption\":\"Ub\u00e1 News\"},\"image\":{\"@id\":\"https:\/\/ubanews.com\/site\/#\/schema\/logo\/image\/\"},\"sameAs\":[\"https:\/\/www.facebook.com\/Ub\u00e1News-Carlos-Roberto-Sodr\u00e9-418778301977370\"]},{\"@type\":\"Person\",\"@id\":\"https:\/\/ubanews.com\/site\/#\/schema\/person\/d90c9e47252fbb63dcc969fe4c8b9d10\",\"name\":\"Sodr\u00e9\",\"image\":{\"@type\":\"ImageObject\",\"inLanguage\":\"pt-BR\",\"@id\":\"https:\/\/secure.gravatar.com\/avatar\/5ba2793f0590b9dbfad3fdec4ee714485b3eef211c9b32ee53d414060454a56c?s=96&d=mm&r=g\",\"url\":\"https:\/\/secure.gravatar.com\/avatar\/5ba2793f0590b9dbfad3fdec4ee714485b3eef211c9b32ee53d414060454a56c?s=96&d=mm&r=g\",\"contentUrl\":\"https:\/\/secure.gravatar.com\/avatar\/5ba2793f0590b9dbfad3fdec4ee714485b3eef211c9b32ee53d414060454a56c?s=96&d=mm&r=g\",\"caption\":\"Sodr\u00e9\"},\"sameAs\":[\"https:\/\/www.facebook.com\/carosroberto.sodre.5\/\"],\"url\":\"https:\/\/ubanews.com\/site\/author\/felipe\/\"}]}<\/script>\n<!-- \/ Yoast SEO plugin. -->","yoast_head_json":{"title":"RADIALISTA RECEBE HOMENAGEM PERSONALIDADE SOCIAL NO EVENTO FATO EMPRESARIAL - Ub\u00e1 News","robots":{"index":"index","follow":"follow","max-snippet":"max-snippet:-1","max-image-preview":"max-image-preview:large","max-video-preview":"max-video-preview:-1"},"canonical":"https:\/\/ubanews.com\/site\/2018\/10\/21\/radialista-recebe-homenagem-personalidade-social-no-evento-fato-empresarial\/","og_locale":"pt_BR","og_type":"article","og_title":"RADIALISTA RECEBE HOMENAGEM PERSONALIDADE SOCIAL NO EVENTO FATO EMPRESARIAL - Ub\u00e1 News","og_description":"O apresentador do Conex\u00e3o Di\u00e1ria da R\u00e1dio L\u00edder FM, Ub\u00e1\/MG,","og_url":"https:\/\/ubanews.com\/site\/2018\/10\/21\/radialista-recebe-homenagem-personalidade-social-no-evento-fato-empresarial\/","og_site_name":"Ub\u00e1 News","article_publisher":"https:\/\/www.facebook.com\/Ub%c3%a1News-Carlos-Roberto-Sodr%c3%a9-418778301977370","article_author":"https:\/\/www.facebook.com\/carosroberto.sodre.5\/","article_published_time":"2018-10-21T14:06:46+00:00","og_image":[{"width":800,"height":389,"url":"https:\/\/ubanews.com\/site\/wp-content\/uploads\/2018\/10\/1590.jpg","type":"image\/jpeg"}],"author":"Sodr\u00e9","twitter_card":"summary_large_image","twitter_misc":{"Escrito por":"Sodr\u00e9","Est. tempo de leitura":"1 minuto"},"schema":{"@context":"https:\/\/schema.org","@graph":[{"@type":"Article","@id":"https:\/\/ubanews.com\/site\/2018\/10\/21\/radialista-recebe-homenagem-personalidade-social-no-evento-fato-empresarial\/#article","isPartOf":{"@id":"https:\/\/ubanews.com\/site\/2018\/10\/21\/radialista-recebe-homenagem-personalidade-social-no-evento-fato-empresarial\/"},"author":{"name":"Sodr\u00e9","@id":"https:\/\/ubanews.com\/site\/#\/schema\/person\/d90c9e47252fbb63dcc969fe4c8b9d10"},"headline":"RADIALISTA RECEBE HOMENAGEM PERSONALIDADE SOCIAL NO EVENTO FATO EMPRESARIAL","datePublished":"2018-10-21T14:06:46+00:00","mainEntityOfPage":{"@id":"https:\/\/ubanews.com\/site\/2018\/10\/21\/radialista-recebe-homenagem-personalidade-social-no-evento-fato-empresarial\/"},"wordCount":218,"commentCount":0,"publisher":{"@id":"https:\/\/ubanews.com\/site\/#organization"},"image":{"@id":"https:\/\/ubanews.com\/site\/2018\/10\/21\/radialista-recebe-homenagem-personalidade-social-no-evento-fato-empresarial\/#primaryimage"},"thumbnailUrl":"https:\/\/ubanews.com\/site\/wp-content\/uploads\/2018\/10\/1590.jpg","articleSection":["Geral"],"inLanguage":"pt-BR","potentialAction":[{"@type":"CommentAction","name":"Comment","target":["https:\/\/ubanews.com\/site\/2018\/10\/21\/radialista-recebe-homenagem-personalidade-social-no-evento-fato-empresarial\/#respond"]}]},{"@type":"WebPage","@id":"https:\/\/ubanews.com\/site\/2018\/10\/21\/radialista-recebe-homenagem-personalidade-social-no-evento-fato-empresarial\/","url":"https:\/\/ubanews.com\/site\/2018\/10\/21\/radialista-recebe-homenagem-personalidade-social-no-evento-fato-empresarial\/","name":"RADIALISTA RECEBE HOMENAGEM PERSONALIDADE SOCIAL NO EVENTO FATO EMPRESARIAL - Ub\u00e1 News","isPartOf":{"@id":"https:\/\/ubanews.com\/site\/#website"},"primaryImageOfPage":{"@id":"https:\/\/ubanews.com\/site\/2018\/10\/21\/radialista-recebe-homenagem-personalidade-social-no-evento-fato-empresarial\/#primaryimage"},"image":{"@id":"https:\/\/ubanews.com\/site\/2018\/10\/21\/radialista-recebe-homenagem-personalidade-social-no-evento-fato-empresarial\/#primaryimage"},"thumbnailUrl":"https:\/\/ubanews.com\/site\/wp-content\/uploads\/2018\/10\/1590.jpg","datePublished":"2018-10-21T14:06:46+00:00","breadcrumb":{"@id":"https:\/\/ubanews.com\/site\/2018\/10\/21\/radialista-recebe-homenagem-personalidade-social-no-evento-fato-empresarial\/#breadcrumb"},"inLanguage":"pt-BR","potentialAction":[{"@type":"ReadAction","target":["https:\/\/ubanews.com\/site\/2018\/10\/21\/radialista-recebe-homenagem-personalidade-social-no-evento-fato-empresarial\/"]}]},{"@type":"ImageObject","inLanguage":"pt-BR","@id":"https:\/\/ubanews.com\/site\/2018\/10\/21\/radialista-recebe-homenagem-personalidade-social-no-evento-fato-empresarial\/#primaryimage","url":"https:\/\/ubanews.com\/site\/wp-content\/uploads\/2018\/10\/1590.jpg","contentUrl":"https:\/\/ubanews.com\/site\/wp-content\/uploads\/2018\/10\/1590.jpg","width":800,"height":389},{"@type":"BreadcrumbList","@id":"https:\/\/ubanews.com\/site\/2018\/10\/21\/radialista-recebe-homenagem-personalidade-social-no-evento-fato-empresarial\/#breadcrumb","itemListElement":[{"@type":"ListItem","position":1,"name":"Home","item":"https:\/\/ubanews.com\/site\/"},{"@type":"ListItem","position":2,"name":"RADIALISTA RECEBE HOMENAGEM PERSONALIDADE SOCIAL NO EVENTO FATO EMPRESARIAL"}]},{"@type":"WebSite","@id":"https:\/\/ubanews.com\/site\/#website","url":"https:\/\/ubanews.com\/site\/","name":"Ub\u00e1 News","description":"","publisher":{"@id":"https:\/\/ubanews.com\/site\/#organization"},"potentialAction":[{"@type":"SearchAction","target":{"@type":"EntryPoint","urlTemplate":"https:\/\/ubanews.com\/site\/?s={search_term_string}"},"query-input":{"@type":"PropertyValueSpecification","valueRequired":true,"valueName":"search_term_string"}}],"inLanguage":"pt-BR"},{"@type":"Organization","@id":"https:\/\/ubanews.com\/site\/#organization","name":"Ub\u00e1 News","url":"https:\/\/ubanews.com\/site\/","logo":{"@type":"ImageObject","inLanguage":"pt-BR","@id":"https:\/\/ubanews.com\/site\/#\/schema\/logo\/image\/","url":"https:\/\/ubanews.com\/site\/wp-content\/uploads\/2018\/01\/logoubanews.png","contentUrl":"https:\/\/ubanews.com\/site\/wp-content\/uploads\/2018\/01\/logoubanews.png","width":261,"height":99,"caption":"Ub\u00e1 News"},"image":{"@id":"https:\/\/ubanews.com\/site\/#\/schema\/logo\/image\/"},"sameAs":["https:\/\/www.facebook.com\/Ub\u00e1News-Carlos-Roberto-Sodr\u00e9-418778301977370"]},{"@type":"Person","@id":"https:\/\/ubanews.com\/site\/#\/schema\/person\/d90c9e47252fbb63dcc969fe4c8b9d10","name":"Sodr\u00e9","image":{"@type":"ImageObject","inLanguage":"pt-BR","@id":"https:\/\/secure.gravatar.com\/avatar\/5ba2793f0590b9dbfad3fdec4ee714485b3eef211c9b32ee53d414060454a56c?s=96&d=mm&r=g","url":"https:\/\/secure.gravatar.com\/avatar\/5ba2793f0590b9dbfad3fdec4ee714485b3eef211c9b32ee53d414060454a56c?s=96&d=mm&r=g","contentUrl":"https:\/\/secure.gravatar.com\/avatar\/5ba2793f0590b9dbfad3fdec4ee714485b3eef211c9b32ee53d414060454a56c?s=96&d=mm&r=g","caption":"Sodr\u00e9"},"sameAs":["https:\/\/www.facebook.com\/carosroberto.sodre.5\/"],"url":"https:\/\/ubanews.com\/site\/author\/felipe\/"}]}},"_links":{"self":[{"href":"https:\/\/ubanews.com\/site\/wp-json\/wp\/v2\/posts\/8484","targetHints":{"allow":["GET"]}}],"collection":[{"href":"https:\/\/ubanews.com\/site\/wp-json\/wp\/v2\/posts"}],"about":[{"href":"https:\/\/ubanews.com\/site\/wp-json\/wp\/v2\/types\/post"}],"author":[{"embeddable":true,"href":"https:\/\/ubanews.com\/site\/wp-json\/wp\/v2\/users\/2"}],"replies":[{"embeddable":true,"href":"https:\/\/ubanews.com\/site\/wp-json\/wp\/v2\/comments?post=8484"}],"version-history":[{"count":0,"href":"https:\/\/ubanews.com\/site\/wp-json\/wp\/v2\/posts\/8484\/revisions"}],"wp:featuredmedia":[{"embeddable":true,"href":"https:\/\/ubanews.com\/site\/wp-json\/wp\/v2\/media\/8486"}],"wp:attachment":[{"href":"https:\/\/ubanews.com\/site\/wp-json\/wp\/v2\/media?parent=8484"}],"wp:term":[{"taxonomy":"category","embeddable":true,"href":"https:\/\/ubanews.com\/site\/wp-json\/wp\/v2\/categories?post=8484"},{"taxonomy":"post_tag","embeddable":true,"href":"https:\/\/ubanews.com\/site\/wp-json\/wp\/v2\/tags?post=8484"}],"curies":[{"name":"wp","href":"https:\/\/api.w.org\/{rel}","templated":true}]}}