{"id":8436,"date":"2018-10-20T10:47:29","date_gmt":"2018-10-20T13:47:29","guid":{"rendered":"http:\/\/ubanews.com\/site\/?p=8436"},"modified":"2018-10-20T10:47:29","modified_gmt":"2018-10-20T13:47:29","slug":"cmu-celebra-os-30-anos-da-constituicao-com-palestras","status":"publish","type":"post","link":"https:\/\/ubanews.com\/site\/2018\/10\/20\/cmu-celebra-os-30-anos-da-constituicao-com-palestras\/","title":{"rendered":"CMU CELEBRA OS 30 ANOS DA CONSTITUI\u00c7\u00c3O COM PALESTRAS"},"content":{"rendered":"<p>A Escola do Legislativo da C\u00e2mara Municipal de Ub\u00e1 em parceria com a 30\u00aa Subse\u00e7\u00e3o de Ub\u00e1 da Ordem dos Advogados do Brasil (OAB\/MG) celebram, dia 23 de outubro, com palestras, os 30 anos da Constitui\u00e7\u00e3o da Rep\u00fablica Federativa do Brasil. O evento ser\u00e1 realizado no plen\u00e1rio da C\u00e2mara.<\/p>\n<p>Constam na programa\u00e7\u00e3o duas palestras: \u00e0s 8h sobre o tema: \u201cElabora\u00e7\u00e3o da Lei Org\u00e2nica do Munic\u00edpio de Ub\u00e1\u201d, a cargo do presidente da 30\u00aa Subse\u00e7\u00e3o de Ub\u00e1 da OAB\/MG, Dr.Miguel Poggiali Gasparoni. E \u00e0s 19h30, ser\u00e1 a vez do Professor Universit\u00e1rio e Conselheiro Federal da Ordem dos Advogados do Brasil, Dr.Paulo Roberto de Gouv\u00eaa Medina, que abordar\u00e1 o tema: &#8220;Os princ\u00edpios que regem a Administra\u00e7\u00e3o P\u00fablica, segundo a Constitui\u00e7\u00e3o de 1988&#8221;. S\u00e3o aguardadas as presen\u00e7as dos estudantes do ensino m\u00e9dio e universit\u00e1rios e a sociedade em geral. O evento \u00e9 gratuito e aberto ao p\u00fablico.<\/p>\n<p><strong>Assessoria de Comunica\u00e7\u00e3o C\u00e2mara Municipal de Ub\u00e1<\/strong><\/p>\n","protected":false},"excerpt":{"rendered":"<p>A Escola do Legislativo da C\u00e2mara Municipal de Ub\u00e1 em<\/p>\n","protected":false},"author":2,"featured_media":8437,"comment_status":"open","ping_status":"open","sticky":false,"template":"","format":"standard","meta":{"footnotes":""},"categories":[16],"tags":[],"class_list":["post-8436","post","type-post","status-publish","format-standard","has-post-thumbnail","hentry","category-camara-municipal"],"yoast_head":"<!-- This site is optimized with the Yoast SEO plugin v27.2 - https:\/\/yoast.com\/product\/yoast-seo-wordpress\/ -->\n<title>CMU CELEBRA OS 30 ANOS DA CONSTITUI\u00c7\u00c3O COM PALESTRAS - Ub\u00e1 News<\/title>\n<meta name=\"robots\" content=\"index, follow, max-snippet:-1, max-image-preview:large, max-video-preview:-1\" \/>\n<link rel=\"canonical\" href=\"https:\/\/ubanews.com\/site\/2018\/10\/20\/cmu-celebra-os-30-anos-da-constituicao-com-palestras\/\" \/>\n<meta property=\"og:locale\" content=\"pt_BR\" \/>\n<meta property=\"og:type\" content=\"article\" \/>\n<meta property=\"og:title\" content=\"CMU CELEBRA OS 30 ANOS DA CONSTITUI\u00c7\u00c3O COM PALESTRAS - Ub\u00e1 News\" \/>\n<meta property=\"og:description\" content=\"A Escola do Legislativo da C\u00e2mara Municipal de Ub\u00e1 em\" \/>\n<meta property=\"og:url\" content=\"https:\/\/ubanews.com\/site\/2018\/10\/20\/cmu-celebra-os-30-anos-da-constituicao-com-palestras\/\" \/>\n<meta property=\"og:site_name\" content=\"Ub\u00e1 News\" \/>\n<meta property=\"article:publisher\" content=\"https:\/\/www.facebook.com\/Ub%c3%a1News-Carlos-Roberto-Sodr%c3%a9-418778301977370\" \/>\n<meta property=\"article:author\" content=\"https:\/\/www.facebook.com\/carosroberto.sodre.5\/\" \/>\n<meta property=\"article:published_time\" content=\"2018-10-20T13:47:29+00:00\" \/>\n<meta property=\"og:image\" content=\"https:\/\/ubanews.com\/site\/wp-content\/uploads\/2018\/10\/30-anos-da-Constitui\u00e7\u00e3o-de-1988-1.jpg\" \/>\n\t<meta property=\"og:image:width\" content=\"800\" \/>\n\t<meta property=\"og:image:height\" content=\"389\" \/>\n\t<meta property=\"og:image:type\" content=\"image\/jpeg\" \/>\n<meta name=\"author\" content=\"Sodr\u00e9\" \/>\n<meta name=\"twitter:card\" content=\"summary_large_image\" \/>\n<meta name=\"twitter:label1\" content=\"Escrito por\" \/>\n\t<meta name=\"twitter:data1\" content=\"Sodr\u00e9\" \/>\n\t<meta name=\"twitter:label2\" content=\"Est. tempo de leitura\" \/>\n\t<meta name=\"twitter:data2\" content=\"1 minuto\" \/>\n<script type=\"application\/ld+json\" class=\"yoast-schema-graph\">{\"@context\":\"https:\/\/schema.org\",\"@graph\":[{\"@type\":\"Article\",\"@id\":\"https:\/\/ubanews.com\/site\/2018\/10\/20\/cmu-celebra-os-30-anos-da-constituicao-com-palestras\/#article\",\"isPartOf\":{\"@id\":\"https:\/\/ubanews.com\/site\/2018\/10\/20\/cmu-celebra-os-30-anos-da-constituicao-com-palestras\/\"},\"author\":{\"name\":\"Sodr\u00e9\",\"@id\":\"https:\/\/ubanews.com\/site\/#\/schema\/person\/d90c9e47252fbb63dcc969fe4c8b9d10\"},\"headline\":\"CMU CELEBRA OS 30 ANOS DA CONSTITUI\u00c7\u00c3O COM PALESTRAS\",\"datePublished\":\"2018-10-20T13:47:29+00:00\",\"mainEntityOfPage\":{\"@id\":\"https:\/\/ubanews.com\/site\/2018\/10\/20\/cmu-celebra-os-30-anos-da-constituicao-com-palestras\/\"},\"wordCount\":182,\"commentCount\":0,\"publisher\":{\"@id\":\"https:\/\/ubanews.com\/site\/#organization\"},\"image\":{\"@id\":\"https:\/\/ubanews.com\/site\/2018\/10\/20\/cmu-celebra-os-30-anos-da-constituicao-com-palestras\/#primaryimage\"},\"thumbnailUrl\":\"https:\/\/ubanews.com\/site\/wp-content\/uploads\/2018\/10\/30-anos-da-Constitui\u00e7\u00e3o-de-1988-1.jpg\",\"articleSection\":[\"C\u00e2mara Municipal\"],\"inLanguage\":\"pt-BR\",\"potentialAction\":[{\"@type\":\"CommentAction\",\"name\":\"Comment\",\"target\":[\"https:\/\/ubanews.com\/site\/2018\/10\/20\/cmu-celebra-os-30-anos-da-constituicao-com-palestras\/#respond\"]}]},{\"@type\":\"WebPage\",\"@id\":\"https:\/\/ubanews.com\/site\/2018\/10\/20\/cmu-celebra-os-30-anos-da-constituicao-com-palestras\/\",\"url\":\"https:\/\/ubanews.com\/site\/2018\/10\/20\/cmu-celebra-os-30-anos-da-constituicao-com-palestras\/\",\"name\":\"CMU CELEBRA OS 30 ANOS DA CONSTITUI\u00c7\u00c3O COM PALESTRAS - Ub\u00e1 News\",\"isPartOf\":{\"@id\":\"https:\/\/ubanews.com\/site\/#website\"},\"primaryImageOfPage\":{\"@id\":\"https:\/\/ubanews.com\/site\/2018\/10\/20\/cmu-celebra-os-30-anos-da-constituicao-com-palestras\/#primaryimage\"},\"image\":{\"@id\":\"https:\/\/ubanews.com\/site\/2018\/10\/20\/cmu-celebra-os-30-anos-da-constituicao-com-palestras\/#primaryimage\"},\"thumbnailUrl\":\"https:\/\/ubanews.com\/site\/wp-content\/uploads\/2018\/10\/30-anos-da-Constitui\u00e7\u00e3o-de-1988-1.jpg\",\"datePublished\":\"2018-10-20T13:47:29+00:00\",\"breadcrumb\":{\"@id\":\"https:\/\/ubanews.com\/site\/2018\/10\/20\/cmu-celebra-os-30-anos-da-constituicao-com-palestras\/#breadcrumb\"},\"inLanguage\":\"pt-BR\",\"potentialAction\":[{\"@type\":\"ReadAction\",\"target\":[\"https:\/\/ubanews.com\/site\/2018\/10\/20\/cmu-celebra-os-30-anos-da-constituicao-com-palestras\/\"]}]},{\"@type\":\"ImageObject\",\"inLanguage\":\"pt-BR\",\"@id\":\"https:\/\/ubanews.com\/site\/2018\/10\/20\/cmu-celebra-os-30-anos-da-constituicao-com-palestras\/#primaryimage\",\"url\":\"https:\/\/ubanews.com\/site\/wp-content\/uploads\/2018\/10\/30-anos-da-Constitui\u00e7\u00e3o-de-1988-1.jpg\",\"contentUrl\":\"https:\/\/ubanews.com\/site\/wp-content\/uploads\/2018\/10\/30-anos-da-Constitui\u00e7\u00e3o-de-1988-1.jpg\",\"width\":800,\"height\":389},{\"@type\":\"BreadcrumbList\",\"@id\":\"https:\/\/ubanews.com\/site\/2018\/10\/20\/cmu-celebra-os-30-anos-da-constituicao-com-palestras\/#breadcrumb\",\"itemListElement\":[{\"@type\":\"ListItem\",\"position\":1,\"name\":\"Home\",\"item\":\"https:\/\/ubanews.com\/site\/\"},{\"@type\":\"ListItem\",\"position\":2,\"name\":\"CMU CELEBRA OS 30 ANOS DA CONSTITUI\u00c7\u00c3O COM PALESTRAS\"}]},{\"@type\":\"WebSite\",\"@id\":\"https:\/\/ubanews.com\/site\/#website\",\"url\":\"https:\/\/ubanews.com\/site\/\",\"name\":\"Ub\u00e1 News\",\"description\":\"\",\"publisher\":{\"@id\":\"https:\/\/ubanews.com\/site\/#organization\"},\"potentialAction\":[{\"@type\":\"SearchAction\",\"target\":{\"@type\":\"EntryPoint\",\"urlTemplate\":\"https:\/\/ubanews.com\/site\/?s={search_term_string}\"},\"query-input\":{\"@type\":\"PropertyValueSpecification\",\"valueRequired\":true,\"valueName\":\"search_term_string\"}}],\"inLanguage\":\"pt-BR\"},{\"@type\":\"Organization\",\"@id\":\"https:\/\/ubanews.com\/site\/#organization\",\"name\":\"Ub\u00e1 News\",\"url\":\"https:\/\/ubanews.com\/site\/\",\"logo\":{\"@type\":\"ImageObject\",\"inLanguage\":\"pt-BR\",\"@id\":\"https:\/\/ubanews.com\/site\/#\/schema\/logo\/image\/\",\"url\":\"https:\/\/ubanews.com\/site\/wp-content\/uploads\/2018\/01\/logoubanews.png\",\"contentUrl\":\"https:\/\/ubanews.com\/site\/wp-content\/uploads\/2018\/01\/logoubanews.png\",\"width\":261,\"height\":99,\"caption\":\"Ub\u00e1 News\"},\"image\":{\"@id\":\"https:\/\/ubanews.com\/site\/#\/schema\/logo\/image\/\"},\"sameAs\":[\"https:\/\/www.facebook.com\/Ub\u00e1News-Carlos-Roberto-Sodr\u00e9-418778301977370\"]},{\"@type\":\"Person\",\"@id\":\"https:\/\/ubanews.com\/site\/#\/schema\/person\/d90c9e47252fbb63dcc969fe4c8b9d10\",\"name\":\"Sodr\u00e9\",\"image\":{\"@type\":\"ImageObject\",\"inLanguage\":\"pt-BR\",\"@id\":\"https:\/\/secure.gravatar.com\/avatar\/5ba2793f0590b9dbfad3fdec4ee714485b3eef211c9b32ee53d414060454a56c?s=96&d=mm&r=g\",\"url\":\"https:\/\/secure.gravatar.com\/avatar\/5ba2793f0590b9dbfad3fdec4ee714485b3eef211c9b32ee53d414060454a56c?s=96&d=mm&r=g\",\"contentUrl\":\"https:\/\/secure.gravatar.com\/avatar\/5ba2793f0590b9dbfad3fdec4ee714485b3eef211c9b32ee53d414060454a56c?s=96&d=mm&r=g\",\"caption\":\"Sodr\u00e9\"},\"sameAs\":[\"https:\/\/www.facebook.com\/carosroberto.sodre.5\/\"],\"url\":\"https:\/\/ubanews.com\/site\/author\/felipe\/\"}]}<\/script>\n<!-- \/ Yoast SEO plugin. -->","yoast_head_json":{"title":"CMU CELEBRA OS 30 ANOS DA CONSTITUI\u00c7\u00c3O COM PALESTRAS - Ub\u00e1 News","robots":{"index":"index","follow":"follow","max-snippet":"max-snippet:-1","max-image-preview":"max-image-preview:large","max-video-preview":"max-video-preview:-1"},"canonical":"https:\/\/ubanews.com\/site\/2018\/10\/20\/cmu-celebra-os-30-anos-da-constituicao-com-palestras\/","og_locale":"pt_BR","og_type":"article","og_title":"CMU CELEBRA OS 30 ANOS DA CONSTITUI\u00c7\u00c3O COM PALESTRAS - Ub\u00e1 News","og_description":"A Escola do Legislativo da C\u00e2mara Municipal de Ub\u00e1 em","og_url":"https:\/\/ubanews.com\/site\/2018\/10\/20\/cmu-celebra-os-30-anos-da-constituicao-com-palestras\/","og_site_name":"Ub\u00e1 News","article_publisher":"https:\/\/www.facebook.com\/Ub%c3%a1News-Carlos-Roberto-Sodr%c3%a9-418778301977370","article_author":"https:\/\/www.facebook.com\/carosroberto.sodre.5\/","article_published_time":"2018-10-20T13:47:29+00:00","og_image":[{"width":800,"height":389,"url":"https:\/\/ubanews.com\/site\/wp-content\/uploads\/2018\/10\/30-anos-da-Constitui\u00e7\u00e3o-de-1988-1.jpg","type":"image\/jpeg"}],"author":"Sodr\u00e9","twitter_card":"summary_large_image","twitter_misc":{"Escrito por":"Sodr\u00e9","Est. tempo de leitura":"1 minuto"},"schema":{"@context":"https:\/\/schema.org","@graph":[{"@type":"Article","@id":"https:\/\/ubanews.com\/site\/2018\/10\/20\/cmu-celebra-os-30-anos-da-constituicao-com-palestras\/#article","isPartOf":{"@id":"https:\/\/ubanews.com\/site\/2018\/10\/20\/cmu-celebra-os-30-anos-da-constituicao-com-palestras\/"},"author":{"name":"Sodr\u00e9","@id":"https:\/\/ubanews.com\/site\/#\/schema\/person\/d90c9e47252fbb63dcc969fe4c8b9d10"},"headline":"CMU CELEBRA OS 30 ANOS DA CONSTITUI\u00c7\u00c3O COM PALESTRAS","datePublished":"2018-10-20T13:47:29+00:00","mainEntityOfPage":{"@id":"https:\/\/ubanews.com\/site\/2018\/10\/20\/cmu-celebra-os-30-anos-da-constituicao-com-palestras\/"},"wordCount":182,"commentCount":0,"publisher":{"@id":"https:\/\/ubanews.com\/site\/#organization"},"image":{"@id":"https:\/\/ubanews.com\/site\/2018\/10\/20\/cmu-celebra-os-30-anos-da-constituicao-com-palestras\/#primaryimage"},"thumbnailUrl":"https:\/\/ubanews.com\/site\/wp-content\/uploads\/2018\/10\/30-anos-da-Constitui\u00e7\u00e3o-de-1988-1.jpg","articleSection":["C\u00e2mara Municipal"],"inLanguage":"pt-BR","potentialAction":[{"@type":"CommentAction","name":"Comment","target":["https:\/\/ubanews.com\/site\/2018\/10\/20\/cmu-celebra-os-30-anos-da-constituicao-com-palestras\/#respond"]}]},{"@type":"WebPage","@id":"https:\/\/ubanews.com\/site\/2018\/10\/20\/cmu-celebra-os-30-anos-da-constituicao-com-palestras\/","url":"https:\/\/ubanews.com\/site\/2018\/10\/20\/cmu-celebra-os-30-anos-da-constituicao-com-palestras\/","name":"CMU CELEBRA OS 30 ANOS DA CONSTITUI\u00c7\u00c3O COM PALESTRAS - Ub\u00e1 News","isPartOf":{"@id":"https:\/\/ubanews.com\/site\/#website"},"primaryImageOfPage":{"@id":"https:\/\/ubanews.com\/site\/2018\/10\/20\/cmu-celebra-os-30-anos-da-constituicao-com-palestras\/#primaryimage"},"image":{"@id":"https:\/\/ubanews.com\/site\/2018\/10\/20\/cmu-celebra-os-30-anos-da-constituicao-com-palestras\/#primaryimage"},"thumbnailUrl":"https:\/\/ubanews.com\/site\/wp-content\/uploads\/2018\/10\/30-anos-da-Constitui\u00e7\u00e3o-de-1988-1.jpg","datePublished":"2018-10-20T13:47:29+00:00","breadcrumb":{"@id":"https:\/\/ubanews.com\/site\/2018\/10\/20\/cmu-celebra-os-30-anos-da-constituicao-com-palestras\/#breadcrumb"},"inLanguage":"pt-BR","potentialAction":[{"@type":"ReadAction","target":["https:\/\/ubanews.com\/site\/2018\/10\/20\/cmu-celebra-os-30-anos-da-constituicao-com-palestras\/"]}]},{"@type":"ImageObject","inLanguage":"pt-BR","@id":"https:\/\/ubanews.com\/site\/2018\/10\/20\/cmu-celebra-os-30-anos-da-constituicao-com-palestras\/#primaryimage","url":"https:\/\/ubanews.com\/site\/wp-content\/uploads\/2018\/10\/30-anos-da-Constitui\u00e7\u00e3o-de-1988-1.jpg","contentUrl":"https:\/\/ubanews.com\/site\/wp-content\/uploads\/2018\/10\/30-anos-da-Constitui\u00e7\u00e3o-de-1988-1.jpg","width":800,"height":389},{"@type":"BreadcrumbList","@id":"https:\/\/ubanews.com\/site\/2018\/10\/20\/cmu-celebra-os-30-anos-da-constituicao-com-palestras\/#breadcrumb","itemListElement":[{"@type":"ListItem","position":1,"name":"Home","item":"https:\/\/ubanews.com\/site\/"},{"@type":"ListItem","position":2,"name":"CMU CELEBRA OS 30 ANOS DA CONSTITUI\u00c7\u00c3O COM PALESTRAS"}]},{"@type":"WebSite","@id":"https:\/\/ubanews.com\/site\/#website","url":"https:\/\/ubanews.com\/site\/","name":"Ub\u00e1 News","description":"","publisher":{"@id":"https:\/\/ubanews.com\/site\/#organization"},"potentialAction":[{"@type":"SearchAction","target":{"@type":"EntryPoint","urlTemplate":"https:\/\/ubanews.com\/site\/?s={search_term_string}"},"query-input":{"@type":"PropertyValueSpecification","valueRequired":true,"valueName":"search_term_string"}}],"inLanguage":"pt-BR"},{"@type":"Organization","@id":"https:\/\/ubanews.com\/site\/#organization","name":"Ub\u00e1 News","url":"https:\/\/ubanews.com\/site\/","logo":{"@type":"ImageObject","inLanguage":"pt-BR","@id":"https:\/\/ubanews.com\/site\/#\/schema\/logo\/image\/","url":"https:\/\/ubanews.com\/site\/wp-content\/uploads\/2018\/01\/logoubanews.png","contentUrl":"https:\/\/ubanews.com\/site\/wp-content\/uploads\/2018\/01\/logoubanews.png","width":261,"height":99,"caption":"Ub\u00e1 News"},"image":{"@id":"https:\/\/ubanews.com\/site\/#\/schema\/logo\/image\/"},"sameAs":["https:\/\/www.facebook.com\/Ub\u00e1News-Carlos-Roberto-Sodr\u00e9-418778301977370"]},{"@type":"Person","@id":"https:\/\/ubanews.com\/site\/#\/schema\/person\/d90c9e47252fbb63dcc969fe4c8b9d10","name":"Sodr\u00e9","image":{"@type":"ImageObject","inLanguage":"pt-BR","@id":"https:\/\/secure.gravatar.com\/avatar\/5ba2793f0590b9dbfad3fdec4ee714485b3eef211c9b32ee53d414060454a56c?s=96&d=mm&r=g","url":"https:\/\/secure.gravatar.com\/avatar\/5ba2793f0590b9dbfad3fdec4ee714485b3eef211c9b32ee53d414060454a56c?s=96&d=mm&r=g","contentUrl":"https:\/\/secure.gravatar.com\/avatar\/5ba2793f0590b9dbfad3fdec4ee714485b3eef211c9b32ee53d414060454a56c?s=96&d=mm&r=g","caption":"Sodr\u00e9"},"sameAs":["https:\/\/www.facebook.com\/carosroberto.sodre.5\/"],"url":"https:\/\/ubanews.com\/site\/author\/felipe\/"}]}},"_links":{"self":[{"href":"https:\/\/ubanews.com\/site\/wp-json\/wp\/v2\/posts\/8436","targetHints":{"allow":["GET"]}}],"collection":[{"href":"https:\/\/ubanews.com\/site\/wp-json\/wp\/v2\/posts"}],"about":[{"href":"https:\/\/ubanews.com\/site\/wp-json\/wp\/v2\/types\/post"}],"author":[{"embeddable":true,"href":"https:\/\/ubanews.com\/site\/wp-json\/wp\/v2\/users\/2"}],"replies":[{"embeddable":true,"href":"https:\/\/ubanews.com\/site\/wp-json\/wp\/v2\/comments?post=8436"}],"version-history":[{"count":0,"href":"https:\/\/ubanews.com\/site\/wp-json\/wp\/v2\/posts\/8436\/revisions"}],"wp:featuredmedia":[{"embeddable":true,"href":"https:\/\/ubanews.com\/site\/wp-json\/wp\/v2\/media\/8437"}],"wp:attachment":[{"href":"https:\/\/ubanews.com\/site\/wp-json\/wp\/v2\/media?parent=8436"}],"wp:term":[{"taxonomy":"category","embeddable":true,"href":"https:\/\/ubanews.com\/site\/wp-json\/wp\/v2\/categories?post=8436"},{"taxonomy":"post_tag","embeddable":true,"href":"https:\/\/ubanews.com\/site\/wp-json\/wp\/v2\/tags?post=8436"}],"curies":[{"name":"wp","href":"https:\/\/api.w.org\/{rel}","templated":true}]}}