{"id":8422,"date":"2018-10-19T10:40:03","date_gmt":"2018-10-19T13:40:03","guid":{"rendered":"http:\/\/ubanews.com\/site\/?p=8422"},"modified":"2018-10-19T10:40:03","modified_gmt":"2018-10-19T13:40:03","slug":"policia-militar-apreende-adolescentes-com-arma-de-fogo-e-cultivo-de-plantas-para-preparacao-de-drogas","status":"publish","type":"post","link":"https:\/\/ubanews.com\/site\/2018\/10\/19\/policia-militar-apreende-adolescentes-com-arma-de-fogo-e-cultivo-de-plantas-para-preparacao-de-drogas\/","title":{"rendered":"Pol\u00edcia Militar apreende adolescentes com arma de fogo e cultivo de plantas para prepara\u00e7\u00e3o de drogas"},"content":{"rendered":"<p>No dia 18 de outubro \u00e0s 05h e 30min a Pol\u00edcia Militar foi acionada a comparecer \u00e0 Rodovia MG-447, onde a v\u00edtima relatou que trafegava com sua motocicleta pelo trevo do bairro Felipinho quando foi abordada por dois indiv\u00edduos morenos que trajavam roupas escuras, em uma motocicleta preta, CG125, quando o carona a abordou e, de posse de uma arma de fogo, anunciou o assalto, subtraindo-lhe sua Honda NXR-150 Bros Es, cor preta, ano 2009, placa HKS-4018\/Visconde do Rio Branco. Ap\u00f3s o crime os assaltantes fugiram tomando rumo ignorado.<\/p>\n<p>Militares quando em rastreamento, &nbsp;para localizarem os autores de um roubo quando na Av. Vereador Ad\u00e3o Amorim, resid\u00eancia de um autor do roubo. Os militares ao entrarem na casa visualizaram um adolescente de 17 anos, com algo nas m\u00e3os. O adolescente ao perceber a presen\u00e7a policial jogou uma arma de fogo (rev\u00f3lver calibre .38) para debaixo de uma cama.<\/p>\n<p>Ao serem procedidas buscas pessoais no adolescente foi encontrado um celular de proced\u00eancia duvidosa e R$ 202,00. Ao ser procedidas buscas no im\u00f3vel foram encontrados: 3 cartuchos intactos de muni\u00e7\u00e3o calibre 38, um celular LG cor azul e uma placa veicular de uma motocicleta GXR-4382, a qual possui queixa furto registrado em 2012, dois vasos pretos pequenos de planta, que segundo adolescente \u00e9 utilizado para cultivar p\u00e9s de maconha, 01 bucha de subst\u00e2ncia an\u00e1loga a maconha. Havia tamb\u00e9m no im\u00f3vel um adolescente de 16 anos . Os adolescentes infratores foram apreendidos e conduzidos at\u00e9 a Delegacia de Pol\u00edcia Civil com todos os materiais apreendidos.<\/p>\n<p><strong>A<\/strong><strong>SSESSORIA DE COMUNICA\u00c7\u00c3O ORGANIZACIONAL<\/strong><\/p>\n<p><strong><em>Vig\u00e9simo Primeiro Batalh\u00e3o de Pol\u00edcia Militar <\/em><\/strong><\/p>\n","protected":false},"excerpt":{"rendered":"<p>No dia 18 de outubro \u00e0s 05h e 30min a<\/p>\n","protected":false},"author":2,"featured_media":4320,"comment_status":"open","ping_status":"open","sticky":false,"template":"","format":"standard","meta":{"footnotes":""},"categories":[13],"tags":[],"class_list":["post-8422","post","type-post","status-publish","format-standard","has-post-thumbnail","hentry","category-sintese-das-ocorrencias"],"yoast_head":"<!-- This site is optimized with the Yoast SEO plugin v27.2 - https:\/\/yoast.com\/product\/yoast-seo-wordpress\/ -->\n<title>Pol\u00edcia Militar apreende adolescentes com arma de fogo e cultivo de plantas para prepara\u00e7\u00e3o de drogas - Ub\u00e1 News<\/title>\n<meta name=\"robots\" content=\"index, follow, max-snippet:-1, max-image-preview:large, max-video-preview:-1\" \/>\n<link rel=\"canonical\" href=\"https:\/\/ubanews.com\/site\/2018\/10\/19\/policia-militar-apreende-adolescentes-com-arma-de-fogo-e-cultivo-de-plantas-para-preparacao-de-drogas\/\" \/>\n<meta property=\"og:locale\" content=\"pt_BR\" \/>\n<meta property=\"og:type\" content=\"article\" \/>\n<meta property=\"og:title\" content=\"Pol\u00edcia Militar apreende adolescentes com arma de fogo e cultivo de plantas para prepara\u00e7\u00e3o de drogas - Ub\u00e1 News\" \/>\n<meta property=\"og:description\" content=\"No dia 18 de outubro \u00e0s 05h e 30min a\" \/>\n<meta property=\"og:url\" content=\"https:\/\/ubanews.com\/site\/2018\/10\/19\/policia-militar-apreende-adolescentes-com-arma-de-fogo-e-cultivo-de-plantas-para-preparacao-de-drogas\/\" \/>\n<meta property=\"og:site_name\" content=\"Ub\u00e1 News\" \/>\n<meta property=\"article:publisher\" content=\"https:\/\/www.facebook.com\/Ub%c3%a1News-Carlos-Roberto-Sodr%c3%a9-418778301977370\" \/>\n<meta property=\"article:author\" content=\"https:\/\/www.facebook.com\/carosroberto.sodre.5\/\" \/>\n<meta property=\"article:published_time\" content=\"2018-10-19T13:40:03+00:00\" \/>\n<meta property=\"og:image\" content=\"https:\/\/ubanews.com\/site\/wp-content\/uploads\/2018\/06\/Preso-1.jpg\" \/>\n\t<meta property=\"og:image:width\" content=\"629\" \/>\n\t<meta property=\"og:image:height\" content=\"350\" \/>\n\t<meta property=\"og:image:type\" content=\"image\/jpeg\" \/>\n<meta name=\"author\" content=\"Sodr\u00e9\" \/>\n<meta name=\"twitter:card\" content=\"summary_large_image\" \/>\n<meta name=\"twitter:label1\" content=\"Escrito por\" \/>\n\t<meta name=\"twitter:data1\" content=\"Sodr\u00e9\" \/>\n\t<meta name=\"twitter:label2\" content=\"Est. tempo de leitura\" \/>\n\t<meta name=\"twitter:data2\" content=\"1 minuto\" \/>\n<script type=\"application\/ld+json\" class=\"yoast-schema-graph\">{\"@context\":\"https:\/\/schema.org\",\"@graph\":[{\"@type\":\"Article\",\"@id\":\"https:\/\/ubanews.com\/site\/2018\/10\/19\/policia-militar-apreende-adolescentes-com-arma-de-fogo-e-cultivo-de-plantas-para-preparacao-de-drogas\/#article\",\"isPartOf\":{\"@id\":\"https:\/\/ubanews.com\/site\/2018\/10\/19\/policia-militar-apreende-adolescentes-com-arma-de-fogo-e-cultivo-de-plantas-para-preparacao-de-drogas\/\"},\"author\":{\"name\":\"Sodr\u00e9\",\"@id\":\"https:\/\/ubanews.com\/site\/#\/schema\/person\/d90c9e47252fbb63dcc969fe4c8b9d10\"},\"headline\":\"Pol\u00edcia Militar apreende adolescentes com arma de fogo e cultivo de plantas para prepara\u00e7\u00e3o de drogas\",\"datePublished\":\"2018-10-19T13:40:03+00:00\",\"mainEntityOfPage\":{\"@id\":\"https:\/\/ubanews.com\/site\/2018\/10\/19\/policia-militar-apreende-adolescentes-com-arma-de-fogo-e-cultivo-de-plantas-para-preparacao-de-drogas\/\"},\"wordCount\":292,\"commentCount\":0,\"publisher\":{\"@id\":\"https:\/\/ubanews.com\/site\/#organization\"},\"image\":{\"@id\":\"https:\/\/ubanews.com\/site\/2018\/10\/19\/policia-militar-apreende-adolescentes-com-arma-de-fogo-e-cultivo-de-plantas-para-preparacao-de-drogas\/#primaryimage\"},\"thumbnailUrl\":\"https:\/\/ubanews.com\/site\/wp-content\/uploads\/2018\/06\/Preso-1.jpg\",\"articleSection\":[\"S\u00edntese das Ocorr\u00eancias\"],\"inLanguage\":\"pt-BR\",\"potentialAction\":[{\"@type\":\"CommentAction\",\"name\":\"Comment\",\"target\":[\"https:\/\/ubanews.com\/site\/2018\/10\/19\/policia-militar-apreende-adolescentes-com-arma-de-fogo-e-cultivo-de-plantas-para-preparacao-de-drogas\/#respond\"]}]},{\"@type\":\"WebPage\",\"@id\":\"https:\/\/ubanews.com\/site\/2018\/10\/19\/policia-militar-apreende-adolescentes-com-arma-de-fogo-e-cultivo-de-plantas-para-preparacao-de-drogas\/\",\"url\":\"https:\/\/ubanews.com\/site\/2018\/10\/19\/policia-militar-apreende-adolescentes-com-arma-de-fogo-e-cultivo-de-plantas-para-preparacao-de-drogas\/\",\"name\":\"Pol\u00edcia Militar apreende adolescentes com arma de fogo e cultivo de plantas para prepara\u00e7\u00e3o de drogas - Ub\u00e1 News\",\"isPartOf\":{\"@id\":\"https:\/\/ubanews.com\/site\/#website\"},\"primaryImageOfPage\":{\"@id\":\"https:\/\/ubanews.com\/site\/2018\/10\/19\/policia-militar-apreende-adolescentes-com-arma-de-fogo-e-cultivo-de-plantas-para-preparacao-de-drogas\/#primaryimage\"},\"image\":{\"@id\":\"https:\/\/ubanews.com\/site\/2018\/10\/19\/policia-militar-apreende-adolescentes-com-arma-de-fogo-e-cultivo-de-plantas-para-preparacao-de-drogas\/#primaryimage\"},\"thumbnailUrl\":\"https:\/\/ubanews.com\/site\/wp-content\/uploads\/2018\/06\/Preso-1.jpg\",\"datePublished\":\"2018-10-19T13:40:03+00:00\",\"breadcrumb\":{\"@id\":\"https:\/\/ubanews.com\/site\/2018\/10\/19\/policia-militar-apreende-adolescentes-com-arma-de-fogo-e-cultivo-de-plantas-para-preparacao-de-drogas\/#breadcrumb\"},\"inLanguage\":\"pt-BR\",\"potentialAction\":[{\"@type\":\"ReadAction\",\"target\":[\"https:\/\/ubanews.com\/site\/2018\/10\/19\/policia-militar-apreende-adolescentes-com-arma-de-fogo-e-cultivo-de-plantas-para-preparacao-de-drogas\/\"]}]},{\"@type\":\"ImageObject\",\"inLanguage\":\"pt-BR\",\"@id\":\"https:\/\/ubanews.com\/site\/2018\/10\/19\/policia-militar-apreende-adolescentes-com-arma-de-fogo-e-cultivo-de-plantas-para-preparacao-de-drogas\/#primaryimage\",\"url\":\"https:\/\/ubanews.com\/site\/wp-content\/uploads\/2018\/06\/Preso-1.jpg\",\"contentUrl\":\"https:\/\/ubanews.com\/site\/wp-content\/uploads\/2018\/06\/Preso-1.jpg\",\"width\":629,\"height\":350},{\"@type\":\"BreadcrumbList\",\"@id\":\"https:\/\/ubanews.com\/site\/2018\/10\/19\/policia-militar-apreende-adolescentes-com-arma-de-fogo-e-cultivo-de-plantas-para-preparacao-de-drogas\/#breadcrumb\",\"itemListElement\":[{\"@type\":\"ListItem\",\"position\":1,\"name\":\"Home\",\"item\":\"https:\/\/ubanews.com\/site\/\"},{\"@type\":\"ListItem\",\"position\":2,\"name\":\"Pol\u00edcia Militar apreende adolescentes com arma de fogo e cultivo de plantas para prepara\u00e7\u00e3o de drogas\"}]},{\"@type\":\"WebSite\",\"@id\":\"https:\/\/ubanews.com\/site\/#website\",\"url\":\"https:\/\/ubanews.com\/site\/\",\"name\":\"Ub\u00e1 News\",\"description\":\"\",\"publisher\":{\"@id\":\"https:\/\/ubanews.com\/site\/#organization\"},\"potentialAction\":[{\"@type\":\"SearchAction\",\"target\":{\"@type\":\"EntryPoint\",\"urlTemplate\":\"https:\/\/ubanews.com\/site\/?s={search_term_string}\"},\"query-input\":{\"@type\":\"PropertyValueSpecification\",\"valueRequired\":true,\"valueName\":\"search_term_string\"}}],\"inLanguage\":\"pt-BR\"},{\"@type\":\"Organization\",\"@id\":\"https:\/\/ubanews.com\/site\/#organization\",\"name\":\"Ub\u00e1 News\",\"url\":\"https:\/\/ubanews.com\/site\/\",\"logo\":{\"@type\":\"ImageObject\",\"inLanguage\":\"pt-BR\",\"@id\":\"https:\/\/ubanews.com\/site\/#\/schema\/logo\/image\/\",\"url\":\"https:\/\/ubanews.com\/site\/wp-content\/uploads\/2018\/01\/logoubanews.png\",\"contentUrl\":\"https:\/\/ubanews.com\/site\/wp-content\/uploads\/2018\/01\/logoubanews.png\",\"width\":261,\"height\":99,\"caption\":\"Ub\u00e1 News\"},\"image\":{\"@id\":\"https:\/\/ubanews.com\/site\/#\/schema\/logo\/image\/\"},\"sameAs\":[\"https:\/\/www.facebook.com\/Ub\u00e1News-Carlos-Roberto-Sodr\u00e9-418778301977370\"]},{\"@type\":\"Person\",\"@id\":\"https:\/\/ubanews.com\/site\/#\/schema\/person\/d90c9e47252fbb63dcc969fe4c8b9d10\",\"name\":\"Sodr\u00e9\",\"image\":{\"@type\":\"ImageObject\",\"inLanguage\":\"pt-BR\",\"@id\":\"https:\/\/secure.gravatar.com\/avatar\/5ba2793f0590b9dbfad3fdec4ee714485b3eef211c9b32ee53d414060454a56c?s=96&d=mm&r=g\",\"url\":\"https:\/\/secure.gravatar.com\/avatar\/5ba2793f0590b9dbfad3fdec4ee714485b3eef211c9b32ee53d414060454a56c?s=96&d=mm&r=g\",\"contentUrl\":\"https:\/\/secure.gravatar.com\/avatar\/5ba2793f0590b9dbfad3fdec4ee714485b3eef211c9b32ee53d414060454a56c?s=96&d=mm&r=g\",\"caption\":\"Sodr\u00e9\"},\"sameAs\":[\"https:\/\/www.facebook.com\/carosroberto.sodre.5\/\"],\"url\":\"https:\/\/ubanews.com\/site\/author\/felipe\/\"}]}<\/script>\n<!-- \/ Yoast SEO plugin. -->","yoast_head_json":{"title":"Pol\u00edcia Militar apreende adolescentes com arma de fogo e cultivo de plantas para prepara\u00e7\u00e3o de drogas - Ub\u00e1 News","robots":{"index":"index","follow":"follow","max-snippet":"max-snippet:-1","max-image-preview":"max-image-preview:large","max-video-preview":"max-video-preview:-1"},"canonical":"https:\/\/ubanews.com\/site\/2018\/10\/19\/policia-militar-apreende-adolescentes-com-arma-de-fogo-e-cultivo-de-plantas-para-preparacao-de-drogas\/","og_locale":"pt_BR","og_type":"article","og_title":"Pol\u00edcia Militar apreende adolescentes com arma de fogo e cultivo de plantas para prepara\u00e7\u00e3o de drogas - Ub\u00e1 News","og_description":"No dia 18 de outubro \u00e0s 05h e 30min a","og_url":"https:\/\/ubanews.com\/site\/2018\/10\/19\/policia-militar-apreende-adolescentes-com-arma-de-fogo-e-cultivo-de-plantas-para-preparacao-de-drogas\/","og_site_name":"Ub\u00e1 News","article_publisher":"https:\/\/www.facebook.com\/Ub%c3%a1News-Carlos-Roberto-Sodr%c3%a9-418778301977370","article_author":"https:\/\/www.facebook.com\/carosroberto.sodre.5\/","article_published_time":"2018-10-19T13:40:03+00:00","og_image":[{"width":629,"height":350,"url":"https:\/\/ubanews.com\/site\/wp-content\/uploads\/2018\/06\/Preso-1.jpg","type":"image\/jpeg"}],"author":"Sodr\u00e9","twitter_card":"summary_large_image","twitter_misc":{"Escrito por":"Sodr\u00e9","Est. tempo de leitura":"1 minuto"},"schema":{"@context":"https:\/\/schema.org","@graph":[{"@type":"Article","@id":"https:\/\/ubanews.com\/site\/2018\/10\/19\/policia-militar-apreende-adolescentes-com-arma-de-fogo-e-cultivo-de-plantas-para-preparacao-de-drogas\/#article","isPartOf":{"@id":"https:\/\/ubanews.com\/site\/2018\/10\/19\/policia-militar-apreende-adolescentes-com-arma-de-fogo-e-cultivo-de-plantas-para-preparacao-de-drogas\/"},"author":{"name":"Sodr\u00e9","@id":"https:\/\/ubanews.com\/site\/#\/schema\/person\/d90c9e47252fbb63dcc969fe4c8b9d10"},"headline":"Pol\u00edcia Militar apreende adolescentes com arma de fogo e cultivo de plantas para prepara\u00e7\u00e3o de drogas","datePublished":"2018-10-19T13:40:03+00:00","mainEntityOfPage":{"@id":"https:\/\/ubanews.com\/site\/2018\/10\/19\/policia-militar-apreende-adolescentes-com-arma-de-fogo-e-cultivo-de-plantas-para-preparacao-de-drogas\/"},"wordCount":292,"commentCount":0,"publisher":{"@id":"https:\/\/ubanews.com\/site\/#organization"},"image":{"@id":"https:\/\/ubanews.com\/site\/2018\/10\/19\/policia-militar-apreende-adolescentes-com-arma-de-fogo-e-cultivo-de-plantas-para-preparacao-de-drogas\/#primaryimage"},"thumbnailUrl":"https:\/\/ubanews.com\/site\/wp-content\/uploads\/2018\/06\/Preso-1.jpg","articleSection":["S\u00edntese das Ocorr\u00eancias"],"inLanguage":"pt-BR","potentialAction":[{"@type":"CommentAction","name":"Comment","target":["https:\/\/ubanews.com\/site\/2018\/10\/19\/policia-militar-apreende-adolescentes-com-arma-de-fogo-e-cultivo-de-plantas-para-preparacao-de-drogas\/#respond"]}]},{"@type":"WebPage","@id":"https:\/\/ubanews.com\/site\/2018\/10\/19\/policia-militar-apreende-adolescentes-com-arma-de-fogo-e-cultivo-de-plantas-para-preparacao-de-drogas\/","url":"https:\/\/ubanews.com\/site\/2018\/10\/19\/policia-militar-apreende-adolescentes-com-arma-de-fogo-e-cultivo-de-plantas-para-preparacao-de-drogas\/","name":"Pol\u00edcia Militar apreende adolescentes com arma de fogo e cultivo de plantas para prepara\u00e7\u00e3o de drogas - Ub\u00e1 News","isPartOf":{"@id":"https:\/\/ubanews.com\/site\/#website"},"primaryImageOfPage":{"@id":"https:\/\/ubanews.com\/site\/2018\/10\/19\/policia-militar-apreende-adolescentes-com-arma-de-fogo-e-cultivo-de-plantas-para-preparacao-de-drogas\/#primaryimage"},"image":{"@id":"https:\/\/ubanews.com\/site\/2018\/10\/19\/policia-militar-apreende-adolescentes-com-arma-de-fogo-e-cultivo-de-plantas-para-preparacao-de-drogas\/#primaryimage"},"thumbnailUrl":"https:\/\/ubanews.com\/site\/wp-content\/uploads\/2018\/06\/Preso-1.jpg","datePublished":"2018-10-19T13:40:03+00:00","breadcrumb":{"@id":"https:\/\/ubanews.com\/site\/2018\/10\/19\/policia-militar-apreende-adolescentes-com-arma-de-fogo-e-cultivo-de-plantas-para-preparacao-de-drogas\/#breadcrumb"},"inLanguage":"pt-BR","potentialAction":[{"@type":"ReadAction","target":["https:\/\/ubanews.com\/site\/2018\/10\/19\/policia-militar-apreende-adolescentes-com-arma-de-fogo-e-cultivo-de-plantas-para-preparacao-de-drogas\/"]}]},{"@type":"ImageObject","inLanguage":"pt-BR","@id":"https:\/\/ubanews.com\/site\/2018\/10\/19\/policia-militar-apreende-adolescentes-com-arma-de-fogo-e-cultivo-de-plantas-para-preparacao-de-drogas\/#primaryimage","url":"https:\/\/ubanews.com\/site\/wp-content\/uploads\/2018\/06\/Preso-1.jpg","contentUrl":"https:\/\/ubanews.com\/site\/wp-content\/uploads\/2018\/06\/Preso-1.jpg","width":629,"height":350},{"@type":"BreadcrumbList","@id":"https:\/\/ubanews.com\/site\/2018\/10\/19\/policia-militar-apreende-adolescentes-com-arma-de-fogo-e-cultivo-de-plantas-para-preparacao-de-drogas\/#breadcrumb","itemListElement":[{"@type":"ListItem","position":1,"name":"Home","item":"https:\/\/ubanews.com\/site\/"},{"@type":"ListItem","position":2,"name":"Pol\u00edcia Militar apreende adolescentes com arma de fogo e cultivo de plantas para prepara\u00e7\u00e3o de drogas"}]},{"@type":"WebSite","@id":"https:\/\/ubanews.com\/site\/#website","url":"https:\/\/ubanews.com\/site\/","name":"Ub\u00e1 News","description":"","publisher":{"@id":"https:\/\/ubanews.com\/site\/#organization"},"potentialAction":[{"@type":"SearchAction","target":{"@type":"EntryPoint","urlTemplate":"https:\/\/ubanews.com\/site\/?s={search_term_string}"},"query-input":{"@type":"PropertyValueSpecification","valueRequired":true,"valueName":"search_term_string"}}],"inLanguage":"pt-BR"},{"@type":"Organization","@id":"https:\/\/ubanews.com\/site\/#organization","name":"Ub\u00e1 News","url":"https:\/\/ubanews.com\/site\/","logo":{"@type":"ImageObject","inLanguage":"pt-BR","@id":"https:\/\/ubanews.com\/site\/#\/schema\/logo\/image\/","url":"https:\/\/ubanews.com\/site\/wp-content\/uploads\/2018\/01\/logoubanews.png","contentUrl":"https:\/\/ubanews.com\/site\/wp-content\/uploads\/2018\/01\/logoubanews.png","width":261,"height":99,"caption":"Ub\u00e1 News"},"image":{"@id":"https:\/\/ubanews.com\/site\/#\/schema\/logo\/image\/"},"sameAs":["https:\/\/www.facebook.com\/Ub\u00e1News-Carlos-Roberto-Sodr\u00e9-418778301977370"]},{"@type":"Person","@id":"https:\/\/ubanews.com\/site\/#\/schema\/person\/d90c9e47252fbb63dcc969fe4c8b9d10","name":"Sodr\u00e9","image":{"@type":"ImageObject","inLanguage":"pt-BR","@id":"https:\/\/secure.gravatar.com\/avatar\/5ba2793f0590b9dbfad3fdec4ee714485b3eef211c9b32ee53d414060454a56c?s=96&d=mm&r=g","url":"https:\/\/secure.gravatar.com\/avatar\/5ba2793f0590b9dbfad3fdec4ee714485b3eef211c9b32ee53d414060454a56c?s=96&d=mm&r=g","contentUrl":"https:\/\/secure.gravatar.com\/avatar\/5ba2793f0590b9dbfad3fdec4ee714485b3eef211c9b32ee53d414060454a56c?s=96&d=mm&r=g","caption":"Sodr\u00e9"},"sameAs":["https:\/\/www.facebook.com\/carosroberto.sodre.5\/"],"url":"https:\/\/ubanews.com\/site\/author\/felipe\/"}]}},"_links":{"self":[{"href":"https:\/\/ubanews.com\/site\/wp-json\/wp\/v2\/posts\/8422","targetHints":{"allow":["GET"]}}],"collection":[{"href":"https:\/\/ubanews.com\/site\/wp-json\/wp\/v2\/posts"}],"about":[{"href":"https:\/\/ubanews.com\/site\/wp-json\/wp\/v2\/types\/post"}],"author":[{"embeddable":true,"href":"https:\/\/ubanews.com\/site\/wp-json\/wp\/v2\/users\/2"}],"replies":[{"embeddable":true,"href":"https:\/\/ubanews.com\/site\/wp-json\/wp\/v2\/comments?post=8422"}],"version-history":[{"count":0,"href":"https:\/\/ubanews.com\/site\/wp-json\/wp\/v2\/posts\/8422\/revisions"}],"wp:featuredmedia":[{"embeddable":true,"href":"https:\/\/ubanews.com\/site\/wp-json\/wp\/v2\/media\/4320"}],"wp:attachment":[{"href":"https:\/\/ubanews.com\/site\/wp-json\/wp\/v2\/media?parent=8422"}],"wp:term":[{"taxonomy":"category","embeddable":true,"href":"https:\/\/ubanews.com\/site\/wp-json\/wp\/v2\/categories?post=8422"},{"taxonomy":"post_tag","embeddable":true,"href":"https:\/\/ubanews.com\/site\/wp-json\/wp\/v2\/tags?post=8422"}],"curies":[{"name":"wp","href":"https:\/\/api.w.org\/{rel}","templated":true}]}}