{"id":8393,"date":"2018-10-17T22:33:50","date_gmt":"2018-10-18T01:33:50","guid":{"rendered":"http:\/\/ubanews.com\/site\/?p=8393"},"modified":"2018-10-17T22:33:50","modified_gmt":"2018-10-18T01:33:50","slug":"orcamento-participativo-2019-comeca-neste-sabado-20-10","status":"publish","type":"post","link":"https:\/\/ubanews.com\/site\/2018\/10\/17\/orcamento-participativo-2019-comeca-neste-sabado-20-10\/","title":{"rendered":"Or\u00e7amento Participativo 2019 come\u00e7a\u00a0neste s\u00e1bado (20\/10)"},"content":{"rendered":"<p>A Prefeitura de Ub\u00e1 inicia neste s\u00e1bado (20\/10) as plen\u00e1rias do Or\u00e7amento Participativo 2019. Ao todo, ser\u00e3o 7 reuni\u00f5es, uma de cada regional, sempre aos s\u00e1bados \u00e0s 14h30, de 20 de outubro a 1\u00ba\/12.&nbsp;<i><\/i><\/p>\n<p style=\"font-weight: 400;\">O ciclo de plen\u00e1rias do Or\u00e7amento Participativo 2019 da Prefeitura de Ub\u00e1 come\u00e7a neste final de semana. No dia 20 de outubro (s\u00e1bado), \u00e0s 14h30, acontece a primeira plen\u00e1ria com a Regional 1, que \u00e9 formada pelos bairros:<\/p>\n<p style=\"font-weight: 400;\">l&nbsp;Antonina Coelho<\/p>\n<p style=\"font-weight: 400;\">l&nbsp;Ant\u00f4nio Bigonha<\/p>\n<p style=\"font-weight: 400;\">l&nbsp;Cibraci<\/p>\n<p style=\"font-weight: 400;\">l&nbsp;Cidade Jardim<\/p>\n<p style=\"font-weight: 400;\">l&nbsp;Fazendinha<\/p>\n<p style=\"font-weight: 400;\">l&nbsp;Jos\u00e9 Pires da Luz<\/p>\n<p style=\"font-weight: 400;\">l&nbsp;Laurindo de Castro<\/p>\n<p style=\"font-weight: 400;\">l&nbsp;Oz\u00e9as Maranh\u00e3o<\/p>\n<p style=\"font-weight: 400;\">l&nbsp;Rosa de Toledo<\/p>\n<p style=\"font-weight: 400;\">l&nbsp;San Rafael<\/p>\n<p style=\"font-weight: 400;\">l&nbsp;Santa Alice<\/p>\n<p style=\"font-weight: 400;\">l&nbsp;Chiquito Gazolla<\/p>\n<p style=\"font-weight: 400;\">l&nbsp;Santa Rosa<\/p>\n<p style=\"font-weight: 400;\">l&nbsp;Santana<\/p>\n<p style=\"font-weight: 400;\">l&nbsp;Dico Teixeira<\/p>\n<p style=\"font-weight: 400;\">l&nbsp;Universit\u00e1rio<\/p>\n<p style=\"font-weight: 400;\">l&nbsp;Vale do Ip\u00ea<\/p>\n<p style=\"font-weight: 400;\">A plen\u00e1ria da Regional 1 acontece no&nbsp;Sal\u00e3o Comunit\u00e1rio do Bairro Cibraci, localizado na Rua C\u00edcero Silveira n\u00ba 10.<\/p>\n<p style=\"font-weight: 400;\">Para 2019, a Prefeitura definiu um acr\u00e9scimo de 10% no valor do ano anterior, totalizando&nbsp;R$2.310.000,00 (dois milh\u00f5es, trezentos e dez mil reais),&nbsp;sendo&nbsp;R$ 330 mil para cada uma das sete regionais&nbsp;de zona urbana e rural.&nbsp;O recurso j\u00e1 encontra-se reservado para esta finalidade.<\/p>\n<p style=\"font-weight: 400;\">Com o Or\u00e7amento Participativo, a popula\u00e7\u00e3o tem a oportunidade de escolher quais s\u00e3o as prioridades para investimentos na sua regi\u00e3o como obras, asfaltamento, a\u00e7\u00f5es de sa\u00fade, projetos sociais, culturais e esportivos: tudo isso e muito mais pode ser&nbsp;apontado atrav\u00e9s da participa\u00e7\u00e3o popular como prioridade, e levado a vota\u00e7\u00e3o na plen\u00e1ria de cada regional. O Or\u00e7amento Participativo \u00e9 uma realiza\u00e7\u00e3o da Prefeitura, em parceria com a Femac e a C\u00e2mara Municipal.<\/p>\n<p style=\"font-weight: 400;\">Acesse o&nbsp;<a href=\"http:\/\/www.uba.mg.gov.br\/detalhe-da-materia\/info\/o-futuro-de-uba-e-uma-escolha-de-todos-orcamento-participativo-2019-comeca-em-20-10\/152589\" data-saferedirecturl=\"https:\/\/www.google.com\/url?q=http:\/\/www.uba.mg.gov.br\/detalhe-da-materia\/info\/o-futuro-de-uba-e-uma-escolha-de-todos-orcamento-participativo-2019-comeca-em-20-10\/152589&amp;source=gmail&amp;ust=1539909649603000&amp;usg=AFQjCNE9DWUuQ35CUJQR_mVisFv8rYoraQ\">site da Prefeitura<\/a>&nbsp;e confira a qual regional pertence o seu bairro.<\/p>\n<p style=\"font-weight: 400;\"><strong>Or\u00e7amento Participativo 2019: O Futuro de Ub\u00e1 \u00e9 uma escolha de todos!<\/strong><\/p>\n<p><strong>Assessoria de Comunica\u00e7\u00e3o Prefeitura Municipal de Ub\u00e1<\/strong><\/p>\n<p style=\"font-weight: 400;\">&nbsp;<\/p>\n","protected":false},"excerpt":{"rendered":"<p>A Prefeitura de Ub\u00e1 inicia neste s\u00e1bado (20\/10) as plen\u00e1rias<\/p>\n","protected":false},"author":2,"featured_media":8395,"comment_status":"open","ping_status":"open","sticky":false,"template":"","format":"standard","meta":{"footnotes":""},"categories":[15],"tags":[],"class_list":["post-8393","post","type-post","status-publish","format-standard","has-post-thumbnail","hentry","category-prefeitura-municipal"],"yoast_head":"<!-- This site is optimized with the Yoast SEO plugin v27.2 - https:\/\/yoast.com\/product\/yoast-seo-wordpress\/ -->\n<title>Or\u00e7amento Participativo 2019 come\u00e7a\u00a0neste s\u00e1bado (20\/10) - Ub\u00e1 News<\/title>\n<meta name=\"robots\" content=\"index, follow, max-snippet:-1, max-image-preview:large, max-video-preview:-1\" \/>\n<link rel=\"canonical\" href=\"https:\/\/ubanews.com\/site\/2018\/10\/17\/orcamento-participativo-2019-comeca-neste-sabado-20-10\/\" \/>\n<meta property=\"og:locale\" content=\"pt_BR\" \/>\n<meta property=\"og:type\" content=\"article\" \/>\n<meta property=\"og:title\" content=\"Or\u00e7amento Participativo 2019 come\u00e7a\u00a0neste s\u00e1bado (20\/10) - Ub\u00e1 News\" \/>\n<meta property=\"og:description\" content=\"A Prefeitura de Ub\u00e1 inicia neste s\u00e1bado (20\/10) as plen\u00e1rias\" \/>\n<meta property=\"og:url\" content=\"https:\/\/ubanews.com\/site\/2018\/10\/17\/orcamento-participativo-2019-comeca-neste-sabado-20-10\/\" \/>\n<meta property=\"og:site_name\" content=\"Ub\u00e1 News\" \/>\n<meta property=\"article:publisher\" content=\"https:\/\/www.facebook.com\/Ub%c3%a1News-Carlos-Roberto-Sodr%c3%a9-418778301977370\" \/>\n<meta property=\"article:author\" content=\"https:\/\/www.facebook.com\/carosroberto.sodre.5\/\" \/>\n<meta property=\"article:published_time\" content=\"2018-10-18T01:33:50+00:00\" \/>\n<meta property=\"og:image\" content=\"https:\/\/ubanews.com\/site\/wp-content\/uploads\/2018\/10\/153.jpg\" \/>\n\t<meta property=\"og:image:width\" content=\"800\" \/>\n\t<meta property=\"og:image:height\" content=\"389\" \/>\n\t<meta property=\"og:image:type\" content=\"image\/jpeg\" \/>\n<meta name=\"author\" content=\"Sodr\u00e9\" \/>\n<meta name=\"twitter:card\" content=\"summary_large_image\" \/>\n<meta name=\"twitter:label1\" content=\"Escrito por\" \/>\n\t<meta name=\"twitter:data1\" content=\"Sodr\u00e9\" \/>\n\t<meta name=\"twitter:label2\" content=\"Est. tempo de leitura\" \/>\n\t<meta name=\"twitter:data2\" content=\"2 minutos\" \/>\n<script type=\"application\/ld+json\" class=\"yoast-schema-graph\">{\"@context\":\"https:\/\/schema.org\",\"@graph\":[{\"@type\":\"Article\",\"@id\":\"https:\/\/ubanews.com\/site\/2018\/10\/17\/orcamento-participativo-2019-comeca-neste-sabado-20-10\/#article\",\"isPartOf\":{\"@id\":\"https:\/\/ubanews.com\/site\/2018\/10\/17\/orcamento-participativo-2019-comeca-neste-sabado-20-10\/\"},\"author\":{\"name\":\"Sodr\u00e9\",\"@id\":\"https:\/\/ubanews.com\/site\/#\/schema\/person\/d90c9e47252fbb63dcc969fe4c8b9d10\"},\"headline\":\"Or\u00e7amento Participativo 2019 come\u00e7a\u00a0neste s\u00e1bado (20\/10)\",\"datePublished\":\"2018-10-18T01:33:50+00:00\",\"mainEntityOfPage\":{\"@id\":\"https:\/\/ubanews.com\/site\/2018\/10\/17\/orcamento-participativo-2019-comeca-neste-sabado-20-10\/\"},\"wordCount\":348,\"commentCount\":0,\"publisher\":{\"@id\":\"https:\/\/ubanews.com\/site\/#organization\"},\"image\":{\"@id\":\"https:\/\/ubanews.com\/site\/2018\/10\/17\/orcamento-participativo-2019-comeca-neste-sabado-20-10\/#primaryimage\"},\"thumbnailUrl\":\"https:\/\/ubanews.com\/site\/wp-content\/uploads\/2018\/10\/153.jpg\",\"articleSection\":[\"Prefeitura Municipal\"],\"inLanguage\":\"pt-BR\",\"potentialAction\":[{\"@type\":\"CommentAction\",\"name\":\"Comment\",\"target\":[\"https:\/\/ubanews.com\/site\/2018\/10\/17\/orcamento-participativo-2019-comeca-neste-sabado-20-10\/#respond\"]}]},{\"@type\":\"WebPage\",\"@id\":\"https:\/\/ubanews.com\/site\/2018\/10\/17\/orcamento-participativo-2019-comeca-neste-sabado-20-10\/\",\"url\":\"https:\/\/ubanews.com\/site\/2018\/10\/17\/orcamento-participativo-2019-comeca-neste-sabado-20-10\/\",\"name\":\"Or\u00e7amento Participativo 2019 come\u00e7a\u00a0neste s\u00e1bado (20\/10) - Ub\u00e1 News\",\"isPartOf\":{\"@id\":\"https:\/\/ubanews.com\/site\/#website\"},\"primaryImageOfPage\":{\"@id\":\"https:\/\/ubanews.com\/site\/2018\/10\/17\/orcamento-participativo-2019-comeca-neste-sabado-20-10\/#primaryimage\"},\"image\":{\"@id\":\"https:\/\/ubanews.com\/site\/2018\/10\/17\/orcamento-participativo-2019-comeca-neste-sabado-20-10\/#primaryimage\"},\"thumbnailUrl\":\"https:\/\/ubanews.com\/site\/wp-content\/uploads\/2018\/10\/153.jpg\",\"datePublished\":\"2018-10-18T01:33:50+00:00\",\"breadcrumb\":{\"@id\":\"https:\/\/ubanews.com\/site\/2018\/10\/17\/orcamento-participativo-2019-comeca-neste-sabado-20-10\/#breadcrumb\"},\"inLanguage\":\"pt-BR\",\"potentialAction\":[{\"@type\":\"ReadAction\",\"target\":[\"https:\/\/ubanews.com\/site\/2018\/10\/17\/orcamento-participativo-2019-comeca-neste-sabado-20-10\/\"]}]},{\"@type\":\"ImageObject\",\"inLanguage\":\"pt-BR\",\"@id\":\"https:\/\/ubanews.com\/site\/2018\/10\/17\/orcamento-participativo-2019-comeca-neste-sabado-20-10\/#primaryimage\",\"url\":\"https:\/\/ubanews.com\/site\/wp-content\/uploads\/2018\/10\/153.jpg\",\"contentUrl\":\"https:\/\/ubanews.com\/site\/wp-content\/uploads\/2018\/10\/153.jpg\",\"width\":800,\"height\":389},{\"@type\":\"BreadcrumbList\",\"@id\":\"https:\/\/ubanews.com\/site\/2018\/10\/17\/orcamento-participativo-2019-comeca-neste-sabado-20-10\/#breadcrumb\",\"itemListElement\":[{\"@type\":\"ListItem\",\"position\":1,\"name\":\"Home\",\"item\":\"https:\/\/ubanews.com\/site\/\"},{\"@type\":\"ListItem\",\"position\":2,\"name\":\"Or\u00e7amento Participativo 2019 come\u00e7a\u00a0neste s\u00e1bado (20\/10)\"}]},{\"@type\":\"WebSite\",\"@id\":\"https:\/\/ubanews.com\/site\/#website\",\"url\":\"https:\/\/ubanews.com\/site\/\",\"name\":\"Ub\u00e1 News\",\"description\":\"\",\"publisher\":{\"@id\":\"https:\/\/ubanews.com\/site\/#organization\"},\"potentialAction\":[{\"@type\":\"SearchAction\",\"target\":{\"@type\":\"EntryPoint\",\"urlTemplate\":\"https:\/\/ubanews.com\/site\/?s={search_term_string}\"},\"query-input\":{\"@type\":\"PropertyValueSpecification\",\"valueRequired\":true,\"valueName\":\"search_term_string\"}}],\"inLanguage\":\"pt-BR\"},{\"@type\":\"Organization\",\"@id\":\"https:\/\/ubanews.com\/site\/#organization\",\"name\":\"Ub\u00e1 News\",\"url\":\"https:\/\/ubanews.com\/site\/\",\"logo\":{\"@type\":\"ImageObject\",\"inLanguage\":\"pt-BR\",\"@id\":\"https:\/\/ubanews.com\/site\/#\/schema\/logo\/image\/\",\"url\":\"https:\/\/ubanews.com\/site\/wp-content\/uploads\/2018\/01\/logoubanews.png\",\"contentUrl\":\"https:\/\/ubanews.com\/site\/wp-content\/uploads\/2018\/01\/logoubanews.png\",\"width\":261,\"height\":99,\"caption\":\"Ub\u00e1 News\"},\"image\":{\"@id\":\"https:\/\/ubanews.com\/site\/#\/schema\/logo\/image\/\"},\"sameAs\":[\"https:\/\/www.facebook.com\/Ub\u00e1News-Carlos-Roberto-Sodr\u00e9-418778301977370\"]},{\"@type\":\"Person\",\"@id\":\"https:\/\/ubanews.com\/site\/#\/schema\/person\/d90c9e47252fbb63dcc969fe4c8b9d10\",\"name\":\"Sodr\u00e9\",\"image\":{\"@type\":\"ImageObject\",\"inLanguage\":\"pt-BR\",\"@id\":\"https:\/\/secure.gravatar.com\/avatar\/5ba2793f0590b9dbfad3fdec4ee714485b3eef211c9b32ee53d414060454a56c?s=96&d=mm&r=g\",\"url\":\"https:\/\/secure.gravatar.com\/avatar\/5ba2793f0590b9dbfad3fdec4ee714485b3eef211c9b32ee53d414060454a56c?s=96&d=mm&r=g\",\"contentUrl\":\"https:\/\/secure.gravatar.com\/avatar\/5ba2793f0590b9dbfad3fdec4ee714485b3eef211c9b32ee53d414060454a56c?s=96&d=mm&r=g\",\"caption\":\"Sodr\u00e9\"},\"sameAs\":[\"https:\/\/www.facebook.com\/carosroberto.sodre.5\/\"],\"url\":\"https:\/\/ubanews.com\/site\/author\/felipe\/\"}]}<\/script>\n<!-- \/ Yoast SEO plugin. -->","yoast_head_json":{"title":"Or\u00e7amento Participativo 2019 come\u00e7a\u00a0neste s\u00e1bado (20\/10) - Ub\u00e1 News","robots":{"index":"index","follow":"follow","max-snippet":"max-snippet:-1","max-image-preview":"max-image-preview:large","max-video-preview":"max-video-preview:-1"},"canonical":"https:\/\/ubanews.com\/site\/2018\/10\/17\/orcamento-participativo-2019-comeca-neste-sabado-20-10\/","og_locale":"pt_BR","og_type":"article","og_title":"Or\u00e7amento Participativo 2019 come\u00e7a\u00a0neste s\u00e1bado (20\/10) - Ub\u00e1 News","og_description":"A Prefeitura de Ub\u00e1 inicia neste s\u00e1bado (20\/10) as plen\u00e1rias","og_url":"https:\/\/ubanews.com\/site\/2018\/10\/17\/orcamento-participativo-2019-comeca-neste-sabado-20-10\/","og_site_name":"Ub\u00e1 News","article_publisher":"https:\/\/www.facebook.com\/Ub%c3%a1News-Carlos-Roberto-Sodr%c3%a9-418778301977370","article_author":"https:\/\/www.facebook.com\/carosroberto.sodre.5\/","article_published_time":"2018-10-18T01:33:50+00:00","og_image":[{"width":800,"height":389,"url":"https:\/\/ubanews.com\/site\/wp-content\/uploads\/2018\/10\/153.jpg","type":"image\/jpeg"}],"author":"Sodr\u00e9","twitter_card":"summary_large_image","twitter_misc":{"Escrito por":"Sodr\u00e9","Est. tempo de leitura":"2 minutos"},"schema":{"@context":"https:\/\/schema.org","@graph":[{"@type":"Article","@id":"https:\/\/ubanews.com\/site\/2018\/10\/17\/orcamento-participativo-2019-comeca-neste-sabado-20-10\/#article","isPartOf":{"@id":"https:\/\/ubanews.com\/site\/2018\/10\/17\/orcamento-participativo-2019-comeca-neste-sabado-20-10\/"},"author":{"name":"Sodr\u00e9","@id":"https:\/\/ubanews.com\/site\/#\/schema\/person\/d90c9e47252fbb63dcc969fe4c8b9d10"},"headline":"Or\u00e7amento Participativo 2019 come\u00e7a\u00a0neste s\u00e1bado (20\/10)","datePublished":"2018-10-18T01:33:50+00:00","mainEntityOfPage":{"@id":"https:\/\/ubanews.com\/site\/2018\/10\/17\/orcamento-participativo-2019-comeca-neste-sabado-20-10\/"},"wordCount":348,"commentCount":0,"publisher":{"@id":"https:\/\/ubanews.com\/site\/#organization"},"image":{"@id":"https:\/\/ubanews.com\/site\/2018\/10\/17\/orcamento-participativo-2019-comeca-neste-sabado-20-10\/#primaryimage"},"thumbnailUrl":"https:\/\/ubanews.com\/site\/wp-content\/uploads\/2018\/10\/153.jpg","articleSection":["Prefeitura Municipal"],"inLanguage":"pt-BR","potentialAction":[{"@type":"CommentAction","name":"Comment","target":["https:\/\/ubanews.com\/site\/2018\/10\/17\/orcamento-participativo-2019-comeca-neste-sabado-20-10\/#respond"]}]},{"@type":"WebPage","@id":"https:\/\/ubanews.com\/site\/2018\/10\/17\/orcamento-participativo-2019-comeca-neste-sabado-20-10\/","url":"https:\/\/ubanews.com\/site\/2018\/10\/17\/orcamento-participativo-2019-comeca-neste-sabado-20-10\/","name":"Or\u00e7amento Participativo 2019 come\u00e7a\u00a0neste s\u00e1bado (20\/10) - Ub\u00e1 News","isPartOf":{"@id":"https:\/\/ubanews.com\/site\/#website"},"primaryImageOfPage":{"@id":"https:\/\/ubanews.com\/site\/2018\/10\/17\/orcamento-participativo-2019-comeca-neste-sabado-20-10\/#primaryimage"},"image":{"@id":"https:\/\/ubanews.com\/site\/2018\/10\/17\/orcamento-participativo-2019-comeca-neste-sabado-20-10\/#primaryimage"},"thumbnailUrl":"https:\/\/ubanews.com\/site\/wp-content\/uploads\/2018\/10\/153.jpg","datePublished":"2018-10-18T01:33:50+00:00","breadcrumb":{"@id":"https:\/\/ubanews.com\/site\/2018\/10\/17\/orcamento-participativo-2019-comeca-neste-sabado-20-10\/#breadcrumb"},"inLanguage":"pt-BR","potentialAction":[{"@type":"ReadAction","target":["https:\/\/ubanews.com\/site\/2018\/10\/17\/orcamento-participativo-2019-comeca-neste-sabado-20-10\/"]}]},{"@type":"ImageObject","inLanguage":"pt-BR","@id":"https:\/\/ubanews.com\/site\/2018\/10\/17\/orcamento-participativo-2019-comeca-neste-sabado-20-10\/#primaryimage","url":"https:\/\/ubanews.com\/site\/wp-content\/uploads\/2018\/10\/153.jpg","contentUrl":"https:\/\/ubanews.com\/site\/wp-content\/uploads\/2018\/10\/153.jpg","width":800,"height":389},{"@type":"BreadcrumbList","@id":"https:\/\/ubanews.com\/site\/2018\/10\/17\/orcamento-participativo-2019-comeca-neste-sabado-20-10\/#breadcrumb","itemListElement":[{"@type":"ListItem","position":1,"name":"Home","item":"https:\/\/ubanews.com\/site\/"},{"@type":"ListItem","position":2,"name":"Or\u00e7amento Participativo 2019 come\u00e7a\u00a0neste s\u00e1bado (20\/10)"}]},{"@type":"WebSite","@id":"https:\/\/ubanews.com\/site\/#website","url":"https:\/\/ubanews.com\/site\/","name":"Ub\u00e1 News","description":"","publisher":{"@id":"https:\/\/ubanews.com\/site\/#organization"},"potentialAction":[{"@type":"SearchAction","target":{"@type":"EntryPoint","urlTemplate":"https:\/\/ubanews.com\/site\/?s={search_term_string}"},"query-input":{"@type":"PropertyValueSpecification","valueRequired":true,"valueName":"search_term_string"}}],"inLanguage":"pt-BR"},{"@type":"Organization","@id":"https:\/\/ubanews.com\/site\/#organization","name":"Ub\u00e1 News","url":"https:\/\/ubanews.com\/site\/","logo":{"@type":"ImageObject","inLanguage":"pt-BR","@id":"https:\/\/ubanews.com\/site\/#\/schema\/logo\/image\/","url":"https:\/\/ubanews.com\/site\/wp-content\/uploads\/2018\/01\/logoubanews.png","contentUrl":"https:\/\/ubanews.com\/site\/wp-content\/uploads\/2018\/01\/logoubanews.png","width":261,"height":99,"caption":"Ub\u00e1 News"},"image":{"@id":"https:\/\/ubanews.com\/site\/#\/schema\/logo\/image\/"},"sameAs":["https:\/\/www.facebook.com\/Ub\u00e1News-Carlos-Roberto-Sodr\u00e9-418778301977370"]},{"@type":"Person","@id":"https:\/\/ubanews.com\/site\/#\/schema\/person\/d90c9e47252fbb63dcc969fe4c8b9d10","name":"Sodr\u00e9","image":{"@type":"ImageObject","inLanguage":"pt-BR","@id":"https:\/\/secure.gravatar.com\/avatar\/5ba2793f0590b9dbfad3fdec4ee714485b3eef211c9b32ee53d414060454a56c?s=96&d=mm&r=g","url":"https:\/\/secure.gravatar.com\/avatar\/5ba2793f0590b9dbfad3fdec4ee714485b3eef211c9b32ee53d414060454a56c?s=96&d=mm&r=g","contentUrl":"https:\/\/secure.gravatar.com\/avatar\/5ba2793f0590b9dbfad3fdec4ee714485b3eef211c9b32ee53d414060454a56c?s=96&d=mm&r=g","caption":"Sodr\u00e9"},"sameAs":["https:\/\/www.facebook.com\/carosroberto.sodre.5\/"],"url":"https:\/\/ubanews.com\/site\/author\/felipe\/"}]}},"_links":{"self":[{"href":"https:\/\/ubanews.com\/site\/wp-json\/wp\/v2\/posts\/8393","targetHints":{"allow":["GET"]}}],"collection":[{"href":"https:\/\/ubanews.com\/site\/wp-json\/wp\/v2\/posts"}],"about":[{"href":"https:\/\/ubanews.com\/site\/wp-json\/wp\/v2\/types\/post"}],"author":[{"embeddable":true,"href":"https:\/\/ubanews.com\/site\/wp-json\/wp\/v2\/users\/2"}],"replies":[{"embeddable":true,"href":"https:\/\/ubanews.com\/site\/wp-json\/wp\/v2\/comments?post=8393"}],"version-history":[{"count":0,"href":"https:\/\/ubanews.com\/site\/wp-json\/wp\/v2\/posts\/8393\/revisions"}],"wp:featuredmedia":[{"embeddable":true,"href":"https:\/\/ubanews.com\/site\/wp-json\/wp\/v2\/media\/8395"}],"wp:attachment":[{"href":"https:\/\/ubanews.com\/site\/wp-json\/wp\/v2\/media?parent=8393"}],"wp:term":[{"taxonomy":"category","embeddable":true,"href":"https:\/\/ubanews.com\/site\/wp-json\/wp\/v2\/categories?post=8393"},{"taxonomy":"post_tag","embeddable":true,"href":"https:\/\/ubanews.com\/site\/wp-json\/wp\/v2\/tags?post=8393"}],"curies":[{"name":"wp","href":"https:\/\/api.w.org\/{rel}","templated":true}]}}