{"id":8369,"date":"2018-10-17T18:40:05","date_gmt":"2018-10-17T21:40:05","guid":{"rendered":"http:\/\/ubanews.com\/site\/?p=8369"},"modified":"2018-10-26T18:54:56","modified_gmt":"2018-10-26T21:54:56","slug":"salomao-curi-e-regiane-goncalves-comemoram-a-chegada-dos-gemeos-joaquim-e-alice","status":"publish","type":"post","link":"https:\/\/ubanews.com\/site\/2018\/10\/17\/salomao-curi-e-regiane-goncalves-comemoram-a-chegada-dos-gemeos-joaquim-e-alice\/","title":{"rendered":"Salom\u00e3o Curi e Regiane Gon\u00e7alves comemoram a chegada dos g\u00eameos Joaquim e Alice"},"content":{"rendered":"<p><a href=\"https:\/\/ubanews.com\/site\/wp-content\/uploads\/2018\/10\/WhatsApp-Image-2018-10-17-at-16.18.37-1.jpeg\"><img decoding=\"async\" class=\"alignnone size-medium wp-image-8363 lazyload\" data-src=\"https:\/\/ubanews.com\/site\/wp-content\/uploads\/2018\/10\/WhatsApp-Image-2018-10-17-at-16.18.37-1-300x187.jpeg\" alt=\"\" width=\"300\" height=\"187\" data-srcset=\"https:\/\/ubanews.com\/site\/wp-content\/uploads\/2018\/10\/WhatsApp-Image-2018-10-17-at-16.18.37-1-300x187.jpeg 300w, https:\/\/ubanews.com\/site\/wp-content\/uploads\/2018\/10\/WhatsApp-Image-2018-10-17-at-16.18.37-1-768x478.jpeg 768w, https:\/\/ubanews.com\/site\/wp-content\/uploads\/2018\/10\/WhatsApp-Image-2018-10-17-at-16.18.37-1.jpeg 800w\" data-sizes=\"(max-width: 300px) 100vw, 300px\" src=\"data:image\/svg+xml;base64,PHN2ZyB3aWR0aD0iMSIgaGVpZ2h0PSIxIiB4bWxucz0iaHR0cDovL3d3dy53My5vcmcvMjAwMC9zdmciPjwvc3ZnPg==\" style=\"--smush-placeholder-width: 300px; --smush-placeholder-aspect-ratio: 300\/187;\" \/><\/a> <a href=\"https:\/\/ubanews.com\/site\/wp-content\/uploads\/2018\/10\/WhatsApp-Image-2018-10-17-at-16.18.37-2.jpeg\"><img decoding=\"async\" class=\"alignnone size-medium wp-image-8364 lazyload\" data-src=\"https:\/\/ubanews.com\/site\/wp-content\/uploads\/2018\/10\/WhatsApp-Image-2018-10-17-at-16.18.37-2-169x300.jpeg\" alt=\"\" width=\"169\" height=\"300\" data-srcset=\"https:\/\/ubanews.com\/site\/wp-content\/uploads\/2018\/10\/WhatsApp-Image-2018-10-17-at-16.18.37-2-169x300.jpeg 169w, https:\/\/ubanews.com\/site\/wp-content\/uploads\/2018\/10\/WhatsApp-Image-2018-10-17-at-16.18.37-2.jpeg 338w\" data-sizes=\"(max-width: 169px) 100vw, 169px\" src=\"data:image\/svg+xml;base64,PHN2ZyB3aWR0aD0iMSIgaGVpZ2h0PSIxIiB4bWxucz0iaHR0cDovL3d3dy53My5vcmcvMjAwMC9zdmciPjwvc3ZnPg==\" style=\"--smush-placeholder-width: 169px; --smush-placeholder-aspect-ratio: 169\/300;\" \/><\/a><\/p>\n<p><a href=\"https:\/\/ubanews.com\/site\/wp-content\/uploads\/2018\/10\/WhatsApp-Image-2018-10-17-at-16.18.37-3.jpeg\"><img decoding=\"async\" class=\"alignnone size-medium wp-image-8365 lazyload\" data-src=\"https:\/\/ubanews.com\/site\/wp-content\/uploads\/2018\/10\/WhatsApp-Image-2018-10-17-at-16.18.37-3-225x300.jpeg\" alt=\"\" width=\"225\" height=\"300\" data-srcset=\"https:\/\/ubanews.com\/site\/wp-content\/uploads\/2018\/10\/WhatsApp-Image-2018-10-17-at-16.18.37-3-225x300.jpeg 225w, https:\/\/ubanews.com\/site\/wp-content\/uploads\/2018\/10\/WhatsApp-Image-2018-10-17-at-16.18.37-3.jpeg 450w\" data-sizes=\"(max-width: 225px) 100vw, 225px\" src=\"data:image\/svg+xml;base64,PHN2ZyB3aWR0aD0iMSIgaGVpZ2h0PSIxIiB4bWxucz0iaHR0cDovL3d3dy53My5vcmcvMjAwMC9zdmciPjwvc3ZnPg==\" style=\"--smush-placeholder-width: 225px; --smush-placeholder-aspect-ratio: 225\/300;\" \/><\/a> <a href=\"https:\/\/ubanews.com\/site\/wp-content\/uploads\/2018\/10\/WhatsApp-Image-2018-10-17-at-16.18.37.jpeg\"><img decoding=\"async\" class=\"alignnone size-medium wp-image-8366 lazyload\" data-src=\"https:\/\/ubanews.com\/site\/wp-content\/uploads\/2018\/10\/WhatsApp-Image-2018-10-17-at-16.18.37-286x300.jpeg\" alt=\"\" width=\"286\" height=\"300\" data-srcset=\"https:\/\/ubanews.com\/site\/wp-content\/uploads\/2018\/10\/WhatsApp-Image-2018-10-17-at-16.18.37-286x300.jpeg 286w, https:\/\/ubanews.com\/site\/wp-content\/uploads\/2018\/10\/WhatsApp-Image-2018-10-17-at-16.18.37.jpeg 571w\" data-sizes=\"(max-width: 286px) 100vw, 286px\" src=\"data:image\/svg+xml;base64,PHN2ZyB3aWR0aD0iMSIgaGVpZ2h0PSIxIiB4bWxucz0iaHR0cDovL3d3dy53My5vcmcvMjAwMC9zdmciPjwvc3ZnPg==\" style=\"--smush-placeholder-width: 286px; --smush-placeholder-aspect-ratio: 286\/300;\" \/><\/a><\/p>\n<p>Joaquim e Alice chegaram um pouco antes do combindo, por\u00e9m, trazendo para os pais Salom\u00e3o Curi e Regiane Gon\u00e7alves uma alegria incontida. A previs\u00e3o era de que os irm\u00e3ozinhos de Ana Beatriz chegassem a partir do dia dezenove, mas essa data foi antecipada! O mais importante \u00e9 informar que todos passam muito bem, como nos informou, por telefone, o pai mais feliz da cidade de Ub\u00e1 na data de 17 de outubro! O Portal de Not\u00edcias Ub\u00e1 News registra e deseja muitas alegrias aos familiares! Em nome do respons\u00e1vel pela edi\u00e7\u00e3o das mat\u00e9rias veiculadas e de toda equipe nossa homenagem ao casal de amigos Salom\u00e3o e Regiane. Sejam bem vindos, Joaquim e Alice! Deus aben\u00e7\u00f5e essa fam\u00edlia!!!<\/p>\n","protected":false},"excerpt":{"rendered":"<p>Joaquim e Alice chegaram um pouco antes do combindo, por\u00e9m,<\/p>\n","protected":false},"author":2,"featured_media":8362,"comment_status":"open","ping_status":"open","sticky":false,"template":"","format":"standard","meta":{"footnotes":""},"categories":[1],"tags":[],"class_list":["post-8369","post","type-post","status-publish","format-standard","has-post-thumbnail","hentry","category-sem-categoria"],"yoast_head":"<!-- This site is optimized with the Yoast SEO plugin v27.2 - https:\/\/yoast.com\/product\/yoast-seo-wordpress\/ -->\n<title>Salom\u00e3o Curi e Regiane Gon\u00e7alves comemoram a chegada dos g\u00eameos Joaquim e Alice - Ub\u00e1 News<\/title>\n<meta name=\"robots\" content=\"index, follow, max-snippet:-1, max-image-preview:large, max-video-preview:-1\" \/>\n<link rel=\"canonical\" href=\"https:\/\/ubanews.com\/site\/2018\/10\/17\/salomao-curi-e-regiane-goncalves-comemoram-a-chegada-dos-gemeos-joaquim-e-alice\/\" \/>\n<meta property=\"og:locale\" content=\"pt_BR\" \/>\n<meta property=\"og:type\" content=\"article\" \/>\n<meta property=\"og:title\" content=\"Salom\u00e3o Curi e Regiane Gon\u00e7alves comemoram a chegada dos g\u00eameos Joaquim e Alice - Ub\u00e1 News\" \/>\n<meta property=\"og:description\" content=\"Joaquim e Alice chegaram um pouco antes do combindo, por\u00e9m,\" \/>\n<meta property=\"og:url\" content=\"https:\/\/ubanews.com\/site\/2018\/10\/17\/salomao-curi-e-regiane-goncalves-comemoram-a-chegada-dos-gemeos-joaquim-e-alice\/\" \/>\n<meta property=\"og:site_name\" content=\"Ub\u00e1 News\" \/>\n<meta property=\"article:publisher\" content=\"https:\/\/www.facebook.com\/Ub%c3%a1News-Carlos-Roberto-Sodr%c3%a9-418778301977370\" \/>\n<meta property=\"article:author\" content=\"https:\/\/www.facebook.com\/carosroberto.sodre.5\/\" \/>\n<meta property=\"article:published_time\" content=\"2018-10-17T21:40:05+00:00\" \/>\n<meta property=\"article:modified_time\" content=\"2018-10-26T21:54:56+00:00\" \/>\n<meta property=\"og:image\" content=\"https:\/\/ubanews.com\/site\/wp-content\/uploads\/2018\/10\/150.jpg\" \/>\n\t<meta property=\"og:image:width\" content=\"800\" \/>\n\t<meta property=\"og:image:height\" content=\"389\" \/>\n\t<meta property=\"og:image:type\" content=\"image\/jpeg\" \/>\n<meta name=\"author\" content=\"Sodr\u00e9\" \/>\n<meta name=\"twitter:card\" content=\"summary_large_image\" \/>\n<meta name=\"twitter:label1\" content=\"Escrito por\" \/>\n\t<meta name=\"twitter:data1\" content=\"Sodr\u00e9\" \/>\n\t<meta name=\"twitter:label2\" content=\"Est. tempo de leitura\" \/>\n\t<meta name=\"twitter:data2\" content=\"1 minuto\" \/>\n<script type=\"application\/ld+json\" class=\"yoast-schema-graph\">{\"@context\":\"https:\/\/schema.org\",\"@graph\":[{\"@type\":\"Article\",\"@id\":\"https:\/\/ubanews.com\/site\/2018\/10\/17\/salomao-curi-e-regiane-goncalves-comemoram-a-chegada-dos-gemeos-joaquim-e-alice\/#article\",\"isPartOf\":{\"@id\":\"https:\/\/ubanews.com\/site\/2018\/10\/17\/salomao-curi-e-regiane-goncalves-comemoram-a-chegada-dos-gemeos-joaquim-e-alice\/\"},\"author\":{\"name\":\"Sodr\u00e9\",\"@id\":\"https:\/\/ubanews.com\/site\/#\/schema\/person\/d90c9e47252fbb63dcc969fe4c8b9d10\"},\"headline\":\"Salom\u00e3o Curi e Regiane Gon\u00e7alves comemoram a chegada dos g\u00eameos Joaquim e Alice\",\"datePublished\":\"2018-10-17T21:40:05+00:00\",\"dateModified\":\"2018-10-26T21:54:56+00:00\",\"mainEntityOfPage\":{\"@id\":\"https:\/\/ubanews.com\/site\/2018\/10\/17\/salomao-curi-e-regiane-goncalves-comemoram-a-chegada-dos-gemeos-joaquim-e-alice\/\"},\"wordCount\":143,\"commentCount\":2,\"publisher\":{\"@id\":\"https:\/\/ubanews.com\/site\/#organization\"},\"image\":{\"@id\":\"https:\/\/ubanews.com\/site\/2018\/10\/17\/salomao-curi-e-regiane-goncalves-comemoram-a-chegada-dos-gemeos-joaquim-e-alice\/#primaryimage\"},\"thumbnailUrl\":\"https:\/\/ubanews.com\/site\/wp-content\/uploads\/2018\/10\/150.jpg\",\"articleSection\":[\"Geral\"],\"inLanguage\":\"pt-BR\",\"potentialAction\":[{\"@type\":\"CommentAction\",\"name\":\"Comment\",\"target\":[\"https:\/\/ubanews.com\/site\/2018\/10\/17\/salomao-curi-e-regiane-goncalves-comemoram-a-chegada-dos-gemeos-joaquim-e-alice\/#respond\"]}]},{\"@type\":\"WebPage\",\"@id\":\"https:\/\/ubanews.com\/site\/2018\/10\/17\/salomao-curi-e-regiane-goncalves-comemoram-a-chegada-dos-gemeos-joaquim-e-alice\/\",\"url\":\"https:\/\/ubanews.com\/site\/2018\/10\/17\/salomao-curi-e-regiane-goncalves-comemoram-a-chegada-dos-gemeos-joaquim-e-alice\/\",\"name\":\"Salom\u00e3o Curi e Regiane Gon\u00e7alves comemoram a chegada dos g\u00eameos Joaquim e Alice - Ub\u00e1 News\",\"isPartOf\":{\"@id\":\"https:\/\/ubanews.com\/site\/#website\"},\"primaryImageOfPage\":{\"@id\":\"https:\/\/ubanews.com\/site\/2018\/10\/17\/salomao-curi-e-regiane-goncalves-comemoram-a-chegada-dos-gemeos-joaquim-e-alice\/#primaryimage\"},\"image\":{\"@id\":\"https:\/\/ubanews.com\/site\/2018\/10\/17\/salomao-curi-e-regiane-goncalves-comemoram-a-chegada-dos-gemeos-joaquim-e-alice\/#primaryimage\"},\"thumbnailUrl\":\"https:\/\/ubanews.com\/site\/wp-content\/uploads\/2018\/10\/150.jpg\",\"datePublished\":\"2018-10-17T21:40:05+00:00\",\"dateModified\":\"2018-10-26T21:54:56+00:00\",\"breadcrumb\":{\"@id\":\"https:\/\/ubanews.com\/site\/2018\/10\/17\/salomao-curi-e-regiane-goncalves-comemoram-a-chegada-dos-gemeos-joaquim-e-alice\/#breadcrumb\"},\"inLanguage\":\"pt-BR\",\"potentialAction\":[{\"@type\":\"ReadAction\",\"target\":[\"https:\/\/ubanews.com\/site\/2018\/10\/17\/salomao-curi-e-regiane-goncalves-comemoram-a-chegada-dos-gemeos-joaquim-e-alice\/\"]}]},{\"@type\":\"ImageObject\",\"inLanguage\":\"pt-BR\",\"@id\":\"https:\/\/ubanews.com\/site\/2018\/10\/17\/salomao-curi-e-regiane-goncalves-comemoram-a-chegada-dos-gemeos-joaquim-e-alice\/#primaryimage\",\"url\":\"https:\/\/ubanews.com\/site\/wp-content\/uploads\/2018\/10\/150.jpg\",\"contentUrl\":\"https:\/\/ubanews.com\/site\/wp-content\/uploads\/2018\/10\/150.jpg\",\"width\":800,\"height\":389},{\"@type\":\"BreadcrumbList\",\"@id\":\"https:\/\/ubanews.com\/site\/2018\/10\/17\/salomao-curi-e-regiane-goncalves-comemoram-a-chegada-dos-gemeos-joaquim-e-alice\/#breadcrumb\",\"itemListElement\":[{\"@type\":\"ListItem\",\"position\":1,\"name\":\"Home\",\"item\":\"https:\/\/ubanews.com\/site\/\"},{\"@type\":\"ListItem\",\"position\":2,\"name\":\"Salom\u00e3o Curi e Regiane Gon\u00e7alves comemoram a chegada dos g\u00eameos Joaquim e Alice\"}]},{\"@type\":\"WebSite\",\"@id\":\"https:\/\/ubanews.com\/site\/#website\",\"url\":\"https:\/\/ubanews.com\/site\/\",\"name\":\"Ub\u00e1 News\",\"description\":\"\",\"publisher\":{\"@id\":\"https:\/\/ubanews.com\/site\/#organization\"},\"potentialAction\":[{\"@type\":\"SearchAction\",\"target\":{\"@type\":\"EntryPoint\",\"urlTemplate\":\"https:\/\/ubanews.com\/site\/?s={search_term_string}\"},\"query-input\":{\"@type\":\"PropertyValueSpecification\",\"valueRequired\":true,\"valueName\":\"search_term_string\"}}],\"inLanguage\":\"pt-BR\"},{\"@type\":\"Organization\",\"@id\":\"https:\/\/ubanews.com\/site\/#organization\",\"name\":\"Ub\u00e1 News\",\"url\":\"https:\/\/ubanews.com\/site\/\",\"logo\":{\"@type\":\"ImageObject\",\"inLanguage\":\"pt-BR\",\"@id\":\"https:\/\/ubanews.com\/site\/#\/schema\/logo\/image\/\",\"url\":\"https:\/\/ubanews.com\/site\/wp-content\/uploads\/2018\/01\/logoubanews.png\",\"contentUrl\":\"https:\/\/ubanews.com\/site\/wp-content\/uploads\/2018\/01\/logoubanews.png\",\"width\":261,\"height\":99,\"caption\":\"Ub\u00e1 News\"},\"image\":{\"@id\":\"https:\/\/ubanews.com\/site\/#\/schema\/logo\/image\/\"},\"sameAs\":[\"https:\/\/www.facebook.com\/Ub\u00e1News-Carlos-Roberto-Sodr\u00e9-418778301977370\"]},{\"@type\":\"Person\",\"@id\":\"https:\/\/ubanews.com\/site\/#\/schema\/person\/d90c9e47252fbb63dcc969fe4c8b9d10\",\"name\":\"Sodr\u00e9\",\"image\":{\"@type\":\"ImageObject\",\"inLanguage\":\"pt-BR\",\"@id\":\"https:\/\/secure.gravatar.com\/avatar\/5ba2793f0590b9dbfad3fdec4ee714485b3eef211c9b32ee53d414060454a56c?s=96&d=mm&r=g\",\"url\":\"https:\/\/secure.gravatar.com\/avatar\/5ba2793f0590b9dbfad3fdec4ee714485b3eef211c9b32ee53d414060454a56c?s=96&d=mm&r=g\",\"contentUrl\":\"https:\/\/secure.gravatar.com\/avatar\/5ba2793f0590b9dbfad3fdec4ee714485b3eef211c9b32ee53d414060454a56c?s=96&d=mm&r=g\",\"caption\":\"Sodr\u00e9\"},\"sameAs\":[\"https:\/\/www.facebook.com\/carosroberto.sodre.5\/\"],\"url\":\"https:\/\/ubanews.com\/site\/author\/felipe\/\"}]}<\/script>\n<!-- \/ Yoast SEO plugin. -->","yoast_head_json":{"title":"Salom\u00e3o Curi e Regiane Gon\u00e7alves comemoram a chegada dos g\u00eameos Joaquim e Alice - Ub\u00e1 News","robots":{"index":"index","follow":"follow","max-snippet":"max-snippet:-1","max-image-preview":"max-image-preview:large","max-video-preview":"max-video-preview:-1"},"canonical":"https:\/\/ubanews.com\/site\/2018\/10\/17\/salomao-curi-e-regiane-goncalves-comemoram-a-chegada-dos-gemeos-joaquim-e-alice\/","og_locale":"pt_BR","og_type":"article","og_title":"Salom\u00e3o Curi e Regiane Gon\u00e7alves comemoram a chegada dos g\u00eameos Joaquim e Alice - Ub\u00e1 News","og_description":"Joaquim e Alice chegaram um pouco antes do combindo, por\u00e9m,","og_url":"https:\/\/ubanews.com\/site\/2018\/10\/17\/salomao-curi-e-regiane-goncalves-comemoram-a-chegada-dos-gemeos-joaquim-e-alice\/","og_site_name":"Ub\u00e1 News","article_publisher":"https:\/\/www.facebook.com\/Ub%c3%a1News-Carlos-Roberto-Sodr%c3%a9-418778301977370","article_author":"https:\/\/www.facebook.com\/carosroberto.sodre.5\/","article_published_time":"2018-10-17T21:40:05+00:00","article_modified_time":"2018-10-26T21:54:56+00:00","og_image":[{"width":800,"height":389,"url":"https:\/\/ubanews.com\/site\/wp-content\/uploads\/2018\/10\/150.jpg","type":"image\/jpeg"}],"author":"Sodr\u00e9","twitter_card":"summary_large_image","twitter_misc":{"Escrito por":"Sodr\u00e9","Est. tempo de leitura":"1 minuto"},"schema":{"@context":"https:\/\/schema.org","@graph":[{"@type":"Article","@id":"https:\/\/ubanews.com\/site\/2018\/10\/17\/salomao-curi-e-regiane-goncalves-comemoram-a-chegada-dos-gemeos-joaquim-e-alice\/#article","isPartOf":{"@id":"https:\/\/ubanews.com\/site\/2018\/10\/17\/salomao-curi-e-regiane-goncalves-comemoram-a-chegada-dos-gemeos-joaquim-e-alice\/"},"author":{"name":"Sodr\u00e9","@id":"https:\/\/ubanews.com\/site\/#\/schema\/person\/d90c9e47252fbb63dcc969fe4c8b9d10"},"headline":"Salom\u00e3o Curi e Regiane Gon\u00e7alves comemoram a chegada dos g\u00eameos Joaquim e Alice","datePublished":"2018-10-17T21:40:05+00:00","dateModified":"2018-10-26T21:54:56+00:00","mainEntityOfPage":{"@id":"https:\/\/ubanews.com\/site\/2018\/10\/17\/salomao-curi-e-regiane-goncalves-comemoram-a-chegada-dos-gemeos-joaquim-e-alice\/"},"wordCount":143,"commentCount":2,"publisher":{"@id":"https:\/\/ubanews.com\/site\/#organization"},"image":{"@id":"https:\/\/ubanews.com\/site\/2018\/10\/17\/salomao-curi-e-regiane-goncalves-comemoram-a-chegada-dos-gemeos-joaquim-e-alice\/#primaryimage"},"thumbnailUrl":"https:\/\/ubanews.com\/site\/wp-content\/uploads\/2018\/10\/150.jpg","articleSection":["Geral"],"inLanguage":"pt-BR","potentialAction":[{"@type":"CommentAction","name":"Comment","target":["https:\/\/ubanews.com\/site\/2018\/10\/17\/salomao-curi-e-regiane-goncalves-comemoram-a-chegada-dos-gemeos-joaquim-e-alice\/#respond"]}]},{"@type":"WebPage","@id":"https:\/\/ubanews.com\/site\/2018\/10\/17\/salomao-curi-e-regiane-goncalves-comemoram-a-chegada-dos-gemeos-joaquim-e-alice\/","url":"https:\/\/ubanews.com\/site\/2018\/10\/17\/salomao-curi-e-regiane-goncalves-comemoram-a-chegada-dos-gemeos-joaquim-e-alice\/","name":"Salom\u00e3o Curi e Regiane Gon\u00e7alves comemoram a chegada dos g\u00eameos Joaquim e Alice - Ub\u00e1 News","isPartOf":{"@id":"https:\/\/ubanews.com\/site\/#website"},"primaryImageOfPage":{"@id":"https:\/\/ubanews.com\/site\/2018\/10\/17\/salomao-curi-e-regiane-goncalves-comemoram-a-chegada-dos-gemeos-joaquim-e-alice\/#primaryimage"},"image":{"@id":"https:\/\/ubanews.com\/site\/2018\/10\/17\/salomao-curi-e-regiane-goncalves-comemoram-a-chegada-dos-gemeos-joaquim-e-alice\/#primaryimage"},"thumbnailUrl":"https:\/\/ubanews.com\/site\/wp-content\/uploads\/2018\/10\/150.jpg","datePublished":"2018-10-17T21:40:05+00:00","dateModified":"2018-10-26T21:54:56+00:00","breadcrumb":{"@id":"https:\/\/ubanews.com\/site\/2018\/10\/17\/salomao-curi-e-regiane-goncalves-comemoram-a-chegada-dos-gemeos-joaquim-e-alice\/#breadcrumb"},"inLanguage":"pt-BR","potentialAction":[{"@type":"ReadAction","target":["https:\/\/ubanews.com\/site\/2018\/10\/17\/salomao-curi-e-regiane-goncalves-comemoram-a-chegada-dos-gemeos-joaquim-e-alice\/"]}]},{"@type":"ImageObject","inLanguage":"pt-BR","@id":"https:\/\/ubanews.com\/site\/2018\/10\/17\/salomao-curi-e-regiane-goncalves-comemoram-a-chegada-dos-gemeos-joaquim-e-alice\/#primaryimage","url":"https:\/\/ubanews.com\/site\/wp-content\/uploads\/2018\/10\/150.jpg","contentUrl":"https:\/\/ubanews.com\/site\/wp-content\/uploads\/2018\/10\/150.jpg","width":800,"height":389},{"@type":"BreadcrumbList","@id":"https:\/\/ubanews.com\/site\/2018\/10\/17\/salomao-curi-e-regiane-goncalves-comemoram-a-chegada-dos-gemeos-joaquim-e-alice\/#breadcrumb","itemListElement":[{"@type":"ListItem","position":1,"name":"Home","item":"https:\/\/ubanews.com\/site\/"},{"@type":"ListItem","position":2,"name":"Salom\u00e3o Curi e Regiane Gon\u00e7alves comemoram a chegada dos g\u00eameos Joaquim e Alice"}]},{"@type":"WebSite","@id":"https:\/\/ubanews.com\/site\/#website","url":"https:\/\/ubanews.com\/site\/","name":"Ub\u00e1 News","description":"","publisher":{"@id":"https:\/\/ubanews.com\/site\/#organization"},"potentialAction":[{"@type":"SearchAction","target":{"@type":"EntryPoint","urlTemplate":"https:\/\/ubanews.com\/site\/?s={search_term_string}"},"query-input":{"@type":"PropertyValueSpecification","valueRequired":true,"valueName":"search_term_string"}}],"inLanguage":"pt-BR"},{"@type":"Organization","@id":"https:\/\/ubanews.com\/site\/#organization","name":"Ub\u00e1 News","url":"https:\/\/ubanews.com\/site\/","logo":{"@type":"ImageObject","inLanguage":"pt-BR","@id":"https:\/\/ubanews.com\/site\/#\/schema\/logo\/image\/","url":"https:\/\/ubanews.com\/site\/wp-content\/uploads\/2018\/01\/logoubanews.png","contentUrl":"https:\/\/ubanews.com\/site\/wp-content\/uploads\/2018\/01\/logoubanews.png","width":261,"height":99,"caption":"Ub\u00e1 News"},"image":{"@id":"https:\/\/ubanews.com\/site\/#\/schema\/logo\/image\/"},"sameAs":["https:\/\/www.facebook.com\/Ub\u00e1News-Carlos-Roberto-Sodr\u00e9-418778301977370"]},{"@type":"Person","@id":"https:\/\/ubanews.com\/site\/#\/schema\/person\/d90c9e47252fbb63dcc969fe4c8b9d10","name":"Sodr\u00e9","image":{"@type":"ImageObject","inLanguage":"pt-BR","@id":"https:\/\/secure.gravatar.com\/avatar\/5ba2793f0590b9dbfad3fdec4ee714485b3eef211c9b32ee53d414060454a56c?s=96&d=mm&r=g","url":"https:\/\/secure.gravatar.com\/avatar\/5ba2793f0590b9dbfad3fdec4ee714485b3eef211c9b32ee53d414060454a56c?s=96&d=mm&r=g","contentUrl":"https:\/\/secure.gravatar.com\/avatar\/5ba2793f0590b9dbfad3fdec4ee714485b3eef211c9b32ee53d414060454a56c?s=96&d=mm&r=g","caption":"Sodr\u00e9"},"sameAs":["https:\/\/www.facebook.com\/carosroberto.sodre.5\/"],"url":"https:\/\/ubanews.com\/site\/author\/felipe\/"}]}},"_links":{"self":[{"href":"https:\/\/ubanews.com\/site\/wp-json\/wp\/v2\/posts\/8369","targetHints":{"allow":["GET"]}}],"collection":[{"href":"https:\/\/ubanews.com\/site\/wp-json\/wp\/v2\/posts"}],"about":[{"href":"https:\/\/ubanews.com\/site\/wp-json\/wp\/v2\/types\/post"}],"author":[{"embeddable":true,"href":"https:\/\/ubanews.com\/site\/wp-json\/wp\/v2\/users\/2"}],"replies":[{"embeddable":true,"href":"https:\/\/ubanews.com\/site\/wp-json\/wp\/v2\/comments?post=8369"}],"version-history":[{"count":0,"href":"https:\/\/ubanews.com\/site\/wp-json\/wp\/v2\/posts\/8369\/revisions"}],"wp:featuredmedia":[{"embeddable":true,"href":"https:\/\/ubanews.com\/site\/wp-json\/wp\/v2\/media\/8362"}],"wp:attachment":[{"href":"https:\/\/ubanews.com\/site\/wp-json\/wp\/v2\/media?parent=8369"}],"wp:term":[{"taxonomy":"category","embeddable":true,"href":"https:\/\/ubanews.com\/site\/wp-json\/wp\/v2\/categories?post=8369"},{"taxonomy":"post_tag","embeddable":true,"href":"https:\/\/ubanews.com\/site\/wp-json\/wp\/v2\/tags?post=8369"}],"curies":[{"name":"wp","href":"https:\/\/api.w.org\/{rel}","templated":true}]}}