{"id":8322,"date":"2018-10-15T20:14:10","date_gmt":"2018-10-15T23:14:10","guid":{"rendered":"http:\/\/ubanews.com\/site\/?p=8322"},"modified":"2018-10-19T10:54:16","modified_gmt":"2018-10-19T13:54:16","slug":"ha-meio-seculo-transformando-vidas-atraves-da-educacao","status":"publish","type":"post","link":"https:\/\/ubanews.com\/site\/2018\/10\/15\/ha-meio-seculo-transformando-vidas-atraves-da-educacao\/","title":{"rendered":"H\u00c1 MEIO S\u00c9CULO TRANSFORMANDO VIDAS ATRAV\u00c9S DA EDUCA\u00c7\u00c3O"},"content":{"rendered":"<p><!--more--><\/p>\n<p>A interprete e atriz Leci Brand\u00e3o canta uma das mais bonitas can\u00e7\u00f5es em forma de homenagens aos mestres. A m\u00fasica \u201cAnjos da Guarda\u201d \u00e9 uma alus\u00e3o e uma maneira de presentear aos professores. Creio que quando a artista gravou ela e o autor quiseram, de certa forma, parabenizar, principalmente, \u00e0queles mais an\u00f4nimos. Como os guardi\u00f5es da Escola P\u00fablica Estadual ou Municipal, por exemplo. Se n\u00e3o bastasse esses profissionais viverem de forma quase impercept\u00edvel, ainda s\u00e3o mal remunerados e muitas vezes s\u00e3o desrespeitados, marginalizados, colocados \u00e0s margens da sociedade por todos os governos de todas as inst\u00e2ncias. \u00c0s vezes n\u00e3o gozam do respeito nem das fam\u00edlias, e em alguns casos, nem dos maiores gestores.<a href=\"https:\/\/ubanews.com\/site\/wp-content\/uploads\/2018\/08\/ELETRO-SENA-AUTOMOTIVA-2.jpg\"><img decoding=\"async\" class=\"alignnone wp-image-7016 size-full lazyload\" data-src=\"https:\/\/ubanews.com\/site\/wp-content\/uploads\/2018\/08\/ELETRO-SENA-AUTOMOTIVA-2.jpg\" alt=\"\" width=\"800\" height=\"264\" data-srcset=\"https:\/\/ubanews.com\/site\/wp-content\/uploads\/2018\/08\/ELETRO-SENA-AUTOMOTIVA-2.jpg 800w, https:\/\/ubanews.com\/site\/wp-content\/uploads\/2018\/08\/ELETRO-SENA-AUTOMOTIVA-2-300x99.jpg 300w, https:\/\/ubanews.com\/site\/wp-content\/uploads\/2018\/08\/ELETRO-SENA-AUTOMOTIVA-2-768x253.jpg 768w\" data-sizes=\"(max-width: 800px) 100vw, 800px\" src=\"data:image\/svg+xml;base64,PHN2ZyB3aWR0aD0iMSIgaGVpZ2h0PSIxIiB4bWxucz0iaHR0cDovL3d3dy53My5vcmcvMjAwMC9zdmciPjwvc3ZnPg==\" style=\"--smush-placeholder-width: 800px; --smush-placeholder-aspect-ratio: 800\/264;\" \/><\/a><\/p>\n<p>O professor Joaquim Carlos de Souza ingressou na Escola Estadual Carlos Peixoto Filho (Polivalente) em 08 de mar\u00e7o de 1972. No entanto, nesta \u00e9poca o professor Joaquim j\u00e1 lecionava, portanto cabe a ele o t\u00edtulo de meio s\u00e9culo como educador. Na institui\u00e7\u00e3o citada ele foi professor, vice-diretor e diretor. Apesar de ser hoje um aposentado, gosto sempre de se intitular como: \u201cal\u00e9m de professor acredito que cabe em mim o sin\u00f4nimo de educador\u201d. O que ele tem toda raz\u00e3o. Nesta data de 15 de outubro de tantos significados para homens e mulheres que transformam vidas em moldam personalidades, nossa homenagem atrav\u00e9s da entrevista concedida ao Portal de Not\u00edcias Ub\u00e1 News com o grande mestre Joaquim Carlos de Souza.<\/p>\n<div style=\"position: relative; height: 0; padding-bottom: 56.25%;\"><iframe style=\"position: absolute; width: 100%; height: 100%; left: 0;\" data-src=\"https:\/\/www.youtube.com\/embed\/n08bCrLNWC8?ecver=2\" width=\"640\" height=\"360\" frameborder=\"0\" allowfullscreen=\"allowfullscreen\" src=\"data:image\/svg+xml;base64,PHN2ZyB3aWR0aD0iMSIgaGVpZ2h0PSIxIiB4bWxucz0iaHR0cDovL3d3dy53My5vcmcvMjAwMC9zdmciPjwvc3ZnPg==\" class=\"lazyload\" data-load-mode=\"1\"><\/iframe><\/div>\n","protected":false},"excerpt":{"rendered":"","protected":false},"author":2,"featured_media":8321,"comment_status":"open","ping_status":"open","sticky":false,"template":"","format":"standard","meta":{"footnotes":""},"categories":[1],"tags":[],"class_list":["post-8322","post","type-post","status-publish","format-standard","has-post-thumbnail","hentry","category-sem-categoria"],"yoast_head":"<!-- This site is optimized with the Yoast SEO plugin v27.2 - https:\/\/yoast.com\/product\/yoast-seo-wordpress\/ -->\n<title>H\u00c1 MEIO S\u00c9CULO TRANSFORMANDO VIDAS ATRAV\u00c9S DA EDUCA\u00c7\u00c3O - Ub\u00e1 News<\/title>\n<meta name=\"robots\" content=\"index, follow, max-snippet:-1, max-image-preview:large, max-video-preview:-1\" \/>\n<link rel=\"canonical\" href=\"https:\/\/ubanews.com\/site\/2018\/10\/15\/ha-meio-seculo-transformando-vidas-atraves-da-educacao\/\" \/>\n<meta property=\"og:locale\" content=\"pt_BR\" \/>\n<meta property=\"og:type\" content=\"article\" \/>\n<meta property=\"og:title\" content=\"H\u00c1 MEIO S\u00c9CULO TRANSFORMANDO VIDAS ATRAV\u00c9S DA EDUCA\u00c7\u00c3O - Ub\u00e1 News\" \/>\n<meta property=\"og:url\" content=\"https:\/\/ubanews.com\/site\/2018\/10\/15\/ha-meio-seculo-transformando-vidas-atraves-da-educacao\/\" \/>\n<meta property=\"og:site_name\" content=\"Ub\u00e1 News\" \/>\n<meta property=\"article:publisher\" content=\"https:\/\/www.facebook.com\/Ub%c3%a1News-Carlos-Roberto-Sodr%c3%a9-418778301977370\" \/>\n<meta property=\"article:author\" content=\"https:\/\/www.facebook.com\/carosroberto.sodre.5\/\" \/>\n<meta property=\"article:published_time\" content=\"2018-10-15T23:14:10+00:00\" \/>\n<meta property=\"article:modified_time\" content=\"2018-10-19T13:54:16+00:00\" \/>\n<meta property=\"og:image\" content=\"https:\/\/ubanews.com\/site\/wp-content\/uploads\/2018\/10\/146.jpg\" \/>\n\t<meta property=\"og:image:width\" content=\"800\" \/>\n\t<meta property=\"og:image:height\" content=\"389\" \/>\n\t<meta property=\"og:image:type\" content=\"image\/jpeg\" \/>\n<meta name=\"author\" content=\"Sodr\u00e9\" \/>\n<meta name=\"twitter:card\" content=\"summary_large_image\" \/>\n<meta name=\"twitter:label1\" content=\"Escrito por\" \/>\n\t<meta name=\"twitter:data1\" content=\"Sodr\u00e9\" \/>\n\t<meta name=\"twitter:label2\" content=\"Est. tempo de leitura\" \/>\n\t<meta name=\"twitter:data2\" content=\"1 minuto\" \/>\n<script type=\"application\/ld+json\" class=\"yoast-schema-graph\">{\"@context\":\"https:\/\/schema.org\",\"@graph\":[{\"@type\":\"Article\",\"@id\":\"https:\/\/ubanews.com\/site\/2018\/10\/15\/ha-meio-seculo-transformando-vidas-atraves-da-educacao\/#article\",\"isPartOf\":{\"@id\":\"https:\/\/ubanews.com\/site\/2018\/10\/15\/ha-meio-seculo-transformando-vidas-atraves-da-educacao\/\"},\"author\":{\"name\":\"Sodr\u00e9\",\"@id\":\"https:\/\/ubanews.com\/site\/#\/schema\/person\/d90c9e47252fbb63dcc969fe4c8b9d10\"},\"headline\":\"H\u00c1 MEIO S\u00c9CULO TRANSFORMANDO VIDAS ATRAV\u00c9S DA EDUCA\u00c7\u00c3O\",\"datePublished\":\"2018-10-15T23:14:10+00:00\",\"dateModified\":\"2018-10-19T13:54:16+00:00\",\"mainEntityOfPage\":{\"@id\":\"https:\/\/ubanews.com\/site\/2018\/10\/15\/ha-meio-seculo-transformando-vidas-atraves-da-educacao\/\"},\"wordCount\":261,\"commentCount\":0,\"publisher\":{\"@id\":\"https:\/\/ubanews.com\/site\/#organization\"},\"image\":{\"@id\":\"https:\/\/ubanews.com\/site\/2018\/10\/15\/ha-meio-seculo-transformando-vidas-atraves-da-educacao\/#primaryimage\"},\"thumbnailUrl\":\"https:\/\/ubanews.com\/site\/wp-content\/uploads\/2018\/10\/146.jpg\",\"articleSection\":[\"Geral\"],\"inLanguage\":\"pt-BR\",\"potentialAction\":[{\"@type\":\"CommentAction\",\"name\":\"Comment\",\"target\":[\"https:\/\/ubanews.com\/site\/2018\/10\/15\/ha-meio-seculo-transformando-vidas-atraves-da-educacao\/#respond\"]}]},{\"@type\":\"WebPage\",\"@id\":\"https:\/\/ubanews.com\/site\/2018\/10\/15\/ha-meio-seculo-transformando-vidas-atraves-da-educacao\/\",\"url\":\"https:\/\/ubanews.com\/site\/2018\/10\/15\/ha-meio-seculo-transformando-vidas-atraves-da-educacao\/\",\"name\":\"H\u00c1 MEIO S\u00c9CULO TRANSFORMANDO VIDAS ATRAV\u00c9S DA EDUCA\u00c7\u00c3O - Ub\u00e1 News\",\"isPartOf\":{\"@id\":\"https:\/\/ubanews.com\/site\/#website\"},\"primaryImageOfPage\":{\"@id\":\"https:\/\/ubanews.com\/site\/2018\/10\/15\/ha-meio-seculo-transformando-vidas-atraves-da-educacao\/#primaryimage\"},\"image\":{\"@id\":\"https:\/\/ubanews.com\/site\/2018\/10\/15\/ha-meio-seculo-transformando-vidas-atraves-da-educacao\/#primaryimage\"},\"thumbnailUrl\":\"https:\/\/ubanews.com\/site\/wp-content\/uploads\/2018\/10\/146.jpg\",\"datePublished\":\"2018-10-15T23:14:10+00:00\",\"dateModified\":\"2018-10-19T13:54:16+00:00\",\"breadcrumb\":{\"@id\":\"https:\/\/ubanews.com\/site\/2018\/10\/15\/ha-meio-seculo-transformando-vidas-atraves-da-educacao\/#breadcrumb\"},\"inLanguage\":\"pt-BR\",\"potentialAction\":[{\"@type\":\"ReadAction\",\"target\":[\"https:\/\/ubanews.com\/site\/2018\/10\/15\/ha-meio-seculo-transformando-vidas-atraves-da-educacao\/\"]}]},{\"@type\":\"ImageObject\",\"inLanguage\":\"pt-BR\",\"@id\":\"https:\/\/ubanews.com\/site\/2018\/10\/15\/ha-meio-seculo-transformando-vidas-atraves-da-educacao\/#primaryimage\",\"url\":\"https:\/\/ubanews.com\/site\/wp-content\/uploads\/2018\/10\/146.jpg\",\"contentUrl\":\"https:\/\/ubanews.com\/site\/wp-content\/uploads\/2018\/10\/146.jpg\",\"width\":800,\"height\":389},{\"@type\":\"BreadcrumbList\",\"@id\":\"https:\/\/ubanews.com\/site\/2018\/10\/15\/ha-meio-seculo-transformando-vidas-atraves-da-educacao\/#breadcrumb\",\"itemListElement\":[{\"@type\":\"ListItem\",\"position\":1,\"name\":\"Home\",\"item\":\"https:\/\/ubanews.com\/site\/\"},{\"@type\":\"ListItem\",\"position\":2,\"name\":\"H\u00c1 MEIO S\u00c9CULO TRANSFORMANDO VIDAS ATRAV\u00c9S DA EDUCA\u00c7\u00c3O\"}]},{\"@type\":\"WebSite\",\"@id\":\"https:\/\/ubanews.com\/site\/#website\",\"url\":\"https:\/\/ubanews.com\/site\/\",\"name\":\"Ub\u00e1 News\",\"description\":\"\",\"publisher\":{\"@id\":\"https:\/\/ubanews.com\/site\/#organization\"},\"potentialAction\":[{\"@type\":\"SearchAction\",\"target\":{\"@type\":\"EntryPoint\",\"urlTemplate\":\"https:\/\/ubanews.com\/site\/?s={search_term_string}\"},\"query-input\":{\"@type\":\"PropertyValueSpecification\",\"valueRequired\":true,\"valueName\":\"search_term_string\"}}],\"inLanguage\":\"pt-BR\"},{\"@type\":\"Organization\",\"@id\":\"https:\/\/ubanews.com\/site\/#organization\",\"name\":\"Ub\u00e1 News\",\"url\":\"https:\/\/ubanews.com\/site\/\",\"logo\":{\"@type\":\"ImageObject\",\"inLanguage\":\"pt-BR\",\"@id\":\"https:\/\/ubanews.com\/site\/#\/schema\/logo\/image\/\",\"url\":\"https:\/\/ubanews.com\/site\/wp-content\/uploads\/2018\/01\/logoubanews.png\",\"contentUrl\":\"https:\/\/ubanews.com\/site\/wp-content\/uploads\/2018\/01\/logoubanews.png\",\"width\":261,\"height\":99,\"caption\":\"Ub\u00e1 News\"},\"image\":{\"@id\":\"https:\/\/ubanews.com\/site\/#\/schema\/logo\/image\/\"},\"sameAs\":[\"https:\/\/www.facebook.com\/Ub\u00e1News-Carlos-Roberto-Sodr\u00e9-418778301977370\"]},{\"@type\":\"Person\",\"@id\":\"https:\/\/ubanews.com\/site\/#\/schema\/person\/d90c9e47252fbb63dcc969fe4c8b9d10\",\"name\":\"Sodr\u00e9\",\"image\":{\"@type\":\"ImageObject\",\"inLanguage\":\"pt-BR\",\"@id\":\"https:\/\/secure.gravatar.com\/avatar\/5ba2793f0590b9dbfad3fdec4ee714485b3eef211c9b32ee53d414060454a56c?s=96&d=mm&r=g\",\"url\":\"https:\/\/secure.gravatar.com\/avatar\/5ba2793f0590b9dbfad3fdec4ee714485b3eef211c9b32ee53d414060454a56c?s=96&d=mm&r=g\",\"contentUrl\":\"https:\/\/secure.gravatar.com\/avatar\/5ba2793f0590b9dbfad3fdec4ee714485b3eef211c9b32ee53d414060454a56c?s=96&d=mm&r=g\",\"caption\":\"Sodr\u00e9\"},\"sameAs\":[\"https:\/\/www.facebook.com\/carosroberto.sodre.5\/\"],\"url\":\"https:\/\/ubanews.com\/site\/author\/felipe\/\"}]}<\/script>\n<!-- \/ Yoast SEO plugin. -->","yoast_head_json":{"title":"H\u00c1 MEIO S\u00c9CULO TRANSFORMANDO VIDAS ATRAV\u00c9S DA EDUCA\u00c7\u00c3O - Ub\u00e1 News","robots":{"index":"index","follow":"follow","max-snippet":"max-snippet:-1","max-image-preview":"max-image-preview:large","max-video-preview":"max-video-preview:-1"},"canonical":"https:\/\/ubanews.com\/site\/2018\/10\/15\/ha-meio-seculo-transformando-vidas-atraves-da-educacao\/","og_locale":"pt_BR","og_type":"article","og_title":"H\u00c1 MEIO S\u00c9CULO TRANSFORMANDO VIDAS ATRAV\u00c9S DA EDUCA\u00c7\u00c3O - Ub\u00e1 News","og_url":"https:\/\/ubanews.com\/site\/2018\/10\/15\/ha-meio-seculo-transformando-vidas-atraves-da-educacao\/","og_site_name":"Ub\u00e1 News","article_publisher":"https:\/\/www.facebook.com\/Ub%c3%a1News-Carlos-Roberto-Sodr%c3%a9-418778301977370","article_author":"https:\/\/www.facebook.com\/carosroberto.sodre.5\/","article_published_time":"2018-10-15T23:14:10+00:00","article_modified_time":"2018-10-19T13:54:16+00:00","og_image":[{"width":800,"height":389,"url":"https:\/\/ubanews.com\/site\/wp-content\/uploads\/2018\/10\/146.jpg","type":"image\/jpeg"}],"author":"Sodr\u00e9","twitter_card":"summary_large_image","twitter_misc":{"Escrito por":"Sodr\u00e9","Est. tempo de leitura":"1 minuto"},"schema":{"@context":"https:\/\/schema.org","@graph":[{"@type":"Article","@id":"https:\/\/ubanews.com\/site\/2018\/10\/15\/ha-meio-seculo-transformando-vidas-atraves-da-educacao\/#article","isPartOf":{"@id":"https:\/\/ubanews.com\/site\/2018\/10\/15\/ha-meio-seculo-transformando-vidas-atraves-da-educacao\/"},"author":{"name":"Sodr\u00e9","@id":"https:\/\/ubanews.com\/site\/#\/schema\/person\/d90c9e47252fbb63dcc969fe4c8b9d10"},"headline":"H\u00c1 MEIO S\u00c9CULO TRANSFORMANDO VIDAS ATRAV\u00c9S DA EDUCA\u00c7\u00c3O","datePublished":"2018-10-15T23:14:10+00:00","dateModified":"2018-10-19T13:54:16+00:00","mainEntityOfPage":{"@id":"https:\/\/ubanews.com\/site\/2018\/10\/15\/ha-meio-seculo-transformando-vidas-atraves-da-educacao\/"},"wordCount":261,"commentCount":0,"publisher":{"@id":"https:\/\/ubanews.com\/site\/#organization"},"image":{"@id":"https:\/\/ubanews.com\/site\/2018\/10\/15\/ha-meio-seculo-transformando-vidas-atraves-da-educacao\/#primaryimage"},"thumbnailUrl":"https:\/\/ubanews.com\/site\/wp-content\/uploads\/2018\/10\/146.jpg","articleSection":["Geral"],"inLanguage":"pt-BR","potentialAction":[{"@type":"CommentAction","name":"Comment","target":["https:\/\/ubanews.com\/site\/2018\/10\/15\/ha-meio-seculo-transformando-vidas-atraves-da-educacao\/#respond"]}]},{"@type":"WebPage","@id":"https:\/\/ubanews.com\/site\/2018\/10\/15\/ha-meio-seculo-transformando-vidas-atraves-da-educacao\/","url":"https:\/\/ubanews.com\/site\/2018\/10\/15\/ha-meio-seculo-transformando-vidas-atraves-da-educacao\/","name":"H\u00c1 MEIO S\u00c9CULO TRANSFORMANDO VIDAS ATRAV\u00c9S DA EDUCA\u00c7\u00c3O - Ub\u00e1 News","isPartOf":{"@id":"https:\/\/ubanews.com\/site\/#website"},"primaryImageOfPage":{"@id":"https:\/\/ubanews.com\/site\/2018\/10\/15\/ha-meio-seculo-transformando-vidas-atraves-da-educacao\/#primaryimage"},"image":{"@id":"https:\/\/ubanews.com\/site\/2018\/10\/15\/ha-meio-seculo-transformando-vidas-atraves-da-educacao\/#primaryimage"},"thumbnailUrl":"https:\/\/ubanews.com\/site\/wp-content\/uploads\/2018\/10\/146.jpg","datePublished":"2018-10-15T23:14:10+00:00","dateModified":"2018-10-19T13:54:16+00:00","breadcrumb":{"@id":"https:\/\/ubanews.com\/site\/2018\/10\/15\/ha-meio-seculo-transformando-vidas-atraves-da-educacao\/#breadcrumb"},"inLanguage":"pt-BR","potentialAction":[{"@type":"ReadAction","target":["https:\/\/ubanews.com\/site\/2018\/10\/15\/ha-meio-seculo-transformando-vidas-atraves-da-educacao\/"]}]},{"@type":"ImageObject","inLanguage":"pt-BR","@id":"https:\/\/ubanews.com\/site\/2018\/10\/15\/ha-meio-seculo-transformando-vidas-atraves-da-educacao\/#primaryimage","url":"https:\/\/ubanews.com\/site\/wp-content\/uploads\/2018\/10\/146.jpg","contentUrl":"https:\/\/ubanews.com\/site\/wp-content\/uploads\/2018\/10\/146.jpg","width":800,"height":389},{"@type":"BreadcrumbList","@id":"https:\/\/ubanews.com\/site\/2018\/10\/15\/ha-meio-seculo-transformando-vidas-atraves-da-educacao\/#breadcrumb","itemListElement":[{"@type":"ListItem","position":1,"name":"Home","item":"https:\/\/ubanews.com\/site\/"},{"@type":"ListItem","position":2,"name":"H\u00c1 MEIO S\u00c9CULO TRANSFORMANDO VIDAS ATRAV\u00c9S DA EDUCA\u00c7\u00c3O"}]},{"@type":"WebSite","@id":"https:\/\/ubanews.com\/site\/#website","url":"https:\/\/ubanews.com\/site\/","name":"Ub\u00e1 News","description":"","publisher":{"@id":"https:\/\/ubanews.com\/site\/#organization"},"potentialAction":[{"@type":"SearchAction","target":{"@type":"EntryPoint","urlTemplate":"https:\/\/ubanews.com\/site\/?s={search_term_string}"},"query-input":{"@type":"PropertyValueSpecification","valueRequired":true,"valueName":"search_term_string"}}],"inLanguage":"pt-BR"},{"@type":"Organization","@id":"https:\/\/ubanews.com\/site\/#organization","name":"Ub\u00e1 News","url":"https:\/\/ubanews.com\/site\/","logo":{"@type":"ImageObject","inLanguage":"pt-BR","@id":"https:\/\/ubanews.com\/site\/#\/schema\/logo\/image\/","url":"https:\/\/ubanews.com\/site\/wp-content\/uploads\/2018\/01\/logoubanews.png","contentUrl":"https:\/\/ubanews.com\/site\/wp-content\/uploads\/2018\/01\/logoubanews.png","width":261,"height":99,"caption":"Ub\u00e1 News"},"image":{"@id":"https:\/\/ubanews.com\/site\/#\/schema\/logo\/image\/"},"sameAs":["https:\/\/www.facebook.com\/Ub\u00e1News-Carlos-Roberto-Sodr\u00e9-418778301977370"]},{"@type":"Person","@id":"https:\/\/ubanews.com\/site\/#\/schema\/person\/d90c9e47252fbb63dcc969fe4c8b9d10","name":"Sodr\u00e9","image":{"@type":"ImageObject","inLanguage":"pt-BR","@id":"https:\/\/secure.gravatar.com\/avatar\/5ba2793f0590b9dbfad3fdec4ee714485b3eef211c9b32ee53d414060454a56c?s=96&d=mm&r=g","url":"https:\/\/secure.gravatar.com\/avatar\/5ba2793f0590b9dbfad3fdec4ee714485b3eef211c9b32ee53d414060454a56c?s=96&d=mm&r=g","contentUrl":"https:\/\/secure.gravatar.com\/avatar\/5ba2793f0590b9dbfad3fdec4ee714485b3eef211c9b32ee53d414060454a56c?s=96&d=mm&r=g","caption":"Sodr\u00e9"},"sameAs":["https:\/\/www.facebook.com\/carosroberto.sodre.5\/"],"url":"https:\/\/ubanews.com\/site\/author\/felipe\/"}]}},"_links":{"self":[{"href":"https:\/\/ubanews.com\/site\/wp-json\/wp\/v2\/posts\/8322","targetHints":{"allow":["GET"]}}],"collection":[{"href":"https:\/\/ubanews.com\/site\/wp-json\/wp\/v2\/posts"}],"about":[{"href":"https:\/\/ubanews.com\/site\/wp-json\/wp\/v2\/types\/post"}],"author":[{"embeddable":true,"href":"https:\/\/ubanews.com\/site\/wp-json\/wp\/v2\/users\/2"}],"replies":[{"embeddable":true,"href":"https:\/\/ubanews.com\/site\/wp-json\/wp\/v2\/comments?post=8322"}],"version-history":[{"count":0,"href":"https:\/\/ubanews.com\/site\/wp-json\/wp\/v2\/posts\/8322\/revisions"}],"wp:featuredmedia":[{"embeddable":true,"href":"https:\/\/ubanews.com\/site\/wp-json\/wp\/v2\/media\/8321"}],"wp:attachment":[{"href":"https:\/\/ubanews.com\/site\/wp-json\/wp\/v2\/media?parent=8322"}],"wp:term":[{"taxonomy":"category","embeddable":true,"href":"https:\/\/ubanews.com\/site\/wp-json\/wp\/v2\/categories?post=8322"},{"taxonomy":"post_tag","embeddable":true,"href":"https:\/\/ubanews.com\/site\/wp-json\/wp\/v2\/tags?post=8322"}],"curies":[{"name":"wp","href":"https:\/\/api.w.org\/{rel}","templated":true}]}}