{"id":8218,"date":"2018-10-13T07:51:49","date_gmt":"2018-10-13T10:51:49","guid":{"rendered":"http:\/\/ubanews.com\/site\/?p=8218"},"modified":"2018-10-19T10:53:09","modified_gmt":"2018-10-19T13:53:09","slug":"prefeito-de-tocantins-acredita-na-inocencia-dos-servidores-presos-na-operacao-infiltrados","status":"publish","type":"post","link":"https:\/\/ubanews.com\/site\/2018\/10\/13\/prefeito-de-tocantins-acredita-na-inocencia-dos-servidores-presos-na-operacao-infiltrados\/","title":{"rendered":"PREFEITO DE TOCANTINS ACREDITA NA INOC\u00caNCIA DOS SERVIDORES PRESOS NA OPERA\u00c7\u00c3O INFILTRADOS"},"content":{"rendered":"<p>Em entrevista exclusiva ao Portal de Not\u00edcias Ub\u00e1 News, o prefeito de Tocantins Ieder Washington de Oliveira (PHS) conversou por quase duas horas com nossa equipe. Depois de um bom tempo em seu gabinete, registramos o que o chefe do executivo tinha a nos dizer. \u201cEu tinha duas alternativas, ou jogava a tolha ou enfrentava o problema; decidi pela segunda op\u00e7\u00e3o\u201d. Disse o prefeito Nem. A situa\u00e7\u00e3o \u00e9 muito tensa. Nem disse que est\u00e1 conversando com uma equipe de advogados da Capital com o objetivo de esclarecer os fatos. E afirmou que respeita as autoridades constitu\u00eddas, mas acredita na inoc\u00eancia dos servidores, por\u00e9m, se apesar de toda confian\u00e7a, a justi\u00e7a conseguir provar alguma atitude il\u00edcita por parte deles, \u201ca\u00ed a vontade que eu tenho \u00e9 de lagar tudo, pois me sentiria apunhalado pelas costas\u201d.<\/p>\n<p>Josiel Tavares de Souza, atual secret\u00e1rio de Administra\u00e7\u00e3o do munic\u00edpio de Tocantins, foi preso nesta quarta-feira (10), em opera\u00e7\u00e3o deflagrada pelo Minist\u00e9rio P\u00fablico (MP) de Minas Gerais e pelas pol\u00edcias Civil e Militar. Segundo as investiga\u00e7\u00f5es, Josiel era o principal alvo da a\u00e7\u00e3o que terminou com cinco presos e desarticulou a organiza\u00e7\u00e3o criminosa, que seria encabe\u00e7ada por Josiel. O grupo tinha como finalidade desviar recursos e fraudar licita\u00e7\u00f5es e contratos. O sexto suspeito de participar da fraude n\u00e3o foi encontrado.<a href=\"https:\/\/ubanews.com\/site\/wp-content\/uploads\/2018\/08\/ELETRO-SENA-AUTOMOTIVA-2.jpg\"><img decoding=\"async\" class=\"alignnone size-full wp-image-7016 lazyload\" data-src=\"https:\/\/ubanews.com\/site\/wp-content\/uploads\/2018\/08\/ELETRO-SENA-AUTOMOTIVA-2.jpg\" alt=\"\" width=\"800\" height=\"264\" data-srcset=\"https:\/\/ubanews.com\/site\/wp-content\/uploads\/2018\/08\/ELETRO-SENA-AUTOMOTIVA-2.jpg 800w, https:\/\/ubanews.com\/site\/wp-content\/uploads\/2018\/08\/ELETRO-SENA-AUTOMOTIVA-2-300x99.jpg 300w, https:\/\/ubanews.com\/site\/wp-content\/uploads\/2018\/08\/ELETRO-SENA-AUTOMOTIVA-2-768x253.jpg 768w\" data-sizes=\"(max-width: 800px) 100vw, 800px\" src=\"data:image\/svg+xml;base64,PHN2ZyB3aWR0aD0iMSIgaGVpZ2h0PSIxIiB4bWxucz0iaHR0cDovL3d3dy53My5vcmcvMjAwMC9zdmciPjwvc3ZnPg==\" style=\"--smush-placeholder-width: 800px; --smush-placeholder-aspect-ratio: 800\/264;\" \/><\/a><\/p>\n<p>Na opera\u00e7\u00e3o, batizada de \u201cInfiltrados\u201d, foram cumpridos ainda 20 mandados judiciais de busca e apreens\u00e3o em Tocantins, Guiricema, Ub\u00e1, Belo Horizonte, Congonhas, e Ubatuba (SP) em locais cujos investigados tinham algum tipo de liga\u00e7\u00e3o. O nome da a\u00e7\u00e3o \u00e9 devido \u00e0 entrada da organiza\u00e7\u00e3o criminosa na administra\u00e7\u00e3o do munic\u00edpio.<\/p>\n<p>As investiga\u00e7\u00f5es das fraudes tiveram in\u00edcio h\u00e1 um ano e, neste per\u00edodo, segundo o MP, juntos, os integrantes desviaram aproximadamente R$ 1,1 milh\u00e3o em dinheiro p\u00fablico. \u201cO secret\u00e1rio de Administra\u00e7\u00e3o era o chefe do n\u00facleo pol\u00edtico do grupo e, em virtude do cargo, auxiliado por empres\u00e1rios e advogados, direcionava as licita\u00e7\u00f5es e alterava editais para favorecerem determinadas empresas e empres\u00e1rios que faziam parte do esquema criminoso. Desta forma, juntamente com outros agentes do munic\u00edpio, ele direcionava as licita\u00e7\u00f5es conforme seu interesse e conseguia desviar recursos p\u00fablicos\u201d, afirmou o promotor Fabr\u00edcio Jos\u00e9 da Fonseca, do Grupo Especial de Combate \u00e0s Organiza\u00e7\u00f5es Criminosas.<\/p>\n<div style=\"position: relative; height: 0; padding-bottom: 56.25%;\"><iframe style=\"position: absolute; width: 100%; height: 100%; left: 0;\" data-src=\"https:\/\/www.youtube.com\/embed\/UpqTIROWiB0?ecver=2\" width=\"640\" height=\"360\" frameborder=\"0\" allowfullscreen=\"allowfullscreen\" src=\"data:image\/svg+xml;base64,PHN2ZyB3aWR0aD0iMSIgaGVpZ2h0PSIxIiB4bWxucz0iaHR0cDovL3d3dy53My5vcmcvMjAwMC9zdmciPjwvc3ZnPg==\" class=\"lazyload\" data-load-mode=\"1\"><\/iframe><\/div>\n<p><a href=\"https:\/\/ubanews.com\/site\/wp-content\/uploads\/2018\/09\/Auto-Films-3.jpg\"><img decoding=\"async\" class=\"alignnone size-full wp-image-7740 lazyload\" data-src=\"https:\/\/ubanews.com\/site\/wp-content\/uploads\/2018\/09\/Auto-Films-3.jpg\" alt=\"\" width=\"800\" height=\"200\" data-srcset=\"https:\/\/ubanews.com\/site\/wp-content\/uploads\/2018\/09\/Auto-Films-3.jpg 800w, https:\/\/ubanews.com\/site\/wp-content\/uploads\/2018\/09\/Auto-Films-3-300x75.jpg 300w, https:\/\/ubanews.com\/site\/wp-content\/uploads\/2018\/09\/Auto-Films-3-768x192.jpg 768w\" data-sizes=\"(max-width: 800px) 100vw, 800px\" src=\"data:image\/svg+xml;base64,PHN2ZyB3aWR0aD0iMSIgaGVpZ2h0PSIxIiB4bWxucz0iaHR0cDovL3d3dy53My5vcmcvMjAwMC9zdmciPjwvc3ZnPg==\" style=\"--smush-placeholder-width: 800px; --smush-placeholder-aspect-ratio: 800\/200;\" \/><\/a><\/p>\n","protected":false},"excerpt":{"rendered":"<p>Em entrevista exclusiva ao Portal de Not\u00edcias Ub\u00e1 News, o<\/p>\n","protected":false},"author":2,"featured_media":8219,"comment_status":"open","ping_status":"open","sticky":false,"template":"","format":"standard","meta":{"footnotes":""},"categories":[1],"tags":[],"class_list":["post-8218","post","type-post","status-publish","format-standard","has-post-thumbnail","hentry","category-sem-categoria"],"yoast_head":"<!-- This site is optimized with the Yoast SEO plugin v27.2 - https:\/\/yoast.com\/product\/yoast-seo-wordpress\/ -->\n<title>PREFEITO DE TOCANTINS ACREDITA NA INOC\u00caNCIA DOS SERVIDORES PRESOS NA OPERA\u00c7\u00c3O INFILTRADOS - Ub\u00e1 News<\/title>\n<meta name=\"robots\" content=\"index, follow, max-snippet:-1, max-image-preview:large, max-video-preview:-1\" \/>\n<link rel=\"canonical\" href=\"https:\/\/ubanews.com\/site\/2018\/10\/13\/prefeito-de-tocantins-acredita-na-inocencia-dos-servidores-presos-na-operacao-infiltrados\/\" \/>\n<meta property=\"og:locale\" content=\"pt_BR\" \/>\n<meta property=\"og:type\" content=\"article\" \/>\n<meta property=\"og:title\" content=\"PREFEITO DE TOCANTINS ACREDITA NA INOC\u00caNCIA DOS SERVIDORES PRESOS NA OPERA\u00c7\u00c3O INFILTRADOS - Ub\u00e1 News\" \/>\n<meta property=\"og:description\" content=\"Em entrevista exclusiva ao Portal de Not\u00edcias Ub\u00e1 News, o\" \/>\n<meta property=\"og:url\" content=\"https:\/\/ubanews.com\/site\/2018\/10\/13\/prefeito-de-tocantins-acredita-na-inocencia-dos-servidores-presos-na-operacao-infiltrados\/\" \/>\n<meta property=\"og:site_name\" content=\"Ub\u00e1 News\" \/>\n<meta property=\"article:publisher\" content=\"https:\/\/www.facebook.com\/Ub%c3%a1News-Carlos-Roberto-Sodr%c3%a9-418778301977370\" \/>\n<meta property=\"article:author\" content=\"https:\/\/www.facebook.com\/carosroberto.sodre.5\/\" \/>\n<meta property=\"article:published_time\" content=\"2018-10-13T10:51:49+00:00\" \/>\n<meta property=\"article:modified_time\" content=\"2018-10-19T13:53:09+00:00\" \/>\n<meta property=\"og:image\" content=\"https:\/\/ubanews.com\/site\/wp-content\/uploads\/2018\/10\/143-1.jpg\" \/>\n\t<meta property=\"og:image:width\" content=\"800\" \/>\n\t<meta property=\"og:image:height\" content=\"389\" \/>\n\t<meta property=\"og:image:type\" content=\"image\/jpeg\" \/>\n<meta name=\"author\" content=\"Sodr\u00e9\" \/>\n<meta name=\"twitter:card\" content=\"summary_large_image\" \/>\n<meta name=\"twitter:label1\" content=\"Escrito por\" \/>\n\t<meta name=\"twitter:data1\" content=\"Sodr\u00e9\" \/>\n\t<meta name=\"twitter:label2\" content=\"Est. tempo de leitura\" \/>\n\t<meta name=\"twitter:data2\" content=\"2 minutos\" \/>\n<script type=\"application\/ld+json\" class=\"yoast-schema-graph\">{\"@context\":\"https:\/\/schema.org\",\"@graph\":[{\"@type\":\"Article\",\"@id\":\"https:\/\/ubanews.com\/site\/2018\/10\/13\/prefeito-de-tocantins-acredita-na-inocencia-dos-servidores-presos-na-operacao-infiltrados\/#article\",\"isPartOf\":{\"@id\":\"https:\/\/ubanews.com\/site\/2018\/10\/13\/prefeito-de-tocantins-acredita-na-inocencia-dos-servidores-presos-na-operacao-infiltrados\/\"},\"author\":{\"name\":\"Sodr\u00e9\",\"@id\":\"https:\/\/ubanews.com\/site\/#\/schema\/person\/d90c9e47252fbb63dcc969fe4c8b9d10\"},\"headline\":\"PREFEITO DE TOCANTINS ACREDITA NA INOC\u00caNCIA DOS SERVIDORES PRESOS NA OPERA\u00c7\u00c3O INFILTRADOS\",\"datePublished\":\"2018-10-13T10:51:49+00:00\",\"dateModified\":\"2018-10-19T13:53:09+00:00\",\"mainEntityOfPage\":{\"@id\":\"https:\/\/ubanews.com\/site\/2018\/10\/13\/prefeito-de-tocantins-acredita-na-inocencia-dos-servidores-presos-na-operacao-infiltrados\/\"},\"wordCount\":417,\"commentCount\":7,\"publisher\":{\"@id\":\"https:\/\/ubanews.com\/site\/#organization\"},\"image\":{\"@id\":\"https:\/\/ubanews.com\/site\/2018\/10\/13\/prefeito-de-tocantins-acredita-na-inocencia-dos-servidores-presos-na-operacao-infiltrados\/#primaryimage\"},\"thumbnailUrl\":\"https:\/\/ubanews.com\/site\/wp-content\/uploads\/2018\/10\/143-1.jpg\",\"articleSection\":[\"Geral\"],\"inLanguage\":\"pt-BR\",\"potentialAction\":[{\"@type\":\"CommentAction\",\"name\":\"Comment\",\"target\":[\"https:\/\/ubanews.com\/site\/2018\/10\/13\/prefeito-de-tocantins-acredita-na-inocencia-dos-servidores-presos-na-operacao-infiltrados\/#respond\"]}]},{\"@type\":\"WebPage\",\"@id\":\"https:\/\/ubanews.com\/site\/2018\/10\/13\/prefeito-de-tocantins-acredita-na-inocencia-dos-servidores-presos-na-operacao-infiltrados\/\",\"url\":\"https:\/\/ubanews.com\/site\/2018\/10\/13\/prefeito-de-tocantins-acredita-na-inocencia-dos-servidores-presos-na-operacao-infiltrados\/\",\"name\":\"PREFEITO DE TOCANTINS ACREDITA NA INOC\u00caNCIA DOS SERVIDORES PRESOS NA OPERA\u00c7\u00c3O INFILTRADOS - Ub\u00e1 News\",\"isPartOf\":{\"@id\":\"https:\/\/ubanews.com\/site\/#website\"},\"primaryImageOfPage\":{\"@id\":\"https:\/\/ubanews.com\/site\/2018\/10\/13\/prefeito-de-tocantins-acredita-na-inocencia-dos-servidores-presos-na-operacao-infiltrados\/#primaryimage\"},\"image\":{\"@id\":\"https:\/\/ubanews.com\/site\/2018\/10\/13\/prefeito-de-tocantins-acredita-na-inocencia-dos-servidores-presos-na-operacao-infiltrados\/#primaryimage\"},\"thumbnailUrl\":\"https:\/\/ubanews.com\/site\/wp-content\/uploads\/2018\/10\/143-1.jpg\",\"datePublished\":\"2018-10-13T10:51:49+00:00\",\"dateModified\":\"2018-10-19T13:53:09+00:00\",\"breadcrumb\":{\"@id\":\"https:\/\/ubanews.com\/site\/2018\/10\/13\/prefeito-de-tocantins-acredita-na-inocencia-dos-servidores-presos-na-operacao-infiltrados\/#breadcrumb\"},\"inLanguage\":\"pt-BR\",\"potentialAction\":[{\"@type\":\"ReadAction\",\"target\":[\"https:\/\/ubanews.com\/site\/2018\/10\/13\/prefeito-de-tocantins-acredita-na-inocencia-dos-servidores-presos-na-operacao-infiltrados\/\"]}]},{\"@type\":\"ImageObject\",\"inLanguage\":\"pt-BR\",\"@id\":\"https:\/\/ubanews.com\/site\/2018\/10\/13\/prefeito-de-tocantins-acredita-na-inocencia-dos-servidores-presos-na-operacao-infiltrados\/#primaryimage\",\"url\":\"https:\/\/ubanews.com\/site\/wp-content\/uploads\/2018\/10\/143-1.jpg\",\"contentUrl\":\"https:\/\/ubanews.com\/site\/wp-content\/uploads\/2018\/10\/143-1.jpg\",\"width\":800,\"height\":389},{\"@type\":\"BreadcrumbList\",\"@id\":\"https:\/\/ubanews.com\/site\/2018\/10\/13\/prefeito-de-tocantins-acredita-na-inocencia-dos-servidores-presos-na-operacao-infiltrados\/#breadcrumb\",\"itemListElement\":[{\"@type\":\"ListItem\",\"position\":1,\"name\":\"Home\",\"item\":\"https:\/\/ubanews.com\/site\/\"},{\"@type\":\"ListItem\",\"position\":2,\"name\":\"PREFEITO DE TOCANTINS ACREDITA NA INOC\u00caNCIA DOS SERVIDORES PRESOS NA OPERA\u00c7\u00c3O INFILTRADOS\"}]},{\"@type\":\"WebSite\",\"@id\":\"https:\/\/ubanews.com\/site\/#website\",\"url\":\"https:\/\/ubanews.com\/site\/\",\"name\":\"Ub\u00e1 News\",\"description\":\"\",\"publisher\":{\"@id\":\"https:\/\/ubanews.com\/site\/#organization\"},\"potentialAction\":[{\"@type\":\"SearchAction\",\"target\":{\"@type\":\"EntryPoint\",\"urlTemplate\":\"https:\/\/ubanews.com\/site\/?s={search_term_string}\"},\"query-input\":{\"@type\":\"PropertyValueSpecification\",\"valueRequired\":true,\"valueName\":\"search_term_string\"}}],\"inLanguage\":\"pt-BR\"},{\"@type\":\"Organization\",\"@id\":\"https:\/\/ubanews.com\/site\/#organization\",\"name\":\"Ub\u00e1 News\",\"url\":\"https:\/\/ubanews.com\/site\/\",\"logo\":{\"@type\":\"ImageObject\",\"inLanguage\":\"pt-BR\",\"@id\":\"https:\/\/ubanews.com\/site\/#\/schema\/logo\/image\/\",\"url\":\"https:\/\/ubanews.com\/site\/wp-content\/uploads\/2018\/01\/logoubanews.png\",\"contentUrl\":\"https:\/\/ubanews.com\/site\/wp-content\/uploads\/2018\/01\/logoubanews.png\",\"width\":261,\"height\":99,\"caption\":\"Ub\u00e1 News\"},\"image\":{\"@id\":\"https:\/\/ubanews.com\/site\/#\/schema\/logo\/image\/\"},\"sameAs\":[\"https:\/\/www.facebook.com\/Ub\u00e1News-Carlos-Roberto-Sodr\u00e9-418778301977370\"]},{\"@type\":\"Person\",\"@id\":\"https:\/\/ubanews.com\/site\/#\/schema\/person\/d90c9e47252fbb63dcc969fe4c8b9d10\",\"name\":\"Sodr\u00e9\",\"image\":{\"@type\":\"ImageObject\",\"inLanguage\":\"pt-BR\",\"@id\":\"https:\/\/secure.gravatar.com\/avatar\/5ba2793f0590b9dbfad3fdec4ee714485b3eef211c9b32ee53d414060454a56c?s=96&d=mm&r=g\",\"url\":\"https:\/\/secure.gravatar.com\/avatar\/5ba2793f0590b9dbfad3fdec4ee714485b3eef211c9b32ee53d414060454a56c?s=96&d=mm&r=g\",\"contentUrl\":\"https:\/\/secure.gravatar.com\/avatar\/5ba2793f0590b9dbfad3fdec4ee714485b3eef211c9b32ee53d414060454a56c?s=96&d=mm&r=g\",\"caption\":\"Sodr\u00e9\"},\"sameAs\":[\"https:\/\/www.facebook.com\/carosroberto.sodre.5\/\"],\"url\":\"https:\/\/ubanews.com\/site\/author\/felipe\/\"}]}<\/script>\n<!-- \/ Yoast SEO plugin. -->","yoast_head_json":{"title":"PREFEITO DE TOCANTINS ACREDITA NA INOC\u00caNCIA DOS SERVIDORES PRESOS NA OPERA\u00c7\u00c3O INFILTRADOS - Ub\u00e1 News","robots":{"index":"index","follow":"follow","max-snippet":"max-snippet:-1","max-image-preview":"max-image-preview:large","max-video-preview":"max-video-preview:-1"},"canonical":"https:\/\/ubanews.com\/site\/2018\/10\/13\/prefeito-de-tocantins-acredita-na-inocencia-dos-servidores-presos-na-operacao-infiltrados\/","og_locale":"pt_BR","og_type":"article","og_title":"PREFEITO DE TOCANTINS ACREDITA NA INOC\u00caNCIA DOS SERVIDORES PRESOS NA OPERA\u00c7\u00c3O INFILTRADOS - Ub\u00e1 News","og_description":"Em entrevista exclusiva ao Portal de Not\u00edcias Ub\u00e1 News, o","og_url":"https:\/\/ubanews.com\/site\/2018\/10\/13\/prefeito-de-tocantins-acredita-na-inocencia-dos-servidores-presos-na-operacao-infiltrados\/","og_site_name":"Ub\u00e1 News","article_publisher":"https:\/\/www.facebook.com\/Ub%c3%a1News-Carlos-Roberto-Sodr%c3%a9-418778301977370","article_author":"https:\/\/www.facebook.com\/carosroberto.sodre.5\/","article_published_time":"2018-10-13T10:51:49+00:00","article_modified_time":"2018-10-19T13:53:09+00:00","og_image":[{"width":800,"height":389,"url":"https:\/\/ubanews.com\/site\/wp-content\/uploads\/2018\/10\/143-1.jpg","type":"image\/jpeg"}],"author":"Sodr\u00e9","twitter_card":"summary_large_image","twitter_misc":{"Escrito por":"Sodr\u00e9","Est. tempo de leitura":"2 minutos"},"schema":{"@context":"https:\/\/schema.org","@graph":[{"@type":"Article","@id":"https:\/\/ubanews.com\/site\/2018\/10\/13\/prefeito-de-tocantins-acredita-na-inocencia-dos-servidores-presos-na-operacao-infiltrados\/#article","isPartOf":{"@id":"https:\/\/ubanews.com\/site\/2018\/10\/13\/prefeito-de-tocantins-acredita-na-inocencia-dos-servidores-presos-na-operacao-infiltrados\/"},"author":{"name":"Sodr\u00e9","@id":"https:\/\/ubanews.com\/site\/#\/schema\/person\/d90c9e47252fbb63dcc969fe4c8b9d10"},"headline":"PREFEITO DE TOCANTINS ACREDITA NA INOC\u00caNCIA DOS SERVIDORES PRESOS NA OPERA\u00c7\u00c3O INFILTRADOS","datePublished":"2018-10-13T10:51:49+00:00","dateModified":"2018-10-19T13:53:09+00:00","mainEntityOfPage":{"@id":"https:\/\/ubanews.com\/site\/2018\/10\/13\/prefeito-de-tocantins-acredita-na-inocencia-dos-servidores-presos-na-operacao-infiltrados\/"},"wordCount":417,"commentCount":7,"publisher":{"@id":"https:\/\/ubanews.com\/site\/#organization"},"image":{"@id":"https:\/\/ubanews.com\/site\/2018\/10\/13\/prefeito-de-tocantins-acredita-na-inocencia-dos-servidores-presos-na-operacao-infiltrados\/#primaryimage"},"thumbnailUrl":"https:\/\/ubanews.com\/site\/wp-content\/uploads\/2018\/10\/143-1.jpg","articleSection":["Geral"],"inLanguage":"pt-BR","potentialAction":[{"@type":"CommentAction","name":"Comment","target":["https:\/\/ubanews.com\/site\/2018\/10\/13\/prefeito-de-tocantins-acredita-na-inocencia-dos-servidores-presos-na-operacao-infiltrados\/#respond"]}]},{"@type":"WebPage","@id":"https:\/\/ubanews.com\/site\/2018\/10\/13\/prefeito-de-tocantins-acredita-na-inocencia-dos-servidores-presos-na-operacao-infiltrados\/","url":"https:\/\/ubanews.com\/site\/2018\/10\/13\/prefeito-de-tocantins-acredita-na-inocencia-dos-servidores-presos-na-operacao-infiltrados\/","name":"PREFEITO DE TOCANTINS ACREDITA NA INOC\u00caNCIA DOS SERVIDORES PRESOS NA OPERA\u00c7\u00c3O INFILTRADOS - Ub\u00e1 News","isPartOf":{"@id":"https:\/\/ubanews.com\/site\/#website"},"primaryImageOfPage":{"@id":"https:\/\/ubanews.com\/site\/2018\/10\/13\/prefeito-de-tocantins-acredita-na-inocencia-dos-servidores-presos-na-operacao-infiltrados\/#primaryimage"},"image":{"@id":"https:\/\/ubanews.com\/site\/2018\/10\/13\/prefeito-de-tocantins-acredita-na-inocencia-dos-servidores-presos-na-operacao-infiltrados\/#primaryimage"},"thumbnailUrl":"https:\/\/ubanews.com\/site\/wp-content\/uploads\/2018\/10\/143-1.jpg","datePublished":"2018-10-13T10:51:49+00:00","dateModified":"2018-10-19T13:53:09+00:00","breadcrumb":{"@id":"https:\/\/ubanews.com\/site\/2018\/10\/13\/prefeito-de-tocantins-acredita-na-inocencia-dos-servidores-presos-na-operacao-infiltrados\/#breadcrumb"},"inLanguage":"pt-BR","potentialAction":[{"@type":"ReadAction","target":["https:\/\/ubanews.com\/site\/2018\/10\/13\/prefeito-de-tocantins-acredita-na-inocencia-dos-servidores-presos-na-operacao-infiltrados\/"]}]},{"@type":"ImageObject","inLanguage":"pt-BR","@id":"https:\/\/ubanews.com\/site\/2018\/10\/13\/prefeito-de-tocantins-acredita-na-inocencia-dos-servidores-presos-na-operacao-infiltrados\/#primaryimage","url":"https:\/\/ubanews.com\/site\/wp-content\/uploads\/2018\/10\/143-1.jpg","contentUrl":"https:\/\/ubanews.com\/site\/wp-content\/uploads\/2018\/10\/143-1.jpg","width":800,"height":389},{"@type":"BreadcrumbList","@id":"https:\/\/ubanews.com\/site\/2018\/10\/13\/prefeito-de-tocantins-acredita-na-inocencia-dos-servidores-presos-na-operacao-infiltrados\/#breadcrumb","itemListElement":[{"@type":"ListItem","position":1,"name":"Home","item":"https:\/\/ubanews.com\/site\/"},{"@type":"ListItem","position":2,"name":"PREFEITO DE TOCANTINS ACREDITA NA INOC\u00caNCIA DOS SERVIDORES PRESOS NA OPERA\u00c7\u00c3O INFILTRADOS"}]},{"@type":"WebSite","@id":"https:\/\/ubanews.com\/site\/#website","url":"https:\/\/ubanews.com\/site\/","name":"Ub\u00e1 News","description":"","publisher":{"@id":"https:\/\/ubanews.com\/site\/#organization"},"potentialAction":[{"@type":"SearchAction","target":{"@type":"EntryPoint","urlTemplate":"https:\/\/ubanews.com\/site\/?s={search_term_string}"},"query-input":{"@type":"PropertyValueSpecification","valueRequired":true,"valueName":"search_term_string"}}],"inLanguage":"pt-BR"},{"@type":"Organization","@id":"https:\/\/ubanews.com\/site\/#organization","name":"Ub\u00e1 News","url":"https:\/\/ubanews.com\/site\/","logo":{"@type":"ImageObject","inLanguage":"pt-BR","@id":"https:\/\/ubanews.com\/site\/#\/schema\/logo\/image\/","url":"https:\/\/ubanews.com\/site\/wp-content\/uploads\/2018\/01\/logoubanews.png","contentUrl":"https:\/\/ubanews.com\/site\/wp-content\/uploads\/2018\/01\/logoubanews.png","width":261,"height":99,"caption":"Ub\u00e1 News"},"image":{"@id":"https:\/\/ubanews.com\/site\/#\/schema\/logo\/image\/"},"sameAs":["https:\/\/www.facebook.com\/Ub\u00e1News-Carlos-Roberto-Sodr\u00e9-418778301977370"]},{"@type":"Person","@id":"https:\/\/ubanews.com\/site\/#\/schema\/person\/d90c9e47252fbb63dcc969fe4c8b9d10","name":"Sodr\u00e9","image":{"@type":"ImageObject","inLanguage":"pt-BR","@id":"https:\/\/secure.gravatar.com\/avatar\/5ba2793f0590b9dbfad3fdec4ee714485b3eef211c9b32ee53d414060454a56c?s=96&d=mm&r=g","url":"https:\/\/secure.gravatar.com\/avatar\/5ba2793f0590b9dbfad3fdec4ee714485b3eef211c9b32ee53d414060454a56c?s=96&d=mm&r=g","contentUrl":"https:\/\/secure.gravatar.com\/avatar\/5ba2793f0590b9dbfad3fdec4ee714485b3eef211c9b32ee53d414060454a56c?s=96&d=mm&r=g","caption":"Sodr\u00e9"},"sameAs":["https:\/\/www.facebook.com\/carosroberto.sodre.5\/"],"url":"https:\/\/ubanews.com\/site\/author\/felipe\/"}]}},"_links":{"self":[{"href":"https:\/\/ubanews.com\/site\/wp-json\/wp\/v2\/posts\/8218","targetHints":{"allow":["GET"]}}],"collection":[{"href":"https:\/\/ubanews.com\/site\/wp-json\/wp\/v2\/posts"}],"about":[{"href":"https:\/\/ubanews.com\/site\/wp-json\/wp\/v2\/types\/post"}],"author":[{"embeddable":true,"href":"https:\/\/ubanews.com\/site\/wp-json\/wp\/v2\/users\/2"}],"replies":[{"embeddable":true,"href":"https:\/\/ubanews.com\/site\/wp-json\/wp\/v2\/comments?post=8218"}],"version-history":[{"count":0,"href":"https:\/\/ubanews.com\/site\/wp-json\/wp\/v2\/posts\/8218\/revisions"}],"wp:featuredmedia":[{"embeddable":true,"href":"https:\/\/ubanews.com\/site\/wp-json\/wp\/v2\/media\/8219"}],"wp:attachment":[{"href":"https:\/\/ubanews.com\/site\/wp-json\/wp\/v2\/media?parent=8218"}],"wp:term":[{"taxonomy":"category","embeddable":true,"href":"https:\/\/ubanews.com\/site\/wp-json\/wp\/v2\/categories?post=8218"},{"taxonomy":"post_tag","embeddable":true,"href":"https:\/\/ubanews.com\/site\/wp-json\/wp\/v2\/tags?post=8218"}],"curies":[{"name":"wp","href":"https:\/\/api.w.org\/{rel}","templated":true}]}}