{"id":8207,"date":"2018-10-11T21:58:46","date_gmt":"2018-10-12T00:58:46","guid":{"rendered":"http:\/\/ubanews.com\/site\/?p=8207"},"modified":"2018-10-11T21:57:46","modified_gmt":"2018-10-12T00:57:46","slug":"policia-civil-deflagra-operacao-em-dois-bairros-com-intuito-de-coibir-o-trafico-de-drogas","status":"publish","type":"post","link":"https:\/\/ubanews.com\/site\/2018\/10\/11\/policia-civil-deflagra-operacao-em-dois-bairros-com-intuito-de-coibir-o-trafico-de-drogas\/","title":{"rendered":"Pol\u00edcia C\u00edvil deflagra opera\u00e7\u00e3o em dois bairros com intuito de coibir o tr\u00e1fico de drogas"},"content":{"rendered":"<p>INFORME DA POLICIA CIVIL DE MINAS GERAIS<br \/>\nNesta ter\u00e7a-feira, 11\/10\/2018, a Pol\u00edcia Civil de Minas Gerais, por interm\u00e9dio da Delegacia Antidrogas Homic\u00eddios de Ub\u00e1 deflagrou opera\u00e7\u00e3o no bairro Shangri-La e Nova Olinda, com intuito de coibir o tr\u00e1fico de drogas naquela regi\u00e3o.<br \/>\nAp\u00f3s meses de investiga\u00e7\u00f5es, a equipe antidrogas identificou a exist\u00eancia de locais de venda de drogas il\u00edcitas no bairro Shangri-la em Ub\u00e1. Foram cumpridos mandados de busca e apreens\u00e3o no local tendo sido encontrados os seguintes materiais:<br \/>\n\u2022\t01 (um) rev\u00f3lver calibre .38;<br \/>\n\u2022\t6 (seis) cartuchos calibre .38;<br \/>\n\u2022\t14 (quatorze) pinos de coca\u00edna;<br \/>\n\u2022\t04 (quatro) buchas de maconha;<br \/>\n\u2022\t02 (dois) aparelhos celulares;<br \/>\n\u2022\t01 (uma) motocicleta.<br \/>\nNo bairro Nova Olinda, onde um adolescente, membro da mesma organiza\u00e7\u00e3o criminosa, armazenava o material foram encontrados:<br \/>\n\u2022\t13 (treze) buchas de maconhas embaladas pronta para a venda;<br \/>\n\u2022\t1 (uma) por\u00e7\u00e3o maior de maconha;<br \/>\n\u2022\tsacos pl\u00e1sticos, fitas adesivas utilizados no embalo da droga;<br \/>\n\u2022\t2 (dois) aparelhos de telefone celular.<br \/>\nSegundo o Delegado Dr. Diego Candian Alves \u201co combate ao tr\u00e1fico de drogas \u00e9 uma prioridade e as opera\u00e7\u00f5es realizadas pela pol\u00edcia civil de Ub\u00e1 ser\u00e3o constantes\u201d.<br \/>\nDois indiv\u00edduos maiores, um dos quais j\u00e1 constava mandado de pris\u00e3o em aberto, e um adolescente, foram encaminhados \u00e0 sede da 2\u00aa Delegacia Regional de Pol\u00edcia Civil de Ub\u00e1. Os maiores foram presos em flagrante delito por crime de tr\u00e1fico de drogas e o adolescente foi ouvido.<br \/>\nChefe do 4\u00ba Departamento: Dr. Carlos Roberto da Silveira Costa<br \/>\nDelegado Regional \/ 2\u00aa DRPC UB\u00c1: Dr. Diego Candian alves<br \/>\nDelegado Titular Antidrogas e Homic\u00eddios: Dr. Alexandrino Rosa de Souza<br \/>\nInspetor Antidrogas e Homic\u00eddios: Lucas Pinto de Magalh\u00e3es<br \/>\nEquipe de Investigadores de antidrogas e homic\u00eddios: Alexandre Silva de Abreu, Carlos Eduardo da Silva, Pedro Augusto Moraes Carvalho, Robson Queiroz de Almeida Pacheco<br \/>\nEscriv\u00e3es: Glaucia Elaine Mendes e Vagner Em\u00eddio Gravina<br \/>\nEquipes que prestaram apoio:<br \/>\nDelegacia de Furtos e Roubos: Dr Bruno Salles Mattos, Jeanine Maradeia Medeiros, Wagner Corr\u00eaa de Souza, Roberto Lucio de Moura e Felipe Borges Oliveira.<br \/>\nDelegacia de Senador Firmino: Dr Vinicius Batista Soran\u00e7o, Sheila Fernandes Rodrigues.<br \/>\nDelegacias de Rio Pomba, Merc\u00eas e Guarani: Felipe Barros Quint\u00e3o, Marcio Jose de Oliveira, Leandro Nunes Boscato, Jose Daniel Rodrigues, Paula Lubna Pires Diogo.<br \/>\nDelegacia de Visconde do Rio Branco: Hugo Elias de Lima Diniz, Gustavo Galv\u00e3o Martins de Deus e Andre.<br \/>\nMaiores informa\u00e7\u00f5es: Assessoria de Imprensa do 4\u00ba Departamento.<\/p>\n","protected":false},"excerpt":{"rendered":"<p>INFORME DA POLICIA CIVIL DE MINAS GERAIS Nesta ter\u00e7a-feira, 11\/10\/2018,<\/p>\n","protected":false},"author":2,"featured_media":8206,"comment_status":"open","ping_status":"open","sticky":false,"template":"","format":"standard","meta":{"footnotes":""},"categories":[1],"tags":[],"class_list":["post-8207","post","type-post","status-publish","format-standard","has-post-thumbnail","hentry","category-sem-categoria"],"yoast_head":"<!-- This site is optimized with the Yoast SEO plugin v27.2 - https:\/\/yoast.com\/product\/yoast-seo-wordpress\/ -->\n<title>Pol\u00edcia C\u00edvil deflagra opera\u00e7\u00e3o em dois bairros com intuito de coibir o tr\u00e1fico de drogas - Ub\u00e1 News<\/title>\n<meta name=\"robots\" content=\"index, follow, max-snippet:-1, max-image-preview:large, max-video-preview:-1\" \/>\n<link rel=\"canonical\" href=\"https:\/\/ubanews.com\/site\/2018\/10\/11\/policia-civil-deflagra-operacao-em-dois-bairros-com-intuito-de-coibir-o-trafico-de-drogas\/\" \/>\n<meta property=\"og:locale\" content=\"pt_BR\" \/>\n<meta property=\"og:type\" content=\"article\" \/>\n<meta property=\"og:title\" content=\"Pol\u00edcia C\u00edvil deflagra opera\u00e7\u00e3o em dois bairros com intuito de coibir o tr\u00e1fico de drogas - Ub\u00e1 News\" \/>\n<meta property=\"og:description\" content=\"INFORME DA POLICIA CIVIL DE MINAS GERAIS Nesta ter\u00e7a-feira, 11\/10\/2018,\" \/>\n<meta property=\"og:url\" content=\"https:\/\/ubanews.com\/site\/2018\/10\/11\/policia-civil-deflagra-operacao-em-dois-bairros-com-intuito-de-coibir-o-trafico-de-drogas\/\" \/>\n<meta property=\"og:site_name\" content=\"Ub\u00e1 News\" \/>\n<meta property=\"article:publisher\" content=\"https:\/\/www.facebook.com\/Ub%c3%a1News-Carlos-Roberto-Sodr%c3%a9-418778301977370\" \/>\n<meta property=\"article:author\" content=\"https:\/\/www.facebook.com\/carosroberto.sodre.5\/\" \/>\n<meta property=\"article:published_time\" content=\"2018-10-12T00:58:46+00:00\" \/>\n<meta property=\"og:image\" content=\"https:\/\/ubanews.com\/site\/wp-content\/uploads\/2018\/10\/20181011_215229-1.jpg\" \/>\n\t<meta property=\"og:image:width\" content=\"1280\" \/>\n\t<meta property=\"og:image:height\" content=\"602\" \/>\n\t<meta property=\"og:image:type\" content=\"image\/jpeg\" \/>\n<meta name=\"author\" content=\"Sodr\u00e9\" \/>\n<meta name=\"twitter:card\" content=\"summary_large_image\" \/>\n<meta name=\"twitter:label1\" content=\"Escrito por\" \/>\n\t<meta name=\"twitter:data1\" content=\"Sodr\u00e9\" \/>\n\t<meta name=\"twitter:label2\" content=\"Est. tempo de leitura\" \/>\n\t<meta name=\"twitter:data2\" content=\"2 minutos\" \/>\n<script type=\"application\/ld+json\" class=\"yoast-schema-graph\">{\"@context\":\"https:\/\/schema.org\",\"@graph\":[{\"@type\":\"Article\",\"@id\":\"https:\/\/ubanews.com\/site\/2018\/10\/11\/policia-civil-deflagra-operacao-em-dois-bairros-com-intuito-de-coibir-o-trafico-de-drogas\/#article\",\"isPartOf\":{\"@id\":\"https:\/\/ubanews.com\/site\/2018\/10\/11\/policia-civil-deflagra-operacao-em-dois-bairros-com-intuito-de-coibir-o-trafico-de-drogas\/\"},\"author\":{\"name\":\"Sodr\u00e9\",\"@id\":\"https:\/\/ubanews.com\/site\/#\/schema\/person\/d90c9e47252fbb63dcc969fe4c8b9d10\"},\"headline\":\"Pol\u00edcia C\u00edvil deflagra opera\u00e7\u00e3o em dois bairros com intuito de coibir o tr\u00e1fico de drogas\",\"datePublished\":\"2018-10-12T00:58:46+00:00\",\"mainEntityOfPage\":{\"@id\":\"https:\/\/ubanews.com\/site\/2018\/10\/11\/policia-civil-deflagra-operacao-em-dois-bairros-com-intuito-de-coibir-o-trafico-de-drogas\/\"},\"wordCount\":424,\"commentCount\":1,\"publisher\":{\"@id\":\"https:\/\/ubanews.com\/site\/#organization\"},\"image\":{\"@id\":\"https:\/\/ubanews.com\/site\/2018\/10\/11\/policia-civil-deflagra-operacao-em-dois-bairros-com-intuito-de-coibir-o-trafico-de-drogas\/#primaryimage\"},\"thumbnailUrl\":\"https:\/\/ubanews.com\/site\/wp-content\/uploads\/2018\/10\/20181011_215229-1.jpg\",\"articleSection\":[\"Geral\"],\"inLanguage\":\"pt-BR\",\"potentialAction\":[{\"@type\":\"CommentAction\",\"name\":\"Comment\",\"target\":[\"https:\/\/ubanews.com\/site\/2018\/10\/11\/policia-civil-deflagra-operacao-em-dois-bairros-com-intuito-de-coibir-o-trafico-de-drogas\/#respond\"]}]},{\"@type\":\"WebPage\",\"@id\":\"https:\/\/ubanews.com\/site\/2018\/10\/11\/policia-civil-deflagra-operacao-em-dois-bairros-com-intuito-de-coibir-o-trafico-de-drogas\/\",\"url\":\"https:\/\/ubanews.com\/site\/2018\/10\/11\/policia-civil-deflagra-operacao-em-dois-bairros-com-intuito-de-coibir-o-trafico-de-drogas\/\",\"name\":\"Pol\u00edcia C\u00edvil deflagra opera\u00e7\u00e3o em dois bairros com intuito de coibir o tr\u00e1fico de drogas - Ub\u00e1 News\",\"isPartOf\":{\"@id\":\"https:\/\/ubanews.com\/site\/#website\"},\"primaryImageOfPage\":{\"@id\":\"https:\/\/ubanews.com\/site\/2018\/10\/11\/policia-civil-deflagra-operacao-em-dois-bairros-com-intuito-de-coibir-o-trafico-de-drogas\/#primaryimage\"},\"image\":{\"@id\":\"https:\/\/ubanews.com\/site\/2018\/10\/11\/policia-civil-deflagra-operacao-em-dois-bairros-com-intuito-de-coibir-o-trafico-de-drogas\/#primaryimage\"},\"thumbnailUrl\":\"https:\/\/ubanews.com\/site\/wp-content\/uploads\/2018\/10\/20181011_215229-1.jpg\",\"datePublished\":\"2018-10-12T00:58:46+00:00\",\"breadcrumb\":{\"@id\":\"https:\/\/ubanews.com\/site\/2018\/10\/11\/policia-civil-deflagra-operacao-em-dois-bairros-com-intuito-de-coibir-o-trafico-de-drogas\/#breadcrumb\"},\"inLanguage\":\"pt-BR\",\"potentialAction\":[{\"@type\":\"ReadAction\",\"target\":[\"https:\/\/ubanews.com\/site\/2018\/10\/11\/policia-civil-deflagra-operacao-em-dois-bairros-com-intuito-de-coibir-o-trafico-de-drogas\/\"]}]},{\"@type\":\"ImageObject\",\"inLanguage\":\"pt-BR\",\"@id\":\"https:\/\/ubanews.com\/site\/2018\/10\/11\/policia-civil-deflagra-operacao-em-dois-bairros-com-intuito-de-coibir-o-trafico-de-drogas\/#primaryimage\",\"url\":\"https:\/\/ubanews.com\/site\/wp-content\/uploads\/2018\/10\/20181011_215229-1.jpg\",\"contentUrl\":\"https:\/\/ubanews.com\/site\/wp-content\/uploads\/2018\/10\/20181011_215229-1.jpg\",\"width\":1280,\"height\":602},{\"@type\":\"BreadcrumbList\",\"@id\":\"https:\/\/ubanews.com\/site\/2018\/10\/11\/policia-civil-deflagra-operacao-em-dois-bairros-com-intuito-de-coibir-o-trafico-de-drogas\/#breadcrumb\",\"itemListElement\":[{\"@type\":\"ListItem\",\"position\":1,\"name\":\"Home\",\"item\":\"https:\/\/ubanews.com\/site\/\"},{\"@type\":\"ListItem\",\"position\":2,\"name\":\"Pol\u00edcia C\u00edvil deflagra opera\u00e7\u00e3o em dois bairros com intuito de coibir o tr\u00e1fico de drogas\"}]},{\"@type\":\"WebSite\",\"@id\":\"https:\/\/ubanews.com\/site\/#website\",\"url\":\"https:\/\/ubanews.com\/site\/\",\"name\":\"Ub\u00e1 News\",\"description\":\"\",\"publisher\":{\"@id\":\"https:\/\/ubanews.com\/site\/#organization\"},\"potentialAction\":[{\"@type\":\"SearchAction\",\"target\":{\"@type\":\"EntryPoint\",\"urlTemplate\":\"https:\/\/ubanews.com\/site\/?s={search_term_string}\"},\"query-input\":{\"@type\":\"PropertyValueSpecification\",\"valueRequired\":true,\"valueName\":\"search_term_string\"}}],\"inLanguage\":\"pt-BR\"},{\"@type\":\"Organization\",\"@id\":\"https:\/\/ubanews.com\/site\/#organization\",\"name\":\"Ub\u00e1 News\",\"url\":\"https:\/\/ubanews.com\/site\/\",\"logo\":{\"@type\":\"ImageObject\",\"inLanguage\":\"pt-BR\",\"@id\":\"https:\/\/ubanews.com\/site\/#\/schema\/logo\/image\/\",\"url\":\"https:\/\/ubanews.com\/site\/wp-content\/uploads\/2018\/01\/logoubanews.png\",\"contentUrl\":\"https:\/\/ubanews.com\/site\/wp-content\/uploads\/2018\/01\/logoubanews.png\",\"width\":261,\"height\":99,\"caption\":\"Ub\u00e1 News\"},\"image\":{\"@id\":\"https:\/\/ubanews.com\/site\/#\/schema\/logo\/image\/\"},\"sameAs\":[\"https:\/\/www.facebook.com\/Ub\u00e1News-Carlos-Roberto-Sodr\u00e9-418778301977370\"]},{\"@type\":\"Person\",\"@id\":\"https:\/\/ubanews.com\/site\/#\/schema\/person\/d90c9e47252fbb63dcc969fe4c8b9d10\",\"name\":\"Sodr\u00e9\",\"image\":{\"@type\":\"ImageObject\",\"inLanguage\":\"pt-BR\",\"@id\":\"https:\/\/secure.gravatar.com\/avatar\/5ba2793f0590b9dbfad3fdec4ee714485b3eef211c9b32ee53d414060454a56c?s=96&d=mm&r=g\",\"url\":\"https:\/\/secure.gravatar.com\/avatar\/5ba2793f0590b9dbfad3fdec4ee714485b3eef211c9b32ee53d414060454a56c?s=96&d=mm&r=g\",\"contentUrl\":\"https:\/\/secure.gravatar.com\/avatar\/5ba2793f0590b9dbfad3fdec4ee714485b3eef211c9b32ee53d414060454a56c?s=96&d=mm&r=g\",\"caption\":\"Sodr\u00e9\"},\"sameAs\":[\"https:\/\/www.facebook.com\/carosroberto.sodre.5\/\"],\"url\":\"https:\/\/ubanews.com\/site\/author\/felipe\/\"}]}<\/script>\n<!-- \/ Yoast SEO plugin. -->","yoast_head_json":{"title":"Pol\u00edcia C\u00edvil deflagra opera\u00e7\u00e3o em dois bairros com intuito de coibir o tr\u00e1fico de drogas - Ub\u00e1 News","robots":{"index":"index","follow":"follow","max-snippet":"max-snippet:-1","max-image-preview":"max-image-preview:large","max-video-preview":"max-video-preview:-1"},"canonical":"https:\/\/ubanews.com\/site\/2018\/10\/11\/policia-civil-deflagra-operacao-em-dois-bairros-com-intuito-de-coibir-o-trafico-de-drogas\/","og_locale":"pt_BR","og_type":"article","og_title":"Pol\u00edcia C\u00edvil deflagra opera\u00e7\u00e3o em dois bairros com intuito de coibir o tr\u00e1fico de drogas - Ub\u00e1 News","og_description":"INFORME DA POLICIA CIVIL DE MINAS GERAIS Nesta ter\u00e7a-feira, 11\/10\/2018,","og_url":"https:\/\/ubanews.com\/site\/2018\/10\/11\/policia-civil-deflagra-operacao-em-dois-bairros-com-intuito-de-coibir-o-trafico-de-drogas\/","og_site_name":"Ub\u00e1 News","article_publisher":"https:\/\/www.facebook.com\/Ub%c3%a1News-Carlos-Roberto-Sodr%c3%a9-418778301977370","article_author":"https:\/\/www.facebook.com\/carosroberto.sodre.5\/","article_published_time":"2018-10-12T00:58:46+00:00","og_image":[{"width":1280,"height":602,"url":"https:\/\/ubanews.com\/site\/wp-content\/uploads\/2018\/10\/20181011_215229-1.jpg","type":"image\/jpeg"}],"author":"Sodr\u00e9","twitter_card":"summary_large_image","twitter_misc":{"Escrito por":"Sodr\u00e9","Est. tempo de leitura":"2 minutos"},"schema":{"@context":"https:\/\/schema.org","@graph":[{"@type":"Article","@id":"https:\/\/ubanews.com\/site\/2018\/10\/11\/policia-civil-deflagra-operacao-em-dois-bairros-com-intuito-de-coibir-o-trafico-de-drogas\/#article","isPartOf":{"@id":"https:\/\/ubanews.com\/site\/2018\/10\/11\/policia-civil-deflagra-operacao-em-dois-bairros-com-intuito-de-coibir-o-trafico-de-drogas\/"},"author":{"name":"Sodr\u00e9","@id":"https:\/\/ubanews.com\/site\/#\/schema\/person\/d90c9e47252fbb63dcc969fe4c8b9d10"},"headline":"Pol\u00edcia C\u00edvil deflagra opera\u00e7\u00e3o em dois bairros com intuito de coibir o tr\u00e1fico de drogas","datePublished":"2018-10-12T00:58:46+00:00","mainEntityOfPage":{"@id":"https:\/\/ubanews.com\/site\/2018\/10\/11\/policia-civil-deflagra-operacao-em-dois-bairros-com-intuito-de-coibir-o-trafico-de-drogas\/"},"wordCount":424,"commentCount":1,"publisher":{"@id":"https:\/\/ubanews.com\/site\/#organization"},"image":{"@id":"https:\/\/ubanews.com\/site\/2018\/10\/11\/policia-civil-deflagra-operacao-em-dois-bairros-com-intuito-de-coibir-o-trafico-de-drogas\/#primaryimage"},"thumbnailUrl":"https:\/\/ubanews.com\/site\/wp-content\/uploads\/2018\/10\/20181011_215229-1.jpg","articleSection":["Geral"],"inLanguage":"pt-BR","potentialAction":[{"@type":"CommentAction","name":"Comment","target":["https:\/\/ubanews.com\/site\/2018\/10\/11\/policia-civil-deflagra-operacao-em-dois-bairros-com-intuito-de-coibir-o-trafico-de-drogas\/#respond"]}]},{"@type":"WebPage","@id":"https:\/\/ubanews.com\/site\/2018\/10\/11\/policia-civil-deflagra-operacao-em-dois-bairros-com-intuito-de-coibir-o-trafico-de-drogas\/","url":"https:\/\/ubanews.com\/site\/2018\/10\/11\/policia-civil-deflagra-operacao-em-dois-bairros-com-intuito-de-coibir-o-trafico-de-drogas\/","name":"Pol\u00edcia C\u00edvil deflagra opera\u00e7\u00e3o em dois bairros com intuito de coibir o tr\u00e1fico de drogas - Ub\u00e1 News","isPartOf":{"@id":"https:\/\/ubanews.com\/site\/#website"},"primaryImageOfPage":{"@id":"https:\/\/ubanews.com\/site\/2018\/10\/11\/policia-civil-deflagra-operacao-em-dois-bairros-com-intuito-de-coibir-o-trafico-de-drogas\/#primaryimage"},"image":{"@id":"https:\/\/ubanews.com\/site\/2018\/10\/11\/policia-civil-deflagra-operacao-em-dois-bairros-com-intuito-de-coibir-o-trafico-de-drogas\/#primaryimage"},"thumbnailUrl":"https:\/\/ubanews.com\/site\/wp-content\/uploads\/2018\/10\/20181011_215229-1.jpg","datePublished":"2018-10-12T00:58:46+00:00","breadcrumb":{"@id":"https:\/\/ubanews.com\/site\/2018\/10\/11\/policia-civil-deflagra-operacao-em-dois-bairros-com-intuito-de-coibir-o-trafico-de-drogas\/#breadcrumb"},"inLanguage":"pt-BR","potentialAction":[{"@type":"ReadAction","target":["https:\/\/ubanews.com\/site\/2018\/10\/11\/policia-civil-deflagra-operacao-em-dois-bairros-com-intuito-de-coibir-o-trafico-de-drogas\/"]}]},{"@type":"ImageObject","inLanguage":"pt-BR","@id":"https:\/\/ubanews.com\/site\/2018\/10\/11\/policia-civil-deflagra-operacao-em-dois-bairros-com-intuito-de-coibir-o-trafico-de-drogas\/#primaryimage","url":"https:\/\/ubanews.com\/site\/wp-content\/uploads\/2018\/10\/20181011_215229-1.jpg","contentUrl":"https:\/\/ubanews.com\/site\/wp-content\/uploads\/2018\/10\/20181011_215229-1.jpg","width":1280,"height":602},{"@type":"BreadcrumbList","@id":"https:\/\/ubanews.com\/site\/2018\/10\/11\/policia-civil-deflagra-operacao-em-dois-bairros-com-intuito-de-coibir-o-trafico-de-drogas\/#breadcrumb","itemListElement":[{"@type":"ListItem","position":1,"name":"Home","item":"https:\/\/ubanews.com\/site\/"},{"@type":"ListItem","position":2,"name":"Pol\u00edcia C\u00edvil deflagra opera\u00e7\u00e3o em dois bairros com intuito de coibir o tr\u00e1fico de drogas"}]},{"@type":"WebSite","@id":"https:\/\/ubanews.com\/site\/#website","url":"https:\/\/ubanews.com\/site\/","name":"Ub\u00e1 News","description":"","publisher":{"@id":"https:\/\/ubanews.com\/site\/#organization"},"potentialAction":[{"@type":"SearchAction","target":{"@type":"EntryPoint","urlTemplate":"https:\/\/ubanews.com\/site\/?s={search_term_string}"},"query-input":{"@type":"PropertyValueSpecification","valueRequired":true,"valueName":"search_term_string"}}],"inLanguage":"pt-BR"},{"@type":"Organization","@id":"https:\/\/ubanews.com\/site\/#organization","name":"Ub\u00e1 News","url":"https:\/\/ubanews.com\/site\/","logo":{"@type":"ImageObject","inLanguage":"pt-BR","@id":"https:\/\/ubanews.com\/site\/#\/schema\/logo\/image\/","url":"https:\/\/ubanews.com\/site\/wp-content\/uploads\/2018\/01\/logoubanews.png","contentUrl":"https:\/\/ubanews.com\/site\/wp-content\/uploads\/2018\/01\/logoubanews.png","width":261,"height":99,"caption":"Ub\u00e1 News"},"image":{"@id":"https:\/\/ubanews.com\/site\/#\/schema\/logo\/image\/"},"sameAs":["https:\/\/www.facebook.com\/Ub\u00e1News-Carlos-Roberto-Sodr\u00e9-418778301977370"]},{"@type":"Person","@id":"https:\/\/ubanews.com\/site\/#\/schema\/person\/d90c9e47252fbb63dcc969fe4c8b9d10","name":"Sodr\u00e9","image":{"@type":"ImageObject","inLanguage":"pt-BR","@id":"https:\/\/secure.gravatar.com\/avatar\/5ba2793f0590b9dbfad3fdec4ee714485b3eef211c9b32ee53d414060454a56c?s=96&d=mm&r=g","url":"https:\/\/secure.gravatar.com\/avatar\/5ba2793f0590b9dbfad3fdec4ee714485b3eef211c9b32ee53d414060454a56c?s=96&d=mm&r=g","contentUrl":"https:\/\/secure.gravatar.com\/avatar\/5ba2793f0590b9dbfad3fdec4ee714485b3eef211c9b32ee53d414060454a56c?s=96&d=mm&r=g","caption":"Sodr\u00e9"},"sameAs":["https:\/\/www.facebook.com\/carosroberto.sodre.5\/"],"url":"https:\/\/ubanews.com\/site\/author\/felipe\/"}]}},"_links":{"self":[{"href":"https:\/\/ubanews.com\/site\/wp-json\/wp\/v2\/posts\/8207","targetHints":{"allow":["GET"]}}],"collection":[{"href":"https:\/\/ubanews.com\/site\/wp-json\/wp\/v2\/posts"}],"about":[{"href":"https:\/\/ubanews.com\/site\/wp-json\/wp\/v2\/types\/post"}],"author":[{"embeddable":true,"href":"https:\/\/ubanews.com\/site\/wp-json\/wp\/v2\/users\/2"}],"replies":[{"embeddable":true,"href":"https:\/\/ubanews.com\/site\/wp-json\/wp\/v2\/comments?post=8207"}],"version-history":[{"count":0,"href":"https:\/\/ubanews.com\/site\/wp-json\/wp\/v2\/posts\/8207\/revisions"}],"wp:featuredmedia":[{"embeddable":true,"href":"https:\/\/ubanews.com\/site\/wp-json\/wp\/v2\/media\/8206"}],"wp:attachment":[{"href":"https:\/\/ubanews.com\/site\/wp-json\/wp\/v2\/media?parent=8207"}],"wp:term":[{"taxonomy":"category","embeddable":true,"href":"https:\/\/ubanews.com\/site\/wp-json\/wp\/v2\/categories?post=8207"},{"taxonomy":"post_tag","embeddable":true,"href":"https:\/\/ubanews.com\/site\/wp-json\/wp\/v2\/tags?post=8207"}],"curies":[{"name":"wp","href":"https:\/\/api.w.org\/{rel}","templated":true}]}}