{"id":808,"date":"2018-03-12T18:33:45","date_gmt":"2018-03-12T21:33:45","guid":{"rendered":"http:\/\/ubanews.com\/site\/?p=808"},"modified":"2018-03-12T18:33:45","modified_gmt":"2018-03-12T21:33:45","slug":"veja-o-video-de-maria-do-carmo-nascimento-teixeira-ela-nos-contou-sua-historia-de-sucesso","status":"publish","type":"post","link":"https:\/\/ubanews.com\/site\/2018\/03\/12\/veja-o-video-de-maria-do-carmo-nascimento-teixeira-ela-nos-contou-sua-historia-de-sucesso\/","title":{"rendered":"Veja o v\u00eddeo de Maria do Carmo Nascimento Teixeira ela nos contou sua hist\u00f3ria de sucesso"},"content":{"rendered":"<p>&nbsp; &nbsp; &nbsp; &nbsp; &nbsp;Nascida em Visconde do Rio Branco em 29 de julho de 1949, portanto h\u00e1 68 anos, mas radicada em Ub\u00e1 na Avenida Oleg\u00e1rio Maciel, 201, Bairro Industrial, h\u00e1 35, Maria do Carmo Nascimento Teixeira recebeu no dia 08 de mar\u00e7o, \u00e0s 19h, na C\u00e2mara Municipal uma homenagem do Poder Legislativo, por indica\u00e7\u00e3o do vereador Gilson Gon\u00e7alves Filgueiras.<br \/>\n&nbsp; &nbsp; &nbsp; &nbsp; &nbsp;Maria do Carmo se diz muito feliz com a honraria: \u201c estou muito feliz, o vereador Gilson \u00e9 filho de uma grande amiga, Dona Gracinha, ent\u00e3o minha felicidade \u00e9 ainda maior, eu me senti mais mulher no momento em que recebi o comunicado da homenagem, eu sou costureira h\u00e1 55 anos, mas sou ainda: cozinheira, lavadeira, fa\u00e7o tudo em minha casa, ajudo minha filha que mora comigo, como ela tamb\u00e9m me ajuda&#8230;\u201d! Maria do Carmo se diz muito religiosa. \u00c9 Ministra da Eucaristia na Igreja Matriz do Divino Esp\u00edrito Santo, e com isso, ela admite que sua responsabilidade aumenta diante de sua comunidade! Sobre o certificado que recebeu, Maria do Carmo diz que vai coloc\u00e1-lo em local de destaque em sua casa!<br \/>\n&nbsp; &nbsp; &nbsp; &nbsp; &nbsp;A costura est\u00e1 presente na vida de Maria do Carmo h\u00e1 55 anos. Aos 13 anos de idade ela ganhou de seu pai uma m\u00e1quina de costura, e para o irm\u00e3o, o pai deu um cavalo, ou seja, servi\u00e7o para ela e lazer para ele, ela nos contou.<br \/>\n&nbsp; &nbsp; &nbsp; &nbsp; &nbsp;Quando morava na Fazenda das Pedra, Zona Rural de Visconde do Rio, Maria do Carmo foi professora do Mobral (Movimento Brasileiro de Alfabetiza\u00e7\u00e3o). Lembra de detalhes daquele tempo. Lembra inclusive que foram 23 anos, que na \u00e9poca Cleber Lima da Silva era o prefeito de Visconde do Rio Branco. Ela destaca que a forma respeitosa com que as autoridades conduziram \u00e0 educa\u00e7\u00e3o na gest\u00e3o de Cleber Lima, foi decisivo na hora de solicitar \u00e0 sua aposentadoria junto ao INSS.<br \/>\n&nbsp; &nbsp; &nbsp; &nbsp; &nbsp;Depois de ficar vi\u00fava de seu primeiro casamento, Maria do Carmo refez sua vida, casando-se novamente com o senhor Sebasti\u00e3o com quem \u00e9 muito feliz. Al\u00e9m trabalhar em casa, como dona de casa, Maria do Carmo tem compromissos profissionais, realizando costura, e ainda arruma um tempinho para curtir a fam\u00edlia, os filhos, os netos e nutre uma amizade grande por sua vizinhan\u00e7a e colegas de igreja!!!<\/p>\n<div style=\"position: relative; height: 0; padding-bottom: 56.25%;\"><iframe style=\"position: absolute; width: 100%; height: 100%; left: 0;\" data-src=\"https:\/\/www.youtube.com\/embed\/-Nbj49EOSB4?ecver=2\" width=\"640\" height=\"360\" frameborder=\"0\" allowfullscreen=\"allowfullscreen\" src=\"data:image\/svg+xml;base64,PHN2ZyB3aWR0aD0iMSIgaGVpZ2h0PSIxIiB4bWxucz0iaHR0cDovL3d3dy53My5vcmcvMjAwMC9zdmciPjwvc3ZnPg==\" class=\"lazyload\" data-load-mode=\"1\"><\/iframe><\/div>\n<p>&nbsp;<\/p>\n","protected":false},"excerpt":{"rendered":"<p>&nbsp; &nbsp; &nbsp; &nbsp; &nbsp;Nascida em Visconde do Rio Branco<\/p>\n","protected":false},"author":2,"featured_media":811,"comment_status":"open","ping_status":"open","sticky":false,"template":"","format":"standard","meta":{"footnotes":""},"categories":[1],"tags":[],"class_list":["post-808","post","type-post","status-publish","format-standard","has-post-thumbnail","hentry","category-sem-categoria"],"yoast_head":"<!-- This site is optimized with the Yoast SEO plugin v27.2 - https:\/\/yoast.com\/product\/yoast-seo-wordpress\/ -->\n<title>Veja o v\u00eddeo de Maria do Carmo Nascimento Teixeira ela nos contou sua hist\u00f3ria de sucesso - Ub\u00e1 News<\/title>\n<meta name=\"robots\" content=\"index, follow, max-snippet:-1, max-image-preview:large, max-video-preview:-1\" \/>\n<link rel=\"canonical\" href=\"https:\/\/ubanews.com\/site\/2018\/03\/12\/veja-o-video-de-maria-do-carmo-nascimento-teixeira-ela-nos-contou-sua-historia-de-sucesso\/\" \/>\n<meta property=\"og:locale\" content=\"pt_BR\" \/>\n<meta property=\"og:type\" content=\"article\" \/>\n<meta property=\"og:title\" content=\"Veja o v\u00eddeo de Maria do Carmo Nascimento Teixeira ela nos contou sua hist\u00f3ria de sucesso - Ub\u00e1 News\" \/>\n<meta property=\"og:description\" content=\"&nbsp; &nbsp; &nbsp; &nbsp; &nbsp;Nascida em Visconde do Rio Branco\" \/>\n<meta property=\"og:url\" content=\"https:\/\/ubanews.com\/site\/2018\/03\/12\/veja-o-video-de-maria-do-carmo-nascimento-teixeira-ela-nos-contou-sua-historia-de-sucesso\/\" \/>\n<meta property=\"og:site_name\" content=\"Ub\u00e1 News\" \/>\n<meta property=\"article:publisher\" content=\"https:\/\/www.facebook.com\/Ub%c3%a1News-Carlos-Roberto-Sodr%c3%a9-418778301977370\" \/>\n<meta property=\"article:author\" content=\"https:\/\/www.facebook.com\/carosroberto.sodre.5\/\" \/>\n<meta property=\"article:published_time\" content=\"2018-03-12T21:33:45+00:00\" \/>\n<meta property=\"og:image\" content=\"https:\/\/ubanews.com\/site\/wp-content\/uploads\/2018\/03\/3-16.jpg\" \/>\n\t<meta property=\"og:image:width\" content=\"4271\" \/>\n\t<meta property=\"og:image:height\" content=\"2480\" \/>\n\t<meta property=\"og:image:type\" content=\"image\/jpeg\" \/>\n<meta name=\"author\" content=\"Sodr\u00e9\" \/>\n<meta name=\"twitter:card\" content=\"summary_large_image\" \/>\n<meta name=\"twitter:label1\" content=\"Escrito por\" \/>\n\t<meta name=\"twitter:data1\" content=\"Sodr\u00e9\" \/>\n\t<meta name=\"twitter:label2\" content=\"Est. tempo de leitura\" \/>\n\t<meta name=\"twitter:data2\" content=\"2 minutos\" \/>\n<script type=\"application\/ld+json\" class=\"yoast-schema-graph\">{\"@context\":\"https:\/\/schema.org\",\"@graph\":[{\"@type\":\"Article\",\"@id\":\"https:\/\/ubanews.com\/site\/2018\/03\/12\/veja-o-video-de-maria-do-carmo-nascimento-teixeira-ela-nos-contou-sua-historia-de-sucesso\/#article\",\"isPartOf\":{\"@id\":\"https:\/\/ubanews.com\/site\/2018\/03\/12\/veja-o-video-de-maria-do-carmo-nascimento-teixeira-ela-nos-contou-sua-historia-de-sucesso\/\"},\"author\":{\"name\":\"Sodr\u00e9\",\"@id\":\"https:\/\/ubanews.com\/site\/#\/schema\/person\/d90c9e47252fbb63dcc969fe4c8b9d10\"},\"headline\":\"Veja o v\u00eddeo de Maria do Carmo Nascimento Teixeira ela nos contou sua hist\u00f3ria de sucesso\",\"datePublished\":\"2018-03-12T21:33:45+00:00\",\"mainEntityOfPage\":{\"@id\":\"https:\/\/ubanews.com\/site\/2018\/03\/12\/veja-o-video-de-maria-do-carmo-nascimento-teixeira-ela-nos-contou-sua-historia-de-sucesso\/\"},\"wordCount\":420,\"commentCount\":0,\"publisher\":{\"@id\":\"https:\/\/ubanews.com\/site\/#organization\"},\"image\":{\"@id\":\"https:\/\/ubanews.com\/site\/2018\/03\/12\/veja-o-video-de-maria-do-carmo-nascimento-teixeira-ela-nos-contou-sua-historia-de-sucesso\/#primaryimage\"},\"thumbnailUrl\":\"https:\/\/ubanews.com\/site\/wp-content\/uploads\/2018\/03\/3-16.jpg\",\"articleSection\":[\"Geral\"],\"inLanguage\":\"pt-BR\",\"potentialAction\":[{\"@type\":\"CommentAction\",\"name\":\"Comment\",\"target\":[\"https:\/\/ubanews.com\/site\/2018\/03\/12\/veja-o-video-de-maria-do-carmo-nascimento-teixeira-ela-nos-contou-sua-historia-de-sucesso\/#respond\"]}]},{\"@type\":\"WebPage\",\"@id\":\"https:\/\/ubanews.com\/site\/2018\/03\/12\/veja-o-video-de-maria-do-carmo-nascimento-teixeira-ela-nos-contou-sua-historia-de-sucesso\/\",\"url\":\"https:\/\/ubanews.com\/site\/2018\/03\/12\/veja-o-video-de-maria-do-carmo-nascimento-teixeira-ela-nos-contou-sua-historia-de-sucesso\/\",\"name\":\"Veja o v\u00eddeo de Maria do Carmo Nascimento Teixeira ela nos contou sua hist\u00f3ria de sucesso - Ub\u00e1 News\",\"isPartOf\":{\"@id\":\"https:\/\/ubanews.com\/site\/#website\"},\"primaryImageOfPage\":{\"@id\":\"https:\/\/ubanews.com\/site\/2018\/03\/12\/veja-o-video-de-maria-do-carmo-nascimento-teixeira-ela-nos-contou-sua-historia-de-sucesso\/#primaryimage\"},\"image\":{\"@id\":\"https:\/\/ubanews.com\/site\/2018\/03\/12\/veja-o-video-de-maria-do-carmo-nascimento-teixeira-ela-nos-contou-sua-historia-de-sucesso\/#primaryimage\"},\"thumbnailUrl\":\"https:\/\/ubanews.com\/site\/wp-content\/uploads\/2018\/03\/3-16.jpg\",\"datePublished\":\"2018-03-12T21:33:45+00:00\",\"breadcrumb\":{\"@id\":\"https:\/\/ubanews.com\/site\/2018\/03\/12\/veja-o-video-de-maria-do-carmo-nascimento-teixeira-ela-nos-contou-sua-historia-de-sucesso\/#breadcrumb\"},\"inLanguage\":\"pt-BR\",\"potentialAction\":[{\"@type\":\"ReadAction\",\"target\":[\"https:\/\/ubanews.com\/site\/2018\/03\/12\/veja-o-video-de-maria-do-carmo-nascimento-teixeira-ela-nos-contou-sua-historia-de-sucesso\/\"]}]},{\"@type\":\"ImageObject\",\"inLanguage\":\"pt-BR\",\"@id\":\"https:\/\/ubanews.com\/site\/2018\/03\/12\/veja-o-video-de-maria-do-carmo-nascimento-teixeira-ela-nos-contou-sua-historia-de-sucesso\/#primaryimage\",\"url\":\"https:\/\/ubanews.com\/site\/wp-content\/uploads\/2018\/03\/3-16.jpg\",\"contentUrl\":\"https:\/\/ubanews.com\/site\/wp-content\/uploads\/2018\/03\/3-16.jpg\",\"width\":4271,\"height\":2480},{\"@type\":\"BreadcrumbList\",\"@id\":\"https:\/\/ubanews.com\/site\/2018\/03\/12\/veja-o-video-de-maria-do-carmo-nascimento-teixeira-ela-nos-contou-sua-historia-de-sucesso\/#breadcrumb\",\"itemListElement\":[{\"@type\":\"ListItem\",\"position\":1,\"name\":\"Home\",\"item\":\"https:\/\/ubanews.com\/site\/\"},{\"@type\":\"ListItem\",\"position\":2,\"name\":\"Veja o v\u00eddeo de Maria do Carmo Nascimento Teixeira ela nos contou sua hist\u00f3ria de sucesso\"}]},{\"@type\":\"WebSite\",\"@id\":\"https:\/\/ubanews.com\/site\/#website\",\"url\":\"https:\/\/ubanews.com\/site\/\",\"name\":\"Ub\u00e1 News\",\"description\":\"\",\"publisher\":{\"@id\":\"https:\/\/ubanews.com\/site\/#organization\"},\"potentialAction\":[{\"@type\":\"SearchAction\",\"target\":{\"@type\":\"EntryPoint\",\"urlTemplate\":\"https:\/\/ubanews.com\/site\/?s={search_term_string}\"},\"query-input\":{\"@type\":\"PropertyValueSpecification\",\"valueRequired\":true,\"valueName\":\"search_term_string\"}}],\"inLanguage\":\"pt-BR\"},{\"@type\":\"Organization\",\"@id\":\"https:\/\/ubanews.com\/site\/#organization\",\"name\":\"Ub\u00e1 News\",\"url\":\"https:\/\/ubanews.com\/site\/\",\"logo\":{\"@type\":\"ImageObject\",\"inLanguage\":\"pt-BR\",\"@id\":\"https:\/\/ubanews.com\/site\/#\/schema\/logo\/image\/\",\"url\":\"https:\/\/ubanews.com\/site\/wp-content\/uploads\/2018\/01\/logoubanews.png\",\"contentUrl\":\"https:\/\/ubanews.com\/site\/wp-content\/uploads\/2018\/01\/logoubanews.png\",\"width\":261,\"height\":99,\"caption\":\"Ub\u00e1 News\"},\"image\":{\"@id\":\"https:\/\/ubanews.com\/site\/#\/schema\/logo\/image\/\"},\"sameAs\":[\"https:\/\/www.facebook.com\/Ub\u00e1News-Carlos-Roberto-Sodr\u00e9-418778301977370\"]},{\"@type\":\"Person\",\"@id\":\"https:\/\/ubanews.com\/site\/#\/schema\/person\/d90c9e47252fbb63dcc969fe4c8b9d10\",\"name\":\"Sodr\u00e9\",\"image\":{\"@type\":\"ImageObject\",\"inLanguage\":\"pt-BR\",\"@id\":\"https:\/\/secure.gravatar.com\/avatar\/5ba2793f0590b9dbfad3fdec4ee714485b3eef211c9b32ee53d414060454a56c?s=96&d=mm&r=g\",\"url\":\"https:\/\/secure.gravatar.com\/avatar\/5ba2793f0590b9dbfad3fdec4ee714485b3eef211c9b32ee53d414060454a56c?s=96&d=mm&r=g\",\"contentUrl\":\"https:\/\/secure.gravatar.com\/avatar\/5ba2793f0590b9dbfad3fdec4ee714485b3eef211c9b32ee53d414060454a56c?s=96&d=mm&r=g\",\"caption\":\"Sodr\u00e9\"},\"sameAs\":[\"https:\/\/www.facebook.com\/carosroberto.sodre.5\/\"],\"url\":\"https:\/\/ubanews.com\/site\/author\/felipe\/\"}]}<\/script>\n<!-- \/ Yoast SEO plugin. -->","yoast_head_json":{"title":"Veja o v\u00eddeo de Maria do Carmo Nascimento Teixeira ela nos contou sua hist\u00f3ria de sucesso - Ub\u00e1 News","robots":{"index":"index","follow":"follow","max-snippet":"max-snippet:-1","max-image-preview":"max-image-preview:large","max-video-preview":"max-video-preview:-1"},"canonical":"https:\/\/ubanews.com\/site\/2018\/03\/12\/veja-o-video-de-maria-do-carmo-nascimento-teixeira-ela-nos-contou-sua-historia-de-sucesso\/","og_locale":"pt_BR","og_type":"article","og_title":"Veja o v\u00eddeo de Maria do Carmo Nascimento Teixeira ela nos contou sua hist\u00f3ria de sucesso - Ub\u00e1 News","og_description":"&nbsp; &nbsp; &nbsp; &nbsp; &nbsp;Nascida em Visconde do Rio Branco","og_url":"https:\/\/ubanews.com\/site\/2018\/03\/12\/veja-o-video-de-maria-do-carmo-nascimento-teixeira-ela-nos-contou-sua-historia-de-sucesso\/","og_site_name":"Ub\u00e1 News","article_publisher":"https:\/\/www.facebook.com\/Ub%c3%a1News-Carlos-Roberto-Sodr%c3%a9-418778301977370","article_author":"https:\/\/www.facebook.com\/carosroberto.sodre.5\/","article_published_time":"2018-03-12T21:33:45+00:00","og_image":[{"width":4271,"height":2480,"url":"https:\/\/ubanews.com\/site\/wp-content\/uploads\/2018\/03\/3-16.jpg","type":"image\/jpeg"}],"author":"Sodr\u00e9","twitter_card":"summary_large_image","twitter_misc":{"Escrito por":"Sodr\u00e9","Est. tempo de leitura":"2 minutos"},"schema":{"@context":"https:\/\/schema.org","@graph":[{"@type":"Article","@id":"https:\/\/ubanews.com\/site\/2018\/03\/12\/veja-o-video-de-maria-do-carmo-nascimento-teixeira-ela-nos-contou-sua-historia-de-sucesso\/#article","isPartOf":{"@id":"https:\/\/ubanews.com\/site\/2018\/03\/12\/veja-o-video-de-maria-do-carmo-nascimento-teixeira-ela-nos-contou-sua-historia-de-sucesso\/"},"author":{"name":"Sodr\u00e9","@id":"https:\/\/ubanews.com\/site\/#\/schema\/person\/d90c9e47252fbb63dcc969fe4c8b9d10"},"headline":"Veja o v\u00eddeo de Maria do Carmo Nascimento Teixeira ela nos contou sua hist\u00f3ria de sucesso","datePublished":"2018-03-12T21:33:45+00:00","mainEntityOfPage":{"@id":"https:\/\/ubanews.com\/site\/2018\/03\/12\/veja-o-video-de-maria-do-carmo-nascimento-teixeira-ela-nos-contou-sua-historia-de-sucesso\/"},"wordCount":420,"commentCount":0,"publisher":{"@id":"https:\/\/ubanews.com\/site\/#organization"},"image":{"@id":"https:\/\/ubanews.com\/site\/2018\/03\/12\/veja-o-video-de-maria-do-carmo-nascimento-teixeira-ela-nos-contou-sua-historia-de-sucesso\/#primaryimage"},"thumbnailUrl":"https:\/\/ubanews.com\/site\/wp-content\/uploads\/2018\/03\/3-16.jpg","articleSection":["Geral"],"inLanguage":"pt-BR","potentialAction":[{"@type":"CommentAction","name":"Comment","target":["https:\/\/ubanews.com\/site\/2018\/03\/12\/veja-o-video-de-maria-do-carmo-nascimento-teixeira-ela-nos-contou-sua-historia-de-sucesso\/#respond"]}]},{"@type":"WebPage","@id":"https:\/\/ubanews.com\/site\/2018\/03\/12\/veja-o-video-de-maria-do-carmo-nascimento-teixeira-ela-nos-contou-sua-historia-de-sucesso\/","url":"https:\/\/ubanews.com\/site\/2018\/03\/12\/veja-o-video-de-maria-do-carmo-nascimento-teixeira-ela-nos-contou-sua-historia-de-sucesso\/","name":"Veja o v\u00eddeo de Maria do Carmo Nascimento Teixeira ela nos contou sua hist\u00f3ria de sucesso - Ub\u00e1 News","isPartOf":{"@id":"https:\/\/ubanews.com\/site\/#website"},"primaryImageOfPage":{"@id":"https:\/\/ubanews.com\/site\/2018\/03\/12\/veja-o-video-de-maria-do-carmo-nascimento-teixeira-ela-nos-contou-sua-historia-de-sucesso\/#primaryimage"},"image":{"@id":"https:\/\/ubanews.com\/site\/2018\/03\/12\/veja-o-video-de-maria-do-carmo-nascimento-teixeira-ela-nos-contou-sua-historia-de-sucesso\/#primaryimage"},"thumbnailUrl":"https:\/\/ubanews.com\/site\/wp-content\/uploads\/2018\/03\/3-16.jpg","datePublished":"2018-03-12T21:33:45+00:00","breadcrumb":{"@id":"https:\/\/ubanews.com\/site\/2018\/03\/12\/veja-o-video-de-maria-do-carmo-nascimento-teixeira-ela-nos-contou-sua-historia-de-sucesso\/#breadcrumb"},"inLanguage":"pt-BR","potentialAction":[{"@type":"ReadAction","target":["https:\/\/ubanews.com\/site\/2018\/03\/12\/veja-o-video-de-maria-do-carmo-nascimento-teixeira-ela-nos-contou-sua-historia-de-sucesso\/"]}]},{"@type":"ImageObject","inLanguage":"pt-BR","@id":"https:\/\/ubanews.com\/site\/2018\/03\/12\/veja-o-video-de-maria-do-carmo-nascimento-teixeira-ela-nos-contou-sua-historia-de-sucesso\/#primaryimage","url":"https:\/\/ubanews.com\/site\/wp-content\/uploads\/2018\/03\/3-16.jpg","contentUrl":"https:\/\/ubanews.com\/site\/wp-content\/uploads\/2018\/03\/3-16.jpg","width":4271,"height":2480},{"@type":"BreadcrumbList","@id":"https:\/\/ubanews.com\/site\/2018\/03\/12\/veja-o-video-de-maria-do-carmo-nascimento-teixeira-ela-nos-contou-sua-historia-de-sucesso\/#breadcrumb","itemListElement":[{"@type":"ListItem","position":1,"name":"Home","item":"https:\/\/ubanews.com\/site\/"},{"@type":"ListItem","position":2,"name":"Veja o v\u00eddeo de Maria do Carmo Nascimento Teixeira ela nos contou sua hist\u00f3ria de sucesso"}]},{"@type":"WebSite","@id":"https:\/\/ubanews.com\/site\/#website","url":"https:\/\/ubanews.com\/site\/","name":"Ub\u00e1 News","description":"","publisher":{"@id":"https:\/\/ubanews.com\/site\/#organization"},"potentialAction":[{"@type":"SearchAction","target":{"@type":"EntryPoint","urlTemplate":"https:\/\/ubanews.com\/site\/?s={search_term_string}"},"query-input":{"@type":"PropertyValueSpecification","valueRequired":true,"valueName":"search_term_string"}}],"inLanguage":"pt-BR"},{"@type":"Organization","@id":"https:\/\/ubanews.com\/site\/#organization","name":"Ub\u00e1 News","url":"https:\/\/ubanews.com\/site\/","logo":{"@type":"ImageObject","inLanguage":"pt-BR","@id":"https:\/\/ubanews.com\/site\/#\/schema\/logo\/image\/","url":"https:\/\/ubanews.com\/site\/wp-content\/uploads\/2018\/01\/logoubanews.png","contentUrl":"https:\/\/ubanews.com\/site\/wp-content\/uploads\/2018\/01\/logoubanews.png","width":261,"height":99,"caption":"Ub\u00e1 News"},"image":{"@id":"https:\/\/ubanews.com\/site\/#\/schema\/logo\/image\/"},"sameAs":["https:\/\/www.facebook.com\/Ub\u00e1News-Carlos-Roberto-Sodr\u00e9-418778301977370"]},{"@type":"Person","@id":"https:\/\/ubanews.com\/site\/#\/schema\/person\/d90c9e47252fbb63dcc969fe4c8b9d10","name":"Sodr\u00e9","image":{"@type":"ImageObject","inLanguage":"pt-BR","@id":"https:\/\/secure.gravatar.com\/avatar\/5ba2793f0590b9dbfad3fdec4ee714485b3eef211c9b32ee53d414060454a56c?s=96&d=mm&r=g","url":"https:\/\/secure.gravatar.com\/avatar\/5ba2793f0590b9dbfad3fdec4ee714485b3eef211c9b32ee53d414060454a56c?s=96&d=mm&r=g","contentUrl":"https:\/\/secure.gravatar.com\/avatar\/5ba2793f0590b9dbfad3fdec4ee714485b3eef211c9b32ee53d414060454a56c?s=96&d=mm&r=g","caption":"Sodr\u00e9"},"sameAs":["https:\/\/www.facebook.com\/carosroberto.sodre.5\/"],"url":"https:\/\/ubanews.com\/site\/author\/felipe\/"}]}},"_links":{"self":[{"href":"https:\/\/ubanews.com\/site\/wp-json\/wp\/v2\/posts\/808","targetHints":{"allow":["GET"]}}],"collection":[{"href":"https:\/\/ubanews.com\/site\/wp-json\/wp\/v2\/posts"}],"about":[{"href":"https:\/\/ubanews.com\/site\/wp-json\/wp\/v2\/types\/post"}],"author":[{"embeddable":true,"href":"https:\/\/ubanews.com\/site\/wp-json\/wp\/v2\/users\/2"}],"replies":[{"embeddable":true,"href":"https:\/\/ubanews.com\/site\/wp-json\/wp\/v2\/comments?post=808"}],"version-history":[{"count":0,"href":"https:\/\/ubanews.com\/site\/wp-json\/wp\/v2\/posts\/808\/revisions"}],"wp:featuredmedia":[{"embeddable":true,"href":"https:\/\/ubanews.com\/site\/wp-json\/wp\/v2\/media\/811"}],"wp:attachment":[{"href":"https:\/\/ubanews.com\/site\/wp-json\/wp\/v2\/media?parent=808"}],"wp:term":[{"taxonomy":"category","embeddable":true,"href":"https:\/\/ubanews.com\/site\/wp-json\/wp\/v2\/categories?post=808"},{"taxonomy":"post_tag","embeddable":true,"href":"https:\/\/ubanews.com\/site\/wp-json\/wp\/v2\/tags?post=808"}],"curies":[{"name":"wp","href":"https:\/\/api.w.org\/{rel}","templated":true}]}}