{"id":8067,"date":"2018-10-07T21:25:13","date_gmt":"2018-10-08T00:25:13","guid":{"rendered":"http:\/\/ubanews.com\/site\/?p=8067"},"modified":"2018-10-19T10:55:46","modified_gmt":"2018-10-19T13:55:46","slug":"zema-novo-e-anastasia-psdb-disputarao-2o-turno","status":"publish","type":"post","link":"https:\/\/ubanews.com\/site\/2018\/10\/07\/zema-novo-e-anastasia-psdb-disputarao-2o-turno\/","title":{"rendered":"Zema (Novo) e Anastasia (PSDB) disputar\u00e3o 2\u00ba turno"},"content":{"rendered":"<p><!--more--><\/p>\n<div class=\"wall\">\n<div class=\"mc-column content-text active-extra-styles\" data-block-type=\"raw\" data-block-weight=\"1\" data-block-id=\"3\">\n<div class=\"content-intertitle\">\n<p><a href=\"http:\/\/g1.globo.com\/politica\/politico\/romeu-zema.html\">Romeu Zema<\/a>&nbsp;(<a href=\"http:\/\/g1.globo.com\/tudo-sobre\/novo\">Novo<\/a>) e&nbsp;<a href=\"http:\/\/g1.globo.com\/politica\/politico\/antonio-anastasia.html\">Antonio Anastasia<\/a>&nbsp;(<a href=\"http:\/\/g1.globo.com\/tudo-sobre\/psdb\">PSDB<\/a>) v\u00e3o disputar o segundo turno em Minas Gerais. Com 97% dos votos v\u00e1lidos apurados at\u00e9 por volta das 20h40, o candidato do Novo tinha 4.020.045 votos, o que correspondia a 43,05% dos votos v\u00e1lidos. J\u00e1 o tucano tinha 2.712.224 votos, o que correspondia a 29,04% dos votos v\u00e1lidos.&nbsp;<a href=\"http:\/\/g1.globo.com\/politica\/politico\/fernando-pimentel.html\">Fernado Pimentel<\/a>&nbsp;(<a href=\"http:\/\/g1.globo.com\/tudo-sobre\/pt\">PT<\/a>), que tentava a reelei\u00e7\u00e3o, aparece em seguida, com 2.129.646 votos, o que correspondia a 22,80% dos votos v\u00e1lidos. (<a href=\"https:\/\/g1.globo.com\/politica\/eleicoes\/2018\/mg\/apuracao\/governador.ghtml\">Veja a apura\u00e7\u00e3o completa<\/a>)<\/p>\n<h2><strong>Campanha<\/strong><\/h2>\n<\/div>\n<\/div>\n<div class=\"mc-column content-text active-extra-styles \" data-block-type=\"unstyled\" data-block-weight=\"39\" data-block-id=\"4\">\n<p class=\"content-text__container \" data-track-category=\"Link no Texto\" data-track-links=\"\">Na corrida eleitoral, Anastasia e Pimentel lideraram as pesquisas de inten\u00e7\u00e3o de votos para o governo do estado. Zema aparecia em terceiro nas pesquisas, se aproximando do candidato petista na \u00faltima semana, mas virou, liderando a vota\u00e7\u00e3o neste domingo.<\/p>\n<\/div>\n<div class=\"mc-column content-text active-extra-styles \" data-block-type=\"unstyled\" data-block-weight=\"36\" data-block-id=\"5\">\n<p class=\"content-text__container \" data-track-category=\"Link no Texto\" data-track-links=\"\">O tucano, que governou Minas Gerais entre 2010 e 2014, sempre esteve ligado a A\u00e9cio Neves (PSDB), mas, nos atos de campanha neste ano, distanciou-se do senador que \u00e9 r\u00e9u por corrup\u00e7\u00e3o e obstru\u00e7\u00e3o de Justi\u00e7a.<\/p>\n<\/div>\n<div class=\"mc-column content-text active-extra-styles \" data-block-type=\"unstyled\" data-block-weight=\"35\" data-block-id=\"6\">\n<p class=\"content-text__container \" data-track-category=\"Link no Texto\" data-track-links=\"\">Zema \u00e9 empres\u00e1rio e participou de uma elei\u00e7\u00e3o pela primeira vez. Na \u00faltima semana, declarou apoio ao candidato \u00e0 Presid\u00eancia Jair Bolsonaro (PSL), al\u00e9m de pedir votos para Jo\u00e3o Amo\u00eado (Novo), do mesmo partido dele.<\/p>\n<h2><a href=\"https:\/\/ubanews.com\/site\/wp-content\/uploads\/2018\/08\/ELETRO-SENA-AUTOMOTIVA-2.jpg\"><img decoding=\"async\" class=\"alignnone size-full wp-image-7016 lazyload\" data-src=\"https:\/\/ubanews.com\/site\/wp-content\/uploads\/2018\/08\/ELETRO-SENA-AUTOMOTIVA-2.jpg\" alt=\"\" width=\"800\" height=\"264\" data-srcset=\"https:\/\/ubanews.com\/site\/wp-content\/uploads\/2018\/08\/ELETRO-SENA-AUTOMOTIVA-2.jpg 800w, https:\/\/ubanews.com\/site\/wp-content\/uploads\/2018\/08\/ELETRO-SENA-AUTOMOTIVA-2-300x99.jpg 300w, https:\/\/ubanews.com\/site\/wp-content\/uploads\/2018\/08\/ELETRO-SENA-AUTOMOTIVA-2-768x253.jpg 768w\" data-sizes=\"(max-width: 800px) 100vw, 800px\" src=\"data:image\/svg+xml;base64,PHN2ZyB3aWR0aD0iMSIgaGVpZ2h0PSIxIiB4bWxucz0iaHR0cDovL3d3dy53My5vcmcvMjAwMC9zdmciPjwvc3ZnPg==\" style=\"--smush-placeholder-width: 800px; --smush-placeholder-aspect-ratio: 800\/264;\" \/><\/a><\/h2>\n<\/div>\n<div class=\"mc-column content-text active-extra-styles \" data-block-type=\"unstyled\" data-block-weight=\"32\" data-block-id=\"7\">\n<p class=\"content-text__container \" data-track-category=\"Link no Texto\" data-track-links=\"\">A crise econ\u00f4mica no estado e o parcelamento do sal\u00e1rio dos professores foram temas constantes na corrida eleitoral. Os dois propuseram cortar o n\u00famero de secretarias e cargos comissionados para reduzir gastos.<\/p>\n<\/div>\n<div class=\"mc-column content-text active-extra-styles \" data-block-type=\"unstyled\" data-block-weight=\"37\" data-block-id=\"8\">\n<p class=\"content-text__container \" data-track-category=\"Link no Texto\" data-track-links=\"\">Anastasia afirmou que uma de suas prioridades \u00e9 fazer o pagamento do funcionalismo p\u00fablico at\u00e9 o quinto dia \u00fatil. Zema declarou que s\u00f3 ir\u00e1 receber o sal\u00e1rio de governador depois que o pagamento do funcionalismo for regularizado.<\/p>\n<\/div>\n<div class=\"row medium-uncollapsed content-media content-photo\" data-block-type=\"backstage-photo\" data-block-id=\"9\">\n<div class=\"mc-column content-media__container\">\n<div class=\"progressive-img can-open-lightbox\" data-min-size=\"1008x567\" data-min-size-url=\"https:\/\/s2.glbimg.com\/gGN1ROfaReTIy_M8EDAglrtLRH4=\/0x0:1280x720\/1008x0\/smart\/filters:strip_icc()\/i.s3.glbimg.com\/v1\/AUTH_59edd422c0c84a879bd37670ae4f538a\/internal_photos\/bs\/2018\/Q\/2\/Qzbn4aQLqaB9gxhoUpng\/whatsapp-image-2018-10-02-at-21.08.28.jpeg\" data-max-size=\"1600x900\" data-max-size-url=\"https:\/\/s2.glbimg.com\/jBCA__pPjchrUix-hChL-SNWhBQ=\/0x0:1280x720\/1600x0\/smart\/filters:strip_icc()\/i.s3.glbimg.com\/v1\/AUTH_59edd422c0c84a879bd37670ae4f538a\/internal_photos\/bs\/2018\/Q\/2\/Qzbn4aQLqaB9gxhoUpng\/whatsapp-image-2018-10-02-at-21.08.28.jpeg\" data-media-index=\"1\"><picture><img decoding=\"async\" class=\"image content-media__image progressive-loaded\" title=\"Romeu Zema (Novo), candidato ao governo de Minas Gerais \u2014 Foto: Humberto Trajano\/G1\" src=\"https:\/\/s2.glbimg.com\/lLQALJq1DHpdNW76Dlcie4xjjAM=\/0x0:1280x720\/984x0\/smart\/filters:strip_icc()\/i.s3.glbimg.com\/v1\/AUTH_59edd422c0c84a879bd37670ae4f538a\/internal_photos\/bs\/2018\/Q\/2\/Qzbn4aQLqaB9gxhoUpng\/whatsapp-image-2018-10-02-at-21.08.28.jpeg\" alt=\"Romeu Zema (Novo), candidato ao governo de Minas Gerais \u2014 Foto: Humberto Trajano\/G1\" data-src=\"https:\/\/s2.glbimg.com\/lLQALJq1DHpdNW76Dlcie4xjjAM=\/0x0:1280x720\/984x0\/smart\/filters:strip_icc()\/i.s3.glbimg.com\/v1\/AUTH_59edd422c0c84a879bd37670ae4f538a\/internal_photos\/bs\/2018\/Q\/2\/Qzbn4aQLqaB9gxhoUpng\/whatsapp-image-2018-10-02-at-21.08.28.jpeg\"><\/picture><\/div>\n<p class=\"content-media__description \">Romeu Zema (Novo), candidato ao governo de Minas Gerais \u2014 Foto: Humberto Trajano\/G1<\/p>\n<\/div>\n<\/div>\n<div class=\"content-ads content-ads--reveal\" data-block-type=\"ads\" data-block-id=\"10\">\n<div id=\"banner_materia2\" class=\"tag-manager-publicidade-container has-reveal has-ad-lazyload\" data-id=\"banner_materia2\">&nbsp;<\/div>\n<\/div>\n<div class=\"mc-column content-text active-extra-styles\" data-block-type=\"raw\" data-block-weight=\"4\" data-block-id=\"11\">\n<div class=\"content-intertitle\">\n<h2>Propostas de Zema (Novo)<\/h2>\n<\/div>\n<\/div>\n<div class=\"mc-column content-text active-extra-styles \" data-block-type=\"unstyled\" data-block-weight=\"30\" data-block-id=\"12\">\n<p class=\"content-text__container \" data-track-category=\"Link no Texto\" data-track-links=\"\">Durante a campanha, Zema se posicionou a favor do porte de arma. Em rela\u00e7\u00e3o \u00e0 situa\u00e7\u00e3o financeira de Minas, prop\u00f4s enxugar a m\u00e1quina p\u00fablica, fazendo corte de comissionados e secretarias.<\/p>\n<\/div>\n<div class=\"mc-column content-text active-extra-styles \" data-block-type=\"unstyled\" data-block-weight=\"17\" data-block-id=\"13\">\n<p class=\"content-text__container \" data-track-category=\"Link no Texto\" data-track-links=\"\">Outra medida \u00e9 governar com o primeiro escal\u00e3o sem sal\u00e1rios enquanto os servidores n\u00e3o receberem em dia.<\/p>\n<\/div>\n<div class=\"mc-column content-text active-extra-styles \" data-block-type=\"unstyled\" data-block-weight=\"25\" data-block-id=\"14\">\n<p class=\"content-text__container \" data-track-category=\"Link no Texto\" data-track-links=\"\">Na sa\u00fade, disse que pretende fortalecer o atendimento regional. Defendeu privatiza\u00e7\u00f5es das Companhias Energ\u00e9tica de Minas Gerais (Cemig) e de Saneamento de Minas Gerais (Copasa).<\/p>\n<\/div>\n<div class=\"row medium-uncollapsed content-media content-photo\" data-block-type=\"backstage-photo\" data-block-id=\"15\">\n<div class=\"mc-column content-media__container\">\n<div class=\"progressive-img can-open-lightbox\" data-min-size=\"1008x785\" data-min-size-url=\"https:\/\/s2.glbimg.com\/u56pzDXC7h70XmXXcCWNR3xBsOY=\/0x0:1280x998\/1008x0\/smart\/filters:strip_icc()\/i.s3.glbimg.com\/v1\/AUTH_59edd422c0c84a879bd37670ae4f538a\/internal_photos\/bs\/2018\/1\/B\/wNzsExQtKmBJaOsvifZw\/whatsapp-image-2018-10-02-at-21.09.59.jpeg\" data-max-size=\"1600x1247\" data-max-size-url=\"https:\/\/s2.glbimg.com\/aIFs_Vl1KXbUPMSqDwbWjIx0RqA=\/0x0:1280x998\/1600x0\/smart\/filters:strip_icc()\/i.s3.glbimg.com\/v1\/AUTH_59edd422c0c84a879bd37670ae4f538a\/internal_photos\/bs\/2018\/1\/B\/wNzsExQtKmBJaOsvifZw\/whatsapp-image-2018-10-02-at-21.09.59.jpeg\" data-media-index=\"2\"><picture><img decoding=\"async\" class=\"image content-media__image progressive-loaded\" title=\"Antonio Anastasia (PSDB), candidato ao governo de Minas Gerais \u2014 Foto: Raquel Freitas\/G1\" src=\"https:\/\/s2.glbimg.com\/Cj54-eqKMFvp2eKRUj_kwP9I458=\/0x0:1280x998\/984x0\/smart\/filters:strip_icc()\/i.s3.glbimg.com\/v1\/AUTH_59edd422c0c84a879bd37670ae4f538a\/internal_photos\/bs\/2018\/1\/B\/wNzsExQtKmBJaOsvifZw\/whatsapp-image-2018-10-02-at-21.09.59.jpeg\" alt=\"Antonio Anastasia (PSDB), candidato ao governo de Minas Gerais \u2014 Foto: Raquel Freitas\/G1\" data-src=\"https:\/\/s2.glbimg.com\/Cj54-eqKMFvp2eKRUj_kwP9I458=\/0x0:1280x998\/984x0\/smart\/filters:strip_icc()\/i.s3.glbimg.com\/v1\/AUTH_59edd422c0c84a879bd37670ae4f538a\/internal_photos\/bs\/2018\/1\/B\/wNzsExQtKmBJaOsvifZw\/whatsapp-image-2018-10-02-at-21.09.59.jpeg\"><\/picture><\/div>\n<p class=\"content-media__description \">Antonio Anastasia (PSDB), candidato ao governo de Minas Gerais \u2014 Foto: Raquel Freitas\/G1<\/p>\n<\/div>\n<\/div>\n<div class=\"mc-column content-text active-extra-styles\" data-block-type=\"raw\" data-block-weight=\"4\" data-block-id=\"16\">\n<div class=\"content-intertitle\">\n<h2>Propostas de Anastasia (PSDB)<\/h2>\n<\/div>\n<\/div>\n<div class=\"mc-column content-text active-extra-styles \" data-block-type=\"unstyled\" data-block-weight=\"35\" data-block-id=\"17\">\n<p class=\"content-text__container \" data-track-category=\"Link no Texto\" data-track-links=\"\">Para solucionar a situa\u00e7\u00e3o das contas do estado, Anastasia prop\u00f5e cortar secretarias, cargos e privil\u00e9gios, al\u00e9m de atrair empresas. A volta do pagamento do funcionalismo p\u00fablico no 5\u00ba dia \u00fatil tamb\u00e9m est\u00e1 entre as propostas.<\/p>\n<\/div>\n<div class=\"mc-column content-text active-extra-styles \" data-block-type=\"unstyled\" data-block-weight=\"21\" data-block-id=\"18\">\n<p class=\"content-text__container \" data-track-category=\"Link no Texto\" data-track-links=\"\">Na \u00e1rea da sa\u00fade, tem como prioridade a conclus\u00e3o de obras dos hospitais regionais a realiza\u00e7\u00e3o de parcerias com hospitais filantr\u00f3picos.<\/p>\n<\/div>\n<\/div>\n<div data-track-category=\"fim do conteudo\" data-track-action=\"ultimo chunk conteudo\" data-track-noninteraction=\"false\" data-track-scroll=\"entrada completa viewport\">\n<div class=\"mc-column content-text active-extra-styles \" data-block-type=\"unstyled\" data-block-weight=\"26\" data-block-id=\"19\">\n<p class=\"content-text__container \" data-track-category=\"Link no Texto\" data-track-links=\"\">O tucano tamb\u00e9m quer fazer parcerias com o setor privado na \u00e1rea de infraestrutura, mas, em rela\u00e7\u00e3o \u00e0 gest\u00e3o, diz que n\u00e3o pretende privatizar nenhuma estatal.<a href=\"https:\/\/ubanews.com\/site\/wp-content\/uploads\/2018\/09\/Auto-Films-3.jpg\"><img decoding=\"async\" class=\"alignnone size-full wp-image-7740 lazyload\" data-src=\"https:\/\/ubanews.com\/site\/wp-content\/uploads\/2018\/09\/Auto-Films-3.jpg\" alt=\"\" width=\"800\" height=\"200\" data-srcset=\"https:\/\/ubanews.com\/site\/wp-content\/uploads\/2018\/09\/Auto-Films-3.jpg 800w, https:\/\/ubanews.com\/site\/wp-content\/uploads\/2018\/09\/Auto-Films-3-300x75.jpg 300w, https:\/\/ubanews.com\/site\/wp-content\/uploads\/2018\/09\/Auto-Films-3-768x192.jpg 768w\" data-sizes=\"(max-width: 800px) 100vw, 800px\" src=\"data:image\/svg+xml;base64,PHN2ZyB3aWR0aD0iMSIgaGVpZ2h0PSIxIiB4bWxucz0iaHR0cDovL3d3dy53My5vcmcvMjAwMC9zdmciPjwvc3ZnPg==\" style=\"--smush-placeholder-width: 800px; --smush-placeholder-aspect-ratio: 800\/200;\" \/><\/a><\/p>\n<\/div>\n<\/div>\n","protected":false},"excerpt":{"rendered":"","protected":false},"author":2,"featured_media":8068,"comment_status":"open","ping_status":"open","sticky":false,"template":"","format":"standard","meta":{"footnotes":""},"categories":[19],"tags":[],"class_list":["post-8067","post","type-post","status-publish","format-standard","has-post-thumbnail","hentry","category-politica"],"yoast_head":"<!-- This site is optimized with the Yoast SEO plugin v27.2 - https:\/\/yoast.com\/product\/yoast-seo-wordpress\/ -->\n<title>Zema (Novo) e Anastasia (PSDB) disputar\u00e3o 2\u00ba turno - Ub\u00e1 News<\/title>\n<meta name=\"robots\" content=\"index, follow, max-snippet:-1, max-image-preview:large, max-video-preview:-1\" \/>\n<link rel=\"canonical\" href=\"https:\/\/ubanews.com\/site\/2018\/10\/07\/zema-novo-e-anastasia-psdb-disputarao-2o-turno\/\" \/>\n<meta property=\"og:locale\" content=\"pt_BR\" \/>\n<meta property=\"og:type\" content=\"article\" \/>\n<meta property=\"og:title\" content=\"Zema (Novo) e Anastasia (PSDB) disputar\u00e3o 2\u00ba turno - Ub\u00e1 News\" \/>\n<meta property=\"og:url\" content=\"https:\/\/ubanews.com\/site\/2018\/10\/07\/zema-novo-e-anastasia-psdb-disputarao-2o-turno\/\" \/>\n<meta property=\"og:site_name\" content=\"Ub\u00e1 News\" \/>\n<meta property=\"article:publisher\" content=\"https:\/\/www.facebook.com\/Ub%c3%a1News-Carlos-Roberto-Sodr%c3%a9-418778301977370\" \/>\n<meta property=\"article:author\" content=\"https:\/\/www.facebook.com\/carosroberto.sodre.5\/\" \/>\n<meta property=\"article:published_time\" content=\"2018-10-08T00:25:13+00:00\" \/>\n<meta property=\"article:modified_time\" content=\"2018-10-19T13:55:46+00:00\" \/>\n<meta property=\"og:image\" content=\"https:\/\/ubanews.com\/site\/wp-content\/uploads\/2018\/10\/137.jpg\" \/>\n\t<meta property=\"og:image:width\" content=\"800\" \/>\n\t<meta property=\"og:image:height\" content=\"389\" \/>\n\t<meta property=\"og:image:type\" content=\"image\/jpeg\" \/>\n<meta name=\"author\" content=\"Sodr\u00e9\" \/>\n<meta name=\"twitter:card\" content=\"summary_large_image\" \/>\n<meta name=\"twitter:label1\" content=\"Escrito por\" \/>\n\t<meta name=\"twitter:data1\" content=\"Sodr\u00e9\" \/>\n\t<meta name=\"twitter:label2\" content=\"Est. tempo de leitura\" \/>\n\t<meta name=\"twitter:data2\" content=\"2 minutos\" \/>\n<script type=\"application\/ld+json\" class=\"yoast-schema-graph\">{\"@context\":\"https:\/\/schema.org\",\"@graph\":[{\"@type\":\"Article\",\"@id\":\"https:\/\/ubanews.com\/site\/2018\/10\/07\/zema-novo-e-anastasia-psdb-disputarao-2o-turno\/#article\",\"isPartOf\":{\"@id\":\"https:\/\/ubanews.com\/site\/2018\/10\/07\/zema-novo-e-anastasia-psdb-disputarao-2o-turno\/\"},\"author\":{\"name\":\"Sodr\u00e9\",\"@id\":\"https:\/\/ubanews.com\/site\/#\/schema\/person\/d90c9e47252fbb63dcc969fe4c8b9d10\"},\"headline\":\"Zema (Novo) e Anastasia (PSDB) disputar\u00e3o 2\u00ba turno\",\"datePublished\":\"2018-10-08T00:25:13+00:00\",\"dateModified\":\"2018-10-19T13:55:46+00:00\",\"mainEntityOfPage\":{\"@id\":\"https:\/\/ubanews.com\/site\/2018\/10\/07\/zema-novo-e-anastasia-psdb-disputarao-2o-turno\/\"},\"wordCount\":495,\"commentCount\":0,\"publisher\":{\"@id\":\"https:\/\/ubanews.com\/site\/#organization\"},\"image\":{\"@id\":\"https:\/\/ubanews.com\/site\/2018\/10\/07\/zema-novo-e-anastasia-psdb-disputarao-2o-turno\/#primaryimage\"},\"thumbnailUrl\":\"https:\/\/ubanews.com\/site\/wp-content\/uploads\/2018\/10\/137.jpg\",\"articleSection\":[\"Pol\u00edtica\"],\"inLanguage\":\"pt-BR\",\"potentialAction\":[{\"@type\":\"CommentAction\",\"name\":\"Comment\",\"target\":[\"https:\/\/ubanews.com\/site\/2018\/10\/07\/zema-novo-e-anastasia-psdb-disputarao-2o-turno\/#respond\"]}]},{\"@type\":\"WebPage\",\"@id\":\"https:\/\/ubanews.com\/site\/2018\/10\/07\/zema-novo-e-anastasia-psdb-disputarao-2o-turno\/\",\"url\":\"https:\/\/ubanews.com\/site\/2018\/10\/07\/zema-novo-e-anastasia-psdb-disputarao-2o-turno\/\",\"name\":\"Zema (Novo) e Anastasia (PSDB) disputar\u00e3o 2\u00ba turno - Ub\u00e1 News\",\"isPartOf\":{\"@id\":\"https:\/\/ubanews.com\/site\/#website\"},\"primaryImageOfPage\":{\"@id\":\"https:\/\/ubanews.com\/site\/2018\/10\/07\/zema-novo-e-anastasia-psdb-disputarao-2o-turno\/#primaryimage\"},\"image\":{\"@id\":\"https:\/\/ubanews.com\/site\/2018\/10\/07\/zema-novo-e-anastasia-psdb-disputarao-2o-turno\/#primaryimage\"},\"thumbnailUrl\":\"https:\/\/ubanews.com\/site\/wp-content\/uploads\/2018\/10\/137.jpg\",\"datePublished\":\"2018-10-08T00:25:13+00:00\",\"dateModified\":\"2018-10-19T13:55:46+00:00\",\"breadcrumb\":{\"@id\":\"https:\/\/ubanews.com\/site\/2018\/10\/07\/zema-novo-e-anastasia-psdb-disputarao-2o-turno\/#breadcrumb\"},\"inLanguage\":\"pt-BR\",\"potentialAction\":[{\"@type\":\"ReadAction\",\"target\":[\"https:\/\/ubanews.com\/site\/2018\/10\/07\/zema-novo-e-anastasia-psdb-disputarao-2o-turno\/\"]}]},{\"@type\":\"ImageObject\",\"inLanguage\":\"pt-BR\",\"@id\":\"https:\/\/ubanews.com\/site\/2018\/10\/07\/zema-novo-e-anastasia-psdb-disputarao-2o-turno\/#primaryimage\",\"url\":\"https:\/\/ubanews.com\/site\/wp-content\/uploads\/2018\/10\/137.jpg\",\"contentUrl\":\"https:\/\/ubanews.com\/site\/wp-content\/uploads\/2018\/10\/137.jpg\",\"width\":800,\"height\":389},{\"@type\":\"BreadcrumbList\",\"@id\":\"https:\/\/ubanews.com\/site\/2018\/10\/07\/zema-novo-e-anastasia-psdb-disputarao-2o-turno\/#breadcrumb\",\"itemListElement\":[{\"@type\":\"ListItem\",\"position\":1,\"name\":\"Home\",\"item\":\"https:\/\/ubanews.com\/site\/\"},{\"@type\":\"ListItem\",\"position\":2,\"name\":\"Zema (Novo) e Anastasia (PSDB) disputar\u00e3o 2\u00ba turno\"}]},{\"@type\":\"WebSite\",\"@id\":\"https:\/\/ubanews.com\/site\/#website\",\"url\":\"https:\/\/ubanews.com\/site\/\",\"name\":\"Ub\u00e1 News\",\"description\":\"\",\"publisher\":{\"@id\":\"https:\/\/ubanews.com\/site\/#organization\"},\"potentialAction\":[{\"@type\":\"SearchAction\",\"target\":{\"@type\":\"EntryPoint\",\"urlTemplate\":\"https:\/\/ubanews.com\/site\/?s={search_term_string}\"},\"query-input\":{\"@type\":\"PropertyValueSpecification\",\"valueRequired\":true,\"valueName\":\"search_term_string\"}}],\"inLanguage\":\"pt-BR\"},{\"@type\":\"Organization\",\"@id\":\"https:\/\/ubanews.com\/site\/#organization\",\"name\":\"Ub\u00e1 News\",\"url\":\"https:\/\/ubanews.com\/site\/\",\"logo\":{\"@type\":\"ImageObject\",\"inLanguage\":\"pt-BR\",\"@id\":\"https:\/\/ubanews.com\/site\/#\/schema\/logo\/image\/\",\"url\":\"https:\/\/ubanews.com\/site\/wp-content\/uploads\/2018\/01\/logoubanews.png\",\"contentUrl\":\"https:\/\/ubanews.com\/site\/wp-content\/uploads\/2018\/01\/logoubanews.png\",\"width\":261,\"height\":99,\"caption\":\"Ub\u00e1 News\"},\"image\":{\"@id\":\"https:\/\/ubanews.com\/site\/#\/schema\/logo\/image\/\"},\"sameAs\":[\"https:\/\/www.facebook.com\/Ub\u00e1News-Carlos-Roberto-Sodr\u00e9-418778301977370\"]},{\"@type\":\"Person\",\"@id\":\"https:\/\/ubanews.com\/site\/#\/schema\/person\/d90c9e47252fbb63dcc969fe4c8b9d10\",\"name\":\"Sodr\u00e9\",\"image\":{\"@type\":\"ImageObject\",\"inLanguage\":\"pt-BR\",\"@id\":\"https:\/\/secure.gravatar.com\/avatar\/5ba2793f0590b9dbfad3fdec4ee714485b3eef211c9b32ee53d414060454a56c?s=96&d=mm&r=g\",\"url\":\"https:\/\/secure.gravatar.com\/avatar\/5ba2793f0590b9dbfad3fdec4ee714485b3eef211c9b32ee53d414060454a56c?s=96&d=mm&r=g\",\"contentUrl\":\"https:\/\/secure.gravatar.com\/avatar\/5ba2793f0590b9dbfad3fdec4ee714485b3eef211c9b32ee53d414060454a56c?s=96&d=mm&r=g\",\"caption\":\"Sodr\u00e9\"},\"sameAs\":[\"https:\/\/www.facebook.com\/carosroberto.sodre.5\/\"],\"url\":\"https:\/\/ubanews.com\/site\/author\/felipe\/\"}]}<\/script>\n<!-- \/ Yoast SEO plugin. -->","yoast_head_json":{"title":"Zema (Novo) e Anastasia (PSDB) disputar\u00e3o 2\u00ba turno - Ub\u00e1 News","robots":{"index":"index","follow":"follow","max-snippet":"max-snippet:-1","max-image-preview":"max-image-preview:large","max-video-preview":"max-video-preview:-1"},"canonical":"https:\/\/ubanews.com\/site\/2018\/10\/07\/zema-novo-e-anastasia-psdb-disputarao-2o-turno\/","og_locale":"pt_BR","og_type":"article","og_title":"Zema (Novo) e Anastasia (PSDB) disputar\u00e3o 2\u00ba turno - Ub\u00e1 News","og_url":"https:\/\/ubanews.com\/site\/2018\/10\/07\/zema-novo-e-anastasia-psdb-disputarao-2o-turno\/","og_site_name":"Ub\u00e1 News","article_publisher":"https:\/\/www.facebook.com\/Ub%c3%a1News-Carlos-Roberto-Sodr%c3%a9-418778301977370","article_author":"https:\/\/www.facebook.com\/carosroberto.sodre.5\/","article_published_time":"2018-10-08T00:25:13+00:00","article_modified_time":"2018-10-19T13:55:46+00:00","og_image":[{"width":800,"height":389,"url":"https:\/\/ubanews.com\/site\/wp-content\/uploads\/2018\/10\/137.jpg","type":"image\/jpeg"}],"author":"Sodr\u00e9","twitter_card":"summary_large_image","twitter_misc":{"Escrito por":"Sodr\u00e9","Est. tempo de leitura":"2 minutos"},"schema":{"@context":"https:\/\/schema.org","@graph":[{"@type":"Article","@id":"https:\/\/ubanews.com\/site\/2018\/10\/07\/zema-novo-e-anastasia-psdb-disputarao-2o-turno\/#article","isPartOf":{"@id":"https:\/\/ubanews.com\/site\/2018\/10\/07\/zema-novo-e-anastasia-psdb-disputarao-2o-turno\/"},"author":{"name":"Sodr\u00e9","@id":"https:\/\/ubanews.com\/site\/#\/schema\/person\/d90c9e47252fbb63dcc969fe4c8b9d10"},"headline":"Zema (Novo) e Anastasia (PSDB) disputar\u00e3o 2\u00ba turno","datePublished":"2018-10-08T00:25:13+00:00","dateModified":"2018-10-19T13:55:46+00:00","mainEntityOfPage":{"@id":"https:\/\/ubanews.com\/site\/2018\/10\/07\/zema-novo-e-anastasia-psdb-disputarao-2o-turno\/"},"wordCount":495,"commentCount":0,"publisher":{"@id":"https:\/\/ubanews.com\/site\/#organization"},"image":{"@id":"https:\/\/ubanews.com\/site\/2018\/10\/07\/zema-novo-e-anastasia-psdb-disputarao-2o-turno\/#primaryimage"},"thumbnailUrl":"https:\/\/ubanews.com\/site\/wp-content\/uploads\/2018\/10\/137.jpg","articleSection":["Pol\u00edtica"],"inLanguage":"pt-BR","potentialAction":[{"@type":"CommentAction","name":"Comment","target":["https:\/\/ubanews.com\/site\/2018\/10\/07\/zema-novo-e-anastasia-psdb-disputarao-2o-turno\/#respond"]}]},{"@type":"WebPage","@id":"https:\/\/ubanews.com\/site\/2018\/10\/07\/zema-novo-e-anastasia-psdb-disputarao-2o-turno\/","url":"https:\/\/ubanews.com\/site\/2018\/10\/07\/zema-novo-e-anastasia-psdb-disputarao-2o-turno\/","name":"Zema (Novo) e Anastasia (PSDB) disputar\u00e3o 2\u00ba turno - Ub\u00e1 News","isPartOf":{"@id":"https:\/\/ubanews.com\/site\/#website"},"primaryImageOfPage":{"@id":"https:\/\/ubanews.com\/site\/2018\/10\/07\/zema-novo-e-anastasia-psdb-disputarao-2o-turno\/#primaryimage"},"image":{"@id":"https:\/\/ubanews.com\/site\/2018\/10\/07\/zema-novo-e-anastasia-psdb-disputarao-2o-turno\/#primaryimage"},"thumbnailUrl":"https:\/\/ubanews.com\/site\/wp-content\/uploads\/2018\/10\/137.jpg","datePublished":"2018-10-08T00:25:13+00:00","dateModified":"2018-10-19T13:55:46+00:00","breadcrumb":{"@id":"https:\/\/ubanews.com\/site\/2018\/10\/07\/zema-novo-e-anastasia-psdb-disputarao-2o-turno\/#breadcrumb"},"inLanguage":"pt-BR","potentialAction":[{"@type":"ReadAction","target":["https:\/\/ubanews.com\/site\/2018\/10\/07\/zema-novo-e-anastasia-psdb-disputarao-2o-turno\/"]}]},{"@type":"ImageObject","inLanguage":"pt-BR","@id":"https:\/\/ubanews.com\/site\/2018\/10\/07\/zema-novo-e-anastasia-psdb-disputarao-2o-turno\/#primaryimage","url":"https:\/\/ubanews.com\/site\/wp-content\/uploads\/2018\/10\/137.jpg","contentUrl":"https:\/\/ubanews.com\/site\/wp-content\/uploads\/2018\/10\/137.jpg","width":800,"height":389},{"@type":"BreadcrumbList","@id":"https:\/\/ubanews.com\/site\/2018\/10\/07\/zema-novo-e-anastasia-psdb-disputarao-2o-turno\/#breadcrumb","itemListElement":[{"@type":"ListItem","position":1,"name":"Home","item":"https:\/\/ubanews.com\/site\/"},{"@type":"ListItem","position":2,"name":"Zema (Novo) e Anastasia (PSDB) disputar\u00e3o 2\u00ba turno"}]},{"@type":"WebSite","@id":"https:\/\/ubanews.com\/site\/#website","url":"https:\/\/ubanews.com\/site\/","name":"Ub\u00e1 News","description":"","publisher":{"@id":"https:\/\/ubanews.com\/site\/#organization"},"potentialAction":[{"@type":"SearchAction","target":{"@type":"EntryPoint","urlTemplate":"https:\/\/ubanews.com\/site\/?s={search_term_string}"},"query-input":{"@type":"PropertyValueSpecification","valueRequired":true,"valueName":"search_term_string"}}],"inLanguage":"pt-BR"},{"@type":"Organization","@id":"https:\/\/ubanews.com\/site\/#organization","name":"Ub\u00e1 News","url":"https:\/\/ubanews.com\/site\/","logo":{"@type":"ImageObject","inLanguage":"pt-BR","@id":"https:\/\/ubanews.com\/site\/#\/schema\/logo\/image\/","url":"https:\/\/ubanews.com\/site\/wp-content\/uploads\/2018\/01\/logoubanews.png","contentUrl":"https:\/\/ubanews.com\/site\/wp-content\/uploads\/2018\/01\/logoubanews.png","width":261,"height":99,"caption":"Ub\u00e1 News"},"image":{"@id":"https:\/\/ubanews.com\/site\/#\/schema\/logo\/image\/"},"sameAs":["https:\/\/www.facebook.com\/Ub\u00e1News-Carlos-Roberto-Sodr\u00e9-418778301977370"]},{"@type":"Person","@id":"https:\/\/ubanews.com\/site\/#\/schema\/person\/d90c9e47252fbb63dcc969fe4c8b9d10","name":"Sodr\u00e9","image":{"@type":"ImageObject","inLanguage":"pt-BR","@id":"https:\/\/secure.gravatar.com\/avatar\/5ba2793f0590b9dbfad3fdec4ee714485b3eef211c9b32ee53d414060454a56c?s=96&d=mm&r=g","url":"https:\/\/secure.gravatar.com\/avatar\/5ba2793f0590b9dbfad3fdec4ee714485b3eef211c9b32ee53d414060454a56c?s=96&d=mm&r=g","contentUrl":"https:\/\/secure.gravatar.com\/avatar\/5ba2793f0590b9dbfad3fdec4ee714485b3eef211c9b32ee53d414060454a56c?s=96&d=mm&r=g","caption":"Sodr\u00e9"},"sameAs":["https:\/\/www.facebook.com\/carosroberto.sodre.5\/"],"url":"https:\/\/ubanews.com\/site\/author\/felipe\/"}]}},"_links":{"self":[{"href":"https:\/\/ubanews.com\/site\/wp-json\/wp\/v2\/posts\/8067","targetHints":{"allow":["GET"]}}],"collection":[{"href":"https:\/\/ubanews.com\/site\/wp-json\/wp\/v2\/posts"}],"about":[{"href":"https:\/\/ubanews.com\/site\/wp-json\/wp\/v2\/types\/post"}],"author":[{"embeddable":true,"href":"https:\/\/ubanews.com\/site\/wp-json\/wp\/v2\/users\/2"}],"replies":[{"embeddable":true,"href":"https:\/\/ubanews.com\/site\/wp-json\/wp\/v2\/comments?post=8067"}],"version-history":[{"count":0,"href":"https:\/\/ubanews.com\/site\/wp-json\/wp\/v2\/posts\/8067\/revisions"}],"wp:featuredmedia":[{"embeddable":true,"href":"https:\/\/ubanews.com\/site\/wp-json\/wp\/v2\/media\/8068"}],"wp:attachment":[{"href":"https:\/\/ubanews.com\/site\/wp-json\/wp\/v2\/media?parent=8067"}],"wp:term":[{"taxonomy":"category","embeddable":true,"href":"https:\/\/ubanews.com\/site\/wp-json\/wp\/v2\/categories?post=8067"},{"taxonomy":"post_tag","embeddable":true,"href":"https:\/\/ubanews.com\/site\/wp-json\/wp\/v2\/tags?post=8067"}],"curies":[{"name":"wp","href":"https:\/\/api.w.org\/{rel}","templated":true}]}}